{"id":244360,"date":"2023-08-04T09:41:53","date_gmt":"2023-08-04T12:41:53","guid":{"rendered":"https:\/\/franciscanos.org.br\/noticias\/?p=244360"},"modified":"2023-08-04T10:21:21","modified_gmt":"2023-08-04T13:21:21","slug":"papa-transformar-tudo-em-amor-concreto-sem-asco-da-pobreza-dos-outros","status":"publish","type":"post","link":"https:\/\/franciscanos.org.br\/noticias\/papa-transformar-tudo-em-amor-concreto-sem-asco-da-pobreza-dos-outros.html","title":{"rendered":"Papa: transformar tudo em amor concreto, sem &#8220;asco da pobreza dos outros&#8221;"},"content":{"rendered":"<div id=\"attachment_244361\" style=\"width: 1290px\" class=\"wp-caption alignnone\"><img aria-describedby=\"caption-attachment-244361\" loading=\"lazy\" class=\"wp-image-244361 size-full\" src=\"https:\/\/franciscanos.org.br\/noticias\/wp-content\/uploads\/2023\/08\/jmj_0408.jpg\" alt=\"\" width=\"1280\" height=\"720\" srcset=\"https:\/\/franciscanos.org.br\/noticias\/wp-content\/uploads\/2023\/08\/jmj_0408.jpg 1280w, https:\/\/franciscanos.org.br\/noticias\/wp-content\/uploads\/2023\/08\/jmj_0408-450x253.jpg 450w, https:\/\/franciscanos.org.br\/noticias\/wp-content\/uploads\/2023\/08\/jmj_0408-1024x576.jpg 1024w, https:\/\/franciscanos.org.br\/noticias\/wp-content\/uploads\/2023\/08\/jmj_0408-768x432.jpg 768w, https:\/\/franciscanos.org.br\/noticias\/wp-content\/uploads\/2023\/08\/jmj_0408-150x84.jpg 150w\" sizes=\"(max-width: 1280px) 100vw, 1280px\" \/><p id=\"caption-attachment-244361\" class=\"wp-caption-text\"><em>Imagem: site oficial da JMJ Lisboa 2023<\/em><\/p><\/div>\n<p>Num dos bairros mais pobres da periferia de Lisboa, o Serafina, fica a Par\u00f3quia de S\u00e3o Vicente de Paulo que recebeu o Papa Francisco nesta sexta-feira (4), terceiro dia da viagem apost\u00f3lica em terras portuguesas. No Centro Social Paroquial, acostumado a acolher cerca de 800 pessoas para oferecer servi\u00e7os sociais dos mais diversos, desde o ber\u00e7\u00e1rio at\u00e9 o apoio \u00e0s fam\u00edlias, o Pont\u00edfice proferiu um discurso ap\u00f3s conhecer a realidade vivida inclusive por outras duas obras assistenciais: as associa\u00e7\u00f5es de Pais e Amigos de Crian\u00e7as com C\u00e2ncer &#8216;Acreditar&#8217; e a de Solidariedade Social &#8216;Ajuda de Ber\u00e7o&#8217;.<\/p>\n<p>O Papa come\u00e7ou agradecendo pelo testemunho das tr\u00eas entidades que procuram promover a caridade, &#8220;origem e meta do caminho crist\u00e3o&#8221;, atrav\u00e9s da &#8220;realidade concreta de \u00abamor em a\u00e7\u00e3o\u00bb&#8221;. Assim, destacou tr\u00eas aspectos comuns \u00e0 realidade vivida por quem ajuda o pr\u00f3ximo: &#8220;fazer juntos o bem, agir no concreto e estar pr\u00f3ximo dos mais fr\u00e1geis&#8221;.<\/p>\n<p><strong>Fazer juntos o bem<\/strong><br \/>\nPrimeiro, Francisco abordou o &#8220;fazer juntos o bem&#8221;, tendo o \u00abjuntos\u00bb como palavra-chave, j\u00e1 que o Pont\u00edfice ouviu repetidas vezes durante os testemunhos, inclusive de Jo\u00e3o, da Associa\u00e7\u00e3o Acreditar, quando falou da sua experi\u00eancia com crian\u00e7as com c\u00e2ncer e suas fam\u00edlias: &#8220;\u00e9 preciso n\u00e3o se deixar \u00abdefinir\u00bb pela doen\u00e7a&#8221;.<\/p>\n<p>&#8220;\u00c9 verdade! N\u00e3o devemos deixar-nos \u00abdefinir\u00bb pela doen\u00e7a ou pelos problemas, porque n\u00f3s n\u00e3o somos uma doen\u00e7a, n\u00e3o somos um problema. Cada um de n\u00f3s \u00e9 um presente, \u00e9 um dom, um dom \u00fanico com os seus limites, mas um dom precioso e sagrado para Deus, para a comunidade crist\u00e3 e para a comunidade humana. E, assim como somos, enriquecemos o conjunto e deixamo-nos enriquecer pelo conjunto!&#8221;<\/p>\n<p><strong>Agir concretamente junto aos mais fr\u00e1geis<\/strong><br \/>\nEm seguida, para comentar sobre o &#8220;agir no concreto&#8221;, o Papa buscou as palavras do testemunho do Pe. Francisco, do Centro Social Paroquial, que, inspirado em S\u00e3o Jo\u00e3o XXIII, citou o fontan\u00e1rio para descrever a cultura do cuidado dirigida a quem procura a entidade. E acrescentou que, &#8220;quando n\u00e3o se perde tempo a lamentar-se da realidade, mas se tem a preocupa\u00e7\u00e3o de ir ao encontro das car\u00eancias concretas, com alegria e confian\u00e7a na Provid\u00eancia, acontecem coisas maravilhosas&#8221;.<\/p>\n<p>Por fim, o terceiro aspecto que o Papa destacou em discurso entregue aos presentes \u00e9 o de estar &#8220;pr\u00f3ximo dos mais fr\u00e1geis&#8221;, especialmente de quem mais precisa: &#8220;os exclu\u00eddos, os marginalizados, os descartados, os humildes, os indefesos. S\u00e3o eles o tesouro da Igreja, s\u00e3o os preferidos de Deus!&#8221;.<\/p>\n<p><strong>A import\u00e2ncia do amor concreto<\/strong><br \/>\nMas, ao improvisar, j\u00e1 que &#8220;meus refletores n\u00e3o est\u00e3o funcionando e n\u00e3o consigo ler direito&#8221;, disse o Papa aos presentes se referindo \u00e0 vista que n\u00e3o queria for\u00e7ar, se deteve em algo que n\u00e3o estava escrito, mas que estava no esp\u00edrito do encontro: o amor concreto.<\/p>\n<p>&#8220;N\u00e3o existe amor abstrato, n\u00e3o existe. O amor plat\u00f4nico est\u00e1 em \u00f3rbita, n\u00e3o est\u00e1 na realidade. O amor concreto, aquele que suja as m\u00e3os&#8230; E cada um de n\u00f3s pode se perguntar: o amor que eu sinto por todos aqui, o que sinto pelos outros, \u00e9 concreto ou abstrato? Eu, quando estendo a m\u00e3o a uma pessoa necessitada, a um doente, a uma pessoa marginalizada, depois de estender a m\u00e3o, fa\u00e7o isso em seguida (limpando), para que n\u00e3o me &#8216;contagie&#8217;? Tenho asco de pobreza, da pobreza dos outros? Procuro sempre a vida destilada, aquela que existe na minha fantasia, mas que n\u00e3o existe na realidade? Quantas vidas destiladas in\u00fateis, que passam pela vida sem deixar marca, porque sua vida n\u00e3o tem peso!&#8221;<\/p>\n<p>Uma marca que, o Papa enalteceu em discurso improvisado, foi representada pelas tr\u00eas entidades assistenciais apresentadas no encontro e que serve de &#8220;inspira\u00e7\u00e3o aos outros. N\u00e3o poderia existir uma Jornada Mundial da Juventude sem levar em conta essa realidade, porque isso tamb\u00e9m \u00e9 juventude no sentido de que voc\u00eas geram continuamente vida nova&#8221;. E o fazem, concluiu Francisco, sujando as m\u00e3os &#8220;ao tocar a realidade e a mis\u00e9ria dos outros&#8221;, gerando inspira\u00e7\u00e3o e vida: &#8220;obrigado por isso. Eu lhes agrade\u00e7o do fundo do meu cora\u00e7\u00e3o&#8221;.<\/p>\n<p>\u201cSigam adiante e n\u00e3o desanimem! E se desanimarem, tomem um copo de \u00e1gua e sigam adiante!\u201d<\/p>\n<p><strong>O exemplo do portugu\u00eas Jo\u00e3o de Deus<\/strong><br \/>\nNo discurso entregue, Francisco ainda trouxe a hist\u00f3ria de Jo\u00e3o de Deus (1495-1550), um portugu\u00eas que, ao encontrar Jesus, decidiu pedir esmola pelas ruas, dizendo \u00e0s pessoas: \u00abFazei bem, irm\u00e3os, a v\u00f3s mesmos!\u00bb. &#8220;Compreendem isso?&#8221;, questionou o Papa, ele &#8220;pedia a esmola, mas dizia a quem lhe dava que, ajudando ele, na realidade estava ajudando a si pr\u00f3prio!&#8221;. Assim o Pont\u00edfice explicou a import\u00e2ncia dos gestos de amor por quem os faz, antes mesmo por quem os recebe, &#8220;porque dilata o cora\u00e7\u00e3o e permite abra\u00e7ar o sentido da vida&#8221;<\/p>\n<p>Jo\u00e3o de Deus chegou a fundar a Ordem Religiosa dos Irm\u00e3os Hospitaleiros para se doar ao servi\u00e7o dos pobres e doentes. &#8220;Ajudar os outros \u00e9 um dom para si pr\u00f3prio e faz bem a todos&#8221;, acrescentou Francisco, pedindo que todos se recordem que &#8220;o amor \u00e9 um presente para todos!&#8221;.<br \/>\n&#8220;Se queremos ser verdadeiramente felizes, aprendamos a transformar tudo em amor, oferecendo aos outros o nosso trabalho e o nosso tempo, dizendo palavras edificantes e realizando boas a\u00e7\u00f5es, mesmo com um sorriso, com um abra\u00e7o, com a escuta, com o olhar. Queridos adolescentes, irm\u00e3os e irm\u00e3s, vivamos assim! Todos podemos faz\u00ea-lo e disto mesmo todos precisamos, aqui e em qualquer lugar do mundo.&#8221;<\/p>\n<hr \/>\n<div id=\"attachment_244362\" style=\"width: 1290px\" class=\"wp-caption alignnone\"><img aria-describedby=\"caption-attachment-244362\" loading=\"lazy\" class=\"wp-image-244362 size-full\" src=\"https:\/\/franciscanos.org.br\/noticias\/wp-content\/uploads\/2023\/08\/jmj_0408_2.jpg\" alt=\"\" width=\"1280\" height=\"777\" srcset=\"https:\/\/franciscanos.org.br\/noticias\/wp-content\/uploads\/2023\/08\/jmj_0408_2.jpg 1280w, https:\/\/franciscanos.org.br\/noticias\/wp-content\/uploads\/2023\/08\/jmj_0408_2-450x273.jpg 450w, https:\/\/franciscanos.org.br\/noticias\/wp-content\/uploads\/2023\/08\/jmj_0408_2-1024x622.jpg 1024w, https:\/\/franciscanos.org.br\/noticias\/wp-content\/uploads\/2023\/08\/jmj_0408_2-768x466.jpg 768w, https:\/\/franciscanos.org.br\/noticias\/wp-content\/uploads\/2023\/08\/jmj_0408_2-150x91.jpg 150w\" sizes=\"(max-width: 1280px) 100vw, 1280px\" \/><p id=\"caption-attachment-244362\" class=\"wp-caption-text\"><em>Imagem: site oficial da JMJ Lisboa 2023<\/em><\/p><\/div>\n<h2>Papa conhece o trabalho pela defesa da vida de tr\u00eas centros assistenciais de Lisboa<\/h2>\n<p>Atrav\u00e9s de tr\u00eas centros assistenciais que atendem desde beb\u00eas a crian\u00e7as e adolescentes com necessidades especiais, econ\u00f4micas e de sa\u00fade, Lisboa procurou apresentar ao Papa Francisco o trabalho desenvolvido com os mais vulner\u00e1veis na capital portuguesa. O encontro aconteceu na manh\u00e3 desta sexta-feira (4) na Par\u00f3quia de S\u00e3o Vicente de Paulo, do bairro de Serafina, um dos mais problem\u00e1ticos da periferia.<\/p>\n<p>O p\u00e1roco e tamb\u00e9m diretor do Centro Social Paroquial foi quem come\u00e7ou o giro de apresenta\u00e7\u00f5es em nome das entidades reunidas. Em discurso, o c\u00f4nego Francisco Crespo agradeceu a presen\u00e7a do Papa, um gesto que os &#8220;enche de grande alegria e anima a fazer sempre mais e melhor por aqueles que precisam de apoio e do amor de Cristo&#8221;.<\/p>\n<p><strong>O esfor\u00e7o di\u00e1rio do Centro Social Paroquial<\/strong><br \/>\nAo contar a hist\u00f3ria da obra de assist\u00eancia do bairro de Serafina, Pe. Francisco disse que &#8220;a Par\u00f3quia e o Centro Social nasceram no mesmo ano de 1959, apenas com dois meses de intervalo&#8221;, por intui\u00e7\u00e3o do primeiro p\u00e1roco, o Padre Jos\u00e9 Gallea: &#8220;para evangelizar esta popula\u00e7\u00e3o&#8221;, ele sabia que &#8220;teria que tocar a realidade concreta da sua gente, desprotegida de direitos e de meios essenciais para levarem uma vida digna e justa&#8221;. E Pe. Francisco acrescentou:<\/p>\n<p>&#8220;Tamb\u00e9m a mim, ao chegar a esta par\u00f3quia, me impressionou tanta manifesta\u00e7\u00e3o de pobreza, mas sobretudo o olhar triste e vazio dos idosos sentados nas ruas. Paulatinamente, com todo o esfor\u00e7o de uma comunidade de bra\u00e7os arrega\u00e7ados, a ajuda de alguns benfeitores e apoios estatais, fomos agregando m\u00faltiplas respostas sociais, \u00e0s necessidades da popula\u00e7\u00e3o.&#8221;<\/p>\n<p>Hoje, o Centro Social Paroquial de S\u00e3o Vicente de Paulo atende quase 800 pessoa e d\u00e1 emprego a mais de 170 funcion\u00e1rios ao oferecer servi\u00e7os, como: ber\u00e7\u00e1rio, creche, centro juvenil, Lar Residencial para Idosos e apoio \u00e0s fam\u00edlias. &#8220;Procuramos fazer crescer o amor por cada pessoa&#8221;, contou ainda ao Papa o p\u00e1roco, atrav\u00e9s da cultura do cuidado, &#8220;aplicando a express\u00e3o do Papa S\u00e3o Jo\u00e3o XXIII: &#8216;a par\u00f3quia \u00e9 o fontan\u00e1rio da aldeia onde todos v\u00e3o beber&#8217;\u201d.<\/p>\n<p><strong>Ajuda de Ber\u00e7o fundada pela defesa da vida<\/strong><br \/>\nA Associa\u00e7\u00e3o de Solidariedade Social &#8216;Ajuda de Ber\u00e7o&#8217; tamb\u00e9m apresentou a sua hist\u00f3ria ao Papa, &#8220;uma casa de acolhimento para crian\u00e7as abandonadas ou em risco&#8221;, fundada h\u00e1 25 anos no contexto dos movimentos de defesa da vida e das campanhas do referendo do aborto de 1998:<\/p>\n<p>&#8220;Moveu-nos oferecer uma alternativa aos homens e mulheres tentados a abortar os seus filhos ou que n\u00e3o os conseguem cuidar. At\u00e9 hoje, j\u00e1 acolhemos 452 crian\u00e7as que depois de viverem conosco encontraram um projeto de vida seguro e definitivo. Para uns foi o regresso \u00e0 fam\u00edlia, para outros, a ado\u00e7\u00e3o ou outras casas de acolhimento. Duas delas acompanham-nos do C\u00e9u.&#8221;<\/p>\n<p>A casa de Lisboa acolhe durante as 24h do dia 40 crian\u00e7as &#8211; entre os poucos dias de vida e os 13 anos de idade &#8211; que s\u00e3o entregues pelo governo de Portugal. Um empenho pela defesa da vida inspirada no magist\u00e9rio do pr\u00f3prio Papa Francisco, de seus predecessores e da Igreja em Lisboa, que t\u00eam &#8220;animado, confortado e confirmado&#8221; o trabalho di\u00e1rio da &#8216;Ajuda de Ber\u00e7o&#8217;. O apoio \u00e0 entidade tamb\u00e9m vem &#8220;por crentes de diversas confiss\u00f5es e homens de boa vontade que n\u00e3o professam nenhuma religi\u00e3o&#8221;.<\/p>\n<p>A esperan\u00e7a \u00e0s crian\u00e7as com c\u00e2ncer da Associa\u00e7\u00e3o Acreditar<br \/>\nPor fim, o Papa tamb\u00e9m conheceu a realidade vivida pela Associa\u00e7\u00e3o de Pais e Amigos de Crian\u00e7as com C\u00e2ncer &#8216;Acreditar&#8217;. A entidade h\u00e1 30 anos &#8220;fomenta a esperan\u00e7a na cura e tenta minorar o sofrimento durante os tratamentos, na sobreviv\u00eancia e nas fam\u00edlias cujos filhos n\u00e3o sobrevivem&#8221;:<\/p>\n<p>&#8220;Damos apoio emocional, psicol\u00f3gico, material e escolar, e acolhemos nas nossas Casas quem vive longe do hospital. A nossa miss\u00e3o \u00e9 estar com todas as crian\u00e7as e jovens, procurando que o c\u00e2ncer nunca os defina e que a evolu\u00e7\u00e3o da cura e a melhor qualidade de vida sejam uma realidade. Sabemos que nos fortalecemos nas vidas partilhadas e na defesa dos direitos, por isso criamos elos entre os sobreviventes, doentes e pais para que, com esperan\u00e7a, nunca se sintam s\u00f3s.&#8221;<\/p>\n<hr \/>\n<p><em>Fonte: Vatican News (texto de Andressa Collet),<\/em><\/p>\n<hr \/>\n<div id=\"attachment_244363\" style=\"width: 1290px\" class=\"wp-caption alignnone\"><img aria-describedby=\"caption-attachment-244363\" loading=\"lazy\" class=\"wp-image-244363 size-full\" src=\"https:\/\/franciscanos.org.br\/noticias\/wp-content\/uploads\/2023\/08\/jmj_0408_3.jpg\" alt=\"\" width=\"1280\" height=\"854\" srcset=\"https:\/\/franciscanos.org.br\/noticias\/wp-content\/uploads\/2023\/08\/jmj_0408_3.jpg 1280w, https:\/\/franciscanos.org.br\/noticias\/wp-content\/uploads\/2023\/08\/jmj_0408_3-450x300.jpg 450w, https:\/\/franciscanos.org.br\/noticias\/wp-content\/uploads\/2023\/08\/jmj_0408_3-1024x683.jpg 1024w, https:\/\/franciscanos.org.br\/noticias\/wp-content\/uploads\/2023\/08\/jmj_0408_3-768x512.jpg 768w, https:\/\/franciscanos.org.br\/noticias\/wp-content\/uploads\/2023\/08\/jmj_0408_3-150x100.jpg 150w\" sizes=\"(max-width: 1280px) 100vw, 1280px\" \/><p id=\"caption-attachment-244363\" class=\"wp-caption-text\"><em>Imagem: site oficial da JMJ Lisboa 2023<\/em><\/p><\/div>\n<h2>Papa a jovens da JMJ: sejam estes dias ecos vibrantes do chamado amoroso de Deus<\/h2>\n<p><em>Nesta Jornada Mundial da Juventude, sejam estes dias ecos vibrantes do chamado amoroso de Deus, porque somos preciosos a seus olhos. Sejam dias em que o teu nome, atrav\u00e9s de irm\u00e3os e irm\u00e3s de muitas l\u00ednguas e na\u00e7\u00f5es que o pronunciam com amizade, ressoe como uma not\u00edcia \u00fanica na hist\u00f3ria, porque \u00fanico \u00e9 o pulsar do cora\u00e7\u00e3o de Deus por ti. Este \u00e9 o ponto de partida da JMJ, mas sobretudo da vida: disse Francisco no primeiro momento de encontro entre os jovens e o Papa, na cerim\u00f4nia de Acolhimento.<\/em><\/p>\n<p>Somos todos chamados pelo Senhor, chamados porque amados. Chamemo-nos pelo nome e lembremos uns aos outros a beleza de ser amados e preciosos, conscientes de que Deus nos ama como somos, com nossas fraquezas e nossos limites, e de que a Igreja nos acolhe a todos, todos.<\/p>\n<p>Com essas palavras, Francisco desejou uma feliz JMJ aos jovens presentes naquele que foi o primeiro momento de encontro entre eles e o Papa, na cerim\u00f4nia de Acolhimento realizada no Parque Eduardo VII em Lisboa esta quinta-feira, 3 de agosto. O evento reuniu meio milh\u00e3o de pessoas.<\/p>\n<p><strong>Igreja jovem a caminho com o Sucessor de Pedro<\/strong><br \/>\nTratou-se de um evento com um car\u00e1ter festivo e de encontro que, mantendo a dimens\u00e3o de ora\u00e7\u00e3o, quis mostrar a Igreja jovem que se coloca a caminho com o Sucessor de Pedro rumo \u00e0 constru\u00e7\u00e3o de uma sociedade mais fraterna.<\/p>\n<p>O Santo Padre deu as boas-vindas aos jovens e agradeceu-lhes a presen\u00e7a. \u00c9 bom estarmos juntos em Lisboa, disse, aqui fostes chamados por mim, pelo Patriarca, pelos vossos Bispos, sacerdotes, catequistas e animadores. Mas foi sobretudo Jesus quem vos chamou, ressaltou. O Senhor chamou-vos, n\u00e3o s\u00f3 nestes dias, mas desde o in\u00edcio dos vossos dias. Sim, Ele chamou-vos pelo nome. Chamados pelo nome.<\/p>\n<p><strong>Chamados, porque amados<\/strong><br \/>\nEm seu discurso, o Pont\u00edfice desenvolveu sua reflex\u00e3o a partir deste chamado de Deus: chamados, porque amados, enfatizou. Aos olhos de Deus somos filhos preciosos, que Ele cada dia chama para abra\u00e7ar e encorajar; para fazer de cada um de n\u00f3s uma obra-prima \u00fanica e original, cuja beleza mal conseguimos vislumbrar.<\/p>\n<p>Nesta Jornada Mundial da Juventude, ajudemo-nos a reconhecer esta realidade essencial: sejam estes dias ecos vibrantes do chamado amoroso de Deus, porque somos preciosos a seus olhos, apesar do que \u00e0s vezes os nossos olhos veem, enevoados pela negatividade e ofuscados por tantas distra\u00e7\u00f5es. Sejam dias em que o teu nome, atrav\u00e9s de irm\u00e3os e irm\u00e3s de muitas l\u00ednguas e na\u00e7\u00f5es que o pronunciam com amizade, ressoe como uma not\u00edcia \u00fanica na hist\u00f3ria, porque \u00fanico \u00e9 o pulsar do cora\u00e7\u00e3o de Deus por ti. Sejam dias para fixar no cora\u00e7\u00e3o que somos amados tal como somos. Este \u00e9 o ponto de partida da JMJ, mas sobretudo da vida.<\/p>\n<p><strong>Para Deus n\u00e3o \u00e9s um n\u00famero, mas um rosto<\/strong><br \/>\nAmigo, amiga, prosseguiu o Papa, se Deus te chama pelo nome significa que, para Ele, n\u00e3o \u00e9s um n\u00famero, mas um rosto. Quero fazer-te notar uma coisa: muitos, hoje, sabem o teu nome, mas n\u00e3o te chamam pelo nome. Com efeito, o teu nome \u00e9 conhecido, aparece nas redes sociais, \u00e9 processado por algoritmos que lhe associam gostos e prefer\u00eancias. Mas tudo isso n\u00e3o interpela a tua singularidade, mas a tua utilidade para pesquisas de mercado. Quantos lobos se escondem por tr\u00e1s de sorrisos de falsa bondade, dizendo que conhecem quem \u00e9s, mas sem te querer bem, insinuando que creem em ti e prometendo que ser\u00e1s algu\u00e9m, para depois te deixarem sozinho, quando j\u00e1 n\u00e3o lhes fores \u00fatil.<\/p>\n<p>S\u00e3o as ilus\u00f5es do mundo virtual, advertiu Francisco, e devemos estar atentos para n\u00e3o nos deixarmos enganar, porque muitas realidades que nos atraem e prometem felicidade mostram-se depois pelo que s\u00e3o: coisas v\u00e3s, sup\u00e9rfluas, substitutos que deixam o vazio interior. Jesus, n\u00e3o! Ele tem confian\u00e7a em ti, para Ele tu contas.<\/p>\n<p><strong>Todos pecadores, por\u00e9m chamados assim como somos<\/strong><br \/>\nDito isso, o Santo Padre enfatizou que n\u00f3s, a Igreja de Jesus, somos a comunidade dos que s\u00e3o chamados: n\u00e3o somos a comunidade dos melhores, n\u00e3o, somos todos pecadores, por\u00e9m somos chamados assim como somos.<\/p>\n<p>Pensemos um pouco nisso em nosso cora\u00e7\u00e3o: somos chamados como somos, com os problemas que temos, com as limita\u00e7\u00f5es que temos, com nossa alegria transbordante, com nosso desejo de sermos melhores, com nosso desejo de ter sucesso. Somos chamados como somos. Pense nisto: Jesus me chama como eu sou, n\u00e3o como eu gostaria de ser. Somos a comunidade de irm\u00e3os e irm\u00e3s de Jesus, filhos e filhas do mesmo Pai.<\/p>\n<p><strong>Na Igreja ningu\u00e9m \u00e9 sup\u00e9rfluo<\/strong><br \/>\nAmigos, continuou Francisco, gostaria de ser claro com voc\u00eas, que s\u00e3o al\u00e9rgicos a falsidades e palavras vazias: na Igreja, h\u00e1 espa\u00e7o para todos. Para todos. Na Igreja, ningu\u00e9m \u00e9 sup\u00e9rfluo. Ningu\u00e9m \u00e9 sup\u00e9rfluo. H\u00e1 espa\u00e7o para todos. Assim como n\u00f3s somos. Todos n\u00f3s. E Jesus deixa isso claro. Quando envia os ap\u00f3stolos para convocar o banquete do senhor que o havia preparado, ele diz: &#8220;Ide e trazei todos&#8221;, jovens e velhos, s\u00e3os, doentes, justos e pecadores. Todos, todos, todos! Na Igreja, h\u00e1 lugar para todos. &#8220;Padre, mas eu sou um miser\u00e1vel&#8221;&#8230; &#8220;Eu sou um miser\u00e1vel, h\u00e1 lugar para mim?&#8221;&#8230; H\u00e1 lugar para todos! Todos juntos, cada um em seu pr\u00f3prio idioma. Todos em seu pr\u00f3prio idioma, repitam depois de mim: Todos, todos, todos. N\u00e3o consego ouvir, de novo! Todos voc\u00eas. Todos voc\u00eas. Todos. Todos. E essa \u00e9 a Igreja, a M\u00e3e de todos. H\u00e1 espa\u00e7o para todos. O Senhor n\u00e3o aponta com o dedo, mas abre os bra\u00e7os. \u00c9 curioso: o Senhor n\u00e3o sabe fazer isso (apontar com o dedo), mas faz isso (faz o gesto de abra\u00e7ar). Abra\u00e7a a todos n\u00f3s. Mostra-nos a Jesus na cruz, que abriu tanto os bra\u00e7os para ser crucificado e morrer por n\u00f3s.<\/p>\n<p><strong>Maria, nossa M\u00e3e, nos ajuda<\/strong><br \/>\nPor fim, o Santo Padre, tendo v\u00e1rias vezes deixado de lado o texto previamente preparado, falando espontaneamente aos jovens, fez mais uma veemente exorta\u00e7\u00e3o:<\/p>\n<p>Queridos jovens: convido-os a pensar nesta coisa linda: que Deus nos ama, Deus nos ama como somos, n\u00e3o como gostar\u00edamos de ser ou como a sociedade gostaria que f\u00f4ssemos. Como somos! Ele nos chama com os defeitos que temos, com as limita\u00e7\u00f5es que temos e com o desejo que temos de seguir em frente na vida. Deus nos chama dessa maneira. Confie, porque Deus \u00e9 um Pai e um Pai que nos ama e um Pai que nos ama. Isso n\u00e3o \u00e9 muito f\u00e1cil. E para isso temos uma grande ajuda, a M\u00e3e do Senhor. Ela tamb\u00e9m \u00e9 nossa M\u00e3e, ela \u00e9 nossa M\u00e3e.<\/p>\n<p>Isso \u00e9 tudo o que eu queria dizer a voc\u00eas: n\u00e3o tenham medo, tenham coragem, sigam em frente, sabendo que somos &#8220;confortados&#8221; pelo amor que Deus tem por n\u00f3s. Deus nos ama, finalizou.<\/p>\n<h2>O Papa confessa tr\u00eas jovens em Lisboa<\/h2>\n<p>Recebido por coros de &#8220;Esta es la juventud del Papa&#8230;&#8221;, o Santo Padre chegou na manh\u00e3 desta sexta-feira, 4 de agosto, terceiro dia de sua viagem a Portugal para a JMJ &#8211; 42\u00aa viagem apost\u00f3lica internacional de seu Pontificado -, ao Jardim Vasco da Gama, em Lisboa.<\/p>\n<p><strong>Confession\u00e1rios realizados por jovens detentos<\/strong><br \/>\nNesse grande espa\u00e7o verde da capital portuguesa tem lugar um dos momentos mais significativos de toda a Jornada Mundial da Juventude: as confiss\u00f5es dos jovens. De fato, 150 confession\u00e1rios, feitos por jovens detentos da pris\u00e3o de Passos de Ferreira, constru\u00eddos com materiais reciclados e recicl\u00e1veis e feitos de forma a serem acess\u00edveis a pessoas com defici\u00eancia, foram colocados no grande parque.<\/p>\n<p><strong>Confiss\u00e3o: um espanhol, uma guatemalteca e um italiano<\/strong><br \/>\nO Papa &#8211; antes de ir ao Centro Social Paroquial S\u00e3o Vicente de Paulo para se encontrar com representantes de alguns centros de assist\u00eancia e caridade -, tendo chegado em uma cadeira de rodas, confessou ele mesmo tr\u00eas jovens: um rapaz espanhol de 21 anos, uma mo\u00e7a guatemalteca de 33 anos e um italiano de 19 anos.<\/p>\n<hr \/>\n<p><em>Fonte: Vatican News (texto de Raimundo de Lima)<\/em><\/p>\n<h3>VEJA TAMB\u00c9M<\/h3>\n<blockquote class=\"wp-embedded-content\" data-secret=\"hPlb4XkUo4\"><p><a href=\"https:\/\/franciscanos.org.br\/vidacrista\/especiais\/jornada-mundial-da-juventude-lisboa-2023\/\">Jornada Mundial da Juventude Lisboa 2023<\/a><\/p><\/blockquote>\n<p><iframe class=\"wp-embedded-content\" sandbox=\"allow-scripts\" security=\"restricted\" style=\"position: absolute; clip: rect(1px, 1px, 1px, 1px);\" title=\"&#8220;Jornada Mundial da Juventude Lisboa 2023&#8221; &#8212; Vida Crist\u00e3 - Franciscanos\" src=\"https:\/\/franciscanos.org.br\/vidacrista\/especiais\/jornada-mundial-da-juventude-lisboa-2023\/embed\/#?secret=LZf9ruG06z#?secret=hPlb4XkUo4\" data-secret=\"hPlb4XkUo4\" width=\"500\" height=\"282\" frameborder=\"0\" marginwidth=\"0\" marginheight=\"0\" scrolling=\"no\"><\/iframe><\/p>\n<p>&nbsp;<\/p>\n","protected":false},"excerpt":{"rendered":"<p>JMJ Lisboa 2023 <\/p>\n","protected":false},"author":3,"featured_media":244363,"comment_status":"open","ping_status":"open","sticky":false,"template":"","format":"standard","meta":[],"categories":[1],"tags":[1797],"acf":[],"yoast_head":"<!-- This site is optimized with the Yoast SEO plugin v19.2 - https:\/\/yoast.com\/wordpress\/plugins\/seo\/ -->\n<title>Papa: transformar tudo em amor concreto, sem &quot;asco da pobreza dos outros&quot; - Not\u00edcias - Franciscanos<\/title>\n<meta name=\"robots\" content=\"index, follow, max-snippet:-1, max-image-preview:large, max-video-preview:-1\" \/>\n<link rel=\"canonical\" href=\"https:\/\/franciscanos.org.br\/noticias\/papa-transformar-tudo-em-amor-concreto-sem-asco-da-pobreza-dos-outros.html\" \/>\n<meta property=\"og:locale\" content=\"pt_BR\" \/>\n<meta property=\"og:type\" content=\"article\" \/>\n<meta property=\"og:title\" content=\"Papa: transformar tudo em amor concreto, sem &quot;asco da pobreza dos outros&quot; - Not\u00edcias - Franciscanos\" \/>\n<meta property=\"og:description\" content=\"JMJ Lisboa 2023\" \/>\n<meta property=\"og:url\" content=\"https:\/\/franciscanos.org.br\/noticias\/papa-transformar-tudo-em-amor-concreto-sem-asco-da-pobreza-dos-outros.html\" \/>\n<meta property=\"og:site_name\" content=\"Not\u00edcias - Franciscanos\" \/>\n<meta property=\"article:published_time\" content=\"2023-08-04T12:41:53+00:00\" \/>\n<meta property=\"article:modified_time\" content=\"2023-08-04T13:21:21+00:00\" \/>\n<meta property=\"og:image\" content=\"https:\/\/franciscanos.org.br\/noticias\/wp-content\/uploads\/2023\/08\/jmj_0408_3.jpg\" \/>\n\t<meta property=\"og:image:width\" content=\"1280\" \/>\n\t<meta property=\"og:image:height\" content=\"854\" \/>\n\t<meta property=\"og:image:type\" content=\"image\/jpeg\" \/>\n<meta name=\"author\" content=\"moacir\" \/>\n<meta name=\"twitter:card\" content=\"summary_large_image\" \/>\n<meta name=\"twitter:label1\" content=\"Escrito por\" \/>\n\t<meta name=\"twitter:data1\" content=\"moacir\" \/>\n\t<meta name=\"twitter:label2\" content=\"Est. tempo de leitura\" \/>\n\t<meta name=\"twitter:data2\" content=\"16 minutos\" \/>\n<script type=\"application\/ld+json\" class=\"yoast-schema-graph\">{\"@context\":\"https:\/\/schema.org\",\"@graph\":[{\"@type\":\"WebSite\",\"@id\":\"https:\/\/franciscanos.org.br\/noticias\/#website\",\"url\":\"https:\/\/franciscanos.org.br\/noticias\/\",\"name\":\"Not\u00edcias - Franciscanos\",\"description\":\"Prov\u00edncia Franciscana da Imaculada Concei\u00e7\u00e3o do Brasil - Ordem dos Frades Menores - OFM\",\"potentialAction\":[{\"@type\":\"SearchAction\",\"target\":{\"@type\":\"EntryPoint\",\"urlTemplate\":\"https:\/\/franciscanos.org.br\/noticias\/?s={search_term_string}\"},\"query-input\":\"required name=search_term_string\"}],\"inLanguage\":\"pt-BR\"},{\"@type\":\"ImageObject\",\"inLanguage\":\"pt-BR\",\"@id\":\"https:\/\/franciscanos.org.br\/noticias\/papa-transformar-tudo-em-amor-concreto-sem-asco-da-pobreza-dos-outros.html#primaryimage\",\"url\":\"https:\/\/franciscanos.org.br\/noticias\/wp-content\/uploads\/2023\/08\/jmj_0408_3.jpg\",\"contentUrl\":\"https:\/\/franciscanos.org.br\/noticias\/wp-content\/uploads\/2023\/08\/jmj_0408_3.jpg\",\"width\":1280,\"height\":854},{\"@type\":\"WebPage\",\"@id\":\"https:\/\/franciscanos.org.br\/noticias\/papa-transformar-tudo-em-amor-concreto-sem-asco-da-pobreza-dos-outros.html#webpage\",\"url\":\"https:\/\/franciscanos.org.br\/noticias\/papa-transformar-tudo-em-amor-concreto-sem-asco-da-pobreza-dos-outros.html\",\"name\":\"Papa: transformar tudo em amor concreto, sem \\\"asco da pobreza dos outros\\\" - Not\u00edcias - Franciscanos\",\"isPartOf\":{\"@id\":\"https:\/\/franciscanos.org.br\/noticias\/#website\"},\"primaryImageOfPage\":{\"@id\":\"https:\/\/franciscanos.org.br\/noticias\/papa-transformar-tudo-em-amor-concreto-sem-asco-da-pobreza-dos-outros.html#primaryimage\"},\"datePublished\":\"2023-08-04T12:41:53+00:00\",\"dateModified\":\"2023-08-04T13:21:21+00:00\",\"author\":{\"@id\":\"https:\/\/franciscanos.org.br\/noticias\/#\/schema\/person\/b5c8cba458c330ccff548b056e95a5d4\"},\"breadcrumb\":{\"@id\":\"https:\/\/franciscanos.org.br\/noticias\/papa-transformar-tudo-em-amor-concreto-sem-asco-da-pobreza-dos-outros.html#breadcrumb\"},\"inLanguage\":\"pt-BR\",\"potentialAction\":[{\"@type\":\"ReadAction\",\"target\":[\"https:\/\/franciscanos.org.br\/noticias\/papa-transformar-tudo-em-amor-concreto-sem-asco-da-pobreza-dos-outros.html\"]}]},{\"@type\":\"BreadcrumbList\",\"@id\":\"https:\/\/franciscanos.org.br\/noticias\/papa-transformar-tudo-em-amor-concreto-sem-asco-da-pobreza-dos-outros.html#breadcrumb\",\"itemListElement\":[{\"@type\":\"ListItem\",\"position\":1,\"name\":\"Home\",\"item\":\"https:\/\/franciscanos.org.br\/noticias\"},{\"@type\":\"ListItem\",\"position\":2,\"name\":\"Papa: transformar tudo em amor concreto, sem &#8220;asco da pobreza dos outros&#8221;\"}]},{\"@type\":\"Person\",\"@id\":\"https:\/\/franciscanos.org.br\/noticias\/#\/schema\/person\/b5c8cba458c330ccff548b056e95a5d4\",\"name\":\"moacir\",\"image\":{\"@type\":\"ImageObject\",\"inLanguage\":\"pt-BR\",\"@id\":\"https:\/\/franciscanos.org.br\/noticias\/#\/schema\/person\/image\/\",\"url\":\"https:\/\/secure.gravatar.com\/avatar\/d08aa2ce4c8dd416d4479aa8536fcf64?s=96&d=mm&r=g\",\"contentUrl\":\"https:\/\/secure.gravatar.com\/avatar\/d08aa2ce4c8dd416d4479aa8536fcf64?s=96&d=mm&r=g\",\"caption\":\"moacir\"},\"url\":\"https:\/\/franciscanos.org.br\/noticias\/author\/moacir\"}]}<\/script>\n<!-- \/ Yoast SEO plugin. -->","yoast_head_json":{"title":"Papa: transformar tudo em amor concreto, sem \"asco da pobreza dos outros\" - Not\u00edcias - Franciscanos","robots":{"index":"index","follow":"follow","max-snippet":"max-snippet:-1","max-image-preview":"max-image-preview:large","max-video-preview":"max-video-preview:-1"},"canonical":"https:\/\/franciscanos.org.br\/noticias\/papa-transformar-tudo-em-amor-concreto-sem-asco-da-pobreza-dos-outros.html","og_locale":"pt_BR","og_type":"article","og_title":"Papa: transformar tudo em amor concreto, sem \"asco da pobreza dos outros\" - Not\u00edcias - Franciscanos","og_description":"JMJ Lisboa 2023","og_url":"https:\/\/franciscanos.org.br\/noticias\/papa-transformar-tudo-em-amor-concreto-sem-asco-da-pobreza-dos-outros.html","og_site_name":"Not\u00edcias - Franciscanos","article_published_time":"2023-08-04T12:41:53+00:00","article_modified_time":"2023-08-04T13:21:21+00:00","og_image":[{"width":1280,"height":854,"url":"https:\/\/franciscanos.org.br\/noticias\/wp-content\/uploads\/2023\/08\/jmj_0408_3.jpg","type":"image\/jpeg"}],"author":"moacir","twitter_card":"summary_large_image","twitter_misc":{"Escrito por":"moacir","Est. tempo de leitura":"16 minutos"},"schema":{"@context":"https:\/\/schema.org","@graph":[{"@type":"WebSite","@id":"https:\/\/franciscanos.org.br\/noticias\/#website","url":"https:\/\/franciscanos.org.br\/noticias\/","name":"Not\u00edcias - Franciscanos","description":"Prov\u00edncia Franciscana da Imaculada Concei\u00e7\u00e3o do Brasil - Ordem dos Frades Menores - OFM","potentialAction":[{"@type":"SearchAction","target":{"@type":"EntryPoint","urlTemplate":"https:\/\/franciscanos.org.br\/noticias\/?s={search_term_string}"},"query-input":"required name=search_term_string"}],"inLanguage":"pt-BR"},{"@type":"ImageObject","inLanguage":"pt-BR","@id":"https:\/\/franciscanos.org.br\/noticias\/papa-transformar-tudo-em-amor-concreto-sem-asco-da-pobreza-dos-outros.html#primaryimage","url":"https:\/\/franciscanos.org.br\/noticias\/wp-content\/uploads\/2023\/08\/jmj_0408_3.jpg","contentUrl":"https:\/\/franciscanos.org.br\/noticias\/wp-content\/uploads\/2023\/08\/jmj_0408_3.jpg","width":1280,"height":854},{"@type":"WebPage","@id":"https:\/\/franciscanos.org.br\/noticias\/papa-transformar-tudo-em-amor-concreto-sem-asco-da-pobreza-dos-outros.html#webpage","url":"https:\/\/franciscanos.org.br\/noticias\/papa-transformar-tudo-em-amor-concreto-sem-asco-da-pobreza-dos-outros.html","name":"Papa: transformar tudo em amor concreto, sem \"asco da pobreza dos outros\" - Not\u00edcias - Franciscanos","isPartOf":{"@id":"https:\/\/franciscanos.org.br\/noticias\/#website"},"primaryImageOfPage":{"@id":"https:\/\/franciscanos.org.br\/noticias\/papa-transformar-tudo-em-amor-concreto-sem-asco-da-pobreza-dos-outros.html#primaryimage"},"datePublished":"2023-08-04T12:41:53+00:00","dateModified":"2023-08-04T13:21:21+00:00","author":{"@id":"https:\/\/franciscanos.org.br\/noticias\/#\/schema\/person\/b5c8cba458c330ccff548b056e95a5d4"},"breadcrumb":{"@id":"https:\/\/franciscanos.org.br\/noticias\/papa-transformar-tudo-em-amor-concreto-sem-asco-da-pobreza-dos-outros.html#breadcrumb"},"inLanguage":"pt-BR","potentialAction":[{"@type":"ReadAction","target":["https:\/\/franciscanos.org.br\/noticias\/papa-transformar-tudo-em-amor-concreto-sem-asco-da-pobreza-dos-outros.html"]}]},{"@type":"BreadcrumbList","@id":"https:\/\/franciscanos.org.br\/noticias\/papa-transformar-tudo-em-amor-concreto-sem-asco-da-pobreza-dos-outros.html#breadcrumb","itemListElement":[{"@type":"ListItem","position":1,"name":"Home","item":"https:\/\/franciscanos.org.br\/noticias"},{"@type":"ListItem","position":2,"name":"Papa: transformar tudo em amor concreto, sem &#8220;asco da pobreza dos outros&#8221;"}]},{"@type":"Person","@id":"https:\/\/franciscanos.org.br\/noticias\/#\/schema\/person\/b5c8cba458c330ccff548b056e95a5d4","name":"moacir","image":{"@type":"ImageObject","inLanguage":"pt-BR","@id":"https:\/\/franciscanos.org.br\/noticias\/#\/schema\/person\/image\/","url":"https:\/\/secure.gravatar.com\/avatar\/d08aa2ce4c8dd416d4479aa8536fcf64?s=96&d=mm&r=g","contentUrl":"https:\/\/secure.gravatar.com\/avatar\/d08aa2ce4c8dd416d4479aa8536fcf64?s=96&d=mm&r=g","caption":"moacir"},"url":"https:\/\/franciscanos.org.br\/noticias\/author\/moacir"}]}},"_links":{"self":[{"href":"https:\/\/franciscanos.org.br\/noticias\/wp-json\/wp\/v2\/posts\/244360"}],"collection":[{"href":"https:\/\/franciscanos.org.br\/noticias\/wp-json\/wp\/v2\/posts"}],"about":[{"href":"https:\/\/franciscanos.org.br\/noticias\/wp-json\/wp\/v2\/types\/post"}],"author":[{"embeddable":true,"href":"https:\/\/franciscanos.org.br\/noticias\/wp-json\/wp\/v2\/users\/3"}],"replies":[{"embeddable":true,"href":"https:\/\/franciscanos.org.br\/noticias\/wp-json\/wp\/v2\/comments?post=244360"}],"version-history":[{"count":5,"href":"https:\/\/franciscanos.org.br\/noticias\/wp-json\/wp\/v2\/posts\/244360\/revisions"}],"predecessor-version":[{"id":244368,"href":"https:\/\/franciscanos.org.br\/noticias\/wp-json\/wp\/v2\/posts\/244360\/revisions\/244368"}],"wp:featuredmedia":[{"embeddable":true,"href":"https:\/\/franciscanos.org.br\/noticias\/wp-json\/wp\/v2\/media\/244363"}],"wp:attachment":[{"href":"https:\/\/franciscanos.org.br\/noticias\/wp-json\/wp\/v2\/media?parent=244360"}],"wp:term":[{"taxonomy":"category","embeddable":true,"href":"https:\/\/franciscanos.org.br\/noticias\/wp-json\/wp\/v2\/categories?post=244360"},{"taxonomy":"post_tag","embeddable":true,"href":"https:\/\/franciscanos.org.br\/noticias\/wp-json\/wp\/v2\/tags?post=244360"}],"curies":[{"name":"wp","href":"https:\/\/api.w.org\/{rel}","templated":true}]}}