{"id":244331,"date":"2023-08-03T08:31:51","date_gmt":"2023-08-03T11:31:51","guid":{"rendered":"https:\/\/franciscanos.org.br\/noticias\/?p=244331"},"modified":"2023-08-03T08:47:22","modified_gmt":"2023-08-03T11:47:22","slug":"papa-aos-jovens-universitarios-responder-com-coragem-aos-desafios-do-presente-e-do-futuro","status":"publish","type":"post","link":"https:\/\/franciscanos.org.br\/noticias\/papa-aos-jovens-universitarios-responder-com-coragem-aos-desafios-do-presente-e-do-futuro.html","title":{"rendered":"Papa aos jovens universit\u00e1rios, responder com coragem aos desafios do presente e do futuro"},"content":{"rendered":"<div id=\"attachment_244332\" style=\"width: 1290px\" class=\"wp-caption alignnone\"><img aria-describedby=\"caption-attachment-244332\" loading=\"lazy\" class=\"wp-image-244332 size-full\" src=\"https:\/\/franciscanos.org.br\/noticias\/wp-content\/uploads\/2023\/08\/jmj_0308.jpg\" alt=\"\" width=\"1280\" height=\"720\" srcset=\"https:\/\/franciscanos.org.br\/noticias\/wp-content\/uploads\/2023\/08\/jmj_0308.jpg 1280w, https:\/\/franciscanos.org.br\/noticias\/wp-content\/uploads\/2023\/08\/jmj_0308-450x253.jpg 450w, https:\/\/franciscanos.org.br\/noticias\/wp-content\/uploads\/2023\/08\/jmj_0308-1024x576.jpg 1024w, https:\/\/franciscanos.org.br\/noticias\/wp-content\/uploads\/2023\/08\/jmj_0308-768x432.jpg 768w, https:\/\/franciscanos.org.br\/noticias\/wp-content\/uploads\/2023\/08\/jmj_0308-150x84.jpg 150w\" sizes=\"(max-width: 1280px) 100vw, 1280px\" \/><p id=\"caption-attachment-244332\" class=\"wp-caption-text\"><em>Imagem: Site oficial JMJ Lisboa 2023<\/em><\/p><\/div>\n<p>O Papa Francisco encontrou-se, na manh\u00e3 desta quinta-feira (03\/08), com os jovens universit\u00e1rios na Universidade Cat\u00f3lica Portuguesa (UCP), situada no centro de Lisboa, no \u00e2mbito da Jornada Mundial da Juventude.<\/p>\n<p>A Universidade Cat\u00f3lica Portuguesa foi criada, em 1967, com o decreto Lusitanorum Nobilissima Gens da Santa S\u00e9, a pedido da Confer\u00eancia Episcopal Portuguesa. O Instituto \u00e9 reconhecido como uma das melhores universidades de Portugal. A reitora da Universidade Cat\u00f3lica Portuguesa \u00e9 a professora Isabel Capeloa Gil.<\/p>\n<p>&#8220;Obrigado, senhora reitora, pelas suas palavras&#8221;, disse o Papa no in\u00edcio de seu discurso, afirmando &#8220;que todos nos sentimos \u00abperegrinos\u00bb, palavra esta cujo significado merece ser meditado&#8221;.<\/p>\n<p>&#8220;Na imagem do \u00abperegrino\u00bb, espelha-se a condi\u00e7\u00e3o humana, pois todos somos chamados a confrontar-nos com grandes interrogativos para os quais n\u00e3o basta uma resposta simplista ou imediata, mas convidam a realizar uma viagem, superando-se a si mesmo, indo mais al\u00e9m. Trata-se de um processo que um universit\u00e1rio compreende bem, pois \u00e9 assim que nasce a ci\u00eancia. E de igual modo cresce tamb\u00e9m a busca espiritual. Procurar e arriscar: eis os verbos dos peregrinos&#8221;, sublinhou Francisco.<\/p>\n<p>Amigos, permiti dizer-vos: procurai e arriscai. Neste momento hist\u00f3rico, os desafios s\u00e3o enormes e os gemidos dolorosos, mas abracemos o risco de pensar que n\u00e3o estamos numa agonia, mas num parto; n\u00e3o no fim, mas no in\u00edcio dum grande espet\u00e1culo. Por isso sede protagonistas de uma \u00abnova coreografia\u00bb que coloque no centro a pessoa humana, sede core\u00f3grafos da dan\u00e7a da vida. As palavras da senhora Reitora serviram-me de inspira\u00e7\u00e3o sobretudo quando afirmou que \u00aba universidade n\u00e3o existe para se preservar como institui\u00e7\u00e3o, mas para responder com coragem aos desafios do presente e do futuro\u00bb. A autopreserva\u00e7\u00e3o \u00e9 uma tenta\u00e7\u00e3o, um reflexo condicionado pelo medo, que nos faz olhar para a exist\u00eancia de forma distorcida. Se as sementes se preservassem a si mesmas, desperdi\u00e7ariam completamente a sua for\u00e7a geradora e condenar-nos-iam \u00e0 fome; se os invernos se preservassem a si mesmos, n\u00e3o existiria a maravilha da primavera. Por isso, tende a coragem de substituir os medos pelos sonhos: n\u00e3o administradores de medos, mas empreendedores de sonhos!<\/p>\n<p>&#8220;\u00c0 universidade que se comprometeu a formar as novas gera\u00e7\u00f5es, seria um desperd\u00edcio pens\u00e1-la apenas para perpetuar o atual sistema elitista e desigual do mundo com o ensino superior que continua sendo um privil\u00e9gio de poucos. Se o conhecimento n\u00e3o for acolhido como uma responsabilidade, torna-se est\u00e9ril. Se quem recebeu um ensino superior \u2013 que hoje, em Portugal e no mundo, continua sendo um privil\u00e9gio \u2013, n\u00e3o se esfor\u00e7a por restituir aquilo de que beneficiou, significa que n\u00e3o compreendeu profundamente o que lhe foi oferecido. o t\u00edtulo de estudo n\u00e3o deve ser visto apenas como uma licen\u00e7a para construir o bem-estar pessoal, mas como um mandato para se dedicar a uma sociedade mais justa e inclusiva, ou seja, mais avan\u00e7ada&#8221;, disse ainda o Pont\u00edfice.<\/p>\n<p>O Papa recordou a grande poetisa portuguesa Sophia de Mello Breyner Andresen, que numa entrevista, \u00e0 pergunta \u00abo que gostaria de ver realizado em Portugal neste novo s\u00e9culo?\u00bb, respondeu sem hesitar: \u00abGostaria que se realizasse a justi\u00e7a social, a diminui\u00e7\u00e3o das diferen\u00e7as entre ricos e pobres\u00bb. Ent\u00e3o, o Santo Padre perguntou aos jovens: &#8220;Caros estudantes, peregrinos do saber: Que quereis ver realizado em Portugal e no mundo? Quais mudan\u00e7as, quais transforma\u00e7\u00f5es? E como pode a universidade, especialmente a Cat\u00f3lica, contribuir para isso?&#8221;<\/p>\n<div id=\"attachment_244333\" style=\"width: 1290px\" class=\"wp-caption alignnone\"><img aria-describedby=\"caption-attachment-244333\" loading=\"lazy\" class=\"wp-image-244333 size-full\" src=\"https:\/\/franciscanos.org.br\/noticias\/wp-content\/uploads\/2023\/08\/jmj_0308_2.jpg\" alt=\"\" width=\"1280\" height=\"960\" srcset=\"https:\/\/franciscanos.org.br\/noticias\/wp-content\/uploads\/2023\/08\/jmj_0308_2.jpg 1280w, https:\/\/franciscanos.org.br\/noticias\/wp-content\/uploads\/2023\/08\/jmj_0308_2-450x338.jpg 450w, https:\/\/franciscanos.org.br\/noticias\/wp-content\/uploads\/2023\/08\/jmj_0308_2-1024x768.jpg 1024w, https:\/\/franciscanos.org.br\/noticias\/wp-content\/uploads\/2023\/08\/jmj_0308_2-768x576.jpg 768w, https:\/\/franciscanos.org.br\/noticias\/wp-content\/uploads\/2023\/08\/jmj_0308_2-150x113.jpg 150w, https:\/\/franciscanos.org.br\/noticias\/wp-content\/uploads\/2023\/08\/jmj_0308_2-600x450.jpg 600w\" sizes=\"(max-width: 1280px) 100vw, 1280px\" \/><p id=\"caption-attachment-244333\" class=\"wp-caption-text\"><em>Imagem: Site oficial JMJ Lisboa 2023<\/em><\/p><\/div>\n<p>A seguir, Francisco agradeceu os testemunhos dos jovens Beatriz, Mahoor, Mariana e Tom\u00e1s. &#8220;Em todos havia um tom de esperan\u00e7a, uma carga de entusiasmo realista, sem queixas nem escapat\u00f3rias idealistas&#8221;, disse ele. &#8220;Este idoso que vos fala sonha que a vossa gera\u00e7\u00e3o se torne uma gera\u00e7\u00e3o de mestres: mestres de humanidade, mestres de compaix\u00e3o, mestres de novas oportunidades para o planeta e seus habitantes, mestres de esperan\u00e7a. Como alguns de v\u00f3s sublinharam, devemos reconhecer a urg\u00eancia dram\u00e1tica de cuidar da casa comum. No entanto, isso n\u00e3o pode ser feito sem uma convers\u00e3o do cora\u00e7\u00e3o e uma mudan\u00e7a da vis\u00e3o antropol\u00f3gica subjacente \u00e0 economia e \u00e0 pol\u00edtica. N\u00e3o podemos contentar-nos com simples medidas paliativas ou com t\u00edmidos e amb\u00edguos compromissos&#8221;, disse o Papa, acrescentando:<\/p>\n<p>Trata-se, pelo contr\u00e1rio, de tomar a peito o que infelizmente continua sendo adiado: a necessidade de redefinir o que chamamos progresso e evolu\u00e7\u00e3o. \u00c9 que, em nome do progresso, j\u00e1 abriu caminho muito retrocesso. V\u00f3s sois a gera\u00e7\u00e3o que pode vencer este desafio: tendes instrumentos cient\u00edficos e tecnol\u00f3gicos mais avan\u00e7ados, mas, por favor, n\u00e3o vos deixeis cair na cilada de vis\u00f5es parciais. N\u00e3o esque\u00e7ais que temos necessidade de uma ecologia integral, de escutar o sofrimento do planeta junto com o dos pobres; necessidade de colocar o drama da desertifica\u00e7\u00e3o em paralelo com o dos refugiados; o tema das migra\u00e7\u00f5es junto com o da queda da natalidade; necessidade de nos ocuparmos da dimens\u00e3o material da vida no \u00e2mbito de uma dimens\u00e3o espiritual. N\u00e3o queremos polariza\u00e7\u00f5es, mas vis\u00f5es de conjunto.<\/p>\n<p>A seguir, o Papa disse que &#8220;se a f\u00e9 n\u00e3o gera estilos de vida convincentes, n\u00e3o faz levedar a massa do mundo. N\u00e3o basta que um crist\u00e3o esteja convencido, deve ser convincente; as nossas a\u00e7\u00f5es s\u00e3o chamadas a refletir a beleza jubilosa e simultaneamente radical do Evangelho&#8221;<\/p>\n<p>Segundo Francisco, \u00e9 interessante que na nova c\u00e1tedra, na Universidade Cat\u00f3lica Portuguesa, dedicada \u00e0 \u00abEconomia de Francisco\u00bb, tenha sido escolhida a figura de Santa Clara. &#8220;\u00c9 indispens\u00e1vel a contribui\u00e7\u00e3o feminina&#8221;, disse ele.<\/p>\n<p>A prop\u00f3sito do Pacto Educativo Global relan\u00e7ado na JMJ, o Papa frisou que &#8220;os sete princ\u00edpios da sua arquitetura incluem temas, desde o cuidado da Casa comum \u00e0 plena participa\u00e7\u00e3o das mulheres, \u00e0 necessidade de encontrar novas formas de entender a economia, a pol\u00edtica, o crescimento e o progresso&#8221;.<\/p>\n<p>O Pont\u00edfice convidou os jovens a estudarem &#8220;o Pacto Educativo Global e a apaixonarem-se por ele&#8221;. &#8220;Um dos pontos que trata \u00e9 a educa\u00e7\u00e3o para o acolhimento e a inclus\u00e3o. Sempre que algu\u00e9m pratica um gesto de hospitalidade, desencadeia uma transforma\u00e7\u00e3o&#8221;, sublinhou.<\/p>\n<p>Amigos, sinto-me feliz por ver-vos uma comunidade educativa viva, aberta \u00e0 realidade, com o Evangelho que n\u00e3o se limita a servir de ornamento, mas anima as partes e o todo. Sei que o vosso percurso engloba diversos \u00e2mbitos: estudo, amizade, servi\u00e7o social, responsabilidade civil e pol\u00edtica, cuidado da casa comum, express\u00f5es art\u00edsticas&#8230; Ser uma universidade cat\u00f3lica significa antes de mais nada que cada elemento est\u00e1 em rela\u00e7\u00e3o com o todo e o todo rev\u00ea-se nas partes. Assim, ao mesmo tempo que se adquirem compet\u00eancias cient\u00edficas, vai-se amadurecendo como pessoa, no conhecimento de si mesmo e no discernimento do pr\u00f3prio caminho.<\/p>\n<hr \/>\n<h3>A sauda\u00e7\u00e3o do Papa a 15 jovens ucranianos em Lisboa, em ora\u00e7\u00e3o pelo pa\u00eds &#8220;atormentado&#8221;<\/h3>\n<p>Antes de deixar a Nunciatura apost\u00f3lica em Lisboa, na manh\u00e3 desta quinta-feira, 3 de agosto, o Papa Francisco encontrou-se com um grupo de quinze jovens peregrinos da Ucr\u00e2nia, acompanhados por Denys Kolada, consultor para o Di\u00e1logo com as organiza\u00e7\u00f5es religiosas do governo ucraniano. \u00c9 o que informa a Sala de Imprensa vaticana, destacando que, depois de ouvir as &#8220;comoventes hist\u00f3rias&#8221; dos jovens, o Papa lhes dirigiu algumas palavras, &#8220;expressando sua proximidade, &#8216;na dor e na ora\u00e7\u00e3o'&#8221;. O encontro durou cerca de 30 minutos; no final, Francisco e os jovens recitaram juntos o Pai-Nosso, &#8220;com o pensamento voltado para a atormentada Ucr\u00e2nia&#8221;.<\/p>\n<p><img loading=\"lazy\" class=\"alignnone wp-image-244334\" src=\"https:\/\/franciscanos.org.br\/noticias\/wp-content\/uploads\/2023\/08\/ucranianos.jpeg\" alt=\"\" width=\"844\" height=\"475\" srcset=\"https:\/\/franciscanos.org.br\/noticias\/wp-content\/uploads\/2023\/08\/ucranianos.jpeg 750w, https:\/\/franciscanos.org.br\/noticias\/wp-content\/uploads\/2023\/08\/ucranianos-450x253.jpeg 450w, https:\/\/franciscanos.org.br\/noticias\/wp-content\/uploads\/2023\/08\/ucranianos-150x84.jpeg 150w\" sizes=\"(max-width: 844px) 100vw, 844px\" \/><\/p>\n<p>Tamb\u00e9m nesta manh\u00e3, na Missa celebrada pelo Pont\u00edfice na Nunciatura, houve outro encontro significativo: o encontro com quatro familiares da francesa de 62 anos, assistente de catequese, que foi a Lisboa para a JMJ e morreu dias atr\u00e1s devido a um acidente na casa onde estava hospedada.<\/p>\n<p><strong>O PRIMEIRO ENCONTRO COM OS PEREGRINOS<\/strong><\/p>\n<p>Neste segundo dia em terras portuguesas Francisco depois de se encontrar com os jovens universit\u00e1rios na Universidade Cat\u00f3lica Portuguesa e com os estudantes das Scholas Occurrentes tem o primeiro encontro oficial com os peregrinos que participam na Jornada Mundial da Juventude (JMJ).<\/p>\n<p>O Papa abra\u00e7ar\u00e1 idealmente no final da tarde os milhares de jovens que estar\u00e3o presentes na cerim\u00f4nia de acolhida no Parque Eduardo VII, em Lisboa, j\u00e1 batizada de \u201cColina do encontro\u201d.<\/p>\n<p>Segundo os organizadores da JMJ a cerim\u00f4nia da tarde desta quinta-feira ser\u00e1 um evento com um car\u00e1ter festivo e de encontro, mantendo a dimens\u00e3o de ora\u00e7\u00e3o. \u201cQuer mostrar a Igreja jovem que se coloca a caminho com o sucessor de Pedro rumo \u00e0 constru\u00e7\u00e3o de uma sociedade mais fraterna\u201d.<\/p>\n<p>Francisco vai usar o papam\u00f3vel pela primeira vez, nesta visita a Portugal, saudando os peregrinos, nos setores a eles reservados na Colina do Encontro, bem como todas as pessoas ao longo da Avenida da Liberdade.<\/p>\n<p>Ap\u00f3s um programa de boas-vindas para os peregrinos, no palco especialmente preparado para esta Jornada, seguir\u00e1 um desfile com as bandeiras dos pa\u00edses dos participantes e os s\u00edmbolos da JMJ. A celebra\u00e7\u00e3o inclui ainda a invoca\u00e7\u00e3o dos 13 patronos da JMJ e um momento de envio dos jovens.<\/p>\n<p>A celebra\u00e7\u00e3o vai unir a \u201ctradi\u00e7\u00e3o e a contemporaneidade\u201d mostrando os tapetes de flores, o &#8220;cante alentejano e os bombos do Fund\u00e3o&#8221; mostrando a \u201ccultura portuguesa\u201d, segundo a organiza\u00e7\u00e3o do evento.<\/p>\n<hr \/>\n<p><em>Fonte: Vatican News &#8211; Imagens: site oficial JMJ Lisboa 2023<\/em><\/p>\n","protected":false},"excerpt":{"rendered":"<p>Jornada Mundial da Juventude<\/p>\n","protected":false},"author":3,"featured_media":244332,"comment_status":"open","ping_status":"open","sticky":false,"template":"","format":"standard","meta":[],"categories":[1],"tags":[1797],"acf":[],"yoast_head":"<!-- This site is optimized with the Yoast SEO plugin v19.2 - https:\/\/yoast.com\/wordpress\/plugins\/seo\/ -->\n<title>Papa aos jovens universit\u00e1rios, responder com coragem aos desafios do presente e do futuro - Not\u00edcias - Franciscanos<\/title>\n<meta name=\"robots\" content=\"index, follow, max-snippet:-1, max-image-preview:large, max-video-preview:-1\" \/>\n<link rel=\"canonical\" href=\"https:\/\/franciscanos.org.br\/noticias\/papa-aos-jovens-universitarios-responder-com-coragem-aos-desafios-do-presente-e-do-futuro.html\" \/>\n<meta property=\"og:locale\" content=\"pt_BR\" \/>\n<meta property=\"og:type\" content=\"article\" \/>\n<meta property=\"og:title\" content=\"Papa aos jovens universit\u00e1rios, responder com coragem aos desafios do presente e do futuro - Not\u00edcias - Franciscanos\" \/>\n<meta property=\"og:description\" content=\"Jornada Mundial da Juventude\" \/>\n<meta property=\"og:url\" content=\"https:\/\/franciscanos.org.br\/noticias\/papa-aos-jovens-universitarios-responder-com-coragem-aos-desafios-do-presente-e-do-futuro.html\" \/>\n<meta property=\"og:site_name\" content=\"Not\u00edcias - Franciscanos\" \/>\n<meta property=\"article:published_time\" content=\"2023-08-03T11:31:51+00:00\" \/>\n<meta property=\"article:modified_time\" content=\"2023-08-03T11:47:22+00:00\" \/>\n<meta property=\"og:image\" content=\"https:\/\/franciscanos.org.br\/noticias\/wp-content\/uploads\/2023\/08\/jmj_0308.jpg\" \/>\n\t<meta property=\"og:image:width\" content=\"1280\" \/>\n\t<meta property=\"og:image:height\" content=\"720\" \/>\n\t<meta property=\"og:image:type\" content=\"image\/jpeg\" \/>\n<meta name=\"author\" content=\"moacir\" \/>\n<meta name=\"twitter:card\" content=\"summary_large_image\" \/>\n<meta name=\"twitter:label1\" content=\"Escrito por\" \/>\n\t<meta name=\"twitter:data1\" content=\"moacir\" \/>\n\t<meta name=\"twitter:label2\" content=\"Est. tempo de leitura\" \/>\n\t<meta name=\"twitter:data2\" content=\"8 minutos\" \/>\n<script type=\"application\/ld+json\" class=\"yoast-schema-graph\">{\"@context\":\"https:\/\/schema.org\",\"@graph\":[{\"@type\":\"WebSite\",\"@id\":\"https:\/\/franciscanos.org.br\/noticias\/#website\",\"url\":\"https:\/\/franciscanos.org.br\/noticias\/\",\"name\":\"Not\u00edcias - Franciscanos\",\"description\":\"Prov\u00edncia Franciscana da Imaculada Concei\u00e7\u00e3o do Brasil - Ordem dos Frades Menores - OFM\",\"potentialAction\":[{\"@type\":\"SearchAction\",\"target\":{\"@type\":\"EntryPoint\",\"urlTemplate\":\"https:\/\/franciscanos.org.br\/noticias\/?s={search_term_string}\"},\"query-input\":\"required name=search_term_string\"}],\"inLanguage\":\"pt-BR\"},{\"@type\":\"ImageObject\",\"inLanguage\":\"pt-BR\",\"@id\":\"https:\/\/franciscanos.org.br\/noticias\/papa-aos-jovens-universitarios-responder-com-coragem-aos-desafios-do-presente-e-do-futuro.html#primaryimage\",\"url\":\"https:\/\/franciscanos.org.br\/noticias\/wp-content\/uploads\/2023\/08\/jmj_0308.jpg\",\"contentUrl\":\"https:\/\/franciscanos.org.br\/noticias\/wp-content\/uploads\/2023\/08\/jmj_0308.jpg\",\"width\":1280,\"height\":720},{\"@type\":\"WebPage\",\"@id\":\"https:\/\/franciscanos.org.br\/noticias\/papa-aos-jovens-universitarios-responder-com-coragem-aos-desafios-do-presente-e-do-futuro.html#webpage\",\"url\":\"https:\/\/franciscanos.org.br\/noticias\/papa-aos-jovens-universitarios-responder-com-coragem-aos-desafios-do-presente-e-do-futuro.html\",\"name\":\"Papa aos jovens universit\u00e1rios, responder com coragem aos desafios do presente e do futuro - Not\u00edcias - Franciscanos\",\"isPartOf\":{\"@id\":\"https:\/\/franciscanos.org.br\/noticias\/#website\"},\"primaryImageOfPage\":{\"@id\":\"https:\/\/franciscanos.org.br\/noticias\/papa-aos-jovens-universitarios-responder-com-coragem-aos-desafios-do-presente-e-do-futuro.html#primaryimage\"},\"datePublished\":\"2023-08-03T11:31:51+00:00\",\"dateModified\":\"2023-08-03T11:47:22+00:00\",\"author\":{\"@id\":\"https:\/\/franciscanos.org.br\/noticias\/#\/schema\/person\/b5c8cba458c330ccff548b056e95a5d4\"},\"breadcrumb\":{\"@id\":\"https:\/\/franciscanos.org.br\/noticias\/papa-aos-jovens-universitarios-responder-com-coragem-aos-desafios-do-presente-e-do-futuro.html#breadcrumb\"},\"inLanguage\":\"pt-BR\",\"potentialAction\":[{\"@type\":\"ReadAction\",\"target\":[\"https:\/\/franciscanos.org.br\/noticias\/papa-aos-jovens-universitarios-responder-com-coragem-aos-desafios-do-presente-e-do-futuro.html\"]}]},{\"@type\":\"BreadcrumbList\",\"@id\":\"https:\/\/franciscanos.org.br\/noticias\/papa-aos-jovens-universitarios-responder-com-coragem-aos-desafios-do-presente-e-do-futuro.html#breadcrumb\",\"itemListElement\":[{\"@type\":\"ListItem\",\"position\":1,\"name\":\"Home\",\"item\":\"https:\/\/franciscanos.org.br\/noticias\"},{\"@type\":\"ListItem\",\"position\":2,\"name\":\"Papa aos jovens universit\u00e1rios, responder com coragem aos desafios do presente e do futuro\"}]},{\"@type\":\"Person\",\"@id\":\"https:\/\/franciscanos.org.br\/noticias\/#\/schema\/person\/b5c8cba458c330ccff548b056e95a5d4\",\"name\":\"moacir\",\"image\":{\"@type\":\"ImageObject\",\"inLanguage\":\"pt-BR\",\"@id\":\"https:\/\/franciscanos.org.br\/noticias\/#\/schema\/person\/image\/\",\"url\":\"https:\/\/secure.gravatar.com\/avatar\/d08aa2ce4c8dd416d4479aa8536fcf64?s=96&d=mm&r=g\",\"contentUrl\":\"https:\/\/secure.gravatar.com\/avatar\/d08aa2ce4c8dd416d4479aa8536fcf64?s=96&d=mm&r=g\",\"caption\":\"moacir\"},\"url\":\"https:\/\/franciscanos.org.br\/noticias\/author\/moacir\"}]}<\/script>\n<!-- \/ Yoast SEO plugin. -->","yoast_head_json":{"title":"Papa aos jovens universit\u00e1rios, responder com coragem aos desafios do presente e do futuro - Not\u00edcias - Franciscanos","robots":{"index":"index","follow":"follow","max-snippet":"max-snippet:-1","max-image-preview":"max-image-preview:large","max-video-preview":"max-video-preview:-1"},"canonical":"https:\/\/franciscanos.org.br\/noticias\/papa-aos-jovens-universitarios-responder-com-coragem-aos-desafios-do-presente-e-do-futuro.html","og_locale":"pt_BR","og_type":"article","og_title":"Papa aos jovens universit\u00e1rios, responder com coragem aos desafios do presente e do futuro - Not\u00edcias - Franciscanos","og_description":"Jornada Mundial da Juventude","og_url":"https:\/\/franciscanos.org.br\/noticias\/papa-aos-jovens-universitarios-responder-com-coragem-aos-desafios-do-presente-e-do-futuro.html","og_site_name":"Not\u00edcias - Franciscanos","article_published_time":"2023-08-03T11:31:51+00:00","article_modified_time":"2023-08-03T11:47:22+00:00","og_image":[{"width":1280,"height":720,"url":"https:\/\/franciscanos.org.br\/noticias\/wp-content\/uploads\/2023\/08\/jmj_0308.jpg","type":"image\/jpeg"}],"author":"moacir","twitter_card":"summary_large_image","twitter_misc":{"Escrito por":"moacir","Est. tempo de leitura":"8 minutos"},"schema":{"@context":"https:\/\/schema.org","@graph":[{"@type":"WebSite","@id":"https:\/\/franciscanos.org.br\/noticias\/#website","url":"https:\/\/franciscanos.org.br\/noticias\/","name":"Not\u00edcias - Franciscanos","description":"Prov\u00edncia Franciscana da Imaculada Concei\u00e7\u00e3o do Brasil - Ordem dos Frades Menores - OFM","potentialAction":[{"@type":"SearchAction","target":{"@type":"EntryPoint","urlTemplate":"https:\/\/franciscanos.org.br\/noticias\/?s={search_term_string}"},"query-input":"required name=search_term_string"}],"inLanguage":"pt-BR"},{"@type":"ImageObject","inLanguage":"pt-BR","@id":"https:\/\/franciscanos.org.br\/noticias\/papa-aos-jovens-universitarios-responder-com-coragem-aos-desafios-do-presente-e-do-futuro.html#primaryimage","url":"https:\/\/franciscanos.org.br\/noticias\/wp-content\/uploads\/2023\/08\/jmj_0308.jpg","contentUrl":"https:\/\/franciscanos.org.br\/noticias\/wp-content\/uploads\/2023\/08\/jmj_0308.jpg","width":1280,"height":720},{"@type":"WebPage","@id":"https:\/\/franciscanos.org.br\/noticias\/papa-aos-jovens-universitarios-responder-com-coragem-aos-desafios-do-presente-e-do-futuro.html#webpage","url":"https:\/\/franciscanos.org.br\/noticias\/papa-aos-jovens-universitarios-responder-com-coragem-aos-desafios-do-presente-e-do-futuro.html","name":"Papa aos jovens universit\u00e1rios, responder com coragem aos desafios do presente e do futuro - Not\u00edcias - Franciscanos","isPartOf":{"@id":"https:\/\/franciscanos.org.br\/noticias\/#website"},"primaryImageOfPage":{"@id":"https:\/\/franciscanos.org.br\/noticias\/papa-aos-jovens-universitarios-responder-com-coragem-aos-desafios-do-presente-e-do-futuro.html#primaryimage"},"datePublished":"2023-08-03T11:31:51+00:00","dateModified":"2023-08-03T11:47:22+00:00","author":{"@id":"https:\/\/franciscanos.org.br\/noticias\/#\/schema\/person\/b5c8cba458c330ccff548b056e95a5d4"},"breadcrumb":{"@id":"https:\/\/franciscanos.org.br\/noticias\/papa-aos-jovens-universitarios-responder-com-coragem-aos-desafios-do-presente-e-do-futuro.html#breadcrumb"},"inLanguage":"pt-BR","potentialAction":[{"@type":"ReadAction","target":["https:\/\/franciscanos.org.br\/noticias\/papa-aos-jovens-universitarios-responder-com-coragem-aos-desafios-do-presente-e-do-futuro.html"]}]},{"@type":"BreadcrumbList","@id":"https:\/\/franciscanos.org.br\/noticias\/papa-aos-jovens-universitarios-responder-com-coragem-aos-desafios-do-presente-e-do-futuro.html#breadcrumb","itemListElement":[{"@type":"ListItem","position":1,"name":"Home","item":"https:\/\/franciscanos.org.br\/noticias"},{"@type":"ListItem","position":2,"name":"Papa aos jovens universit\u00e1rios, responder com coragem aos desafios do presente e do futuro"}]},{"@type":"Person","@id":"https:\/\/franciscanos.org.br\/noticias\/#\/schema\/person\/b5c8cba458c330ccff548b056e95a5d4","name":"moacir","image":{"@type":"ImageObject","inLanguage":"pt-BR","@id":"https:\/\/franciscanos.org.br\/noticias\/#\/schema\/person\/image\/","url":"https:\/\/secure.gravatar.com\/avatar\/d08aa2ce4c8dd416d4479aa8536fcf64?s=96&d=mm&r=g","contentUrl":"https:\/\/secure.gravatar.com\/avatar\/d08aa2ce4c8dd416d4479aa8536fcf64?s=96&d=mm&r=g","caption":"moacir"},"url":"https:\/\/franciscanos.org.br\/noticias\/author\/moacir"}]}},"_links":{"self":[{"href":"https:\/\/franciscanos.org.br\/noticias\/wp-json\/wp\/v2\/posts\/244331"}],"collection":[{"href":"https:\/\/franciscanos.org.br\/noticias\/wp-json\/wp\/v2\/posts"}],"about":[{"href":"https:\/\/franciscanos.org.br\/noticias\/wp-json\/wp\/v2\/types\/post"}],"author":[{"embeddable":true,"href":"https:\/\/franciscanos.org.br\/noticias\/wp-json\/wp\/v2\/users\/3"}],"replies":[{"embeddable":true,"href":"https:\/\/franciscanos.org.br\/noticias\/wp-json\/wp\/v2\/comments?post=244331"}],"version-history":[{"count":2,"href":"https:\/\/franciscanos.org.br\/noticias\/wp-json\/wp\/v2\/posts\/244331\/revisions"}],"predecessor-version":[{"id":244336,"href":"https:\/\/franciscanos.org.br\/noticias\/wp-json\/wp\/v2\/posts\/244331\/revisions\/244336"}],"wp:featuredmedia":[{"embeddable":true,"href":"https:\/\/franciscanos.org.br\/noticias\/wp-json\/wp\/v2\/media\/244332"}],"wp:attachment":[{"href":"https:\/\/franciscanos.org.br\/noticias\/wp-json\/wp\/v2\/media?parent=244331"}],"wp:term":[{"taxonomy":"category","embeddable":true,"href":"https:\/\/franciscanos.org.br\/noticias\/wp-json\/wp\/v2\/categories?post=244331"},{"taxonomy":"post_tag","embeddable":true,"href":"https:\/\/franciscanos.org.br\/noticias\/wp-json\/wp\/v2\/tags?post=244331"}],"curies":[{"name":"wp","href":"https:\/\/api.w.org\/{rel}","templated":true}]}}