{"id":244318,"date":"2023-08-02T17:59:54","date_gmt":"2023-08-02T20:59:54","guid":{"rendered":"https:\/\/franciscanos.org.br\/noticias\/?p=244318"},"modified":"2025-12-30T00:40:52","modified_gmt":"2025-12-30T03:40:52","slug":"frades-e-clarissas-celebram-a-misericordia-de-deus-no-mosteiro-de-colatina","status":"publish","type":"post","link":"https:\/\/franciscanos.org.br\/noticias\/frades-e-clarissas-celebram-a-misericordia-de-deus-no-mosteiro-de-colatina.html","title":{"rendered":"Frades e Clarissas celebram a miseric\u00f3rdia de Deus no Mosteiro de Colatina"},"content":{"rendered":"<p><img loading=\"lazy\" class=\"alignnone size-full wp-image-244319\" src=\"https:\/\/franciscanos.org.br\/noticias\/wp-content\/uploads\/2023\/08\/perdao_02.jpg\" alt=\"\" width=\"1280\" height=\"720\" srcset=\"https:\/\/franciscanos.org.br\/noticias\/wp-content\/uploads\/2023\/08\/perdao_02.jpg 1280w, https:\/\/franciscanos.org.br\/noticias\/wp-content\/uploads\/2023\/08\/perdao_02-450x253.jpg 450w, https:\/\/franciscanos.org.br\/noticias\/wp-content\/uploads\/2023\/08\/perdao_02-1024x576.jpg 1024w, https:\/\/franciscanos.org.br\/noticias\/wp-content\/uploads\/2023\/08\/perdao_02-768x432.jpg 768w, https:\/\/franciscanos.org.br\/noticias\/wp-content\/uploads\/2023\/08\/perdao_02-150x84.jpg 150w\" sizes=\"(max-width: 1280px) 100vw, 1280px\" \/><\/p>\n<p><strong>\u00a0<\/strong><strong>Colatina (ES) \u2013<\/strong> No dia em que a Igreja e em especial a Ordem Franciscana celebra o Dia de Nossa Senhora dos Anjos, a Porci\u00fancula, tamb\u00e9m conhecida como a Festa do Perd\u00e3o de Assis, os frades da Fraternidade Frei Galv\u00e3o se juntaram \u00e0s Irm\u00e3s Clarissas do Mosteiro Sant\u00edssima Trindade de Colatina (ES) para, em fam\u00edlia, celebrar o \u201cexagero\u201d da miseric\u00f3rdia de Deus. A Celebra\u00e7\u00e3o Eucar\u00edstica realizou-se \u00e0s 7h deste dia 2 de agosto e contou com a presen\u00e7a de Frei Gabriel Dellandrea, que presidiu a Santa Missa pela primeira vez no mosteiro, e de Frei Roger Strapazzon.<\/p>\n<p>Com os cantos da \u201cMissa de Nossa Senhora dos Anjos\u201d, cuja letra \u00e9 de Frei Walter Hugo de Almeida e m\u00fasica de Frei Ant\u00f4nio Fernando Fabretti, as Irm\u00e3s Clarissas abrilhantaram a celebra\u00e7\u00e3o. Al\u00e9m das inten\u00e7\u00f5es por todos os frades da Prov\u00edncia da Imaculada Concei\u00e7\u00e3o do Brasil e Irm\u00e3s da Federa\u00e7\u00e3o Sagrada Fam\u00edlia, duas inten\u00e7\u00f5es s\u00e3o especiais: o anivers\u00e1rio de 60 anos de Dona Teresinha Dellandrea, m\u00e3e de Frei Gabriel e Frei Daniel, e renova\u00e7\u00e3o dos votos perp\u00e9tuos das Irm\u00e3s Maria Francisca das Santas Chagas e Maria Clara do Pai Eterno.<\/p>\n<p><img loading=\"lazy\" class=\"alignnone size-full wp-image-244320\" src=\"https:\/\/franciscanos.org.br\/noticias\/wp-content\/uploads\/2023\/08\/perdao_02_1.jpg\" alt=\"\" width=\"1280\" height=\"853\" srcset=\"https:\/\/franciscanos.org.br\/noticias\/wp-content\/uploads\/2023\/08\/perdao_02_1.jpg 1280w, https:\/\/franciscanos.org.br\/noticias\/wp-content\/uploads\/2023\/08\/perdao_02_1-450x300.jpg 450w, https:\/\/franciscanos.org.br\/noticias\/wp-content\/uploads\/2023\/08\/perdao_02_1-1024x682.jpg 1024w, https:\/\/franciscanos.org.br\/noticias\/wp-content\/uploads\/2023\/08\/perdao_02_1-768x512.jpg 768w, https:\/\/franciscanos.org.br\/noticias\/wp-content\/uploads\/2023\/08\/perdao_02_1-150x100.jpg 150w\" sizes=\"(max-width: 1280px) 100vw, 1280px\" \/><\/p>\n<p>Na homilia, Frei Gabriel ressaltou a import\u00e2ncia desta festa mariana para toda Ordem e Fam\u00edlia Franciscana, que est\u00e1 ligada \u00e0 dedica\u00e7\u00e3o de uma Igreja. Segundo ele, existe um texto das Fontes Franciscanas que diz que se um dia os frades forem expulsos desta igreja pela porta da frente, eles seriam obrigados a entrar pela janela. \u201c\u00c9 nesta igreja que tudo come\u00e7a. O esp\u00edrito que brota desta igrejinha se espalhou pelo mundo atrav\u00e9s do carisma franciscano e atinge os cora\u00e7\u00f5es daqueles que at\u00e9 mesmo nunca foram at\u00e9 l\u00e1. N\u00f3s conhecemos os frutos daqueles que em Santa Maria dos Anjos come\u00e7aram este carisma e que se espalhou at\u00e9 n\u00f3s\u201d, disse.<\/p>\n<p>Frei Gabriel, que foi ordenado presb\u00edtero em maio deste ano, explicou que esta igreja \u00e9 dedicada \u00e0 Virgem Maria, cuja padroeira \u00e9 Nossa Senhora dos Anjos, motivo de grande vigor vocacional. \u201cComo ouvimos no Evangelho, Maria deu um sim generoso a Deus. Tanto amor teu sim nos deu\u2019, frisou, citando o canto de aclama\u00e7\u00e3o.<\/p>\n<p><img loading=\"lazy\" class=\"alignnone wp-image-244328 size-full\" src=\"https:\/\/franciscanos.org.br\/noticias\/wp-content\/uploads\/2023\/08\/perdao_02_4_1.jpg\" alt=\"\" width=\"1280\" height=\"1058\" srcset=\"https:\/\/franciscanos.org.br\/noticias\/wp-content\/uploads\/2023\/08\/perdao_02_4_1.jpg 1280w, https:\/\/franciscanos.org.br\/noticias\/wp-content\/uploads\/2023\/08\/perdao_02_4_1-450x372.jpg 450w, https:\/\/franciscanos.org.br\/noticias\/wp-content\/uploads\/2023\/08\/perdao_02_4_1-1024x846.jpg 1024w, https:\/\/franciscanos.org.br\/noticias\/wp-content\/uploads\/2023\/08\/perdao_02_4_1-768x635.jpg 768w, https:\/\/franciscanos.org.br\/noticias\/wp-content\/uploads\/2023\/08\/perdao_02_4_1-150x124.jpg 150w\" sizes=\"(max-width: 1280px) 100vw, 1280px\" \/><\/p>\n<p>\u201cUm sim generoso, um sim como o das irm\u00e3s que renovaram os votos. Assim como Maria, que inspirou Francisco e Clara a darem seu sim, especialmente o de Clara que aqui consagrou-se, queremos com Maria dar o nosso sim\u201d, destacou.<\/p>\n<p>Segundo ele, um outro motivo de n\u00e3o \u2018arredar o p\u00e9\u2019 de Nossa Senhora dos Anjos da Porci\u00fancula \u00e9 pelo fato de que ali, S\u00e3o Francisco continuou a reconstru\u00e7\u00e3o da igreja de pedras e de cora\u00e7\u00f5es. \u201cS\u00e3o Francisco ao reconstruir a Igrejinha ele reconstr\u00f3i tamb\u00e9m a nossa vida. \u00c9 mais um motivo de querermos estar mais perto do esp\u00edrito que ronda a Igreja da Porci\u00fancula\u201d, sublinhou e citou o Papa Francisco que com seu apostolado tamb\u00e9m busca inspira\u00e7\u00e3o em S\u00e3o Francisco para reconstruir a Igreja atrav\u00e9s de suas a\u00e7\u00f5es em favor dos mais pobres e necessitados.<\/p>\n<p><img loading=\"lazy\" class=\"alignnone size-full wp-image-244322\" src=\"https:\/\/franciscanos.org.br\/noticias\/wp-content\/uploads\/2023\/08\/perdao_02_5.png\" alt=\"\" width=\"1280\" height=\"960\" srcset=\"https:\/\/franciscanos.org.br\/noticias\/wp-content\/uploads\/2023\/08\/perdao_02_5.png 1280w, https:\/\/franciscanos.org.br\/noticias\/wp-content\/uploads\/2023\/08\/perdao_02_5-450x338.png 450w, https:\/\/franciscanos.org.br\/noticias\/wp-content\/uploads\/2023\/08\/perdao_02_5-1024x768.png 1024w, https:\/\/franciscanos.org.br\/noticias\/wp-content\/uploads\/2023\/08\/perdao_02_5-768x576.png 768w, https:\/\/franciscanos.org.br\/noticias\/wp-content\/uploads\/2023\/08\/perdao_02_5-150x113.png 150w, https:\/\/franciscanos.org.br\/noticias\/wp-content\/uploads\/2023\/08\/perdao_02_5-600x450.png 600w\" sizes=\"(max-width: 1280px) 100vw, 1280px\" \/><\/p>\n<p>Fez mem\u00f3ria que \u00e9 nesta Igreja que S\u00e3o Francisco pede ao Papa a Indulg\u00eancia Plen\u00e1ria n\u00e3o por anos, mas por almas. \u201cEu quero o exagero do perd\u00e3o. Eu quero o perd\u00e3o para sempre\u201d, disse e explicou que \u00e9 nesta igreja que S\u00e3o Francisco conquista o Perd\u00e3o de Assis.<\/p>\n<p>\u201cE nesta celebra\u00e7\u00e3o queremos renovar o nosso sim vocacional. O sim como irm\u00e3s, como frades e povo de Deus. Junto com S\u00e3o Francisco e Santa Clara, queremos continuar mostrando como \u00e9 bom termos um Deus que nos ama, como \u00e9 bom transformar a Palavra de Deus em a\u00e7\u00e3o. \u00c9 a partir desta igreja que Clara come\u00e7ou a sua convers\u00e3o. Com certeza quando ela disse \u2018n\u00e3o perca de vista seu ponto de partida\u2019, \u00e9 porque tem muito ponto de partida aqui. Que n\u00f3s com nossa voca\u00e7\u00e3o n\u00e3o percamos de vista nosso ponto de partida\u201d, concluiu.<\/p>\n<p>No final, Frei Gabriel agradeceu \u00e0s Irm\u00e3s Clarissas pela celebra\u00e7\u00e3o e pelas ora\u00e7\u00f5es. Partilhou tamb\u00e9m sobre a recente realiza\u00e7\u00e3o da Caminhada Franciscana da Juventude, realizada no \u00faltimo final de semana em Vila Velha, e agradeceu por todo apoio e incentivo das irm\u00e3s. Depois, os frades foram acolhidos no refeit\u00f3rio das Irm\u00e3s Clarissas, como Clara um dia foi acolhida por Francisco em Santa Maria dos Anjos, para uma bonita partilha de vida e do p\u00e3o de cada dia.<\/p>\n<p><img loading=\"lazy\" class=\"alignnone size-full wp-image-244323\" src=\"https:\/\/franciscanos.org.br\/noticias\/wp-content\/uploads\/2023\/08\/perdao_02_3.png\" alt=\"\" width=\"1280\" height=\"781\" srcset=\"https:\/\/franciscanos.org.br\/noticias\/wp-content\/uploads\/2023\/08\/perdao_02_3.png 1280w, https:\/\/franciscanos.org.br\/noticias\/wp-content\/uploads\/2023\/08\/perdao_02_3-450x275.png 450w, https:\/\/franciscanos.org.br\/noticias\/wp-content\/uploads\/2023\/08\/perdao_02_3-1024x625.png 1024w, https:\/\/franciscanos.org.br\/noticias\/wp-content\/uploads\/2023\/08\/perdao_02_3-768x469.png 768w, https:\/\/franciscanos.org.br\/noticias\/wp-content\/uploads\/2023\/08\/perdao_02_3-150x92.png 150w\" sizes=\"(max-width: 1280px) 100vw, 1280px\" \/><\/p>\n<p>Neste ano, as irm\u00e3s do Mosteiro Sant\u00edssima Trindade dar\u00e3o continuidade \u00e0 s\u00e9rie \u201cClara por Claras\u201d. O Especial, que j\u00e1 chega em sua 4\u00aa edi\u00e7\u00e3o, pode ser acompanhado pela Web TvFranciscanos no YouTube e visa celebrar as festividades pelo dia de Santa Clara, celebrado por toda Igreja e Fam\u00edlia Franciscana no dia 11 de agosto.<\/p>\n<hr \/>\n<p><em>Frei Augusto Luiz Gabriel e Frei Roger Strapazzon<\/em><\/p>\n","protected":false},"excerpt":{"rendered":"<p>Perd\u00e3o de Assis\/Santa Maria dos Anjos<\/p>\n","protected":false},"author":3,"featured_media":244319,"comment_status":"open","ping_status":"open","sticky":false,"template":"","format":"standard","meta":[],"categories":[1],"tags":[171,1896,1511],"acf":[],"yoast_head":"<!-- This site is optimized with the Yoast SEO plugin v19.2 - https:\/\/yoast.com\/wordpress\/plugins\/seo\/ -->\n<title>Frades e Clarissas celebram a miseric\u00f3rdia de Deus no Mosteiro de Colatina - Not\u00edcias - Franciscanos<\/title>\n<meta name=\"robots\" content=\"index, follow, max-snippet:-1, max-image-preview:large, max-video-preview:-1\" \/>\n<link rel=\"canonical\" href=\"https:\/\/franciscanos.org.br\/noticias\/frades-e-clarissas-celebram-a-misericordia-de-deus-no-mosteiro-de-colatina.html\" \/>\n<meta property=\"og:locale\" content=\"pt_BR\" \/>\n<meta property=\"og:type\" content=\"article\" \/>\n<meta property=\"og:title\" content=\"Frades e Clarissas celebram a miseric\u00f3rdia de Deus no Mosteiro de Colatina - Not\u00edcias - Franciscanos\" \/>\n<meta property=\"og:description\" content=\"Perd\u00e3o de Assis\/Santa Maria dos Anjos\" \/>\n<meta property=\"og:url\" content=\"https:\/\/franciscanos.org.br\/noticias\/frades-e-clarissas-celebram-a-misericordia-de-deus-no-mosteiro-de-colatina.html\" \/>\n<meta property=\"og:site_name\" content=\"Not\u00edcias - Franciscanos\" \/>\n<meta property=\"article:published_time\" content=\"2023-08-02T20:59:54+00:00\" \/>\n<meta property=\"article:modified_time\" content=\"2025-12-30T03:40:52+00:00\" \/>\n<meta property=\"og:image\" content=\"https:\/\/franciscanos.org.br\/noticias\/wp-content\/uploads\/2023\/08\/perdao_02.jpg\" \/>\n\t<meta property=\"og:image:width\" content=\"1280\" \/>\n\t<meta property=\"og:image:height\" content=\"720\" \/>\n\t<meta property=\"og:image:type\" content=\"image\/jpeg\" \/>\n<meta name=\"author\" content=\"moacir\" \/>\n<meta name=\"twitter:card\" content=\"summary_large_image\" \/>\n<meta name=\"twitter:label1\" content=\"Escrito por\" \/>\n\t<meta name=\"twitter:data1\" content=\"moacir\" \/>\n\t<meta name=\"twitter:label2\" content=\"Est. tempo de leitura\" \/>\n\t<meta name=\"twitter:data2\" content=\"6 minutos\" \/>\n<script type=\"application\/ld+json\" class=\"yoast-schema-graph\">{\"@context\":\"https:\/\/schema.org\",\"@graph\":[{\"@type\":\"WebSite\",\"@id\":\"https:\/\/franciscanos.org.br\/noticias\/#website\",\"url\":\"https:\/\/franciscanos.org.br\/noticias\/\",\"name\":\"Not\u00edcias - Franciscanos\",\"description\":\"Prov\u00edncia Franciscana da Imaculada Concei\u00e7\u00e3o do Brasil - Ordem dos Frades Menores - OFM\",\"potentialAction\":[{\"@type\":\"SearchAction\",\"target\":{\"@type\":\"EntryPoint\",\"urlTemplate\":\"https:\/\/franciscanos.org.br\/noticias\/?s={search_term_string}\"},\"query-input\":\"required name=search_term_string\"}],\"inLanguage\":\"pt-BR\"},{\"@type\":\"ImageObject\",\"inLanguage\":\"pt-BR\",\"@id\":\"https:\/\/franciscanos.org.br\/noticias\/frades-e-clarissas-celebram-a-misericordia-de-deus-no-mosteiro-de-colatina.html#primaryimage\",\"url\":\"https:\/\/franciscanos.org.br\/noticias\/wp-content\/uploads\/2023\/08\/perdao_02.jpg\",\"contentUrl\":\"https:\/\/franciscanos.org.br\/noticias\/wp-content\/uploads\/2023\/08\/perdao_02.jpg\",\"width\":1280,\"height\":720},{\"@type\":\"WebPage\",\"@id\":\"https:\/\/franciscanos.org.br\/noticias\/frades-e-clarissas-celebram-a-misericordia-de-deus-no-mosteiro-de-colatina.html#webpage\",\"url\":\"https:\/\/franciscanos.org.br\/noticias\/frades-e-clarissas-celebram-a-misericordia-de-deus-no-mosteiro-de-colatina.html\",\"name\":\"Frades e Clarissas celebram a miseric\u00f3rdia de Deus no Mosteiro de Colatina - Not\u00edcias - Franciscanos\",\"isPartOf\":{\"@id\":\"https:\/\/franciscanos.org.br\/noticias\/#website\"},\"primaryImageOfPage\":{\"@id\":\"https:\/\/franciscanos.org.br\/noticias\/frades-e-clarissas-celebram-a-misericordia-de-deus-no-mosteiro-de-colatina.html#primaryimage\"},\"datePublished\":\"2023-08-02T20:59:54+00:00\",\"dateModified\":\"2025-12-30T03:40:52+00:00\",\"author\":{\"@id\":\"https:\/\/franciscanos.org.br\/noticias\/#\/schema\/person\/b5c8cba458c330ccff548b056e95a5d4\"},\"breadcrumb\":{\"@id\":\"https:\/\/franciscanos.org.br\/noticias\/frades-e-clarissas-celebram-a-misericordia-de-deus-no-mosteiro-de-colatina.html#breadcrumb\"},\"inLanguage\":\"pt-BR\",\"potentialAction\":[{\"@type\":\"ReadAction\",\"target\":[\"https:\/\/franciscanos.org.br\/noticias\/frades-e-clarissas-celebram-a-misericordia-de-deus-no-mosteiro-de-colatina.html\"]}]},{\"@type\":\"BreadcrumbList\",\"@id\":\"https:\/\/franciscanos.org.br\/noticias\/frades-e-clarissas-celebram-a-misericordia-de-deus-no-mosteiro-de-colatina.html#breadcrumb\",\"itemListElement\":[{\"@type\":\"ListItem\",\"position\":1,\"name\":\"Home\",\"item\":\"https:\/\/franciscanos.org.br\/noticias\"},{\"@type\":\"ListItem\",\"position\":2,\"name\":\"Frades e Clarissas celebram a miseric\u00f3rdia de Deus no Mosteiro de Colatina\"}]},{\"@type\":\"Person\",\"@id\":\"https:\/\/franciscanos.org.br\/noticias\/#\/schema\/person\/b5c8cba458c330ccff548b056e95a5d4\",\"name\":\"moacir\",\"image\":{\"@type\":\"ImageObject\",\"inLanguage\":\"pt-BR\",\"@id\":\"https:\/\/franciscanos.org.br\/noticias\/#\/schema\/person\/image\/\",\"url\":\"https:\/\/secure.gravatar.com\/avatar\/d08aa2ce4c8dd416d4479aa8536fcf64?s=96&d=mm&r=g\",\"contentUrl\":\"https:\/\/secure.gravatar.com\/avatar\/d08aa2ce4c8dd416d4479aa8536fcf64?s=96&d=mm&r=g\",\"caption\":\"moacir\"},\"url\":\"https:\/\/franciscanos.org.br\/noticias\/author\/moacir\"}]}<\/script>\n<!-- \/ Yoast SEO plugin. -->","yoast_head_json":{"title":"Frades e Clarissas celebram a miseric\u00f3rdia de Deus no Mosteiro de Colatina - Not\u00edcias - Franciscanos","robots":{"index":"index","follow":"follow","max-snippet":"max-snippet:-1","max-image-preview":"max-image-preview:large","max-video-preview":"max-video-preview:-1"},"canonical":"https:\/\/franciscanos.org.br\/noticias\/frades-e-clarissas-celebram-a-misericordia-de-deus-no-mosteiro-de-colatina.html","og_locale":"pt_BR","og_type":"article","og_title":"Frades e Clarissas celebram a miseric\u00f3rdia de Deus no Mosteiro de Colatina - Not\u00edcias - Franciscanos","og_description":"Perd\u00e3o de Assis\/Santa Maria dos Anjos","og_url":"https:\/\/franciscanos.org.br\/noticias\/frades-e-clarissas-celebram-a-misericordia-de-deus-no-mosteiro-de-colatina.html","og_site_name":"Not\u00edcias - Franciscanos","article_published_time":"2023-08-02T20:59:54+00:00","article_modified_time":"2025-12-30T03:40:52+00:00","og_image":[{"width":1280,"height":720,"url":"https:\/\/franciscanos.org.br\/noticias\/wp-content\/uploads\/2023\/08\/perdao_02.jpg","type":"image\/jpeg"}],"author":"moacir","twitter_card":"summary_large_image","twitter_misc":{"Escrito por":"moacir","Est. tempo de leitura":"6 minutos"},"schema":{"@context":"https:\/\/schema.org","@graph":[{"@type":"WebSite","@id":"https:\/\/franciscanos.org.br\/noticias\/#website","url":"https:\/\/franciscanos.org.br\/noticias\/","name":"Not\u00edcias - Franciscanos","description":"Prov\u00edncia Franciscana da Imaculada Concei\u00e7\u00e3o do Brasil - Ordem dos Frades Menores - OFM","potentialAction":[{"@type":"SearchAction","target":{"@type":"EntryPoint","urlTemplate":"https:\/\/franciscanos.org.br\/noticias\/?s={search_term_string}"},"query-input":"required name=search_term_string"}],"inLanguage":"pt-BR"},{"@type":"ImageObject","inLanguage":"pt-BR","@id":"https:\/\/franciscanos.org.br\/noticias\/frades-e-clarissas-celebram-a-misericordia-de-deus-no-mosteiro-de-colatina.html#primaryimage","url":"https:\/\/franciscanos.org.br\/noticias\/wp-content\/uploads\/2023\/08\/perdao_02.jpg","contentUrl":"https:\/\/franciscanos.org.br\/noticias\/wp-content\/uploads\/2023\/08\/perdao_02.jpg","width":1280,"height":720},{"@type":"WebPage","@id":"https:\/\/franciscanos.org.br\/noticias\/frades-e-clarissas-celebram-a-misericordia-de-deus-no-mosteiro-de-colatina.html#webpage","url":"https:\/\/franciscanos.org.br\/noticias\/frades-e-clarissas-celebram-a-misericordia-de-deus-no-mosteiro-de-colatina.html","name":"Frades e Clarissas celebram a miseric\u00f3rdia de Deus no Mosteiro de Colatina - Not\u00edcias - Franciscanos","isPartOf":{"@id":"https:\/\/franciscanos.org.br\/noticias\/#website"},"primaryImageOfPage":{"@id":"https:\/\/franciscanos.org.br\/noticias\/frades-e-clarissas-celebram-a-misericordia-de-deus-no-mosteiro-de-colatina.html#primaryimage"},"datePublished":"2023-08-02T20:59:54+00:00","dateModified":"2025-12-30T03:40:52+00:00","author":{"@id":"https:\/\/franciscanos.org.br\/noticias\/#\/schema\/person\/b5c8cba458c330ccff548b056e95a5d4"},"breadcrumb":{"@id":"https:\/\/franciscanos.org.br\/noticias\/frades-e-clarissas-celebram-a-misericordia-de-deus-no-mosteiro-de-colatina.html#breadcrumb"},"inLanguage":"pt-BR","potentialAction":[{"@type":"ReadAction","target":["https:\/\/franciscanos.org.br\/noticias\/frades-e-clarissas-celebram-a-misericordia-de-deus-no-mosteiro-de-colatina.html"]}]},{"@type":"BreadcrumbList","@id":"https:\/\/franciscanos.org.br\/noticias\/frades-e-clarissas-celebram-a-misericordia-de-deus-no-mosteiro-de-colatina.html#breadcrumb","itemListElement":[{"@type":"ListItem","position":1,"name":"Home","item":"https:\/\/franciscanos.org.br\/noticias"},{"@type":"ListItem","position":2,"name":"Frades e Clarissas celebram a miseric\u00f3rdia de Deus no Mosteiro de Colatina"}]},{"@type":"Person","@id":"https:\/\/franciscanos.org.br\/noticias\/#\/schema\/person\/b5c8cba458c330ccff548b056e95a5d4","name":"moacir","image":{"@type":"ImageObject","inLanguage":"pt-BR","@id":"https:\/\/franciscanos.org.br\/noticias\/#\/schema\/person\/image\/","url":"https:\/\/secure.gravatar.com\/avatar\/d08aa2ce4c8dd416d4479aa8536fcf64?s=96&d=mm&r=g","contentUrl":"https:\/\/secure.gravatar.com\/avatar\/d08aa2ce4c8dd416d4479aa8536fcf64?s=96&d=mm&r=g","caption":"moacir"},"url":"https:\/\/franciscanos.org.br\/noticias\/author\/moacir"}]}},"_links":{"self":[{"href":"https:\/\/franciscanos.org.br\/noticias\/wp-json\/wp\/v2\/posts\/244318"}],"collection":[{"href":"https:\/\/franciscanos.org.br\/noticias\/wp-json\/wp\/v2\/posts"}],"about":[{"href":"https:\/\/franciscanos.org.br\/noticias\/wp-json\/wp\/v2\/types\/post"}],"author":[{"embeddable":true,"href":"https:\/\/franciscanos.org.br\/noticias\/wp-json\/wp\/v2\/users\/3"}],"replies":[{"embeddable":true,"href":"https:\/\/franciscanos.org.br\/noticias\/wp-json\/wp\/v2\/comments?post=244318"}],"version-history":[{"count":5,"href":"https:\/\/franciscanos.org.br\/noticias\/wp-json\/wp\/v2\/posts\/244318\/revisions"}],"predecessor-version":[{"id":244329,"href":"https:\/\/franciscanos.org.br\/noticias\/wp-json\/wp\/v2\/posts\/244318\/revisions\/244329"}],"wp:featuredmedia":[{"embeddable":true,"href":"https:\/\/franciscanos.org.br\/noticias\/wp-json\/wp\/v2\/media\/244319"}],"wp:attachment":[{"href":"https:\/\/franciscanos.org.br\/noticias\/wp-json\/wp\/v2\/media?parent=244318"}],"wp:term":[{"taxonomy":"category","embeddable":true,"href":"https:\/\/franciscanos.org.br\/noticias\/wp-json\/wp\/v2\/categories?post=244318"},{"taxonomy":"post_tag","embeddable":true,"href":"https:\/\/franciscanos.org.br\/noticias\/wp-json\/wp\/v2\/tags?post=244318"}],"curies":[{"name":"wp","href":"https:\/\/api.w.org\/{rel}","templated":true}]}}