{"id":244305,"date":"2023-08-02T07:46:41","date_gmt":"2023-08-02T10:46:41","guid":{"rendered":"https:\/\/franciscanos.org.br\/noticias\/?p=244305"},"modified":"2023-08-02T07:51:38","modified_gmt":"2023-08-02T10:51:38","slug":"aberta-a-jmj-e-papa-francisco-chega-a-lisboa","status":"publish","type":"post","link":"https:\/\/franciscanos.org.br\/noticias\/aberta-a-jmj-e-papa-francisco-chega-a-lisboa.html","title":{"rendered":"Aberta a JMJ e Papa Francisco chega a Lisboa"},"content":{"rendered":"<div id=\"attachment_244307\" style=\"width: 1290px\" class=\"wp-caption alignnone\"><img aria-describedby=\"caption-attachment-244307\" loading=\"lazy\" class=\"wp-image-244307 size-full\" src=\"https:\/\/franciscanos.org.br\/noticias\/wp-content\/uploads\/2023\/08\/jmj_0208.jpg\" alt=\"\" width=\"1280\" height=\"720\" srcset=\"https:\/\/franciscanos.org.br\/noticias\/wp-content\/uploads\/2023\/08\/jmj_0208.jpg 1280w, https:\/\/franciscanos.org.br\/noticias\/wp-content\/uploads\/2023\/08\/jmj_0208-450x253.jpg 450w, https:\/\/franciscanos.org.br\/noticias\/wp-content\/uploads\/2023\/08\/jmj_0208-1024x576.jpg 1024w, https:\/\/franciscanos.org.br\/noticias\/wp-content\/uploads\/2023\/08\/jmj_0208-768x432.jpg 768w, https:\/\/franciscanos.org.br\/noticias\/wp-content\/uploads\/2023\/08\/jmj_0208-150x84.jpg 150w\" sizes=\"(max-width: 1280px) 100vw, 1280px\" \/><p id=\"caption-attachment-244307\" class=\"wp-caption-text\"><em>Imagens: site oficial JMJ Lisboa 2023<\/em><\/p><\/div>\n<p><strong>O Papa Francisco, de 86 anos, chegou na manh\u00e3 desta quarta-feira a Lisboa, onde um milh\u00e3o de jovens peregrinos de todos os continentes o esperam para participar na Jornada Mundial da Juventude (JMJ). Na tarde desta ter\u00e7a-feira, 1 de agosto, teve lugar a Missa de abertura da JMJ presidida pelo Cardeal Patriarca de Lisboa, Dom Manuel Clemente, no Parque Eduardo VII de Lisboa.<\/strong><\/p>\n<div id=\"attachment_244306\" style=\"width: 1010px\" class=\"wp-caption alignnone\"><img aria-describedby=\"caption-attachment-244306\" loading=\"lazy\" class=\"wp-image-244306 size-full\" src=\"https:\/\/franciscanos.org.br\/noticias\/wp-content\/uploads\/2023\/08\/01.jpeg\" alt=\"\" width=\"1000\" height=\"563\" srcset=\"https:\/\/franciscanos.org.br\/noticias\/wp-content\/uploads\/2023\/08\/01.jpeg 1000w, https:\/\/franciscanos.org.br\/noticias\/wp-content\/uploads\/2023\/08\/01-450x253.jpeg 450w, https:\/\/franciscanos.org.br\/noticias\/wp-content\/uploads\/2023\/08\/01-768x432.jpeg 768w, https:\/\/franciscanos.org.br\/noticias\/wp-content\/uploads\/2023\/08\/01-150x84.jpeg 150w\" sizes=\"(max-width: 1000px) 100vw, 1000px\" \/><p id=\"caption-attachment-244306\" class=\"wp-caption-text\">Imagem: Vatican Media<\/p><\/div>\n<p>&#8220;Voltarei (desta viagem) rejuvenescido&#8221;, disse aos cerca de 70 jornalistas que o acompanhavam no avi\u00e3o que aterrisou \u00e0s 9h45 (hor\u00e1rio local) na Base A\u00e9rea de Figo Maduro, na capital portuguesa. O Pont\u00edfice foi recebido pelo presidente Marcelo Rebelo de Sousa. Duas crian\u00e7as em vestes tradicionais lhe ofereceram flores. Em cadeira de rodas, o Papa saudou ent\u00e3o as delega\u00e7\u00f5es presentes e a Guarda de Honra, enquanto se dirigia para a VIP Lounge montada no Hangar da Base A\u00e9rea, onde conversou por alguns minutos com o presidente portugu\u00eas, antes de se dirigir ao Pal\u00e1cio Nacional de Bel\u00e9m, distante 6,7 km, para a cerim\u00f4nia de boas-vindas.<\/p>\n<p>Com 11 pronunciamentos, entre discursos e homilias, e cerca de vinte encontros, o programa desta 42\u00aa Viagem Apost\u00f3lica promete ser movimentado para o jesu\u00edta argentino, dois meses ap\u00f3s a cirurgia a que foi submetido no Hospital Gemelli.<\/p>\n<p>Nos diversos encontros, Francisco tratar\u00e1 de temas como f\u00e9, convers\u00e3o, fraternidade, paz, guerra na Ucr\u00e2nia, cuidado com a &#8220;Casa Comum, justi\u00e7a social;<\/p>\n<p>No total, os organizadores esperam um milh\u00e3o de peregrinos de mais de 200 pa\u00edses para esta semana de eventos espirituais, culturais e festivos, aberto na ter\u00e7a-feira com uma Missa no alto de uma colina pr\u00f3xima ao centro da cidade e \u00e0 foz do Tejo.<\/p>\n<h2><img loading=\"lazy\" class=\"alignnone size-full wp-image-244309\" src=\"https:\/\/franciscanos.org.br\/noticias\/wp-content\/uploads\/2023\/08\/jmj_0208_2.jpg\" alt=\"\" width=\"1280\" height=\"853\" srcset=\"https:\/\/franciscanos.org.br\/noticias\/wp-content\/uploads\/2023\/08\/jmj_0208_2.jpg 1280w, https:\/\/franciscanos.org.br\/noticias\/wp-content\/uploads\/2023\/08\/jmj_0208_2-450x300.jpg 450w, https:\/\/franciscanos.org.br\/noticias\/wp-content\/uploads\/2023\/08\/jmj_0208_2-1024x682.jpg 1024w, https:\/\/franciscanos.org.br\/noticias\/wp-content\/uploads\/2023\/08\/jmj_0208_2-768x512.jpg 768w, https:\/\/franciscanos.org.br\/noticias\/wp-content\/uploads\/2023\/08\/jmj_0208_2-150x100.jpg 150w\" sizes=\"(max-width: 1280px) 100vw, 1280px\" \/><br \/>\nDom Manuel Clemente na abertura da JMJ: \u201cAprender com Maria&#8221;<\/h2>\n<p>Na tarde desta ter\u00e7a-feira, 1 de agosto, teve lugar a Missa de abertura da JMJ presidida pelo Cardeal Patriarca de Lisboa, Dom Manuel Clemente, no Parque Eduardo VII de Lisboa.<br \/>\nP. Bernardo Suate, para o Vatican News<\/p>\n<p>Perante uma enorme multid\u00e3o de jovens em festa e provenientes de todas as latitudes, a cerim\u00f3nia foi um evento de festa e de encontro, que j\u00e1 mostra uma Igreja jovem que se coloca a caminho com o sucessor de Pedro, rumo \u00e0 constru\u00e7\u00e3o de uma sociedade mais fraterna.<\/p>\n<p>Focado no tema da Jornada (\u201cMaria levantou-se e partiu apressadamente ao encontro de Isabel\u201d), Dom Manuel Clemente deu as boas vindas aos \u201ccar\u00edssimos amigos aqui chegados do mundo inteiro para a Jornada Mundial da Juventude Lisboa, bem-vindos tamb\u00e9m na amplitude ecum\u00e9nica, inter-religiosa e de boa vontade que estes dias t\u00eam e congregam\u201d, enfatizou Dom Clemente.<\/p>\n<p>Como Maria, sublinhou ainda o purpurado, tamb\u00e9m v\u00f3s vos pusestes a caminho e para muitos de v\u00f3s foi um caminho dif\u00edcil pela dist\u00e2ncia, as liga\u00e7\u00f5es e os custos que a viagem envolveu &#8211; foi preciso juntar recursos, desenvolver atividades para os obter e contar com solidariedades que gra\u00e7as a Deus n\u00e3o faltaram.<\/p>\n<p><img loading=\"lazy\" class=\"alignnone size-full wp-image-244310\" src=\"https:\/\/franciscanos.org.br\/noticias\/wp-content\/uploads\/2023\/08\/jmj_0208_3.jpg\" alt=\"\" width=\"1280\" height=\"853\" srcset=\"https:\/\/franciscanos.org.br\/noticias\/wp-content\/uploads\/2023\/08\/jmj_0208_3.jpg 1280w, https:\/\/franciscanos.org.br\/noticias\/wp-content\/uploads\/2023\/08\/jmj_0208_3-450x300.jpg 450w, https:\/\/franciscanos.org.br\/noticias\/wp-content\/uploads\/2023\/08\/jmj_0208_3-1024x682.jpg 1024w, https:\/\/franciscanos.org.br\/noticias\/wp-content\/uploads\/2023\/08\/jmj_0208_3-768x512.jpg 768w, https:\/\/franciscanos.org.br\/noticias\/wp-content\/uploads\/2023\/08\/jmj_0208_3-150x100.jpg 150w\" sizes=\"(max-width: 1280px) 100vw, 1280px\" \/><\/p>\n<p>O Cardeal falou tamb\u00e9m aos jovens do mundo virtual que nos mant\u00e9m sentados, diante de meios que facilmente nos usam quando julgamos us\u00e1-los, enquanto pelo contr\u00e1rio, a realidade consistente nos p\u00f5e a caminho, ao encontro dos outros e do mundo como ele.<\/p>\n<p>Dom Manuel Clemente falou em seguida da pressa de Maria e, com ela, tamb\u00e9m da urg\u00eancia do an\u00fancio, do testemunho e da visita\u00e7\u00e3o permanente aos outros. Pressa, contudo, que n\u00e3o se confunde com a \u00e2nsia, porque a pressa \u00e9 partilhar o que j\u00e1 nos leva e por isso \u00e9 uma urg\u00eancia serena e sem atropelo.<\/p>\n<p>E por \u00faltimo a sauda\u00e7\u00e3o de Maria de que falta muito mesmo no mundo em que estamos, sublinhou o Cardeal, sobretudo quando n\u00e3o nos damos bem com os outros, nem reparamos naqueles que encontramos. Aprendamos com Maria a saudar a todos e cada um; pratiquemo-lo intensamente nos dias desta Jornada Mundial da Juventude, concluiu o Cardeal Dom Clemente recordando que mundo novo come\u00e7a na novidade de cada encontro e na sinceridade da sauda\u00e7\u00e3o que trocarmos.<\/p>\n<p><img loading=\"lazy\" class=\"alignnone size-full wp-image-244311\" src=\"https:\/\/franciscanos.org.br\/noticias\/wp-content\/uploads\/2023\/08\/jmj_0208_4.jpg\" alt=\"\" width=\"1280\" height=\"658\" srcset=\"https:\/\/franciscanos.org.br\/noticias\/wp-content\/uploads\/2023\/08\/jmj_0208_4.jpg 1280w, https:\/\/franciscanos.org.br\/noticias\/wp-content\/uploads\/2023\/08\/jmj_0208_4-450x231.jpg 450w, https:\/\/franciscanos.org.br\/noticias\/wp-content\/uploads\/2023\/08\/jmj_0208_4-1024x526.jpg 1024w, https:\/\/franciscanos.org.br\/noticias\/wp-content\/uploads\/2023\/08\/jmj_0208_4-768x395.jpg 768w, https:\/\/franciscanos.org.br\/noticias\/wp-content\/uploads\/2023\/08\/jmj_0208_4-150x77.jpg 150w\" sizes=\"(max-width: 1280px) 100vw, 1280px\" \/><\/p>\n<p>Com a Missa de abertura, na qual se estima que participaram milhares de jovens foi um momento de festa e de encontro, que j\u00e1 mostra uma Igreja jovem que se coloca a caminho com o sucessor de Pedro rumo \u00e0 constru\u00e7\u00e3o de uma sociedade mais fraterna.<\/p>\n<p>Os olhares de todos est\u00e3o agora voltados para o Papa Francisco que chega pelo fim da manh\u00e3 de quarta-feira, 2 de agosto, cujos momentos mais significativos ser\u00e3o a visita de cortesia do Santo Padre ao Presidente da Rep\u00fablica e o t\u00e3o esperado encontro com as autoridades, a sociedade civil e o Corpo Diplom\u00e1tico, no Centro Cultural de Bel\u00e9m da capital portuguesa.<\/p>\n<hr \/>\n<p><em>Fonte: Vatican News (P. Bernardo Suate,) e site oficial da JMJ Lisboa 2023<\/em><\/p>\n<p>&nbsp;<\/p>\n<p><strong>VEJA TAMB\u00c9M<\/strong><\/p>\n<blockquote class=\"wp-embedded-content\" data-secret=\"bWon0or8DN\"><p><a href=\"https:\/\/franciscanos.org.br\/vidacrista\/especiais\/jornada-mundial-da-juventude-lisboa-2023\/\">Jornada Mundial da Juventude Lisboa 2023<\/a><\/p><\/blockquote>\n<p><iframe class=\"wp-embedded-content\" sandbox=\"allow-scripts\" security=\"restricted\" style=\"position: absolute; clip: rect(1px, 1px, 1px, 1px);\" title=\"&#8220;Jornada Mundial da Juventude Lisboa 2023&#8221; &#8212; Vida Crist\u00e3 - Franciscanos\" src=\"https:\/\/franciscanos.org.br\/vidacrista\/especiais\/jornada-mundial-da-juventude-lisboa-2023\/embed\/#?secret=edInh1q3Lh#?secret=bWon0or8DN\" data-secret=\"bWon0or8DN\" width=\"500\" height=\"282\" frameborder=\"0\" marginwidth=\"0\" marginheight=\"0\" scrolling=\"no\"><\/iframe><\/p>\n","protected":false},"excerpt":{"rendered":"<p>JMJ Lisboa 2023<\/p>\n","protected":false},"author":3,"featured_media":244307,"comment_status":"open","ping_status":"open","sticky":false,"template":"","format":"standard","meta":[],"categories":[1],"tags":[1797],"acf":[],"yoast_head":"<!-- This site is optimized with the Yoast SEO plugin v19.2 - https:\/\/yoast.com\/wordpress\/plugins\/seo\/ -->\n<title>Aberta a JMJ e Papa Francisco chega a Lisboa - Not\u00edcias - Franciscanos<\/title>\n<meta name=\"robots\" content=\"index, follow, max-snippet:-1, max-image-preview:large, max-video-preview:-1\" \/>\n<link rel=\"canonical\" href=\"https:\/\/franciscanos.org.br\/noticias\/aberta-a-jmj-e-papa-francisco-chega-a-lisboa.html\" \/>\n<meta property=\"og:locale\" content=\"pt_BR\" \/>\n<meta property=\"og:type\" content=\"article\" \/>\n<meta property=\"og:title\" content=\"Aberta a JMJ e Papa Francisco chega a Lisboa - Not\u00edcias - Franciscanos\" \/>\n<meta property=\"og:description\" content=\"JMJ Lisboa 2023\" \/>\n<meta property=\"og:url\" content=\"https:\/\/franciscanos.org.br\/noticias\/aberta-a-jmj-e-papa-francisco-chega-a-lisboa.html\" \/>\n<meta property=\"og:site_name\" content=\"Not\u00edcias - Franciscanos\" \/>\n<meta property=\"article:published_time\" content=\"2023-08-02T10:46:41+00:00\" \/>\n<meta property=\"article:modified_time\" content=\"2023-08-02T10:51:38+00:00\" \/>\n<meta property=\"og:image\" content=\"https:\/\/franciscanos.org.br\/noticias\/wp-content\/uploads\/2023\/08\/jmj_0208.jpg\" \/>\n\t<meta property=\"og:image:width\" content=\"1280\" \/>\n\t<meta property=\"og:image:height\" content=\"720\" \/>\n\t<meta property=\"og:image:type\" content=\"image\/jpeg\" \/>\n<meta name=\"author\" content=\"moacir\" \/>\n<meta name=\"twitter:card\" content=\"summary_large_image\" \/>\n<meta name=\"twitter:label1\" content=\"Escrito por\" \/>\n\t<meta name=\"twitter:data1\" content=\"moacir\" \/>\n\t<meta name=\"twitter:label2\" content=\"Est. tempo de leitura\" \/>\n\t<meta name=\"twitter:data2\" content=\"4 minutos\" \/>\n<script type=\"application\/ld+json\" class=\"yoast-schema-graph\">{\"@context\":\"https:\/\/schema.org\",\"@graph\":[{\"@type\":\"WebSite\",\"@id\":\"https:\/\/franciscanos.org.br\/noticias\/#website\",\"url\":\"https:\/\/franciscanos.org.br\/noticias\/\",\"name\":\"Not\u00edcias - Franciscanos\",\"description\":\"Prov\u00edncia Franciscana da Imaculada Concei\u00e7\u00e3o do Brasil - Ordem dos Frades Menores - OFM\",\"potentialAction\":[{\"@type\":\"SearchAction\",\"target\":{\"@type\":\"EntryPoint\",\"urlTemplate\":\"https:\/\/franciscanos.org.br\/noticias\/?s={search_term_string}\"},\"query-input\":\"required name=search_term_string\"}],\"inLanguage\":\"pt-BR\"},{\"@type\":\"ImageObject\",\"inLanguage\":\"pt-BR\",\"@id\":\"https:\/\/franciscanos.org.br\/noticias\/aberta-a-jmj-e-papa-francisco-chega-a-lisboa.html#primaryimage\",\"url\":\"https:\/\/franciscanos.org.br\/noticias\/wp-content\/uploads\/2023\/08\/jmj_0208.jpg\",\"contentUrl\":\"https:\/\/franciscanos.org.br\/noticias\/wp-content\/uploads\/2023\/08\/jmj_0208.jpg\",\"width\":1280,\"height\":720},{\"@type\":\"WebPage\",\"@id\":\"https:\/\/franciscanos.org.br\/noticias\/aberta-a-jmj-e-papa-francisco-chega-a-lisboa.html#webpage\",\"url\":\"https:\/\/franciscanos.org.br\/noticias\/aberta-a-jmj-e-papa-francisco-chega-a-lisboa.html\",\"name\":\"Aberta a JMJ e Papa Francisco chega a Lisboa - Not\u00edcias - Franciscanos\",\"isPartOf\":{\"@id\":\"https:\/\/franciscanos.org.br\/noticias\/#website\"},\"primaryImageOfPage\":{\"@id\":\"https:\/\/franciscanos.org.br\/noticias\/aberta-a-jmj-e-papa-francisco-chega-a-lisboa.html#primaryimage\"},\"datePublished\":\"2023-08-02T10:46:41+00:00\",\"dateModified\":\"2023-08-02T10:51:38+00:00\",\"author\":{\"@id\":\"https:\/\/franciscanos.org.br\/noticias\/#\/schema\/person\/b5c8cba458c330ccff548b056e95a5d4\"},\"breadcrumb\":{\"@id\":\"https:\/\/franciscanos.org.br\/noticias\/aberta-a-jmj-e-papa-francisco-chega-a-lisboa.html#breadcrumb\"},\"inLanguage\":\"pt-BR\",\"potentialAction\":[{\"@type\":\"ReadAction\",\"target\":[\"https:\/\/franciscanos.org.br\/noticias\/aberta-a-jmj-e-papa-francisco-chega-a-lisboa.html\"]}]},{\"@type\":\"BreadcrumbList\",\"@id\":\"https:\/\/franciscanos.org.br\/noticias\/aberta-a-jmj-e-papa-francisco-chega-a-lisboa.html#breadcrumb\",\"itemListElement\":[{\"@type\":\"ListItem\",\"position\":1,\"name\":\"Home\",\"item\":\"https:\/\/franciscanos.org.br\/noticias\"},{\"@type\":\"ListItem\",\"position\":2,\"name\":\"Aberta a JMJ e Papa Francisco chega a Lisboa\"}]},{\"@type\":\"Person\",\"@id\":\"https:\/\/franciscanos.org.br\/noticias\/#\/schema\/person\/b5c8cba458c330ccff548b056e95a5d4\",\"name\":\"moacir\",\"image\":{\"@type\":\"ImageObject\",\"inLanguage\":\"pt-BR\",\"@id\":\"https:\/\/franciscanos.org.br\/noticias\/#\/schema\/person\/image\/\",\"url\":\"https:\/\/secure.gravatar.com\/avatar\/d08aa2ce4c8dd416d4479aa8536fcf64?s=96&d=mm&r=g\",\"contentUrl\":\"https:\/\/secure.gravatar.com\/avatar\/d08aa2ce4c8dd416d4479aa8536fcf64?s=96&d=mm&r=g\",\"caption\":\"moacir\"},\"url\":\"https:\/\/franciscanos.org.br\/noticias\/author\/moacir\"}]}<\/script>\n<!-- \/ Yoast SEO plugin. -->","yoast_head_json":{"title":"Aberta a JMJ e Papa Francisco chega a Lisboa - Not\u00edcias - Franciscanos","robots":{"index":"index","follow":"follow","max-snippet":"max-snippet:-1","max-image-preview":"max-image-preview:large","max-video-preview":"max-video-preview:-1"},"canonical":"https:\/\/franciscanos.org.br\/noticias\/aberta-a-jmj-e-papa-francisco-chega-a-lisboa.html","og_locale":"pt_BR","og_type":"article","og_title":"Aberta a JMJ e Papa Francisco chega a Lisboa - Not\u00edcias - Franciscanos","og_description":"JMJ Lisboa 2023","og_url":"https:\/\/franciscanos.org.br\/noticias\/aberta-a-jmj-e-papa-francisco-chega-a-lisboa.html","og_site_name":"Not\u00edcias - Franciscanos","article_published_time":"2023-08-02T10:46:41+00:00","article_modified_time":"2023-08-02T10:51:38+00:00","og_image":[{"width":1280,"height":720,"url":"https:\/\/franciscanos.org.br\/noticias\/wp-content\/uploads\/2023\/08\/jmj_0208.jpg","type":"image\/jpeg"}],"author":"moacir","twitter_card":"summary_large_image","twitter_misc":{"Escrito por":"moacir","Est. tempo de leitura":"4 minutos"},"schema":{"@context":"https:\/\/schema.org","@graph":[{"@type":"WebSite","@id":"https:\/\/franciscanos.org.br\/noticias\/#website","url":"https:\/\/franciscanos.org.br\/noticias\/","name":"Not\u00edcias - Franciscanos","description":"Prov\u00edncia Franciscana da Imaculada Concei\u00e7\u00e3o do Brasil - Ordem dos Frades Menores - OFM","potentialAction":[{"@type":"SearchAction","target":{"@type":"EntryPoint","urlTemplate":"https:\/\/franciscanos.org.br\/noticias\/?s={search_term_string}"},"query-input":"required name=search_term_string"}],"inLanguage":"pt-BR"},{"@type":"ImageObject","inLanguage":"pt-BR","@id":"https:\/\/franciscanos.org.br\/noticias\/aberta-a-jmj-e-papa-francisco-chega-a-lisboa.html#primaryimage","url":"https:\/\/franciscanos.org.br\/noticias\/wp-content\/uploads\/2023\/08\/jmj_0208.jpg","contentUrl":"https:\/\/franciscanos.org.br\/noticias\/wp-content\/uploads\/2023\/08\/jmj_0208.jpg","width":1280,"height":720},{"@type":"WebPage","@id":"https:\/\/franciscanos.org.br\/noticias\/aberta-a-jmj-e-papa-francisco-chega-a-lisboa.html#webpage","url":"https:\/\/franciscanos.org.br\/noticias\/aberta-a-jmj-e-papa-francisco-chega-a-lisboa.html","name":"Aberta a JMJ e Papa Francisco chega a Lisboa - Not\u00edcias - Franciscanos","isPartOf":{"@id":"https:\/\/franciscanos.org.br\/noticias\/#website"},"primaryImageOfPage":{"@id":"https:\/\/franciscanos.org.br\/noticias\/aberta-a-jmj-e-papa-francisco-chega-a-lisboa.html#primaryimage"},"datePublished":"2023-08-02T10:46:41+00:00","dateModified":"2023-08-02T10:51:38+00:00","author":{"@id":"https:\/\/franciscanos.org.br\/noticias\/#\/schema\/person\/b5c8cba458c330ccff548b056e95a5d4"},"breadcrumb":{"@id":"https:\/\/franciscanos.org.br\/noticias\/aberta-a-jmj-e-papa-francisco-chega-a-lisboa.html#breadcrumb"},"inLanguage":"pt-BR","potentialAction":[{"@type":"ReadAction","target":["https:\/\/franciscanos.org.br\/noticias\/aberta-a-jmj-e-papa-francisco-chega-a-lisboa.html"]}]},{"@type":"BreadcrumbList","@id":"https:\/\/franciscanos.org.br\/noticias\/aberta-a-jmj-e-papa-francisco-chega-a-lisboa.html#breadcrumb","itemListElement":[{"@type":"ListItem","position":1,"name":"Home","item":"https:\/\/franciscanos.org.br\/noticias"},{"@type":"ListItem","position":2,"name":"Aberta a JMJ e Papa Francisco chega a Lisboa"}]},{"@type":"Person","@id":"https:\/\/franciscanos.org.br\/noticias\/#\/schema\/person\/b5c8cba458c330ccff548b056e95a5d4","name":"moacir","image":{"@type":"ImageObject","inLanguage":"pt-BR","@id":"https:\/\/franciscanos.org.br\/noticias\/#\/schema\/person\/image\/","url":"https:\/\/secure.gravatar.com\/avatar\/d08aa2ce4c8dd416d4479aa8536fcf64?s=96&d=mm&r=g","contentUrl":"https:\/\/secure.gravatar.com\/avatar\/d08aa2ce4c8dd416d4479aa8536fcf64?s=96&d=mm&r=g","caption":"moacir"},"url":"https:\/\/franciscanos.org.br\/noticias\/author\/moacir"}]}},"_links":{"self":[{"href":"https:\/\/franciscanos.org.br\/noticias\/wp-json\/wp\/v2\/posts\/244305"}],"collection":[{"href":"https:\/\/franciscanos.org.br\/noticias\/wp-json\/wp\/v2\/posts"}],"about":[{"href":"https:\/\/franciscanos.org.br\/noticias\/wp-json\/wp\/v2\/types\/post"}],"author":[{"embeddable":true,"href":"https:\/\/franciscanos.org.br\/noticias\/wp-json\/wp\/v2\/users\/3"}],"replies":[{"embeddable":true,"href":"https:\/\/franciscanos.org.br\/noticias\/wp-json\/wp\/v2\/comments?post=244305"}],"version-history":[{"count":2,"href":"https:\/\/franciscanos.org.br\/noticias\/wp-json\/wp\/v2\/posts\/244305\/revisions"}],"predecessor-version":[{"id":244313,"href":"https:\/\/franciscanos.org.br\/noticias\/wp-json\/wp\/v2\/posts\/244305\/revisions\/244313"}],"wp:featuredmedia":[{"embeddable":true,"href":"https:\/\/franciscanos.org.br\/noticias\/wp-json\/wp\/v2\/media\/244307"}],"wp:attachment":[{"href":"https:\/\/franciscanos.org.br\/noticias\/wp-json\/wp\/v2\/media?parent=244305"}],"wp:term":[{"taxonomy":"category","embeddable":true,"href":"https:\/\/franciscanos.org.br\/noticias\/wp-json\/wp\/v2\/categories?post=244305"},{"taxonomy":"post_tag","embeddable":true,"href":"https:\/\/franciscanos.org.br\/noticias\/wp-json\/wp\/v2\/tags?post=244305"}],"curies":[{"name":"wp","href":"https:\/\/api.w.org\/{rel}","templated":true}]}}