{"id":244246,"date":"2023-07-30T19:30:41","date_gmt":"2023-07-30T22:30:41","guid":{"rendered":"https:\/\/franciscanos.org.br\/noticias\/?p=244246"},"modified":"2025-03-10T15:42:11","modified_gmt":"2025-03-10T18:42:11","slug":"cfj-o-tesouro-escondido-em-vila-velha","status":"publish","type":"post","link":"https:\/\/franciscanos.org.br\/noticias\/cfj-o-tesouro-escondido-em-vila-velha.html","title":{"rendered":"CFJ: O tesouro escondido em Vila Velha"},"content":{"rendered":"<p><img loading=\"lazy\" class=\"alignnone size-full wp-image-244247\" src=\"https:\/\/franciscanos.org.br\/noticias\/wp-content\/uploads\/2023\/07\/cfj_30.jpg\" alt=\"\" width=\"1280\" height=\"720\" srcset=\"https:\/\/franciscanos.org.br\/noticias\/wp-content\/uploads\/2023\/07\/cfj_30.jpg 1280w, https:\/\/franciscanos.org.br\/noticias\/wp-content\/uploads\/2023\/07\/cfj_30-450x253.jpg 450w, https:\/\/franciscanos.org.br\/noticias\/wp-content\/uploads\/2023\/07\/cfj_30-1024x576.jpg 1024w, https:\/\/franciscanos.org.br\/noticias\/wp-content\/uploads\/2023\/07\/cfj_30-768x432.jpg 768w, https:\/\/franciscanos.org.br\/noticias\/wp-content\/uploads\/2023\/07\/cfj_30-150x84.jpg 150w\" sizes=\"(max-width: 1280px) 100vw, 1280px\" \/><\/p>\n<p><strong>Vila Velha (ES) &#8211;<\/strong> Houve quem veio de muito longe: Santa Catarina, Paran\u00e1 e S\u00e3o Paulo. Cruzaram mais de mil quil\u00f4metros, por terra ou pelo ar. Houve quem veio de longe, do Rio de Janeiro e sa\u00edram na noite de sexta-feira, dia 28 para que, no dia 29, estivessem prontos e a postos. Houve quem veio de mais perto, do pr\u00f3prio Estado do Esp\u00edrito Santo e houve quem j\u00e1 estava em Vila Velha, sede da XI Caminhada Franciscana da Juventude. Trezentos jovens, alguns com juventude acumulada h\u00e1 mais tempo, atra\u00eddos pelo desejo de caminhar, n\u00e3o sozinhos, mas em boa companhia: \u201cCom Francisco e Maria, chamados a caminhar\u201d, tema desta edi\u00e7\u00e3o do evento. Estavam em busca do \u201ctesouro no campo\u201d descrito por Jesus no Evangelho de Mateus.<\/p>\n<p><img loading=\"lazy\" class=\"alignnone size-full wp-image-244249\" src=\"https:\/\/franciscanos.org.br\/noticias\/wp-content\/uploads\/2023\/07\/cfj_30_3.jpg\" alt=\"\" width=\"1280\" height=\"853\" srcset=\"https:\/\/franciscanos.org.br\/noticias\/wp-content\/uploads\/2023\/07\/cfj_30_3.jpg 1280w, https:\/\/franciscanos.org.br\/noticias\/wp-content\/uploads\/2023\/07\/cfj_30_3-450x300.jpg 450w, https:\/\/franciscanos.org.br\/noticias\/wp-content\/uploads\/2023\/07\/cfj_30_3-1024x682.jpg 1024w, https:\/\/franciscanos.org.br\/noticias\/wp-content\/uploads\/2023\/07\/cfj_30_3-768x512.jpg 768w, https:\/\/franciscanos.org.br\/noticias\/wp-content\/uploads\/2023\/07\/cfj_30_3-150x100.jpg 150w\" sizes=\"(max-width: 1280px) 100vw, 1280px\" \/><\/p>\n<p><img loading=\"lazy\" class=\"alignnone size-full wp-image-244251\" src=\"https:\/\/franciscanos.org.br\/noticias\/wp-content\/uploads\/2023\/07\/cfj_5.jpg\" alt=\"\" width=\"1280\" height=\"577\" srcset=\"https:\/\/franciscanos.org.br\/noticias\/wp-content\/uploads\/2023\/07\/cfj_5.jpg 1280w, https:\/\/franciscanos.org.br\/noticias\/wp-content\/uploads\/2023\/07\/cfj_5-450x203.jpg 450w, https:\/\/franciscanos.org.br\/noticias\/wp-content\/uploads\/2023\/07\/cfj_5-1024x462.jpg 1024w, https:\/\/franciscanos.org.br\/noticias\/wp-content\/uploads\/2023\/07\/cfj_5-768x346.jpg 768w, https:\/\/franciscanos.org.br\/noticias\/wp-content\/uploads\/2023\/07\/cfj_5-150x68.jpg 150w\" sizes=\"(max-width: 1280px) 100vw, 1280px\" \/><\/p>\n<p>Chegaram muito cedo, alguns de madrugada e, \u00e0s 6h, foram acolhidos na a Ch\u00e1cara Perim, no Bairro de Itaparica, onde fizeram o credenciamento, tomaram caf\u00e9 da manh\u00e3, rezaram, fizeram exerc\u00edcios de alongamento e receberam as primeiras instru\u00e7\u00f5es. \u00c0s 8h, todos credenciados e alimentados, deram in\u00edcio ao percurso, acompanhados por t\u00edmidos raios de sol que ultrapassavam as poucas nuvens do c\u00e9u. Caminharam por cinco quil\u00f4metros at\u00e9 a Par\u00f3quia Nossa Senhora de Guadalupe onde, na Capela improvisada junto \u00e0 grande Matriz em constru\u00e7\u00e3o, reviveram o encontro de Francisco com o Crucificado, na pequena Capela de S\u00e3o Dami\u00e3o em ru\u00ednas. Rezaram e cantaram, ao modo do Santo de Assis, diante do \u00edcone do Crucifixo de S\u00e3o Dami\u00e3o, que traz o Cristo de olhos abertos: \u201cAlt\u00edssimo e Glorioso Deus, ilumina as trevas do meu cora\u00e7\u00e3o. D\u00e1-me f\u00e9 reta, esperan\u00e7a certa e perfeita caridade para que eu cumpra tua santa vontade\u201d. Logo perceberam que o caminho que tinham pela frente, em companhia de Francisco, era de reconstru\u00e7\u00e3o e ilumina\u00e7\u00e3o.<\/p>\n<p><img loading=\"lazy\" class=\"alignnone size-full wp-image-244256\" src=\"https:\/\/franciscanos.org.br\/noticias\/wp-content\/uploads\/2023\/07\/cfj_30_2.jpg\" alt=\"\" width=\"1280\" height=\"853\" srcset=\"https:\/\/franciscanos.org.br\/noticias\/wp-content\/uploads\/2023\/07\/cfj_30_2.jpg 1280w, https:\/\/franciscanos.org.br\/noticias\/wp-content\/uploads\/2023\/07\/cfj_30_2-450x300.jpg 450w, https:\/\/franciscanos.org.br\/noticias\/wp-content\/uploads\/2023\/07\/cfj_30_2-1024x682.jpg 1024w, https:\/\/franciscanos.org.br\/noticias\/wp-content\/uploads\/2023\/07\/cfj_30_2-768x512.jpg 768w, https:\/\/franciscanos.org.br\/noticias\/wp-content\/uploads\/2023\/07\/cfj_30_2-150x100.jpg 150w\" sizes=\"(max-width: 1280px) 100vw, 1280px\" \/><\/p>\n<p>Eram quase 10h e a caminhada seguiu, desta vez rumo ao Parque Cultural Casa do Governador: mais cinco quil\u00f4metros, desta vez num percurso mais desafiante, pois este foi realizado na areia da praia. O piso pouco firme e a ades\u00e3o da areia aos p\u00e9s exigiram maior empenho e esfor\u00e7o dos caminhantes. Caminho que segue, tamb\u00e9m com as dificuldades que lhes s\u00e3o pr\u00f3prias. Hora do almo\u00e7o e da pausa para o descanso necess\u00e1rio, no espa\u00e7o p\u00fablico, propriedade do estado capixaba, aberto pelo Governador como Parque Ecol\u00f3gico e Cultural. Ocasi\u00e3o de restaurar as for\u00e7as do corpo e da mente, com o alimento e o repouso, dons de Deus e de m\u00e3os generosas que se organizaram para que tudo fosse bem preparado.<\/p>\n<p><img loading=\"lazy\" class=\"size-full wp-image-244257\" src=\"https:\/\/franciscanos.org.br\/noticias\/wp-content\/uploads\/2023\/07\/cfj_30_1.jpg\" alt=\"\" width=\"1280\" height=\"720\" srcset=\"https:\/\/franciscanos.org.br\/noticias\/wp-content\/uploads\/2023\/07\/cfj_30_1.jpg 1280w, https:\/\/franciscanos.org.br\/noticias\/wp-content\/uploads\/2023\/07\/cfj_30_1-450x253.jpg 450w, https:\/\/franciscanos.org.br\/noticias\/wp-content\/uploads\/2023\/07\/cfj_30_1-1024x576.jpg 1024w, https:\/\/franciscanos.org.br\/noticias\/wp-content\/uploads\/2023\/07\/cfj_30_1-768x432.jpg 768w, https:\/\/franciscanos.org.br\/noticias\/wp-content\/uploads\/2023\/07\/cfj_30_1-150x84.jpg 150w\" sizes=\"(max-width: 1280px) 100vw, 1280px\" \/><\/p>\n<p><img loading=\"lazy\" class=\"alignnone size-full wp-image-244250\" src=\"https:\/\/franciscanos.org.br\/noticias\/wp-content\/uploads\/2023\/07\/cfj_30_4-1.jpg\" alt=\"\" width=\"1280\" height=\"853\" srcset=\"https:\/\/franciscanos.org.br\/noticias\/wp-content\/uploads\/2023\/07\/cfj_30_4-1.jpg 1280w, https:\/\/franciscanos.org.br\/noticias\/wp-content\/uploads\/2023\/07\/cfj_30_4-1-450x300.jpg 450w, https:\/\/franciscanos.org.br\/noticias\/wp-content\/uploads\/2023\/07\/cfj_30_4-1-1024x682.jpg 1024w, https:\/\/franciscanos.org.br\/noticias\/wp-content\/uploads\/2023\/07\/cfj_30_4-1-768x512.jpg 768w, https:\/\/franciscanos.org.br\/noticias\/wp-content\/uploads\/2023\/07\/cfj_30_4-1-150x100.jpg 150w\" sizes=\"(max-width: 1280px) 100vw, 1280px\" \/><\/p>\n<p>E segue a constru\u00e7\u00e3o do caminho, que se realiza caminhando. A instabilidade e o cansa\u00e7o da areia ficaram para tr\u00e1s. Adiante, a estrada que circunda o Morro do Moreno e a \u00edngreme subida que presenteia com uma bela vista do mar e da regi\u00e3o de Vit\u00f3ria e Vila Velha a todos que corajosamente a superam. Os caminhantes superaram e puderam, com Francisco, render louvores ao Criador pelas maravilhas da cria\u00e7\u00e3o. \u201cLouvado sejas, meu Senhor!\u201d. J\u00e1 s\u00e3o 16h30, \u00e9 hora de descer. Os caminhantes seguem para a \u00faltima parada do dia, o Santu\u00e1rio do Divino Esp\u00edrito Santo, no centro de Vila Velha.<\/p>\n<p>Na \u201cHora da Ave-Maria\u201d, \u00e0s 18h, a caminhada chega ao Santu\u00e1rio. Os jovens s\u00e3o recebidos pelos paroquianos e pelas fam\u00edlias acolhedoras, que se organizam num \u201ccorredor humano\u201d que conduz os caminhantes at\u00e9 a entrada da Igreja, onde a emo\u00e7\u00e3o toma conta de todos: durante todo o percurso, cada um trouxe consigo uma palha entregue no in\u00edcio do trajeto. Com a conclus\u00e3o da primeira etapa, era hora de depositarem o s\u00edmbolo carregado at\u00e9 agora numa manjedoura preparada junto ao altar central da Igreja. Ao som de can\u00e7\u00f5es que recordavam a beleza e a grandeza do Mist\u00e9rio da Encarna\u00e7\u00e3o, os jovens foram posicionando uma a uma as palhas que trouxeram: \u201cO Verbo se fez carne e habitou entre n\u00f3s\u201d.<\/p>\n<p><img loading=\"lazy\" class=\"alignnone size-full wp-image-244253\" src=\"https:\/\/franciscanos.org.br\/noticias\/wp-content\/uploads\/2023\/07\/cfj_03_6.jpg\" alt=\"\" width=\"1280\" height=\"853\" srcset=\"https:\/\/franciscanos.org.br\/noticias\/wp-content\/uploads\/2023\/07\/cfj_03_6.jpg 1280w, https:\/\/franciscanos.org.br\/noticias\/wp-content\/uploads\/2023\/07\/cfj_03_6-450x300.jpg 450w, https:\/\/franciscanos.org.br\/noticias\/wp-content\/uploads\/2023\/07\/cfj_03_6-1024x682.jpg 1024w, https:\/\/franciscanos.org.br\/noticias\/wp-content\/uploads\/2023\/07\/cfj_03_6-768x512.jpg 768w, https:\/\/franciscanos.org.br\/noticias\/wp-content\/uploads\/2023\/07\/cfj_03_6-150x100.jpg 150w\" sizes=\"(max-width: 1280px) 100vw, 1280px\" \/><\/p>\n<p>Na manjedoura preparada pelos caminhantes, recordando o epis\u00f3dio de Greccio, quando, sob a inspira\u00e7\u00e3o de S\u00e3o Francisco, a cena do pres\u00e9pio foi encenada pela primeira vez, uma jovem fam\u00edlia, vestida a car\u00e1ter como Jesus, Maria e Jos\u00e9, entrou em prociss\u00e3o, depositando o pequeno menino, Enrico, nas palhas, tal como Menino Jesus. Muito choro diante da ternura da cena da Encarna\u00e7\u00e3o. Em seguida, Frei Augusto Luiz Gabriel, exp\u00f4s o Sant\u00edssimo Sacramento, para um breve momento de adora\u00e7\u00e3o e b\u00ean\u00e7\u00e3o.<\/p>\n<p><img loading=\"lazy\" class=\"alignnone size-full wp-image-244252\" src=\"https:\/\/franciscanos.org.br\/noticias\/wp-content\/uploads\/2023\/07\/cfj_03_7.jpg\" alt=\"\" width=\"1280\" height=\"853\" srcset=\"https:\/\/franciscanos.org.br\/noticias\/wp-content\/uploads\/2023\/07\/cfj_03_7.jpg 1280w, https:\/\/franciscanos.org.br\/noticias\/wp-content\/uploads\/2023\/07\/cfj_03_7-450x300.jpg 450w, https:\/\/franciscanos.org.br\/noticias\/wp-content\/uploads\/2023\/07\/cfj_03_7-1024x682.jpg 1024w, https:\/\/franciscanos.org.br\/noticias\/wp-content\/uploads\/2023\/07\/cfj_03_7-768x512.jpg 768w, https:\/\/franciscanos.org.br\/noticias\/wp-content\/uploads\/2023\/07\/cfj_03_7-150x100.jpg 150w\" sizes=\"(max-width: 1280px) 100vw, 1280px\" \/><\/p>\n<p>&#8220;Esse menino Deus que se encontra na manjedoura \u00e9 o mesmo que se manifesta na Eucaristia&#8221;, disse. &#8220;\u00c9 Jesus que nos acolhe, nos re\u00fane e nos congrega. \u00c9 Jesus que nesta h\u00f3stia consagrada se apresenta a n\u00f3s como exemplo de gratuidade, generosidade, mansid\u00e3o, fortaleza, descanso&#8221;, acrescentou.<br \/>\nDesta forma, concluiu-se a celebra\u00e7\u00e3o do primeiro dia de caminhada que, no decorrer de 22 km, em companhia, de \u201cFrancisco\u201d, reviveu, nos passos e na experi\u00eancia, os tr\u00eas mist\u00e9rios que moveram o Santo de Assis em sua jornada: cruz, encarna\u00e7\u00e3o e eucaristia\u201d. Cansados, mas plenos, os caminhantes foram distribu\u00eddos entre as fam\u00edlias acolhedoras. S\u00f3 gratid\u00e3o e alegria, com um pouco de cansa\u00e7o.<\/p>\n<h2><img loading=\"lazy\" class=\"alignnone size-full wp-image-244254\" src=\"https:\/\/franciscanos.org.br\/noticias\/wp-content\/uploads\/2023\/07\/cfj_dom_06.jpg\" alt=\"\" width=\"1280\" height=\"1772\" srcset=\"https:\/\/franciscanos.org.br\/noticias\/wp-content\/uploads\/2023\/07\/cfj_dom_06.jpg 780w, https:\/\/franciscanos.org.br\/noticias\/wp-content\/uploads\/2023\/07\/cfj_dom_06-325x450.jpg 325w, https:\/\/franciscanos.org.br\/noticias\/wp-content\/uploads\/2023\/07\/cfj_dom_06-740x1024.jpg 740w, https:\/\/franciscanos.org.br\/noticias\/wp-content\/uploads\/2023\/07\/cfj_dom_06-768x1063.jpg 768w, https:\/\/franciscanos.org.br\/noticias\/wp-content\/uploads\/2023\/07\/cfj_dom_06-1110x1536.jpg 1110w, https:\/\/franciscanos.org.br\/noticias\/wp-content\/uploads\/2023\/07\/cfj_dom_06-150x208.jpg 150w\" sizes=\"(max-width: 1280px) 100vw, 1280px\" \/><\/h2>\n<h2>Um dia dedicado a Nossa Senhora da Penha<\/h2>\n<p>\u00c0s 6h, todos, renovados pela acolhida e pela conviv\u00eancia nas fam\u00edlias, os caminhantes chegaram ao Santu\u00e1rio do Divino Esp\u00edrito Santo, onde tomaram caf\u00e9 e participaram de um breve momento de prece, quando tamb\u00e9m foram apresentados \u00e0 hist\u00f3ria e \u00e0 Devo\u00e7\u00e3o de Nossa Senhora da Penha, padroeira do Estado do Esp\u00edrito Santo. \u201cSe ontem caminhamos em companhia de S\u00e3o Francisco, hoje \u00e9 dia de seguirmos com Maria. Seremos romeiros e peregrinos de Nossa Senhora da Penha\u201d, explicou Frei Gabriel Dellandrea. As cores da bandeira capixaba s\u00e3o as mesmas do manto de Nossa Senhora: branco, rosa e azul.<\/p>\n<p><img loading=\"lazy\" class=\"alignnone size-full wp-image-244255\" src=\"https:\/\/franciscanos.org.br\/noticias\/wp-content\/uploads\/2023\/07\/cfj_dom_05.jpg\" alt=\"\" width=\"1280\" height=\"853\" srcset=\"https:\/\/franciscanos.org.br\/noticias\/wp-content\/uploads\/2023\/07\/cfj_dom_05.jpg 1280w, https:\/\/franciscanos.org.br\/noticias\/wp-content\/uploads\/2023\/07\/cfj_dom_05-450x300.jpg 450w, https:\/\/franciscanos.org.br\/noticias\/wp-content\/uploads\/2023\/07\/cfj_dom_05-1024x682.jpg 1024w, https:\/\/franciscanos.org.br\/noticias\/wp-content\/uploads\/2023\/07\/cfj_dom_05-768x512.jpg 768w, https:\/\/franciscanos.org.br\/noticias\/wp-content\/uploads\/2023\/07\/cfj_dom_05-150x100.jpg 150w\" sizes=\"(max-width: 1280px) 100vw, 1280px\" \/><\/p>\n<p>\u00c0s 7h30, os caminhantes-romeiros seguiram, tendo \u00e0 frente a Imagem de Nossa Senhora das Alegrias, em dire\u00e7\u00e3o ao Convento da Penha, local de in\u00edcio da devo\u00e7\u00e3o e patrim\u00f4nio religioso, hist\u00f3rico, cultural, art\u00edstico e tur\u00edstico do Esp\u00edrito Santo, sob os cuidados da Prov\u00edncia Franciscana da Imaculada Concei\u00e7\u00e3o do Brasil. O percurso de dois quil\u00f4metros at\u00e9 o portal do Convento foi percorrido com facilidade. Aos p\u00e9s do morro, antes de subir em dire\u00e7\u00e3o \u00e0 Casa da M\u00e3e das Alegrias, os jovens receberam de presente, das m\u00e3os dos frades que participavam da caminhada, um ter\u00e7o e fizeram o trajeto rezando em hora a Maria.<\/p>\n<p>Uma garoa leve caiu durante a subida e poderia ser interpretada como sinal da b\u00ean\u00e7\u00e3o e da acolhida feliz que a Virgem da Penha fazia a seus caminhantes-romeiros da juventude franciscana. Poucos minutos depois de conclu\u00eddo este trajeto, a garoa cessou, seguindo o c\u00e9u encoberto e uma temperatura agrad\u00e1vel. A missa, \u00e0s 9h, foi celebrada no Campinho do Convento, como ocorre tradicionalmente aos domingos. O presidente foi Frei Gabriel Dellandrea, recentemente ordenado presb\u00edtero e que pela primeira vez presidiu a Eucaristia no Convento da Penha.<\/p>\n<p><img loading=\"lazy\" class=\"alignnone size-full wp-image-244258\" src=\"https:\/\/franciscanos.org.br\/noticias\/wp-content\/uploads\/2023\/07\/cfj_dom_08.jpg\" alt=\"\" width=\"1280\" height=\"719\" srcset=\"https:\/\/franciscanos.org.br\/noticias\/wp-content\/uploads\/2023\/07\/cfj_dom_08.jpg 1280w, https:\/\/franciscanos.org.br\/noticias\/wp-content\/uploads\/2023\/07\/cfj_dom_08-450x253.jpg 450w, https:\/\/franciscanos.org.br\/noticias\/wp-content\/uploads\/2023\/07\/cfj_dom_08-1024x575.jpg 1024w, https:\/\/franciscanos.org.br\/noticias\/wp-content\/uploads\/2023\/07\/cfj_dom_08-768x431.jpg 768w, https:\/\/franciscanos.org.br\/noticias\/wp-content\/uploads\/2023\/07\/cfj_dom_08-150x84.jpg 150w\" sizes=\"(max-width: 1280px) 100vw, 1280px\" \/><\/p>\n<p><img loading=\"lazy\" class=\"alignnone size-full wp-image-244259\" src=\"https:\/\/franciscanos.org.br\/noticias\/wp-content\/uploads\/2023\/07\/cfj_dom_07.jpg\" alt=\"\" width=\"1280\" height=\"839\" srcset=\"https:\/\/franciscanos.org.br\/noticias\/wp-content\/uploads\/2023\/07\/cfj_dom_07.jpg 1280w, https:\/\/franciscanos.org.br\/noticias\/wp-content\/uploads\/2023\/07\/cfj_dom_07-450x295.jpg 450w, https:\/\/franciscanos.org.br\/noticias\/wp-content\/uploads\/2023\/07\/cfj_dom_07-1024x671.jpg 1024w, https:\/\/franciscanos.org.br\/noticias\/wp-content\/uploads\/2023\/07\/cfj_dom_07-768x503.jpg 768w, https:\/\/franciscanos.org.br\/noticias\/wp-content\/uploads\/2023\/07\/cfj_dom_07-150x98.jpg 150w\" sizes=\"(max-width: 1280px) 100vw, 1280px\" \/><\/p>\n<p>Na homilia, o Vig\u00e1rio Provincial, Frei Gustavo Medella, saudou a todos em nome do Ministro Provincial, Frei Paulo Roberto Pereira que, em viagem a Angola, n\u00e3o pode estar presente na caminhada. Fez um agradecimento especial \u00e0s Fraternidades Franciscanas do Regional do Esp\u00edrito Santo (Santu\u00e1rio, Convento e Colatina), \u00e0 equipe organizadora da Caminhada e aos jovens participantes. Recordou que, vindo de perto ou de longe, todos os caminhantes j\u00e1 traziam consigo o tesouro que procuravam, em refer\u00eancia \u00e0 par\u00e1bola contada por Jesus no Evangelho do 17\u00ba Domingo, proclamado pela Igreja neste dia 30 de julho (Mt 13,44-52). \u201cSomos todos filhos e filhas amados de Deus e este \u00e9 nosso maior tesouro\u201d, exortou Frei Medella.<\/p>\n<p>&#8220;O Reino dos C\u00e9us \u00e9 semelhante a um homem que encontrou um tesouro escondido no campo. Onde est\u00e1 o teu tesouro, a\u00ed est\u00e1 teu cora\u00e7\u00e3o. O que \u00e9 este tesouro? Onde ele est\u00e1? Qual \u00e9 o valor dele? Esse tesouro, n\u00e3o tenha d\u00favida \u00e9 voc\u00ea. Esse tesouro \u00e9 cada um presente aqui. Voc\u00ea \u00e9 um tesouro, por isso, n\u00e3o deixe que ningu\u00e9m te desmere\u00e7a, ofenda, desvalorize voc\u00ea; e n\u00e3o fa\u00e7a isso com ningu\u00e9m, porque cada ser humano \u00e9 um tesouro\u201d, ressaltou.<\/p>\n<p><img loading=\"lazy\" class=\"alignnone size-full wp-image-244261\" src=\"https:\/\/franciscanos.org.br\/noticias\/wp-content\/uploads\/2023\/07\/cfj_dom_09.jpg\" alt=\"\" width=\"1280\" height=\"853\" srcset=\"https:\/\/franciscanos.org.br\/noticias\/wp-content\/uploads\/2023\/07\/cfj_dom_09.jpg 1280w, https:\/\/franciscanos.org.br\/noticias\/wp-content\/uploads\/2023\/07\/cfj_dom_09-450x300.jpg 450w, https:\/\/franciscanos.org.br\/noticias\/wp-content\/uploads\/2023\/07\/cfj_dom_09-1024x682.jpg 1024w, https:\/\/franciscanos.org.br\/noticias\/wp-content\/uploads\/2023\/07\/cfj_dom_09-768x512.jpg 768w, https:\/\/franciscanos.org.br\/noticias\/wp-content\/uploads\/2023\/07\/cfj_dom_09-150x100.jpg 150w\" sizes=\"(max-width: 1280px) 100vw, 1280px\" \/><\/p>\n<p>&#8220;Esse tesouro Francisco encontrou em um lugar que n\u00e3o era bonito, em uma igreja semi destru\u00edda, a capela de S\u00e3o Dami\u00e3o. Diante do crucifixo de S\u00e3o Dami\u00e3o encontrou o grande tesouro de sua vida&#8221;, disse, convidando os presentes a rezarem a Ora\u00e7\u00e3o de S\u00e3o Francisco diante do Crucifixo.<br \/>\n&#8220;Queridos jovens, voc\u00eas vieram at\u00e9 aqui, para buscarem algo que est\u00e1 dentro de voc\u00ea. Esse tesouro que voc\u00ea encontrou caminhando pela Orla de Vila Velha, subindo o Morro do Moreno, a ladeira da Penha, diante de Nossa Senhora e dentro do seu cora\u00e7\u00e3o, isto ningu\u00e9m tira de voc\u00ea. Leve, cuide deste tesouro com o m\u00e1ximo de empenho. Sinta-se amado, protegido, conduzido por Deus e pela luz materna e divina, da m\u00e3e de Deus e Nossa Senhora, ela sempre caminha junto conosco&#8221;, concluiu o Vig\u00e1rio Provincial.<\/p>\n<p><img loading=\"lazy\" class=\"alignnone size-full wp-image-244271\" src=\"https:\/\/franciscanos.org.br\/noticias\/wp-content\/uploads\/2023\/07\/cfj_dom_10.jpg\" alt=\"\" width=\"1280\" height=\"719\" srcset=\"https:\/\/franciscanos.org.br\/noticias\/wp-content\/uploads\/2023\/07\/cfj_dom_10.jpg 1280w, https:\/\/franciscanos.org.br\/noticias\/wp-content\/uploads\/2023\/07\/cfj_dom_10-450x253.jpg 450w, https:\/\/franciscanos.org.br\/noticias\/wp-content\/uploads\/2023\/07\/cfj_dom_10-1024x575.jpg 1024w, https:\/\/franciscanos.org.br\/noticias\/wp-content\/uploads\/2023\/07\/cfj_dom_10-768x431.jpg 768w, https:\/\/franciscanos.org.br\/noticias\/wp-content\/uploads\/2023\/07\/cfj_dom_10-150x84.jpg 150w\" sizes=\"(max-width: 1280px) 100vw, 1280px\" \/><\/p>\n<p>Ap\u00f3s a b\u00ean\u00e7\u00e3o final, os jovens permanecem no Campinho e, nesta hora, um momento surpreendente. O jovem Leocir Ara\u00fajo da cidade de Chopinzinho, pediu sua namorada Camili Tais Kayser em noivado <em>(foto acima)<\/em>\u00a0 diante de todos, testemunhando a participa\u00e7\u00e3o em outras edi\u00e7\u00f5es da Caminhada Franciscana da Juventude no in\u00edcio e na constru\u00e7\u00e3o da hist\u00f3ria do casal. Mais um epis\u00f3dio emocionante creditado na conta das Caminhadas. Teve ainda direito a flash-mob especialmente preparado pela juventude da Par\u00f3quia Santa Clara de Colatina e a cl\u00e1ssica foto oficial tendo ao fundo a beleza e a b\u00ean\u00e7\u00e3o do Convento da Penha.<\/p>\n\n\t\t<style type=\"text\/css\">\n\t\t\t#gallery-1 {\n\t\t\t\tmargin: auto;\n\t\t\t}\n\t\t\t#gallery-1 .gallery-item {\n\t\t\t\tfloat: left;\n\t\t\t\tmargin-top: 10px;\n\t\t\t\ttext-align: center;\n\t\t\t\twidth: 16%;\n\t\t\t}\n\t\t\t#gallery-1 img {\n\t\t\t\tborder: 2px solid #cfcfcf;\n\t\t\t}\n\t\t\t#gallery-1 .gallery-caption {\n\t\t\t\tmargin-left: 0;\n\t\t\t}\n\t\t\t\/* see gallery_shortcode() in wp-includes\/media.php *\/\n\t\t<\/style>\n\t\t<div id='gallery-1' class='gallery galleryid-244246 gallery-columns-6 gallery-size-thumbnail'><dl class='gallery-item'>\n\t\t\t<dt class='gallery-icon landscape'>\n\t\t\t\t<a href='https:\/\/franciscanos.org.br\/noticias\/wp-content\/uploads\/2023\/07\/cfj_dom_01.jpg'><img width=\"300\" height=\"300\" src=\"https:\/\/franciscanos.org.br\/noticias\/wp-content\/uploads\/2023\/07\/cfj_dom_01-300x300.jpg\" class=\"attachment-thumbnail size-thumbnail\" alt=\"\" loading=\"lazy\" srcset=\"https:\/\/franciscanos.org.br\/noticias\/wp-content\/uploads\/2023\/07\/cfj_dom_01-300x300.jpg 300w, https:\/\/franciscanos.org.br\/noticias\/wp-content\/uploads\/2023\/07\/cfj_dom_01-100x100.jpg 100w\" sizes=\"(max-width: 300px) 100vw, 300px\" \/><\/a>\n\t\t\t<\/dt><\/dl><dl class='gallery-item'>\n\t\t\t<dt class='gallery-icon landscape'>\n\t\t\t\t<a href='https:\/\/franciscanos.org.br\/noticias\/wp-content\/uploads\/2023\/07\/cfj_dom_11.jpg'><img width=\"300\" height=\"300\" src=\"https:\/\/franciscanos.org.br\/noticias\/wp-content\/uploads\/2023\/07\/cfj_dom_11-300x300.jpg\" class=\"attachment-thumbnail size-thumbnail\" alt=\"\" loading=\"lazy\" srcset=\"https:\/\/franciscanos.org.br\/noticias\/wp-content\/uploads\/2023\/07\/cfj_dom_11-300x300.jpg 300w, https:\/\/franciscanos.org.br\/noticias\/wp-content\/uploads\/2023\/07\/cfj_dom_11-100x100.jpg 100w\" sizes=\"(max-width: 300px) 100vw, 300px\" \/><\/a>\n\t\t\t<\/dt><\/dl><dl class='gallery-item'>\n\t\t\t<dt class='gallery-icon landscape'>\n\t\t\t\t<a href='https:\/\/franciscanos.org.br\/noticias\/wp-content\/uploads\/2023\/07\/cfj_dom_12.jpg'><img width=\"300\" height=\"300\" src=\"https:\/\/franciscanos.org.br\/noticias\/wp-content\/uploads\/2023\/07\/cfj_dom_12-300x300.jpg\" class=\"attachment-thumbnail size-thumbnail\" alt=\"\" loading=\"lazy\" srcset=\"https:\/\/franciscanos.org.br\/noticias\/wp-content\/uploads\/2023\/07\/cfj_dom_12-300x300.jpg 300w, https:\/\/franciscanos.org.br\/noticias\/wp-content\/uploads\/2023\/07\/cfj_dom_12-100x100.jpg 100w\" sizes=\"(max-width: 300px) 100vw, 300px\" \/><\/a>\n\t\t\t<\/dt><\/dl><dl class='gallery-item'>\n\t\t\t<dt class='gallery-icon portrait'>\n\t\t\t\t<a href='https:\/\/franciscanos.org.br\/noticias\/wp-content\/uploads\/2023\/07\/cfj_dom_22.jpg'><img width=\"300\" height=\"300\" src=\"https:\/\/franciscanos.org.br\/noticias\/wp-content\/uploads\/2023\/07\/cfj_dom_22-300x300.jpg\" class=\"attachment-thumbnail size-thumbnail\" alt=\"\" loading=\"lazy\" srcset=\"https:\/\/franciscanos.org.br\/noticias\/wp-content\/uploads\/2023\/07\/cfj_dom_22-300x300.jpg 300w, https:\/\/franciscanos.org.br\/noticias\/wp-content\/uploads\/2023\/07\/cfj_dom_22-100x100.jpg 100w\" sizes=\"(max-width: 300px) 100vw, 300px\" \/><\/a>\n\t\t\t<\/dt><\/dl><dl class='gallery-item'>\n\t\t\t<dt class='gallery-icon landscape'>\n\t\t\t\t<a href='https:\/\/franciscanos.org.br\/noticias\/wp-content\/uploads\/2023\/07\/cfj_dom_23.jpg'><img width=\"300\" height=\"300\" src=\"https:\/\/franciscanos.org.br\/noticias\/wp-content\/uploads\/2023\/07\/cfj_dom_23-300x300.jpg\" class=\"attachment-thumbnail size-thumbnail\" alt=\"\" loading=\"lazy\" srcset=\"https:\/\/franciscanos.org.br\/noticias\/wp-content\/uploads\/2023\/07\/cfj_dom_23-300x300.jpg 300w, https:\/\/franciscanos.org.br\/noticias\/wp-content\/uploads\/2023\/07\/cfj_dom_23-100x100.jpg 100w\" sizes=\"(max-width: 300px) 100vw, 300px\" \/><\/a>\n\t\t\t<\/dt><\/dl><dl class='gallery-item'>\n\t\t\t<dt class='gallery-icon landscape'>\n\t\t\t\t<a href='https:\/\/franciscanos.org.br\/noticias\/wp-content\/uploads\/2023\/07\/cfm_dom_21.jpg'><img width=\"300\" height=\"300\" src=\"https:\/\/franciscanos.org.br\/noticias\/wp-content\/uploads\/2023\/07\/cfm_dom_21-300x300.jpg\" class=\"attachment-thumbnail size-thumbnail\" alt=\"\" loading=\"lazy\" srcset=\"https:\/\/franciscanos.org.br\/noticias\/wp-content\/uploads\/2023\/07\/cfm_dom_21-300x300.jpg 300w, https:\/\/franciscanos.org.br\/noticias\/wp-content\/uploads\/2023\/07\/cfm_dom_21-100x100.jpg 100w\" sizes=\"(max-width: 300px) 100vw, 300px\" \/><\/a>\n\t\t\t<\/dt><\/dl><br style=\"clear: both\" \/>\n\t\t<\/div>\n\n<p><em>(toque nas imagens para ampli\u00e1-las)<\/em><\/p>\n<p>Na descida do Convento, nova festa, desta vez embalada ao ritmo do Congo, tradi\u00e7\u00e3o cultural e religiosa da raiz do povo capixaba. Alegria que, de imediato, cativou e moveu a juventude no trajeto ladeira abaixo. Agora eram todos caminhantes-romeiros-conguistas. \u201cIai\u00e1, voc\u00ea vai \u00e0 Penha? Me leva, \u00f4, me leva\u201d! Neste ritmo seguiram at\u00e9 a Igrejinha Nossa Senhora do Ros\u00e1rio, na Prainha, a mais antiga do Brasil em atividade atualmente. Ali, mais um momento de confraterniza\u00e7\u00e3o, seguido pelos agradecimentos, muitos e intensos, e pelos \u00faltimos avisos.<\/p>\n<p>&#8220;A caminhada totalizou 54713 passos e nele fizemos uma experi\u00eancia com Deus e \u00e9 por isso que n\u00f3s chegamos agora ao fim da nossa caminhada, n\u00f3s vencemos. Teve congo, teve praia, teve comida boa, teve at\u00e9 a casa do Governador! Voc\u00eas n\u00e3o s\u00e3o fracos n\u00e3o&#8230; Precisamos deixar claro que essa caminhada n\u00e3o \u00e9 um evento s\u00f3 para a gente vir aqui e nunca mais aparecer na igreja. Voc\u00eas n\u00e3o vieram para Vila Velha para passear, mas tamb\u00e9m \u00e9 turismo; n\u00e3o vieram para conhecer a cultura, mas tamb\u00e9m \u00e9 cultura; n\u00e3o foi s\u00f3 para fazer novos amigos, mas tamb\u00e9m fazer novos amigos; mas especialmente para fazer uma caminhada de f\u00e9&#8221;, frisou Frei Gabriel.<\/p>\n<p><img loading=\"lazy\" class=\"alignnone size-full wp-image-244260\" src=\"https:\/\/franciscanos.org.br\/noticias\/wp-content\/uploads\/2023\/07\/cfj_dom_13.jpg\" alt=\"\" width=\"1280\" height=\"853\" srcset=\"https:\/\/franciscanos.org.br\/noticias\/wp-content\/uploads\/2023\/07\/cfj_dom_13.jpg 1280w, https:\/\/franciscanos.org.br\/noticias\/wp-content\/uploads\/2023\/07\/cfj_dom_13-450x300.jpg 450w, https:\/\/franciscanos.org.br\/noticias\/wp-content\/uploads\/2023\/07\/cfj_dom_13-1024x682.jpg 1024w, https:\/\/franciscanos.org.br\/noticias\/wp-content\/uploads\/2023\/07\/cfj_dom_13-768x512.jpg 768w, https:\/\/franciscanos.org.br\/noticias\/wp-content\/uploads\/2023\/07\/cfj_dom_13-150x100.jpg 150w\" sizes=\"(max-width: 1280px) 100vw, 1280px\" \/><\/p>\n<p>Depois de 28 quil\u00f4metros vencidos ao sabor da f\u00e9, da alegria, do cansa\u00e7o, do companheirismo e da amizade, era hora do almo\u00e7o, e de dar adeus. Abra\u00e7os, algumas l\u00e1grimas de despedida e, na bagagem, gratid\u00e3o, muita gratid\u00e3o. At\u00e9 a pr\u00f3xima, Paz e Bem! Fazem parte da equipe de anima\u00e7\u00e3o das Juventudes Frei Augusto Luiz Gabriel, Frei Gabriel Dellandrea, Frei Roger Strapazzon e Frei Gustavo Wayand Medella.<\/p>\n<hr \/>\n<p><em>Equipe de comunica\u00e7\u00e3o da 11\u00aa edi\u00e7\u00e3o Caminhada Franciscana Juventude<\/em><\/p>\n","protected":false},"excerpt":{"rendered":"<p>XI Caminhada Franciscana da Juventude<\/p>\n","protected":false},"author":3,"featured_media":244247,"comment_status":"open","ping_status":"open","sticky":false,"template":"","format":"standard","meta":[],"categories":[1],"tags":[699,1420,2093,2056],"acf":[],"yoast_head":"<!-- This site is optimized with the Yoast SEO plugin v19.2 - https:\/\/yoast.com\/wordpress\/plugins\/seo\/ -->\n<title>CFJ: O tesouro escondido em Vila Velha - Not\u00edcias - Franciscanos<\/title>\n<meta name=\"robots\" content=\"index, follow, max-snippet:-1, max-image-preview:large, max-video-preview:-1\" \/>\n<link rel=\"canonical\" href=\"https:\/\/franciscanos.org.br\/noticias\/cfj-o-tesouro-escondido-em-vila-velha.html\" \/>\n<meta property=\"og:locale\" content=\"pt_BR\" \/>\n<meta property=\"og:type\" content=\"article\" \/>\n<meta property=\"og:title\" content=\"CFJ: O tesouro escondido em Vila Velha - Not\u00edcias - Franciscanos\" \/>\n<meta property=\"og:description\" content=\"XI Caminhada Franciscana da Juventude\" \/>\n<meta property=\"og:url\" content=\"https:\/\/franciscanos.org.br\/noticias\/cfj-o-tesouro-escondido-em-vila-velha.html\" \/>\n<meta property=\"og:site_name\" content=\"Not\u00edcias - Franciscanos\" \/>\n<meta property=\"article:published_time\" content=\"2023-07-30T22:30:41+00:00\" \/>\n<meta property=\"article:modified_time\" content=\"2025-03-10T18:42:11+00:00\" \/>\n<meta property=\"og:image\" content=\"https:\/\/franciscanos.org.br\/noticias\/wp-content\/uploads\/2023\/07\/cfj_30.jpg\" \/>\n\t<meta property=\"og:image:width\" content=\"1280\" \/>\n\t<meta property=\"og:image:height\" content=\"720\" \/>\n\t<meta property=\"og:image:type\" content=\"image\/jpeg\" \/>\n<meta name=\"author\" content=\"moacir\" \/>\n<meta name=\"twitter:card\" content=\"summary_large_image\" \/>\n<meta name=\"twitter:label1\" content=\"Escrito por\" \/>\n\t<meta name=\"twitter:data1\" content=\"moacir\" \/>\n\t<meta name=\"twitter:label2\" content=\"Est. tempo de leitura\" \/>\n\t<meta name=\"twitter:data2\" content=\"13 minutos\" \/>\n<script type=\"application\/ld+json\" class=\"yoast-schema-graph\">{\"@context\":\"https:\/\/schema.org\",\"@graph\":[{\"@type\":\"WebSite\",\"@id\":\"https:\/\/franciscanos.org.br\/noticias\/#website\",\"url\":\"https:\/\/franciscanos.org.br\/noticias\/\",\"name\":\"Not\u00edcias - Franciscanos\",\"description\":\"Prov\u00edncia Franciscana da Imaculada Concei\u00e7\u00e3o do Brasil - Ordem dos Frades Menores - OFM\",\"potentialAction\":[{\"@type\":\"SearchAction\",\"target\":{\"@type\":\"EntryPoint\",\"urlTemplate\":\"https:\/\/franciscanos.org.br\/noticias\/?s={search_term_string}\"},\"query-input\":\"required name=search_term_string\"}],\"inLanguage\":\"pt-BR\"},{\"@type\":\"ImageObject\",\"inLanguage\":\"pt-BR\",\"@id\":\"https:\/\/franciscanos.org.br\/noticias\/cfj-o-tesouro-escondido-em-vila-velha.html#primaryimage\",\"url\":\"https:\/\/franciscanos.org.br\/noticias\/wp-content\/uploads\/2023\/07\/cfj_30.jpg\",\"contentUrl\":\"https:\/\/franciscanos.org.br\/noticias\/wp-content\/uploads\/2023\/07\/cfj_30.jpg\",\"width\":1280,\"height\":720},{\"@type\":\"WebPage\",\"@id\":\"https:\/\/franciscanos.org.br\/noticias\/cfj-o-tesouro-escondido-em-vila-velha.html#webpage\",\"url\":\"https:\/\/franciscanos.org.br\/noticias\/cfj-o-tesouro-escondido-em-vila-velha.html\",\"name\":\"CFJ: O tesouro escondido em Vila Velha - Not\u00edcias - Franciscanos\",\"isPartOf\":{\"@id\":\"https:\/\/franciscanos.org.br\/noticias\/#website\"},\"primaryImageOfPage\":{\"@id\":\"https:\/\/franciscanos.org.br\/noticias\/cfj-o-tesouro-escondido-em-vila-velha.html#primaryimage\"},\"datePublished\":\"2023-07-30T22:30:41+00:00\",\"dateModified\":\"2025-03-10T18:42:11+00:00\",\"author\":{\"@id\":\"https:\/\/franciscanos.org.br\/noticias\/#\/schema\/person\/b5c8cba458c330ccff548b056e95a5d4\"},\"breadcrumb\":{\"@id\":\"https:\/\/franciscanos.org.br\/noticias\/cfj-o-tesouro-escondido-em-vila-velha.html#breadcrumb\"},\"inLanguage\":\"pt-BR\",\"potentialAction\":[{\"@type\":\"ReadAction\",\"target\":[\"https:\/\/franciscanos.org.br\/noticias\/cfj-o-tesouro-escondido-em-vila-velha.html\"]}]},{\"@type\":\"BreadcrumbList\",\"@id\":\"https:\/\/franciscanos.org.br\/noticias\/cfj-o-tesouro-escondido-em-vila-velha.html#breadcrumb\",\"itemListElement\":[{\"@type\":\"ListItem\",\"position\":1,\"name\":\"Home\",\"item\":\"https:\/\/franciscanos.org.br\/noticias\"},{\"@type\":\"ListItem\",\"position\":2,\"name\":\"CFJ: O tesouro escondido em Vila Velha\"}]},{\"@type\":\"Person\",\"@id\":\"https:\/\/franciscanos.org.br\/noticias\/#\/schema\/person\/b5c8cba458c330ccff548b056e95a5d4\",\"name\":\"moacir\",\"image\":{\"@type\":\"ImageObject\",\"inLanguage\":\"pt-BR\",\"@id\":\"https:\/\/franciscanos.org.br\/noticias\/#\/schema\/person\/image\/\",\"url\":\"https:\/\/secure.gravatar.com\/avatar\/d08aa2ce4c8dd416d4479aa8536fcf64?s=96&d=mm&r=g\",\"contentUrl\":\"https:\/\/secure.gravatar.com\/avatar\/d08aa2ce4c8dd416d4479aa8536fcf64?s=96&d=mm&r=g\",\"caption\":\"moacir\"},\"url\":\"https:\/\/franciscanos.org.br\/noticias\/author\/moacir\"}]}<\/script>\n<!-- \/ Yoast SEO plugin. -->","yoast_head_json":{"title":"CFJ: O tesouro escondido em Vila Velha - Not\u00edcias - Franciscanos","robots":{"index":"index","follow":"follow","max-snippet":"max-snippet:-1","max-image-preview":"max-image-preview:large","max-video-preview":"max-video-preview:-1"},"canonical":"https:\/\/franciscanos.org.br\/noticias\/cfj-o-tesouro-escondido-em-vila-velha.html","og_locale":"pt_BR","og_type":"article","og_title":"CFJ: O tesouro escondido em Vila Velha - Not\u00edcias - Franciscanos","og_description":"XI Caminhada Franciscana da Juventude","og_url":"https:\/\/franciscanos.org.br\/noticias\/cfj-o-tesouro-escondido-em-vila-velha.html","og_site_name":"Not\u00edcias - Franciscanos","article_published_time":"2023-07-30T22:30:41+00:00","article_modified_time":"2025-03-10T18:42:11+00:00","og_image":[{"width":1280,"height":720,"url":"https:\/\/franciscanos.org.br\/noticias\/wp-content\/uploads\/2023\/07\/cfj_30.jpg","type":"image\/jpeg"}],"author":"moacir","twitter_card":"summary_large_image","twitter_misc":{"Escrito por":"moacir","Est. tempo de leitura":"13 minutos"},"schema":{"@context":"https:\/\/schema.org","@graph":[{"@type":"WebSite","@id":"https:\/\/franciscanos.org.br\/noticias\/#website","url":"https:\/\/franciscanos.org.br\/noticias\/","name":"Not\u00edcias - Franciscanos","description":"Prov\u00edncia Franciscana da Imaculada Concei\u00e7\u00e3o do Brasil - Ordem dos Frades Menores - OFM","potentialAction":[{"@type":"SearchAction","target":{"@type":"EntryPoint","urlTemplate":"https:\/\/franciscanos.org.br\/noticias\/?s={search_term_string}"},"query-input":"required name=search_term_string"}],"inLanguage":"pt-BR"},{"@type":"ImageObject","inLanguage":"pt-BR","@id":"https:\/\/franciscanos.org.br\/noticias\/cfj-o-tesouro-escondido-em-vila-velha.html#primaryimage","url":"https:\/\/franciscanos.org.br\/noticias\/wp-content\/uploads\/2023\/07\/cfj_30.jpg","contentUrl":"https:\/\/franciscanos.org.br\/noticias\/wp-content\/uploads\/2023\/07\/cfj_30.jpg","width":1280,"height":720},{"@type":"WebPage","@id":"https:\/\/franciscanos.org.br\/noticias\/cfj-o-tesouro-escondido-em-vila-velha.html#webpage","url":"https:\/\/franciscanos.org.br\/noticias\/cfj-o-tesouro-escondido-em-vila-velha.html","name":"CFJ: O tesouro escondido em Vila Velha - Not\u00edcias - Franciscanos","isPartOf":{"@id":"https:\/\/franciscanos.org.br\/noticias\/#website"},"primaryImageOfPage":{"@id":"https:\/\/franciscanos.org.br\/noticias\/cfj-o-tesouro-escondido-em-vila-velha.html#primaryimage"},"datePublished":"2023-07-30T22:30:41+00:00","dateModified":"2025-03-10T18:42:11+00:00","author":{"@id":"https:\/\/franciscanos.org.br\/noticias\/#\/schema\/person\/b5c8cba458c330ccff548b056e95a5d4"},"breadcrumb":{"@id":"https:\/\/franciscanos.org.br\/noticias\/cfj-o-tesouro-escondido-em-vila-velha.html#breadcrumb"},"inLanguage":"pt-BR","potentialAction":[{"@type":"ReadAction","target":["https:\/\/franciscanos.org.br\/noticias\/cfj-o-tesouro-escondido-em-vila-velha.html"]}]},{"@type":"BreadcrumbList","@id":"https:\/\/franciscanos.org.br\/noticias\/cfj-o-tesouro-escondido-em-vila-velha.html#breadcrumb","itemListElement":[{"@type":"ListItem","position":1,"name":"Home","item":"https:\/\/franciscanos.org.br\/noticias"},{"@type":"ListItem","position":2,"name":"CFJ: O tesouro escondido em Vila Velha"}]},{"@type":"Person","@id":"https:\/\/franciscanos.org.br\/noticias\/#\/schema\/person\/b5c8cba458c330ccff548b056e95a5d4","name":"moacir","image":{"@type":"ImageObject","inLanguage":"pt-BR","@id":"https:\/\/franciscanos.org.br\/noticias\/#\/schema\/person\/image\/","url":"https:\/\/secure.gravatar.com\/avatar\/d08aa2ce4c8dd416d4479aa8536fcf64?s=96&d=mm&r=g","contentUrl":"https:\/\/secure.gravatar.com\/avatar\/d08aa2ce4c8dd416d4479aa8536fcf64?s=96&d=mm&r=g","caption":"moacir"},"url":"https:\/\/franciscanos.org.br\/noticias\/author\/moacir"}]}},"_links":{"self":[{"href":"https:\/\/franciscanos.org.br\/noticias\/wp-json\/wp\/v2\/posts\/244246"}],"collection":[{"href":"https:\/\/franciscanos.org.br\/noticias\/wp-json\/wp\/v2\/posts"}],"about":[{"href":"https:\/\/franciscanos.org.br\/noticias\/wp-json\/wp\/v2\/types\/post"}],"author":[{"embeddable":true,"href":"https:\/\/franciscanos.org.br\/noticias\/wp-json\/wp\/v2\/users\/3"}],"replies":[{"embeddable":true,"href":"https:\/\/franciscanos.org.br\/noticias\/wp-json\/wp\/v2\/comments?post=244246"}],"version-history":[{"count":6,"href":"https:\/\/franciscanos.org.br\/noticias\/wp-json\/wp\/v2\/posts\/244246\/revisions"}],"predecessor-version":[{"id":244274,"href":"https:\/\/franciscanos.org.br\/noticias\/wp-json\/wp\/v2\/posts\/244246\/revisions\/244274"}],"wp:featuredmedia":[{"embeddable":true,"href":"https:\/\/franciscanos.org.br\/noticias\/wp-json\/wp\/v2\/media\/244247"}],"wp:attachment":[{"href":"https:\/\/franciscanos.org.br\/noticias\/wp-json\/wp\/v2\/media?parent=244246"}],"wp:term":[{"taxonomy":"category","embeddable":true,"href":"https:\/\/franciscanos.org.br\/noticias\/wp-json\/wp\/v2\/categories?post=244246"},{"taxonomy":"post_tag","embeddable":true,"href":"https:\/\/franciscanos.org.br\/noticias\/wp-json\/wp\/v2\/tags?post=244246"}],"curies":[{"name":"wp","href":"https:\/\/api.w.org\/{rel}","templated":true}]}}