{"id":244243,"date":"2023-07-30T08:38:01","date_gmt":"2023-07-30T11:38:01","guid":{"rendered":"https:\/\/franciscanos.org.br\/noticias\/?p=244243"},"modified":"2023-07-30T08:38:52","modified_gmt":"2023-07-30T11:38:52","slug":"papa-reconhecer-as-joias-preciosas-da-vida-e-distingui-las-das-quinquilharias","status":"publish","type":"post","link":"https:\/\/franciscanos.org.br\/noticias\/papa-reconhecer-as-joias-preciosas-da-vida-e-distingui-las-das-quinquilharias.html","title":{"rendered":"Papa: reconhecer as joias preciosas da vida e distingui-las das quinquilharias"},"content":{"rendered":"<div id=\"attachment_244244\" style=\"width: 1510px\" class=\"wp-caption alignnone\"><img aria-describedby=\"caption-attachment-244244\" loading=\"lazy\" class=\"wp-image-244244 size-full\" src=\"https:\/\/franciscanos.org.br\/noticias\/wp-content\/uploads\/2023\/07\/angelus_30.jpeg\" alt=\"\" width=\"1500\" height=\"844\" srcset=\"https:\/\/franciscanos.org.br\/noticias\/wp-content\/uploads\/2023\/07\/angelus_30.jpeg 1500w, https:\/\/franciscanos.org.br\/noticias\/wp-content\/uploads\/2023\/07\/angelus_30-450x253.jpeg 450w, https:\/\/franciscanos.org.br\/noticias\/wp-content\/uploads\/2023\/07\/angelus_30-1024x576.jpeg 1024w, https:\/\/franciscanos.org.br\/noticias\/wp-content\/uploads\/2023\/07\/angelus_30-768x432.jpeg 768w, https:\/\/franciscanos.org.br\/noticias\/wp-content\/uploads\/2023\/07\/angelus_30-150x84.jpeg 150w\" sizes=\"(max-width: 1500px) 100vw, 1500px\" \/><p id=\"caption-attachment-244244\" class=\"wp-caption-text\"><em>Imagem: Vatican Media<\/em><\/p><\/div>\n<p>Fi\u00e9is de v\u00e1rias partes do mundo se reuniram, na Pra\u00e7a S\u00e3o Pedro, neste domingo (30\/07), para a ora\u00e7\u00e3o mariana do Angelus conduzida pelo Papa Francisco.<\/p>\n<p>Na alocu\u00e7\u00e3o que precedeu a ora\u00e7\u00e3o, o Pont\u00edfice falou sobre o Evangelho, deste domingo, que &#8220;conta a par\u00e1bola de um negociante que procurava pedras preciosas&#8221;. Segundo Jesus, o negociante \u00abao encontrar uma p\u00e9rola de grande valor, vai, vende tudo o que possui e a compra\u00bb. Ent\u00e3o, o Papa se deteve &#8220;nos gestos deste negociante, que primeiro procura, depois encontra e, por fim, compra&#8221;.<\/p>\n<p>&#8220;Primeiro passo: procurar. Trata-se de um negociante empreendedor que n\u00e3o fica parado, mas sai de casa e come\u00e7a a procurar p\u00e9rolas preciosas. Ele n\u00e3o diz: &#8220;Estou satisfeito com as que tenho&#8221;, mas procura outras mais bonitas&#8221;, disse o Papa, acrescentando:<\/p>\n<p>Este \u00e9 um convite a n\u00e3o nos fecharmos na rotina, na mediocridade de quem se contenta, mas a reavivar o desejo, para que o desejo de procurar, ir adiante n\u00e3o se apague, cultivar sonhos de bem, buscar a novidade do Senhor, porque o Senhor n\u00e3o \u00e9 repetitivo, ele sempre traz novidade, a novidade do Esp\u00edrito sempre faz novas as realidades da vida. N\u00f3s devemos ter sempre a atitude de buscar.<\/p>\n<p>&#8220;O segundo gesto do negociante \u00e9 encontrar. Ele \u00e9 uma pessoa arguta que &#8220;tem olho&#8221; e sabe reconhecer uma p\u00e9rola de grande valor. Isso n\u00e3o \u00e9 f\u00e1cil&#8221;, disse o Papa. Francisco convidou a pensar, &#8220;nos fascinantes bazares orientais, onde as barracas, cheias de mercadorias, se amontoam ao longo dos muros das ruas cheias de pessoas; ou em algumas barracas que se veem em muitas cidades, cheias de livros e v\u00e1rios objetos. \u00c0s vezes, nesses mercados, se pararmos para olhar bem, podemos descobrir tesouros: coisas preciosas, volumes raros que, misturados com todo o resto, passam despercebidos \u00e0 primeira vista. Mas o negociante da par\u00e1bola tem um olho agu\u00e7ado e sabe encontrar, sabe &#8220;discernir&#8221; para encontrar a p\u00e9rola&#8221;.<\/p>\n<p>Isso \u00e9 um ensinamento para n\u00f3s: todos os dias, em casa, na rua, no trabalho, nas f\u00e9rias, temos a oportunidade de ver o bem. \u00c9 importante ser capaz de encontrar o que importa: treinar-nos para reconhecer as joias preciosas da vida e distingui-las das quinquilharias. N\u00e3o percamos tempo e liberdade com coisas triviais, passatempos que nos deixam vazios por dentro, enquanto a vida nos oferece todos os dias a p\u00e9rola preciosa de um encontro com Deus e com os outros! \u00c9 necess\u00e1rio saber reconhec\u00ea-la: discernir para encontr\u00e1-la<\/p>\n<p>O \u00faltimo gesto do negociante: compra a p\u00e9rola. &#8220;Percebendo seu imenso valor, ele vende tudo, sacrifica todos os bens para t\u00ea-la. Muda radicalmente o invent\u00e1rio do seu dep\u00f3sito; n\u00e3o h\u00e1 mais nada al\u00e9m daquela p\u00e9rola: \u00e9 a sua \u00fanica riqueza, o sentido do seu presente e do seu futuro&#8221;, disse o Papa, acrescentando:<\/p>\n<p>Isso tamb\u00e9m \u00e9 um convite para n\u00f3s. Mas o que \u00e9 esta p\u00e9rola pela qual tudo se pode renunciar, aquela de que nos fala o Senhor? Essa p\u00e9rola \u00e9 Ele mesmo. \u00c9 o Senhor! Procurar o Senhor e achar o Senhor, encontrar o Senhor, viver com o Senhor. A p\u00e9rola \u00e9 Jesus: Ele \u00e9 a p\u00e9rola preciosa da vida, a ser procurada, encontrada e adquirida. Vale a pena investir tudo Nele porque, quando se encontra Cristo, a vida muda. Quando voc\u00ea encontra Crista a sua vida muda.<\/p>\n<p>A seguir, o Papa retomou &#8220;os tr\u00eas gestos do negociante &#8211; procurar, encontrar e comprar&#8221;, e convidou cada um a se fazer as seguintes perguntas:<\/p>\n<p>Procurar: estou, em minha vida, buscando? Sinto-me no lugar, tranquilo, satisfeito ou treino meu desejo de bem? Estou aposentado espiritualmente? Quantos jovens est\u00e3o aposentados! Segundo gesto, encontrar: pratico o discernimento do que \u00e9 bom e vem de Deus, sabendo renunciar ao que, ao contr\u00e1rio, me deixa com pouco ou nada? Por fim, comprar: sei como me gastar por Jesus? Ele est\u00e1 em primeiro lugar para mim? Ele \u00e9 o maior bem da vida? Seria bom dizer a Ele hoje: &#8220;Jesus, voc\u00ea \u00e9 meu maior bem&#8221;. Que cada um diga em seu cora\u00e7\u00e3o: &#8220;Jesus, voc\u00ea \u00e9 meu maior bem&#8221;.<\/p>\n<p>&#8220;Que Maria nos ajude a procurar, encontrar e abra\u00e7ar Jesus com toda a nossa for\u00e7a&#8221;, concluiu o Papa.<\/p>\n<hr \/>\n<p><em>Fonte: Vatican News (texto de Mariangela Jaguraba)<\/em><\/p>\n<p>&nbsp;<\/p>\n","protected":false},"excerpt":{"rendered":"<p>Angelus<\/p>\n","protected":false},"author":3,"featured_media":244244,"comment_status":"open","ping_status":"open","sticky":false,"template":"","format":"standard","meta":[],"categories":[1428],"tags":[403],"acf":[],"yoast_head":"<!-- This site is optimized with the Yoast SEO plugin v19.2 - https:\/\/yoast.com\/wordpress\/plugins\/seo\/ -->\n<title>Papa: reconhecer as joias preciosas da vida e distingui-las das quinquilharias - Not\u00edcias - Franciscanos<\/title>\n<meta name=\"robots\" content=\"index, follow, max-snippet:-1, max-image-preview:large, max-video-preview:-1\" \/>\n<link rel=\"canonical\" href=\"https:\/\/franciscanos.org.br\/noticias\/papa-reconhecer-as-joias-preciosas-da-vida-e-distingui-las-das-quinquilharias.html\" \/>\n<meta property=\"og:locale\" content=\"pt_BR\" \/>\n<meta property=\"og:type\" content=\"article\" \/>\n<meta property=\"og:title\" content=\"Papa: reconhecer as joias preciosas da vida e distingui-las das quinquilharias - Not\u00edcias - Franciscanos\" \/>\n<meta property=\"og:description\" content=\"Angelus\" \/>\n<meta property=\"og:url\" content=\"https:\/\/franciscanos.org.br\/noticias\/papa-reconhecer-as-joias-preciosas-da-vida-e-distingui-las-das-quinquilharias.html\" \/>\n<meta property=\"og:site_name\" content=\"Not\u00edcias - Franciscanos\" \/>\n<meta property=\"article:published_time\" content=\"2023-07-30T11:38:01+00:00\" \/>\n<meta property=\"article:modified_time\" content=\"2023-07-30T11:38:52+00:00\" \/>\n<meta property=\"og:image\" content=\"https:\/\/franciscanos.org.br\/noticias\/wp-content\/uploads\/2023\/07\/angelus_30.jpeg\" \/>\n\t<meta property=\"og:image:width\" content=\"1500\" \/>\n\t<meta property=\"og:image:height\" content=\"844\" \/>\n\t<meta property=\"og:image:type\" content=\"image\/jpeg\" \/>\n<meta name=\"author\" content=\"moacir\" \/>\n<meta name=\"twitter:card\" content=\"summary_large_image\" \/>\n<meta name=\"twitter:label1\" content=\"Escrito por\" \/>\n\t<meta name=\"twitter:data1\" content=\"moacir\" \/>\n\t<meta name=\"twitter:label2\" content=\"Est. tempo de leitura\" \/>\n\t<meta name=\"twitter:data2\" content=\"4 minutos\" \/>\n<script type=\"application\/ld+json\" class=\"yoast-schema-graph\">{\"@context\":\"https:\/\/schema.org\",\"@graph\":[{\"@type\":\"WebSite\",\"@id\":\"https:\/\/franciscanos.org.br\/noticias\/#website\",\"url\":\"https:\/\/franciscanos.org.br\/noticias\/\",\"name\":\"Not\u00edcias - Franciscanos\",\"description\":\"Prov\u00edncia Franciscana da Imaculada Concei\u00e7\u00e3o do Brasil - Ordem dos Frades Menores - OFM\",\"potentialAction\":[{\"@type\":\"SearchAction\",\"target\":{\"@type\":\"EntryPoint\",\"urlTemplate\":\"https:\/\/franciscanos.org.br\/noticias\/?s={search_term_string}\"},\"query-input\":\"required name=search_term_string\"}],\"inLanguage\":\"pt-BR\"},{\"@type\":\"ImageObject\",\"inLanguage\":\"pt-BR\",\"@id\":\"https:\/\/franciscanos.org.br\/noticias\/papa-reconhecer-as-joias-preciosas-da-vida-e-distingui-las-das-quinquilharias.html#primaryimage\",\"url\":\"https:\/\/franciscanos.org.br\/noticias\/wp-content\/uploads\/2023\/07\/angelus_30.jpeg\",\"contentUrl\":\"https:\/\/franciscanos.org.br\/noticias\/wp-content\/uploads\/2023\/07\/angelus_30.jpeg\",\"width\":1500,\"height\":844},{\"@type\":\"WebPage\",\"@id\":\"https:\/\/franciscanos.org.br\/noticias\/papa-reconhecer-as-joias-preciosas-da-vida-e-distingui-las-das-quinquilharias.html#webpage\",\"url\":\"https:\/\/franciscanos.org.br\/noticias\/papa-reconhecer-as-joias-preciosas-da-vida-e-distingui-las-das-quinquilharias.html\",\"name\":\"Papa: reconhecer as joias preciosas da vida e distingui-las das quinquilharias - Not\u00edcias - Franciscanos\",\"isPartOf\":{\"@id\":\"https:\/\/franciscanos.org.br\/noticias\/#website\"},\"primaryImageOfPage\":{\"@id\":\"https:\/\/franciscanos.org.br\/noticias\/papa-reconhecer-as-joias-preciosas-da-vida-e-distingui-las-das-quinquilharias.html#primaryimage\"},\"datePublished\":\"2023-07-30T11:38:01+00:00\",\"dateModified\":\"2023-07-30T11:38:52+00:00\",\"author\":{\"@id\":\"https:\/\/franciscanos.org.br\/noticias\/#\/schema\/person\/b5c8cba458c330ccff548b056e95a5d4\"},\"breadcrumb\":{\"@id\":\"https:\/\/franciscanos.org.br\/noticias\/papa-reconhecer-as-joias-preciosas-da-vida-e-distingui-las-das-quinquilharias.html#breadcrumb\"},\"inLanguage\":\"pt-BR\",\"potentialAction\":[{\"@type\":\"ReadAction\",\"target\":[\"https:\/\/franciscanos.org.br\/noticias\/papa-reconhecer-as-joias-preciosas-da-vida-e-distingui-las-das-quinquilharias.html\"]}]},{\"@type\":\"BreadcrumbList\",\"@id\":\"https:\/\/franciscanos.org.br\/noticias\/papa-reconhecer-as-joias-preciosas-da-vida-e-distingui-las-das-quinquilharias.html#breadcrumb\",\"itemListElement\":[{\"@type\":\"ListItem\",\"position\":1,\"name\":\"Home\",\"item\":\"https:\/\/franciscanos.org.br\/noticias\"},{\"@type\":\"ListItem\",\"position\":2,\"name\":\"Papa: reconhecer as joias preciosas da vida e distingui-las das quinquilharias\"}]},{\"@type\":\"Person\",\"@id\":\"https:\/\/franciscanos.org.br\/noticias\/#\/schema\/person\/b5c8cba458c330ccff548b056e95a5d4\",\"name\":\"moacir\",\"image\":{\"@type\":\"ImageObject\",\"inLanguage\":\"pt-BR\",\"@id\":\"https:\/\/franciscanos.org.br\/noticias\/#\/schema\/person\/image\/\",\"url\":\"https:\/\/secure.gravatar.com\/avatar\/d08aa2ce4c8dd416d4479aa8536fcf64?s=96&d=mm&r=g\",\"contentUrl\":\"https:\/\/secure.gravatar.com\/avatar\/d08aa2ce4c8dd416d4479aa8536fcf64?s=96&d=mm&r=g\",\"caption\":\"moacir\"},\"url\":\"https:\/\/franciscanos.org.br\/noticias\/author\/moacir\"}]}<\/script>\n<!-- \/ Yoast SEO plugin. -->","yoast_head_json":{"title":"Papa: reconhecer as joias preciosas da vida e distingui-las das quinquilharias - Not\u00edcias - Franciscanos","robots":{"index":"index","follow":"follow","max-snippet":"max-snippet:-1","max-image-preview":"max-image-preview:large","max-video-preview":"max-video-preview:-1"},"canonical":"https:\/\/franciscanos.org.br\/noticias\/papa-reconhecer-as-joias-preciosas-da-vida-e-distingui-las-das-quinquilharias.html","og_locale":"pt_BR","og_type":"article","og_title":"Papa: reconhecer as joias preciosas da vida e distingui-las das quinquilharias - Not\u00edcias - Franciscanos","og_description":"Angelus","og_url":"https:\/\/franciscanos.org.br\/noticias\/papa-reconhecer-as-joias-preciosas-da-vida-e-distingui-las-das-quinquilharias.html","og_site_name":"Not\u00edcias - Franciscanos","article_published_time":"2023-07-30T11:38:01+00:00","article_modified_time":"2023-07-30T11:38:52+00:00","og_image":[{"width":1500,"height":844,"url":"https:\/\/franciscanos.org.br\/noticias\/wp-content\/uploads\/2023\/07\/angelus_30.jpeg","type":"image\/jpeg"}],"author":"moacir","twitter_card":"summary_large_image","twitter_misc":{"Escrito por":"moacir","Est. tempo de leitura":"4 minutos"},"schema":{"@context":"https:\/\/schema.org","@graph":[{"@type":"WebSite","@id":"https:\/\/franciscanos.org.br\/noticias\/#website","url":"https:\/\/franciscanos.org.br\/noticias\/","name":"Not\u00edcias - Franciscanos","description":"Prov\u00edncia Franciscana da Imaculada Concei\u00e7\u00e3o do Brasil - Ordem dos Frades Menores - OFM","potentialAction":[{"@type":"SearchAction","target":{"@type":"EntryPoint","urlTemplate":"https:\/\/franciscanos.org.br\/noticias\/?s={search_term_string}"},"query-input":"required name=search_term_string"}],"inLanguage":"pt-BR"},{"@type":"ImageObject","inLanguage":"pt-BR","@id":"https:\/\/franciscanos.org.br\/noticias\/papa-reconhecer-as-joias-preciosas-da-vida-e-distingui-las-das-quinquilharias.html#primaryimage","url":"https:\/\/franciscanos.org.br\/noticias\/wp-content\/uploads\/2023\/07\/angelus_30.jpeg","contentUrl":"https:\/\/franciscanos.org.br\/noticias\/wp-content\/uploads\/2023\/07\/angelus_30.jpeg","width":1500,"height":844},{"@type":"WebPage","@id":"https:\/\/franciscanos.org.br\/noticias\/papa-reconhecer-as-joias-preciosas-da-vida-e-distingui-las-das-quinquilharias.html#webpage","url":"https:\/\/franciscanos.org.br\/noticias\/papa-reconhecer-as-joias-preciosas-da-vida-e-distingui-las-das-quinquilharias.html","name":"Papa: reconhecer as joias preciosas da vida e distingui-las das quinquilharias - Not\u00edcias - Franciscanos","isPartOf":{"@id":"https:\/\/franciscanos.org.br\/noticias\/#website"},"primaryImageOfPage":{"@id":"https:\/\/franciscanos.org.br\/noticias\/papa-reconhecer-as-joias-preciosas-da-vida-e-distingui-las-das-quinquilharias.html#primaryimage"},"datePublished":"2023-07-30T11:38:01+00:00","dateModified":"2023-07-30T11:38:52+00:00","author":{"@id":"https:\/\/franciscanos.org.br\/noticias\/#\/schema\/person\/b5c8cba458c330ccff548b056e95a5d4"},"breadcrumb":{"@id":"https:\/\/franciscanos.org.br\/noticias\/papa-reconhecer-as-joias-preciosas-da-vida-e-distingui-las-das-quinquilharias.html#breadcrumb"},"inLanguage":"pt-BR","potentialAction":[{"@type":"ReadAction","target":["https:\/\/franciscanos.org.br\/noticias\/papa-reconhecer-as-joias-preciosas-da-vida-e-distingui-las-das-quinquilharias.html"]}]},{"@type":"BreadcrumbList","@id":"https:\/\/franciscanos.org.br\/noticias\/papa-reconhecer-as-joias-preciosas-da-vida-e-distingui-las-das-quinquilharias.html#breadcrumb","itemListElement":[{"@type":"ListItem","position":1,"name":"Home","item":"https:\/\/franciscanos.org.br\/noticias"},{"@type":"ListItem","position":2,"name":"Papa: reconhecer as joias preciosas da vida e distingui-las das quinquilharias"}]},{"@type":"Person","@id":"https:\/\/franciscanos.org.br\/noticias\/#\/schema\/person\/b5c8cba458c330ccff548b056e95a5d4","name":"moacir","image":{"@type":"ImageObject","inLanguage":"pt-BR","@id":"https:\/\/franciscanos.org.br\/noticias\/#\/schema\/person\/image\/","url":"https:\/\/secure.gravatar.com\/avatar\/d08aa2ce4c8dd416d4479aa8536fcf64?s=96&d=mm&r=g","contentUrl":"https:\/\/secure.gravatar.com\/avatar\/d08aa2ce4c8dd416d4479aa8536fcf64?s=96&d=mm&r=g","caption":"moacir"},"url":"https:\/\/franciscanos.org.br\/noticias\/author\/moacir"}]}},"_links":{"self":[{"href":"https:\/\/franciscanos.org.br\/noticias\/wp-json\/wp\/v2\/posts\/244243"}],"collection":[{"href":"https:\/\/franciscanos.org.br\/noticias\/wp-json\/wp\/v2\/posts"}],"about":[{"href":"https:\/\/franciscanos.org.br\/noticias\/wp-json\/wp\/v2\/types\/post"}],"author":[{"embeddable":true,"href":"https:\/\/franciscanos.org.br\/noticias\/wp-json\/wp\/v2\/users\/3"}],"replies":[{"embeddable":true,"href":"https:\/\/franciscanos.org.br\/noticias\/wp-json\/wp\/v2\/comments?post=244243"}],"version-history":[{"count":1,"href":"https:\/\/franciscanos.org.br\/noticias\/wp-json\/wp\/v2\/posts\/244243\/revisions"}],"predecessor-version":[{"id":244245,"href":"https:\/\/franciscanos.org.br\/noticias\/wp-json\/wp\/v2\/posts\/244243\/revisions\/244245"}],"wp:featuredmedia":[{"embeddable":true,"href":"https:\/\/franciscanos.org.br\/noticias\/wp-json\/wp\/v2\/media\/244244"}],"wp:attachment":[{"href":"https:\/\/franciscanos.org.br\/noticias\/wp-json\/wp\/v2\/media?parent=244243"}],"wp:term":[{"taxonomy":"category","embeddable":true,"href":"https:\/\/franciscanos.org.br\/noticias\/wp-json\/wp\/v2\/categories?post=244243"},{"taxonomy":"post_tag","embeddable":true,"href":"https:\/\/franciscanos.org.br\/noticias\/wp-json\/wp\/v2\/tags?post=244243"}],"curies":[{"name":"wp","href":"https:\/\/api.w.org\/{rel}","templated":true}]}}