{"id":244239,"date":"2023-07-28T13:03:14","date_gmt":"2023-07-28T16:03:14","guid":{"rendered":"https:\/\/franciscanos.org.br\/noticias\/?p=244239"},"modified":"2023-07-28T13:03:14","modified_gmt":"2023-07-28T16:03:14","slug":"representantes-da-usf-recebem-comenda-da-prefeitura-de-braganca-paulista","status":"publish","type":"post","link":"https:\/\/franciscanos.org.br\/noticias\/representantes-da-usf-recebem-comenda-da-prefeitura-de-braganca-paulista.html","title":{"rendered":"Representantes da USF recebem comenda da Prefeitura de Bragan\u00e7a Paulista"},"content":{"rendered":"<p><img loading=\"lazy\" class=\"alignnone size-full wp-image-244240\" src=\"https:\/\/franciscanos.org.br\/noticias\/wp-content\/uploads\/2023\/07\/usf_28.jpg\" alt=\"\" width=\"1280\" height=\"720\" srcset=\"https:\/\/franciscanos.org.br\/noticias\/wp-content\/uploads\/2023\/07\/usf_28.jpg 1280w, https:\/\/franciscanos.org.br\/noticias\/wp-content\/uploads\/2023\/07\/usf_28-450x253.jpg 450w, https:\/\/franciscanos.org.br\/noticias\/wp-content\/uploads\/2023\/07\/usf_28-1024x576.jpg 1024w, https:\/\/franciscanos.org.br\/noticias\/wp-content\/uploads\/2023\/07\/usf_28-768x432.jpg 768w, https:\/\/franciscanos.org.br\/noticias\/wp-content\/uploads\/2023\/07\/usf_28-150x84.jpg 150w\" sizes=\"(max-width: 1280px) 100vw, 1280px\" \/><\/p>\n<p>A Prefeitura de Bragan\u00e7a Paulista homenageou, no dia 27 de julho, com a entrega das Comendas Ant\u00f4nio Pires Pimentel e Ign\u00e1cia da Silva Pimentel, pessoas e institui\u00e7\u00f5es que se destacaram na promo\u00e7\u00e3o do munic\u00edpio de forma relevante. Da Universidade S\u00e3o Francisco (USF), receberam a comenda o Frei Pedro Pinheiro, OFM, e a professora Maria de F\u00e1tima Guimar\u00e3es.<\/p>\n<p>A homenagem vem como forma da Administra\u00e7\u00e3o Municipal valorizar as a\u00e7\u00f5es desenvolvidas em prol de Bragan\u00e7a Paulista. A Sess\u00e3o Solene de homenagem ocorreu no Centro Cultural Prefeito Jesus Adib Abi Chedid. Contou com a presen\u00e7a do reitor da USF, Frei Gilberto Gon\u00e7alves Garcia, do prefeito do munic\u00edpio, professor Amauri Sodr\u00e9 da Silva, e autoridades locais.<\/p>\n<p>Ao receber a Comenda, foi destacada toda a trajet\u00f3ria acad\u00eamica da professora Maria de F\u00e1tima na Universidade, al\u00e9m do trabalho profundo no acervo hist\u00f3rico da cidade desenvolvido no Centro de Documenta\u00e7\u00e3o e Apoio \u00e0 Pesquisa em Hist\u00f3ria da Educa\u00e7\u00e3o (CDAPH) da USF. \u201cA homenagem foi fruto do trabalho coletivo junto ao acervo documental do CDAPH\/USF, iniciativas e pesquisas sobre hist\u00f3ria local que desenvolvemos h\u00e1 anos. Reafirma a excel\u00eancia do CDAPH\/USF e a inser\u00e7\u00e3o social do \u00f3rg\u00e3o, a partir de seu pertencimento a uma Universidade comunit\u00e1ria e confessional. Al\u00e9m disso, no evento, observou-se a contribui\u00e7\u00e3o da USF na forma\u00e7\u00e3o de diferentes profissionais que atuam na Regi\u00e3o Bragantina\u201d, explicou a professora.<\/p>\n<p>Frei Pedro atua no N\u00facleo de Extens\u00e3o Universit\u00e1ria da USF e desenvolve obras que utilizam material pl\u00e1stico de reciclagem como mat\u00e9ria-prima. Mostra que a reciclagem pode ser uma solu\u00e7\u00e3o vi\u00e1vel e inspira\u00e7\u00e3o para as pessoas repensarem seu papel na preserva\u00e7\u00e3o do meio ambiente.<\/p>\n<p><img loading=\"lazy\" class=\"alignnone size-full wp-image-244241\" src=\"https:\/\/franciscanos.org.br\/noticias\/wp-content\/uploads\/2023\/07\/usf_28_1.jpg\" alt=\"\" width=\"1200\" height=\"792\" srcset=\"https:\/\/franciscanos.org.br\/noticias\/wp-content\/uploads\/2023\/07\/usf_28_1.jpg 1200w, https:\/\/franciscanos.org.br\/noticias\/wp-content\/uploads\/2023\/07\/usf_28_1-450x297.jpg 450w, https:\/\/franciscanos.org.br\/noticias\/wp-content\/uploads\/2023\/07\/usf_28_1-1024x676.jpg 1024w, https:\/\/franciscanos.org.br\/noticias\/wp-content\/uploads\/2023\/07\/usf_28_1-768x507.jpg 768w, https:\/\/franciscanos.org.br\/noticias\/wp-content\/uploads\/2023\/07\/usf_28_1-150x99.jpg 150w\" sizes=\"(max-width: 1200px) 100vw, 1200px\" \/><\/p>\n<p>Ao receber a comenda, Frei Pedro destacou a enc\u00edclica &#8220;Laudato Si&#8221;, publicada em maio de 2015, pelo Papa Francisco sobre o cuidado com o meio ambiente e com todas as pessoas, bem como quest\u00f5es mais amplas da rela\u00e7\u00e3o entre Deus, os seres humanos e a Terra. \u201cEnfatizo a enc\u00edclica, na qual fala da nossa casa comum. A minha satisfa\u00e7\u00e3o \u00e9 perceber a obra tra\u00e7ando o seu caminho. A partir do momento em que voc\u00ea compartilha a obra e ela \u00e9 compreendida\u201d, destacou Frei Pedro.<\/p>\n<p>As Comendas s\u00e3o ofertadas para artistas, intelectuais, profissionais de sa\u00fade, empres\u00e1rios, grupos e associa\u00e7\u00f5es.<\/p>\n<p><strong>Exposi\u00e7\u00e3o<\/strong><\/p>\n<p>A exposi\u00e7\u00e3o \u201cO Universo Plasticoce\u00e2nico\u201d, no Centro Cultural Prefeito Jesus Adib Abi Chedid, que tem apoio do 21\u00ba Festival Arte Serrinha, pode ser visitada at\u00e9 o dia 31 de agosto, de segunda-feira a sexta-feira, das 9h \u00e0s 18h. Aos s\u00e1bados e domingos, das 10h \u00e0s 17h, gratuitamente.<\/p>\n","protected":false},"excerpt":{"rendered":"<p>Universidade S\u00e3o Francisco<\/p>\n","protected":false},"author":3,"featured_media":244240,"comment_status":"open","ping_status":"open","sticky":false,"template":"","format":"standard","meta":[],"categories":[1],"tags":[2148],"acf":[],"yoast_head":"<!-- This site is optimized with the Yoast SEO plugin v19.2 - https:\/\/yoast.com\/wordpress\/plugins\/seo\/ -->\n<title>Representantes da USF recebem comenda da Prefeitura de Bragan\u00e7a Paulista - Not\u00edcias - Franciscanos<\/title>\n<meta name=\"robots\" content=\"index, follow, max-snippet:-1, max-image-preview:large, max-video-preview:-1\" \/>\n<link rel=\"canonical\" href=\"https:\/\/franciscanos.org.br\/noticias\/representantes-da-usf-recebem-comenda-da-prefeitura-de-braganca-paulista.html\" \/>\n<meta property=\"og:locale\" content=\"pt_BR\" \/>\n<meta property=\"og:type\" content=\"article\" \/>\n<meta property=\"og:title\" content=\"Representantes da USF recebem comenda da Prefeitura de Bragan\u00e7a Paulista - Not\u00edcias - Franciscanos\" \/>\n<meta property=\"og:description\" content=\"Universidade S\u00e3o Francisco\" \/>\n<meta property=\"og:url\" content=\"https:\/\/franciscanos.org.br\/noticias\/representantes-da-usf-recebem-comenda-da-prefeitura-de-braganca-paulista.html\" \/>\n<meta property=\"og:site_name\" content=\"Not\u00edcias - Franciscanos\" \/>\n<meta property=\"article:published_time\" content=\"2023-07-28T16:03:14+00:00\" \/>\n<meta property=\"og:image\" content=\"https:\/\/franciscanos.org.br\/noticias\/wp-content\/uploads\/2023\/07\/usf_28.jpg\" \/>\n\t<meta property=\"og:image:width\" content=\"1280\" \/>\n\t<meta property=\"og:image:height\" content=\"720\" \/>\n\t<meta property=\"og:image:type\" content=\"image\/jpeg\" \/>\n<meta name=\"author\" content=\"moacir\" \/>\n<meta name=\"twitter:card\" content=\"summary_large_image\" \/>\n<meta name=\"twitter:label1\" content=\"Escrito por\" \/>\n\t<meta name=\"twitter:data1\" content=\"moacir\" \/>\n\t<meta name=\"twitter:label2\" content=\"Est. tempo de leitura\" \/>\n\t<meta name=\"twitter:data2\" content=\"2 minutos\" \/>\n<script type=\"application\/ld+json\" class=\"yoast-schema-graph\">{\"@context\":\"https:\/\/schema.org\",\"@graph\":[{\"@type\":\"WebSite\",\"@id\":\"https:\/\/franciscanos.org.br\/noticias\/#website\",\"url\":\"https:\/\/franciscanos.org.br\/noticias\/\",\"name\":\"Not\u00edcias - Franciscanos\",\"description\":\"Prov\u00edncia Franciscana da Imaculada Concei\u00e7\u00e3o do Brasil - Ordem dos Frades Menores - OFM\",\"potentialAction\":[{\"@type\":\"SearchAction\",\"target\":{\"@type\":\"EntryPoint\",\"urlTemplate\":\"https:\/\/franciscanos.org.br\/noticias\/?s={search_term_string}\"},\"query-input\":\"required name=search_term_string\"}],\"inLanguage\":\"pt-BR\"},{\"@type\":\"ImageObject\",\"inLanguage\":\"pt-BR\",\"@id\":\"https:\/\/franciscanos.org.br\/noticias\/representantes-da-usf-recebem-comenda-da-prefeitura-de-braganca-paulista.html#primaryimage\",\"url\":\"https:\/\/franciscanos.org.br\/noticias\/wp-content\/uploads\/2023\/07\/usf_28.jpg\",\"contentUrl\":\"https:\/\/franciscanos.org.br\/noticias\/wp-content\/uploads\/2023\/07\/usf_28.jpg\",\"width\":1280,\"height\":720},{\"@type\":\"WebPage\",\"@id\":\"https:\/\/franciscanos.org.br\/noticias\/representantes-da-usf-recebem-comenda-da-prefeitura-de-braganca-paulista.html#webpage\",\"url\":\"https:\/\/franciscanos.org.br\/noticias\/representantes-da-usf-recebem-comenda-da-prefeitura-de-braganca-paulista.html\",\"name\":\"Representantes da USF recebem comenda da Prefeitura de Bragan\u00e7a Paulista - Not\u00edcias - Franciscanos\",\"isPartOf\":{\"@id\":\"https:\/\/franciscanos.org.br\/noticias\/#website\"},\"primaryImageOfPage\":{\"@id\":\"https:\/\/franciscanos.org.br\/noticias\/representantes-da-usf-recebem-comenda-da-prefeitura-de-braganca-paulista.html#primaryimage\"},\"datePublished\":\"2023-07-28T16:03:14+00:00\",\"dateModified\":\"2023-07-28T16:03:14+00:00\",\"author\":{\"@id\":\"https:\/\/franciscanos.org.br\/noticias\/#\/schema\/person\/b5c8cba458c330ccff548b056e95a5d4\"},\"breadcrumb\":{\"@id\":\"https:\/\/franciscanos.org.br\/noticias\/representantes-da-usf-recebem-comenda-da-prefeitura-de-braganca-paulista.html#breadcrumb\"},\"inLanguage\":\"pt-BR\",\"potentialAction\":[{\"@type\":\"ReadAction\",\"target\":[\"https:\/\/franciscanos.org.br\/noticias\/representantes-da-usf-recebem-comenda-da-prefeitura-de-braganca-paulista.html\"]}]},{\"@type\":\"BreadcrumbList\",\"@id\":\"https:\/\/franciscanos.org.br\/noticias\/representantes-da-usf-recebem-comenda-da-prefeitura-de-braganca-paulista.html#breadcrumb\",\"itemListElement\":[{\"@type\":\"ListItem\",\"position\":1,\"name\":\"Home\",\"item\":\"https:\/\/franciscanos.org.br\/noticias\"},{\"@type\":\"ListItem\",\"position\":2,\"name\":\"Representantes da USF recebem comenda da Prefeitura de Bragan\u00e7a Paulista\"}]},{\"@type\":\"Person\",\"@id\":\"https:\/\/franciscanos.org.br\/noticias\/#\/schema\/person\/b5c8cba458c330ccff548b056e95a5d4\",\"name\":\"moacir\",\"image\":{\"@type\":\"ImageObject\",\"inLanguage\":\"pt-BR\",\"@id\":\"https:\/\/franciscanos.org.br\/noticias\/#\/schema\/person\/image\/\",\"url\":\"https:\/\/secure.gravatar.com\/avatar\/d08aa2ce4c8dd416d4479aa8536fcf64?s=96&d=mm&r=g\",\"contentUrl\":\"https:\/\/secure.gravatar.com\/avatar\/d08aa2ce4c8dd416d4479aa8536fcf64?s=96&d=mm&r=g\",\"caption\":\"moacir\"},\"url\":\"https:\/\/franciscanos.org.br\/noticias\/author\/moacir\"}]}<\/script>\n<!-- \/ Yoast SEO plugin. -->","yoast_head_json":{"title":"Representantes da USF recebem comenda da Prefeitura de Bragan\u00e7a Paulista - Not\u00edcias - Franciscanos","robots":{"index":"index","follow":"follow","max-snippet":"max-snippet:-1","max-image-preview":"max-image-preview:large","max-video-preview":"max-video-preview:-1"},"canonical":"https:\/\/franciscanos.org.br\/noticias\/representantes-da-usf-recebem-comenda-da-prefeitura-de-braganca-paulista.html","og_locale":"pt_BR","og_type":"article","og_title":"Representantes da USF recebem comenda da Prefeitura de Bragan\u00e7a Paulista - Not\u00edcias - Franciscanos","og_description":"Universidade S\u00e3o Francisco","og_url":"https:\/\/franciscanos.org.br\/noticias\/representantes-da-usf-recebem-comenda-da-prefeitura-de-braganca-paulista.html","og_site_name":"Not\u00edcias - Franciscanos","article_published_time":"2023-07-28T16:03:14+00:00","og_image":[{"width":1280,"height":720,"url":"https:\/\/franciscanos.org.br\/noticias\/wp-content\/uploads\/2023\/07\/usf_28.jpg","type":"image\/jpeg"}],"author":"moacir","twitter_card":"summary_large_image","twitter_misc":{"Escrito por":"moacir","Est. tempo de leitura":"2 minutos"},"schema":{"@context":"https:\/\/schema.org","@graph":[{"@type":"WebSite","@id":"https:\/\/franciscanos.org.br\/noticias\/#website","url":"https:\/\/franciscanos.org.br\/noticias\/","name":"Not\u00edcias - Franciscanos","description":"Prov\u00edncia Franciscana da Imaculada Concei\u00e7\u00e3o do Brasil - Ordem dos Frades Menores - OFM","potentialAction":[{"@type":"SearchAction","target":{"@type":"EntryPoint","urlTemplate":"https:\/\/franciscanos.org.br\/noticias\/?s={search_term_string}"},"query-input":"required name=search_term_string"}],"inLanguage":"pt-BR"},{"@type":"ImageObject","inLanguage":"pt-BR","@id":"https:\/\/franciscanos.org.br\/noticias\/representantes-da-usf-recebem-comenda-da-prefeitura-de-braganca-paulista.html#primaryimage","url":"https:\/\/franciscanos.org.br\/noticias\/wp-content\/uploads\/2023\/07\/usf_28.jpg","contentUrl":"https:\/\/franciscanos.org.br\/noticias\/wp-content\/uploads\/2023\/07\/usf_28.jpg","width":1280,"height":720},{"@type":"WebPage","@id":"https:\/\/franciscanos.org.br\/noticias\/representantes-da-usf-recebem-comenda-da-prefeitura-de-braganca-paulista.html#webpage","url":"https:\/\/franciscanos.org.br\/noticias\/representantes-da-usf-recebem-comenda-da-prefeitura-de-braganca-paulista.html","name":"Representantes da USF recebem comenda da Prefeitura de Bragan\u00e7a Paulista - Not\u00edcias - Franciscanos","isPartOf":{"@id":"https:\/\/franciscanos.org.br\/noticias\/#website"},"primaryImageOfPage":{"@id":"https:\/\/franciscanos.org.br\/noticias\/representantes-da-usf-recebem-comenda-da-prefeitura-de-braganca-paulista.html#primaryimage"},"datePublished":"2023-07-28T16:03:14+00:00","dateModified":"2023-07-28T16:03:14+00:00","author":{"@id":"https:\/\/franciscanos.org.br\/noticias\/#\/schema\/person\/b5c8cba458c330ccff548b056e95a5d4"},"breadcrumb":{"@id":"https:\/\/franciscanos.org.br\/noticias\/representantes-da-usf-recebem-comenda-da-prefeitura-de-braganca-paulista.html#breadcrumb"},"inLanguage":"pt-BR","potentialAction":[{"@type":"ReadAction","target":["https:\/\/franciscanos.org.br\/noticias\/representantes-da-usf-recebem-comenda-da-prefeitura-de-braganca-paulista.html"]}]},{"@type":"BreadcrumbList","@id":"https:\/\/franciscanos.org.br\/noticias\/representantes-da-usf-recebem-comenda-da-prefeitura-de-braganca-paulista.html#breadcrumb","itemListElement":[{"@type":"ListItem","position":1,"name":"Home","item":"https:\/\/franciscanos.org.br\/noticias"},{"@type":"ListItem","position":2,"name":"Representantes da USF recebem comenda da Prefeitura de Bragan\u00e7a Paulista"}]},{"@type":"Person","@id":"https:\/\/franciscanos.org.br\/noticias\/#\/schema\/person\/b5c8cba458c330ccff548b056e95a5d4","name":"moacir","image":{"@type":"ImageObject","inLanguage":"pt-BR","@id":"https:\/\/franciscanos.org.br\/noticias\/#\/schema\/person\/image\/","url":"https:\/\/secure.gravatar.com\/avatar\/d08aa2ce4c8dd416d4479aa8536fcf64?s=96&d=mm&r=g","contentUrl":"https:\/\/secure.gravatar.com\/avatar\/d08aa2ce4c8dd416d4479aa8536fcf64?s=96&d=mm&r=g","caption":"moacir"},"url":"https:\/\/franciscanos.org.br\/noticias\/author\/moacir"}]}},"_links":{"self":[{"href":"https:\/\/franciscanos.org.br\/noticias\/wp-json\/wp\/v2\/posts\/244239"}],"collection":[{"href":"https:\/\/franciscanos.org.br\/noticias\/wp-json\/wp\/v2\/posts"}],"about":[{"href":"https:\/\/franciscanos.org.br\/noticias\/wp-json\/wp\/v2\/types\/post"}],"author":[{"embeddable":true,"href":"https:\/\/franciscanos.org.br\/noticias\/wp-json\/wp\/v2\/users\/3"}],"replies":[{"embeddable":true,"href":"https:\/\/franciscanos.org.br\/noticias\/wp-json\/wp\/v2\/comments?post=244239"}],"version-history":[{"count":1,"href":"https:\/\/franciscanos.org.br\/noticias\/wp-json\/wp\/v2\/posts\/244239\/revisions"}],"predecessor-version":[{"id":244242,"href":"https:\/\/franciscanos.org.br\/noticias\/wp-json\/wp\/v2\/posts\/244239\/revisions\/244242"}],"wp:featuredmedia":[{"embeddable":true,"href":"https:\/\/franciscanos.org.br\/noticias\/wp-json\/wp\/v2\/media\/244240"}],"wp:attachment":[{"href":"https:\/\/franciscanos.org.br\/noticias\/wp-json\/wp\/v2\/media?parent=244239"}],"wp:term":[{"taxonomy":"category","embeddable":true,"href":"https:\/\/franciscanos.org.br\/noticias\/wp-json\/wp\/v2\/categories?post=244239"},{"taxonomy":"post_tag","embeddable":true,"href":"https:\/\/franciscanos.org.br\/noticias\/wp-json\/wp\/v2\/tags?post=244239"}],"curies":[{"name":"wp","href":"https:\/\/api.w.org\/{rel}","templated":true}]}}