{"id":244222,"date":"2023-07-26T17:04:39","date_gmt":"2023-07-26T20:04:39","guid":{"rendered":"https:\/\/franciscanos.org.br\/noticias\/?p=244222"},"modified":"2023-07-27T09:59:55","modified_gmt":"2023-07-27T12:59:55","slug":"encerrada-a-assembleia-anual-da-fundacao-imaculada-mae-de-deus","status":"publish","type":"post","link":"https:\/\/franciscanos.org.br\/noticias\/encerrada-a-assembleia-anual-da-fundacao-imaculada-mae-de-deus.html","title":{"rendered":"Encerrada a Assembleia anual da Funda\u00e7\u00e3o Imaculada M\u00e3e de Deus"},"content":{"rendered":"<p><img loading=\"lazy\" class=\"alignnone size-full wp-image-244223\" src=\"https:\/\/franciscanos.org.br\/noticias\/wp-content\/uploads\/2023\/07\/angola_01.jpg\" alt=\"\" width=\"1280\" height=\"720\" srcset=\"https:\/\/franciscanos.org.br\/noticias\/wp-content\/uploads\/2023\/07\/angola_01.jpg 1280w, https:\/\/franciscanos.org.br\/noticias\/wp-content\/uploads\/2023\/07\/angola_01-450x253.jpg 450w, https:\/\/franciscanos.org.br\/noticias\/wp-content\/uploads\/2023\/07\/angola_01-1024x576.jpg 1024w, https:\/\/franciscanos.org.br\/noticias\/wp-content\/uploads\/2023\/07\/angola_01-768x432.jpg 768w, https:\/\/franciscanos.org.br\/noticias\/wp-content\/uploads\/2023\/07\/angola_01-150x84.jpg 150w\" sizes=\"(max-width: 1280px) 100vw, 1280px\" \/><\/p>\n<p>Neste dia 26 de julho, \u00faltimo dia do Cap\u00edtulo anual da Funda\u00e7\u00e3o Imaculada M\u00e3e de Deus de Angola (FIMDA), os frades continuaram o encontro fazendo reflex\u00e3o a respeito da vida fraterna. No primeiro momento, Frei Paulo Pereira citou tr\u00eas pilares que proporcionam o crescimento da viv\u00eancia fraterna: acolhimento, amadurecimento e fortalecimento, cultivando o sentido de perten\u00e7a, o testemunho de pobreza, e intensificando a qualidade de vida fraterna na partilha da mesa, da ora\u00e7\u00e3o e da miss\u00e3o.<\/p>\n<p><iframe loading=\"lazy\" title=\"YouTube video player\" src=\"https:\/\/www.youtube.com\/embed\/JKkAusMh0eU\" width=\"100%\" height=\"500\" frameborder=\"0\" allowfullscreen=\"allowfullscreen\"><span data-mce-type=\"bookmark\" style=\"display: inline-block; width: 0px; overflow: hidden; line-height: 0;\" class=\"mce_SELRES_start\">\ufeff<\/span><\/iframe><\/p>\n<p><img loading=\"lazy\" class=\" wp-image-244224 alignleft\" src=\"https:\/\/franciscanos.org.br\/noticias\/wp-content\/uploads\/2023\/07\/angola_06.jpg\" alt=\"\" width=\"432\" height=\"301\" srcset=\"https:\/\/franciscanos.org.br\/noticias\/wp-content\/uploads\/2023\/07\/angola_06.jpg 575w, https:\/\/franciscanos.org.br\/noticias\/wp-content\/uploads\/2023\/07\/angola_06-450x314.jpg 450w, https:\/\/franciscanos.org.br\/noticias\/wp-content\/uploads\/2023\/07\/angola_06-150x105.jpg 150w\" sizes=\"(max-width: 432px) 100vw, 432px\" \/>Na Celebra\u00e7\u00e3o Eucar\u00edstica deste dia em que a Igreja celebrou a mem\u00f3ria de S\u00e3o Joaquim e Santa Ana, pais de Nossa Senhora, o Ministro Provincial Frei Paulo Pereira, na sua homilia, convidou os frades a terem zelo pelos idosos. Exortou-os a cultivarem as virtudes da sabedoria, fidelidade, liberdade e confian\u00e7a para se poder ter uma harmoniosa integra\u00e7\u00e3o e complementaridade entre os idosos e os mais novos. Na sequ\u00eancia, Frei Paulo apelou ainda os confrades a viverem com sabedoria e fidelidade a voca\u00e7\u00e3o que livremente cada um abra\u00e7ou, fazendo escolhas inteligentes, buscando motiva\u00e7\u00e3o na Eucaristia, na Fraternidade e na Palavra do Senhor, de modo a saberem ajudar os mais miser\u00e1veis e abandonados da sociedade.<\/p>\n<p>Outros momentos que marcaram este \u00faltimo dia foram as discuss\u00f5es relacionadas \u00e0 Forma\u00e7\u00e3o Inicial e Permanente e \u00e0 administra\u00e7\u00e3o econ\u00f4mica.<\/p>\n<p><img loading=\"lazy\" class=\"alignnone size-full wp-image-244226\" src=\"https:\/\/franciscanos.org.br\/noticias\/wp-content\/uploads\/2023\/07\/angola_04.jpg\" alt=\"\" width=\"1040\" height=\"562\" srcset=\"https:\/\/franciscanos.org.br\/noticias\/wp-content\/uploads\/2023\/07\/angola_04.jpg 1040w, https:\/\/franciscanos.org.br\/noticias\/wp-content\/uploads\/2023\/07\/angola_04-450x243.jpg 450w, https:\/\/franciscanos.org.br\/noticias\/wp-content\/uploads\/2023\/07\/angola_04-1024x553.jpg 1024w, https:\/\/franciscanos.org.br\/noticias\/wp-content\/uploads\/2023\/07\/angola_04-768x415.jpg 768w, https:\/\/franciscanos.org.br\/noticias\/wp-content\/uploads\/2023\/07\/angola_04-150x81.jpg 150w\" sizes=\"(max-width: 1040px) 100vw, 1040px\" \/><\/p>\n<p>Sobre a Forma\u00e7\u00e3o (Inicial e Permanente) discutiu-se a respeito da import\u00e2ncia do itiner\u00e1rio formativo e o funcionamento do Servi\u00e7o de Anima\u00e7\u00e3o Vocacional (SAV), velando pela qualidade e n\u00e3o pela quantidade, personalizando a pedagogia franciscana e quebrando a estrutura mental seminar\u00edstica. E com o F\u00f3rum da Forma\u00e7\u00e3o que se realizar\u00e1 em setembro, pretende-se voltar a contemplar aquilo que j\u00e1 est\u00e1 na <em>Ratio Studiorum<\/em> e na <em>Ratio Formationis.<\/em><\/p>\n<p><img loading=\"lazy\" class=\"alignnone size-full wp-image-244225\" src=\"https:\/\/franciscanos.org.br\/noticias\/wp-content\/uploads\/2023\/07\/angola_03-1.jpg\" alt=\"\" width=\"1040\" height=\"662\" srcset=\"https:\/\/franciscanos.org.br\/noticias\/wp-content\/uploads\/2023\/07\/angola_03-1.jpg 1040w, https:\/\/franciscanos.org.br\/noticias\/wp-content\/uploads\/2023\/07\/angola_03-1-450x286.jpg 450w, https:\/\/franciscanos.org.br\/noticias\/wp-content\/uploads\/2023\/07\/angola_03-1-1024x652.jpg 1024w, https:\/\/franciscanos.org.br\/noticias\/wp-content\/uploads\/2023\/07\/angola_03-1-768x489.jpg 768w, https:\/\/franciscanos.org.br\/noticias\/wp-content\/uploads\/2023\/07\/angola_03-1-150x95.jpg 150w\" sizes=\"(max-width: 1040px) 100vw, 1040px\" \/><\/p>\n<p>No que se refere \u00e0 quest\u00e3o administrativa e econ\u00f4mica, Frei Robson Luiz Scudela falou do reto uso do capital na economia franciscana, e lembrou tamb\u00e9m que, na vida religiosa, o dinheiro deve ser usado para o servi\u00e7o e manuten\u00e7\u00e3o dos irm\u00e3os e para solidariedade com os mais pobres, evitando despesas sup\u00e9rfluas.<\/p>\n<hr \/>\n<p><em>Equipe de Comunica\u00e7\u00e3o da FIMDA (Frei Borracha Raimundo Eduardo, Frei David V. da Concei\u00e7\u00e3o Gaieta e Frei Tom\u00e1s Gaspar Joaquim)<\/em><\/p>\n","protected":false},"excerpt":{"rendered":"<p>Miss\u00e3o de Angola<\/p>\n","protected":false},"author":3,"featured_media":244223,"comment_status":"open","ping_status":"open","sticky":false,"template":"","format":"standard","meta":[],"categories":[1],"tags":[195],"acf":[],"yoast_head":"<!-- This site is optimized with the Yoast SEO plugin v19.2 - https:\/\/yoast.com\/wordpress\/plugins\/seo\/ -->\n<title>Encerrada a Assembleia anual da Funda\u00e7\u00e3o Imaculada M\u00e3e de Deus - Not\u00edcias - Franciscanos<\/title>\n<meta name=\"robots\" content=\"index, follow, max-snippet:-1, max-image-preview:large, max-video-preview:-1\" \/>\n<link rel=\"canonical\" href=\"https:\/\/franciscanos.org.br\/noticias\/encerrada-a-assembleia-anual-da-fundacao-imaculada-mae-de-deus.html\" \/>\n<meta property=\"og:locale\" content=\"pt_BR\" \/>\n<meta property=\"og:type\" content=\"article\" \/>\n<meta property=\"og:title\" content=\"Encerrada a Assembleia anual da Funda\u00e7\u00e3o Imaculada M\u00e3e de Deus - Not\u00edcias - Franciscanos\" \/>\n<meta property=\"og:description\" content=\"Miss\u00e3o de Angola\" \/>\n<meta property=\"og:url\" content=\"https:\/\/franciscanos.org.br\/noticias\/encerrada-a-assembleia-anual-da-fundacao-imaculada-mae-de-deus.html\" \/>\n<meta property=\"og:site_name\" content=\"Not\u00edcias - Franciscanos\" \/>\n<meta property=\"article:published_time\" content=\"2023-07-26T20:04:39+00:00\" \/>\n<meta property=\"article:modified_time\" content=\"2023-07-27T12:59:55+00:00\" \/>\n<meta property=\"og:image\" content=\"https:\/\/franciscanos.org.br\/noticias\/wp-content\/uploads\/2023\/07\/angola_01.jpg\" \/>\n\t<meta property=\"og:image:width\" content=\"1280\" \/>\n\t<meta property=\"og:image:height\" content=\"720\" \/>\n\t<meta property=\"og:image:type\" content=\"image\/jpeg\" \/>\n<meta name=\"author\" content=\"moacir\" \/>\n<meta name=\"twitter:card\" content=\"summary_large_image\" \/>\n<meta name=\"twitter:label1\" content=\"Escrito por\" \/>\n\t<meta name=\"twitter:data1\" content=\"moacir\" \/>\n\t<meta name=\"twitter:label2\" content=\"Est. tempo de leitura\" \/>\n\t<meta name=\"twitter:data2\" content=\"2 minutos\" \/>\n<script type=\"application\/ld+json\" class=\"yoast-schema-graph\">{\"@context\":\"https:\/\/schema.org\",\"@graph\":[{\"@type\":\"WebSite\",\"@id\":\"https:\/\/franciscanos.org.br\/noticias\/#website\",\"url\":\"https:\/\/franciscanos.org.br\/noticias\/\",\"name\":\"Not\u00edcias - Franciscanos\",\"description\":\"Prov\u00edncia Franciscana da Imaculada Concei\u00e7\u00e3o do Brasil - Ordem dos Frades Menores - OFM\",\"potentialAction\":[{\"@type\":\"SearchAction\",\"target\":{\"@type\":\"EntryPoint\",\"urlTemplate\":\"https:\/\/franciscanos.org.br\/noticias\/?s={search_term_string}\"},\"query-input\":\"required name=search_term_string\"}],\"inLanguage\":\"pt-BR\"},{\"@type\":\"ImageObject\",\"inLanguage\":\"pt-BR\",\"@id\":\"https:\/\/franciscanos.org.br\/noticias\/encerrada-a-assembleia-anual-da-fundacao-imaculada-mae-de-deus.html#primaryimage\",\"url\":\"https:\/\/franciscanos.org.br\/noticias\/wp-content\/uploads\/2023\/07\/angola_01.jpg\",\"contentUrl\":\"https:\/\/franciscanos.org.br\/noticias\/wp-content\/uploads\/2023\/07\/angola_01.jpg\",\"width\":1280,\"height\":720},{\"@type\":\"WebPage\",\"@id\":\"https:\/\/franciscanos.org.br\/noticias\/encerrada-a-assembleia-anual-da-fundacao-imaculada-mae-de-deus.html#webpage\",\"url\":\"https:\/\/franciscanos.org.br\/noticias\/encerrada-a-assembleia-anual-da-fundacao-imaculada-mae-de-deus.html\",\"name\":\"Encerrada a Assembleia anual da Funda\u00e7\u00e3o Imaculada M\u00e3e de Deus - Not\u00edcias - Franciscanos\",\"isPartOf\":{\"@id\":\"https:\/\/franciscanos.org.br\/noticias\/#website\"},\"primaryImageOfPage\":{\"@id\":\"https:\/\/franciscanos.org.br\/noticias\/encerrada-a-assembleia-anual-da-fundacao-imaculada-mae-de-deus.html#primaryimage\"},\"datePublished\":\"2023-07-26T20:04:39+00:00\",\"dateModified\":\"2023-07-27T12:59:55+00:00\",\"author\":{\"@id\":\"https:\/\/franciscanos.org.br\/noticias\/#\/schema\/person\/b5c8cba458c330ccff548b056e95a5d4\"},\"breadcrumb\":{\"@id\":\"https:\/\/franciscanos.org.br\/noticias\/encerrada-a-assembleia-anual-da-fundacao-imaculada-mae-de-deus.html#breadcrumb\"},\"inLanguage\":\"pt-BR\",\"potentialAction\":[{\"@type\":\"ReadAction\",\"target\":[\"https:\/\/franciscanos.org.br\/noticias\/encerrada-a-assembleia-anual-da-fundacao-imaculada-mae-de-deus.html\"]}]},{\"@type\":\"BreadcrumbList\",\"@id\":\"https:\/\/franciscanos.org.br\/noticias\/encerrada-a-assembleia-anual-da-fundacao-imaculada-mae-de-deus.html#breadcrumb\",\"itemListElement\":[{\"@type\":\"ListItem\",\"position\":1,\"name\":\"Home\",\"item\":\"https:\/\/franciscanos.org.br\/noticias\"},{\"@type\":\"ListItem\",\"position\":2,\"name\":\"Encerrada a Assembleia anual da Funda\u00e7\u00e3o Imaculada M\u00e3e de Deus\"}]},{\"@type\":\"Person\",\"@id\":\"https:\/\/franciscanos.org.br\/noticias\/#\/schema\/person\/b5c8cba458c330ccff548b056e95a5d4\",\"name\":\"moacir\",\"image\":{\"@type\":\"ImageObject\",\"inLanguage\":\"pt-BR\",\"@id\":\"https:\/\/franciscanos.org.br\/noticias\/#\/schema\/person\/image\/\",\"url\":\"https:\/\/secure.gravatar.com\/avatar\/d08aa2ce4c8dd416d4479aa8536fcf64?s=96&d=mm&r=g\",\"contentUrl\":\"https:\/\/secure.gravatar.com\/avatar\/d08aa2ce4c8dd416d4479aa8536fcf64?s=96&d=mm&r=g\",\"caption\":\"moacir\"},\"url\":\"https:\/\/franciscanos.org.br\/noticias\/author\/moacir\"}]}<\/script>\n<!-- \/ Yoast SEO plugin. -->","yoast_head_json":{"title":"Encerrada a Assembleia anual da Funda\u00e7\u00e3o Imaculada M\u00e3e de Deus - Not\u00edcias - Franciscanos","robots":{"index":"index","follow":"follow","max-snippet":"max-snippet:-1","max-image-preview":"max-image-preview:large","max-video-preview":"max-video-preview:-1"},"canonical":"https:\/\/franciscanos.org.br\/noticias\/encerrada-a-assembleia-anual-da-fundacao-imaculada-mae-de-deus.html","og_locale":"pt_BR","og_type":"article","og_title":"Encerrada a Assembleia anual da Funda\u00e7\u00e3o Imaculada M\u00e3e de Deus - Not\u00edcias - Franciscanos","og_description":"Miss\u00e3o de Angola","og_url":"https:\/\/franciscanos.org.br\/noticias\/encerrada-a-assembleia-anual-da-fundacao-imaculada-mae-de-deus.html","og_site_name":"Not\u00edcias - Franciscanos","article_published_time":"2023-07-26T20:04:39+00:00","article_modified_time":"2023-07-27T12:59:55+00:00","og_image":[{"width":1280,"height":720,"url":"https:\/\/franciscanos.org.br\/noticias\/wp-content\/uploads\/2023\/07\/angola_01.jpg","type":"image\/jpeg"}],"author":"moacir","twitter_card":"summary_large_image","twitter_misc":{"Escrito por":"moacir","Est. tempo de leitura":"2 minutos"},"schema":{"@context":"https:\/\/schema.org","@graph":[{"@type":"WebSite","@id":"https:\/\/franciscanos.org.br\/noticias\/#website","url":"https:\/\/franciscanos.org.br\/noticias\/","name":"Not\u00edcias - Franciscanos","description":"Prov\u00edncia Franciscana da Imaculada Concei\u00e7\u00e3o do Brasil - Ordem dos Frades Menores - OFM","potentialAction":[{"@type":"SearchAction","target":{"@type":"EntryPoint","urlTemplate":"https:\/\/franciscanos.org.br\/noticias\/?s={search_term_string}"},"query-input":"required name=search_term_string"}],"inLanguage":"pt-BR"},{"@type":"ImageObject","inLanguage":"pt-BR","@id":"https:\/\/franciscanos.org.br\/noticias\/encerrada-a-assembleia-anual-da-fundacao-imaculada-mae-de-deus.html#primaryimage","url":"https:\/\/franciscanos.org.br\/noticias\/wp-content\/uploads\/2023\/07\/angola_01.jpg","contentUrl":"https:\/\/franciscanos.org.br\/noticias\/wp-content\/uploads\/2023\/07\/angola_01.jpg","width":1280,"height":720},{"@type":"WebPage","@id":"https:\/\/franciscanos.org.br\/noticias\/encerrada-a-assembleia-anual-da-fundacao-imaculada-mae-de-deus.html#webpage","url":"https:\/\/franciscanos.org.br\/noticias\/encerrada-a-assembleia-anual-da-fundacao-imaculada-mae-de-deus.html","name":"Encerrada a Assembleia anual da Funda\u00e7\u00e3o Imaculada M\u00e3e de Deus - Not\u00edcias - Franciscanos","isPartOf":{"@id":"https:\/\/franciscanos.org.br\/noticias\/#website"},"primaryImageOfPage":{"@id":"https:\/\/franciscanos.org.br\/noticias\/encerrada-a-assembleia-anual-da-fundacao-imaculada-mae-de-deus.html#primaryimage"},"datePublished":"2023-07-26T20:04:39+00:00","dateModified":"2023-07-27T12:59:55+00:00","author":{"@id":"https:\/\/franciscanos.org.br\/noticias\/#\/schema\/person\/b5c8cba458c330ccff548b056e95a5d4"},"breadcrumb":{"@id":"https:\/\/franciscanos.org.br\/noticias\/encerrada-a-assembleia-anual-da-fundacao-imaculada-mae-de-deus.html#breadcrumb"},"inLanguage":"pt-BR","potentialAction":[{"@type":"ReadAction","target":["https:\/\/franciscanos.org.br\/noticias\/encerrada-a-assembleia-anual-da-fundacao-imaculada-mae-de-deus.html"]}]},{"@type":"BreadcrumbList","@id":"https:\/\/franciscanos.org.br\/noticias\/encerrada-a-assembleia-anual-da-fundacao-imaculada-mae-de-deus.html#breadcrumb","itemListElement":[{"@type":"ListItem","position":1,"name":"Home","item":"https:\/\/franciscanos.org.br\/noticias"},{"@type":"ListItem","position":2,"name":"Encerrada a Assembleia anual da Funda\u00e7\u00e3o Imaculada M\u00e3e de Deus"}]},{"@type":"Person","@id":"https:\/\/franciscanos.org.br\/noticias\/#\/schema\/person\/b5c8cba458c330ccff548b056e95a5d4","name":"moacir","image":{"@type":"ImageObject","inLanguage":"pt-BR","@id":"https:\/\/franciscanos.org.br\/noticias\/#\/schema\/person\/image\/","url":"https:\/\/secure.gravatar.com\/avatar\/d08aa2ce4c8dd416d4479aa8536fcf64?s=96&d=mm&r=g","contentUrl":"https:\/\/secure.gravatar.com\/avatar\/d08aa2ce4c8dd416d4479aa8536fcf64?s=96&d=mm&r=g","caption":"moacir"},"url":"https:\/\/franciscanos.org.br\/noticias\/author\/moacir"}]}},"_links":{"self":[{"href":"https:\/\/franciscanos.org.br\/noticias\/wp-json\/wp\/v2\/posts\/244222"}],"collection":[{"href":"https:\/\/franciscanos.org.br\/noticias\/wp-json\/wp\/v2\/posts"}],"about":[{"href":"https:\/\/franciscanos.org.br\/noticias\/wp-json\/wp\/v2\/types\/post"}],"author":[{"embeddable":true,"href":"https:\/\/franciscanos.org.br\/noticias\/wp-json\/wp\/v2\/users\/3"}],"replies":[{"embeddable":true,"href":"https:\/\/franciscanos.org.br\/noticias\/wp-json\/wp\/v2\/comments?post=244222"}],"version-history":[{"count":5,"href":"https:\/\/franciscanos.org.br\/noticias\/wp-json\/wp\/v2\/posts\/244222\/revisions"}],"predecessor-version":[{"id":244238,"href":"https:\/\/franciscanos.org.br\/noticias\/wp-json\/wp\/v2\/posts\/244222\/revisions\/244238"}],"wp:featuredmedia":[{"embeddable":true,"href":"https:\/\/franciscanos.org.br\/noticias\/wp-json\/wp\/v2\/media\/244223"}],"wp:attachment":[{"href":"https:\/\/franciscanos.org.br\/noticias\/wp-json\/wp\/v2\/media?parent=244222"}],"wp:term":[{"taxonomy":"category","embeddable":true,"href":"https:\/\/franciscanos.org.br\/noticias\/wp-json\/wp\/v2\/categories?post=244222"},{"taxonomy":"post_tag","embeddable":true,"href":"https:\/\/franciscanos.org.br\/noticias\/wp-json\/wp\/v2\/tags?post=244222"}],"curies":[{"name":"wp","href":"https:\/\/api.w.org\/{rel}","templated":true}]}}