{"id":244207,"date":"2023-07-26T07:03:56","date_gmt":"2023-07-26T10:03:56","guid":{"rendered":"https:\/\/franciscanos.org.br\/noticias\/?p=244207"},"modified":"2023-07-26T07:16:29","modified_gmt":"2023-07-26T10:16:29","slug":"como-irmaos-e-menores-frades-se-reunem-na-assembleia-anual-da-fimda","status":"publish","type":"post","link":"https:\/\/franciscanos.org.br\/noticias\/como-irmaos-e-menores-frades-se-reunem-na-assembleia-anual-da-fimda.html","title":{"rendered":"&#8220;Como Irm\u00e3os e Menores&#8221;, frades se re\u00fanem na Assembleia anual da FIMDA"},"content":{"rendered":"<p><img loading=\"lazy\" class=\"alignnone size-full wp-image-244208\" src=\"https:\/\/franciscanos.org.br\/noticias\/wp-content\/uploads\/2023\/07\/fimda_07.jpg\" alt=\"\" width=\"1280\" height=\"720\" srcset=\"https:\/\/franciscanos.org.br\/noticias\/wp-content\/uploads\/2023\/07\/fimda_07.jpg 1280w, https:\/\/franciscanos.org.br\/noticias\/wp-content\/uploads\/2023\/07\/fimda_07-450x253.jpg 450w, https:\/\/franciscanos.org.br\/noticias\/wp-content\/uploads\/2023\/07\/fimda_07-1024x576.jpg 1024w, https:\/\/franciscanos.org.br\/noticias\/wp-content\/uploads\/2023\/07\/fimda_07-768x432.jpg 768w, https:\/\/franciscanos.org.br\/noticias\/wp-content\/uploads\/2023\/07\/fimda_07-150x84.jpg 150w\" sizes=\"(max-width: 1280px) 100vw, 1280px\" \/><\/p>\n<p>Teve in\u00edcio, na manh\u00e3 deste dia, 25 de julho, a Assembleia anual da Funda\u00e7\u00e3o Imaculada M\u00e3e de Deus de Angola (FIMDA), na Fraternidade S\u00e3o Francisco de Assis-Palanca (Luanda), com a participa\u00e7\u00e3o do Ministro da Prov\u00edncia da Imaculada Concei\u00e7\u00e3o do Brasil, Frei Paulo Roberto Pereira, e os definidores Frei Robson Luiz Scudela e Frei Marcos Antonio de Andrade, sob o lema \u201cComo Irm\u00e3os e Menores\u201d, para celebrar a vida fraterna e intensificar a viv\u00eancia do Evangelho, dando testemunho de penit\u00eancia e de minoridade ao mundo inteiro.<\/p>\n<p>Frei Marcos de Andrade, que presidiu a Missa de abertura do encontro, exortou os frades dizendo que na liturgia tudo que se diz se faz, e ainda os convidou a se aproximarem cada vez mais de Jesus, atrav\u00e9s do seguimento, para que um dia tudo aquilo que Jesus viveu se manifeste na viv\u00eancia fraterna, como irm\u00e3os e menores, no servi\u00e7o e na doa\u00e7\u00e3o.<\/p>\n<p><img loading=\"lazy\" class=\"alignnone size-full wp-image-244209\" src=\"https:\/\/franciscanos.org.br\/noticias\/wp-content\/uploads\/2023\/07\/fimda_01.jpg\" alt=\"\" width=\"1280\" height=\"720\" srcset=\"https:\/\/franciscanos.org.br\/noticias\/wp-content\/uploads\/2023\/07\/fimda_01.jpg 1280w, https:\/\/franciscanos.org.br\/noticias\/wp-content\/uploads\/2023\/07\/fimda_01-450x253.jpg 450w, https:\/\/franciscanos.org.br\/noticias\/wp-content\/uploads\/2023\/07\/fimda_01-1024x576.jpg 1024w, https:\/\/franciscanos.org.br\/noticias\/wp-content\/uploads\/2023\/07\/fimda_01-768x432.jpg 768w, https:\/\/franciscanos.org.br\/noticias\/wp-content\/uploads\/2023\/07\/fimda_01-150x84.jpg 150w\" sizes=\"(max-width: 1280px) 100vw, 1280px\" \/><\/p>\n<p><img loading=\"lazy\" class=\"alignnone size-full wp-image-244210\" src=\"https:\/\/franciscanos.org.br\/noticias\/wp-content\/uploads\/2023\/07\/fimda_11.jpg\" alt=\"\" width=\"1000\" height=\"708\" srcset=\"https:\/\/franciscanos.org.br\/noticias\/wp-content\/uploads\/2023\/07\/fimda_11.jpg 1000w, https:\/\/franciscanos.org.br\/noticias\/wp-content\/uploads\/2023\/07\/fimda_11-450x319.jpg 450w, https:\/\/franciscanos.org.br\/noticias\/wp-content\/uploads\/2023\/07\/fimda_11-768x544.jpg 768w, https:\/\/franciscanos.org.br\/noticias\/wp-content\/uploads\/2023\/07\/fimda_11-150x106.jpg 150w, https:\/\/franciscanos.org.br\/noticias\/wp-content\/uploads\/2023\/07\/fimda_11-460x325.jpg 460w\" sizes=\"(max-width: 1000px) 100vw, 1000px\" \/><\/p>\n<p>Depois da Eucaristia, no per\u00edodo da manh\u00e3, os participantes do Cap\u00edtulo refletiram sobre a quest\u00e3o das leis trabalhistas. Jos\u00e9 Bento Cinco Reis, jurista convidado a ministrar o tema, disse que a Lei Geral do Trabalho (LGT) \u00e9 um direito que rege as rela\u00e7\u00f5es laborais entre privados na Rep\u00fablica de Angola.<\/p>\n<p>A forma de contrato, \u00e0 luz da nova LGT (art. 14 e 15), mostra que todos os contratos especiais (dom\u00e9sticos) devem ser escritos. Em regra, a rela\u00e7\u00e3o jur\u00eddica-laboral \u00e9 estabelecida com maiores de idade. O contrato determinado pode ser celebrado a termo certo com fixa\u00e7\u00e3o precisa da data, explicou o jurista.<\/p>\n<p>J\u00e1 no per\u00edodo da tarde, os capitulares debru\u00e7aram-se sobre o perfil do jovem angolano hoje. Na sua alocu\u00e7\u00e3o, o psic\u00f3logo convidado a palestrar o tema, In\u00e1cio Kapaia, disse que, na orienta\u00e7\u00e3o vocacional, se deve levar em conta o contexto juvenil e familiar, a realidade dos candidatos e o impacto vocacional.<\/p>\n<p><img loading=\"lazy\" class=\"alignnone size-full wp-image-244211\" src=\"https:\/\/franciscanos.org.br\/noticias\/wp-content\/uploads\/2023\/07\/fimda_12.jpg\" alt=\"\" width=\"1024\" height=\"690\" srcset=\"https:\/\/franciscanos.org.br\/noticias\/wp-content\/uploads\/2023\/07\/fimda_12.jpg 1024w, https:\/\/franciscanos.org.br\/noticias\/wp-content\/uploads\/2023\/07\/fimda_12-450x303.jpg 450w, https:\/\/franciscanos.org.br\/noticias\/wp-content\/uploads\/2023\/07\/fimda_12-768x518.jpg 768w, https:\/\/franciscanos.org.br\/noticias\/wp-content\/uploads\/2023\/07\/fimda_12-150x101.jpg 150w\" sizes=\"(max-width: 1024px) 100vw, 1024px\" \/><\/p>\n\n\t\t<style type=\"text\/css\">\n\t\t\t#gallery-1 {\n\t\t\t\tmargin: auto;\n\t\t\t}\n\t\t\t#gallery-1 .gallery-item {\n\t\t\t\tfloat: left;\n\t\t\t\tmargin-top: 10px;\n\t\t\t\ttext-align: center;\n\t\t\t\twidth: 16%;\n\t\t\t}\n\t\t\t#gallery-1 img {\n\t\t\t\tborder: 2px solid #cfcfcf;\n\t\t\t}\n\t\t\t#gallery-1 .gallery-caption {\n\t\t\t\tmargin-left: 0;\n\t\t\t}\n\t\t\t\/* see gallery_shortcode() in wp-includes\/media.php *\/\n\t\t<\/style>\n\t\t<div id='gallery-1' class='gallery galleryid-244207 gallery-columns-6 gallery-size-thumbnail'><dl class='gallery-item'>\n\t\t\t<dt class='gallery-icon landscape'>\n\t\t\t\t<a href='https:\/\/franciscanos.org.br\/noticias\/wp-content\/uploads\/2023\/07\/fimda_02.jpg'><img width=\"300\" height=\"300\" src=\"https:\/\/franciscanos.org.br\/noticias\/wp-content\/uploads\/2023\/07\/fimda_02-300x300.jpg\" class=\"attachment-thumbnail size-thumbnail\" alt=\"\" loading=\"lazy\" srcset=\"https:\/\/franciscanos.org.br\/noticias\/wp-content\/uploads\/2023\/07\/fimda_02-300x300.jpg 300w, https:\/\/franciscanos.org.br\/noticias\/wp-content\/uploads\/2023\/07\/fimda_02-100x100.jpg 100w\" sizes=\"(max-width: 300px) 100vw, 300px\" \/><\/a>\n\t\t\t<\/dt><\/dl><dl class='gallery-item'>\n\t\t\t<dt class='gallery-icon landscape'>\n\t\t\t\t<a href='https:\/\/franciscanos.org.br\/noticias\/wp-content\/uploads\/2023\/07\/fimda_03.jpg'><img width=\"300\" height=\"300\" src=\"https:\/\/franciscanos.org.br\/noticias\/wp-content\/uploads\/2023\/07\/fimda_03-300x300.jpg\" class=\"attachment-thumbnail size-thumbnail\" alt=\"\" loading=\"lazy\" srcset=\"https:\/\/franciscanos.org.br\/noticias\/wp-content\/uploads\/2023\/07\/fimda_03-300x300.jpg 300w, https:\/\/franciscanos.org.br\/noticias\/wp-content\/uploads\/2023\/07\/fimda_03-100x100.jpg 100w\" sizes=\"(max-width: 300px) 100vw, 300px\" \/><\/a>\n\t\t\t<\/dt><\/dl><dl class='gallery-item'>\n\t\t\t<dt class='gallery-icon landscape'>\n\t\t\t\t<a href='https:\/\/franciscanos.org.br\/noticias\/wp-content\/uploads\/2023\/07\/fimda_05.jpg'><img width=\"300\" height=\"300\" src=\"https:\/\/franciscanos.org.br\/noticias\/wp-content\/uploads\/2023\/07\/fimda_05-300x300.jpg\" class=\"attachment-thumbnail size-thumbnail\" alt=\"\" loading=\"lazy\" srcset=\"https:\/\/franciscanos.org.br\/noticias\/wp-content\/uploads\/2023\/07\/fimda_05-300x300.jpg 300w, https:\/\/franciscanos.org.br\/noticias\/wp-content\/uploads\/2023\/07\/fimda_05-100x100.jpg 100w\" sizes=\"(max-width: 300px) 100vw, 300px\" \/><\/a>\n\t\t\t<\/dt><\/dl><dl class='gallery-item'>\n\t\t\t<dt class='gallery-icon landscape'>\n\t\t\t\t<a href='https:\/\/franciscanos.org.br\/noticias\/wp-content\/uploads\/2023\/07\/fimda_08.jpg'><img width=\"300\" height=\"300\" src=\"https:\/\/franciscanos.org.br\/noticias\/wp-content\/uploads\/2023\/07\/fimda_08-300x300.jpg\" class=\"attachment-thumbnail size-thumbnail\" alt=\"\" loading=\"lazy\" srcset=\"https:\/\/franciscanos.org.br\/noticias\/wp-content\/uploads\/2023\/07\/fimda_08-300x300.jpg 300w, https:\/\/franciscanos.org.br\/noticias\/wp-content\/uploads\/2023\/07\/fimda_08-100x100.jpg 100w\" sizes=\"(max-width: 300px) 100vw, 300px\" \/><\/a>\n\t\t\t<\/dt><\/dl><dl class='gallery-item'>\n\t\t\t<dt class='gallery-icon landscape'>\n\t\t\t\t<a href='https:\/\/franciscanos.org.br\/noticias\/wp-content\/uploads\/2023\/07\/fimda_09.jpg'><img width=\"300\" height=\"300\" src=\"https:\/\/franciscanos.org.br\/noticias\/wp-content\/uploads\/2023\/07\/fimda_09-300x300.jpg\" class=\"attachment-thumbnail size-thumbnail\" alt=\"\" loading=\"lazy\" srcset=\"https:\/\/franciscanos.org.br\/noticias\/wp-content\/uploads\/2023\/07\/fimda_09-300x300.jpg 300w, https:\/\/franciscanos.org.br\/noticias\/wp-content\/uploads\/2023\/07\/fimda_09-100x100.jpg 100w\" sizes=\"(max-width: 300px) 100vw, 300px\" \/><\/a>\n\t\t\t<\/dt><\/dl><dl class='gallery-item'>\n\t\t\t<dt class='gallery-icon landscape'>\n\t\t\t\t<a href='https:\/\/franciscanos.org.br\/noticias\/wp-content\/uploads\/2023\/07\/fimda_10.jpg'><img width=\"300\" height=\"300\" src=\"https:\/\/franciscanos.org.br\/noticias\/wp-content\/uploads\/2023\/07\/fimda_10-300x300.jpg\" class=\"attachment-thumbnail size-thumbnail\" alt=\"\" loading=\"lazy\" srcset=\"https:\/\/franciscanos.org.br\/noticias\/wp-content\/uploads\/2023\/07\/fimda_10-300x300.jpg 300w, https:\/\/franciscanos.org.br\/noticias\/wp-content\/uploads\/2023\/07\/fimda_10-100x100.jpg 100w\" sizes=\"(max-width: 300px) 100vw, 300px\" \/><\/a>\n\t\t\t<\/dt><\/dl><br style=\"clear: both\" \/>\n\t\t<\/div>\n\n<p>Como fraternidade, no seguimento de Jesus, os mais novos devem buscar se espelhar nos mais velhos, e vice-versa, porque, apesar de se ter S\u00e3o Francisco de Assis como modelo, cada um \u00e9 tamb\u00e9m inspira\u00e7\u00e3o para outro. &#8220;Outrossim, entre as duas gera\u00e7\u00f5es deve haver um equil\u00edbrio para se ter uma rela\u00e7\u00e3o e conviv\u00eancia tranquila, enfatizou In\u00e1cio Kapaia. A crise de gera\u00e7\u00f5es n\u00e3o deve ser percebida como conflito, briga, mas, muito pelo contr\u00e1rio, \u00e9 liga\u00e7\u00e3o entre duas gera\u00e7\u00f5es que, de uma forma harmoniosa, v\u00e3o partilhando suas experi\u00eancias, aprendizagens e crescimento&#8221;, frisou o psic\u00f3logo.<\/p>\n<p>Este primeiro dia do Cap\u00edtulo ficou marcado tamb\u00e9m pelo reencontro dos frades da Miss\u00e3o de Angola num esp\u00edrito de fraternidade celebrando a vida, a miss\u00e3o e o dom do carisma franciscano em terras angolanas.<\/p>\n<p><img loading=\"lazy\" class=\"alignnone size-full wp-image-244218\" src=\"https:\/\/franciscanos.org.br\/noticias\/wp-content\/uploads\/2023\/07\/fimda_06.jpg\" alt=\"\" width=\"1190\" height=\"807\" srcset=\"https:\/\/franciscanos.org.br\/noticias\/wp-content\/uploads\/2023\/07\/fimda_06.jpg 1190w, https:\/\/franciscanos.org.br\/noticias\/wp-content\/uploads\/2023\/07\/fimda_06-450x305.jpg 450w, https:\/\/franciscanos.org.br\/noticias\/wp-content\/uploads\/2023\/07\/fimda_06-1024x694.jpg 1024w, https:\/\/franciscanos.org.br\/noticias\/wp-content\/uploads\/2023\/07\/fimda_06-768x521.jpg 768w, https:\/\/franciscanos.org.br\/noticias\/wp-content\/uploads\/2023\/07\/fimda_06-150x102.jpg 150w\" sizes=\"(max-width: 1190px) 100vw, 1190px\" \/><\/p>\n<p>Nesta quarta-feira, \u00faltimo dia do Cap\u00edtulo contempla temas relacionados \u00e0 economia e \u00e0 forma\u00e7\u00e3o e estudos.<\/p>\n<hr \/>\n<p><em>Equipe de Comunica\u00e7\u00e3o da FIMDA (Frei Borracha Raimundo Eduardo, Frei David V. da Concei\u00e7\u00e3o Gaieta e Frei Tom\u00e1s Gaspar Joaquim)<\/em><\/p>\n","protected":false},"excerpt":{"rendered":"<p>Miss\u00e3o de Angola<\/p>\n","protected":false},"author":3,"featured_media":244208,"comment_status":"open","ping_status":"open","sticky":false,"template":"","format":"standard","meta":[],"categories":[1],"tags":[195],"acf":[],"yoast_head":"<!-- This site is optimized with the Yoast SEO plugin v19.2 - https:\/\/yoast.com\/wordpress\/plugins\/seo\/ -->\n<title>&quot;Como Irm\u00e3os e Menores&quot;, frades se re\u00fanem na Assembleia anual da FIMDA - Not\u00edcias - Franciscanos<\/title>\n<meta name=\"robots\" content=\"index, follow, max-snippet:-1, max-image-preview:large, max-video-preview:-1\" \/>\n<link rel=\"canonical\" href=\"https:\/\/franciscanos.org.br\/noticias\/como-irmaos-e-menores-frades-se-reunem-na-assembleia-anual-da-fimda.html\" \/>\n<meta property=\"og:locale\" content=\"pt_BR\" \/>\n<meta property=\"og:type\" content=\"article\" \/>\n<meta property=\"og:title\" content=\"&quot;Como Irm\u00e3os e Menores&quot;, frades se re\u00fanem na Assembleia anual da FIMDA - Not\u00edcias - Franciscanos\" \/>\n<meta property=\"og:description\" content=\"Miss\u00e3o de Angola\" \/>\n<meta property=\"og:url\" content=\"https:\/\/franciscanos.org.br\/noticias\/como-irmaos-e-menores-frades-se-reunem-na-assembleia-anual-da-fimda.html\" \/>\n<meta property=\"og:site_name\" content=\"Not\u00edcias - Franciscanos\" \/>\n<meta property=\"article:published_time\" content=\"2023-07-26T10:03:56+00:00\" \/>\n<meta property=\"article:modified_time\" content=\"2023-07-26T10:16:29+00:00\" \/>\n<meta property=\"og:image\" content=\"https:\/\/franciscanos.org.br\/noticias\/wp-content\/uploads\/2023\/07\/fimda_07.jpg\" \/>\n\t<meta property=\"og:image:width\" content=\"1280\" \/>\n\t<meta property=\"og:image:height\" content=\"720\" \/>\n\t<meta property=\"og:image:type\" content=\"image\/jpeg\" \/>\n<meta name=\"author\" content=\"moacir\" \/>\n<meta name=\"twitter:card\" content=\"summary_large_image\" \/>\n<meta name=\"twitter:label1\" content=\"Escrito por\" \/>\n\t<meta name=\"twitter:data1\" content=\"moacir\" \/>\n\t<meta name=\"twitter:label2\" content=\"Est. tempo de leitura\" \/>\n\t<meta name=\"twitter:data2\" content=\"3 minutos\" \/>\n<script type=\"application\/ld+json\" class=\"yoast-schema-graph\">{\"@context\":\"https:\/\/schema.org\",\"@graph\":[{\"@type\":\"WebSite\",\"@id\":\"https:\/\/franciscanos.org.br\/noticias\/#website\",\"url\":\"https:\/\/franciscanos.org.br\/noticias\/\",\"name\":\"Not\u00edcias - Franciscanos\",\"description\":\"Prov\u00edncia Franciscana da Imaculada Concei\u00e7\u00e3o do Brasil - Ordem dos Frades Menores - OFM\",\"potentialAction\":[{\"@type\":\"SearchAction\",\"target\":{\"@type\":\"EntryPoint\",\"urlTemplate\":\"https:\/\/franciscanos.org.br\/noticias\/?s={search_term_string}\"},\"query-input\":\"required name=search_term_string\"}],\"inLanguage\":\"pt-BR\"},{\"@type\":\"ImageObject\",\"inLanguage\":\"pt-BR\",\"@id\":\"https:\/\/franciscanos.org.br\/noticias\/como-irmaos-e-menores-frades-se-reunem-na-assembleia-anual-da-fimda.html#primaryimage\",\"url\":\"https:\/\/franciscanos.org.br\/noticias\/wp-content\/uploads\/2023\/07\/fimda_07.jpg\",\"contentUrl\":\"https:\/\/franciscanos.org.br\/noticias\/wp-content\/uploads\/2023\/07\/fimda_07.jpg\",\"width\":1280,\"height\":720},{\"@type\":\"WebPage\",\"@id\":\"https:\/\/franciscanos.org.br\/noticias\/como-irmaos-e-menores-frades-se-reunem-na-assembleia-anual-da-fimda.html#webpage\",\"url\":\"https:\/\/franciscanos.org.br\/noticias\/como-irmaos-e-menores-frades-se-reunem-na-assembleia-anual-da-fimda.html\",\"name\":\"\\\"Como Irm\u00e3os e Menores\\\", frades se re\u00fanem na Assembleia anual da FIMDA - Not\u00edcias - Franciscanos\",\"isPartOf\":{\"@id\":\"https:\/\/franciscanos.org.br\/noticias\/#website\"},\"primaryImageOfPage\":{\"@id\":\"https:\/\/franciscanos.org.br\/noticias\/como-irmaos-e-menores-frades-se-reunem-na-assembleia-anual-da-fimda.html#primaryimage\"},\"datePublished\":\"2023-07-26T10:03:56+00:00\",\"dateModified\":\"2023-07-26T10:16:29+00:00\",\"author\":{\"@id\":\"https:\/\/franciscanos.org.br\/noticias\/#\/schema\/person\/b5c8cba458c330ccff548b056e95a5d4\"},\"breadcrumb\":{\"@id\":\"https:\/\/franciscanos.org.br\/noticias\/como-irmaos-e-menores-frades-se-reunem-na-assembleia-anual-da-fimda.html#breadcrumb\"},\"inLanguage\":\"pt-BR\",\"potentialAction\":[{\"@type\":\"ReadAction\",\"target\":[\"https:\/\/franciscanos.org.br\/noticias\/como-irmaos-e-menores-frades-se-reunem-na-assembleia-anual-da-fimda.html\"]}]},{\"@type\":\"BreadcrumbList\",\"@id\":\"https:\/\/franciscanos.org.br\/noticias\/como-irmaos-e-menores-frades-se-reunem-na-assembleia-anual-da-fimda.html#breadcrumb\",\"itemListElement\":[{\"@type\":\"ListItem\",\"position\":1,\"name\":\"Home\",\"item\":\"https:\/\/franciscanos.org.br\/noticias\"},{\"@type\":\"ListItem\",\"position\":2,\"name\":\"&#8220;Como Irm\u00e3os e Menores&#8221;, frades se re\u00fanem na Assembleia anual da FIMDA\"}]},{\"@type\":\"Person\",\"@id\":\"https:\/\/franciscanos.org.br\/noticias\/#\/schema\/person\/b5c8cba458c330ccff548b056e95a5d4\",\"name\":\"moacir\",\"image\":{\"@type\":\"ImageObject\",\"inLanguage\":\"pt-BR\",\"@id\":\"https:\/\/franciscanos.org.br\/noticias\/#\/schema\/person\/image\/\",\"url\":\"https:\/\/secure.gravatar.com\/avatar\/d08aa2ce4c8dd416d4479aa8536fcf64?s=96&d=mm&r=g\",\"contentUrl\":\"https:\/\/secure.gravatar.com\/avatar\/d08aa2ce4c8dd416d4479aa8536fcf64?s=96&d=mm&r=g\",\"caption\":\"moacir\"},\"url\":\"https:\/\/franciscanos.org.br\/noticias\/author\/moacir\"}]}<\/script>\n<!-- \/ Yoast SEO plugin. -->","yoast_head_json":{"title":"\"Como Irm\u00e3os e Menores\", frades se re\u00fanem na Assembleia anual da FIMDA - Not\u00edcias - Franciscanos","robots":{"index":"index","follow":"follow","max-snippet":"max-snippet:-1","max-image-preview":"max-image-preview:large","max-video-preview":"max-video-preview:-1"},"canonical":"https:\/\/franciscanos.org.br\/noticias\/como-irmaos-e-menores-frades-se-reunem-na-assembleia-anual-da-fimda.html","og_locale":"pt_BR","og_type":"article","og_title":"\"Como Irm\u00e3os e Menores\", frades se re\u00fanem na Assembleia anual da FIMDA - Not\u00edcias - Franciscanos","og_description":"Miss\u00e3o de Angola","og_url":"https:\/\/franciscanos.org.br\/noticias\/como-irmaos-e-menores-frades-se-reunem-na-assembleia-anual-da-fimda.html","og_site_name":"Not\u00edcias - Franciscanos","article_published_time":"2023-07-26T10:03:56+00:00","article_modified_time":"2023-07-26T10:16:29+00:00","og_image":[{"width":1280,"height":720,"url":"https:\/\/franciscanos.org.br\/noticias\/wp-content\/uploads\/2023\/07\/fimda_07.jpg","type":"image\/jpeg"}],"author":"moacir","twitter_card":"summary_large_image","twitter_misc":{"Escrito por":"moacir","Est. tempo de leitura":"3 minutos"},"schema":{"@context":"https:\/\/schema.org","@graph":[{"@type":"WebSite","@id":"https:\/\/franciscanos.org.br\/noticias\/#website","url":"https:\/\/franciscanos.org.br\/noticias\/","name":"Not\u00edcias - Franciscanos","description":"Prov\u00edncia Franciscana da Imaculada Concei\u00e7\u00e3o do Brasil - Ordem dos Frades Menores - OFM","potentialAction":[{"@type":"SearchAction","target":{"@type":"EntryPoint","urlTemplate":"https:\/\/franciscanos.org.br\/noticias\/?s={search_term_string}"},"query-input":"required name=search_term_string"}],"inLanguage":"pt-BR"},{"@type":"ImageObject","inLanguage":"pt-BR","@id":"https:\/\/franciscanos.org.br\/noticias\/como-irmaos-e-menores-frades-se-reunem-na-assembleia-anual-da-fimda.html#primaryimage","url":"https:\/\/franciscanos.org.br\/noticias\/wp-content\/uploads\/2023\/07\/fimda_07.jpg","contentUrl":"https:\/\/franciscanos.org.br\/noticias\/wp-content\/uploads\/2023\/07\/fimda_07.jpg","width":1280,"height":720},{"@type":"WebPage","@id":"https:\/\/franciscanos.org.br\/noticias\/como-irmaos-e-menores-frades-se-reunem-na-assembleia-anual-da-fimda.html#webpage","url":"https:\/\/franciscanos.org.br\/noticias\/como-irmaos-e-menores-frades-se-reunem-na-assembleia-anual-da-fimda.html","name":"\"Como Irm\u00e3os e Menores\", frades se re\u00fanem na Assembleia anual da FIMDA - Not\u00edcias - Franciscanos","isPartOf":{"@id":"https:\/\/franciscanos.org.br\/noticias\/#website"},"primaryImageOfPage":{"@id":"https:\/\/franciscanos.org.br\/noticias\/como-irmaos-e-menores-frades-se-reunem-na-assembleia-anual-da-fimda.html#primaryimage"},"datePublished":"2023-07-26T10:03:56+00:00","dateModified":"2023-07-26T10:16:29+00:00","author":{"@id":"https:\/\/franciscanos.org.br\/noticias\/#\/schema\/person\/b5c8cba458c330ccff548b056e95a5d4"},"breadcrumb":{"@id":"https:\/\/franciscanos.org.br\/noticias\/como-irmaos-e-menores-frades-se-reunem-na-assembleia-anual-da-fimda.html#breadcrumb"},"inLanguage":"pt-BR","potentialAction":[{"@type":"ReadAction","target":["https:\/\/franciscanos.org.br\/noticias\/como-irmaos-e-menores-frades-se-reunem-na-assembleia-anual-da-fimda.html"]}]},{"@type":"BreadcrumbList","@id":"https:\/\/franciscanos.org.br\/noticias\/como-irmaos-e-menores-frades-se-reunem-na-assembleia-anual-da-fimda.html#breadcrumb","itemListElement":[{"@type":"ListItem","position":1,"name":"Home","item":"https:\/\/franciscanos.org.br\/noticias"},{"@type":"ListItem","position":2,"name":"&#8220;Como Irm\u00e3os e Menores&#8221;, frades se re\u00fanem na Assembleia anual da FIMDA"}]},{"@type":"Person","@id":"https:\/\/franciscanos.org.br\/noticias\/#\/schema\/person\/b5c8cba458c330ccff548b056e95a5d4","name":"moacir","image":{"@type":"ImageObject","inLanguage":"pt-BR","@id":"https:\/\/franciscanos.org.br\/noticias\/#\/schema\/person\/image\/","url":"https:\/\/secure.gravatar.com\/avatar\/d08aa2ce4c8dd416d4479aa8536fcf64?s=96&d=mm&r=g","contentUrl":"https:\/\/secure.gravatar.com\/avatar\/d08aa2ce4c8dd416d4479aa8536fcf64?s=96&d=mm&r=g","caption":"moacir"},"url":"https:\/\/franciscanos.org.br\/noticias\/author\/moacir"}]}},"_links":{"self":[{"href":"https:\/\/franciscanos.org.br\/noticias\/wp-json\/wp\/v2\/posts\/244207"}],"collection":[{"href":"https:\/\/franciscanos.org.br\/noticias\/wp-json\/wp\/v2\/posts"}],"about":[{"href":"https:\/\/franciscanos.org.br\/noticias\/wp-json\/wp\/v2\/types\/post"}],"author":[{"embeddable":true,"href":"https:\/\/franciscanos.org.br\/noticias\/wp-json\/wp\/v2\/users\/3"}],"replies":[{"embeddable":true,"href":"https:\/\/franciscanos.org.br\/noticias\/wp-json\/wp\/v2\/comments?post=244207"}],"version-history":[{"count":3,"href":"https:\/\/franciscanos.org.br\/noticias\/wp-json\/wp\/v2\/posts\/244207\/revisions"}],"predecessor-version":[{"id":244221,"href":"https:\/\/franciscanos.org.br\/noticias\/wp-json\/wp\/v2\/posts\/244207\/revisions\/244221"}],"wp:featuredmedia":[{"embeddable":true,"href":"https:\/\/franciscanos.org.br\/noticias\/wp-json\/wp\/v2\/media\/244208"}],"wp:attachment":[{"href":"https:\/\/franciscanos.org.br\/noticias\/wp-json\/wp\/v2\/media?parent=244207"}],"wp:term":[{"taxonomy":"category","embeddable":true,"href":"https:\/\/franciscanos.org.br\/noticias\/wp-json\/wp\/v2\/categories?post=244207"},{"taxonomy":"post_tag","embeddable":true,"href":"https:\/\/franciscanos.org.br\/noticias\/wp-json\/wp\/v2\/tags?post=244207"}],"curies":[{"name":"wp","href":"https:\/\/api.w.org\/{rel}","templated":true}]}}