{"id":244200,"date":"2023-07-25T11:26:03","date_gmt":"2023-07-25T14:26:03","guid":{"rendered":"https:\/\/franciscanos.org.br\/noticias\/?p=244200"},"modified":"2023-07-25T11:26:03","modified_gmt":"2023-07-25T14:26:03","slug":"claudioguski","status":"publish","type":"post","link":"https:\/\/franciscanos.org.br\/noticias\/claudioguski.html","title":{"rendered":"Aos 89 anos, falece Frei Cl\u00e1udio Guski em Bragan\u00e7a Paulista"},"content":{"rendered":"<p><img loading=\"lazy\" class=\"alignnone size-full wp-image-244195\" src=\"https:\/\/franciscanos.org.br\/noticias\/wp-content\/uploads\/2023\/07\/claudio_guski_01.jpg\" alt=\"\" width=\"1280\" height=\"720\" srcset=\"https:\/\/franciscanos.org.br\/noticias\/wp-content\/uploads\/2023\/07\/claudio_guski_01.jpg 1280w, https:\/\/franciscanos.org.br\/noticias\/wp-content\/uploads\/2023\/07\/claudio_guski_01-450x253.jpg 450w, https:\/\/franciscanos.org.br\/noticias\/wp-content\/uploads\/2023\/07\/claudio_guski_01-1024x576.jpg 1024w, https:\/\/franciscanos.org.br\/noticias\/wp-content\/uploads\/2023\/07\/claudio_guski_01-768x432.jpg 768w, https:\/\/franciscanos.org.br\/noticias\/wp-content\/uploads\/2023\/07\/claudio_guski_01-150x84.jpg 150w\" sizes=\"(max-width: 1280px) 100vw, 1280px\" \/><\/p>\n<p>Faleceu, nesta madrugada, Frei Cl\u00e1udio (89 anos) durante um dos procedimentos do tratamento de hemodi\u00e1lise no hospital de Bragan\u00e7a Paulista (SP).<\/p>\n<p>A Fraternidade S\u00e3o Francisco de Assis, de Bragan\u00e7a Paulista (SP), comunica que celebrar\u00e1 em comunidade os ritos de encomenda\u00e7\u00e3o, \u00e0s 14h, e o enterro acontecer\u00e1 \u00e0s 17h, no jazigo da Prov\u00edncia, no Cemit\u00e9rio do Sant\u00edssimo Sacramento, em S\u00e3o Paulo (SP).<\/p>\n<p><strong>HIST\u00d3RICO<\/strong><\/p>\n<p><strong>Nascimento<\/strong>: 10\/11\/1933 (89 anos)<br \/>\nNatural de: Allenstein, Alemanha<br \/>\n<strong>Chegada ao Brasil:<\/strong> 24\/10\/1954<br \/>\n<strong>Vesti\u00e7\u00e3o:<\/strong> 21\/12\/1955<br \/>\n<strong>Primeira Profiss\u00e3o<\/strong>: 22\/12\/1956 (66 anos)<br \/>\n<strong>Profiss\u00e3o Solene:<\/strong> 22\/12\/1959<br \/>\n<strong>Ordena\u00e7\u00e3o Presbiteral:<\/strong> 15\/12\/1961 (61 anos)<\/p>\n<p><strong>1956<\/strong> &#8211; Fraternidade S\u00e3o Francisco de Assis (Rodeio, SC), como novi\u00e7o.<br \/>\n<strong>1957-1958<\/strong> &#8211; Fraternidade Bom Jesus dos Perd\u00f5es (Curitiba, PR), como estudante de Filosofia.<br \/>\n<strong>1959-1962<\/strong> &#8211; Fraternidade Sagrado Cora\u00e7\u00e3o de Jesus (Petr\u00f3polis, RJ), como estudante de Teologia.<br \/>\n<strong>1963 &#8211;<\/strong> Fraternidade Santo Ant\u00f4nio (Rio de Janeiro, RJ), para fazer o Curso de Teologia Pastoral.<br \/>\n<strong>1964-1965<\/strong> &#8211; Fraternidade S\u00e3o Jos\u00e9 (Guaratinguet\u00e1, SP), como professor.<br \/>\n<strong>1966-1970<\/strong> &#8211; Fraternidade do Semin\u00e1rio Santo Ant\u00f4nio (Agudos, SP), como professor.<br \/>\n<strong>1971-1972<\/strong> &#8211; Fraternidade Bom Jesus dos Perd\u00f5es (Curitiba, PR), como vig\u00e1rio da Casa e vig\u00e1rio paroquial.<br \/>\n<strong>1973-1976<\/strong> &#8211; Fraternidade S\u00e3o Francisco (S\u00e3o Paulo, SP), como animador provincial das Voca\u00e7\u00f5es.<br \/>\n<strong>1977-1978<\/strong> &#8211; Fraternidade Nossa Senhora da Paz (Rio de Janeiro, RJ), como vig\u00e1rio paroquial.<br \/>\n<strong>1979-1982<\/strong> &#8211; Fraternidade S\u00e3o Jos\u00e9 (Guaratinguet\u00e1, SP), como diretor, orientador e guardi\u00e3o.<br \/>\n<strong>1983-1987<\/strong> &#8211; Fraternidade Bom Jesus dos Aflitos (Sorocaba, SP), como vig\u00e1rio paroquial.<br \/>\n<strong>1988<\/strong> &#8211; Fraternidade S\u00e3o Francisco (S\u00e3o Paulo, SP), como vig\u00e1rio paroquial.<br \/>\n<strong>1989<\/strong> &#8211; Fraternidade S\u00e3o Louren\u00e7o (S\u00e3o Louren\u00e7o, MG), como guardi\u00e3o e p\u00e1roco.<br \/>\n<strong>1990-1994<\/strong> &#8211; Fraternidade Porci\u00fancula de Santana (Niter\u00f3i, RJ), como vig\u00e1rio paroquial.<br \/>\n<strong>1995-1997<\/strong> &#8211; Fraternidade Divino Esp\u00edrito Santo (Vila Velha, ES), como vig\u00e1rio paroquial.<br \/>\n<strong>1998-2003<\/strong> &#8211; Fraternidade Nossa Senhora da Penha (Vila Velha, ES), como atendente conventual.<br \/>\n<strong>2004-2009<\/strong> &#8211; Fraternidade Santo Ant\u00f4nio (Rio de Janeiro, RJ), como atendente conventual.<br \/>\n<strong>2010- 2018<\/strong> &#8211; Fraternidade Nossa Senhora da Penha (Vila Velha, ES), como atendente conventual.<br \/>\n<strong>2019-2021<\/strong> &#8211; Fraternidade Divino Esp\u00edrito Santo (Vila Velha, ES), como atendente conventual.<br \/>\n<strong>2022-2023<\/strong> &#8211; Fraternidade S\u00e3o Francisco de Assis (Bragan\u00e7a Paulista, SP), para tratamento.<\/p>\n<p><strong>O FRADE MENOR<\/strong><\/p>\n<p>Frei Claudius, ou Cl\u00e1udio como o chamavam tamb\u00e9m, nasceu na cidade de Allenstein, na Alemanha, no dia 10 de novembro de 1933. Ainda era crian\u00e7a quando, em 1939, eclodiu a Segunda Guerra Mundial, fato que, segundo ele, marcou muito a sua vida. Seus pais, Bruno Guski e Maria Borchert, s\u00e3o falecidos e eram, segundo Frei Claudius, &#8220;profundamente religiosos&#8221;, que o influenciaram na sua voca\u00e7\u00e3o. O pai era professor e a m\u00e3e dom\u00e9stica, e tiveram tr\u00eas filhos. Frei Claudius \u00e9 o filho mais novo deles, sendo que o irm\u00e3o mais velho \u00e9 falecido. A irm\u00e3 reside na Alemanha. &#8220;Minha m\u00e3e era uma artista na cozinha e ainda costurava. Sempre frequent\u00e1vamos a igreja, mas era preciso andar aproximadamente quatro quil\u00f4metros para chegar l\u00e1. Tive uma tia, j\u00e1 falecida, que tamb\u00e9m virou freira&#8221;, contou. Sobre a fam\u00edlia, mantinha contato constante com a irm\u00e3 e os sobrinhos por e-mail e Skype.<\/p>\n<p>&#8220;Meu pai era professor e l\u00edder cat\u00f3lico da comunidade. Foi visitado v\u00e1rias vezes pelos comandantes nazistas para que assumisse a ideologia. Foi preso por resistir aos nazistas, mas sobreviveu&#8221;, contou o frade.<\/p>\n<p>Quando a guerra acabou em 1945, o frade tinha 12 anos, mas mesmo assim recordava de situa\u00e7\u00f5es marcantes, como a ocupa\u00e7\u00e3o sovi\u00e9tica e polonesa da cidade.<\/p>\n<p>&#8220;Em parte os sovi\u00e9ticos se vingaram do povo porque a Alemanha havia invadido o territ\u00f3rio deles. Est\u00e1vamos sempre em perigo, em estado de assalto, principalmente as mulheres, que corriam um risco especial&#8221;, disse, referindo-se aos estupros que muitas sofriam. Frei Claudius deu esses depoimentos ao jornal &#8220;A Tribuna&#8221; de Vit\u00f3ria, quando residia no Convento da Penha.<\/p>\n<p>Segundo Frei Claudius, n\u00e3o vivia como crian\u00e7a, j\u00e1 que n\u00e3o havia brincadeira. Ele trabalhava no campo colhendo trigo ou cuidando do gado. Certa vez, quando foi levar os animais para Pol\u00f4nia, quase virou prisioneiro junto com o irm\u00e3o e outras crian\u00e7as. &#8220;\u00cdamos com o gado dentro do trem, como presos. Ao atravessar uma valeta, fizemos um sinal e pulamos. Aproveitamos a mata e voltamos a p\u00e9 para casa. Eles ainda atiraram atr\u00e1s de n\u00f3s&#8221;, contou.<\/p>\n<p>No per\u00edodo em que foi expulso da terra natal e viveu na Alemanha Oriental, que era comunista, ficou abrigado com a fam\u00edlia em um sal\u00e3o de baile e depois em quarto de fam\u00edlia. Passar fome era comum. &#8220;Fomos expulsos da Pr\u00fassia e mandados para Berlim, na parte comunista. Eram muitos refugiados e s\u00f3 t\u00ednhamos uma sopa aguada, que n\u00e3o dava para sobreviver&#8221;, recordou o frade.<\/p>\n<p>Frei Claudius disse que seus pais ficaram muito felizes quando souberam que ele queria ir para o semin\u00e1rio e para as miss\u00f5es no Brasil. Ingressou nos Semin\u00e1rios da Alemanha, Holanda e B\u00e9lgica antes de viajar para o Brasil como mission\u00e1rio.<\/p>\n<p>Tinha 21 anos e veio com um grupo de oito estudantes mission\u00e1rios quando iniciou os estudos no Brasil para a vida religiosa franciscana. &#8220;A gente n\u00e3o tinha muito conhecimento do pa\u00eds. Sabia que era grande e bonito. Ficava impressionado pois os mission\u00e1rios franciscanos falavam da falta de padres aqui na \u00e9poca. Fiz uma viagem de 16 dias em um navio argentino para chegar a Santos, no Brasil. Foi horr\u00edvel porque me senti muito mal&#8221;, recordou.<\/p>\n<p>Frei Claudius cursou o \u00faltimo ano do Colegial, como se chamava na \u00e9poca o Ensino M\u00e9dio e, em seguida, foi para o Noviciado de Rodeio em 1956 e foi ordenado presb\u00edtero em 1961.<\/p>\n<p>Como religioso franciscano viveu mais tempo em Vila Velha, nas duas Fraternidades da Prov\u00edncia: de 1995 a 2003 e de 2010 em diante, sendo transferido para tratamento em Bragan\u00e7a Paulista no ano passado.<\/p>\n<p>Gostava de fazer a leitura nos sites para se manter &#8220;bem atualizado&#8221; e tamb\u00e9m lia muito para, segundo ele, &#8220;treinar o meu alem\u00e3o&#8221;. Na sua autobiografia, define-se como pontos positivos de sua personalidade: firmeza, compreens\u00e3o, respeito, mas se cobrava para doar mais. Conhecia muitos frades que os acompanhou enquanto foi procurador vocacional. E sempre que os encontrava n\u00e3o escondia a alegria.<\/p>\n<p>Que este confrade, pela miseric\u00f3rdia de Deus, descanse em paz!<\/p>\n","protected":false},"excerpt":{"rendered":"<p>Prov\u00edncia de luto<\/p>\n","protected":false},"author":3,"featured_media":244195,"comment_status":"open","ping_status":"open","sticky":false,"template":"","format":"standard","meta":[],"categories":[1],"tags":[1160],"acf":[],"yoast_head":"<!-- This site is optimized with the Yoast SEO plugin v19.2 - https:\/\/yoast.com\/wordpress\/plugins\/seo\/ -->\n<title>Aos 89 anos, falece Frei Cl\u00e1udio Guski em Bragan\u00e7a Paulista - Not\u00edcias - Franciscanos<\/title>\n<meta name=\"robots\" content=\"index, follow, max-snippet:-1, max-image-preview:large, max-video-preview:-1\" \/>\n<link rel=\"canonical\" href=\"https:\/\/franciscanos.org.br\/noticias\/claudioguski.html\" \/>\n<meta property=\"og:locale\" content=\"pt_BR\" \/>\n<meta property=\"og:type\" content=\"article\" \/>\n<meta property=\"og:title\" content=\"Aos 89 anos, falece Frei Cl\u00e1udio Guski em Bragan\u00e7a Paulista - Not\u00edcias - Franciscanos\" \/>\n<meta property=\"og:description\" content=\"Prov\u00edncia de luto\" \/>\n<meta property=\"og:url\" content=\"https:\/\/franciscanos.org.br\/noticias\/claudioguski.html\" \/>\n<meta property=\"og:site_name\" content=\"Not\u00edcias - Franciscanos\" \/>\n<meta property=\"article:published_time\" content=\"2023-07-25T14:26:03+00:00\" \/>\n<meta property=\"og:image\" content=\"https:\/\/franciscanos.org.br\/noticias\/wp-content\/uploads\/2023\/07\/claudio_guski_01.jpg\" \/>\n\t<meta property=\"og:image:width\" content=\"1280\" \/>\n\t<meta property=\"og:image:height\" content=\"720\" \/>\n\t<meta property=\"og:image:type\" content=\"image\/jpeg\" \/>\n<meta name=\"author\" content=\"moacir\" \/>\n<meta name=\"twitter:card\" content=\"summary_large_image\" \/>\n<meta name=\"twitter:label1\" content=\"Escrito por\" \/>\n\t<meta name=\"twitter:data1\" content=\"moacir\" \/>\n\t<meta name=\"twitter:label2\" content=\"Est. tempo de leitura\" \/>\n\t<meta name=\"twitter:data2\" content=\"5 minutos\" \/>\n<script type=\"application\/ld+json\" class=\"yoast-schema-graph\">{\"@context\":\"https:\/\/schema.org\",\"@graph\":[{\"@type\":\"WebSite\",\"@id\":\"https:\/\/franciscanos.org.br\/noticias\/#website\",\"url\":\"https:\/\/franciscanos.org.br\/noticias\/\",\"name\":\"Not\u00edcias - Franciscanos\",\"description\":\"Prov\u00edncia Franciscana da Imaculada Concei\u00e7\u00e3o do Brasil - Ordem dos Frades Menores - OFM\",\"potentialAction\":[{\"@type\":\"SearchAction\",\"target\":{\"@type\":\"EntryPoint\",\"urlTemplate\":\"https:\/\/franciscanos.org.br\/noticias\/?s={search_term_string}\"},\"query-input\":\"required name=search_term_string\"}],\"inLanguage\":\"pt-BR\"},{\"@type\":\"ImageObject\",\"inLanguage\":\"pt-BR\",\"@id\":\"https:\/\/franciscanos.org.br\/noticias\/claudioguski.html#primaryimage\",\"url\":\"https:\/\/franciscanos.org.br\/noticias\/wp-content\/uploads\/2023\/07\/claudio_guski_01.jpg\",\"contentUrl\":\"https:\/\/franciscanos.org.br\/noticias\/wp-content\/uploads\/2023\/07\/claudio_guski_01.jpg\",\"width\":1280,\"height\":720},{\"@type\":\"WebPage\",\"@id\":\"https:\/\/franciscanos.org.br\/noticias\/claudioguski.html#webpage\",\"url\":\"https:\/\/franciscanos.org.br\/noticias\/claudioguski.html\",\"name\":\"Aos 89 anos, falece Frei Cl\u00e1udio Guski em Bragan\u00e7a Paulista - Not\u00edcias - Franciscanos\",\"isPartOf\":{\"@id\":\"https:\/\/franciscanos.org.br\/noticias\/#website\"},\"primaryImageOfPage\":{\"@id\":\"https:\/\/franciscanos.org.br\/noticias\/claudioguski.html#primaryimage\"},\"datePublished\":\"2023-07-25T14:26:03+00:00\",\"dateModified\":\"2023-07-25T14:26:03+00:00\",\"author\":{\"@id\":\"https:\/\/franciscanos.org.br\/noticias\/#\/schema\/person\/b5c8cba458c330ccff548b056e95a5d4\"},\"breadcrumb\":{\"@id\":\"https:\/\/franciscanos.org.br\/noticias\/claudioguski.html#breadcrumb\"},\"inLanguage\":\"pt-BR\",\"potentialAction\":[{\"@type\":\"ReadAction\",\"target\":[\"https:\/\/franciscanos.org.br\/noticias\/claudioguski.html\"]}]},{\"@type\":\"BreadcrumbList\",\"@id\":\"https:\/\/franciscanos.org.br\/noticias\/claudioguski.html#breadcrumb\",\"itemListElement\":[{\"@type\":\"ListItem\",\"position\":1,\"name\":\"Home\",\"item\":\"https:\/\/franciscanos.org.br\/noticias\"},{\"@type\":\"ListItem\",\"position\":2,\"name\":\"Aos 89 anos, falece Frei Cl\u00e1udio Guski em Bragan\u00e7a Paulista\"}]},{\"@type\":\"Person\",\"@id\":\"https:\/\/franciscanos.org.br\/noticias\/#\/schema\/person\/b5c8cba458c330ccff548b056e95a5d4\",\"name\":\"moacir\",\"image\":{\"@type\":\"ImageObject\",\"inLanguage\":\"pt-BR\",\"@id\":\"https:\/\/franciscanos.org.br\/noticias\/#\/schema\/person\/image\/\",\"url\":\"https:\/\/secure.gravatar.com\/avatar\/d08aa2ce4c8dd416d4479aa8536fcf64?s=96&d=mm&r=g\",\"contentUrl\":\"https:\/\/secure.gravatar.com\/avatar\/d08aa2ce4c8dd416d4479aa8536fcf64?s=96&d=mm&r=g\",\"caption\":\"moacir\"},\"url\":\"https:\/\/franciscanos.org.br\/noticias\/author\/moacir\"}]}<\/script>\n<!-- \/ Yoast SEO plugin. -->","yoast_head_json":{"title":"Aos 89 anos, falece Frei Cl\u00e1udio Guski em Bragan\u00e7a Paulista - Not\u00edcias - Franciscanos","robots":{"index":"index","follow":"follow","max-snippet":"max-snippet:-1","max-image-preview":"max-image-preview:large","max-video-preview":"max-video-preview:-1"},"canonical":"https:\/\/franciscanos.org.br\/noticias\/claudioguski.html","og_locale":"pt_BR","og_type":"article","og_title":"Aos 89 anos, falece Frei Cl\u00e1udio Guski em Bragan\u00e7a Paulista - Not\u00edcias - Franciscanos","og_description":"Prov\u00edncia de luto","og_url":"https:\/\/franciscanos.org.br\/noticias\/claudioguski.html","og_site_name":"Not\u00edcias - Franciscanos","article_published_time":"2023-07-25T14:26:03+00:00","og_image":[{"width":1280,"height":720,"url":"https:\/\/franciscanos.org.br\/noticias\/wp-content\/uploads\/2023\/07\/claudio_guski_01.jpg","type":"image\/jpeg"}],"author":"moacir","twitter_card":"summary_large_image","twitter_misc":{"Escrito por":"moacir","Est. tempo de leitura":"5 minutos"},"schema":{"@context":"https:\/\/schema.org","@graph":[{"@type":"WebSite","@id":"https:\/\/franciscanos.org.br\/noticias\/#website","url":"https:\/\/franciscanos.org.br\/noticias\/","name":"Not\u00edcias - Franciscanos","description":"Prov\u00edncia Franciscana da Imaculada Concei\u00e7\u00e3o do Brasil - Ordem dos Frades Menores - OFM","potentialAction":[{"@type":"SearchAction","target":{"@type":"EntryPoint","urlTemplate":"https:\/\/franciscanos.org.br\/noticias\/?s={search_term_string}"},"query-input":"required name=search_term_string"}],"inLanguage":"pt-BR"},{"@type":"ImageObject","inLanguage":"pt-BR","@id":"https:\/\/franciscanos.org.br\/noticias\/claudioguski.html#primaryimage","url":"https:\/\/franciscanos.org.br\/noticias\/wp-content\/uploads\/2023\/07\/claudio_guski_01.jpg","contentUrl":"https:\/\/franciscanos.org.br\/noticias\/wp-content\/uploads\/2023\/07\/claudio_guski_01.jpg","width":1280,"height":720},{"@type":"WebPage","@id":"https:\/\/franciscanos.org.br\/noticias\/claudioguski.html#webpage","url":"https:\/\/franciscanos.org.br\/noticias\/claudioguski.html","name":"Aos 89 anos, falece Frei Cl\u00e1udio Guski em Bragan\u00e7a Paulista - Not\u00edcias - Franciscanos","isPartOf":{"@id":"https:\/\/franciscanos.org.br\/noticias\/#website"},"primaryImageOfPage":{"@id":"https:\/\/franciscanos.org.br\/noticias\/claudioguski.html#primaryimage"},"datePublished":"2023-07-25T14:26:03+00:00","dateModified":"2023-07-25T14:26:03+00:00","author":{"@id":"https:\/\/franciscanos.org.br\/noticias\/#\/schema\/person\/b5c8cba458c330ccff548b056e95a5d4"},"breadcrumb":{"@id":"https:\/\/franciscanos.org.br\/noticias\/claudioguski.html#breadcrumb"},"inLanguage":"pt-BR","potentialAction":[{"@type":"ReadAction","target":["https:\/\/franciscanos.org.br\/noticias\/claudioguski.html"]}]},{"@type":"BreadcrumbList","@id":"https:\/\/franciscanos.org.br\/noticias\/claudioguski.html#breadcrumb","itemListElement":[{"@type":"ListItem","position":1,"name":"Home","item":"https:\/\/franciscanos.org.br\/noticias"},{"@type":"ListItem","position":2,"name":"Aos 89 anos, falece Frei Cl\u00e1udio Guski em Bragan\u00e7a Paulista"}]},{"@type":"Person","@id":"https:\/\/franciscanos.org.br\/noticias\/#\/schema\/person\/b5c8cba458c330ccff548b056e95a5d4","name":"moacir","image":{"@type":"ImageObject","inLanguage":"pt-BR","@id":"https:\/\/franciscanos.org.br\/noticias\/#\/schema\/person\/image\/","url":"https:\/\/secure.gravatar.com\/avatar\/d08aa2ce4c8dd416d4479aa8536fcf64?s=96&d=mm&r=g","contentUrl":"https:\/\/secure.gravatar.com\/avatar\/d08aa2ce4c8dd416d4479aa8536fcf64?s=96&d=mm&r=g","caption":"moacir"},"url":"https:\/\/franciscanos.org.br\/noticias\/author\/moacir"}]}},"_links":{"self":[{"href":"https:\/\/franciscanos.org.br\/noticias\/wp-json\/wp\/v2\/posts\/244200"}],"collection":[{"href":"https:\/\/franciscanos.org.br\/noticias\/wp-json\/wp\/v2\/posts"}],"about":[{"href":"https:\/\/franciscanos.org.br\/noticias\/wp-json\/wp\/v2\/types\/post"}],"author":[{"embeddable":true,"href":"https:\/\/franciscanos.org.br\/noticias\/wp-json\/wp\/v2\/users\/3"}],"replies":[{"embeddable":true,"href":"https:\/\/franciscanos.org.br\/noticias\/wp-json\/wp\/v2\/comments?post=244200"}],"version-history":[{"count":1,"href":"https:\/\/franciscanos.org.br\/noticias\/wp-json\/wp\/v2\/posts\/244200\/revisions"}],"predecessor-version":[{"id":244201,"href":"https:\/\/franciscanos.org.br\/noticias\/wp-json\/wp\/v2\/posts\/244200\/revisions\/244201"}],"wp:featuredmedia":[{"embeddable":true,"href":"https:\/\/franciscanos.org.br\/noticias\/wp-json\/wp\/v2\/media\/244195"}],"wp:attachment":[{"href":"https:\/\/franciscanos.org.br\/noticias\/wp-json\/wp\/v2\/media?parent=244200"}],"wp:term":[{"taxonomy":"category","embeddable":true,"href":"https:\/\/franciscanos.org.br\/noticias\/wp-json\/wp\/v2\/categories?post=244200"},{"taxonomy":"post_tag","embeddable":true,"href":"https:\/\/franciscanos.org.br\/noticias\/wp-json\/wp\/v2\/tags?post=244200"}],"curies":[{"name":"wp","href":"https:\/\/api.w.org\/{rel}","templated":true}]}}