{"id":244170,"date":"2023-07-25T07:46:56","date_gmt":"2023-07-25T10:46:56","guid":{"rendered":"https:\/\/franciscanos.org.br\/noticias\/?p=244170"},"modified":"2023-07-25T08:22:03","modified_gmt":"2023-07-25T11:22:03","slug":"coral-dos-canarinhos-de-petropolis-participa-do-xvi-congresso-regional-pueri-cantores-do-brasil","status":"publish","type":"post","link":"https:\/\/franciscanos.org.br\/noticias\/coral-dos-canarinhos-de-petropolis-participa-do-xvi-congresso-regional-pueri-cantores-do-brasil.html","title":{"rendered":"Coral dos Canarinhos de Petr\u00f3polis participa do XVI Congresso Regional Pueri Cantores do Brasil"},"content":{"rendered":"<p><img loading=\"lazy\" class=\"alignnone size-full wp-image-244173\" src=\"https:\/\/franciscanos.org.br\/noticias\/wp-content\/uploads\/2023\/07\/canarinhos_04.jpg\" alt=\"\" width=\"1280\" height=\"720\" srcset=\"https:\/\/franciscanos.org.br\/noticias\/wp-content\/uploads\/2023\/07\/canarinhos_04.jpg 1280w, https:\/\/franciscanos.org.br\/noticias\/wp-content\/uploads\/2023\/07\/canarinhos_04-450x253.jpg 450w, https:\/\/franciscanos.org.br\/noticias\/wp-content\/uploads\/2023\/07\/canarinhos_04-1024x576.jpg 1024w, https:\/\/franciscanos.org.br\/noticias\/wp-content\/uploads\/2023\/07\/canarinhos_04-768x432.jpg 768w, https:\/\/franciscanos.org.br\/noticias\/wp-content\/uploads\/2023\/07\/canarinhos_04-150x84.jpg 150w\" sizes=\"(max-width: 1280px) 100vw, 1280px\" \/><\/p>\n<p><strong>Sete Lagoas (MG) \u2013 <\/strong>O Coral dos Canarinhos de Petr\u00f3polis participou, entre os dias 19 e 23 de julho, do XVI Congresso Regional Pueri Cantores, na cidade mineira de Sete Lagoas. A viagem, no entanto, teve in\u00edcio na ter\u00e7a-feira, dia 18 de julho, com a sa\u00edda do Coral da cidade imperial, Petr\u00f3polis (RJ). Partiram em viagem 42 coralistas, acompanhados da Equipe do Instituto dos Meninos Cantores de Petr\u00f3polis, rumo a Minas Gerais.<\/p>\n<p>A primeira parada da viagem foi no Museu e Jardim Bot\u00e2nico, Instituto Inhotim. Localizado na cidade de Brumadinho. Inhotim \u00e9 um museu de arte contempor\u00e2nea a c\u00e9u aberto, um dos maiores do mundo. Neste dia, os coralistas puderam, al\u00e9m de conhecer os espa\u00e7os do museu, aprender mais sobre o movimento modernista brasileiro e a arte contempor\u00e2nea, expressa por diversos artistas, que t\u00eam galerias no local. Destaque para a nova exposi\u00e7\u00e3o da artista contempor\u00e2nea japonesa, Yayoi Kusama, que recentemente ganhou uma galeria permanente em Inhotim.<\/p>\n<p><img loading=\"lazy\" class=\"alignnone size-full wp-image-244172\" src=\"https:\/\/franciscanos.org.br\/noticias\/wp-content\/uploads\/2023\/07\/canarinhos_02.jpg\" alt=\"\" width=\"1280\" height=\"720\" srcset=\"https:\/\/franciscanos.org.br\/noticias\/wp-content\/uploads\/2023\/07\/canarinhos_02.jpg 1280w, https:\/\/franciscanos.org.br\/noticias\/wp-content\/uploads\/2023\/07\/canarinhos_02-450x253.jpg 450w, https:\/\/franciscanos.org.br\/noticias\/wp-content\/uploads\/2023\/07\/canarinhos_02-1024x576.jpg 1024w, https:\/\/franciscanos.org.br\/noticias\/wp-content\/uploads\/2023\/07\/canarinhos_02-768x432.jpg 768w, https:\/\/franciscanos.org.br\/noticias\/wp-content\/uploads\/2023\/07\/canarinhos_02-150x84.jpg 150w\" sizes=\"(max-width: 1280px) 100vw, 1280px\" \/><\/p>\n<p>Ao final da ter\u00e7a-feira, o Coral foi acolhido com um jantar na Par\u00f3quia S\u00e3o Crist\u00f3v\u00e3o em Sete Lagoas (MG). O P\u00e1roco, Pe. Gislei, o Vig\u00e1rio Paroquial, Padre Rafael Lucas; juntamente com os paroquianos da localidade aguardavam, ansiosos, a chegada do Coral! Ap\u00f3s o jantar, os coralistas foram encaminhados para 17 fam\u00edlias da Par\u00f3quia que, prontamente, dispuseram-se a acolher nossos coralistas durante os dias do Congresso.<\/p>\n<p>Na manh\u00e3 da quarta-feira (19\/07), os onze corais participantes deste Congresso Regional se reuniram no Gin\u00e1sio Dr. M\u00e1rcio Paulino, na regi\u00e3o central da cidade de Sete Lagoas. Foi um dia de ensaios, acolhida e conviv\u00eancia entre os coralistas das mais diversas regi\u00f5es do Brasil. Durante este dia, os coralistas puderam iniciar os ensaios musicais para a abertura oficial do Congresso, que viria a ocorrer naquela noite. Houve tamb\u00e9m, ensaios para a organiza\u00e7\u00e3o dos Corais no espa\u00e7o do Gin\u00e1sio, como a ordem das entradas e os lugares a serem ocupados pelos coralistas, nos assentos e tamb\u00e9m no palco.<\/p>\n<p><img loading=\"lazy\" class=\"alignnone size-full wp-image-244171\" src=\"https:\/\/franciscanos.org.br\/noticias\/wp-content\/uploads\/2023\/07\/canarinhos_01.jpg\" alt=\"\" width=\"1280\" height=\"720\" srcset=\"https:\/\/franciscanos.org.br\/noticias\/wp-content\/uploads\/2023\/07\/canarinhos_01.jpg 1280w, https:\/\/franciscanos.org.br\/noticias\/wp-content\/uploads\/2023\/07\/canarinhos_01-450x253.jpg 450w, https:\/\/franciscanos.org.br\/noticias\/wp-content\/uploads\/2023\/07\/canarinhos_01-1024x576.jpg 1024w, https:\/\/franciscanos.org.br\/noticias\/wp-content\/uploads\/2023\/07\/canarinhos_01-768x432.jpg 768w, https:\/\/franciscanos.org.br\/noticias\/wp-content\/uploads\/2023\/07\/canarinhos_01-150x84.jpg 150w\" sizes=\"(max-width: 1280px) 100vw, 1280px\" \/><\/p>\n<h2><strong>Abertura do Congresso<\/strong><\/h2>\n<p>Na noite do dia 19 de julho, no Gin\u00e1sio Dr. M\u00e1rcio Paulino, no centro da Cidade de Sete Lagoas (MG), ocorreu a abertura oficial do XVI Congresso Regional Pueri Cantores do Brasil. Nesta cerim\u00f4nia, os onze corais foram recebidos calorosamente pelo povo sete-lagoano. A ordem de entrada dos corais \u00e9 por ordem de antiguidade na Federa\u00e7\u00e3o Nacional Pueri Cantores, portanto, o primeiro Coral a ser recebido foi o nosso Coral dos Canarinhos de Petr\u00f3polis, o coral de meninos mais antigo do Brasil e que neste ano de 2023 ir\u00e1 comemorar 81 anos de hist\u00f3ria!<\/p>\n<p>Logo ap\u00f3s, foi recebido pelo p\u00fablico o Coral anfitri\u00e3o deste Congresso, o Coral Dom Silv\u00e9rio, que neste ano completa 60 de funda\u00e7\u00e3o. O fundador do Coral Dom Silv\u00e9rio, o Maestro Jo\u00e3o Lucas Rodrigues, com seus 94 anos, esteve presente neste Congresso e esteve muito emocionado por poder ver o Coral Dom Silv\u00e9rio firme e atuante em sua grande miss\u00e3o de cantar!<\/p>\n<p><img loading=\"lazy\" class=\"alignnone size-full wp-image-244180\" src=\"https:\/\/franciscanos.org.br\/noticias\/wp-content\/uploads\/2023\/07\/canarinhos_11.jpg\" alt=\"\" width=\"1280\" height=\"960\" srcset=\"https:\/\/franciscanos.org.br\/noticias\/wp-content\/uploads\/2023\/07\/canarinhos_11.jpg 1280w, https:\/\/franciscanos.org.br\/noticias\/wp-content\/uploads\/2023\/07\/canarinhos_11-450x338.jpg 450w, https:\/\/franciscanos.org.br\/noticias\/wp-content\/uploads\/2023\/07\/canarinhos_11-1024x768.jpg 1024w, https:\/\/franciscanos.org.br\/noticias\/wp-content\/uploads\/2023\/07\/canarinhos_11-768x576.jpg 768w, https:\/\/franciscanos.org.br\/noticias\/wp-content\/uploads\/2023\/07\/canarinhos_11-150x113.jpg 150w, https:\/\/franciscanos.org.br\/noticias\/wp-content\/uploads\/2023\/07\/canarinhos_11-600x450.jpg 600w\" sizes=\"(max-width: 1280px) 100vw, 1280px\" \/><\/p>\n<p>O presidente da Federa\u00e7\u00e3o Pueri Cantores do Brasil, o Maestro Messias Faleiro, atualmente \u00e0 frente do Coral dos Pequenos Cantores de Passos, deu as boas-vindas a todos os Corais participantes deste Congresso e disse: \u201cQue alegria poder, j\u00e1 em menos de um ano, ap\u00f3s nosso Congresso Nacional, estarmos todos juntos para cantar, para nos divertirmos e para celebrarmos o nosso nobre trabalho do canto coral. Aos Corais de perto e de longe, hoje estamos felizes de estarmos reunidos neste Congresso\u201d. O Maestro agradeceu a toda a equipe organizadora do Congresso, em especial \u00e0 Diretoria do Coral Dom Silv\u00e9rio, Coral anfitri\u00e3o do evento, \u00e0 Prefeitura Municipal e \u00e0 Diocese de Sete Lagoas.<\/p>\n<p>O presidente do Coral Dom Silv\u00e9rio, Amauri Artimos da Matta, em nome de toda a equipe do Congresso tamb\u00e9m tomou a fala e agradeceu a presen\u00e7a de todos os Corais e do p\u00fablico de Sete Lagoas, que se fez presente para prestigiar os coralistas. Em sua fala, o Presidente do Coral Dom Silv\u00e9rio homenageou o Coral de Sete Lagoas e expressou o quanto esse Congresso incentiva e anima a miss\u00e3o do Dom Silv\u00e9rio. Por fim, externou um agradecimento a todos os apoiadores do evento e ao eterno maestro do Dom Silv\u00e9rio, Jo\u00e3o Lucas Rodrigues, e pediu uma calorosa salva de palmas ao maestro nonagen\u00e1rio.<\/p>\n<p>Ao final da Cerim\u00f4nia, os mais de 400 coralistas cantaram a m\u00fasica \u201cA Paz\u201d, vers\u00e3o em portugu\u00eas do grupo \u201cRoupa Nova\u201d da m\u00fasica \u201cHeal the World\u201d, de Michael Jackson.<\/p>\n<p><img loading=\"lazy\" class=\"alignnone size-full wp-image-244182\" src=\"https:\/\/franciscanos.org.br\/noticias\/wp-content\/uploads\/2023\/07\/canarinhos_13.jpg\" alt=\"\" width=\"1280\" height=\"960\" srcset=\"https:\/\/franciscanos.org.br\/noticias\/wp-content\/uploads\/2023\/07\/canarinhos_13.jpg 1280w, https:\/\/franciscanos.org.br\/noticias\/wp-content\/uploads\/2023\/07\/canarinhos_13-450x338.jpg 450w, https:\/\/franciscanos.org.br\/noticias\/wp-content\/uploads\/2023\/07\/canarinhos_13-1024x768.jpg 1024w, https:\/\/franciscanos.org.br\/noticias\/wp-content\/uploads\/2023\/07\/canarinhos_13-768x576.jpg 768w, https:\/\/franciscanos.org.br\/noticias\/wp-content\/uploads\/2023\/07\/canarinhos_13-150x113.jpg 150w, https:\/\/franciscanos.org.br\/noticias\/wp-content\/uploads\/2023\/07\/canarinhos_13-600x450.jpg 600w\" sizes=\"(max-width: 1280px) 100vw, 1280px\" \/><\/p>\n<h2><strong>Concerto de Gala <\/strong><\/h2>\n<p>Na sexta-feira (21\/07), os Canarinhos de Petr\u00f3polis fizeram sua apresenta\u00e7\u00e3o no Concerto de Gala do Congresso Regional Pueri Cantores. O Coral, por ser o mais antigo da Federa\u00e7\u00e3o, foi o \u00faltimo a se apresentar.<\/p>\n<p>O repert\u00f3rio contou com tr\u00eas can\u00e7\u00f5es. A primeira foi a m\u00fasica sacra \u201cLutum Fecit\u201d, composi\u00e7\u00e3o do maestro dos Canarinhos, Marco Aur\u00e9lio Lischt. A Segunda m\u00fasica foi \u201cTrem de Ferro\u201d, baseada no poema de Manuel Bandeira e musicada por Raul Penna Firme Jr. Por fim, o Coral cantou a can\u00e7\u00e3o em duas partes \u201cCussaruim\u201d, tamb\u00e9m baseada num poema de Manuel Bandeira e musicada por J. Vieira Brand\u00e3o.<\/p>\n<p>As tr\u00eas pe\u00e7as, embora de alto grau de dificuldade, foram executadas com extrema perfei\u00e7\u00e3o pelos coralistas e seu Maestro. As tr\u00eas can\u00e7\u00f5es foram apresentadas sem o acompanhamento de instrumento e tamb\u00e9m sem o uso de partitura, por parte dos coralistas. O Coral, em \u00f3tima forma, subiu ao palco confiante e pronto para o desafio. Assim relatou o Maestro: \u201cAp\u00f3s quase dois anos de retorno de atividades presenciais, este Congresso foi o momento oportuno para nos desafiarmos e ousarmos com pe\u00e7as com um n\u00edvel de dificuldade maior. Nossos coralistas se sa\u00edram muito bem e fizeram uma excelente apresenta\u00e7\u00e3o\u201d.<\/p>\n<p>Ao final da apresenta\u00e7\u00e3o, o Coral foi ovacionado pelos presentes no Gin\u00e1sio que, de p\u00e9, aplaudiram, efusivamente, os Canarinhos de Petr\u00f3polis.<\/p>\n<p><img loading=\"lazy\" class=\"alignnone size-full wp-image-244175\" src=\"https:\/\/franciscanos.org.br\/noticias\/wp-content\/uploads\/2023\/07\/canarinhos_06.jpg\" alt=\"\" width=\"1280\" height=\"720\" srcset=\"https:\/\/franciscanos.org.br\/noticias\/wp-content\/uploads\/2023\/07\/canarinhos_06.jpg 1280w, https:\/\/franciscanos.org.br\/noticias\/wp-content\/uploads\/2023\/07\/canarinhos_06-450x253.jpg 450w, https:\/\/franciscanos.org.br\/noticias\/wp-content\/uploads\/2023\/07\/canarinhos_06-1024x576.jpg 1024w, https:\/\/franciscanos.org.br\/noticias\/wp-content\/uploads\/2023\/07\/canarinhos_06-768x432.jpg 768w, https:\/\/franciscanos.org.br\/noticias\/wp-content\/uploads\/2023\/07\/canarinhos_06-150x84.jpg 150w\" sizes=\"(max-width: 1280px) 100vw, 1280px\" \/><\/p>\n<p><img loading=\"lazy\" class=\"alignnone size-full wp-image-244176\" src=\"https:\/\/franciscanos.org.br\/noticias\/wp-content\/uploads\/2023\/07\/canarinhos_07.jpg\" alt=\"\" width=\"1280\" height=\"853\" srcset=\"https:\/\/franciscanos.org.br\/noticias\/wp-content\/uploads\/2023\/07\/canarinhos_07.jpg 1280w, https:\/\/franciscanos.org.br\/noticias\/wp-content\/uploads\/2023\/07\/canarinhos_07-450x300.jpg 450w, https:\/\/franciscanos.org.br\/noticias\/wp-content\/uploads\/2023\/07\/canarinhos_07-1024x682.jpg 1024w, https:\/\/franciscanos.org.br\/noticias\/wp-content\/uploads\/2023\/07\/canarinhos_07-768x512.jpg 768w, https:\/\/franciscanos.org.br\/noticias\/wp-content\/uploads\/2023\/07\/canarinhos_07-150x100.jpg 150w\" sizes=\"(max-width: 1280px) 100vw, 1280px\" \/><\/p>\n<h2><strong>Missa de encerramento do Congresso<\/strong><\/h2>\n<p>\u00c0s 18h do s\u00e1bado, dia 22 de julho, os onze corais participantes do Congresso Regional, estiveram reunidos na Igreja Matriz de Santa Luzia em Sete Lagoas (MG), para cantarem solenemente a liturgia do 16\u00ba Domingo do Tempo Comum, celebra\u00e7\u00e3o de encerramento deste XVI Congresso Regional.<\/p>\n<p>Os cantos escolhidos para a celebra\u00e7\u00e3o partiram da \u201cMissa Brevis\u201d, de Jacob de Haan. Os Maestros dos Corais presentes se revezaram na reg\u00eancia dos cantos, um costume tradicional nos Congressos da Federa\u00e7\u00e3o Pueri Cantores.<\/p>\n<p>A celebra\u00e7\u00e3o foi presidida pelo bispo diocesano de Sete Lagoas, Dom Francisco Cota, que expressou sua imensa alegria por sua Diocese poder sediar esse Congresso de Meninos Cantores: \u201cHoje nos reunimos, com muita alegria, para louvarmos o nosso Deus, por tantas e grandes gra\u00e7as ocorridas nesse Congresso. N\u00e3o viemos aqui para vermos a apresenta\u00e7\u00e3o de Corais. Aqui viemos para testemunhar a miss\u00e3o desses Corais: cantar e elevar, com suas vozes, os nossos louvores a Deus!\u201d<\/p>\n<p>A liturgia deste domingo traz em seu Evangelho a famosa par\u00e1bola do \u201cJoio e do Trigo\u201d do evangelista S\u00e3o Mateus. Em sua homilia, Dom Francisco exortou os presentes: \u201cA mensagem da liturgia deste domingo nos chama a experenciarmos a miseric\u00f3rdia de Deus. Somos confrontados com um Pai que tem poder, mas que escolhe sempre o caminho da miseric\u00f3rdia. Na figura do joio e do trigo, aprendemos que nossa miss\u00e3o \u00e9 sermos fruto bom, fruto que se espelha naquilo que \u00e9 o pr\u00f3prio Deus, a suma bondade. Frutificar o bem \u00e9 ser trigo bom e ser, portanto, espelho da planta\u00e7\u00e3o do Reino de Deus!\u201d No final de sua reflex\u00e3o, dirigiu uma mensagem aos Corais: \u201cAgrade\u00e7o, profundamente, em nome de toda a nossa cidade e Diocese a oportunidade de podermos vivenciar esse XVI Congresso. Nossas Par\u00f3quias e nossas fam\u00edlias exerceram o dom serem bom trigo na acolhida e hospitalidade de todos esses jovens e de suas equipes que os acompanham. Nossa gratid\u00e3o a voc\u00eas!\u201d E por fim, completou: \u201cMeus queridos cantores, sejam sempre a boa planta\u00e7\u00e3o que o Senhor espera de v\u00f3s! Trilhem sempre o justo e reto caminho que a beleza do canto inspira e produz. Meus sinceros votos e preces por todos voc\u00eas\u201d, concluiu o Bispo em sua reflex\u00e3o.<\/p>\n<p>Ao final da celebra\u00e7\u00e3o, o presidente da Federa\u00e7\u00e3o, o Maestro Messias Faleiro, agradeceu a presen\u00e7a de todos os Corais neste XVI Congresso Regional, agradeceu, de modo especial, ao Padre Rafael Lucas, Vig\u00e1rio da Par\u00f3quia S\u00e3o Crist\u00f3v\u00e3o, pela organiza\u00e7\u00e3o da hospedagem dos mais de 400 coralistas nestes dias de Congresso. Depois, o Maestro fez o an\u00fancio de que o pr\u00f3ximo Congresso Regional ocorrer\u00e1 no ano que vem na cidade paranaense de Campo Largo e de que o pr\u00f3ximo Congresso Nacional ser\u00e1 sediado, no ano de 2025, em Novo Hamburgo (RS). Por fim, desejou a todos os Corais, Maestros e Equipes uma aben\u00e7oada viagem de retorno \u00e0s suas cidades.<\/p>\n<p><img loading=\"lazy\" class=\"alignnone size-full wp-image-244177\" src=\"https:\/\/franciscanos.org.br\/noticias\/wp-content\/uploads\/2023\/07\/canarinhos_08.jpg\" alt=\"\" width=\"1280\" height=\"639\" srcset=\"https:\/\/franciscanos.org.br\/noticias\/wp-content\/uploads\/2023\/07\/canarinhos_08.jpg 1280w, https:\/\/franciscanos.org.br\/noticias\/wp-content\/uploads\/2023\/07\/canarinhos_08-450x225.jpg 450w, https:\/\/franciscanos.org.br\/noticias\/wp-content\/uploads\/2023\/07\/canarinhos_08-1024x511.jpg 1024w, https:\/\/franciscanos.org.br\/noticias\/wp-content\/uploads\/2023\/07\/canarinhos_08-768x383.jpg 768w, https:\/\/franciscanos.org.br\/noticias\/wp-content\/uploads\/2023\/07\/canarinhos_08-150x75.jpg 150w\" sizes=\"(max-width: 1280px) 100vw, 1280px\" \/><\/p>\n<p><img loading=\"lazy\" class=\"alignnone size-full wp-image-244178\" src=\"https:\/\/franciscanos.org.br\/noticias\/wp-content\/uploads\/2023\/07\/canarinhos_09.jpg\" alt=\"\" width=\"1280\" height=\"922\" srcset=\"https:\/\/franciscanos.org.br\/noticias\/wp-content\/uploads\/2023\/07\/canarinhos_09.jpg 1280w, https:\/\/franciscanos.org.br\/noticias\/wp-content\/uploads\/2023\/07\/canarinhos_09-450x324.jpg 450w, https:\/\/franciscanos.org.br\/noticias\/wp-content\/uploads\/2023\/07\/canarinhos_09-1024x738.jpg 1024w, https:\/\/franciscanos.org.br\/noticias\/wp-content\/uploads\/2023\/07\/canarinhos_09-768x553.jpg 768w, https:\/\/franciscanos.org.br\/noticias\/wp-content\/uploads\/2023\/07\/canarinhos_09-150x108.jpg 150w\" sizes=\"(max-width: 1280px) 100vw, 1280px\" \/><\/p>\n<p>No domingo de manh\u00e3, 23 de julho, o Coral dos Canarinhos cantou na Missa das 10h, na Igreja Matriz de S\u00e3o Crist\u00f3v\u00e3o, par\u00f3quia esta, que acolheu nossos canarinhos, nestes dias de Congresso. Al\u00e9m do povo de Deus, presente para a celebra\u00e7\u00e3o, merece destaque a presen\u00e7a das 17 fam\u00edlias que hospedaram nossos coralistas e que, tiveram lugar de destaque na Igreja, para poderem estar mais perto dos coralistas que fizeram parte de suas fam\u00edlias, ao longo desta semana.<\/p>\n<p>A celebra\u00e7\u00e3o foi presidida pelo Vig\u00e1rio Paroquial, Padre Rafael Lucas, e concelebrada pelo p\u00e1roco, Padre Gislei. No repert\u00f3rio da missa o Coral, regido pelo Maestro Marco Aur\u00e9lio Lischt, cantou a \u201cMissa em Si Bemol\u201d de Padre Jos\u00e9 Maur\u00edcio Nunes Garcia.<\/p>\n<p>Ao final da celebra\u00e7\u00e3o, Padre Rafael, agradeceu em nome de toda a comunidade paroquial e externou a alegria de poder acolher os Canarinhos de Petr\u00f3polis durante esses dias de Congresso. Agradeceu tamb\u00e9m a gra\u00e7a do Coral poder cantar a liturgia dominical nesta Par\u00f3quia.<\/p>\n<p>Como gesto e sinal de gratid\u00e3o aos paroquianos e \u00e0s fam\u00edlias que os acolheram nestes dias, os Canarinhos cantaram, depois de findada a Eucaristia, as mesmas can\u00e7\u00f5es do Concerto de Gala da \u00faltima sexta-feira. Houve muita emo\u00e7\u00e3o e alegria por parte dos presentes que aplaudiram, demoradamente, os Canarinhos, ap\u00f3s a apresenta\u00e7\u00e3o.<\/p>\n<p>Por volta das 12h, foi a hora dos coralistas se despedirem das fam\u00edlias de Sete Lagoas, estas n\u00e3o esconderam a emo\u00e7\u00e3o e desejaram aos canarinhos n\u00e3o um adeus, mas sim, um \u201cat\u00e9 logo\u201d. Antes de embarcarem no \u00f4nibus, os Canarinhos entoaram a \u201cCan\u00e7\u00e3o da Am\u00e9rica\u201d de Milton Nascimento. Seu trecho principal faz jus a tudo o que foi vivido neste Congresso: \u201cAmigo \u00e9 coisa pra se guardar debaixo de sete chaves, dentro do cora\u00e7\u00e3o!\u201d<\/p>\n<hr \/>\n<p><strong><em>Frei Jo\u00e3o Manoel Zechinatto<\/em><\/strong><\/p>\n<p><img loading=\"lazy\" class=\"alignnone size-full wp-image-244179\" src=\"https:\/\/franciscanos.org.br\/noticias\/wp-content\/uploads\/2023\/07\/canarinhos_10.jpg\" alt=\"\" width=\"1280\" height=\"651\" srcset=\"https:\/\/franciscanos.org.br\/noticias\/wp-content\/uploads\/2023\/07\/canarinhos_10.jpg 1280w, https:\/\/franciscanos.org.br\/noticias\/wp-content\/uploads\/2023\/07\/canarinhos_10-450x229.jpg 450w, https:\/\/franciscanos.org.br\/noticias\/wp-content\/uploads\/2023\/07\/canarinhos_10-1024x521.jpg 1024w, https:\/\/franciscanos.org.br\/noticias\/wp-content\/uploads\/2023\/07\/canarinhos_10-768x391.jpg 768w, https:\/\/franciscanos.org.br\/noticias\/wp-content\/uploads\/2023\/07\/canarinhos_10-150x76.jpg 150w\" sizes=\"(max-width: 1280px) 100vw, 1280px\" \/><\/p>\n<p><img loading=\"lazy\" class=\"alignnone size-full wp-image-244181\" src=\"https:\/\/franciscanos.org.br\/noticias\/wp-content\/uploads\/2023\/07\/canarinhos_12.jpg\" alt=\"\" width=\"1280\" height=\"961\" srcset=\"https:\/\/franciscanos.org.br\/noticias\/wp-content\/uploads\/2023\/07\/canarinhos_12.jpg 1280w, https:\/\/franciscanos.org.br\/noticias\/wp-content\/uploads\/2023\/07\/canarinhos_12-450x338.jpg 450w, https:\/\/franciscanos.org.br\/noticias\/wp-content\/uploads\/2023\/07\/canarinhos_12-1024x769.jpg 1024w, https:\/\/franciscanos.org.br\/noticias\/wp-content\/uploads\/2023\/07\/canarinhos_12-768x577.jpg 768w, https:\/\/franciscanos.org.br\/noticias\/wp-content\/uploads\/2023\/07\/canarinhos_12-150x113.jpg 150w, https:\/\/franciscanos.org.br\/noticias\/wp-content\/uploads\/2023\/07\/canarinhos_12-600x450.jpg 600w\" sizes=\"(max-width: 1280px) 100vw, 1280px\" \/><\/p>\n","protected":false},"excerpt":{"rendered":"<p>Canarinhos de Petr\u00f3polis<\/p>\n","protected":false},"author":3,"featured_media":244183,"comment_status":"open","ping_status":"open","sticky":false,"template":"","format":"standard","meta":[],"categories":[1],"tags":[1378],"acf":[],"yoast_head":"<!-- This site is optimized with the Yoast SEO plugin v19.2 - https:\/\/yoast.com\/wordpress\/plugins\/seo\/ -->\n<title>Coral dos Canarinhos de Petr\u00f3polis participa do XVI Congresso Regional Pueri Cantores do Brasil - Not\u00edcias - Franciscanos<\/title>\n<meta name=\"robots\" content=\"index, follow, max-snippet:-1, max-image-preview:large, max-video-preview:-1\" \/>\n<link rel=\"canonical\" href=\"https:\/\/franciscanos.org.br\/noticias\/coral-dos-canarinhos-de-petropolis-participa-do-xvi-congresso-regional-pueri-cantores-do-brasil.html\" \/>\n<meta property=\"og:locale\" content=\"pt_BR\" \/>\n<meta property=\"og:type\" content=\"article\" \/>\n<meta property=\"og:title\" content=\"Coral dos Canarinhos de Petr\u00f3polis participa do XVI Congresso Regional Pueri Cantores do Brasil - Not\u00edcias - Franciscanos\" \/>\n<meta property=\"og:description\" content=\"Canarinhos de Petr\u00f3polis\" \/>\n<meta property=\"og:url\" content=\"https:\/\/franciscanos.org.br\/noticias\/coral-dos-canarinhos-de-petropolis-participa-do-xvi-congresso-regional-pueri-cantores-do-brasil.html\" \/>\n<meta property=\"og:site_name\" content=\"Not\u00edcias - Franciscanos\" \/>\n<meta property=\"article:published_time\" content=\"2023-07-25T10:46:56+00:00\" \/>\n<meta property=\"article:modified_time\" content=\"2023-07-25T11:22:03+00:00\" \/>\n<meta property=\"og:image\" content=\"https:\/\/franciscanos.org.br\/noticias\/wp-content\/uploads\/2023\/07\/canarinhos_04-1.jpg\" \/>\n\t<meta property=\"og:image:width\" content=\"1280\" \/>\n\t<meta property=\"og:image:height\" content=\"720\" \/>\n\t<meta property=\"og:image:type\" content=\"image\/jpeg\" \/>\n<meta name=\"author\" content=\"moacir\" \/>\n<meta name=\"twitter:card\" content=\"summary_large_image\" \/>\n<meta name=\"twitter:label1\" content=\"Escrito por\" \/>\n\t<meta name=\"twitter:data1\" content=\"moacir\" \/>\n\t<meta name=\"twitter:label2\" content=\"Est. tempo de leitura\" \/>\n\t<meta name=\"twitter:data2\" content=\"9 minutos\" \/>\n<script type=\"application\/ld+json\" class=\"yoast-schema-graph\">{\"@context\":\"https:\/\/schema.org\",\"@graph\":[{\"@type\":\"WebSite\",\"@id\":\"https:\/\/franciscanos.org.br\/noticias\/#website\",\"url\":\"https:\/\/franciscanos.org.br\/noticias\/\",\"name\":\"Not\u00edcias - Franciscanos\",\"description\":\"Prov\u00edncia Franciscana da Imaculada Concei\u00e7\u00e3o do Brasil - Ordem dos Frades Menores - OFM\",\"potentialAction\":[{\"@type\":\"SearchAction\",\"target\":{\"@type\":\"EntryPoint\",\"urlTemplate\":\"https:\/\/franciscanos.org.br\/noticias\/?s={search_term_string}\"},\"query-input\":\"required name=search_term_string\"}],\"inLanguage\":\"pt-BR\"},{\"@type\":\"ImageObject\",\"inLanguage\":\"pt-BR\",\"@id\":\"https:\/\/franciscanos.org.br\/noticias\/coral-dos-canarinhos-de-petropolis-participa-do-xvi-congresso-regional-pueri-cantores-do-brasil.html#primaryimage\",\"url\":\"https:\/\/franciscanos.org.br\/noticias\/wp-content\/uploads\/2023\/07\/canarinhos_04-1.jpg\",\"contentUrl\":\"https:\/\/franciscanos.org.br\/noticias\/wp-content\/uploads\/2023\/07\/canarinhos_04-1.jpg\",\"width\":1280,\"height\":720},{\"@type\":\"WebPage\",\"@id\":\"https:\/\/franciscanos.org.br\/noticias\/coral-dos-canarinhos-de-petropolis-participa-do-xvi-congresso-regional-pueri-cantores-do-brasil.html#webpage\",\"url\":\"https:\/\/franciscanos.org.br\/noticias\/coral-dos-canarinhos-de-petropolis-participa-do-xvi-congresso-regional-pueri-cantores-do-brasil.html\",\"name\":\"Coral dos Canarinhos de Petr\u00f3polis participa do XVI Congresso Regional Pueri Cantores do Brasil - Not\u00edcias - Franciscanos\",\"isPartOf\":{\"@id\":\"https:\/\/franciscanos.org.br\/noticias\/#website\"},\"primaryImageOfPage\":{\"@id\":\"https:\/\/franciscanos.org.br\/noticias\/coral-dos-canarinhos-de-petropolis-participa-do-xvi-congresso-regional-pueri-cantores-do-brasil.html#primaryimage\"},\"datePublished\":\"2023-07-25T10:46:56+00:00\",\"dateModified\":\"2023-07-25T11:22:03+00:00\",\"author\":{\"@id\":\"https:\/\/franciscanos.org.br\/noticias\/#\/schema\/person\/b5c8cba458c330ccff548b056e95a5d4\"},\"breadcrumb\":{\"@id\":\"https:\/\/franciscanos.org.br\/noticias\/coral-dos-canarinhos-de-petropolis-participa-do-xvi-congresso-regional-pueri-cantores-do-brasil.html#breadcrumb\"},\"inLanguage\":\"pt-BR\",\"potentialAction\":[{\"@type\":\"ReadAction\",\"target\":[\"https:\/\/franciscanos.org.br\/noticias\/coral-dos-canarinhos-de-petropolis-participa-do-xvi-congresso-regional-pueri-cantores-do-brasil.html\"]}]},{\"@type\":\"BreadcrumbList\",\"@id\":\"https:\/\/franciscanos.org.br\/noticias\/coral-dos-canarinhos-de-petropolis-participa-do-xvi-congresso-regional-pueri-cantores-do-brasil.html#breadcrumb\",\"itemListElement\":[{\"@type\":\"ListItem\",\"position\":1,\"name\":\"Home\",\"item\":\"https:\/\/franciscanos.org.br\/noticias\"},{\"@type\":\"ListItem\",\"position\":2,\"name\":\"Coral dos Canarinhos de Petr\u00f3polis participa do XVI Congresso Regional Pueri Cantores do Brasil\"}]},{\"@type\":\"Person\",\"@id\":\"https:\/\/franciscanos.org.br\/noticias\/#\/schema\/person\/b5c8cba458c330ccff548b056e95a5d4\",\"name\":\"moacir\",\"image\":{\"@type\":\"ImageObject\",\"inLanguage\":\"pt-BR\",\"@id\":\"https:\/\/franciscanos.org.br\/noticias\/#\/schema\/person\/image\/\",\"url\":\"https:\/\/secure.gravatar.com\/avatar\/d08aa2ce4c8dd416d4479aa8536fcf64?s=96&d=mm&r=g\",\"contentUrl\":\"https:\/\/secure.gravatar.com\/avatar\/d08aa2ce4c8dd416d4479aa8536fcf64?s=96&d=mm&r=g\",\"caption\":\"moacir\"},\"url\":\"https:\/\/franciscanos.org.br\/noticias\/author\/moacir\"}]}<\/script>\n<!-- \/ Yoast SEO plugin. -->","yoast_head_json":{"title":"Coral dos Canarinhos de Petr\u00f3polis participa do XVI Congresso Regional Pueri Cantores do Brasil - Not\u00edcias - Franciscanos","robots":{"index":"index","follow":"follow","max-snippet":"max-snippet:-1","max-image-preview":"max-image-preview:large","max-video-preview":"max-video-preview:-1"},"canonical":"https:\/\/franciscanos.org.br\/noticias\/coral-dos-canarinhos-de-petropolis-participa-do-xvi-congresso-regional-pueri-cantores-do-brasil.html","og_locale":"pt_BR","og_type":"article","og_title":"Coral dos Canarinhos de Petr\u00f3polis participa do XVI Congresso Regional Pueri Cantores do Brasil - Not\u00edcias - Franciscanos","og_description":"Canarinhos de Petr\u00f3polis","og_url":"https:\/\/franciscanos.org.br\/noticias\/coral-dos-canarinhos-de-petropolis-participa-do-xvi-congresso-regional-pueri-cantores-do-brasil.html","og_site_name":"Not\u00edcias - Franciscanos","article_published_time":"2023-07-25T10:46:56+00:00","article_modified_time":"2023-07-25T11:22:03+00:00","og_image":[{"width":1280,"height":720,"url":"https:\/\/franciscanos.org.br\/noticias\/wp-content\/uploads\/2023\/07\/canarinhos_04-1.jpg","type":"image\/jpeg"}],"author":"moacir","twitter_card":"summary_large_image","twitter_misc":{"Escrito por":"moacir","Est. tempo de leitura":"9 minutos"},"schema":{"@context":"https:\/\/schema.org","@graph":[{"@type":"WebSite","@id":"https:\/\/franciscanos.org.br\/noticias\/#website","url":"https:\/\/franciscanos.org.br\/noticias\/","name":"Not\u00edcias - Franciscanos","description":"Prov\u00edncia Franciscana da Imaculada Concei\u00e7\u00e3o do Brasil - Ordem dos Frades Menores - OFM","potentialAction":[{"@type":"SearchAction","target":{"@type":"EntryPoint","urlTemplate":"https:\/\/franciscanos.org.br\/noticias\/?s={search_term_string}"},"query-input":"required name=search_term_string"}],"inLanguage":"pt-BR"},{"@type":"ImageObject","inLanguage":"pt-BR","@id":"https:\/\/franciscanos.org.br\/noticias\/coral-dos-canarinhos-de-petropolis-participa-do-xvi-congresso-regional-pueri-cantores-do-brasil.html#primaryimage","url":"https:\/\/franciscanos.org.br\/noticias\/wp-content\/uploads\/2023\/07\/canarinhos_04-1.jpg","contentUrl":"https:\/\/franciscanos.org.br\/noticias\/wp-content\/uploads\/2023\/07\/canarinhos_04-1.jpg","width":1280,"height":720},{"@type":"WebPage","@id":"https:\/\/franciscanos.org.br\/noticias\/coral-dos-canarinhos-de-petropolis-participa-do-xvi-congresso-regional-pueri-cantores-do-brasil.html#webpage","url":"https:\/\/franciscanos.org.br\/noticias\/coral-dos-canarinhos-de-petropolis-participa-do-xvi-congresso-regional-pueri-cantores-do-brasil.html","name":"Coral dos Canarinhos de Petr\u00f3polis participa do XVI Congresso Regional Pueri Cantores do Brasil - Not\u00edcias - Franciscanos","isPartOf":{"@id":"https:\/\/franciscanos.org.br\/noticias\/#website"},"primaryImageOfPage":{"@id":"https:\/\/franciscanos.org.br\/noticias\/coral-dos-canarinhos-de-petropolis-participa-do-xvi-congresso-regional-pueri-cantores-do-brasil.html#primaryimage"},"datePublished":"2023-07-25T10:46:56+00:00","dateModified":"2023-07-25T11:22:03+00:00","author":{"@id":"https:\/\/franciscanos.org.br\/noticias\/#\/schema\/person\/b5c8cba458c330ccff548b056e95a5d4"},"breadcrumb":{"@id":"https:\/\/franciscanos.org.br\/noticias\/coral-dos-canarinhos-de-petropolis-participa-do-xvi-congresso-regional-pueri-cantores-do-brasil.html#breadcrumb"},"inLanguage":"pt-BR","potentialAction":[{"@type":"ReadAction","target":["https:\/\/franciscanos.org.br\/noticias\/coral-dos-canarinhos-de-petropolis-participa-do-xvi-congresso-regional-pueri-cantores-do-brasil.html"]}]},{"@type":"BreadcrumbList","@id":"https:\/\/franciscanos.org.br\/noticias\/coral-dos-canarinhos-de-petropolis-participa-do-xvi-congresso-regional-pueri-cantores-do-brasil.html#breadcrumb","itemListElement":[{"@type":"ListItem","position":1,"name":"Home","item":"https:\/\/franciscanos.org.br\/noticias"},{"@type":"ListItem","position":2,"name":"Coral dos Canarinhos de Petr\u00f3polis participa do XVI Congresso Regional Pueri Cantores do Brasil"}]},{"@type":"Person","@id":"https:\/\/franciscanos.org.br\/noticias\/#\/schema\/person\/b5c8cba458c330ccff548b056e95a5d4","name":"moacir","image":{"@type":"ImageObject","inLanguage":"pt-BR","@id":"https:\/\/franciscanos.org.br\/noticias\/#\/schema\/person\/image\/","url":"https:\/\/secure.gravatar.com\/avatar\/d08aa2ce4c8dd416d4479aa8536fcf64?s=96&d=mm&r=g","contentUrl":"https:\/\/secure.gravatar.com\/avatar\/d08aa2ce4c8dd416d4479aa8536fcf64?s=96&d=mm&r=g","caption":"moacir"},"url":"https:\/\/franciscanos.org.br\/noticias\/author\/moacir"}]}},"_links":{"self":[{"href":"https:\/\/franciscanos.org.br\/noticias\/wp-json\/wp\/v2\/posts\/244170"}],"collection":[{"href":"https:\/\/franciscanos.org.br\/noticias\/wp-json\/wp\/v2\/posts"}],"about":[{"href":"https:\/\/franciscanos.org.br\/noticias\/wp-json\/wp\/v2\/types\/post"}],"author":[{"embeddable":true,"href":"https:\/\/franciscanos.org.br\/noticias\/wp-json\/wp\/v2\/users\/3"}],"replies":[{"embeddable":true,"href":"https:\/\/franciscanos.org.br\/noticias\/wp-json\/wp\/v2\/comments?post=244170"}],"version-history":[{"count":4,"href":"https:\/\/franciscanos.org.br\/noticias\/wp-json\/wp\/v2\/posts\/244170\/revisions"}],"predecessor-version":[{"id":244187,"href":"https:\/\/franciscanos.org.br\/noticias\/wp-json\/wp\/v2\/posts\/244170\/revisions\/244187"}],"wp:featuredmedia":[{"embeddable":true,"href":"https:\/\/franciscanos.org.br\/noticias\/wp-json\/wp\/v2\/media\/244183"}],"wp:attachment":[{"href":"https:\/\/franciscanos.org.br\/noticias\/wp-json\/wp\/v2\/media?parent=244170"}],"wp:term":[{"taxonomy":"category","embeddable":true,"href":"https:\/\/franciscanos.org.br\/noticias\/wp-json\/wp\/v2\/categories?post=244170"},{"taxonomy":"post_tag","embeddable":true,"href":"https:\/\/franciscanos.org.br\/noticias\/wp-json\/wp\/v2\/tags?post=244170"}],"curies":[{"name":"wp","href":"https:\/\/api.w.org\/{rel}","templated":true}]}}