{"id":244138,"date":"2023-07-24T10:48:18","date_gmt":"2023-07-24T13:48:18","guid":{"rendered":"https:\/\/franciscanos.org.br\/noticias\/?p=244138"},"modified":"2025-03-10T15:40:18","modified_gmt":"2025-03-10T18:40:18","slug":"primeira-profissao-no-domingo-festivo-de-angola","status":"publish","type":"post","link":"https:\/\/franciscanos.org.br\/noticias\/primeira-profissao-no-domingo-festivo-de-angola.html","title":{"rendered":"Tr\u00eas novi\u00e7os fazem a Primeira Profiss\u00e3o em Angola"},"content":{"rendered":"<p><img loading=\"lazy\" class=\"alignnone size-full wp-image-244139\" src=\"https:\/\/franciscanos.org.br\/noticias\/wp-content\/uploads\/2023\/07\/primeira_prof_01.jpg\" alt=\"\" width=\"1280\" height=\"720\" srcset=\"https:\/\/franciscanos.org.br\/noticias\/wp-content\/uploads\/2023\/07\/primeira_prof_01.jpg 1280w, https:\/\/franciscanos.org.br\/noticias\/wp-content\/uploads\/2023\/07\/primeira_prof_01-450x253.jpg 450w, https:\/\/franciscanos.org.br\/noticias\/wp-content\/uploads\/2023\/07\/primeira_prof_01-1024x576.jpg 1024w, https:\/\/franciscanos.org.br\/noticias\/wp-content\/uploads\/2023\/07\/primeira_prof_01-768x432.jpg 768w, https:\/\/franciscanos.org.br\/noticias\/wp-content\/uploads\/2023\/07\/primeira_prof_01-150x84.jpg 150w\" sizes=\"(max-width: 1280px) 100vw, 1280px\" \/><\/p>\n<p><strong>Quibala (Angola<\/strong>) &#8211; A Ordem dos Frades Menores, a Prov\u00edncia da Imaculada Concei\u00e7\u00e3o do Brasil e a Funda\u00e7\u00e3o Imaculada M\u00e3e de Deus de Angola (FIMDA), neste \u00a0XVI Domingo do Tempo Comum (23\/07), rejubila-se porque tr\u00eas jovens frades escolheram seguir a Cristo mais de perto, mediante a pr\u00e1tica dos conselhos evang\u00e9licos &#8211; obedi\u00eancia, castidade e sem nada de pr\u00f3prio &#8211; nos passos do Ser\u00e1fico Pai S\u00e3o Francisco de Assis. Com o esp\u00edrito agradecido, damos gra\u00e7as a Deus, misericordioso e bom, pela Primeira Profiss\u00e3o religiosa dos novi\u00e7os Frei Jo\u00e3o da Costa, Frei Jo\u00e3o Kahamba Ant\u00f3nio e Frei Tor\u00edbio da Cruz Wauya Dumbo.<\/p>\n<p>A celebra\u00e7\u00e3o foi presidida pelo Ministro Provincial, Frei Paulo Roberto Pereira, e concelebraram Frei Robson Luiz Scudela, o Definidor Provincial; e Frei M\u00e1rio Pelu, guardi\u00e3o da Fraternidade Franciscana Santo Ant\u00f4nio. Presente o presidente da FIMDA, Frei Ivair Bueno de Carvalho; o Definidor Provincial e Secret\u00e1rio da Forma\u00e7\u00e3o e Estudos, Frei Marcos Antonio de Andrade; frades da das Fraternidade do Palanca e Viana, al\u00e9m dos familiares de Frei Tor\u00edbio, as Irm\u00e3s Filhas da Caridade (Vicentinas), as Irm\u00e3s Franciscanas da Visita\u00e7\u00e3o, a Juventude Franciscana e povo de Deus.<\/p>\n<p><img loading=\"lazy\" class=\"alignnone size-full wp-image-244140\" src=\"https:\/\/franciscanos.org.br\/noticias\/wp-content\/uploads\/2023\/07\/primeira_prof_02.jpg\" alt=\"\" width=\"936\" height=\"768\" srcset=\"https:\/\/franciscanos.org.br\/noticias\/wp-content\/uploads\/2023\/07\/primeira_prof_02.jpg 936w, https:\/\/franciscanos.org.br\/noticias\/wp-content\/uploads\/2023\/07\/primeira_prof_02-450x369.jpg 450w, https:\/\/franciscanos.org.br\/noticias\/wp-content\/uploads\/2023\/07\/primeira_prof_02-768x630.jpg 768w, https:\/\/franciscanos.org.br\/noticias\/wp-content\/uploads\/2023\/07\/primeira_prof_02-150x123.jpg 150w\" sizes=\"(max-width: 936px) 100vw, 936px\" \/><\/p>\n<p>A Celebra\u00e7\u00e3o Eucar\u00edstica aconteceu na capela do Noviciado S\u00e3o Jos\u00e9, na Fraternidade Santo Ant\u00f4nio, em Quibala, \u00e0s 10h.<\/p>\n<p>Depois da Liturgia da Palavra, cada novi\u00e7o foi chamado pelo Mestre Frei Marco Antonio dos Santos, para se apresentar ao Ministro Provincial e fazer o pedido de profiss\u00e3o. Ent\u00e3o, Frei Paulo acolheu os pedidos.<\/p>\n\n\t\t<style type=\"text\/css\">\n\t\t\t#gallery-1 {\n\t\t\t\tmargin: auto;\n\t\t\t}\n\t\t\t#gallery-1 .gallery-item {\n\t\t\t\tfloat: left;\n\t\t\t\tmargin-top: 10px;\n\t\t\t\ttext-align: center;\n\t\t\t\twidth: 33%;\n\t\t\t}\n\t\t\t#gallery-1 img {\n\t\t\t\tborder: 2px solid #cfcfcf;\n\t\t\t}\n\t\t\t#gallery-1 .gallery-caption {\n\t\t\t\tmargin-left: 0;\n\t\t\t}\n\t\t\t\/* see gallery_shortcode() in wp-includes\/media.php *\/\n\t\t<\/style>\n\t\t<div id='gallery-1' class='gallery galleryid-244138 gallery-columns-3 gallery-size-thumbnail'><dl class='gallery-item'>\n\t\t\t<dt class='gallery-icon landscape'>\n\t\t\t\t<a href='https:\/\/franciscanos.org.br\/noticias\/wp-content\/uploads\/2023\/07\/primeiraprof_09.jpg'><img width=\"300\" height=\"300\" src=\"https:\/\/franciscanos.org.br\/noticias\/wp-content\/uploads\/2023\/07\/primeiraprof_09-300x300.jpg\" class=\"attachment-thumbnail size-thumbnail\" alt=\"\" loading=\"lazy\" srcset=\"https:\/\/franciscanos.org.br\/noticias\/wp-content\/uploads\/2023\/07\/primeiraprof_09-300x300.jpg 300w, https:\/\/franciscanos.org.br\/noticias\/wp-content\/uploads\/2023\/07\/primeiraprof_09-100x100.jpg 100w\" sizes=\"(max-width: 300px) 100vw, 300px\" \/><\/a>\n\t\t\t<\/dt><\/dl><dl class='gallery-item'>\n\t\t\t<dt class='gallery-icon landscape'>\n\t\t\t\t<a href='https:\/\/franciscanos.org.br\/noticias\/wp-content\/uploads\/2023\/07\/primeiraprof_10.jpg'><img width=\"300\" height=\"300\" src=\"https:\/\/franciscanos.org.br\/noticias\/wp-content\/uploads\/2023\/07\/primeiraprof_10-300x300.jpg\" class=\"attachment-thumbnail size-thumbnail\" alt=\"\" loading=\"lazy\" srcset=\"https:\/\/franciscanos.org.br\/noticias\/wp-content\/uploads\/2023\/07\/primeiraprof_10-300x300.jpg 300w, https:\/\/franciscanos.org.br\/noticias\/wp-content\/uploads\/2023\/07\/primeiraprof_10-100x100.jpg 100w\" sizes=\"(max-width: 300px) 100vw, 300px\" \/><\/a>\n\t\t\t<\/dt><\/dl><dl class='gallery-item'>\n\t\t\t<dt class='gallery-icon landscape'>\n\t\t\t\t<a href='https:\/\/franciscanos.org.br\/noticias\/wp-content\/uploads\/2023\/07\/primeiraprof_11.jpg'><img width=\"300\" height=\"300\" src=\"https:\/\/franciscanos.org.br\/noticias\/wp-content\/uploads\/2023\/07\/primeiraprof_11-300x300.jpg\" class=\"attachment-thumbnail size-thumbnail\" alt=\"\" loading=\"lazy\" srcset=\"https:\/\/franciscanos.org.br\/noticias\/wp-content\/uploads\/2023\/07\/primeiraprof_11-300x300.jpg 300w, https:\/\/franciscanos.org.br\/noticias\/wp-content\/uploads\/2023\/07\/primeiraprof_11-100x100.jpg 100w\" sizes=\"(max-width: 300px) 100vw, 300px\" \/><\/a>\n\t\t\t<\/dt><\/dl><br style=\"clear: both\" \/>\n\t\t<\/div>\n\n<p><em>(toque nas imagens para ampli\u00e1-las)<\/em><\/p>\n<p>O Ministro Provincial\u00a0 dirigiu-se a eles perguntando o que pediam a Deus e \u00e0 Santa Igreja. Eles responderam que queriam a miseric\u00f3rdia de Deus e a gra\u00e7a de servi-Lo na Fraternidade da Ordem dos Frades Menores, dando gra\u00e7as a Deus, depois de terem o conhecimento da Regra e serem submetidos a um tempo de prova\u00e7\u00e3o. E eles foram acolhidos pelo Ministro Provincial para fazerem parte desta Fam\u00edlia Franciscana.<\/p>\n<p>Durante a homilia, Frei Paulo dirigiu-se a todos nas seguintes palavras: &#8220;Quisera saudar mais uma vez, Frei Ivair, que \u00e9 o presidente da Funda\u00e7\u00e3o Imaculada M\u00e3e de Deus de Angola, e na pessoa do Ivair saudar todos os frades que aqui desenvolvem o seu minist\u00e9rio apost\u00f3lico, que aqui se disp\u00f5em a testemunhar o Evangelho. N\u00f3s temos freis aqui em Quibala, Malange, Viana e Palanca( kilamba kiaxi), na grande Luanda. Estamos presentes aqui em Angola e no Brasil. N\u00f3s somos a Prov\u00edncia Franciscana da Imaculada Concei\u00e7\u00e3o presente nestes lugares. Congregamos pessoas com o desejo de testemunhar o Evangelho&#8221;, disse o Ministro Provincial.<\/p>\n<p><img loading=\"lazy\" class=\"alignnone size-full wp-image-244144\" src=\"https:\/\/franciscanos.org.br\/noticias\/wp-content\/uploads\/2023\/07\/primeiraprof_04.jpg\" alt=\"\" width=\"1152\" height=\"542\" srcset=\"https:\/\/franciscanos.org.br\/noticias\/wp-content\/uploads\/2023\/07\/primeiraprof_04.jpg 1152w, https:\/\/franciscanos.org.br\/noticias\/wp-content\/uploads\/2023\/07\/primeiraprof_04-450x212.jpg 450w, https:\/\/franciscanos.org.br\/noticias\/wp-content\/uploads\/2023\/07\/primeiraprof_04-1024x482.jpg 1024w, https:\/\/franciscanos.org.br\/noticias\/wp-content\/uploads\/2023\/07\/primeiraprof_04-768x361.jpg 768w, https:\/\/franciscanos.org.br\/noticias\/wp-content\/uploads\/2023\/07\/primeiraprof_04-150x71.jpg 150w\" sizes=\"(max-width: 1152px) 100vw, 1152px\" \/><\/p>\n<p>&#8220;Agrade\u00e7o tamb\u00e9m a esta Fraternidade que, durante um ano, acompanhou estes jovens que hoje fazem os seus votos. Muito obrigado \u00e0 Funda\u00e7\u00e3o, muito obrigado a est\u00e1 Fraternidade, muito obrigado ao testemunho de tantos frades&#8221;, acrescentou Frei Paulo.<\/p>\n<p>&#8220;Sa\u00fado tamb\u00e9m, com muito carinho, os pais do Frei Tor\u00edbio, e ao saud\u00e1-los sa\u00fado tamb\u00e9m os familiares dos Jo\u00e3o&#8217;s (Jo\u00e3o da Costa e Jo\u00e3o Kahamba). Aos pais do Tor\u00edbio, uma salva de palmas e nossa gratid\u00e3o, e dividam esta gratid\u00e3o com os familiares do Jo\u00e3o Kahama e do Jo\u00e3o da Costa. Muito obrigado pela decis\u00e3o familiar, por terem semeado no cora\u00e7\u00e3o destes jovens o desejo de conhecer a Deus e servir ao Evangelho. Tamb\u00e9m agrade\u00e7o a todos que aqui est\u00e3o: as Irm\u00e3s consagradas e religiosas que partilham o mesmo desejo de testemunhar o Evangelho de Nosso Senhor Jesus Cristo. Obrigado a todas as crian\u00e7as, adolescentes e jovens que v\u00eam rezar conosco nesta casa de inicia\u00e7\u00e3o religiosa, muito obrigado\u201d, enfatizou.<\/p>\n\n\t\t<style type=\"text\/css\">\n\t\t\t#gallery-2 {\n\t\t\t\tmargin: auto;\n\t\t\t}\n\t\t\t#gallery-2 .gallery-item {\n\t\t\t\tfloat: left;\n\t\t\t\tmargin-top: 10px;\n\t\t\t\ttext-align: center;\n\t\t\t\twidth: 12%;\n\t\t\t}\n\t\t\t#gallery-2 img {\n\t\t\t\tborder: 2px solid #cfcfcf;\n\t\t\t}\n\t\t\t#gallery-2 .gallery-caption {\n\t\t\t\tmargin-left: 0;\n\t\t\t}\n\t\t\t\/* see gallery_shortcode() in wp-includes\/media.php *\/\n\t\t<\/style>\n\t\t<div id='gallery-2' class='gallery galleryid-244138 gallery-columns-8 gallery-size-thumbnail'><dl class='gallery-item'>\n\t\t\t<dt class='gallery-icon landscape'>\n\t\t\t\t<a href='https:\/\/franciscanos.org.br\/noticias\/wp-content\/uploads\/2023\/07\/primeiraprof_03.jpg'><img width=\"300\" height=\"300\" src=\"https:\/\/franciscanos.org.br\/noticias\/wp-content\/uploads\/2023\/07\/primeiraprof_03-300x300.jpg\" class=\"attachment-thumbnail size-thumbnail\" alt=\"\" loading=\"lazy\" srcset=\"https:\/\/franciscanos.org.br\/noticias\/wp-content\/uploads\/2023\/07\/primeiraprof_03-300x300.jpg 300w, https:\/\/franciscanos.org.br\/noticias\/wp-content\/uploads\/2023\/07\/primeiraprof_03-100x100.jpg 100w\" sizes=\"(max-width: 300px) 100vw, 300px\" \/><\/a>\n\t\t\t<\/dt><\/dl><dl class='gallery-item'>\n\t\t\t<dt class='gallery-icon landscape'>\n\t\t\t\t<a href='https:\/\/franciscanos.org.br\/noticias\/wp-content\/uploads\/2023\/07\/primeiraprof_04-1.jpg'><img width=\"300\" height=\"300\" src=\"https:\/\/franciscanos.org.br\/noticias\/wp-content\/uploads\/2023\/07\/primeiraprof_04-1-300x300.jpg\" class=\"attachment-thumbnail size-thumbnail\" alt=\"\" loading=\"lazy\" srcset=\"https:\/\/franciscanos.org.br\/noticias\/wp-content\/uploads\/2023\/07\/primeiraprof_04-1-300x300.jpg 300w, https:\/\/franciscanos.org.br\/noticias\/wp-content\/uploads\/2023\/07\/primeiraprof_04-1-100x100.jpg 100w\" sizes=\"(max-width: 300px) 100vw, 300px\" \/><\/a>\n\t\t\t<\/dt><\/dl><dl class='gallery-item'>\n\t\t\t<dt class='gallery-icon landscape'>\n\t\t\t\t<a href='https:\/\/franciscanos.org.br\/noticias\/wp-content\/uploads\/2023\/07\/primeiraprof_05.jpg'><img width=\"300\" height=\"300\" src=\"https:\/\/franciscanos.org.br\/noticias\/wp-content\/uploads\/2023\/07\/primeiraprof_05-300x300.jpg\" class=\"attachment-thumbnail size-thumbnail\" alt=\"\" loading=\"lazy\" srcset=\"https:\/\/franciscanos.org.br\/noticias\/wp-content\/uploads\/2023\/07\/primeiraprof_05-300x300.jpg 300w, https:\/\/franciscanos.org.br\/noticias\/wp-content\/uploads\/2023\/07\/primeiraprof_05-100x100.jpg 100w\" sizes=\"(max-width: 300px) 100vw, 300px\" \/><\/a>\n\t\t\t<\/dt><\/dl><dl class='gallery-item'>\n\t\t\t<dt class='gallery-icon landscape'>\n\t\t\t\t<a href='https:\/\/franciscanos.org.br\/noticias\/wp-content\/uploads\/2023\/07\/primeiraprof_06.jpg'><img width=\"300\" height=\"300\" src=\"https:\/\/franciscanos.org.br\/noticias\/wp-content\/uploads\/2023\/07\/primeiraprof_06-300x300.jpg\" class=\"attachment-thumbnail size-thumbnail\" alt=\"\" loading=\"lazy\" srcset=\"https:\/\/franciscanos.org.br\/noticias\/wp-content\/uploads\/2023\/07\/primeiraprof_06-300x300.jpg 300w, https:\/\/franciscanos.org.br\/noticias\/wp-content\/uploads\/2023\/07\/primeiraprof_06-100x100.jpg 100w\" sizes=\"(max-width: 300px) 100vw, 300px\" \/><\/a>\n\t\t\t<\/dt><\/dl><dl class='gallery-item'>\n\t\t\t<dt class='gallery-icon landscape'>\n\t\t\t\t<a href='https:\/\/franciscanos.org.br\/noticias\/wp-content\/uploads\/2023\/07\/primeiraprof_07.jpg'><img width=\"300\" height=\"300\" src=\"https:\/\/franciscanos.org.br\/noticias\/wp-content\/uploads\/2023\/07\/primeiraprof_07-300x300.jpg\" class=\"attachment-thumbnail size-thumbnail\" alt=\"\" loading=\"lazy\" srcset=\"https:\/\/franciscanos.org.br\/noticias\/wp-content\/uploads\/2023\/07\/primeiraprof_07-300x300.jpg 300w, https:\/\/franciscanos.org.br\/noticias\/wp-content\/uploads\/2023\/07\/primeiraprof_07-100x100.jpg 100w\" sizes=\"(max-width: 300px) 100vw, 300px\" \/><\/a>\n\t\t\t<\/dt><\/dl><dl class='gallery-item'>\n\t\t\t<dt class='gallery-icon landscape'>\n\t\t\t\t<a href='https:\/\/franciscanos.org.br\/noticias\/wp-content\/uploads\/2023\/07\/primeiraprof_08.jpg'><img width=\"300\" height=\"300\" src=\"https:\/\/franciscanos.org.br\/noticias\/wp-content\/uploads\/2023\/07\/primeiraprof_08-300x300.jpg\" class=\"attachment-thumbnail size-thumbnail\" alt=\"\" loading=\"lazy\" srcset=\"https:\/\/franciscanos.org.br\/noticias\/wp-content\/uploads\/2023\/07\/primeiraprof_08-300x300.jpg 300w, https:\/\/franciscanos.org.br\/noticias\/wp-content\/uploads\/2023\/07\/primeiraprof_08-100x100.jpg 100w\" sizes=\"(max-width: 300px) 100vw, 300px\" \/><\/a>\n\t\t\t<\/dt><\/dl><dl class='gallery-item'>\n\t\t\t<dt class='gallery-icon landscape'>\n\t\t\t\t<a href='https:\/\/franciscanos.org.br\/noticias\/wp-content\/uploads\/2023\/07\/primeiraprof_12.jpg'><img width=\"300\" height=\"300\" src=\"https:\/\/franciscanos.org.br\/noticias\/wp-content\/uploads\/2023\/07\/primeiraprof_12-300x300.jpg\" class=\"attachment-thumbnail size-thumbnail\" alt=\"\" loading=\"lazy\" srcset=\"https:\/\/franciscanos.org.br\/noticias\/wp-content\/uploads\/2023\/07\/primeiraprof_12-300x300.jpg 300w, https:\/\/franciscanos.org.br\/noticias\/wp-content\/uploads\/2023\/07\/primeiraprof_12-100x100.jpg 100w\" sizes=\"(max-width: 300px) 100vw, 300px\" \/><\/a>\n\t\t\t<\/dt><\/dl><dl class='gallery-item'>\n\t\t\t<dt class='gallery-icon landscape'>\n\t\t\t\t<a href='https:\/\/franciscanos.org.br\/noticias\/wp-content\/uploads\/2023\/07\/primeiraprof_13.jpg'><img width=\"300\" height=\"300\" src=\"https:\/\/franciscanos.org.br\/noticias\/wp-content\/uploads\/2023\/07\/primeiraprof_13-300x300.jpg\" class=\"attachment-thumbnail size-thumbnail\" alt=\"\" loading=\"lazy\" srcset=\"https:\/\/franciscanos.org.br\/noticias\/wp-content\/uploads\/2023\/07\/primeiraprof_13-300x300.jpg 300w, https:\/\/franciscanos.org.br\/noticias\/wp-content\/uploads\/2023\/07\/primeiraprof_13-100x100.jpg 100w\" sizes=\"(max-width: 300px) 100vw, 300px\" \/><\/a>\n\t\t\t<\/dt><\/dl><br style=\"clear: both\" \/>\n\t\t<\/div>\n\n<p><em>(toque nas imagens para ampli\u00e1-las)<\/em><\/p>\n<p>Referindo-se ao Evangelho do dia, chamou a aten\u00e7\u00e3o. \u201c\u00c9 preciso que a gente esteja atento a esta mudan\u00e7a, esta transforma\u00e7\u00e3o que Jesus fala \u00e0s multid\u00f5es. E fala \u00e0s multid\u00f5es em par\u00e1bolas, e certamente as palavras de Jesus geram encanto, geram conforto e geram satisfa\u00e7\u00e3o, afinal de contas as palavras do Senhor nos estimulam a continuar a viver, nos estimulam a continuar a semear, a vencer os desafios do dia a dia. As palavras de Jesus tornam-se vigor, alento e vida para todos n\u00f3s\u201d, completou.<\/p>\n<hr \/>\n<p><em>Equipe de Comunica\u00e7\u00e3o da FIMDA<\/em><\/p>\n<p><img loading=\"lazy\" class=\"alignnone size-full wp-image-244153\" src=\"https:\/\/franciscanos.org.br\/noticias\/wp-content\/uploads\/2023\/07\/primeiraprof_02.jpg\" alt=\"\" width=\"1280\" height=\"1199\" srcset=\"https:\/\/franciscanos.org.br\/noticias\/wp-content\/uploads\/2023\/07\/primeiraprof_02.jpg 1280w, https:\/\/franciscanos.org.br\/noticias\/wp-content\/uploads\/2023\/07\/primeiraprof_02-450x422.jpg 450w, https:\/\/franciscanos.org.br\/noticias\/wp-content\/uploads\/2023\/07\/primeiraprof_02-1024x959.jpg 1024w, https:\/\/franciscanos.org.br\/noticias\/wp-content\/uploads\/2023\/07\/primeiraprof_02-768x719.jpg 768w, https:\/\/franciscanos.org.br\/noticias\/wp-content\/uploads\/2023\/07\/primeiraprof_02-150x141.jpg 150w\" sizes=\"(max-width: 1280px) 100vw, 1280px\" \/><\/p>\n","protected":false},"excerpt":{"rendered":"<p>Primeira Profiss\u00e3o em Angola <\/p>\n","protected":false},"author":3,"featured_media":244139,"comment_status":"open","ping_status":"open","sticky":false,"template":"","format":"standard","meta":[],"categories":[1],"tags":[195,2056],"acf":[],"yoast_head":"<!-- This site is optimized with the Yoast SEO plugin v19.2 - https:\/\/yoast.com\/wordpress\/plugins\/seo\/ -->\n<title>Tr\u00eas novi\u00e7os fazem a Primeira Profiss\u00e3o em Angola - Not\u00edcias - Franciscanos<\/title>\n<meta name=\"robots\" content=\"index, follow, max-snippet:-1, max-image-preview:large, max-video-preview:-1\" \/>\n<link rel=\"canonical\" href=\"https:\/\/franciscanos.org.br\/noticias\/primeira-profissao-no-domingo-festivo-de-angola.html\" \/>\n<meta property=\"og:locale\" content=\"pt_BR\" \/>\n<meta property=\"og:type\" content=\"article\" \/>\n<meta property=\"og:title\" content=\"Tr\u00eas novi\u00e7os fazem a Primeira Profiss\u00e3o em Angola - Not\u00edcias - Franciscanos\" \/>\n<meta property=\"og:description\" content=\"Primeira Profiss\u00e3o em Angola\" \/>\n<meta property=\"og:url\" content=\"https:\/\/franciscanos.org.br\/noticias\/primeira-profissao-no-domingo-festivo-de-angola.html\" \/>\n<meta property=\"og:site_name\" content=\"Not\u00edcias - Franciscanos\" \/>\n<meta property=\"article:published_time\" content=\"2023-07-24T13:48:18+00:00\" \/>\n<meta property=\"article:modified_time\" content=\"2025-03-10T18:40:18+00:00\" \/>\n<meta property=\"og:image\" content=\"https:\/\/franciscanos.org.br\/noticias\/wp-content\/uploads\/2023\/07\/primeira_prof_01.jpg\" \/>\n\t<meta property=\"og:image:width\" content=\"1280\" \/>\n\t<meta property=\"og:image:height\" content=\"720\" \/>\n\t<meta property=\"og:image:type\" content=\"image\/jpeg\" \/>\n<meta name=\"author\" content=\"moacir\" \/>\n<meta name=\"twitter:card\" content=\"summary_large_image\" \/>\n<meta name=\"twitter:label1\" content=\"Escrito por\" \/>\n\t<meta name=\"twitter:data1\" content=\"moacir\" \/>\n\t<meta name=\"twitter:label2\" content=\"Est. tempo de leitura\" \/>\n\t<meta name=\"twitter:data2\" content=\"4 minutos\" \/>\n<script type=\"application\/ld+json\" class=\"yoast-schema-graph\">{\"@context\":\"https:\/\/schema.org\",\"@graph\":[{\"@type\":\"WebSite\",\"@id\":\"https:\/\/franciscanos.org.br\/noticias\/#website\",\"url\":\"https:\/\/franciscanos.org.br\/noticias\/\",\"name\":\"Not\u00edcias - Franciscanos\",\"description\":\"Prov\u00edncia Franciscana da Imaculada Concei\u00e7\u00e3o do Brasil - Ordem dos Frades Menores - OFM\",\"potentialAction\":[{\"@type\":\"SearchAction\",\"target\":{\"@type\":\"EntryPoint\",\"urlTemplate\":\"https:\/\/franciscanos.org.br\/noticias\/?s={search_term_string}\"},\"query-input\":\"required name=search_term_string\"}],\"inLanguage\":\"pt-BR\"},{\"@type\":\"ImageObject\",\"inLanguage\":\"pt-BR\",\"@id\":\"https:\/\/franciscanos.org.br\/noticias\/primeira-profissao-no-domingo-festivo-de-angola.html#primaryimage\",\"url\":\"https:\/\/franciscanos.org.br\/noticias\/wp-content\/uploads\/2023\/07\/primeira_prof_01.jpg\",\"contentUrl\":\"https:\/\/franciscanos.org.br\/noticias\/wp-content\/uploads\/2023\/07\/primeira_prof_01.jpg\",\"width\":1280,\"height\":720},{\"@type\":\"WebPage\",\"@id\":\"https:\/\/franciscanos.org.br\/noticias\/primeira-profissao-no-domingo-festivo-de-angola.html#webpage\",\"url\":\"https:\/\/franciscanos.org.br\/noticias\/primeira-profissao-no-domingo-festivo-de-angola.html\",\"name\":\"Tr\u00eas novi\u00e7os fazem a Primeira Profiss\u00e3o em Angola - Not\u00edcias - Franciscanos\",\"isPartOf\":{\"@id\":\"https:\/\/franciscanos.org.br\/noticias\/#website\"},\"primaryImageOfPage\":{\"@id\":\"https:\/\/franciscanos.org.br\/noticias\/primeira-profissao-no-domingo-festivo-de-angola.html#primaryimage\"},\"datePublished\":\"2023-07-24T13:48:18+00:00\",\"dateModified\":\"2025-03-10T18:40:18+00:00\",\"author\":{\"@id\":\"https:\/\/franciscanos.org.br\/noticias\/#\/schema\/person\/b5c8cba458c330ccff548b056e95a5d4\"},\"breadcrumb\":{\"@id\":\"https:\/\/franciscanos.org.br\/noticias\/primeira-profissao-no-domingo-festivo-de-angola.html#breadcrumb\"},\"inLanguage\":\"pt-BR\",\"potentialAction\":[{\"@type\":\"ReadAction\",\"target\":[\"https:\/\/franciscanos.org.br\/noticias\/primeira-profissao-no-domingo-festivo-de-angola.html\"]}]},{\"@type\":\"BreadcrumbList\",\"@id\":\"https:\/\/franciscanos.org.br\/noticias\/primeira-profissao-no-domingo-festivo-de-angola.html#breadcrumb\",\"itemListElement\":[{\"@type\":\"ListItem\",\"position\":1,\"name\":\"Home\",\"item\":\"https:\/\/franciscanos.org.br\/noticias\"},{\"@type\":\"ListItem\",\"position\":2,\"name\":\"Tr\u00eas novi\u00e7os fazem a Primeira Profiss\u00e3o em Angola\"}]},{\"@type\":\"Person\",\"@id\":\"https:\/\/franciscanos.org.br\/noticias\/#\/schema\/person\/b5c8cba458c330ccff548b056e95a5d4\",\"name\":\"moacir\",\"image\":{\"@type\":\"ImageObject\",\"inLanguage\":\"pt-BR\",\"@id\":\"https:\/\/franciscanos.org.br\/noticias\/#\/schema\/person\/image\/\",\"url\":\"https:\/\/secure.gravatar.com\/avatar\/d08aa2ce4c8dd416d4479aa8536fcf64?s=96&d=mm&r=g\",\"contentUrl\":\"https:\/\/secure.gravatar.com\/avatar\/d08aa2ce4c8dd416d4479aa8536fcf64?s=96&d=mm&r=g\",\"caption\":\"moacir\"},\"url\":\"https:\/\/franciscanos.org.br\/noticias\/author\/moacir\"}]}<\/script>\n<!-- \/ Yoast SEO plugin. -->","yoast_head_json":{"title":"Tr\u00eas novi\u00e7os fazem a Primeira Profiss\u00e3o em Angola - Not\u00edcias - Franciscanos","robots":{"index":"index","follow":"follow","max-snippet":"max-snippet:-1","max-image-preview":"max-image-preview:large","max-video-preview":"max-video-preview:-1"},"canonical":"https:\/\/franciscanos.org.br\/noticias\/primeira-profissao-no-domingo-festivo-de-angola.html","og_locale":"pt_BR","og_type":"article","og_title":"Tr\u00eas novi\u00e7os fazem a Primeira Profiss\u00e3o em Angola - Not\u00edcias - Franciscanos","og_description":"Primeira Profiss\u00e3o em Angola","og_url":"https:\/\/franciscanos.org.br\/noticias\/primeira-profissao-no-domingo-festivo-de-angola.html","og_site_name":"Not\u00edcias - Franciscanos","article_published_time":"2023-07-24T13:48:18+00:00","article_modified_time":"2025-03-10T18:40:18+00:00","og_image":[{"width":1280,"height":720,"url":"https:\/\/franciscanos.org.br\/noticias\/wp-content\/uploads\/2023\/07\/primeira_prof_01.jpg","type":"image\/jpeg"}],"author":"moacir","twitter_card":"summary_large_image","twitter_misc":{"Escrito por":"moacir","Est. tempo de leitura":"4 minutos"},"schema":{"@context":"https:\/\/schema.org","@graph":[{"@type":"WebSite","@id":"https:\/\/franciscanos.org.br\/noticias\/#website","url":"https:\/\/franciscanos.org.br\/noticias\/","name":"Not\u00edcias - Franciscanos","description":"Prov\u00edncia Franciscana da Imaculada Concei\u00e7\u00e3o do Brasil - Ordem dos Frades Menores - OFM","potentialAction":[{"@type":"SearchAction","target":{"@type":"EntryPoint","urlTemplate":"https:\/\/franciscanos.org.br\/noticias\/?s={search_term_string}"},"query-input":"required name=search_term_string"}],"inLanguage":"pt-BR"},{"@type":"ImageObject","inLanguage":"pt-BR","@id":"https:\/\/franciscanos.org.br\/noticias\/primeira-profissao-no-domingo-festivo-de-angola.html#primaryimage","url":"https:\/\/franciscanos.org.br\/noticias\/wp-content\/uploads\/2023\/07\/primeira_prof_01.jpg","contentUrl":"https:\/\/franciscanos.org.br\/noticias\/wp-content\/uploads\/2023\/07\/primeira_prof_01.jpg","width":1280,"height":720},{"@type":"WebPage","@id":"https:\/\/franciscanos.org.br\/noticias\/primeira-profissao-no-domingo-festivo-de-angola.html#webpage","url":"https:\/\/franciscanos.org.br\/noticias\/primeira-profissao-no-domingo-festivo-de-angola.html","name":"Tr\u00eas novi\u00e7os fazem a Primeira Profiss\u00e3o em Angola - Not\u00edcias - Franciscanos","isPartOf":{"@id":"https:\/\/franciscanos.org.br\/noticias\/#website"},"primaryImageOfPage":{"@id":"https:\/\/franciscanos.org.br\/noticias\/primeira-profissao-no-domingo-festivo-de-angola.html#primaryimage"},"datePublished":"2023-07-24T13:48:18+00:00","dateModified":"2025-03-10T18:40:18+00:00","author":{"@id":"https:\/\/franciscanos.org.br\/noticias\/#\/schema\/person\/b5c8cba458c330ccff548b056e95a5d4"},"breadcrumb":{"@id":"https:\/\/franciscanos.org.br\/noticias\/primeira-profissao-no-domingo-festivo-de-angola.html#breadcrumb"},"inLanguage":"pt-BR","potentialAction":[{"@type":"ReadAction","target":["https:\/\/franciscanos.org.br\/noticias\/primeira-profissao-no-domingo-festivo-de-angola.html"]}]},{"@type":"BreadcrumbList","@id":"https:\/\/franciscanos.org.br\/noticias\/primeira-profissao-no-domingo-festivo-de-angola.html#breadcrumb","itemListElement":[{"@type":"ListItem","position":1,"name":"Home","item":"https:\/\/franciscanos.org.br\/noticias"},{"@type":"ListItem","position":2,"name":"Tr\u00eas novi\u00e7os fazem a Primeira Profiss\u00e3o em Angola"}]},{"@type":"Person","@id":"https:\/\/franciscanos.org.br\/noticias\/#\/schema\/person\/b5c8cba458c330ccff548b056e95a5d4","name":"moacir","image":{"@type":"ImageObject","inLanguage":"pt-BR","@id":"https:\/\/franciscanos.org.br\/noticias\/#\/schema\/person\/image\/","url":"https:\/\/secure.gravatar.com\/avatar\/d08aa2ce4c8dd416d4479aa8536fcf64?s=96&d=mm&r=g","contentUrl":"https:\/\/secure.gravatar.com\/avatar\/d08aa2ce4c8dd416d4479aa8536fcf64?s=96&d=mm&r=g","caption":"moacir"},"url":"https:\/\/franciscanos.org.br\/noticias\/author\/moacir"}]}},"_links":{"self":[{"href":"https:\/\/franciscanos.org.br\/noticias\/wp-json\/wp\/v2\/posts\/244138"}],"collection":[{"href":"https:\/\/franciscanos.org.br\/noticias\/wp-json\/wp\/v2\/posts"}],"about":[{"href":"https:\/\/franciscanos.org.br\/noticias\/wp-json\/wp\/v2\/types\/post"}],"author":[{"embeddable":true,"href":"https:\/\/franciscanos.org.br\/noticias\/wp-json\/wp\/v2\/users\/3"}],"replies":[{"embeddable":true,"href":"https:\/\/franciscanos.org.br\/noticias\/wp-json\/wp\/v2\/comments?post=244138"}],"version-history":[{"count":2,"href":"https:\/\/franciscanos.org.br\/noticias\/wp-json\/wp\/v2\/posts\/244138\/revisions"}],"predecessor-version":[{"id":244155,"href":"https:\/\/franciscanos.org.br\/noticias\/wp-json\/wp\/v2\/posts\/244138\/revisions\/244155"}],"wp:featuredmedia":[{"embeddable":true,"href":"https:\/\/franciscanos.org.br\/noticias\/wp-json\/wp\/v2\/media\/244139"}],"wp:attachment":[{"href":"https:\/\/franciscanos.org.br\/noticias\/wp-json\/wp\/v2\/media?parent=244138"}],"wp:term":[{"taxonomy":"category","embeddable":true,"href":"https:\/\/franciscanos.org.br\/noticias\/wp-json\/wp\/v2\/categories?post=244138"},{"taxonomy":"post_tag","embeddable":true,"href":"https:\/\/franciscanos.org.br\/noticias\/wp-json\/wp\/v2\/tags?post=244138"}],"curies":[{"name":"wp","href":"https:\/\/api.w.org\/{rel}","templated":true}]}}