{"id":244135,"date":"2023-07-23T08:26:02","date_gmt":"2023-07-23T11:26:02","guid":{"rendered":"https:\/\/franciscanos.org.br\/noticias\/?p=244135"},"modified":"2023-07-23T08:26:19","modified_gmt":"2023-07-23T11:26:19","slug":"papa-cultivar-os-campos-da-vida-sem-julgar-aquele-do-vizinho","status":"publish","type":"post","link":"https:\/\/franciscanos.org.br\/noticias\/papa-cultivar-os-campos-da-vida-sem-julgar-aquele-do-vizinho.html","title":{"rendered":"Papa: cultivar os campos da vida sem julgar aquele do vizinho"},"content":{"rendered":"<div id=\"attachment_244136\" style=\"width: 1510px\" class=\"wp-caption alignnone\"><img aria-describedby=\"caption-attachment-244136\" loading=\"lazy\" class=\"wp-image-244136 size-full\" src=\"https:\/\/franciscanos.org.br\/noticias\/wp-content\/uploads\/2023\/07\/angelus_23.jpeg\" alt=\"\" width=\"1500\" height=\"844\" srcset=\"https:\/\/franciscanos.org.br\/noticias\/wp-content\/uploads\/2023\/07\/angelus_23.jpeg 1500w, https:\/\/franciscanos.org.br\/noticias\/wp-content\/uploads\/2023\/07\/angelus_23-450x253.jpeg 450w, https:\/\/franciscanos.org.br\/noticias\/wp-content\/uploads\/2023\/07\/angelus_23-1024x576.jpeg 1024w, https:\/\/franciscanos.org.br\/noticias\/wp-content\/uploads\/2023\/07\/angelus_23-768x432.jpeg 768w, https:\/\/franciscanos.org.br\/noticias\/wp-content\/uploads\/2023\/07\/angelus_23-150x84.jpeg 150w\" sizes=\"(max-width: 1500px) 100vw, 1500px\" \/><p id=\"caption-attachment-244136\" class=\"wp-caption-text\"><em>Imagem: Av\u00f3 e seu neto no Dia Mundial dos Av\u00f3s e Idosos (Vatican Media)<\/em><\/p><\/div>\n<p>O Papa Francisco, ap\u00f3s presidir a missa especial na Bas\u00edlica de S\u00e3o Pedro pelo III Dia Internacional dos Av\u00f3s e dos Idosos, quando refletiu em homilia sobre as tr\u00eas hist\u00f3rias simples propostas no Evangelho deste domingo (23), voltou a recordar a par\u00e1bola do trigo e do joio (cf. Mt 13,24-43) da janela do Pal\u00e1cio Apost\u00f3lico. Antes da ora\u00e7\u00e3o mariana do Angelus, o Pont\u00edfice aprofundou os diferentes &#8220;campos&#8221; que encontramos no nosso dia a dia, a come\u00e7ar por aquele do nosso mundo, onde Deus semeia tanto o trigo como o joio, &#8220;e por isso o bem e o mal crescem juntos&#8221;:<\/p>\n<p>&#8220;Vemos isso nos notici\u00e1rios, na sociedade e tamb\u00e9m na fam\u00edlia e na Igreja. E quando junto com o trigo bom vemos as ervas ruins, temos vontade de arranc\u00e1-las imediatamente para fazer uma &#8216;limpeza&#8217;. Mas o Senhor hoje nos adverte que \u00e9 uma tenta\u00e7\u00e3o: n\u00e3o se pode criar um mundo perfeito e n\u00e3o se pode fazer o bem destruindo apressadamente o que est\u00e1 errado, porque isso tem efeitos piores: acabamos &#8211; como se diz &#8211; &#8216;jogando fora o beb\u00ea junto com a \u00e1gua do banho&#8217;.&#8221;<\/p>\n<p>H\u00e1, no entanto, alertou o Papa, um segundo campo em que podemos e devemos fazer a limpeza: \u00e9 o campo do cora\u00e7\u00e3o, &#8220;o \u00fanico sobre o qual podemos intervir diretamente&#8221;. Ali tamb\u00e9m tem trigo e joio, disse Francisco, e \u00e9 de onde se espalham pelo grande campo do mundo:<\/p>\n<p>&#8220;Para cultiv\u00e1-lo (o campo do cora\u00e7\u00e3o) adequadamente \u00e9 preciso, por um lado, cuidar constantemente dos delicados brotos do bem e, por outro, identificar e erradicar as ervas daninhas no momento certo. Portanto, vamos olhar para dentro de n\u00f3s e examinar um pouco o que est\u00e1 acontecendo, o que est\u00e1 crescendo em mim de bom e de mau. H\u00e1 um belo m\u00e9todo para fazer isso: aquilo que se chama exame de consci\u00eancia, que \u00e9 ver o que est\u00e1 acontecendo hoje na minha vida, o que atingiu o meu cora\u00e7\u00e3o e quais as decis\u00f5es que tomei. E isso serve justamente para verificar, \u00e0 luz de Deus, onde est\u00e3o as ervas daninhas e onde est\u00e1 a semente boa.&#8221;<\/p>\n<p>Mas Francisco ainda prop\u00f4s a reflex\u00e3o sobre o campo do vizinho, &#8220;das pessoas com as quais nos relacionamos todos os dias e que frequentemente julgamos&#8221;, j\u00e1 que acaba sendo mais f\u00e1cil reconhecer o joio delas do que o trigo que cresce. O Papa, finalizou a sua reflex\u00e3o, ent\u00e3o, lembrando que devemos &#8220;cultivar os campos da vida&#8221; buscando a obra de Deus:<\/p>\n<p>&#8220;Pe\u00e7amos a gra\u00e7a de saber v\u00ea-lo em n\u00f3s mesmos, mas tamb\u00e9m nos outros, come\u00e7ando por aqueles que est\u00e3o pr\u00f3ximos. N\u00e3o se trata de um olhar ing\u00eanuo, mas de um olhar crente, porque Deus, agricultor do grande campo do mundo, ama ver o bem e faz\u00ea-lo crescer a ponto de fazer da colheita uma festa! Portanto, ainda hoje podemos nos fazer algumas perguntas. Pensando no campo do mundo: consigo vencer a tenta\u00e7\u00e3o de &#8216;fazer de cada erva um feixe&#8217;, de limpar o campo dos outros com os meus julgamentos? Depois, pensando no campo do cora\u00e7\u00e3o: sou honesto ao procurar em mim as plantas ruins e decidido em jog\u00e1-las no fogo da miseric\u00f3rdia de Deus? E pensando no campo do vizinho: tenho a sabedoria de ver o que \u00e9 bom sem me desanimar com as limita\u00e7\u00f5es e a lentid\u00e3o dos outros?&#8221;<\/p>\n<p>\u201cQue a Virgem Maria nos ajude a cultivar com paci\u00eancia o que o Senhor semeia no campo da vida: no meu campo, naquele do vizinho, no campo de todos.\u201d<\/p>\n<hr \/>\n<p>Fonte: Vatican News (Andressa Collet )<\/p>\n","protected":false},"excerpt":{"rendered":"<p>Angelus<\/p>\n","protected":false},"author":3,"featured_media":244136,"comment_status":"open","ping_status":"open","sticky":false,"template":"","format":"standard","meta":[],"categories":[1428],"tags":[403],"acf":[],"yoast_head":"<!-- This site is optimized with the Yoast SEO plugin v19.2 - https:\/\/yoast.com\/wordpress\/plugins\/seo\/ -->\n<title>Papa: cultivar os campos da vida sem julgar aquele do vizinho - Not\u00edcias - Franciscanos<\/title>\n<meta name=\"robots\" content=\"index, follow, max-snippet:-1, max-image-preview:large, max-video-preview:-1\" \/>\n<link rel=\"canonical\" href=\"https:\/\/franciscanos.org.br\/noticias\/papa-cultivar-os-campos-da-vida-sem-julgar-aquele-do-vizinho.html\" \/>\n<meta property=\"og:locale\" content=\"pt_BR\" \/>\n<meta property=\"og:type\" content=\"article\" \/>\n<meta property=\"og:title\" content=\"Papa: cultivar os campos da vida sem julgar aquele do vizinho - Not\u00edcias - Franciscanos\" \/>\n<meta property=\"og:description\" content=\"Angelus\" \/>\n<meta property=\"og:url\" content=\"https:\/\/franciscanos.org.br\/noticias\/papa-cultivar-os-campos-da-vida-sem-julgar-aquele-do-vizinho.html\" \/>\n<meta property=\"og:site_name\" content=\"Not\u00edcias - Franciscanos\" \/>\n<meta property=\"article:published_time\" content=\"2023-07-23T11:26:02+00:00\" \/>\n<meta property=\"article:modified_time\" content=\"2023-07-23T11:26:19+00:00\" \/>\n<meta property=\"og:image\" content=\"https:\/\/franciscanos.org.br\/noticias\/wp-content\/uploads\/2023\/07\/angelus_23.jpeg\" \/>\n\t<meta property=\"og:image:width\" content=\"1500\" \/>\n\t<meta property=\"og:image:height\" content=\"844\" \/>\n\t<meta property=\"og:image:type\" content=\"image\/jpeg\" \/>\n<meta name=\"author\" content=\"moacir\" \/>\n<meta name=\"twitter:card\" content=\"summary_large_image\" \/>\n<meta name=\"twitter:label1\" content=\"Escrito por\" \/>\n\t<meta name=\"twitter:data1\" content=\"moacir\" \/>\n\t<meta name=\"twitter:label2\" content=\"Est. tempo de leitura\" \/>\n\t<meta name=\"twitter:data2\" content=\"3 minutos\" \/>\n<script type=\"application\/ld+json\" class=\"yoast-schema-graph\">{\"@context\":\"https:\/\/schema.org\",\"@graph\":[{\"@type\":\"WebSite\",\"@id\":\"https:\/\/franciscanos.org.br\/noticias\/#website\",\"url\":\"https:\/\/franciscanos.org.br\/noticias\/\",\"name\":\"Not\u00edcias - Franciscanos\",\"description\":\"Prov\u00edncia Franciscana da Imaculada Concei\u00e7\u00e3o do Brasil - Ordem dos Frades Menores - OFM\",\"potentialAction\":[{\"@type\":\"SearchAction\",\"target\":{\"@type\":\"EntryPoint\",\"urlTemplate\":\"https:\/\/franciscanos.org.br\/noticias\/?s={search_term_string}\"},\"query-input\":\"required name=search_term_string\"}],\"inLanguage\":\"pt-BR\"},{\"@type\":\"ImageObject\",\"inLanguage\":\"pt-BR\",\"@id\":\"https:\/\/franciscanos.org.br\/noticias\/papa-cultivar-os-campos-da-vida-sem-julgar-aquele-do-vizinho.html#primaryimage\",\"url\":\"https:\/\/franciscanos.org.br\/noticias\/wp-content\/uploads\/2023\/07\/angelus_23.jpeg\",\"contentUrl\":\"https:\/\/franciscanos.org.br\/noticias\/wp-content\/uploads\/2023\/07\/angelus_23.jpeg\",\"width\":1500,\"height\":844},{\"@type\":\"WebPage\",\"@id\":\"https:\/\/franciscanos.org.br\/noticias\/papa-cultivar-os-campos-da-vida-sem-julgar-aquele-do-vizinho.html#webpage\",\"url\":\"https:\/\/franciscanos.org.br\/noticias\/papa-cultivar-os-campos-da-vida-sem-julgar-aquele-do-vizinho.html\",\"name\":\"Papa: cultivar os campos da vida sem julgar aquele do vizinho - Not\u00edcias - Franciscanos\",\"isPartOf\":{\"@id\":\"https:\/\/franciscanos.org.br\/noticias\/#website\"},\"primaryImageOfPage\":{\"@id\":\"https:\/\/franciscanos.org.br\/noticias\/papa-cultivar-os-campos-da-vida-sem-julgar-aquele-do-vizinho.html#primaryimage\"},\"datePublished\":\"2023-07-23T11:26:02+00:00\",\"dateModified\":\"2023-07-23T11:26:19+00:00\",\"author\":{\"@id\":\"https:\/\/franciscanos.org.br\/noticias\/#\/schema\/person\/b5c8cba458c330ccff548b056e95a5d4\"},\"breadcrumb\":{\"@id\":\"https:\/\/franciscanos.org.br\/noticias\/papa-cultivar-os-campos-da-vida-sem-julgar-aquele-do-vizinho.html#breadcrumb\"},\"inLanguage\":\"pt-BR\",\"potentialAction\":[{\"@type\":\"ReadAction\",\"target\":[\"https:\/\/franciscanos.org.br\/noticias\/papa-cultivar-os-campos-da-vida-sem-julgar-aquele-do-vizinho.html\"]}]},{\"@type\":\"BreadcrumbList\",\"@id\":\"https:\/\/franciscanos.org.br\/noticias\/papa-cultivar-os-campos-da-vida-sem-julgar-aquele-do-vizinho.html#breadcrumb\",\"itemListElement\":[{\"@type\":\"ListItem\",\"position\":1,\"name\":\"Home\",\"item\":\"https:\/\/franciscanos.org.br\/noticias\"},{\"@type\":\"ListItem\",\"position\":2,\"name\":\"Papa: cultivar os campos da vida sem julgar aquele do vizinho\"}]},{\"@type\":\"Person\",\"@id\":\"https:\/\/franciscanos.org.br\/noticias\/#\/schema\/person\/b5c8cba458c330ccff548b056e95a5d4\",\"name\":\"moacir\",\"image\":{\"@type\":\"ImageObject\",\"inLanguage\":\"pt-BR\",\"@id\":\"https:\/\/franciscanos.org.br\/noticias\/#\/schema\/person\/image\/\",\"url\":\"https:\/\/secure.gravatar.com\/avatar\/d08aa2ce4c8dd416d4479aa8536fcf64?s=96&d=mm&r=g\",\"contentUrl\":\"https:\/\/secure.gravatar.com\/avatar\/d08aa2ce4c8dd416d4479aa8536fcf64?s=96&d=mm&r=g\",\"caption\":\"moacir\"},\"url\":\"https:\/\/franciscanos.org.br\/noticias\/author\/moacir\"}]}<\/script>\n<!-- \/ Yoast SEO plugin. -->","yoast_head_json":{"title":"Papa: cultivar os campos da vida sem julgar aquele do vizinho - Not\u00edcias - Franciscanos","robots":{"index":"index","follow":"follow","max-snippet":"max-snippet:-1","max-image-preview":"max-image-preview:large","max-video-preview":"max-video-preview:-1"},"canonical":"https:\/\/franciscanos.org.br\/noticias\/papa-cultivar-os-campos-da-vida-sem-julgar-aquele-do-vizinho.html","og_locale":"pt_BR","og_type":"article","og_title":"Papa: cultivar os campos da vida sem julgar aquele do vizinho - Not\u00edcias - Franciscanos","og_description":"Angelus","og_url":"https:\/\/franciscanos.org.br\/noticias\/papa-cultivar-os-campos-da-vida-sem-julgar-aquele-do-vizinho.html","og_site_name":"Not\u00edcias - Franciscanos","article_published_time":"2023-07-23T11:26:02+00:00","article_modified_time":"2023-07-23T11:26:19+00:00","og_image":[{"width":1500,"height":844,"url":"https:\/\/franciscanos.org.br\/noticias\/wp-content\/uploads\/2023\/07\/angelus_23.jpeg","type":"image\/jpeg"}],"author":"moacir","twitter_card":"summary_large_image","twitter_misc":{"Escrito por":"moacir","Est. tempo de leitura":"3 minutos"},"schema":{"@context":"https:\/\/schema.org","@graph":[{"@type":"WebSite","@id":"https:\/\/franciscanos.org.br\/noticias\/#website","url":"https:\/\/franciscanos.org.br\/noticias\/","name":"Not\u00edcias - Franciscanos","description":"Prov\u00edncia Franciscana da Imaculada Concei\u00e7\u00e3o do Brasil - Ordem dos Frades Menores - OFM","potentialAction":[{"@type":"SearchAction","target":{"@type":"EntryPoint","urlTemplate":"https:\/\/franciscanos.org.br\/noticias\/?s={search_term_string}"},"query-input":"required name=search_term_string"}],"inLanguage":"pt-BR"},{"@type":"ImageObject","inLanguage":"pt-BR","@id":"https:\/\/franciscanos.org.br\/noticias\/papa-cultivar-os-campos-da-vida-sem-julgar-aquele-do-vizinho.html#primaryimage","url":"https:\/\/franciscanos.org.br\/noticias\/wp-content\/uploads\/2023\/07\/angelus_23.jpeg","contentUrl":"https:\/\/franciscanos.org.br\/noticias\/wp-content\/uploads\/2023\/07\/angelus_23.jpeg","width":1500,"height":844},{"@type":"WebPage","@id":"https:\/\/franciscanos.org.br\/noticias\/papa-cultivar-os-campos-da-vida-sem-julgar-aquele-do-vizinho.html#webpage","url":"https:\/\/franciscanos.org.br\/noticias\/papa-cultivar-os-campos-da-vida-sem-julgar-aquele-do-vizinho.html","name":"Papa: cultivar os campos da vida sem julgar aquele do vizinho - Not\u00edcias - Franciscanos","isPartOf":{"@id":"https:\/\/franciscanos.org.br\/noticias\/#website"},"primaryImageOfPage":{"@id":"https:\/\/franciscanos.org.br\/noticias\/papa-cultivar-os-campos-da-vida-sem-julgar-aquele-do-vizinho.html#primaryimage"},"datePublished":"2023-07-23T11:26:02+00:00","dateModified":"2023-07-23T11:26:19+00:00","author":{"@id":"https:\/\/franciscanos.org.br\/noticias\/#\/schema\/person\/b5c8cba458c330ccff548b056e95a5d4"},"breadcrumb":{"@id":"https:\/\/franciscanos.org.br\/noticias\/papa-cultivar-os-campos-da-vida-sem-julgar-aquele-do-vizinho.html#breadcrumb"},"inLanguage":"pt-BR","potentialAction":[{"@type":"ReadAction","target":["https:\/\/franciscanos.org.br\/noticias\/papa-cultivar-os-campos-da-vida-sem-julgar-aquele-do-vizinho.html"]}]},{"@type":"BreadcrumbList","@id":"https:\/\/franciscanos.org.br\/noticias\/papa-cultivar-os-campos-da-vida-sem-julgar-aquele-do-vizinho.html#breadcrumb","itemListElement":[{"@type":"ListItem","position":1,"name":"Home","item":"https:\/\/franciscanos.org.br\/noticias"},{"@type":"ListItem","position":2,"name":"Papa: cultivar os campos da vida sem julgar aquele do vizinho"}]},{"@type":"Person","@id":"https:\/\/franciscanos.org.br\/noticias\/#\/schema\/person\/b5c8cba458c330ccff548b056e95a5d4","name":"moacir","image":{"@type":"ImageObject","inLanguage":"pt-BR","@id":"https:\/\/franciscanos.org.br\/noticias\/#\/schema\/person\/image\/","url":"https:\/\/secure.gravatar.com\/avatar\/d08aa2ce4c8dd416d4479aa8536fcf64?s=96&d=mm&r=g","contentUrl":"https:\/\/secure.gravatar.com\/avatar\/d08aa2ce4c8dd416d4479aa8536fcf64?s=96&d=mm&r=g","caption":"moacir"},"url":"https:\/\/franciscanos.org.br\/noticias\/author\/moacir"}]}},"_links":{"self":[{"href":"https:\/\/franciscanos.org.br\/noticias\/wp-json\/wp\/v2\/posts\/244135"}],"collection":[{"href":"https:\/\/franciscanos.org.br\/noticias\/wp-json\/wp\/v2\/posts"}],"about":[{"href":"https:\/\/franciscanos.org.br\/noticias\/wp-json\/wp\/v2\/types\/post"}],"author":[{"embeddable":true,"href":"https:\/\/franciscanos.org.br\/noticias\/wp-json\/wp\/v2\/users\/3"}],"replies":[{"embeddable":true,"href":"https:\/\/franciscanos.org.br\/noticias\/wp-json\/wp\/v2\/comments?post=244135"}],"version-history":[{"count":1,"href":"https:\/\/franciscanos.org.br\/noticias\/wp-json\/wp\/v2\/posts\/244135\/revisions"}],"predecessor-version":[{"id":244137,"href":"https:\/\/franciscanos.org.br\/noticias\/wp-json\/wp\/v2\/posts\/244135\/revisions\/244137"}],"wp:featuredmedia":[{"embeddable":true,"href":"https:\/\/franciscanos.org.br\/noticias\/wp-json\/wp\/v2\/media\/244136"}],"wp:attachment":[{"href":"https:\/\/franciscanos.org.br\/noticias\/wp-json\/wp\/v2\/media?parent=244135"}],"wp:term":[{"taxonomy":"category","embeddable":true,"href":"https:\/\/franciscanos.org.br\/noticias\/wp-json\/wp\/v2\/categories?post=244135"},{"taxonomy":"post_tag","embeddable":true,"href":"https:\/\/franciscanos.org.br\/noticias\/wp-json\/wp\/v2\/tags?post=244135"}],"curies":[{"name":"wp","href":"https:\/\/api.w.org\/{rel}","templated":true}]}}