{"id":244130,"date":"2023-07-27T00:30:21","date_gmt":"2023-07-27T03:30:21","guid":{"rendered":"https:\/\/franciscanos.org.br\/noticias\/?p=244130"},"modified":"2025-03-10T15:41:11","modified_gmt":"2025-03-10T18:41:11","slug":"tres-frades-representam-a-provincia-na-jmj","status":"publish","type":"post","link":"https:\/\/franciscanos.org.br\/noticias\/tres-frades-representam-a-provincia-na-jmj.html","title":{"rendered":"Tr\u00eas frades representam a Prov\u00edncia na JMJ"},"content":{"rendered":"<p><img loading=\"lazy\" class=\"alignnone size-full wp-image-244131\" src=\"https:\/\/franciscanos.org.br\/noticias\/wp-content\/uploads\/2023\/07\/jmj_2107.jpg\" alt=\"\" width=\"1280\" height=\"720\" srcset=\"https:\/\/franciscanos.org.br\/noticias\/wp-content\/uploads\/2023\/07\/jmj_2107.jpg 1280w, https:\/\/franciscanos.org.br\/noticias\/wp-content\/uploads\/2023\/07\/jmj_2107-450x253.jpg 450w, https:\/\/franciscanos.org.br\/noticias\/wp-content\/uploads\/2023\/07\/jmj_2107-1024x576.jpg 1024w, https:\/\/franciscanos.org.br\/noticias\/wp-content\/uploads\/2023\/07\/jmj_2107-768x432.jpg 768w, https:\/\/franciscanos.org.br\/noticias\/wp-content\/uploads\/2023\/07\/jmj_2107-150x84.jpg 150w\" sizes=\"(max-width: 1280px) 100vw, 1280px\" \/><\/p>\n<p>A Prov\u00edncia Franciscana da Imaculada Concei\u00e7\u00e3o estar\u00e1 representada na Jornada Mundial da Juventude (JMJ), de 1\u00ba a 6 de agosto, por Frei Florival Mariano de Toledo, Frei Leandro Costa Santos e Frei Santana Sebasti\u00e3o Cafunda, que tamb\u00e9m representar\u00e1 a Funda\u00e7\u00e3o Imaculada M\u00e3e de Deus de Angola. Eles se juntar\u00e3o a milhares de jovens do mundo inteiro na capital Lisboa, em Portugal.<\/p>\n<h3>Acesse:<\/h3>\n<p><a href=\"https:\/\/www.instagram.com\/provinciafranciscana\/\"><strong>https:\/\/www.instagram.com\/provinciafranciscana\/<\/strong><\/a><\/p>\n<p>\u201cParticipar da Jornada \u00e9 uma coisa linda e quando se tem consci\u00eancia disso, voc\u00ea fica animado para participar. Preparem-se para este momento entusiasmante, ponham l\u00e1 a vossa esperan\u00e7a, porque se cresce muito numa Jornada como esta. N\u00e3o nos damos conta, mas as coisas ficam dentro de n\u00f3s, os valores ficam, as rela\u00e7\u00f5es constru\u00eddas com os jovens de outros pa\u00edses, os encontros, tudo fica dentro de n\u00f3s e sobretudo ver a for\u00e7a juvenil, a Igreja tem a for\u00e7a dos jovens\u201d, incentivou recentemente o Papa Francisco os jovens para participarem desta JMJ.<\/p>\n<p>A Jornada Mundial da Juventude \u00e9 um evento organizado pela Igreja Cat\u00f3lica que re\u00fane jovens de todo o mundo para celebrar sua f\u00e9 e discutir quest\u00f5es relevantes para a juventude. O evento ocorre a cada dois ou tr\u00eas anos em diferentes cidades ao redor do mundo.<\/p>\n<p>\u00c9 nesse clima que os tr\u00eas jovens frades se preparam para viver um dos momentos mais belos da Igreja, ainda mais com a presen\u00e7a do Papa Francisco, que confirmou a presen\u00e7a depois de se recuperar da cirurgia que fez no come\u00e7o de junho. Frei Leandro, que reside na Fraternidade do Santu\u00e1rio Frei Galv\u00e3o, em Guaratinguet\u00e1 (SP),\u00a0 Frei Florival, que reside na Fraternidade Bom Jesus dos Perd\u00f5es, em\u00a0 Curitiba (PR) far\u00e3o parte do Movimento Laudato Si\u2019. Este movimento \u00e9 um grupo formado por leigos e religiosos franciscanos. Sua responsabilidade \u00e9 inspirar e mobilizar a comunidade cat\u00f3lica para cuidar da nossa casa comum e alcan\u00e7ar a justi\u00e7a clim\u00e1tica e ecol\u00f3gica, em colabora\u00e7\u00e3o com todas as pessoas de boa vontade. Sua atua\u00e7\u00e3o consiste em responder com aquilo que a tradi\u00e7\u00e3o da Doutrina Social da Igreja entende e pretende. Conhe\u00e7a mais no site: https:\/\/laudatosimovement.org\/pt\/<\/p>\n<p>Os dois frades viajam no dia 23 de julho, e estar\u00e3o nas catequeses em diversos idiomas, participar\u00e3o de uma marcha franciscana, um concerto franciscano e uma aldeia Ecol\u00f3gica, sempre promovendo os valores das enc\u00edclicas <em>Laudato Si&#8217; e Fratelli Tutti<\/em>.<\/p>\n<p>&#8220;N\u00f3s, frades e leigos, estaremos respons\u00e1veis por motivar os jovens para os valores das Enc\u00edclicas <em>Laudato Si\u2019 e Fratelli tutti.<\/em> Esses s\u00e3o os documentos do Papa Francisco que dizem muito sobre nossa miss\u00e3o no mundo e que nos dias 1\u00ba a 6 de agosto ser\u00e3o o pano de fundo de nossa mensagem. Faremos parte de um concerto franciscano. Estou ansioso por esse momento!&#8221;, conta Frei Leandro, que \u00e9 m\u00fasico, assim como Frei Florival.<\/p>\n<p>&#8220;O Movimento Laudato Si&#8217; est\u00e1 na programa\u00e7\u00e3o \u00fanica da Jornada. A minha expectativa \u00e9 a maior por estar entre os franciscanos numa Jornada onde poderemos contribuir com aquilo que a gente conhece, sabe e que \u00e9 um desafio tamb\u00e9m&#8221;, disse Frei Florival, lembrando que mais de 30 mil volunt\u00e1rios participar\u00e3o da Jornada. &#8220;Eu n\u00e3o conhe\u00e7o a capital Lisboa, em Portugal, mas conhe\u00e7o um pouco a Jornada Mundial, porque uma vez participei quando fui convidado para animar os eventos e celebra\u00e7\u00f5es da JMJ 2013, no Largo da Carioca, onde se concentraram os franciscanos&#8221;, acrescenta o frade.<\/p>\n<p>&#8220;Sendo a JMJ uma peregrina\u00e7\u00e3o, espero ser transformado por inteiro. Uma peregrina\u00e7\u00e3o forja em n\u00f3s um novo jeito de ser e de pensar, e \u00e9 isso que desejo. O contato com as pessoas de v\u00e1rios cantos do mundo, os jovens e em especial os frades, ser\u00e3o grandes e v\u00e1lidas provoca\u00e7\u00f5es. Sem dizer a possibilidade de ver o Papa Francisco e escutar um pouco mais pr\u00f3ximo suas palavras que nos incendeiam. E estou aberto \u00e0quilo que Deus reservou e que n\u00e3o est\u00e1 no meu \u2018planejamento\u2019&#8221;, espera Frei Leandro.<\/p>\n<p>&#8220;Quando eu estava em Vila Velha (ES), eu participei da Pr\u00e9-Jornada, que era uma prepara\u00e7\u00e3o para receber os que se inscreviam na Jornada. Preparar os jovens no local. E \u00e9 um trabalho de evangeliza\u00e7\u00e3o infind\u00e1vel&#8221;, observa Frei Florival. &#8220;Quando Jo\u00e3o Paulo II teve inspira\u00e7\u00e3o de reunir a juventude, de fazer algo em n\u00edvel mundial, acho que ele nem imaginava o alcance que chegaria esse evento&#8221;, avalia o frade. &#8220;Ent\u00e3o, significa um momento de mudan\u00e7a, de transforma\u00e7\u00e3o, de conhecimento, de troca de experi\u00eancias, de encher a alma de esperan\u00e7a, porque tanta gente, de tantos lugares est\u00e3o vendo a mesma coisa. O que \u00e9 bonito nisso tudo \u00e9 que tem uma dire\u00e7\u00e3o onde todos v\u00e3o beber da mesma fonte. Cada um vai dando sua resposta dentro de sua cultura, do seu aprendizado&#8221;, completou Frei Florival.<\/p>\n<p>Frei Santana Sebasti\u00e3o seguir\u00e1 de Luanda para Lisboa, onde vai representar todos os frades da Funda\u00e7\u00e3o Imaculada M\u00e3e de Deus de Angola.<\/p>\n","protected":false},"excerpt":{"rendered":"<p>Jornada Mundial da Juventude<\/p>\n","protected":false},"author":3,"featured_media":244132,"comment_status":"open","ping_status":"open","sticky":false,"template":"","format":"standard","meta":[],"categories":[1],"tags":[1797,2056],"acf":[],"yoast_head":"<!-- This site is optimized with the Yoast SEO plugin v19.2 - https:\/\/yoast.com\/wordpress\/plugins\/seo\/ -->\n<title>Tr\u00eas frades representam a Prov\u00edncia na JMJ - Not\u00edcias - Franciscanos<\/title>\n<meta name=\"robots\" content=\"index, follow, max-snippet:-1, max-image-preview:large, max-video-preview:-1\" \/>\n<link rel=\"canonical\" href=\"https:\/\/franciscanos.org.br\/noticias\/tres-frades-representam-a-provincia-na-jmj.html\" \/>\n<meta property=\"og:locale\" content=\"pt_BR\" \/>\n<meta property=\"og:type\" content=\"article\" \/>\n<meta property=\"og:title\" content=\"Tr\u00eas frades representam a Prov\u00edncia na JMJ - Not\u00edcias - Franciscanos\" \/>\n<meta property=\"og:description\" content=\"Jornada Mundial da Juventude\" \/>\n<meta property=\"og:url\" content=\"https:\/\/franciscanos.org.br\/noticias\/tres-frades-representam-a-provincia-na-jmj.html\" \/>\n<meta property=\"og:site_name\" content=\"Not\u00edcias - Franciscanos\" \/>\n<meta property=\"article:published_time\" content=\"2023-07-27T03:30:21+00:00\" \/>\n<meta property=\"article:modified_time\" content=\"2025-03-10T18:41:11+00:00\" \/>\n<meta property=\"og:image\" content=\"https:\/\/franciscanos.org.br\/noticias\/wp-content\/uploads\/2023\/07\/jmj_2107d.jpg\" \/>\n\t<meta property=\"og:image:width\" content=\"800\" \/>\n\t<meta property=\"og:image:height\" content=\"550\" \/>\n\t<meta property=\"og:image:type\" content=\"image\/jpeg\" \/>\n<meta name=\"author\" content=\"moacir\" \/>\n<meta name=\"twitter:card\" content=\"summary_large_image\" \/>\n<meta name=\"twitter:label1\" content=\"Escrito por\" \/>\n\t<meta name=\"twitter:data1\" content=\"moacir\" \/>\n\t<meta name=\"twitter:label2\" content=\"Est. tempo de leitura\" \/>\n\t<meta name=\"twitter:data2\" content=\"4 minutos\" \/>\n<script type=\"application\/ld+json\" class=\"yoast-schema-graph\">{\"@context\":\"https:\/\/schema.org\",\"@graph\":[{\"@type\":\"WebSite\",\"@id\":\"https:\/\/franciscanos.org.br\/noticias\/#website\",\"url\":\"https:\/\/franciscanos.org.br\/noticias\/\",\"name\":\"Not\u00edcias - Franciscanos\",\"description\":\"Prov\u00edncia Franciscana da Imaculada Concei\u00e7\u00e3o do Brasil - Ordem dos Frades Menores - OFM\",\"potentialAction\":[{\"@type\":\"SearchAction\",\"target\":{\"@type\":\"EntryPoint\",\"urlTemplate\":\"https:\/\/franciscanos.org.br\/noticias\/?s={search_term_string}\"},\"query-input\":\"required name=search_term_string\"}],\"inLanguage\":\"pt-BR\"},{\"@type\":\"ImageObject\",\"inLanguage\":\"pt-BR\",\"@id\":\"https:\/\/franciscanos.org.br\/noticias\/tres-frades-representam-a-provincia-na-jmj.html#primaryimage\",\"url\":\"https:\/\/franciscanos.org.br\/noticias\/wp-content\/uploads\/2023\/07\/jmj_2107d.jpg\",\"contentUrl\":\"https:\/\/franciscanos.org.br\/noticias\/wp-content\/uploads\/2023\/07\/jmj_2107d.jpg\",\"width\":800,\"height\":550},{\"@type\":\"WebPage\",\"@id\":\"https:\/\/franciscanos.org.br\/noticias\/tres-frades-representam-a-provincia-na-jmj.html#webpage\",\"url\":\"https:\/\/franciscanos.org.br\/noticias\/tres-frades-representam-a-provincia-na-jmj.html\",\"name\":\"Tr\u00eas frades representam a Prov\u00edncia na JMJ - Not\u00edcias - Franciscanos\",\"isPartOf\":{\"@id\":\"https:\/\/franciscanos.org.br\/noticias\/#website\"},\"primaryImageOfPage\":{\"@id\":\"https:\/\/franciscanos.org.br\/noticias\/tres-frades-representam-a-provincia-na-jmj.html#primaryimage\"},\"datePublished\":\"2023-07-27T03:30:21+00:00\",\"dateModified\":\"2025-03-10T18:41:11+00:00\",\"author\":{\"@id\":\"https:\/\/franciscanos.org.br\/noticias\/#\/schema\/person\/b5c8cba458c330ccff548b056e95a5d4\"},\"breadcrumb\":{\"@id\":\"https:\/\/franciscanos.org.br\/noticias\/tres-frades-representam-a-provincia-na-jmj.html#breadcrumb\"},\"inLanguage\":\"pt-BR\",\"potentialAction\":[{\"@type\":\"ReadAction\",\"target\":[\"https:\/\/franciscanos.org.br\/noticias\/tres-frades-representam-a-provincia-na-jmj.html\"]}]},{\"@type\":\"BreadcrumbList\",\"@id\":\"https:\/\/franciscanos.org.br\/noticias\/tres-frades-representam-a-provincia-na-jmj.html#breadcrumb\",\"itemListElement\":[{\"@type\":\"ListItem\",\"position\":1,\"name\":\"Home\",\"item\":\"https:\/\/franciscanos.org.br\/noticias\"},{\"@type\":\"ListItem\",\"position\":2,\"name\":\"Tr\u00eas frades representam a Prov\u00edncia na JMJ\"}]},{\"@type\":\"Person\",\"@id\":\"https:\/\/franciscanos.org.br\/noticias\/#\/schema\/person\/b5c8cba458c330ccff548b056e95a5d4\",\"name\":\"moacir\",\"image\":{\"@type\":\"ImageObject\",\"inLanguage\":\"pt-BR\",\"@id\":\"https:\/\/franciscanos.org.br\/noticias\/#\/schema\/person\/image\/\",\"url\":\"https:\/\/secure.gravatar.com\/avatar\/d08aa2ce4c8dd416d4479aa8536fcf64?s=96&d=mm&r=g\",\"contentUrl\":\"https:\/\/secure.gravatar.com\/avatar\/d08aa2ce4c8dd416d4479aa8536fcf64?s=96&d=mm&r=g\",\"caption\":\"moacir\"},\"url\":\"https:\/\/franciscanos.org.br\/noticias\/author\/moacir\"}]}<\/script>\n<!-- \/ Yoast SEO plugin. -->","yoast_head_json":{"title":"Tr\u00eas frades representam a Prov\u00edncia na JMJ - Not\u00edcias - Franciscanos","robots":{"index":"index","follow":"follow","max-snippet":"max-snippet:-1","max-image-preview":"max-image-preview:large","max-video-preview":"max-video-preview:-1"},"canonical":"https:\/\/franciscanos.org.br\/noticias\/tres-frades-representam-a-provincia-na-jmj.html","og_locale":"pt_BR","og_type":"article","og_title":"Tr\u00eas frades representam a Prov\u00edncia na JMJ - Not\u00edcias - Franciscanos","og_description":"Jornada Mundial da Juventude","og_url":"https:\/\/franciscanos.org.br\/noticias\/tres-frades-representam-a-provincia-na-jmj.html","og_site_name":"Not\u00edcias - Franciscanos","article_published_time":"2023-07-27T03:30:21+00:00","article_modified_time":"2025-03-10T18:41:11+00:00","og_image":[{"width":800,"height":550,"url":"https:\/\/franciscanos.org.br\/noticias\/wp-content\/uploads\/2023\/07\/jmj_2107d.jpg","type":"image\/jpeg"}],"author":"moacir","twitter_card":"summary_large_image","twitter_misc":{"Escrito por":"moacir","Est. tempo de leitura":"4 minutos"},"schema":{"@context":"https:\/\/schema.org","@graph":[{"@type":"WebSite","@id":"https:\/\/franciscanos.org.br\/noticias\/#website","url":"https:\/\/franciscanos.org.br\/noticias\/","name":"Not\u00edcias - Franciscanos","description":"Prov\u00edncia Franciscana da Imaculada Concei\u00e7\u00e3o do Brasil - Ordem dos Frades Menores - OFM","potentialAction":[{"@type":"SearchAction","target":{"@type":"EntryPoint","urlTemplate":"https:\/\/franciscanos.org.br\/noticias\/?s={search_term_string}"},"query-input":"required name=search_term_string"}],"inLanguage":"pt-BR"},{"@type":"ImageObject","inLanguage":"pt-BR","@id":"https:\/\/franciscanos.org.br\/noticias\/tres-frades-representam-a-provincia-na-jmj.html#primaryimage","url":"https:\/\/franciscanos.org.br\/noticias\/wp-content\/uploads\/2023\/07\/jmj_2107d.jpg","contentUrl":"https:\/\/franciscanos.org.br\/noticias\/wp-content\/uploads\/2023\/07\/jmj_2107d.jpg","width":800,"height":550},{"@type":"WebPage","@id":"https:\/\/franciscanos.org.br\/noticias\/tres-frades-representam-a-provincia-na-jmj.html#webpage","url":"https:\/\/franciscanos.org.br\/noticias\/tres-frades-representam-a-provincia-na-jmj.html","name":"Tr\u00eas frades representam a Prov\u00edncia na JMJ - Not\u00edcias - Franciscanos","isPartOf":{"@id":"https:\/\/franciscanos.org.br\/noticias\/#website"},"primaryImageOfPage":{"@id":"https:\/\/franciscanos.org.br\/noticias\/tres-frades-representam-a-provincia-na-jmj.html#primaryimage"},"datePublished":"2023-07-27T03:30:21+00:00","dateModified":"2025-03-10T18:41:11+00:00","author":{"@id":"https:\/\/franciscanos.org.br\/noticias\/#\/schema\/person\/b5c8cba458c330ccff548b056e95a5d4"},"breadcrumb":{"@id":"https:\/\/franciscanos.org.br\/noticias\/tres-frades-representam-a-provincia-na-jmj.html#breadcrumb"},"inLanguage":"pt-BR","potentialAction":[{"@type":"ReadAction","target":["https:\/\/franciscanos.org.br\/noticias\/tres-frades-representam-a-provincia-na-jmj.html"]}]},{"@type":"BreadcrumbList","@id":"https:\/\/franciscanos.org.br\/noticias\/tres-frades-representam-a-provincia-na-jmj.html#breadcrumb","itemListElement":[{"@type":"ListItem","position":1,"name":"Home","item":"https:\/\/franciscanos.org.br\/noticias"},{"@type":"ListItem","position":2,"name":"Tr\u00eas frades representam a Prov\u00edncia na JMJ"}]},{"@type":"Person","@id":"https:\/\/franciscanos.org.br\/noticias\/#\/schema\/person\/b5c8cba458c330ccff548b056e95a5d4","name":"moacir","image":{"@type":"ImageObject","inLanguage":"pt-BR","@id":"https:\/\/franciscanos.org.br\/noticias\/#\/schema\/person\/image\/","url":"https:\/\/secure.gravatar.com\/avatar\/d08aa2ce4c8dd416d4479aa8536fcf64?s=96&d=mm&r=g","contentUrl":"https:\/\/secure.gravatar.com\/avatar\/d08aa2ce4c8dd416d4479aa8536fcf64?s=96&d=mm&r=g","caption":"moacir"},"url":"https:\/\/franciscanos.org.br\/noticias\/author\/moacir"}]}},"_links":{"self":[{"href":"https:\/\/franciscanos.org.br\/noticias\/wp-json\/wp\/v2\/posts\/244130"}],"collection":[{"href":"https:\/\/franciscanos.org.br\/noticias\/wp-json\/wp\/v2\/posts"}],"about":[{"href":"https:\/\/franciscanos.org.br\/noticias\/wp-json\/wp\/v2\/types\/post"}],"author":[{"embeddable":true,"href":"https:\/\/franciscanos.org.br\/noticias\/wp-json\/wp\/v2\/users\/3"}],"replies":[{"embeddable":true,"href":"https:\/\/franciscanos.org.br\/noticias\/wp-json\/wp\/v2\/comments?post=244130"}],"version-history":[{"count":3,"href":"https:\/\/franciscanos.org.br\/noticias\/wp-json\/wp\/v2\/posts\/244130\/revisions"}],"predecessor-version":[{"id":244234,"href":"https:\/\/franciscanos.org.br\/noticias\/wp-json\/wp\/v2\/posts\/244130\/revisions\/244234"}],"wp:featuredmedia":[{"embeddable":true,"href":"https:\/\/franciscanos.org.br\/noticias\/wp-json\/wp\/v2\/media\/244132"}],"wp:attachment":[{"href":"https:\/\/franciscanos.org.br\/noticias\/wp-json\/wp\/v2\/media?parent=244130"}],"wp:term":[{"taxonomy":"category","embeddable":true,"href":"https:\/\/franciscanos.org.br\/noticias\/wp-json\/wp\/v2\/categories?post=244130"},{"taxonomy":"post_tag","embeddable":true,"href":"https:\/\/franciscanos.org.br\/noticias\/wp-json\/wp\/v2\/tags?post=244130"}],"curies":[{"name":"wp","href":"https:\/\/api.w.org\/{rel}","templated":true}]}}