{"id":244126,"date":"2023-07-20T14:07:47","date_gmt":"2023-07-20T17:07:47","guid":{"rendered":"https:\/\/franciscanos.org.br\/noticias\/?p=244126"},"modified":"2025-03-10T15:39:21","modified_gmt":"2025-03-10T18:39:21","slug":"acompanhamento-vocacional-dos-aspirantes-do-ensino-medio-faz-segundo-encontro-em-ituporanga","status":"publish","type":"post","link":"https:\/\/franciscanos.org.br\/noticias\/acompanhamento-vocacional-dos-aspirantes-do-ensino-medio-faz-segundo-encontro-em-ituporanga.html","title":{"rendered":"Acompanhamento vocacional dos Aspirantes do Ensino M\u00e9dio faz segundo encontro em Ituporanga"},"content":{"rendered":"<p><img loading=\"lazy\" class=\"alignnone size-full wp-image-244127\" src=\"https:\/\/franciscanos.org.br\/noticias\/wp-content\/uploads\/2023\/07\/ituporanga_01.jpg\" alt=\"\" width=\"1280\" height=\"720\" srcset=\"https:\/\/franciscanos.org.br\/noticias\/wp-content\/uploads\/2023\/07\/ituporanga_01.jpg 1280w, https:\/\/franciscanos.org.br\/noticias\/wp-content\/uploads\/2023\/07\/ituporanga_01-450x253.jpg 450w, https:\/\/franciscanos.org.br\/noticias\/wp-content\/uploads\/2023\/07\/ituporanga_01-1024x576.jpg 1024w, https:\/\/franciscanos.org.br\/noticias\/wp-content\/uploads\/2023\/07\/ituporanga_01-768x432.jpg 768w, https:\/\/franciscanos.org.br\/noticias\/wp-content\/uploads\/2023\/07\/ituporanga_01-150x84.jpg 150w\" sizes=\"(max-width: 1280px) 100vw, 1280px\" \/><\/p>\n<p><strong>Ituporanga (SC)<\/strong> \u2013 Neste in\u00edcio de julho foi realizado o segundo &#8220;Tempo Forte&#8221; de conviv\u00eancia e forma\u00e7\u00e3o com os Aspirantes do Ensino M\u00e9dio no Semin\u00e1rio S\u00e3o Francisco de Assis, em Ituporanga (SC). Durante duas semanas, a Fraternidade do Semin\u00e1rio acompanhou esses jovens em \u00a0diferentes atividades formativas. A novidade desta segunda experi\u00eancia foi a chegada de tr\u00eas novos vocacionados: Matheus de Souza Filippi (SC), Felipe Loss (PR) e Marcus Vinicius Mendes (RJ), que se juntaram ao tr\u00eas que j\u00e1 estavam neste processo: Kau\u00ea Cangirana Rozim (SC), Lucas Speran\u00e7a Goschel (SC) e Cau\u00e3 Bertolacini Sampaio (SP).<\/p>\n<p>Segundo Frei Je\u00e2 Paulo Andrade, respons\u00e1vel pelo Servi\u00e7o de Anima\u00e7\u00e3o Vocacional da Prov\u00edncia, at\u00e9 o Cap\u00edtulo Provincial no ano que vem, os aspirantes que cursam o Ensino M\u00e9dio ser\u00e3o acompanhados fora do Semin\u00e1rio, e por isso passar\u00e3o por essas experi\u00eancias formativas durante as f\u00e9rias. &#8220;Tivemos a primeira experi\u00eancia, que eu chamo de &#8216;Tempo Forte&#8217; em janeiro e agora esta em Ituporanga. Considerando que a procura vocacional j\u00e1 n\u00e3o \u00e9 t\u00e3o numerosa e a responsabilidade pelo cuidado com os menores, a Prov\u00edncia da Imaculada Concei\u00e7\u00e3o optou pela nova modalidade formativa, \u201cad experimentum\u201d, at\u00e9 o pr\u00f3ximo Cap\u00edtulo Provincial&#8221;, explicou Frei Je\u00e2.<\/p>\n<p>Durante esse per\u00edodo no Semin\u00e1rio de Ituporanga, o novo grupo participou de diferentes atividades no trabalho manual, na forma\u00e7\u00e3o intelectual e apost\u00f3lica, em obras sociais e recreativas. Foram momentos de reflex\u00e3o, trabalho e, muito importante, exercitaram a fraternidade, o pilar da vida franciscana.<\/p>\n<p>Levar o vocacionado a conhecer o carisma franciscano e a sua concretiza\u00e7\u00e3o na vida e na miss\u00e3o dos Frades Menores hoje \u00e9 um objetivo fundamental no processo de discernimento vocacional. Nesse sentido, foram propostas as seguintes a\u00e7\u00f5es para oferecer ao vocacionado um contato mais pr\u00f3ximo com a vida e miss\u00e3o da fraternidade, permitindo-lhe concretizar o convite do evangelho \u201cconsolidai sempre mais vossa voca\u00e7\u00e3o\u201d (Pd 1, 10) Nesse vi\u00e9s, ao pensar o cronograma para esses dias de conviv\u00eancia, foram utilizados como base os seguintes objetivos: Realiza\u00e7\u00e3o de retiros e encontros franciscanos; visitas \u00e0s comunidades e obras sociais, como o Abrigo M\u00e3o Amiga (AMA);\u00a0 participa\u00e7\u00e3o em atividades de evangeliza\u00e7\u00e3o; forma\u00e7\u00e3o franciscana; acompanhamento espiritual e discernimento pessoal; e desenvolvimento humano e forma\u00e7\u00e3o acad\u00eamica.<\/p>\n<p><img loading=\"lazy\" class=\"alignnone size-full wp-image-244128\" src=\"https:\/\/franciscanos.org.br\/noticias\/wp-content\/uploads\/2023\/07\/ituporanga_02.jpg\" alt=\"\" width=\"1280\" height=\"720\" srcset=\"https:\/\/franciscanos.org.br\/noticias\/wp-content\/uploads\/2023\/07\/ituporanga_02.jpg 1280w, https:\/\/franciscanos.org.br\/noticias\/wp-content\/uploads\/2023\/07\/ituporanga_02-450x253.jpg 450w, https:\/\/franciscanos.org.br\/noticias\/wp-content\/uploads\/2023\/07\/ituporanga_02-1024x576.jpg 1024w, https:\/\/franciscanos.org.br\/noticias\/wp-content\/uploads\/2023\/07\/ituporanga_02-768x432.jpg 768w, https:\/\/franciscanos.org.br\/noticias\/wp-content\/uploads\/2023\/07\/ituporanga_02-150x84.jpg 150w\" sizes=\"(max-width: 1280px) 100vw, 1280px\" \/><\/p>\n<p>Com essas iniciativas, foi proporcionado a n\u00f3s, os aspirantes do Ensino M\u00e9dio, uma viv\u00eancia genu\u00edna do carisma franciscano, permitindo-nos conhecer mais profundamente a vida e a miss\u00e3o dos Frades Menores. Ao confrontar essa experi\u00eancia com seu pr\u00f3prio projeto de vida, podemos discernir com maior clareza o chamado a abra\u00e7ar essa voca\u00e7\u00e3o e seguir os passos de S\u00e3o Francisco de Assis.<\/p>\n<p>Pe\u00e7amos ao Senhor da Messe que nos inspire, para que possamos ser perseverantes instrumentos de paz e semeadores de humanidade. Que o Senhor continue despertando novas voca\u00e7\u00f5es para o seguimento de Cristo, que nos convida \u00e0 miss\u00e3o! Como dizia Dom Helder C\u00e2mara: \u201cMiss\u00e3o \u00e9 sempre partir, mas n\u00e3o devorar quil\u00f4metros. \u00c9 sobretudo abrir-se aos outros como irm\u00e3os, descobri-los e encontr\u00e1-los. E, se para encontr\u00e1-los e am\u00e1-los \u00e9 preciso atravessar os mares e voar l\u00e1 nos c\u00e9us, ent\u00e3o miss\u00e3o \u00e9 partir at\u00e9 os confins do mundo.&#8221;<\/p>\n<hr \/>\n<p><em>Kau\u00ea Cangirana Rozim e Cau\u00e3 Bertolacini, aspirantes<\/em><\/p>\n","protected":false},"excerpt":{"rendered":"<p>Forma\u00e7\u00e3o Inicial<\/p>\n","protected":false},"author":3,"featured_media":244127,"comment_status":"open","ping_status":"open","sticky":false,"template":"","format":"standard","meta":[],"categories":[1],"tags":[552,2056],"acf":[],"yoast_head":"<!-- This site is optimized with the Yoast SEO plugin v19.2 - https:\/\/yoast.com\/wordpress\/plugins\/seo\/ -->\n<title>Acompanhamento vocacional dos Aspirantes do Ensino M\u00e9dio faz segundo encontro em Ituporanga - Not\u00edcias - Franciscanos<\/title>\n<meta name=\"robots\" content=\"index, follow, max-snippet:-1, max-image-preview:large, max-video-preview:-1\" \/>\n<link rel=\"canonical\" href=\"https:\/\/franciscanos.org.br\/noticias\/acompanhamento-vocacional-dos-aspirantes-do-ensino-medio-faz-segundo-encontro-em-ituporanga.html\" \/>\n<meta property=\"og:locale\" content=\"pt_BR\" \/>\n<meta property=\"og:type\" content=\"article\" \/>\n<meta property=\"og:title\" content=\"Acompanhamento vocacional dos Aspirantes do Ensino M\u00e9dio faz segundo encontro em Ituporanga - Not\u00edcias - Franciscanos\" \/>\n<meta property=\"og:description\" content=\"Forma\u00e7\u00e3o Inicial\" \/>\n<meta property=\"og:url\" content=\"https:\/\/franciscanos.org.br\/noticias\/acompanhamento-vocacional-dos-aspirantes-do-ensino-medio-faz-segundo-encontro-em-ituporanga.html\" \/>\n<meta property=\"og:site_name\" content=\"Not\u00edcias - Franciscanos\" \/>\n<meta property=\"article:published_time\" content=\"2023-07-20T17:07:47+00:00\" \/>\n<meta property=\"article:modified_time\" content=\"2025-03-10T18:39:21+00:00\" \/>\n<meta property=\"og:image\" content=\"https:\/\/franciscanos.org.br\/noticias\/wp-content\/uploads\/2023\/07\/ituporanga_01.jpg\" \/>\n\t<meta property=\"og:image:width\" content=\"1280\" \/>\n\t<meta property=\"og:image:height\" content=\"720\" \/>\n\t<meta property=\"og:image:type\" content=\"image\/jpeg\" \/>\n<meta name=\"author\" content=\"moacir\" \/>\n<meta name=\"twitter:card\" content=\"summary_large_image\" \/>\n<meta name=\"twitter:label1\" content=\"Escrito por\" \/>\n\t<meta name=\"twitter:data1\" content=\"moacir\" \/>\n\t<meta name=\"twitter:label2\" content=\"Est. tempo de leitura\" \/>\n\t<meta name=\"twitter:data2\" content=\"3 minutos\" \/>\n<script type=\"application\/ld+json\" class=\"yoast-schema-graph\">{\"@context\":\"https:\/\/schema.org\",\"@graph\":[{\"@type\":\"WebSite\",\"@id\":\"https:\/\/franciscanos.org.br\/noticias\/#website\",\"url\":\"https:\/\/franciscanos.org.br\/noticias\/\",\"name\":\"Not\u00edcias - Franciscanos\",\"description\":\"Prov\u00edncia Franciscana da Imaculada Concei\u00e7\u00e3o do Brasil - Ordem dos Frades Menores - OFM\",\"potentialAction\":[{\"@type\":\"SearchAction\",\"target\":{\"@type\":\"EntryPoint\",\"urlTemplate\":\"https:\/\/franciscanos.org.br\/noticias\/?s={search_term_string}\"},\"query-input\":\"required name=search_term_string\"}],\"inLanguage\":\"pt-BR\"},{\"@type\":\"ImageObject\",\"inLanguage\":\"pt-BR\",\"@id\":\"https:\/\/franciscanos.org.br\/noticias\/acompanhamento-vocacional-dos-aspirantes-do-ensino-medio-faz-segundo-encontro-em-ituporanga.html#primaryimage\",\"url\":\"https:\/\/franciscanos.org.br\/noticias\/wp-content\/uploads\/2023\/07\/ituporanga_01.jpg\",\"contentUrl\":\"https:\/\/franciscanos.org.br\/noticias\/wp-content\/uploads\/2023\/07\/ituporanga_01.jpg\",\"width\":1280,\"height\":720},{\"@type\":\"WebPage\",\"@id\":\"https:\/\/franciscanos.org.br\/noticias\/acompanhamento-vocacional-dos-aspirantes-do-ensino-medio-faz-segundo-encontro-em-ituporanga.html#webpage\",\"url\":\"https:\/\/franciscanos.org.br\/noticias\/acompanhamento-vocacional-dos-aspirantes-do-ensino-medio-faz-segundo-encontro-em-ituporanga.html\",\"name\":\"Acompanhamento vocacional dos Aspirantes do Ensino M\u00e9dio faz segundo encontro em Ituporanga - Not\u00edcias - Franciscanos\",\"isPartOf\":{\"@id\":\"https:\/\/franciscanos.org.br\/noticias\/#website\"},\"primaryImageOfPage\":{\"@id\":\"https:\/\/franciscanos.org.br\/noticias\/acompanhamento-vocacional-dos-aspirantes-do-ensino-medio-faz-segundo-encontro-em-ituporanga.html#primaryimage\"},\"datePublished\":\"2023-07-20T17:07:47+00:00\",\"dateModified\":\"2025-03-10T18:39:21+00:00\",\"author\":{\"@id\":\"https:\/\/franciscanos.org.br\/noticias\/#\/schema\/person\/b5c8cba458c330ccff548b056e95a5d4\"},\"breadcrumb\":{\"@id\":\"https:\/\/franciscanos.org.br\/noticias\/acompanhamento-vocacional-dos-aspirantes-do-ensino-medio-faz-segundo-encontro-em-ituporanga.html#breadcrumb\"},\"inLanguage\":\"pt-BR\",\"potentialAction\":[{\"@type\":\"ReadAction\",\"target\":[\"https:\/\/franciscanos.org.br\/noticias\/acompanhamento-vocacional-dos-aspirantes-do-ensino-medio-faz-segundo-encontro-em-ituporanga.html\"]}]},{\"@type\":\"BreadcrumbList\",\"@id\":\"https:\/\/franciscanos.org.br\/noticias\/acompanhamento-vocacional-dos-aspirantes-do-ensino-medio-faz-segundo-encontro-em-ituporanga.html#breadcrumb\",\"itemListElement\":[{\"@type\":\"ListItem\",\"position\":1,\"name\":\"Home\",\"item\":\"https:\/\/franciscanos.org.br\/noticias\"},{\"@type\":\"ListItem\",\"position\":2,\"name\":\"Acompanhamento vocacional dos Aspirantes do Ensino M\u00e9dio faz segundo encontro em Ituporanga\"}]},{\"@type\":\"Person\",\"@id\":\"https:\/\/franciscanos.org.br\/noticias\/#\/schema\/person\/b5c8cba458c330ccff548b056e95a5d4\",\"name\":\"moacir\",\"image\":{\"@type\":\"ImageObject\",\"inLanguage\":\"pt-BR\",\"@id\":\"https:\/\/franciscanos.org.br\/noticias\/#\/schema\/person\/image\/\",\"url\":\"https:\/\/secure.gravatar.com\/avatar\/d08aa2ce4c8dd416d4479aa8536fcf64?s=96&d=mm&r=g\",\"contentUrl\":\"https:\/\/secure.gravatar.com\/avatar\/d08aa2ce4c8dd416d4479aa8536fcf64?s=96&d=mm&r=g\",\"caption\":\"moacir\"},\"url\":\"https:\/\/franciscanos.org.br\/noticias\/author\/moacir\"}]}<\/script>\n<!-- \/ Yoast SEO plugin. -->","yoast_head_json":{"title":"Acompanhamento vocacional dos Aspirantes do Ensino M\u00e9dio faz segundo encontro em Ituporanga - Not\u00edcias - Franciscanos","robots":{"index":"index","follow":"follow","max-snippet":"max-snippet:-1","max-image-preview":"max-image-preview:large","max-video-preview":"max-video-preview:-1"},"canonical":"https:\/\/franciscanos.org.br\/noticias\/acompanhamento-vocacional-dos-aspirantes-do-ensino-medio-faz-segundo-encontro-em-ituporanga.html","og_locale":"pt_BR","og_type":"article","og_title":"Acompanhamento vocacional dos Aspirantes do Ensino M\u00e9dio faz segundo encontro em Ituporanga - Not\u00edcias - Franciscanos","og_description":"Forma\u00e7\u00e3o Inicial","og_url":"https:\/\/franciscanos.org.br\/noticias\/acompanhamento-vocacional-dos-aspirantes-do-ensino-medio-faz-segundo-encontro-em-ituporanga.html","og_site_name":"Not\u00edcias - Franciscanos","article_published_time":"2023-07-20T17:07:47+00:00","article_modified_time":"2025-03-10T18:39:21+00:00","og_image":[{"width":1280,"height":720,"url":"https:\/\/franciscanos.org.br\/noticias\/wp-content\/uploads\/2023\/07\/ituporanga_01.jpg","type":"image\/jpeg"}],"author":"moacir","twitter_card":"summary_large_image","twitter_misc":{"Escrito por":"moacir","Est. tempo de leitura":"3 minutos"},"schema":{"@context":"https:\/\/schema.org","@graph":[{"@type":"WebSite","@id":"https:\/\/franciscanos.org.br\/noticias\/#website","url":"https:\/\/franciscanos.org.br\/noticias\/","name":"Not\u00edcias - Franciscanos","description":"Prov\u00edncia Franciscana da Imaculada Concei\u00e7\u00e3o do Brasil - Ordem dos Frades Menores - OFM","potentialAction":[{"@type":"SearchAction","target":{"@type":"EntryPoint","urlTemplate":"https:\/\/franciscanos.org.br\/noticias\/?s={search_term_string}"},"query-input":"required name=search_term_string"}],"inLanguage":"pt-BR"},{"@type":"ImageObject","inLanguage":"pt-BR","@id":"https:\/\/franciscanos.org.br\/noticias\/acompanhamento-vocacional-dos-aspirantes-do-ensino-medio-faz-segundo-encontro-em-ituporanga.html#primaryimage","url":"https:\/\/franciscanos.org.br\/noticias\/wp-content\/uploads\/2023\/07\/ituporanga_01.jpg","contentUrl":"https:\/\/franciscanos.org.br\/noticias\/wp-content\/uploads\/2023\/07\/ituporanga_01.jpg","width":1280,"height":720},{"@type":"WebPage","@id":"https:\/\/franciscanos.org.br\/noticias\/acompanhamento-vocacional-dos-aspirantes-do-ensino-medio-faz-segundo-encontro-em-ituporanga.html#webpage","url":"https:\/\/franciscanos.org.br\/noticias\/acompanhamento-vocacional-dos-aspirantes-do-ensino-medio-faz-segundo-encontro-em-ituporanga.html","name":"Acompanhamento vocacional dos Aspirantes do Ensino M\u00e9dio faz segundo encontro em Ituporanga - Not\u00edcias - Franciscanos","isPartOf":{"@id":"https:\/\/franciscanos.org.br\/noticias\/#website"},"primaryImageOfPage":{"@id":"https:\/\/franciscanos.org.br\/noticias\/acompanhamento-vocacional-dos-aspirantes-do-ensino-medio-faz-segundo-encontro-em-ituporanga.html#primaryimage"},"datePublished":"2023-07-20T17:07:47+00:00","dateModified":"2025-03-10T18:39:21+00:00","author":{"@id":"https:\/\/franciscanos.org.br\/noticias\/#\/schema\/person\/b5c8cba458c330ccff548b056e95a5d4"},"breadcrumb":{"@id":"https:\/\/franciscanos.org.br\/noticias\/acompanhamento-vocacional-dos-aspirantes-do-ensino-medio-faz-segundo-encontro-em-ituporanga.html#breadcrumb"},"inLanguage":"pt-BR","potentialAction":[{"@type":"ReadAction","target":["https:\/\/franciscanos.org.br\/noticias\/acompanhamento-vocacional-dos-aspirantes-do-ensino-medio-faz-segundo-encontro-em-ituporanga.html"]}]},{"@type":"BreadcrumbList","@id":"https:\/\/franciscanos.org.br\/noticias\/acompanhamento-vocacional-dos-aspirantes-do-ensino-medio-faz-segundo-encontro-em-ituporanga.html#breadcrumb","itemListElement":[{"@type":"ListItem","position":1,"name":"Home","item":"https:\/\/franciscanos.org.br\/noticias"},{"@type":"ListItem","position":2,"name":"Acompanhamento vocacional dos Aspirantes do Ensino M\u00e9dio faz segundo encontro em Ituporanga"}]},{"@type":"Person","@id":"https:\/\/franciscanos.org.br\/noticias\/#\/schema\/person\/b5c8cba458c330ccff548b056e95a5d4","name":"moacir","image":{"@type":"ImageObject","inLanguage":"pt-BR","@id":"https:\/\/franciscanos.org.br\/noticias\/#\/schema\/person\/image\/","url":"https:\/\/secure.gravatar.com\/avatar\/d08aa2ce4c8dd416d4479aa8536fcf64?s=96&d=mm&r=g","contentUrl":"https:\/\/secure.gravatar.com\/avatar\/d08aa2ce4c8dd416d4479aa8536fcf64?s=96&d=mm&r=g","caption":"moacir"},"url":"https:\/\/franciscanos.org.br\/noticias\/author\/moacir"}]}},"_links":{"self":[{"href":"https:\/\/franciscanos.org.br\/noticias\/wp-json\/wp\/v2\/posts\/244126"}],"collection":[{"href":"https:\/\/franciscanos.org.br\/noticias\/wp-json\/wp\/v2\/posts"}],"about":[{"href":"https:\/\/franciscanos.org.br\/noticias\/wp-json\/wp\/v2\/types\/post"}],"author":[{"embeddable":true,"href":"https:\/\/franciscanos.org.br\/noticias\/wp-json\/wp\/v2\/users\/3"}],"replies":[{"embeddable":true,"href":"https:\/\/franciscanos.org.br\/noticias\/wp-json\/wp\/v2\/comments?post=244126"}],"version-history":[{"count":1,"href":"https:\/\/franciscanos.org.br\/noticias\/wp-json\/wp\/v2\/posts\/244126\/revisions"}],"predecessor-version":[{"id":244129,"href":"https:\/\/franciscanos.org.br\/noticias\/wp-json\/wp\/v2\/posts\/244126\/revisions\/244129"}],"wp:featuredmedia":[{"embeddable":true,"href":"https:\/\/franciscanos.org.br\/noticias\/wp-json\/wp\/v2\/media\/244127"}],"wp:attachment":[{"href":"https:\/\/franciscanos.org.br\/noticias\/wp-json\/wp\/v2\/media?parent=244126"}],"wp:term":[{"taxonomy":"category","embeddable":true,"href":"https:\/\/franciscanos.org.br\/noticias\/wp-json\/wp\/v2\/categories?post=244126"},{"taxonomy":"post_tag","embeddable":true,"href":"https:\/\/franciscanos.org.br\/noticias\/wp-json\/wp\/v2\/tags?post=244126"}],"curies":[{"name":"wp","href":"https:\/\/api.w.org\/{rel}","templated":true}]}}