{"id":244112,"date":"2023-07-20T10:56:27","date_gmt":"2023-07-20T13:56:27","guid":{"rendered":"https:\/\/franciscanos.org.br\/noticias\/?p=244112"},"modified":"2023-07-20T13:59:10","modified_gmt":"2023-07-20T16:59:10","slug":"mensagem-do-ministro-provincial-para-a-festa-de-nossa-senhora-dos-anjos-perdao-de-assis","status":"publish","type":"post","link":"https:\/\/franciscanos.org.br\/noticias\/mensagem-do-ministro-provincial-para-a-festa-de-nossa-senhora-dos-anjos-perdao-de-assis.html","title":{"rendered":"Mensagem do Ministro Provincial por ocasi\u00e3o da Festa de Nossa Senhora dos Anjos\/Perd\u00e3o de Assis"},"content":{"rendered":"<div id=\"attachment_244113\" style=\"width: 1290px\" class=\"wp-caption alignnone\"><img aria-describedby=\"caption-attachment-244113\" loading=\"lazy\" class=\"wp-image-244113 size-full\" src=\"https:\/\/franciscanos.org.br\/noticias\/wp-content\/uploads\/2023\/07\/perdao_2007.jpg\" alt=\"\" width=\"1280\" height=\"720\" srcset=\"https:\/\/franciscanos.org.br\/noticias\/wp-content\/uploads\/2023\/07\/perdao_2007.jpg 1280w, https:\/\/franciscanos.org.br\/noticias\/wp-content\/uploads\/2023\/07\/perdao_2007-450x253.jpg 450w, https:\/\/franciscanos.org.br\/noticias\/wp-content\/uploads\/2023\/07\/perdao_2007-1024x576.jpg 1024w, https:\/\/franciscanos.org.br\/noticias\/wp-content\/uploads\/2023\/07\/perdao_2007-768x432.jpg 768w, https:\/\/franciscanos.org.br\/noticias\/wp-content\/uploads\/2023\/07\/perdao_2007-150x84.jpg 150w\" sizes=\"(max-width: 1280px) 100vw, 1280px\" \/><p id=\"caption-attachment-244113\" class=\"wp-caption-text\"><em>Imagem: Vitral da Par\u00f3quia S\u00e3o Francisco de Assis da Vila Clementino, em S\u00e3o Paulo<\/em><\/p><\/div>\n<p>A cada dia 2 de agosto, os franciscanos e franciscanas do mundo inteiro se mobilizam para celebrar a Festa da Porci\u00fancula; isto \u00e9, a festa que conserva a mem\u00f3ria e o vigor das origens do Movimento Franciscano.<\/p>\n<p>O nome Porci\u00fancula pode ser traduzido como \u201cuma pequena por\u00e7\u00e3o\u201d, um lugar pequeno; e esse nome est\u00e1 associado a uma igreja localizada na plan\u00edcie fora dos muros da cidade de Assis.<\/p>\n<p>Quando Francisco come\u00e7ou a ter a companhia de outros irm\u00e3os, surgiu a necessidade de encontrar um local onde pudessem habitar.<\/p>\n<p>Foi, ent\u00e3o, que a benevol\u00eancia dos monges beneditinos se somou \u00e0 inspira\u00e7\u00e3o franciscana.<\/p>\n<p><iframe loading=\"lazy\" title=\"YouTube video player\" src=\"https:\/\/www.youtube.com\/embed\/CqxCk1HeBYs\" width=\"100%\" height=\"500\" frameborder=\"0\" allowfullscreen=\"allowfullscreen\"><span data-mce-type=\"bookmark\" style=\"display: inline-block; width: 0px; overflow: hidden; line-height: 0;\" class=\"mce_SELRES_start\">\ufeff<\/span><\/iframe><\/p>\n<p>A pequena igreja na plan\u00edcie de Assis pertencia aos monges e estes permitiram que a primeira fraternidade ali se instalasse.<\/p>\n<p>Tamb\u00e9m foi nessa mesma porci\u00fancula que Clara teve seus cabelos cortados, sinal da sua consagra\u00e7\u00e3o e ades\u00e3o ao modo de vida evang\u00e9lica ali iniciado.<\/p>\n<p>Por isso, deste lugar se diz \u201c\u00e9 o fecundo ber\u00e7o da Ordem Franciscana\u201d.<\/p>\n<p>Ser o nascedouro do Movimento Franciscano j\u00e1 faria da celebrada igreja um lugar de destaque. Mas a hist\u00f3ria reservou a ela muito mais.<\/p>\n<p>Antes de ser casa dos franciscanos, j\u00e1 era casa da M\u00e3e de Deus, a Senhora dos Anjos.<\/p>\n<p>Ningu\u00e9m sabe ao certo como a igreja foi constru\u00edda. Mas muitos dizem que os anjos vinham do c\u00e9u e se juntavam aos louvores e preces que daquele lugar sagrado clamavam a intercess\u00e3o de Nossa Senhora.<\/p>\n<p>Foi um anjo que ouviu o sim de Maria, quando ela recebeu o convite para ser a M\u00e3e do Salvador.<\/p>\n<p>Foram os anjos que, com alegria e festa, acolheram Maria no c\u00e9u de corpo e alma, depois de tanta fidelidade vivida aqui na terra.<\/p>\n<p>A m\u00e3e pobre, do Cristo pobre, sempre teve a companhia dos anjos; isso deixa claro a predile\u00e7\u00e3o de Deus pelos pequeninos e por aqueles que, com liberdade, fazem a sua vontade.<\/p>\n<p>Esse jeito de Maria encantava a S\u00e3o Francisco. Por isso, o santo de Assis, que n\u00e3o queria ter nesta terra propriedade qualquer, n\u00e3o se aborreceu por sua fraternidade ter feito morada na casa de Santa Maria dos Anjos.<\/p>\n<p>Mais ainda, dizia que os irm\u00e3os nunca deveriam abandonar a Porci\u00fancula e, se um dia, fossem expulsos pela porta, deveriam retornar pelas janelas.<\/p>\n<p>Ordenar aos frades para n\u00e3o arredarem o p\u00e9 de Santa Maria dos Anjos \u00e9 a mesma coisa de dizer aos irm\u00e3os:<\/p>\n<p><strong>&#8211; Olhem o exemplo de pobreza da M\u00e3e do Senhor;<\/strong><\/p>\n<p><strong>&#8211; Inspirem-se na sua fidelidade \u00e0 convoca\u00e7\u00e3o do Pai Celeste;<\/strong><\/p>\n<p><strong>&#8211; Recorram \u00e0 sua materna prote\u00e7\u00e3o;<\/strong><\/p>\n<p><strong>&#8211; Recordem-se das motiva\u00e7\u00f5es que um dia fizeram brotar no seu cora\u00e7\u00e3o o desejo de viver o Evangelho de Nosso Senhor.<\/strong><\/p>\n<p><strong>&#8211; Para n\u00e3o esquecer para onde ir, lembrem-se de onde vieram.<\/strong><\/p>\n<p>Santa Maria dos Anjos \u00e9 lugar original. Santa Maria dos Anjos \u00e9 fonte revigorante.<\/p>\n<p>Por isso, num momento de ora\u00e7\u00e3o nesta igrejinha, Francisco de Assis foi inspirado a pedir que Santa Maria dos Anjos fosse tamb\u00e9m lugar do perd\u00e3o: ent\u00e3o ele disse \u201cpe\u00e7o que a todos quantos arrependidos e confessados, venham a visitar esta igreja, lhes seja concedido amplo e generoso perd\u00e3o, com uma completa remiss\u00e3o de todas as culpas\u201d.<\/p>\n<p>O perd\u00e3o reconstitui os la\u00e7os que nos unem a Deus.<\/p>\n<p>O perd\u00e3o tem o dom de nos devolver a integridade original.<\/p>\n<p>O perd\u00e3o \u00e9 dom que revigora em n\u00f3s a capacidade de recome\u00e7ar sempre de novo.<\/p>\n<p>O perd\u00e3o tem o cond\u00e3o de esvaziar nosso cora\u00e7\u00e3o da inveja, da gan\u00e2ncia, da intoler\u00e2ncia, da viol\u00eancia, do des\u00e2nimo, do medo, da mentira e da morte.<\/p>\n<p>Por isso, neste dia de festa, convido a cada um dos meus irm\u00e3os e irm\u00e3s: vamos a Santa Maria!<\/p>\n<p>Vamos nos vestir do perd\u00e3o que Deus generosamente nos concede.<\/p>\n<p>Vamos recome\u00e7ar.<\/p>\n<p>Vamos, juntos, ao Para\u00edso!<\/p>\n<p style=\"padding-left: 40px;\"><em>Paz e Bem!<\/em><\/p>\n<hr \/>\n<p style=\"text-align: center;\"><strong>ORA\u00c7\u00c3O<\/strong><\/p>\n<p style=\"padding-left: 80px;\"><em>\u00d3, Nossa Senhora dos Anjos,<\/em><\/p>\n<p style=\"padding-left: 80px;\"><em>S\u00e3o Francisco depositou na vossa presen\u00e7a materna uma grande confian\u00e7a e devo\u00e7\u00e3o, sendo atendido em seus pedidos.<\/em><\/p>\n<p style=\"padding-left: 80px;\"><em>Continuai a dispensar os vossos favores sobre n\u00f3s e sobre nossas necessidades.<\/em><\/p>\n<p style=\"padding-left: 80px;\"><em>N\u00f3s vos suplicamos, dai-nos a gra\u00e7a da penit\u00eancia dos pecados, a corre\u00e7\u00e3o de nossas m\u00e1s inclina\u00e7\u00f5es e o fortalecimento nos momentos de fraqueza.<\/em><\/p>\n<p style=\"padding-left: 80px;\"><em>V\u00f3s, \u00f3 M\u00e3e, manifestastes a S\u00e3o Francisco o grande desejo de reconciliar os pecadores com Jesus, que se entregou em uma cruz para nos salvar. Rogai por n\u00f3s, agora e na hora de nossa morte.<\/em><\/p>\n<p style=\"padding-left: 80px;\"><em>Am\u00e9m<\/em><\/p>\n<p>&nbsp;<\/p>\n<p style=\"text-align: left; padding-left: 40px;\"><strong>FREI PAULO ROBERTO PEREIRA<\/strong><\/p>\n<p style=\"text-align: left; padding-left: 40px;\"><em>Ministro Provincial<\/em><\/p>\n<p style=\"text-align: left; padding-left: 40px;\"><em>Prov\u00edncia Franciscana da Imaculada Concei\u00e7\u00e3o<\/em><\/p>\n","protected":false},"excerpt":{"rendered":"<p>Mensagem <\/p>\n","protected":false},"author":3,"featured_media":244113,"comment_status":"open","ping_status":"open","sticky":false,"template":"","format":"standard","meta":[],"categories":[1],"tags":[1179],"acf":[],"yoast_head":"<!-- This site is optimized with the Yoast SEO plugin v19.2 - https:\/\/yoast.com\/wordpress\/plugins\/seo\/ -->\n<title>Mensagem do Ministro Provincial por ocasi\u00e3o da Festa de Nossa Senhora dos Anjos\/Perd\u00e3o de Assis - Not\u00edcias - Franciscanos<\/title>\n<meta name=\"robots\" content=\"index, follow, max-snippet:-1, max-image-preview:large, max-video-preview:-1\" \/>\n<link rel=\"canonical\" href=\"https:\/\/franciscanos.org.br\/noticias\/mensagem-do-ministro-provincial-para-a-festa-de-nossa-senhora-dos-anjos-perdao-de-assis.html\" \/>\n<meta property=\"og:locale\" content=\"pt_BR\" \/>\n<meta property=\"og:type\" content=\"article\" \/>\n<meta property=\"og:title\" content=\"Mensagem do Ministro Provincial por ocasi\u00e3o da Festa de Nossa Senhora dos Anjos\/Perd\u00e3o de Assis - Not\u00edcias - Franciscanos\" \/>\n<meta property=\"og:description\" content=\"Mensagem\" \/>\n<meta property=\"og:url\" content=\"https:\/\/franciscanos.org.br\/noticias\/mensagem-do-ministro-provincial-para-a-festa-de-nossa-senhora-dos-anjos-perdao-de-assis.html\" \/>\n<meta property=\"og:site_name\" content=\"Not\u00edcias - Franciscanos\" \/>\n<meta property=\"article:published_time\" content=\"2023-07-20T13:56:27+00:00\" \/>\n<meta property=\"article:modified_time\" content=\"2023-07-20T16:59:10+00:00\" \/>\n<meta property=\"og:image\" content=\"https:\/\/franciscanos.org.br\/noticias\/wp-content\/uploads\/2023\/07\/perdao_2007.jpg\" \/>\n\t<meta property=\"og:image:width\" content=\"1280\" \/>\n\t<meta property=\"og:image:height\" content=\"720\" \/>\n\t<meta property=\"og:image:type\" content=\"image\/jpeg\" \/>\n<meta name=\"author\" content=\"moacir\" \/>\n<meta name=\"twitter:card\" content=\"summary_large_image\" \/>\n<meta name=\"twitter:label1\" content=\"Escrito por\" \/>\n\t<meta name=\"twitter:data1\" content=\"moacir\" \/>\n\t<meta name=\"twitter:label2\" content=\"Est. tempo de leitura\" \/>\n\t<meta name=\"twitter:data2\" content=\"4 minutos\" \/>\n<script type=\"application\/ld+json\" class=\"yoast-schema-graph\">{\"@context\":\"https:\/\/schema.org\",\"@graph\":[{\"@type\":\"WebSite\",\"@id\":\"https:\/\/franciscanos.org.br\/noticias\/#website\",\"url\":\"https:\/\/franciscanos.org.br\/noticias\/\",\"name\":\"Not\u00edcias - Franciscanos\",\"description\":\"Prov\u00edncia Franciscana da Imaculada Concei\u00e7\u00e3o do Brasil - Ordem dos Frades Menores - OFM\",\"potentialAction\":[{\"@type\":\"SearchAction\",\"target\":{\"@type\":\"EntryPoint\",\"urlTemplate\":\"https:\/\/franciscanos.org.br\/noticias\/?s={search_term_string}\"},\"query-input\":\"required name=search_term_string\"}],\"inLanguage\":\"pt-BR\"},{\"@type\":\"ImageObject\",\"inLanguage\":\"pt-BR\",\"@id\":\"https:\/\/franciscanos.org.br\/noticias\/mensagem-do-ministro-provincial-para-a-festa-de-nossa-senhora-dos-anjos-perdao-de-assis.html#primaryimage\",\"url\":\"https:\/\/franciscanos.org.br\/noticias\/wp-content\/uploads\/2023\/07\/perdao_2007.jpg\",\"contentUrl\":\"https:\/\/franciscanos.org.br\/noticias\/wp-content\/uploads\/2023\/07\/perdao_2007.jpg\",\"width\":1280,\"height\":720},{\"@type\":\"WebPage\",\"@id\":\"https:\/\/franciscanos.org.br\/noticias\/mensagem-do-ministro-provincial-para-a-festa-de-nossa-senhora-dos-anjos-perdao-de-assis.html#webpage\",\"url\":\"https:\/\/franciscanos.org.br\/noticias\/mensagem-do-ministro-provincial-para-a-festa-de-nossa-senhora-dos-anjos-perdao-de-assis.html\",\"name\":\"Mensagem do Ministro Provincial por ocasi\u00e3o da Festa de Nossa Senhora dos Anjos\/Perd\u00e3o de Assis - Not\u00edcias - Franciscanos\",\"isPartOf\":{\"@id\":\"https:\/\/franciscanos.org.br\/noticias\/#website\"},\"primaryImageOfPage\":{\"@id\":\"https:\/\/franciscanos.org.br\/noticias\/mensagem-do-ministro-provincial-para-a-festa-de-nossa-senhora-dos-anjos-perdao-de-assis.html#primaryimage\"},\"datePublished\":\"2023-07-20T13:56:27+00:00\",\"dateModified\":\"2023-07-20T16:59:10+00:00\",\"author\":{\"@id\":\"https:\/\/franciscanos.org.br\/noticias\/#\/schema\/person\/b5c8cba458c330ccff548b056e95a5d4\"},\"breadcrumb\":{\"@id\":\"https:\/\/franciscanos.org.br\/noticias\/mensagem-do-ministro-provincial-para-a-festa-de-nossa-senhora-dos-anjos-perdao-de-assis.html#breadcrumb\"},\"inLanguage\":\"pt-BR\",\"potentialAction\":[{\"@type\":\"ReadAction\",\"target\":[\"https:\/\/franciscanos.org.br\/noticias\/mensagem-do-ministro-provincial-para-a-festa-de-nossa-senhora-dos-anjos-perdao-de-assis.html\"]}]},{\"@type\":\"BreadcrumbList\",\"@id\":\"https:\/\/franciscanos.org.br\/noticias\/mensagem-do-ministro-provincial-para-a-festa-de-nossa-senhora-dos-anjos-perdao-de-assis.html#breadcrumb\",\"itemListElement\":[{\"@type\":\"ListItem\",\"position\":1,\"name\":\"Home\",\"item\":\"https:\/\/franciscanos.org.br\/noticias\"},{\"@type\":\"ListItem\",\"position\":2,\"name\":\"Mensagem do Ministro Provincial por ocasi\u00e3o da Festa de Nossa Senhora dos Anjos\/Perd\u00e3o de Assis\"}]},{\"@type\":\"Person\",\"@id\":\"https:\/\/franciscanos.org.br\/noticias\/#\/schema\/person\/b5c8cba458c330ccff548b056e95a5d4\",\"name\":\"moacir\",\"image\":{\"@type\":\"ImageObject\",\"inLanguage\":\"pt-BR\",\"@id\":\"https:\/\/franciscanos.org.br\/noticias\/#\/schema\/person\/image\/\",\"url\":\"https:\/\/secure.gravatar.com\/avatar\/d08aa2ce4c8dd416d4479aa8536fcf64?s=96&d=mm&r=g\",\"contentUrl\":\"https:\/\/secure.gravatar.com\/avatar\/d08aa2ce4c8dd416d4479aa8536fcf64?s=96&d=mm&r=g\",\"caption\":\"moacir\"},\"url\":\"https:\/\/franciscanos.org.br\/noticias\/author\/moacir\"}]}<\/script>\n<!-- \/ Yoast SEO plugin. -->","yoast_head_json":{"title":"Mensagem do Ministro Provincial por ocasi\u00e3o da Festa de Nossa Senhora dos Anjos\/Perd\u00e3o de Assis - Not\u00edcias - Franciscanos","robots":{"index":"index","follow":"follow","max-snippet":"max-snippet:-1","max-image-preview":"max-image-preview:large","max-video-preview":"max-video-preview:-1"},"canonical":"https:\/\/franciscanos.org.br\/noticias\/mensagem-do-ministro-provincial-para-a-festa-de-nossa-senhora-dos-anjos-perdao-de-assis.html","og_locale":"pt_BR","og_type":"article","og_title":"Mensagem do Ministro Provincial por ocasi\u00e3o da Festa de Nossa Senhora dos Anjos\/Perd\u00e3o de Assis - Not\u00edcias - Franciscanos","og_description":"Mensagem","og_url":"https:\/\/franciscanos.org.br\/noticias\/mensagem-do-ministro-provincial-para-a-festa-de-nossa-senhora-dos-anjos-perdao-de-assis.html","og_site_name":"Not\u00edcias - Franciscanos","article_published_time":"2023-07-20T13:56:27+00:00","article_modified_time":"2023-07-20T16:59:10+00:00","og_image":[{"width":1280,"height":720,"url":"https:\/\/franciscanos.org.br\/noticias\/wp-content\/uploads\/2023\/07\/perdao_2007.jpg","type":"image\/jpeg"}],"author":"moacir","twitter_card":"summary_large_image","twitter_misc":{"Escrito por":"moacir","Est. tempo de leitura":"4 minutos"},"schema":{"@context":"https:\/\/schema.org","@graph":[{"@type":"WebSite","@id":"https:\/\/franciscanos.org.br\/noticias\/#website","url":"https:\/\/franciscanos.org.br\/noticias\/","name":"Not\u00edcias - Franciscanos","description":"Prov\u00edncia Franciscana da Imaculada Concei\u00e7\u00e3o do Brasil - Ordem dos Frades Menores - OFM","potentialAction":[{"@type":"SearchAction","target":{"@type":"EntryPoint","urlTemplate":"https:\/\/franciscanos.org.br\/noticias\/?s={search_term_string}"},"query-input":"required name=search_term_string"}],"inLanguage":"pt-BR"},{"@type":"ImageObject","inLanguage":"pt-BR","@id":"https:\/\/franciscanos.org.br\/noticias\/mensagem-do-ministro-provincial-para-a-festa-de-nossa-senhora-dos-anjos-perdao-de-assis.html#primaryimage","url":"https:\/\/franciscanos.org.br\/noticias\/wp-content\/uploads\/2023\/07\/perdao_2007.jpg","contentUrl":"https:\/\/franciscanos.org.br\/noticias\/wp-content\/uploads\/2023\/07\/perdao_2007.jpg","width":1280,"height":720},{"@type":"WebPage","@id":"https:\/\/franciscanos.org.br\/noticias\/mensagem-do-ministro-provincial-para-a-festa-de-nossa-senhora-dos-anjos-perdao-de-assis.html#webpage","url":"https:\/\/franciscanos.org.br\/noticias\/mensagem-do-ministro-provincial-para-a-festa-de-nossa-senhora-dos-anjos-perdao-de-assis.html","name":"Mensagem do Ministro Provincial por ocasi\u00e3o da Festa de Nossa Senhora dos Anjos\/Perd\u00e3o de Assis - Not\u00edcias - Franciscanos","isPartOf":{"@id":"https:\/\/franciscanos.org.br\/noticias\/#website"},"primaryImageOfPage":{"@id":"https:\/\/franciscanos.org.br\/noticias\/mensagem-do-ministro-provincial-para-a-festa-de-nossa-senhora-dos-anjos-perdao-de-assis.html#primaryimage"},"datePublished":"2023-07-20T13:56:27+00:00","dateModified":"2023-07-20T16:59:10+00:00","author":{"@id":"https:\/\/franciscanos.org.br\/noticias\/#\/schema\/person\/b5c8cba458c330ccff548b056e95a5d4"},"breadcrumb":{"@id":"https:\/\/franciscanos.org.br\/noticias\/mensagem-do-ministro-provincial-para-a-festa-de-nossa-senhora-dos-anjos-perdao-de-assis.html#breadcrumb"},"inLanguage":"pt-BR","potentialAction":[{"@type":"ReadAction","target":["https:\/\/franciscanos.org.br\/noticias\/mensagem-do-ministro-provincial-para-a-festa-de-nossa-senhora-dos-anjos-perdao-de-assis.html"]}]},{"@type":"BreadcrumbList","@id":"https:\/\/franciscanos.org.br\/noticias\/mensagem-do-ministro-provincial-para-a-festa-de-nossa-senhora-dos-anjos-perdao-de-assis.html#breadcrumb","itemListElement":[{"@type":"ListItem","position":1,"name":"Home","item":"https:\/\/franciscanos.org.br\/noticias"},{"@type":"ListItem","position":2,"name":"Mensagem do Ministro Provincial por ocasi\u00e3o da Festa de Nossa Senhora dos Anjos\/Perd\u00e3o de Assis"}]},{"@type":"Person","@id":"https:\/\/franciscanos.org.br\/noticias\/#\/schema\/person\/b5c8cba458c330ccff548b056e95a5d4","name":"moacir","image":{"@type":"ImageObject","inLanguage":"pt-BR","@id":"https:\/\/franciscanos.org.br\/noticias\/#\/schema\/person\/image\/","url":"https:\/\/secure.gravatar.com\/avatar\/d08aa2ce4c8dd416d4479aa8536fcf64?s=96&d=mm&r=g","contentUrl":"https:\/\/secure.gravatar.com\/avatar\/d08aa2ce4c8dd416d4479aa8536fcf64?s=96&d=mm&r=g","caption":"moacir"},"url":"https:\/\/franciscanos.org.br\/noticias\/author\/moacir"}]}},"_links":{"self":[{"href":"https:\/\/franciscanos.org.br\/noticias\/wp-json\/wp\/v2\/posts\/244112"}],"collection":[{"href":"https:\/\/franciscanos.org.br\/noticias\/wp-json\/wp\/v2\/posts"}],"about":[{"href":"https:\/\/franciscanos.org.br\/noticias\/wp-json\/wp\/v2\/types\/post"}],"author":[{"embeddable":true,"href":"https:\/\/franciscanos.org.br\/noticias\/wp-json\/wp\/v2\/users\/3"}],"replies":[{"embeddable":true,"href":"https:\/\/franciscanos.org.br\/noticias\/wp-json\/wp\/v2\/comments?post=244112"}],"version-history":[{"count":12,"href":"https:\/\/franciscanos.org.br\/noticias\/wp-json\/wp\/v2\/posts\/244112\/revisions"}],"predecessor-version":[{"id":244125,"href":"https:\/\/franciscanos.org.br\/noticias\/wp-json\/wp\/v2\/posts\/244112\/revisions\/244125"}],"wp:featuredmedia":[{"embeddable":true,"href":"https:\/\/franciscanos.org.br\/noticias\/wp-json\/wp\/v2\/media\/244113"}],"wp:attachment":[{"href":"https:\/\/franciscanos.org.br\/noticias\/wp-json\/wp\/v2\/media?parent=244112"}],"wp:term":[{"taxonomy":"category","embeddable":true,"href":"https:\/\/franciscanos.org.br\/noticias\/wp-json\/wp\/v2\/categories?post=244112"},{"taxonomy":"post_tag","embeddable":true,"href":"https:\/\/franciscanos.org.br\/noticias\/wp-json\/wp\/v2\/tags?post=244112"}],"curies":[{"name":"wp","href":"https:\/\/api.w.org\/{rel}","templated":true}]}}