{"id":244108,"date":"2023-07-20T06:52:20","date_gmt":"2023-07-20T09:52:20","guid":{"rendered":"https:\/\/franciscanos.org.br\/noticias\/?p=244108"},"modified":"2023-07-20T06:52:20","modified_gmt":"2023-07-20T09:52:20","slug":"papa-francisco-envia-mensagens-em-video-aos-participantes-do-15o-interclesial-das-cebs-sigam-trabalhando-vao-adiante","status":"publish","type":"post","link":"https:\/\/franciscanos.org.br\/noticias\/papa-francisco-envia-mensagens-em-video-aos-participantes-do-15o-interclesial-das-cebs-sigam-trabalhando-vao-adiante.html","title":{"rendered":"Papa Francisco envia mensagens em v\u00eddeo aos participantes do 15\u00ba Interclesial das CEBs: &#8220;Sigam trabalhando. V\u00e3o adiante!&#8221;"},"content":{"rendered":"<p><img loading=\"lazy\" class=\"alignnone size-full wp-image-244109\" src=\"https:\/\/franciscanos.org.br\/noticias\/wp-content\/uploads\/2023\/07\/interclesial_20.jpg\" alt=\"\" width=\"1200\" height=\"720\" srcset=\"https:\/\/franciscanos.org.br\/noticias\/wp-content\/uploads\/2023\/07\/interclesial_20.jpg 1200w, https:\/\/franciscanos.org.br\/noticias\/wp-content\/uploads\/2023\/07\/interclesial_20-450x270.jpg 450w, https:\/\/franciscanos.org.br\/noticias\/wp-content\/uploads\/2023\/07\/interclesial_20-1024x614.jpg 1024w, https:\/\/franciscanos.org.br\/noticias\/wp-content\/uploads\/2023\/07\/interclesial_20-768x461.jpg 768w, https:\/\/franciscanos.org.br\/noticias\/wp-content\/uploads\/2023\/07\/interclesial_20-150x90.jpg 150w\" sizes=\"(max-width: 1200px) 100vw, 1200px\" \/><\/p>\n<p>Na noite da ter\u00e7a-feira, 18 de julho, aconteceu a celebra\u00e7\u00e3o de abertura do 15\u00ba Encontro Intereclesial das Comunidades Eclesiais de Base (CEBs), em Rondon\u00f3polis\/MT, no Centro de Eventos Santa Terezinha. O tom foi de valoriza\u00e7\u00e3o da atua\u00e7\u00e3o religiosa de leigas e leigos, da diversidade cultural e de cr\u00edtica ao modelo socioecon\u00f4mico voltado ao extrativismo dos recursos naturais.<\/p>\n<p>A celebra\u00e7\u00e3o abriu oficialmente o Intereclesial que se estende at\u00e9 o dia 22 (s\u00e1bado), reunindo cerca de 1,5 mil representantes das CEBs de todo o Brasil, al\u00e9m religiosas e religiosos, lideran\u00e7as de organismos ligados \u00e0 Igreja Cat\u00f3lica, a outras denomina\u00e7\u00f5es crist\u00e3s e express\u00f5es espirituais, movimentos sociais e populares. Participam do intereclesial 63 bispos.<\/p>\n<p>O Papa Francisco enviou uma mensagem aos participantes do encontro dizendo querer-se fazer pr\u00f3ximo do 15\u00ba Intereclesial de CEBs. O Santo Padre pediu aos participantes para seguirem trabalhando e para n\u00e3o se esquecerem de buscar sintonia com o tema: \u201cIgreja em Sa\u00edda\u201d. O Papa comparou a Igreja como a \u00e1gua. \u201cSe a \u00e1gua n\u00e3o corre no rio, fica estagnada e adoece. A Igreja quando sai, caminha, se sente mais forte\u201d, disse.<\/p>\n<h3>Confira o v\u00eddeo que o Papa enviou aos participantes:<\/h3>\n<p><iframe loading=\"lazy\" title=\"YouTube video player\" src=\"https:\/\/www.youtube.com\/embed\/4x0GlOg1aUs\" width=\"100%\" height=\"500\" frameborder=\"0\" allowfullscreen=\"allowfullscreen\"><span data-mce-type=\"bookmark\" style=\"display: inline-block; width: 0px; overflow: hidden; line-height: 0;\" class=\"mce_SELRES_start\">\ufeff<\/span><\/iframe><\/p>\n<h3>Cultura popular e biomas brasileiros<\/h3>\n<p>Os milhares de participantes da cerim\u00f4nia sentaram-se em cadeiras dispostas ao redor de um grande palco, que funcionou como altar. A celebra\u00e7\u00e3o foi conduzida pela Equipe de Liturgia do Intereclesial, um grupo de leigas e leigos trajados com t\u00fanicas que destacavam a simbologia afro-brasileira e ind\u00edgena. A mesa do altar estava coberta por uma toalha feita de retalhos de tecido, destacando o car\u00e1ter popular da Igreja.<\/p>\n<p>A cerim\u00f4nia de abertura teve v\u00e1rias prociss\u00f5es, m\u00fasicas e men\u00e7\u00f5es verbais que valorizaram as comunidades ind\u00edgenas, quilombolas, pessoas que vivem da agricultura familiar ou est\u00e3o em acampamentos provis\u00f3rios, pescadores, trabalhadoras e trabalhadores urbanos, mulheres artes\u00e3s, migrantes e imigrantes, entre outros grupos sociais que comp\u00f5em o povo brasileiro. Delega\u00e7\u00f5es de representantes das regi\u00f5es Norte, Nordeste, Centro-Oeste, Sul e Sudeste foram lembradas e homenageadas pela associa\u00e7\u00e3o com seus biomas (Amaz\u00f4nia, Caatinga, Cerrado, Pantanal, Pampa e Mata Atl\u00e2ntica) e pela disposi\u00e7\u00e3o hist\u00f3rica \u00e0 luta e resist\u00eancia populares.<\/p>\n<p>Em seguida a hist\u00f3ria dos Intereclesiais foi lembrada por uma mescla entre informa\u00e7\u00f5es ditas ao microfone e entradas com os estandartes referentes a cada uma das edi\u00e7\u00f5es do encontro, desde o primeiro, em Vit\u00f3ria (ES), em 1975, at\u00e9 a atual, em Rondon\u00f3polis (MT).<\/p>\n<p>A proclama\u00e7\u00e3o da abertura oficial do 15\u00ba Intereclesial ocorreu a partir de uma fala do bispo da diocese de Rondon\u00f3polis-Guiratinga, dom Maur\u00edcio Jardim. Ele agradeceu a presen\u00e7a dos participantes e recordou do bispo anterior, dom Juventino Kestering, falecido em 2022, que foi quem assumiu o compromisso de acolher o Intereclesial na diocese. Um grande banner contendo a imagem de dom Juventino e uma de suas frases emblem\u00e1ticas \u2013 \u201cSa\u00fade aos doentes, alegria aos tristes e esperan\u00e7a aos desanimados\u201d \u2013 foi exposto perante o p\u00fablico, que fez uma sess\u00e3o de aplausos em sua mem\u00f3ria.<\/p>\n<p><img loading=\"lazy\" class=\"alignnone size-full wp-image-244110\" src=\"https:\/\/franciscanos.org.br\/noticias\/wp-content\/uploads\/2023\/07\/interclesial.jpg\" alt=\"\" width=\"1200\" height=\"720\" srcset=\"https:\/\/franciscanos.org.br\/noticias\/wp-content\/uploads\/2023\/07\/interclesial.jpg 1200w, https:\/\/franciscanos.org.br\/noticias\/wp-content\/uploads\/2023\/07\/interclesial-450x270.jpg 450w, https:\/\/franciscanos.org.br\/noticias\/wp-content\/uploads\/2023\/07\/interclesial-1024x614.jpg 1024w, https:\/\/franciscanos.org.br\/noticias\/wp-content\/uploads\/2023\/07\/interclesial-768x461.jpg 768w, https:\/\/franciscanos.org.br\/noticias\/wp-content\/uploads\/2023\/07\/interclesial-150x90.jpg 150w\" sizes=\"(max-width: 1200px) 100vw, 1200px\" \/><\/p>\n<h3><strong>SEGUNDO DIA<\/strong><\/h3>\n<p>O ataque \u00e0s minorias e a uma espiritualidade comprometida com a transforma\u00e7\u00e3o social, assim como a cria\u00e7\u00e3o de espa\u00e7os de resist\u00eancia e a articula\u00e7\u00e3o popular correspondem aos maiores impactos da realidade do pa\u00eds e da Igreja sobre a caminhada pastoral das Comunidades Eclesiais de Base (CEBs). Prevalece uma clericaliza\u00e7\u00e3o sobretudo dos padres novos, sem generalizar, que v\u00e3o disseminando essas ideias no meio dos leigos. \u201cO clericalismo \u00e9 uma pervers\u00e3o na Igreja\u201d (Papa Francisco).<\/p>\n<p>Esse \u00e9 um dos pontos do levantamento feito pelos regionais e apresentado pelos cerca de 150 representantes de comunidades dos regionais Oeste 1 (Mato Grosso do Sul) e Sul 1 (S\u00e3o Paulo), destacado nesta quarta-feira (19), no segundo dia do 15\u00ba Intereclesial das CEBs, que se estende at\u00e9 o s\u00e1bado (22), em Rondon\u00f3polis\/MT.<\/p>\n<p>O encontro trata do tema \u201cCEBs \u2013 Igreja em sa\u00edda na busca da vida plena para todos e todas\u201d e busca refletir acerca do impacto da realidade do pa\u00eds e eclesial sobre as CEBs; assim como sobre os gritos e desafios em vista de sua supera\u00e7\u00e3o. O Intereclesial tem a participa\u00e7\u00e3o de aproximadamente 1,5 mil representantes das CEBs de todo o Brasil, al\u00e9m religiosas e religiosos, bispos, lideran\u00e7as de organismos ligados \u00e0 Igreja Cat\u00f3lica, e outras denomina\u00e7\u00f5es crist\u00e3s e express\u00f5es espirituais, movimentos sociais e populares.<\/p>\n<p>Reunidos no Centro de Eventos Santa Terezinha, no bairro Jardim Belo Horizonte, na plen\u00e1ria chamada \u201cCasa Comum\u201d, os representantes das CEBs de Mato Grosso do Sul e S\u00e3o Paulo discutiram e socializaram suas impress\u00f5es a partir de uma metodologia participativa, caracterizada pela escuta, pelo trabalho em grupo e o di\u00e1logo em plen\u00e1ria. Entre as CEBs e os meios populares essa forma de trabalho diz respeito ao m\u00e9todo \u201cver-julgar-agir\u201d. Ver a realidade social e eclesial, avali\u00e1-la \u00e0 luz da interpreta\u00e7\u00e3o popular da B\u00edblia e dos par\u00e2metros que orientam a atua\u00e7\u00e3o pastoral da Igreja e, por fim, desenvolver a\u00e7\u00f5es para transformar a situa\u00e7\u00e3o atual.<\/p>\n<p>Esse mesmo tipo de atividade ocorreu ao longo do dia nas demais plen\u00e1rias do Intereclesial, distribu\u00eddas em comunidades de Rondon\u00f3polis, que receberam nomes dos biomas brasileiros (\u201cAmaz\u00f4nia\u201d, \u201cCaatinga\u201d, \u201cCerrado\u201d, \u201cMata Atl\u00e2ntica\u201d, \u201cPampa\u201d e \u201cPantanal\u201d).<\/p>\n<p>Diversas m\u00fasicas dos cancioneiros das CEBs, dos movimentos sociais e da MPB entremearam as coloca\u00e7\u00f5es dos representantes. Entre elas, \u201cC\u00e1lice\u201d (Chico Buarque e Gilberto Gil), \u201cNegra Mariama\u201d (Maria Cec\u00edlia Domezi), \u201cEu vim para que todos tenham vida\u201d (Jos\u00e9 Weber), \u201cUtopia\u201d (Z\u00e9 Vicente), \u201cEu sou feliz \u00e9 na comunidade\u201d (Maria Batista dos Santos) e \u201cP\u00e3o da igualdade\u201d (Cecilia Vaz Castilho).<\/p>\n<p>\u201cAs CEBs s\u00e3o formadas por pessoas que lutam pelos direitos de todos e principalmente de quem mais necessita, j\u00e1 os grandes visam mais o agroneg\u00f3cio e prejudicam os pequenos. Sou agricultora e sei o quanto a gente padece nas m\u00e3os dos grandes, mas a gente tem conseguindo muita coisa no assentamento, atrav\u00e9s de muito sacrif\u00edcio, luta e das cooperativas\u201d. Palavras da agricultora Irley Menezes, que mora no Assentamento Itamarati 2, no munic\u00edpio de Ponta Por\u00e3, na fronteira de Mato Grosso do Sul com o Paraguai, representante do Regional Oeste 1 das CEBs. Ela acrescentou que as CEBs se contrap\u00f5em ao esplendor da institui\u00e7\u00e3o religiosa representada por uma vis\u00e3o hier\u00e1rquica e oficial, sendo uma \u201cIgreja em sa\u00edda\u201d, como defende o papa Francisco. \u201cSomos uma Igreja \u2018p\u00e9 no ch\u00e3o\u2019, que n\u00e3o fica s\u00f3 na ora\u00e7\u00e3o\u201d, destacou.<\/p>\n<p>Alex Rossi, da Comunidade S\u00e3o Francisco, par\u00f3quia de mesmo nome, no munic\u00edpio de Pen\u00e1polis (SP), assinalou que o processo hist\u00f3rico e a situa\u00e7\u00e3o atual interferem na caminhada pastoral das Comunidades Eclesiais de Base. \u201cO patriarcalismo, o latif\u00fandio, o autoritarismo e o racismo impactam na realidade das CEBs, assim como este momento de \u00f3dio e polariza\u00e7\u00e3o pol\u00edtica que vivemos na atualidade\u201d, pontuou. Al\u00e9m disso, a estrutura clericalista, de car\u00e1ter oficial, hier\u00e1rquico e conservador promove \u201cleigos clericalizados, contra a l\u00f3gica da comunidade\u201d. \u201cPor isso, hoje em dia, ser de comunidade \u00e9 ser contra a l\u00f3gica clericalista e contra o neoliberalismo, que olha o pr\u00f3prio umbigo e n\u00e3o quer comunidade\u201d, exp\u00f4s o representante do Regional Sul 1. Alex<\/p>\n<h3>Programa\u00e7\u00e3o<\/h3>\n<p>Nesta quinta-feira pela manh\u00e3 (quinta, 20) os participantes do Intereclesial v\u00e3o se reunir no Centro de Eventos Santa Terezinha (\u201cCasa Comum\u201d) para partilhar o que foi discutido no \u201cver\u201d e desenvolver o processo do \u201cjulgar\u201d (discernir, iluminar) com base nos assuntos que comp\u00f5em o encontro: educa\u00e7\u00e3o; ecologia integral; economia de Francisco e Clara; poder e sinodalidade na Igreja; e dimens\u00e3o pol\u00edtico-social.<\/p>\n<p>A partir das 13h15, ter\u00e1 in\u00edcio a Feira da Economia Solid\u00e1ria na Feira do bairro Vila Aurora, com visita\u00e7\u00e3o e compra aberta \u00e0 popula\u00e7\u00e3o da cidade. Em paralelo, at\u00e9 as 17h os representantes das CEBs v\u00e3o continuar as reflex\u00f5es nas plen\u00e1rias\/biomas; em seguida se deslocar\u00e3o para o local de realiza\u00e7\u00e3o da feira. \u00c0 noite, no mesmo lugar, haver\u00e1 shows com artistas atuantes na caminhada pastoral das comunidades.<\/p>\n<hr \/>\n<p><em>Fotos: Comunica\u00e7\u00e3o 15\u00ba Intereclesial (<a href=\"https:\/\/cebsdobrasil.com.br\/\">https:\/\/cebsdobrasil.com.br\/<\/a>)<\/em><\/p>\n","protected":false},"excerpt":{"rendered":"<p>15\u00ba Encontro Intereclesial das Comunidades Eclesiais de Base<\/p>\n","protected":false},"author":3,"featured_media":244109,"comment_status":"open","ping_status":"open","sticky":false,"template":"","format":"standard","meta":[],"categories":[1],"tags":[2150],"acf":[],"yoast_head":"<!-- This site is optimized with the Yoast SEO plugin v19.2 - https:\/\/yoast.com\/wordpress\/plugins\/seo\/ -->\n<title>Papa Francisco envia mensagens em v\u00eddeo aos participantes do 15\u00ba Interclesial das CEBs: &quot;Sigam trabalhando. V\u00e3o adiante!&quot; - Not\u00edcias - Franciscanos<\/title>\n<meta name=\"robots\" content=\"index, follow, max-snippet:-1, max-image-preview:large, max-video-preview:-1\" \/>\n<link rel=\"canonical\" href=\"https:\/\/franciscanos.org.br\/noticias\/papa-francisco-envia-mensagens-em-video-aos-participantes-do-15o-interclesial-das-cebs-sigam-trabalhando-vao-adiante.html\" \/>\n<meta property=\"og:locale\" content=\"pt_BR\" \/>\n<meta property=\"og:type\" content=\"article\" \/>\n<meta property=\"og:title\" content=\"Papa Francisco envia mensagens em v\u00eddeo aos participantes do 15\u00ba Interclesial das CEBs: &quot;Sigam trabalhando. V\u00e3o adiante!&quot; - Not\u00edcias - Franciscanos\" \/>\n<meta property=\"og:description\" content=\"15\u00ba Encontro Intereclesial das Comunidades Eclesiais de Base\" \/>\n<meta property=\"og:url\" content=\"https:\/\/franciscanos.org.br\/noticias\/papa-francisco-envia-mensagens-em-video-aos-participantes-do-15o-interclesial-das-cebs-sigam-trabalhando-vao-adiante.html\" \/>\n<meta property=\"og:site_name\" content=\"Not\u00edcias - Franciscanos\" \/>\n<meta property=\"article:published_time\" content=\"2023-07-20T09:52:20+00:00\" \/>\n<meta property=\"og:image\" content=\"https:\/\/franciscanos.org.br\/noticias\/wp-content\/uploads\/2023\/07\/interclesial_20.jpg\" \/>\n\t<meta property=\"og:image:width\" content=\"1200\" \/>\n\t<meta property=\"og:image:height\" content=\"720\" \/>\n\t<meta property=\"og:image:type\" content=\"image\/jpeg\" \/>\n<meta name=\"author\" content=\"moacir\" \/>\n<meta name=\"twitter:card\" content=\"summary_large_image\" \/>\n<meta name=\"twitter:label1\" content=\"Escrito por\" \/>\n\t<meta name=\"twitter:data1\" content=\"moacir\" \/>\n\t<meta name=\"twitter:label2\" content=\"Est. tempo de leitura\" \/>\n\t<meta name=\"twitter:data2\" content=\"7 minutos\" \/>\n<script type=\"application\/ld+json\" class=\"yoast-schema-graph\">{\"@context\":\"https:\/\/schema.org\",\"@graph\":[{\"@type\":\"WebSite\",\"@id\":\"https:\/\/franciscanos.org.br\/noticias\/#website\",\"url\":\"https:\/\/franciscanos.org.br\/noticias\/\",\"name\":\"Not\u00edcias - Franciscanos\",\"description\":\"Prov\u00edncia Franciscana da Imaculada Concei\u00e7\u00e3o do Brasil - Ordem dos Frades Menores - OFM\",\"potentialAction\":[{\"@type\":\"SearchAction\",\"target\":{\"@type\":\"EntryPoint\",\"urlTemplate\":\"https:\/\/franciscanos.org.br\/noticias\/?s={search_term_string}\"},\"query-input\":\"required name=search_term_string\"}],\"inLanguage\":\"pt-BR\"},{\"@type\":\"ImageObject\",\"inLanguage\":\"pt-BR\",\"@id\":\"https:\/\/franciscanos.org.br\/noticias\/papa-francisco-envia-mensagens-em-video-aos-participantes-do-15o-interclesial-das-cebs-sigam-trabalhando-vao-adiante.html#primaryimage\",\"url\":\"https:\/\/franciscanos.org.br\/noticias\/wp-content\/uploads\/2023\/07\/interclesial_20.jpg\",\"contentUrl\":\"https:\/\/franciscanos.org.br\/noticias\/wp-content\/uploads\/2023\/07\/interclesial_20.jpg\",\"width\":1200,\"height\":720},{\"@type\":\"WebPage\",\"@id\":\"https:\/\/franciscanos.org.br\/noticias\/papa-francisco-envia-mensagens-em-video-aos-participantes-do-15o-interclesial-das-cebs-sigam-trabalhando-vao-adiante.html#webpage\",\"url\":\"https:\/\/franciscanos.org.br\/noticias\/papa-francisco-envia-mensagens-em-video-aos-participantes-do-15o-interclesial-das-cebs-sigam-trabalhando-vao-adiante.html\",\"name\":\"Papa Francisco envia mensagens em v\u00eddeo aos participantes do 15\u00ba Interclesial das CEBs: \\\"Sigam trabalhando. V\u00e3o adiante!\\\" - Not\u00edcias - Franciscanos\",\"isPartOf\":{\"@id\":\"https:\/\/franciscanos.org.br\/noticias\/#website\"},\"primaryImageOfPage\":{\"@id\":\"https:\/\/franciscanos.org.br\/noticias\/papa-francisco-envia-mensagens-em-video-aos-participantes-do-15o-interclesial-das-cebs-sigam-trabalhando-vao-adiante.html#primaryimage\"},\"datePublished\":\"2023-07-20T09:52:20+00:00\",\"dateModified\":\"2023-07-20T09:52:20+00:00\",\"author\":{\"@id\":\"https:\/\/franciscanos.org.br\/noticias\/#\/schema\/person\/b5c8cba458c330ccff548b056e95a5d4\"},\"breadcrumb\":{\"@id\":\"https:\/\/franciscanos.org.br\/noticias\/papa-francisco-envia-mensagens-em-video-aos-participantes-do-15o-interclesial-das-cebs-sigam-trabalhando-vao-adiante.html#breadcrumb\"},\"inLanguage\":\"pt-BR\",\"potentialAction\":[{\"@type\":\"ReadAction\",\"target\":[\"https:\/\/franciscanos.org.br\/noticias\/papa-francisco-envia-mensagens-em-video-aos-participantes-do-15o-interclesial-das-cebs-sigam-trabalhando-vao-adiante.html\"]}]},{\"@type\":\"BreadcrumbList\",\"@id\":\"https:\/\/franciscanos.org.br\/noticias\/papa-francisco-envia-mensagens-em-video-aos-participantes-do-15o-interclesial-das-cebs-sigam-trabalhando-vao-adiante.html#breadcrumb\",\"itemListElement\":[{\"@type\":\"ListItem\",\"position\":1,\"name\":\"Home\",\"item\":\"https:\/\/franciscanos.org.br\/noticias\"},{\"@type\":\"ListItem\",\"position\":2,\"name\":\"Papa Francisco envia mensagens em v\u00eddeo aos participantes do 15\u00ba Interclesial das CEBs: &#8220;Sigam trabalhando. V\u00e3o adiante!&#8221;\"}]},{\"@type\":\"Person\",\"@id\":\"https:\/\/franciscanos.org.br\/noticias\/#\/schema\/person\/b5c8cba458c330ccff548b056e95a5d4\",\"name\":\"moacir\",\"image\":{\"@type\":\"ImageObject\",\"inLanguage\":\"pt-BR\",\"@id\":\"https:\/\/franciscanos.org.br\/noticias\/#\/schema\/person\/image\/\",\"url\":\"https:\/\/secure.gravatar.com\/avatar\/d08aa2ce4c8dd416d4479aa8536fcf64?s=96&d=mm&r=g\",\"contentUrl\":\"https:\/\/secure.gravatar.com\/avatar\/d08aa2ce4c8dd416d4479aa8536fcf64?s=96&d=mm&r=g\",\"caption\":\"moacir\"},\"url\":\"https:\/\/franciscanos.org.br\/noticias\/author\/moacir\"}]}<\/script>\n<!-- \/ Yoast SEO plugin. -->","yoast_head_json":{"title":"Papa Francisco envia mensagens em v\u00eddeo aos participantes do 15\u00ba Interclesial das CEBs: \"Sigam trabalhando. V\u00e3o adiante!\" - Not\u00edcias - Franciscanos","robots":{"index":"index","follow":"follow","max-snippet":"max-snippet:-1","max-image-preview":"max-image-preview:large","max-video-preview":"max-video-preview:-1"},"canonical":"https:\/\/franciscanos.org.br\/noticias\/papa-francisco-envia-mensagens-em-video-aos-participantes-do-15o-interclesial-das-cebs-sigam-trabalhando-vao-adiante.html","og_locale":"pt_BR","og_type":"article","og_title":"Papa Francisco envia mensagens em v\u00eddeo aos participantes do 15\u00ba Interclesial das CEBs: \"Sigam trabalhando. V\u00e3o adiante!\" - Not\u00edcias - Franciscanos","og_description":"15\u00ba Encontro Intereclesial das Comunidades Eclesiais de Base","og_url":"https:\/\/franciscanos.org.br\/noticias\/papa-francisco-envia-mensagens-em-video-aos-participantes-do-15o-interclesial-das-cebs-sigam-trabalhando-vao-adiante.html","og_site_name":"Not\u00edcias - Franciscanos","article_published_time":"2023-07-20T09:52:20+00:00","og_image":[{"width":1200,"height":720,"url":"https:\/\/franciscanos.org.br\/noticias\/wp-content\/uploads\/2023\/07\/interclesial_20.jpg","type":"image\/jpeg"}],"author":"moacir","twitter_card":"summary_large_image","twitter_misc":{"Escrito por":"moacir","Est. tempo de leitura":"7 minutos"},"schema":{"@context":"https:\/\/schema.org","@graph":[{"@type":"WebSite","@id":"https:\/\/franciscanos.org.br\/noticias\/#website","url":"https:\/\/franciscanos.org.br\/noticias\/","name":"Not\u00edcias - Franciscanos","description":"Prov\u00edncia Franciscana da Imaculada Concei\u00e7\u00e3o do Brasil - Ordem dos Frades Menores - OFM","potentialAction":[{"@type":"SearchAction","target":{"@type":"EntryPoint","urlTemplate":"https:\/\/franciscanos.org.br\/noticias\/?s={search_term_string}"},"query-input":"required name=search_term_string"}],"inLanguage":"pt-BR"},{"@type":"ImageObject","inLanguage":"pt-BR","@id":"https:\/\/franciscanos.org.br\/noticias\/papa-francisco-envia-mensagens-em-video-aos-participantes-do-15o-interclesial-das-cebs-sigam-trabalhando-vao-adiante.html#primaryimage","url":"https:\/\/franciscanos.org.br\/noticias\/wp-content\/uploads\/2023\/07\/interclesial_20.jpg","contentUrl":"https:\/\/franciscanos.org.br\/noticias\/wp-content\/uploads\/2023\/07\/interclesial_20.jpg","width":1200,"height":720},{"@type":"WebPage","@id":"https:\/\/franciscanos.org.br\/noticias\/papa-francisco-envia-mensagens-em-video-aos-participantes-do-15o-interclesial-das-cebs-sigam-trabalhando-vao-adiante.html#webpage","url":"https:\/\/franciscanos.org.br\/noticias\/papa-francisco-envia-mensagens-em-video-aos-participantes-do-15o-interclesial-das-cebs-sigam-trabalhando-vao-adiante.html","name":"Papa Francisco envia mensagens em v\u00eddeo aos participantes do 15\u00ba Interclesial das CEBs: \"Sigam trabalhando. V\u00e3o adiante!\" - Not\u00edcias - Franciscanos","isPartOf":{"@id":"https:\/\/franciscanos.org.br\/noticias\/#website"},"primaryImageOfPage":{"@id":"https:\/\/franciscanos.org.br\/noticias\/papa-francisco-envia-mensagens-em-video-aos-participantes-do-15o-interclesial-das-cebs-sigam-trabalhando-vao-adiante.html#primaryimage"},"datePublished":"2023-07-20T09:52:20+00:00","dateModified":"2023-07-20T09:52:20+00:00","author":{"@id":"https:\/\/franciscanos.org.br\/noticias\/#\/schema\/person\/b5c8cba458c330ccff548b056e95a5d4"},"breadcrumb":{"@id":"https:\/\/franciscanos.org.br\/noticias\/papa-francisco-envia-mensagens-em-video-aos-participantes-do-15o-interclesial-das-cebs-sigam-trabalhando-vao-adiante.html#breadcrumb"},"inLanguage":"pt-BR","potentialAction":[{"@type":"ReadAction","target":["https:\/\/franciscanos.org.br\/noticias\/papa-francisco-envia-mensagens-em-video-aos-participantes-do-15o-interclesial-das-cebs-sigam-trabalhando-vao-adiante.html"]}]},{"@type":"BreadcrumbList","@id":"https:\/\/franciscanos.org.br\/noticias\/papa-francisco-envia-mensagens-em-video-aos-participantes-do-15o-interclesial-das-cebs-sigam-trabalhando-vao-adiante.html#breadcrumb","itemListElement":[{"@type":"ListItem","position":1,"name":"Home","item":"https:\/\/franciscanos.org.br\/noticias"},{"@type":"ListItem","position":2,"name":"Papa Francisco envia mensagens em v\u00eddeo aos participantes do 15\u00ba Interclesial das CEBs: &#8220;Sigam trabalhando. V\u00e3o adiante!&#8221;"}]},{"@type":"Person","@id":"https:\/\/franciscanos.org.br\/noticias\/#\/schema\/person\/b5c8cba458c330ccff548b056e95a5d4","name":"moacir","image":{"@type":"ImageObject","inLanguage":"pt-BR","@id":"https:\/\/franciscanos.org.br\/noticias\/#\/schema\/person\/image\/","url":"https:\/\/secure.gravatar.com\/avatar\/d08aa2ce4c8dd416d4479aa8536fcf64?s=96&d=mm&r=g","contentUrl":"https:\/\/secure.gravatar.com\/avatar\/d08aa2ce4c8dd416d4479aa8536fcf64?s=96&d=mm&r=g","caption":"moacir"},"url":"https:\/\/franciscanos.org.br\/noticias\/author\/moacir"}]}},"_links":{"self":[{"href":"https:\/\/franciscanos.org.br\/noticias\/wp-json\/wp\/v2\/posts\/244108"}],"collection":[{"href":"https:\/\/franciscanos.org.br\/noticias\/wp-json\/wp\/v2\/posts"}],"about":[{"href":"https:\/\/franciscanos.org.br\/noticias\/wp-json\/wp\/v2\/types\/post"}],"author":[{"embeddable":true,"href":"https:\/\/franciscanos.org.br\/noticias\/wp-json\/wp\/v2\/users\/3"}],"replies":[{"embeddable":true,"href":"https:\/\/franciscanos.org.br\/noticias\/wp-json\/wp\/v2\/comments?post=244108"}],"version-history":[{"count":1,"href":"https:\/\/franciscanos.org.br\/noticias\/wp-json\/wp\/v2\/posts\/244108\/revisions"}],"predecessor-version":[{"id":244111,"href":"https:\/\/franciscanos.org.br\/noticias\/wp-json\/wp\/v2\/posts\/244108\/revisions\/244111"}],"wp:featuredmedia":[{"embeddable":true,"href":"https:\/\/franciscanos.org.br\/noticias\/wp-json\/wp\/v2\/media\/244109"}],"wp:attachment":[{"href":"https:\/\/franciscanos.org.br\/noticias\/wp-json\/wp\/v2\/media?parent=244108"}],"wp:term":[{"taxonomy":"category","embeddable":true,"href":"https:\/\/franciscanos.org.br\/noticias\/wp-json\/wp\/v2\/categories?post=244108"},{"taxonomy":"post_tag","embeddable":true,"href":"https:\/\/franciscanos.org.br\/noticias\/wp-json\/wp\/v2\/tags?post=244108"}],"curies":[{"name":"wp","href":"https:\/\/api.w.org\/{rel}","templated":true}]}}