{"id":244099,"date":"2023-07-17T07:41:14","date_gmt":"2023-07-17T10:41:14","guid":{"rendered":"https:\/\/franciscanos.org.br\/noticias\/?p=244099"},"modified":"2023-07-17T08:44:40","modified_gmt":"2023-07-17T11:44:40","slug":"paroquia-santa-clara-realiza-3a-edicao-da-caminhada-ecologica","status":"publish","type":"post","link":"https:\/\/franciscanos.org.br\/noticias\/paroquia-santa-clara-realiza-3a-edicao-da-caminhada-ecologica.html","title":{"rendered":"Par\u00f3quia Santa Clara realiza 3\u00aa edi\u00e7\u00e3o da Caminhada Ecol\u00f3gica"},"content":{"rendered":"<p><img loading=\"lazy\" class=\"alignnone size-full wp-image-244100\" src=\"https:\/\/franciscanos.org.br\/noticias\/wp-content\/uploads\/2023\/07\/caminhada_01.jpg\" alt=\"\" width=\"1280\" height=\"720\" srcset=\"https:\/\/franciscanos.org.br\/noticias\/wp-content\/uploads\/2023\/07\/caminhada_01.jpg 1280w, https:\/\/franciscanos.org.br\/noticias\/wp-content\/uploads\/2023\/07\/caminhada_01-450x253.jpg 450w, https:\/\/franciscanos.org.br\/noticias\/wp-content\/uploads\/2023\/07\/caminhada_01-1024x576.jpg 1024w, https:\/\/franciscanos.org.br\/noticias\/wp-content\/uploads\/2023\/07\/caminhada_01-768x432.jpg 768w, https:\/\/franciscanos.org.br\/noticias\/wp-content\/uploads\/2023\/07\/caminhada_01-150x84.jpg 150w\" sizes=\"(max-width: 1280px) 100vw, 1280px\" \/><\/p>\n<p><strong>Colatina (ES) \u2013<\/strong> Neste domingo (16\/07), realizou-se a 3\u00aa edi\u00e7\u00e3o da Caminhada Ecol\u00f3gica promovida pela Pastoral da Ecologia da Par\u00f3quia Santa Clara de Assis, de Colatina (ES). Motivados pela espiritualidade de Francisco de Assis, os caminhantes percorreram aproximadamente 13 quil\u00f4metros. O percurso teve in\u00edcio \u00e0s 6 horas da manh\u00e3 no Casar\u00e3o da Fam\u00edlia Nippes, localizado no vale do C\u00f3rrego Santinho e terminou \u00e0s 11 horas.<\/p>\n<p>A caminhada ecol\u00f3gica \u00e9 uma atividade que combina o exerc\u00edcio f\u00edsico com a conscientiza\u00e7\u00e3o ambiental. O foco est\u00e1 em apreciar a natureza, aprender sobre o ecossistema local e adotar pr\u00e1ticas sustent\u00e1veis. \u00c9 uma maneira de conectar-se com a natureza, e contribuir para a preserva\u00e7\u00e3o do meio ambiente.<\/p>\n<p>Logo no in\u00edcio, os participantes foram recepcionados com um bom caf\u00e9 da manh\u00e3, seguido de um momento de ora\u00e7\u00e3o, na capela Santa Maria da fam\u00edlia acolhedora. Nas inten\u00e7\u00f5es, os caminheiros rezaram especialmente pela paz e pela urgente e necess\u00e1ria convers\u00e3o ecol\u00f3gica que busque garantir a preserva\u00e7\u00e3o dos recursos naturais e a qualidade de vida das futuras gera\u00e7\u00f5es.<\/p>\n<p><img loading=\"lazy\" class=\"alignnone size-full wp-image-244101\" src=\"https:\/\/franciscanos.org.br\/noticias\/wp-content\/uploads\/2023\/07\/caminhada_03.png\" alt=\"\" width=\"1280\" height=\"960\" srcset=\"https:\/\/franciscanos.org.br\/noticias\/wp-content\/uploads\/2023\/07\/caminhada_03.png 1280w, https:\/\/franciscanos.org.br\/noticias\/wp-content\/uploads\/2023\/07\/caminhada_03-450x338.png 450w, https:\/\/franciscanos.org.br\/noticias\/wp-content\/uploads\/2023\/07\/caminhada_03-1024x768.png 1024w, https:\/\/franciscanos.org.br\/noticias\/wp-content\/uploads\/2023\/07\/caminhada_03-768x576.png 768w, https:\/\/franciscanos.org.br\/noticias\/wp-content\/uploads\/2023\/07\/caminhada_03-150x113.png 150w, https:\/\/franciscanos.org.br\/noticias\/wp-content\/uploads\/2023\/07\/caminhada_03-600x450.png 600w\" sizes=\"(max-width: 1280px) 100vw, 1280px\" \/><\/p>\n<p>Por\u00e9m, pelo caminho, um cen\u00e1rio triste. Os participantes depararam-se com recentes pontos de queimadas e inclusive ainda com fogo. Como bom franciscanos e cuidadores da Casa Comum, os respons\u00e1veis foram avisados e a estrada foi devidamente liberada.<\/p>\n<p>Na metade do trajeto, os membros da Comunidade Santa Catarina, de C\u00f3rrego da Ponte, recepcionaram os caminhantes para mais um momento de ora\u00e7\u00e3o, bem como de pausa e caf\u00e9, para restabelecer as energias.<\/p>\n<p>Dando continuidade, o trajeto contemplou ainda exuberantes paisagens entre as planta\u00e7\u00f5es de caf\u00e9 e bananas e uma trilha, percurso mais desafiador de todo trajeto. No final, os participantes foram convidados a realizar uma atividade concreta, com o plantio de \u00e1rvores. Entre as esp\u00e9cies, plantou-se duas Pitombas, Peroba, Pata de vaca, Ing\u00e1 mirim, Sapucaia e firmou-se o compromisso de duas vezes por semana reg\u00e1-las, dado o per\u00edodo de seca em que a cidade e regi\u00e3o enfrenta.<\/p>\n<p><img loading=\"lazy\" class=\"alignnone size-full wp-image-244102\" src=\"https:\/\/franciscanos.org.br\/noticias\/wp-content\/uploads\/2023\/07\/caminhada_02.png\" alt=\"\" width=\"1280\" height=\"960\" srcset=\"https:\/\/franciscanos.org.br\/noticias\/wp-content\/uploads\/2023\/07\/caminhada_02.png 1280w, https:\/\/franciscanos.org.br\/noticias\/wp-content\/uploads\/2023\/07\/caminhada_02-450x338.png 450w, https:\/\/franciscanos.org.br\/noticias\/wp-content\/uploads\/2023\/07\/caminhada_02-1024x768.png 1024w, https:\/\/franciscanos.org.br\/noticias\/wp-content\/uploads\/2023\/07\/caminhada_02-768x576.png 768w, https:\/\/franciscanos.org.br\/noticias\/wp-content\/uploads\/2023\/07\/caminhada_02-150x113.png 150w, https:\/\/franciscanos.org.br\/noticias\/wp-content\/uploads\/2023\/07\/caminhada_02-600x450.png 600w\" sizes=\"(max-width: 1280px) 100vw, 1280px\" \/><\/p>\n<p>\u201cDurante tr\u00eas meses vamos precisar vir aqui duas vezes por semana para irrigar as plantas para que elas firmem as ra\u00edzes no solo, para que quando chegar o tempo das \u00e1guas elas possam crescer e ficar bonitas\u201d, destacou o jovem Marcelo Blaser. Segundo ele, as plantas ajudar\u00e3o no fortalecimento do solo, al\u00e9m da prote\u00e7\u00e3o de uma nascente pr\u00f3xima.<\/p>\n<p>A Pastoral da Ecologia agradece a todos os participantes pela presen\u00e7a e ressalta a import\u00e2ncia de uma ecologia que preze pela consci\u00eancia ambiental, a justi\u00e7a social, a valoriza\u00e7\u00e3o da vida e a responsabilidade de todos para com o cuidado da cria\u00e7\u00e3o, princ\u00edpios b\u00e1sicos para uma saud\u00e1vel harmonia entre os seres humanos, a natureza e o Criador.<\/p>\n<p><img loading=\"lazy\" class=\"size-full wp-image-243790 aligncenter\" src=\"https:\/\/franciscanos.org.br\/noticias\/wp-content\/uploads\/2023\/06\/logo_3-768x259-1.png\" alt=\"\" width=\"768\" height=\"259\" srcset=\"https:\/\/franciscanos.org.br\/noticias\/wp-content\/uploads\/2023\/06\/logo_3-768x259-1.png 768w, https:\/\/franciscanos.org.br\/noticias\/wp-content\/uploads\/2023\/06\/logo_3-768x259-1-450x152.png 450w, https:\/\/franciscanos.org.br\/noticias\/wp-content\/uploads\/2023\/06\/logo_3-768x259-1-150x51.png 150w\" sizes=\"(max-width: 768px) 100vw, 768px\" \/><\/p>\n<p><strong>SOBRE A CAMINHADA ECOL\u00d3GICA: <\/strong><\/p>\n<p>A Caminhada Ecol\u00f3gica teve in\u00edcio a partir da iniciativa de dois jovens, Marcelo e Elziane Blaser, da comunidade S\u00e3o Paulo Ap\u00f3stolo da Par\u00f3quia. A referida comunidade j\u00e1 nutre o costume de realizar caminhadas peri\u00f3dicas pelas estradas do interior. Assim, a primeira edi\u00e7\u00e3o paroquial deste evento ocorreu em 2021 com um percurso de 5 km. A segunda caminhada realizou-se em 2022 com um percurso de 13 km. Nos \u00faltimos dois anos a participa\u00e7\u00e3o contou com aproximadamente 35 pessoas. Neste ano de 2023, o trajeto contemplou novamente 13 km e teve a presen\u00e7a de 15 pessoas. \u00c9 uma bonita oportunidade de contempla\u00e7\u00e3o da natureza e cuidado da Casa Comum.<\/p>\n<hr \/>\n<p><em>Frei Augusto Luiz Gabriel<\/em><\/p>\n<p><iframe loading=\"lazy\" title=\"YouTube video player\" src=\"https:\/\/www.youtube.com\/embed\/aAWgC3MHtG4\" width=\"100%\" height=\"500\" frameborder=\"0\" allowfullscreen=\"allowfullscreen\"><span data-mce-type=\"bookmark\" style=\"display: inline-block; width: 0px; overflow: hidden; line-height: 0;\" class=\"mce_SELRES_start\">\ufeff<\/span><\/iframe><\/p>\n","protected":false},"excerpt":{"rendered":"<p>Par\u00f3quia Santa Clara de Colatina<\/p>\n","protected":false},"author":3,"featured_media":244100,"comment_status":"open","ping_status":"open","sticky":false,"template":"","format":"standard","meta":[],"categories":[1],"tags":[1896],"acf":[],"yoast_head":"<!-- This site is optimized with the Yoast SEO plugin v19.2 - https:\/\/yoast.com\/wordpress\/plugins\/seo\/ -->\n<title>Par\u00f3quia Santa Clara realiza 3\u00aa edi\u00e7\u00e3o da Caminhada Ecol\u00f3gica - Not\u00edcias - Franciscanos<\/title>\n<meta name=\"robots\" content=\"index, follow, max-snippet:-1, max-image-preview:large, max-video-preview:-1\" \/>\n<link rel=\"canonical\" href=\"https:\/\/franciscanos.org.br\/noticias\/paroquia-santa-clara-realiza-3a-edicao-da-caminhada-ecologica.html\" \/>\n<meta property=\"og:locale\" content=\"pt_BR\" \/>\n<meta property=\"og:type\" content=\"article\" \/>\n<meta property=\"og:title\" content=\"Par\u00f3quia Santa Clara realiza 3\u00aa edi\u00e7\u00e3o da Caminhada Ecol\u00f3gica - Not\u00edcias - Franciscanos\" \/>\n<meta property=\"og:description\" content=\"Par\u00f3quia Santa Clara de Colatina\" \/>\n<meta property=\"og:url\" content=\"https:\/\/franciscanos.org.br\/noticias\/paroquia-santa-clara-realiza-3a-edicao-da-caminhada-ecologica.html\" \/>\n<meta property=\"og:site_name\" content=\"Not\u00edcias - Franciscanos\" \/>\n<meta property=\"article:published_time\" content=\"2023-07-17T10:41:14+00:00\" \/>\n<meta property=\"article:modified_time\" content=\"2023-07-17T11:44:40+00:00\" \/>\n<meta property=\"og:image\" content=\"https:\/\/franciscanos.org.br\/noticias\/wp-content\/uploads\/2023\/07\/caminhada_01.jpg\" \/>\n\t<meta property=\"og:image:width\" content=\"1280\" \/>\n\t<meta property=\"og:image:height\" content=\"720\" \/>\n\t<meta property=\"og:image:type\" content=\"image\/jpeg\" \/>\n<meta name=\"author\" content=\"moacir\" \/>\n<meta name=\"twitter:card\" content=\"summary_large_image\" \/>\n<meta name=\"twitter:label1\" content=\"Escrito por\" \/>\n\t<meta name=\"twitter:data1\" content=\"moacir\" \/>\n\t<meta name=\"twitter:label2\" content=\"Est. tempo de leitura\" \/>\n\t<meta name=\"twitter:data2\" content=\"4 minutos\" \/>\n<script type=\"application\/ld+json\" class=\"yoast-schema-graph\">{\"@context\":\"https:\/\/schema.org\",\"@graph\":[{\"@type\":\"WebSite\",\"@id\":\"https:\/\/franciscanos.org.br\/noticias\/#website\",\"url\":\"https:\/\/franciscanos.org.br\/noticias\/\",\"name\":\"Not\u00edcias - Franciscanos\",\"description\":\"Prov\u00edncia Franciscana da Imaculada Concei\u00e7\u00e3o do Brasil - Ordem dos Frades Menores - OFM\",\"potentialAction\":[{\"@type\":\"SearchAction\",\"target\":{\"@type\":\"EntryPoint\",\"urlTemplate\":\"https:\/\/franciscanos.org.br\/noticias\/?s={search_term_string}\"},\"query-input\":\"required name=search_term_string\"}],\"inLanguage\":\"pt-BR\"},{\"@type\":\"ImageObject\",\"inLanguage\":\"pt-BR\",\"@id\":\"https:\/\/franciscanos.org.br\/noticias\/paroquia-santa-clara-realiza-3a-edicao-da-caminhada-ecologica.html#primaryimage\",\"url\":\"https:\/\/franciscanos.org.br\/noticias\/wp-content\/uploads\/2023\/07\/caminhada_01.jpg\",\"contentUrl\":\"https:\/\/franciscanos.org.br\/noticias\/wp-content\/uploads\/2023\/07\/caminhada_01.jpg\",\"width\":1280,\"height\":720},{\"@type\":\"WebPage\",\"@id\":\"https:\/\/franciscanos.org.br\/noticias\/paroquia-santa-clara-realiza-3a-edicao-da-caminhada-ecologica.html#webpage\",\"url\":\"https:\/\/franciscanos.org.br\/noticias\/paroquia-santa-clara-realiza-3a-edicao-da-caminhada-ecologica.html\",\"name\":\"Par\u00f3quia Santa Clara realiza 3\u00aa edi\u00e7\u00e3o da Caminhada Ecol\u00f3gica - Not\u00edcias - Franciscanos\",\"isPartOf\":{\"@id\":\"https:\/\/franciscanos.org.br\/noticias\/#website\"},\"primaryImageOfPage\":{\"@id\":\"https:\/\/franciscanos.org.br\/noticias\/paroquia-santa-clara-realiza-3a-edicao-da-caminhada-ecologica.html#primaryimage\"},\"datePublished\":\"2023-07-17T10:41:14+00:00\",\"dateModified\":\"2023-07-17T11:44:40+00:00\",\"author\":{\"@id\":\"https:\/\/franciscanos.org.br\/noticias\/#\/schema\/person\/b5c8cba458c330ccff548b056e95a5d4\"},\"breadcrumb\":{\"@id\":\"https:\/\/franciscanos.org.br\/noticias\/paroquia-santa-clara-realiza-3a-edicao-da-caminhada-ecologica.html#breadcrumb\"},\"inLanguage\":\"pt-BR\",\"potentialAction\":[{\"@type\":\"ReadAction\",\"target\":[\"https:\/\/franciscanos.org.br\/noticias\/paroquia-santa-clara-realiza-3a-edicao-da-caminhada-ecologica.html\"]}]},{\"@type\":\"BreadcrumbList\",\"@id\":\"https:\/\/franciscanos.org.br\/noticias\/paroquia-santa-clara-realiza-3a-edicao-da-caminhada-ecologica.html#breadcrumb\",\"itemListElement\":[{\"@type\":\"ListItem\",\"position\":1,\"name\":\"Home\",\"item\":\"https:\/\/franciscanos.org.br\/noticias\"},{\"@type\":\"ListItem\",\"position\":2,\"name\":\"Par\u00f3quia Santa Clara realiza 3\u00aa edi\u00e7\u00e3o da Caminhada Ecol\u00f3gica\"}]},{\"@type\":\"Person\",\"@id\":\"https:\/\/franciscanos.org.br\/noticias\/#\/schema\/person\/b5c8cba458c330ccff548b056e95a5d4\",\"name\":\"moacir\",\"image\":{\"@type\":\"ImageObject\",\"inLanguage\":\"pt-BR\",\"@id\":\"https:\/\/franciscanos.org.br\/noticias\/#\/schema\/person\/image\/\",\"url\":\"https:\/\/secure.gravatar.com\/avatar\/d08aa2ce4c8dd416d4479aa8536fcf64?s=96&d=mm&r=g\",\"contentUrl\":\"https:\/\/secure.gravatar.com\/avatar\/d08aa2ce4c8dd416d4479aa8536fcf64?s=96&d=mm&r=g\",\"caption\":\"moacir\"},\"url\":\"https:\/\/franciscanos.org.br\/noticias\/author\/moacir\"}]}<\/script>\n<!-- \/ Yoast SEO plugin. -->","yoast_head_json":{"title":"Par\u00f3quia Santa Clara realiza 3\u00aa edi\u00e7\u00e3o da Caminhada Ecol\u00f3gica - Not\u00edcias - Franciscanos","robots":{"index":"index","follow":"follow","max-snippet":"max-snippet:-1","max-image-preview":"max-image-preview:large","max-video-preview":"max-video-preview:-1"},"canonical":"https:\/\/franciscanos.org.br\/noticias\/paroquia-santa-clara-realiza-3a-edicao-da-caminhada-ecologica.html","og_locale":"pt_BR","og_type":"article","og_title":"Par\u00f3quia Santa Clara realiza 3\u00aa edi\u00e7\u00e3o da Caminhada Ecol\u00f3gica - Not\u00edcias - Franciscanos","og_description":"Par\u00f3quia Santa Clara de Colatina","og_url":"https:\/\/franciscanos.org.br\/noticias\/paroquia-santa-clara-realiza-3a-edicao-da-caminhada-ecologica.html","og_site_name":"Not\u00edcias - Franciscanos","article_published_time":"2023-07-17T10:41:14+00:00","article_modified_time":"2023-07-17T11:44:40+00:00","og_image":[{"width":1280,"height":720,"url":"https:\/\/franciscanos.org.br\/noticias\/wp-content\/uploads\/2023\/07\/caminhada_01.jpg","type":"image\/jpeg"}],"author":"moacir","twitter_card":"summary_large_image","twitter_misc":{"Escrito por":"moacir","Est. tempo de leitura":"4 minutos"},"schema":{"@context":"https:\/\/schema.org","@graph":[{"@type":"WebSite","@id":"https:\/\/franciscanos.org.br\/noticias\/#website","url":"https:\/\/franciscanos.org.br\/noticias\/","name":"Not\u00edcias - Franciscanos","description":"Prov\u00edncia Franciscana da Imaculada Concei\u00e7\u00e3o do Brasil - Ordem dos Frades Menores - OFM","potentialAction":[{"@type":"SearchAction","target":{"@type":"EntryPoint","urlTemplate":"https:\/\/franciscanos.org.br\/noticias\/?s={search_term_string}"},"query-input":"required name=search_term_string"}],"inLanguage":"pt-BR"},{"@type":"ImageObject","inLanguage":"pt-BR","@id":"https:\/\/franciscanos.org.br\/noticias\/paroquia-santa-clara-realiza-3a-edicao-da-caminhada-ecologica.html#primaryimage","url":"https:\/\/franciscanos.org.br\/noticias\/wp-content\/uploads\/2023\/07\/caminhada_01.jpg","contentUrl":"https:\/\/franciscanos.org.br\/noticias\/wp-content\/uploads\/2023\/07\/caminhada_01.jpg","width":1280,"height":720},{"@type":"WebPage","@id":"https:\/\/franciscanos.org.br\/noticias\/paroquia-santa-clara-realiza-3a-edicao-da-caminhada-ecologica.html#webpage","url":"https:\/\/franciscanos.org.br\/noticias\/paroquia-santa-clara-realiza-3a-edicao-da-caminhada-ecologica.html","name":"Par\u00f3quia Santa Clara realiza 3\u00aa edi\u00e7\u00e3o da Caminhada Ecol\u00f3gica - Not\u00edcias - Franciscanos","isPartOf":{"@id":"https:\/\/franciscanos.org.br\/noticias\/#website"},"primaryImageOfPage":{"@id":"https:\/\/franciscanos.org.br\/noticias\/paroquia-santa-clara-realiza-3a-edicao-da-caminhada-ecologica.html#primaryimage"},"datePublished":"2023-07-17T10:41:14+00:00","dateModified":"2023-07-17T11:44:40+00:00","author":{"@id":"https:\/\/franciscanos.org.br\/noticias\/#\/schema\/person\/b5c8cba458c330ccff548b056e95a5d4"},"breadcrumb":{"@id":"https:\/\/franciscanos.org.br\/noticias\/paroquia-santa-clara-realiza-3a-edicao-da-caminhada-ecologica.html#breadcrumb"},"inLanguage":"pt-BR","potentialAction":[{"@type":"ReadAction","target":["https:\/\/franciscanos.org.br\/noticias\/paroquia-santa-clara-realiza-3a-edicao-da-caminhada-ecologica.html"]}]},{"@type":"BreadcrumbList","@id":"https:\/\/franciscanos.org.br\/noticias\/paroquia-santa-clara-realiza-3a-edicao-da-caminhada-ecologica.html#breadcrumb","itemListElement":[{"@type":"ListItem","position":1,"name":"Home","item":"https:\/\/franciscanos.org.br\/noticias"},{"@type":"ListItem","position":2,"name":"Par\u00f3quia Santa Clara realiza 3\u00aa edi\u00e7\u00e3o da Caminhada Ecol\u00f3gica"}]},{"@type":"Person","@id":"https:\/\/franciscanos.org.br\/noticias\/#\/schema\/person\/b5c8cba458c330ccff548b056e95a5d4","name":"moacir","image":{"@type":"ImageObject","inLanguage":"pt-BR","@id":"https:\/\/franciscanos.org.br\/noticias\/#\/schema\/person\/image\/","url":"https:\/\/secure.gravatar.com\/avatar\/d08aa2ce4c8dd416d4479aa8536fcf64?s=96&d=mm&r=g","contentUrl":"https:\/\/secure.gravatar.com\/avatar\/d08aa2ce4c8dd416d4479aa8536fcf64?s=96&d=mm&r=g","caption":"moacir"},"url":"https:\/\/franciscanos.org.br\/noticias\/author\/moacir"}]}},"_links":{"self":[{"href":"https:\/\/franciscanos.org.br\/noticias\/wp-json\/wp\/v2\/posts\/244099"}],"collection":[{"href":"https:\/\/franciscanos.org.br\/noticias\/wp-json\/wp\/v2\/posts"}],"about":[{"href":"https:\/\/franciscanos.org.br\/noticias\/wp-json\/wp\/v2\/types\/post"}],"author":[{"embeddable":true,"href":"https:\/\/franciscanos.org.br\/noticias\/wp-json\/wp\/v2\/users\/3"}],"replies":[{"embeddable":true,"href":"https:\/\/franciscanos.org.br\/noticias\/wp-json\/wp\/v2\/comments?post=244099"}],"version-history":[{"count":4,"href":"https:\/\/franciscanos.org.br\/noticias\/wp-json\/wp\/v2\/posts\/244099\/revisions"}],"predecessor-version":[{"id":244106,"href":"https:\/\/franciscanos.org.br\/noticias\/wp-json\/wp\/v2\/posts\/244099\/revisions\/244106"}],"wp:featuredmedia":[{"embeddable":true,"href":"https:\/\/franciscanos.org.br\/noticias\/wp-json\/wp\/v2\/media\/244100"}],"wp:attachment":[{"href":"https:\/\/franciscanos.org.br\/noticias\/wp-json\/wp\/v2\/media?parent=244099"}],"wp:term":[{"taxonomy":"category","embeddable":true,"href":"https:\/\/franciscanos.org.br\/noticias\/wp-json\/wp\/v2\/categories?post=244099"},{"taxonomy":"post_tag","embeddable":true,"href":"https:\/\/franciscanos.org.br\/noticias\/wp-json\/wp\/v2\/tags?post=244099"}],"curies":[{"name":"wp","href":"https:\/\/api.w.org\/{rel}","templated":true}]}}