{"id":244051,"date":"2023-07-10T16:34:29","date_gmt":"2023-07-10T19:34:29","guid":{"rendered":"https:\/\/franciscanos.org.br\/noticias\/?p=244051"},"modified":"2023-07-10T16:34:14","modified_gmt":"2023-07-10T19:34:14","slug":"a-popularidade-surpreendente-e-continua-de-sao-francisco-de-assis","status":"publish","type":"post","link":"https:\/\/franciscanos.org.br\/noticias\/a-popularidade-surpreendente-e-continua-de-sao-francisco-de-assis.html","title":{"rendered":"A popularidade surpreendente e cont\u00ednua de S\u00e3o Francisco de Assis"},"content":{"rendered":"<p><img loading=\"lazy\" class=\"alignnone size-full wp-image-244052\" src=\"https:\/\/franciscanos.org.br\/noticias\/wp-content\/uploads\/2023\/07\/francisco_10.png\" alt=\"\" width=\"1280\" height=\"720\" srcset=\"https:\/\/franciscanos.org.br\/noticias\/wp-content\/uploads\/2023\/07\/francisco_10.png 1280w, https:\/\/franciscanos.org.br\/noticias\/wp-content\/uploads\/2023\/07\/francisco_10-450x253.png 450w, https:\/\/franciscanos.org.br\/noticias\/wp-content\/uploads\/2023\/07\/francisco_10-1024x576.png 1024w, https:\/\/franciscanos.org.br\/noticias\/wp-content\/uploads\/2023\/07\/francisco_10-768x432.png 768w, https:\/\/franciscanos.org.br\/noticias\/wp-content\/uploads\/2023\/07\/francisco_10-150x84.png 150w\" sizes=\"(max-width: 1280px) 100vw, 1280px\" \/><\/p>\n<p>Por que S\u00e3o Francisco de Assis \u00e9 uma figura de tanta relev\u00e2ncia em nosso tempo? A National Gallery de Londres est\u00e1 dedicando a primeira grande exposi\u00e7\u00e3o de arte no Reino Unido neste m\u00eas de julho para explorar a vida e o legado de uma das personalidades mais inspiradoras e reverenciadas da hist\u00f3ria, n\u00e3o apenas pelo catolicismo.<\/p>\n<p>De alguns dos primeiros pain\u00e9is medievais, rel\u00edquias e manuscritos a filmes modernos e uma hist\u00f3ria em quadrinhos da Marvel, a exposi\u00e7\u00e3o mostra como S\u00e3o Francisco capturou a imagina\u00e7\u00e3o de artistas ao longo dos s\u00e9culos e como seu apelo transcendeu gera\u00e7\u00f5es, continentes e diferentes tradi\u00e7\u00f5es religiosas. O Cardeal Vincent Nichols, presidente da Confer\u00eancia Episcopal da Inglaterra e Pa\u00eds de Gales, falou no evento de lan\u00e7amento desta exposi\u00e7\u00e3o: \u201cFrancisco de Assis goza de uma popularidade surpreendente e cont\u00ednua\u201d, disse o cardeal Nichols.<\/p>\n<p>\u201cSeu amor e cuidado pela cria\u00e7\u00e3o \u00e9 muitas vezes o que abre para muitos o caminho de uma aprecia\u00e7\u00e3o mais profunda deste not\u00e1vel santo\u201d, acrescentou. O Cardeal destacou que o amor de S\u00e3o Francisco pelo mundo natural nunca foi rom\u00e2ntico: \u201cFrancisco escolheu deixar seus confortos e identificar-se com os que est\u00e3o \u00e0 merc\u00ea das intemp\u00e9ries, os mais pr\u00f3ximos das realidades da natureza: os leprosos, os pobres, os marginalizados. Ele sofria com eles, muitas vezes encharcado at\u00e9 a pele e congelado at\u00e9 a medula. No entanto, ele cantou para a gl\u00f3ria de Deus, vista e experimentada nas caracter\u00edsticas do mundo criado. O caminho de extrema pobreza e vulnerabilidade que ele escolheu fica claro ao olhar para sua t\u00fanica, uma rel\u00edquia preciosa gentilmente trazida para c\u00e1 de Floren\u00e7a\u201d, disse o cardeal, no site da Confer\u00eancia dos Bispos.<\/p>\n<p>&#8220;Como Ann Roe escreveu em sua excelente cr\u00edtica desta exposi\u00e7\u00e3o: \u2018Francisco n\u00e3o \u00e9 um santo f\u00e1cil. Mas atrav\u00e9s dele podemos tamb\u00e9m descobrir, se quisermos, a preciosidade das maravilhas do dia a dia: da \u00e1gua, das rochas e das estrelas, das ervas e das criaturas, e da divindade que se move nelas, como se move tamb\u00e9m em n\u00f3s&#8217;\u201d, emendou o Cardeal. Segundo ele, gradualmente, tornou-se claro para Francisco que as palavras \u201creconstruir minha igreja\u201d n\u00e3o significavam as pedras e a madeira de S\u00e3o Dami\u00e3o, mas o tecido espiritual de toda a Igreja. &#8220;Ele levou essa reconstru\u00e7\u00e3o aos fundamentos mais profundos \u2013 \u00e0 identidade radical do disc\u00edpulo com o Amado Mestre, que, em sua total obedi\u00eancia, se entregou \u00e0 morte, at\u00e9 mesmo \u00e0 morte de cruz. Aqui na exposi\u00e7\u00e3o vislumbramos a agonia que invadiu o cora\u00e7\u00e3o de Francisco&#8221;, recordou.<\/p>\n<p>O Cardeal Vincent Nichols tamb\u00e9m falou de Clara de Assis. Para ele, falar de Clara \u00e9 preciso lembrar de que a Europa do s\u00e9culo XIII estava repleta de movimentos de mulheres \u2013 mulheres lutando para estabelecer suas pr\u00f3prias iniciativas e espa\u00e7os. &#8220;A m\u00e3e de Clara, Ortolana, fez uma peregrina\u00e7\u00e3o s\u00f3 para mulheres \u00e0 Terra Santa. Clara lutou toda a sua vida pelo direito de suas irm\u00e3s de arriscar tudo e viver em total pobreza sem prote\u00e7\u00e3o masculina. Este &#8216;Privilegium paupertatis&#8217; foi finalmente concedido a ela nos \u00faltimos dias de sua vida. Ela nunca desistiu e \u00e9 devidamente considerada, a meu ver, a grande e primeira protetora da profundidade radical do carisma franciscano&#8221;, disse o cardeal Nichols.<\/p>\n<div id=\"attachment_244053\" style=\"width: 1011px\" class=\"wp-caption alignnone\"><img aria-describedby=\"caption-attachment-244053\" loading=\"lazy\" class=\"wp-image-244053 size-full\" src=\"https:\/\/franciscanos.org.br\/noticias\/wp-content\/uploads\/2023\/07\/francisco_10_1.jpg\" alt=\"\" width=\"1001\" height=\"1080\" srcset=\"https:\/\/franciscanos.org.br\/noticias\/wp-content\/uploads\/2023\/07\/francisco_10_1.jpg 1001w, https:\/\/franciscanos.org.br\/noticias\/wp-content\/uploads\/2023\/07\/francisco_10_1-417x450.jpg 417w, https:\/\/franciscanos.org.br\/noticias\/wp-content\/uploads\/2023\/07\/francisco_10_1-949x1024.jpg 949w, https:\/\/franciscanos.org.br\/noticias\/wp-content\/uploads\/2023\/07\/francisco_10_1-768x829.jpg 768w, https:\/\/franciscanos.org.br\/noticias\/wp-content\/uploads\/2023\/07\/francisco_10_1-150x162.jpg 150w\" sizes=\"(max-width: 1001px) 100vw, 1001px\" \/><p id=\"caption-attachment-244053\" class=\"wp-caption-text\"><em>El Greco, &#8220;S\u00e3o Francisco recebe os estigmas&#8221;, 1590-95 (The National Gallery of Ireland, Dublin)<\/em><\/p><\/div>\n<p>A mostra apresenta mais de 40 obras de arte de cole\u00e7\u00f5es p\u00fablicas e privadas europeias e americanas, que abarcam mais de sete s\u00e9culos. A exposi\u00e7\u00e3o busca esclarecer como S\u00e3o Francisco cativou a imagina\u00e7\u00e3o dos artistas, como sua imagem evoluiu ao longo dos s\u00e9culos e como seu apelo universal transcendeu o tempo, os continentes e as tradi\u00e7\u00f5es religiosas. &#8220;Francisco est\u00e1 aqui para nos tocar novamente&#8221;, decretou o Cardeal Nichols.<\/p>\n<p>S\u00e3o Francisco de Assis continua a ser uma figura atraente e inspiradora para crist\u00e3os e n\u00e3o crist\u00e3os, para pacifistas e ambientalistas, para os que clamam por justi\u00e7a social, para os ut\u00f3picos e revolucion\u00e1rios, para os amantes dos animais e para os que trabalham por causas de solidariedade humana.<\/p>\n<p>\u201cA hist\u00f3ria das imagens de S\u00e3o Francisco \u00e9 tamb\u00e9m a hist\u00f3ria de como Francisco foi percebido ao longo do tempo\u201d, disse Gabriele Finaldi, diretor da National Gallery e co-curador da mostra.<\/p>\n<p>\u201cAo longo dos s\u00e9culos, v\u00e1rios Franciscos surgiram \u00e0 medida que diferentes aspectos de sua pessoa foram destacados, adotados, promovidos e, inevitavelmente, apropriados e manipulados. Esta exposi\u00e7\u00e3o explora alguns aspectos desta fascinante hist\u00f3ria.&#8221;<\/p>\n<p>&#8220;Desde sua \u00dambria natal, a imagem de S\u00e3o Francisco se espalhou rapidamente para se tornar um fen\u00f4meno mundial. Desde as primeiras biografias escritas por Tom\u00e1s de Celano e S\u00e3o Boaventura (s\u00e9culo XIII) at\u00e9 os primeiros ret\u00e1bulos e murais pintados (particularmente aqueles atribu\u00eddos a Giotto e seus colaboradores na Bas\u00edlica maior de S\u00e3o Francisco de Assis), a vida de Francisco tornou-se um exemplo digno de imita\u00e7\u00e3o e, at\u00e9 hoje, uma fonte cont\u00ednua de fasc\u00ednio art\u00edstico&#8221;, disse Joost Joustra, Curador Associado de Pesquisa em Arte e Religi\u00e3o na National Gallery.<\/p>\n<p>N\u00e3o \u00e9 a primeira vez que S\u00e3o Francisco monopoliza a aten\u00e7\u00e3o do mundo. Em 1999, dez anos antes de terminar o mil\u00eanio passado, a revista \u201cTimes\u201d fez uma grande pesquisa entre seus leitores para saber qual seria a personalidade mais marcante e mais importante do mil\u00eanio que se encerrava. S\u00e3o Francisco ficou em primeiro lugar. \u00c9 bom lembrar que a revista \u201cTimes\u201d n\u00e3o \u00e9 religiosa e Francisco concorreu com personalidades leigas.<\/p>\n<p>Outra vez, no dia 13 de abril de 2013, o mundo foi tomado de surpresa quando foi anunciado o novo Papa: o argentino Mario Bergoglio. O Papa era latino-americano! E a alegria ficou completa quando ele contou que a inspira\u00e7\u00e3o para a escolha do seu nome veio do Santo de Assis e do seu carisma.<\/p>\n<p>Pode parecer paradoxal essas honrarias, pois n\u00e3o combinam com a vida de S\u00e3o Francisco, que tinha como base no seu edif\u00edcio espiritual a humildade e a pobreza, mas s\u00e3o justas.\u00a0 S\u00e3o Francisco influenciou a cultura mundial e serviu de inspira\u00e7\u00e3o para o Pontificado de Francisco de Roma.<\/p>\n<p>&#8220;H\u00e1 muitos anos, levei um grupo de adolescentes a Assis. Eram maravilhosos: an\u00e1rquicos, espont\u00e2neos e de grande esp\u00edrito. Mas eles ficaram totalmente impressionados com Assis: a beleza natural do vale matinal entremeado pela n\u00e9voa, a dureza intransigente do leito de rocha nua onde Francisco dormia, o desafio que ele lan\u00e7ou a eles para serem aut\u00eanticos e ousados em seu catolicismo. Quando chegamos ao seu t\u00famulo, na cripta da Bas\u00edlica, eles choraram sem parar. O chamado de Francisco \u00e9 t\u00e3o claro hoje como foi para aqueles jovens, como foi ao longo dos s\u00e9culos. Agrade\u00e7o sinceramente a todos que ajudaram a trazer esta Exposi\u00e7\u00e3o para Londres, para a National Gallery&#8221;, disse o Cardeal Nichols.<\/p>\n<hr \/>\n<p style=\"padding-left: 40px;\"><em><strong>Reda\u00e7\u00e3o: Prov\u00edncia da Imaculada Concei\u00e7\u00e3o<\/strong><\/em><br \/>\n<em>\u00a0Press releases Saint Francis of Assisi (<a href=\"https:\/\/www.nationalgallery.org.uk\/about-us\/press-and-media\/press-releases\/saint-francis-of-assisi\">https:\/\/www.nationalgallery.org.uk\/about-us\/press-and-media\/press-releases\/saint-francis-of-assisi<\/a>)<\/em><\/p>\n<p style=\"padding-left: 40px;\"><em>Confer\u00eancia dos Bispos da Inglaterra e Pa\u00eds de Gales (<a href=\"https:\/\/www.cbcew.org.uk\/launch-of-the-st-francis-of-assisi-exhibition-at-the-national-gallery\/\">https:\/\/www.cbcew.org.uk\/launch-of-the-st-francis-of-assisi-exhibition-at-the-national-gallery\/<\/a>)<\/em><\/p>\n<p style=\"padding-left: 40px;\"><em>Imagem no alto: Detalhe de Francisco de Zurbar\u00e1n, &#8216;S\u00e3o Francisco em Medita\u00e7\u00e3o&#8217;, 1635-9 \u00a9 The National Gallery, Londres.<\/em><\/p>\n","protected":false},"excerpt":{"rendered":"<p>S\u00e3o Francisco de Assis<\/p>\n","protected":false},"author":3,"featured_media":244052,"comment_status":"open","ping_status":"open","sticky":false,"template":"","format":"standard","meta":[],"categories":[1],"tags":[1249],"acf":[],"yoast_head":"<!-- This site is optimized with the Yoast SEO plugin v19.2 - https:\/\/yoast.com\/wordpress\/plugins\/seo\/ -->\n<title>A popularidade surpreendente e cont\u00ednua de S\u00e3o Francisco de Assis - Not\u00edcias - Franciscanos<\/title>\n<meta name=\"robots\" content=\"index, follow, max-snippet:-1, max-image-preview:large, max-video-preview:-1\" \/>\n<link rel=\"canonical\" href=\"https:\/\/franciscanos.org.br\/noticias\/a-popularidade-surpreendente-e-continua-de-sao-francisco-de-assis.html\" \/>\n<meta property=\"og:locale\" content=\"pt_BR\" \/>\n<meta property=\"og:type\" content=\"article\" \/>\n<meta property=\"og:title\" content=\"A popularidade surpreendente e cont\u00ednua de S\u00e3o Francisco de Assis - Not\u00edcias - Franciscanos\" \/>\n<meta property=\"og:description\" content=\"S\u00e3o Francisco de Assis\" \/>\n<meta property=\"og:url\" content=\"https:\/\/franciscanos.org.br\/noticias\/a-popularidade-surpreendente-e-continua-de-sao-francisco-de-assis.html\" \/>\n<meta property=\"og:site_name\" content=\"Not\u00edcias - Franciscanos\" \/>\n<meta property=\"article:published_time\" content=\"2023-07-10T19:34:29+00:00\" \/>\n<meta property=\"article:modified_time\" content=\"2023-07-10T19:34:14+00:00\" \/>\n<meta property=\"og:image\" content=\"https:\/\/franciscanos.org.br\/noticias\/wp-content\/uploads\/2023\/07\/francisco_10.png\" \/>\n\t<meta property=\"og:image:width\" content=\"1280\" \/>\n\t<meta property=\"og:image:height\" content=\"720\" \/>\n\t<meta property=\"og:image:type\" content=\"image\/png\" \/>\n<meta name=\"author\" content=\"moacir\" \/>\n<meta name=\"twitter:card\" content=\"summary_large_image\" \/>\n<meta name=\"twitter:label1\" content=\"Escrito por\" \/>\n\t<meta name=\"twitter:data1\" content=\"moacir\" \/>\n\t<meta name=\"twitter:label2\" content=\"Est. tempo de leitura\" \/>\n\t<meta name=\"twitter:data2\" content=\"6 minutos\" \/>\n<script type=\"application\/ld+json\" class=\"yoast-schema-graph\">{\"@context\":\"https:\/\/schema.org\",\"@graph\":[{\"@type\":\"WebSite\",\"@id\":\"https:\/\/franciscanos.org.br\/noticias\/#website\",\"url\":\"https:\/\/franciscanos.org.br\/noticias\/\",\"name\":\"Not\u00edcias - Franciscanos\",\"description\":\"Prov\u00edncia Franciscana da Imaculada Concei\u00e7\u00e3o do Brasil - Ordem dos Frades Menores - OFM\",\"potentialAction\":[{\"@type\":\"SearchAction\",\"target\":{\"@type\":\"EntryPoint\",\"urlTemplate\":\"https:\/\/franciscanos.org.br\/noticias\/?s={search_term_string}\"},\"query-input\":\"required name=search_term_string\"}],\"inLanguage\":\"pt-BR\"},{\"@type\":\"ImageObject\",\"inLanguage\":\"pt-BR\",\"@id\":\"https:\/\/franciscanos.org.br\/noticias\/a-popularidade-surpreendente-e-continua-de-sao-francisco-de-assis.html#primaryimage\",\"url\":\"https:\/\/franciscanos.org.br\/noticias\/wp-content\/uploads\/2023\/07\/francisco_10.png\",\"contentUrl\":\"https:\/\/franciscanos.org.br\/noticias\/wp-content\/uploads\/2023\/07\/francisco_10.png\",\"width\":1280,\"height\":720},{\"@type\":\"WebPage\",\"@id\":\"https:\/\/franciscanos.org.br\/noticias\/a-popularidade-surpreendente-e-continua-de-sao-francisco-de-assis.html#webpage\",\"url\":\"https:\/\/franciscanos.org.br\/noticias\/a-popularidade-surpreendente-e-continua-de-sao-francisco-de-assis.html\",\"name\":\"A popularidade surpreendente e cont\u00ednua de S\u00e3o Francisco de Assis - Not\u00edcias - Franciscanos\",\"isPartOf\":{\"@id\":\"https:\/\/franciscanos.org.br\/noticias\/#website\"},\"primaryImageOfPage\":{\"@id\":\"https:\/\/franciscanos.org.br\/noticias\/a-popularidade-surpreendente-e-continua-de-sao-francisco-de-assis.html#primaryimage\"},\"datePublished\":\"2023-07-10T19:34:29+00:00\",\"dateModified\":\"2023-07-10T19:34:14+00:00\",\"author\":{\"@id\":\"https:\/\/franciscanos.org.br\/noticias\/#\/schema\/person\/b5c8cba458c330ccff548b056e95a5d4\"},\"breadcrumb\":{\"@id\":\"https:\/\/franciscanos.org.br\/noticias\/a-popularidade-surpreendente-e-continua-de-sao-francisco-de-assis.html#breadcrumb\"},\"inLanguage\":\"pt-BR\",\"potentialAction\":[{\"@type\":\"ReadAction\",\"target\":[\"https:\/\/franciscanos.org.br\/noticias\/a-popularidade-surpreendente-e-continua-de-sao-francisco-de-assis.html\"]}]},{\"@type\":\"BreadcrumbList\",\"@id\":\"https:\/\/franciscanos.org.br\/noticias\/a-popularidade-surpreendente-e-continua-de-sao-francisco-de-assis.html#breadcrumb\",\"itemListElement\":[{\"@type\":\"ListItem\",\"position\":1,\"name\":\"Home\",\"item\":\"https:\/\/franciscanos.org.br\/noticias\"},{\"@type\":\"ListItem\",\"position\":2,\"name\":\"A popularidade surpreendente e cont\u00ednua de S\u00e3o Francisco de Assis\"}]},{\"@type\":\"Person\",\"@id\":\"https:\/\/franciscanos.org.br\/noticias\/#\/schema\/person\/b5c8cba458c330ccff548b056e95a5d4\",\"name\":\"moacir\",\"image\":{\"@type\":\"ImageObject\",\"inLanguage\":\"pt-BR\",\"@id\":\"https:\/\/franciscanos.org.br\/noticias\/#\/schema\/person\/image\/\",\"url\":\"https:\/\/secure.gravatar.com\/avatar\/d08aa2ce4c8dd416d4479aa8536fcf64?s=96&d=mm&r=g\",\"contentUrl\":\"https:\/\/secure.gravatar.com\/avatar\/d08aa2ce4c8dd416d4479aa8536fcf64?s=96&d=mm&r=g\",\"caption\":\"moacir\"},\"url\":\"https:\/\/franciscanos.org.br\/noticias\/author\/moacir\"}]}<\/script>\n<!-- \/ Yoast SEO plugin. -->","yoast_head_json":{"title":"A popularidade surpreendente e cont\u00ednua de S\u00e3o Francisco de Assis - Not\u00edcias - Franciscanos","robots":{"index":"index","follow":"follow","max-snippet":"max-snippet:-1","max-image-preview":"max-image-preview:large","max-video-preview":"max-video-preview:-1"},"canonical":"https:\/\/franciscanos.org.br\/noticias\/a-popularidade-surpreendente-e-continua-de-sao-francisco-de-assis.html","og_locale":"pt_BR","og_type":"article","og_title":"A popularidade surpreendente e cont\u00ednua de S\u00e3o Francisco de Assis - Not\u00edcias - Franciscanos","og_description":"S\u00e3o Francisco de Assis","og_url":"https:\/\/franciscanos.org.br\/noticias\/a-popularidade-surpreendente-e-continua-de-sao-francisco-de-assis.html","og_site_name":"Not\u00edcias - Franciscanos","article_published_time":"2023-07-10T19:34:29+00:00","article_modified_time":"2023-07-10T19:34:14+00:00","og_image":[{"width":1280,"height":720,"url":"https:\/\/franciscanos.org.br\/noticias\/wp-content\/uploads\/2023\/07\/francisco_10.png","type":"image\/png"}],"author":"moacir","twitter_card":"summary_large_image","twitter_misc":{"Escrito por":"moacir","Est. tempo de leitura":"6 minutos"},"schema":{"@context":"https:\/\/schema.org","@graph":[{"@type":"WebSite","@id":"https:\/\/franciscanos.org.br\/noticias\/#website","url":"https:\/\/franciscanos.org.br\/noticias\/","name":"Not\u00edcias - Franciscanos","description":"Prov\u00edncia Franciscana da Imaculada Concei\u00e7\u00e3o do Brasil - Ordem dos Frades Menores - OFM","potentialAction":[{"@type":"SearchAction","target":{"@type":"EntryPoint","urlTemplate":"https:\/\/franciscanos.org.br\/noticias\/?s={search_term_string}"},"query-input":"required name=search_term_string"}],"inLanguage":"pt-BR"},{"@type":"ImageObject","inLanguage":"pt-BR","@id":"https:\/\/franciscanos.org.br\/noticias\/a-popularidade-surpreendente-e-continua-de-sao-francisco-de-assis.html#primaryimage","url":"https:\/\/franciscanos.org.br\/noticias\/wp-content\/uploads\/2023\/07\/francisco_10.png","contentUrl":"https:\/\/franciscanos.org.br\/noticias\/wp-content\/uploads\/2023\/07\/francisco_10.png","width":1280,"height":720},{"@type":"WebPage","@id":"https:\/\/franciscanos.org.br\/noticias\/a-popularidade-surpreendente-e-continua-de-sao-francisco-de-assis.html#webpage","url":"https:\/\/franciscanos.org.br\/noticias\/a-popularidade-surpreendente-e-continua-de-sao-francisco-de-assis.html","name":"A popularidade surpreendente e cont\u00ednua de S\u00e3o Francisco de Assis - Not\u00edcias - Franciscanos","isPartOf":{"@id":"https:\/\/franciscanos.org.br\/noticias\/#website"},"primaryImageOfPage":{"@id":"https:\/\/franciscanos.org.br\/noticias\/a-popularidade-surpreendente-e-continua-de-sao-francisco-de-assis.html#primaryimage"},"datePublished":"2023-07-10T19:34:29+00:00","dateModified":"2023-07-10T19:34:14+00:00","author":{"@id":"https:\/\/franciscanos.org.br\/noticias\/#\/schema\/person\/b5c8cba458c330ccff548b056e95a5d4"},"breadcrumb":{"@id":"https:\/\/franciscanos.org.br\/noticias\/a-popularidade-surpreendente-e-continua-de-sao-francisco-de-assis.html#breadcrumb"},"inLanguage":"pt-BR","potentialAction":[{"@type":"ReadAction","target":["https:\/\/franciscanos.org.br\/noticias\/a-popularidade-surpreendente-e-continua-de-sao-francisco-de-assis.html"]}]},{"@type":"BreadcrumbList","@id":"https:\/\/franciscanos.org.br\/noticias\/a-popularidade-surpreendente-e-continua-de-sao-francisco-de-assis.html#breadcrumb","itemListElement":[{"@type":"ListItem","position":1,"name":"Home","item":"https:\/\/franciscanos.org.br\/noticias"},{"@type":"ListItem","position":2,"name":"A popularidade surpreendente e cont\u00ednua de S\u00e3o Francisco de Assis"}]},{"@type":"Person","@id":"https:\/\/franciscanos.org.br\/noticias\/#\/schema\/person\/b5c8cba458c330ccff548b056e95a5d4","name":"moacir","image":{"@type":"ImageObject","inLanguage":"pt-BR","@id":"https:\/\/franciscanos.org.br\/noticias\/#\/schema\/person\/image\/","url":"https:\/\/secure.gravatar.com\/avatar\/d08aa2ce4c8dd416d4479aa8536fcf64?s=96&d=mm&r=g","contentUrl":"https:\/\/secure.gravatar.com\/avatar\/d08aa2ce4c8dd416d4479aa8536fcf64?s=96&d=mm&r=g","caption":"moacir"},"url":"https:\/\/franciscanos.org.br\/noticias\/author\/moacir"}]}},"_links":{"self":[{"href":"https:\/\/franciscanos.org.br\/noticias\/wp-json\/wp\/v2\/posts\/244051"}],"collection":[{"href":"https:\/\/franciscanos.org.br\/noticias\/wp-json\/wp\/v2\/posts"}],"about":[{"href":"https:\/\/franciscanos.org.br\/noticias\/wp-json\/wp\/v2\/types\/post"}],"author":[{"embeddable":true,"href":"https:\/\/franciscanos.org.br\/noticias\/wp-json\/wp\/v2\/users\/3"}],"replies":[{"embeddable":true,"href":"https:\/\/franciscanos.org.br\/noticias\/wp-json\/wp\/v2\/comments?post=244051"}],"version-history":[{"count":3,"href":"https:\/\/franciscanos.org.br\/noticias\/wp-json\/wp\/v2\/posts\/244051\/revisions"}],"predecessor-version":[{"id":244056,"href":"https:\/\/franciscanos.org.br\/noticias\/wp-json\/wp\/v2\/posts\/244051\/revisions\/244056"}],"wp:featuredmedia":[{"embeddable":true,"href":"https:\/\/franciscanos.org.br\/noticias\/wp-json\/wp\/v2\/media\/244052"}],"wp:attachment":[{"href":"https:\/\/franciscanos.org.br\/noticias\/wp-json\/wp\/v2\/media?parent=244051"}],"wp:term":[{"taxonomy":"category","embeddable":true,"href":"https:\/\/franciscanos.org.br\/noticias\/wp-json\/wp\/v2\/categories?post=244051"},{"taxonomy":"post_tag","embeddable":true,"href":"https:\/\/franciscanos.org.br\/noticias\/wp-json\/wp\/v2\/tags?post=244051"}],"curies":[{"name":"wp","href":"https:\/\/api.w.org\/{rel}","templated":true}]}}