{"id":244031,"date":"2023-07-09T14:37:07","date_gmt":"2023-07-09T17:37:07","guid":{"rendered":"https:\/\/franciscanos.org.br\/noticias\/?p=244031"},"modified":"2023-07-09T14:53:46","modified_gmt":"2023-07-09T17:53:46","slug":"o-protesto-de-frei-pedro-contra-a-destruicao-da-casa-comum","status":"publish","type":"post","link":"https:\/\/franciscanos.org.br\/noticias\/o-protesto-de-frei-pedro-contra-a-destruicao-da-casa-comum.html","title":{"rendered":"O protesto de Frei Pedro contra a destrui\u00e7\u00e3o da Casa Comum"},"content":{"rendered":"<p><img loading=\"lazy\" class=\"alignnone size-full wp-image-244032\" src=\"https:\/\/franciscanos.org.br\/noticias\/wp-content\/uploads\/2023\/07\/pedro_09_2.jpg\" alt=\"\" width=\"1280\" height=\"720\" srcset=\"https:\/\/franciscanos.org.br\/noticias\/wp-content\/uploads\/2023\/07\/pedro_09_2.jpg 1280w, https:\/\/franciscanos.org.br\/noticias\/wp-content\/uploads\/2023\/07\/pedro_09_2-450x253.jpg 450w, https:\/\/franciscanos.org.br\/noticias\/wp-content\/uploads\/2023\/07\/pedro_09_2-1024x576.jpg 1024w, https:\/\/franciscanos.org.br\/noticias\/wp-content\/uploads\/2023\/07\/pedro_09_2-768x432.jpg 768w, https:\/\/franciscanos.org.br\/noticias\/wp-content\/uploads\/2023\/07\/pedro_09_2-150x84.jpg 150w\" sizes=\"(max-width: 1280px) 100vw, 1280px\" \/><\/p>\n<p>Os peixes coloridos parecem voar em meio a recifes no fundo do mar, a bela arraia faz seu bal\u00e9, observados pelo polvo majestoso. O homem olha a tudo se achando o senhor, enquanto o santo de Assis ergue os bra\u00e7os num hino de louvor ao verdadeiro Senhor. Este \u00e9 o cen\u00e1rio &#8220;plasticoce\u00e2nico&#8221; de Frei Pedro Pinheiro que o visitante e amante da arte e da natureza vai encontrar no antigo Teatro Carlos Gomes, em Bragan\u00e7a Paulista (SP). Mas ele que n\u00e3o se engane. A beleza das obras n\u00e3o esconde o protesto do artista pl\u00e1stico, frade desta Prov\u00edncia da Imaculada Concei\u00e7\u00e3o, contra a destrui\u00e7\u00e3o do Planeta Terra, a nossa Casa Comum, como definiu o Papa Francisco na Enc\u00edclica <em>Laudato Si&#8217;<\/em>.<\/p>\n<p>&#8220;Frei Pedro Pinheiro, que sempre teve uma produ\u00e7\u00e3o predominantemente figurativa e religiosa, emociona-se neste momento com os dados superlativos que a quantidade de pl\u00e1stico presente nos oceanos representa n\u00e3o s\u00f3 para a fauna marinha e o ecossistema, mas tamb\u00e9m para a sa\u00fade humana e a economia global&#8221;, explica o curador Fabio Delduque, um grande incentivador do artista depois que conheceu suas obras.<\/p>\n<p><img loading=\"lazy\" class=\"alignnone size-full wp-image-244033\" src=\"https:\/\/franciscanos.org.br\/noticias\/wp-content\/uploads\/2023\/07\/pedro_09_3.jpg\" alt=\"\" width=\"1280\" height=\"1707\" srcset=\"https:\/\/franciscanos.org.br\/noticias\/wp-content\/uploads\/2023\/07\/pedro_09_3.jpg 810w, https:\/\/franciscanos.org.br\/noticias\/wp-content\/uploads\/2023\/07\/pedro_09_3-337x450.jpg 337w, https:\/\/franciscanos.org.br\/noticias\/wp-content\/uploads\/2023\/07\/pedro_09_3-768x1024.jpg 768w, https:\/\/franciscanos.org.br\/noticias\/wp-content\/uploads\/2023\/07\/pedro_09_3-1152x1536.jpg 1152w, https:\/\/franciscanos.org.br\/noticias\/wp-content\/uploads\/2023\/07\/pedro_09_3-150x200.jpg 150w\" sizes=\"(max-width: 1280px) 100vw, 1280px\" \/><\/p>\n<p>A exposi\u00e7\u00e3o \u201cO Universo Plasticoce\u00e2nico\u201d fica at\u00e9 o final de agosto no Centro Cultural Prefeito Jesus Adib Abi Chedid e \u00e9 tamb\u00e9m uma grande oportunidade de conhecer esta nova fase do escultor Frei Pedro.<\/p>\n<p>O frade conta que come\u00e7ou a fazer os dois primeiros peixes com materiais recicl\u00e1veis ainda quando morava na Fraternidade de Bragan\u00e7a Paulista, mas n\u00e3o pensava que chegaria a esta cole\u00e7\u00e3o, embora, como bom filho de S\u00e3o Francisco, tivesse em mente que poderia alertar as pessoas sobre a preserva\u00e7\u00e3o do meio ambiente. Com a mudan\u00e7a para a Fraternidade de Agudos (SP), Frei Pedro confessa que sentiu necessidade de &#8220;criar uma nova pesquisa, uma nova compreens\u00e3o da vida&#8221;.<\/p>\n<p><img loading=\"lazy\" class=\"alignnone size-full wp-image-244046\" src=\"https:\/\/franciscanos.org.br\/noticias\/wp-content\/uploads\/2023\/07\/pedro_09_7.jpg\" alt=\"\" width=\"1280\" height=\"960\" srcset=\"https:\/\/franciscanos.org.br\/noticias\/wp-content\/uploads\/2023\/07\/pedro_09_7.jpg 1280w, https:\/\/franciscanos.org.br\/noticias\/wp-content\/uploads\/2023\/07\/pedro_09_7-450x338.jpg 450w, https:\/\/franciscanos.org.br\/noticias\/wp-content\/uploads\/2023\/07\/pedro_09_7-1024x768.jpg 1024w, https:\/\/franciscanos.org.br\/noticias\/wp-content\/uploads\/2023\/07\/pedro_09_7-768x576.jpg 768w, https:\/\/franciscanos.org.br\/noticias\/wp-content\/uploads\/2023\/07\/pedro_09_7-150x113.jpg 150w, https:\/\/franciscanos.org.br\/noticias\/wp-content\/uploads\/2023\/07\/pedro_09_7-600x450.jpg 600w\" sizes=\"(max-width: 1280px) 100vw, 1280px\" \/><\/p>\n\n\t\t<style type=\"text\/css\">\n\t\t\t#gallery-1 {\n\t\t\t\tmargin: auto;\n\t\t\t}\n\t\t\t#gallery-1 .gallery-item {\n\t\t\t\tfloat: left;\n\t\t\t\tmargin-top: 10px;\n\t\t\t\ttext-align: center;\n\t\t\t\twidth: 20%;\n\t\t\t}\n\t\t\t#gallery-1 img {\n\t\t\t\tborder: 2px solid #cfcfcf;\n\t\t\t}\n\t\t\t#gallery-1 .gallery-caption {\n\t\t\t\tmargin-left: 0;\n\t\t\t}\n\t\t\t\/* see gallery_shortcode() in wp-includes\/media.php *\/\n\t\t<\/style>\n\t\t<div id='gallery-1' class='gallery galleryid-244031 gallery-columns-5 gallery-size-thumbnail'><dl class='gallery-item'>\n\t\t\t<dt class='gallery-icon portrait'>\n\t\t\t\t<a href='https:\/\/franciscanos.org.br\/noticias\/wp-content\/uploads\/2023\/07\/pedro_09_6.jpg'><img width=\"300\" height=\"300\" src=\"https:\/\/franciscanos.org.br\/noticias\/wp-content\/uploads\/2023\/07\/pedro_09_6-300x300.jpg\" class=\"attachment-thumbnail size-thumbnail\" alt=\"\" loading=\"lazy\" srcset=\"https:\/\/franciscanos.org.br\/noticias\/wp-content\/uploads\/2023\/07\/pedro_09_6-300x300.jpg 300w, https:\/\/franciscanos.org.br\/noticias\/wp-content\/uploads\/2023\/07\/pedro_09_6-100x100.jpg 100w\" sizes=\"(max-width: 300px) 100vw, 300px\" \/><\/a>\n\t\t\t<\/dt><\/dl><dl class='gallery-item'>\n\t\t\t<dt class='gallery-icon portrait'>\n\t\t\t\t<a href='https:\/\/franciscanos.org.br\/noticias\/wp-content\/uploads\/2023\/07\/pedro_09_8.jpg'><img width=\"300\" height=\"300\" src=\"https:\/\/franciscanos.org.br\/noticias\/wp-content\/uploads\/2023\/07\/pedro_09_8-300x300.jpg\" class=\"attachment-thumbnail size-thumbnail\" alt=\"\" loading=\"lazy\" srcset=\"https:\/\/franciscanos.org.br\/noticias\/wp-content\/uploads\/2023\/07\/pedro_09_8-300x300.jpg 300w, https:\/\/franciscanos.org.br\/noticias\/wp-content\/uploads\/2023\/07\/pedro_09_8-100x100.jpg 100w\" sizes=\"(max-width: 300px) 100vw, 300px\" \/><\/a>\n\t\t\t<\/dt><\/dl><dl class='gallery-item'>\n\t\t\t<dt class='gallery-icon portrait'>\n\t\t\t\t<a href='https:\/\/franciscanos.org.br\/noticias\/wp-content\/uploads\/2023\/07\/pedro_09_9.jpg'><img width=\"300\" height=\"300\" src=\"https:\/\/franciscanos.org.br\/noticias\/wp-content\/uploads\/2023\/07\/pedro_09_9-300x300.jpg\" class=\"attachment-thumbnail size-thumbnail\" alt=\"\" loading=\"lazy\" srcset=\"https:\/\/franciscanos.org.br\/noticias\/wp-content\/uploads\/2023\/07\/pedro_09_9-300x300.jpg 300w, https:\/\/franciscanos.org.br\/noticias\/wp-content\/uploads\/2023\/07\/pedro_09_9-100x100.jpg 100w\" sizes=\"(max-width: 300px) 100vw, 300px\" \/><\/a>\n\t\t\t<\/dt><\/dl><dl class='gallery-item'>\n\t\t\t<dt class='gallery-icon portrait'>\n\t\t\t\t<a href='https:\/\/franciscanos.org.br\/noticias\/wp-content\/uploads\/2023\/07\/pedro_09_10.jpg'><img width=\"300\" height=\"300\" src=\"https:\/\/franciscanos.org.br\/noticias\/wp-content\/uploads\/2023\/07\/pedro_09_10-300x300.jpg\" class=\"attachment-thumbnail size-thumbnail\" alt=\"\" loading=\"lazy\" srcset=\"https:\/\/franciscanos.org.br\/noticias\/wp-content\/uploads\/2023\/07\/pedro_09_10-300x300.jpg 300w, https:\/\/franciscanos.org.br\/noticias\/wp-content\/uploads\/2023\/07\/pedro_09_10-100x100.jpg 100w\" sizes=\"(max-width: 300px) 100vw, 300px\" \/><\/a>\n\t\t\t<\/dt><\/dl><dl class='gallery-item'>\n\t\t\t<dt class='gallery-icon portrait'>\n\t\t\t\t<a href='https:\/\/franciscanos.org.br\/noticias\/wp-content\/uploads\/2023\/07\/pedro_09_11.jpg'><img width=\"300\" height=\"300\" src=\"https:\/\/franciscanos.org.br\/noticias\/wp-content\/uploads\/2023\/07\/pedro_09_11-300x300.jpg\" class=\"attachment-thumbnail size-thumbnail\" alt=\"\" loading=\"lazy\" srcset=\"https:\/\/franciscanos.org.br\/noticias\/wp-content\/uploads\/2023\/07\/pedro_09_11-300x300.jpg 300w, https:\/\/franciscanos.org.br\/noticias\/wp-content\/uploads\/2023\/07\/pedro_09_11-100x100.jpg 100w\" sizes=\"(max-width: 300px) 100vw, 300px\" \/><\/a>\n\t\t\t<\/dt><\/dl><br style=\"clear: both\" \/>\n\t\t<\/div>\n\n<p><em>(toque nas imagens menores para ampli\u00e1-las)<\/em><\/p>\n<p>Foi quando percebeu que o lugar &#8211; o gigantesco Semin\u00e1rio que se tornou Casa de Encontros &#8211; oferecia, consequentemente, muito material recicl\u00e1vel. &#8220;Havia muito lixo ocupando espa\u00e7o ali. Um dia, Frei Osmar Dalazen me levou de caminh\u00e3ozinho e trouxemos uma grande quantidade de material, al\u00e9m do pl\u00e1stico que eu j\u00e1 estava juntando. Frei Aristides Luiz Pasquali (que faleceu no \u00faltimo m\u00eas, no dia 6) morava l\u00e1 na \u00e9poca e separava cuidadosamente todo o lixo pl\u00e1stico. Era impressionante o trabalho dele. Foi uma das grandes e importantes influ\u00eancias nessa minha abordagem e compreens\u00e3o do que eu estou produzindo atualmente. Havia gente que n\u00e3o era artista e oferecia, de uma maneira simples, condi\u00e7\u00f5es de sustentabilidade do planeta. Era um gr\u00e3o de areia, mas era. Ent\u00e3o, com o tempo eu me deixei tocar por essa influ\u00eancia maravilhosa do Frei Aristides e tamb\u00e9m pelo lugar que produzia muito descart\u00e1vel&#8221;, recordou o frade.<\/p>\n<p><img loading=\"lazy\" class=\"alignnone size-full wp-image-244039\" src=\"https:\/\/franciscanos.org.br\/noticias\/wp-content\/uploads\/2023\/07\/pedro_09_4.jpg\" alt=\"\" width=\"1280\" height=\"1708\" srcset=\"https:\/\/franciscanos.org.br\/noticias\/wp-content\/uploads\/2023\/07\/pedro_09_4.jpg 809w, https:\/\/franciscanos.org.br\/noticias\/wp-content\/uploads\/2023\/07\/pedro_09_4-337x450.jpg 337w, https:\/\/franciscanos.org.br\/noticias\/wp-content\/uploads\/2023\/07\/pedro_09_4-767x1024.jpg 767w, https:\/\/franciscanos.org.br\/noticias\/wp-content\/uploads\/2023\/07\/pedro_09_4-768x1025.jpg 768w, https:\/\/franciscanos.org.br\/noticias\/wp-content\/uploads\/2023\/07\/pedro_09_4-1151x1536.jpg 1151w, https:\/\/franciscanos.org.br\/noticias\/wp-content\/uploads\/2023\/07\/pedro_09_4-150x200.jpg 150w\" sizes=\"(max-width: 1280px) 100vw, 1280px\" \/><\/p>\n<p>A mudan\u00e7a n\u00e3o demorou. &#8220;Um dia vendo aqueles dois peixes que eu tinha levado de Bragan\u00e7a, enquanto ouvia o &#8216;Milagre dos Peixes&#8217;, de Milton Nascimento, e, de uma maneira subliminar, meu subconsciente capturou aquilo de que eu precisava fazer: mais peixes. E ali, ent\u00e3o, iniciei uma s\u00e9rie da fauna marinha e comecei a elaborar mentalmente o porqu\u00ea disso. Comecei a perceber que aquilo tudo poderia configurar um discurso visual que fosse eloquente&#8221;, revelou, fazendo &#8220;esse discurso&#8221; se tornar realidade nesta exposi\u00e7\u00e3o. Para ele, \u00e9 a exposi\u00e7\u00e3o mais s\u00e9ria de sua vida.<\/p>\n<div id=\"attachment_244040\" style=\"width: 1290px\" class=\"wp-caption alignnone\"><img aria-describedby=\"caption-attachment-244040\" loading=\"lazy\" class=\"wp-image-244040 size-full\" src=\"https:\/\/franciscanos.org.br\/noticias\/wp-content\/uploads\/2023\/07\/pedro_09_15.jpg\" alt=\"\" width=\"1280\" height=\"827\" srcset=\"https:\/\/franciscanos.org.br\/noticias\/wp-content\/uploads\/2023\/07\/pedro_09_15.jpg 1280w, https:\/\/franciscanos.org.br\/noticias\/wp-content\/uploads\/2023\/07\/pedro_09_15-450x291.jpg 450w, https:\/\/franciscanos.org.br\/noticias\/wp-content\/uploads\/2023\/07\/pedro_09_15-1024x662.jpg 1024w, https:\/\/franciscanos.org.br\/noticias\/wp-content\/uploads\/2023\/07\/pedro_09_15-768x496.jpg 768w, https:\/\/franciscanos.org.br\/noticias\/wp-content\/uploads\/2023\/07\/pedro_09_15-150x97.jpg 150w\" sizes=\"(max-width: 1280px) 100vw, 1280px\" \/><p id=\"caption-attachment-244040\" class=\"wp-caption-text\"><em>Pres\u00e9pio &#8220;Sem Terra&#8221;<\/em><\/p><\/div>\n<p>&#8220;Ao trocar seus pinc\u00e9is e tintas pelo soprador t\u00e9rmico, ele derrete, funda e molda o pl\u00e1stico descartado com objetivo de criar as suas obras e tamb\u00e9m chamar a aten\u00e7\u00e3o para esse problema, incentivando a mudan\u00e7a de comportamento em rela\u00e7\u00e3o ao descarte de pl\u00e1stico. Ao transformar esse material em express\u00e3o criativa, o artista mostra que a reciclagem pode ser uma solu\u00e7\u00e3o vi\u00e1vel e inspira\u00e7\u00e3o para as pessoas repensarem seu papel na preserva\u00e7\u00e3o do meio ambiente&#8221;, lembra o curador.<\/p>\n<p>Nos \u00faltimos anos, segundo Fabio, o aumento alarmante da polui\u00e7\u00e3o pl\u00e1stica, principalmente nos rios e oceanos, tem se tornado uma preocupa\u00e7\u00e3o global. No entanto, em meio a esse cen\u00e1rio preocupante, surgem artistas engajados e criativos que encontram nas suas obras uma maneira poderosa de conscientizar as pessoas sobre o problema e promover a reciclagem desse material t\u00e3o abundante.<\/p>\n<p><img loading=\"lazy\" class=\"alignnone size-full wp-image-244047\" src=\"https:\/\/franciscanos.org.br\/noticias\/wp-content\/uploads\/2023\/07\/pedro_01_9.jpg\" alt=\"\" width=\"1280\" height=\"1707\" srcset=\"https:\/\/franciscanos.org.br\/noticias\/wp-content\/uploads\/2023\/07\/pedro_01_9.jpg 1280w, https:\/\/franciscanos.org.br\/noticias\/wp-content\/uploads\/2023\/07\/pedro_01_9-337x450.jpg 337w, https:\/\/franciscanos.org.br\/noticias\/wp-content\/uploads\/2023\/07\/pedro_01_9-768x1024.jpg 768w, https:\/\/franciscanos.org.br\/noticias\/wp-content\/uploads\/2023\/07\/pedro_01_9-1152x1536.jpg 1152w, https:\/\/franciscanos.org.br\/noticias\/wp-content\/uploads\/2023\/07\/pedro_01_9-150x200.jpg 150w\" sizes=\"(max-width: 1280px) 100vw, 1280px\" \/><\/p>\n\n\t\t<style type=\"text\/css\">\n\t\t\t#gallery-2 {\n\t\t\t\tmargin: auto;\n\t\t\t}\n\t\t\t#gallery-2 .gallery-item {\n\t\t\t\tfloat: left;\n\t\t\t\tmargin-top: 10px;\n\t\t\t\ttext-align: center;\n\t\t\t\twidth: 33%;\n\t\t\t}\n\t\t\t#gallery-2 img {\n\t\t\t\tborder: 2px solid #cfcfcf;\n\t\t\t}\n\t\t\t#gallery-2 .gallery-caption {\n\t\t\t\tmargin-left: 0;\n\t\t\t}\n\t\t\t\/* see gallery_shortcode() in wp-includes\/media.php *\/\n\t\t<\/style>\n\t\t<div id='gallery-2' class='gallery galleryid-244031 gallery-columns-3 gallery-size-thumbnail'><dl class='gallery-item'>\n\t\t\t<dt class='gallery-icon portrait'>\n\t\t\t\t<a href='https:\/\/franciscanos.org.br\/noticias\/wp-content\/uploads\/2023\/07\/pedro_09_12.jpg'><img width=\"300\" height=\"300\" src=\"https:\/\/franciscanos.org.br\/noticias\/wp-content\/uploads\/2023\/07\/pedro_09_12-300x300.jpg\" class=\"attachment-thumbnail size-thumbnail\" alt=\"\" loading=\"lazy\" srcset=\"https:\/\/franciscanos.org.br\/noticias\/wp-content\/uploads\/2023\/07\/pedro_09_12-300x300.jpg 300w, https:\/\/franciscanos.org.br\/noticias\/wp-content\/uploads\/2023\/07\/pedro_09_12-100x100.jpg 100w\" sizes=\"(max-width: 300px) 100vw, 300px\" \/><\/a>\n\t\t\t<\/dt><\/dl><dl class='gallery-item'>\n\t\t\t<dt class='gallery-icon portrait'>\n\t\t\t\t<a href='https:\/\/franciscanos.org.br\/noticias\/wp-content\/uploads\/2023\/07\/pedro_09_13.jpg'><img width=\"300\" height=\"300\" src=\"https:\/\/franciscanos.org.br\/noticias\/wp-content\/uploads\/2023\/07\/pedro_09_13-300x300.jpg\" class=\"attachment-thumbnail size-thumbnail\" alt=\"\" loading=\"lazy\" srcset=\"https:\/\/franciscanos.org.br\/noticias\/wp-content\/uploads\/2023\/07\/pedro_09_13-300x300.jpg 300w, https:\/\/franciscanos.org.br\/noticias\/wp-content\/uploads\/2023\/07\/pedro_09_13-100x100.jpg 100w\" sizes=\"(max-width: 300px) 100vw, 300px\" \/><\/a>\n\t\t\t<\/dt><\/dl><dl class='gallery-item'>\n\t\t\t<dt class='gallery-icon portrait'>\n\t\t\t\t<a href='https:\/\/franciscanos.org.br\/noticias\/wp-content\/uploads\/2023\/07\/pedro_09_14.jpg'><img width=\"300\" height=\"300\" src=\"https:\/\/franciscanos.org.br\/noticias\/wp-content\/uploads\/2023\/07\/pedro_09_14-300x300.jpg\" class=\"attachment-thumbnail size-thumbnail\" alt=\"\" loading=\"lazy\" srcset=\"https:\/\/franciscanos.org.br\/noticias\/wp-content\/uploads\/2023\/07\/pedro_09_14-300x300.jpg 300w, https:\/\/franciscanos.org.br\/noticias\/wp-content\/uploads\/2023\/07\/pedro_09_14-100x100.jpg 100w\" sizes=\"(max-width: 300px) 100vw, 300px\" \/><\/a>\n\t\t\t<\/dt><\/dl><br style=\"clear: both\" \/>\n\t\t<\/div>\n\n<p><em>(Toque nas imagens menores para ampli\u00e1-las)<\/em><\/p>\n<p>&#8220;Eu sempre, emocionalmente, fico muito envolvido com cada pe\u00e7a, com cada item que estou desenvolvendo e tenho a maior satisfa\u00e7\u00e3o de perceber que agora, mais do que nunca na minha vida, a obra e cada item est\u00e3o estreitamente relacionados. Tudo configura um acervo que quer falar de transcend\u00eancia, que quer falar de iman\u00eancia, do ch\u00e3o em que a gente pisa e o que a gente est\u00e1 pisando, o que a gente est\u00e1 produzindo, como a gente est\u00e1 fazendo na manuten\u00e7\u00e3o desse nosso ambiente, t\u00e3o prec\u00e1rio hoje em dia em meio a outros valores que s\u00e3o totalmente inadequados para exig\u00eancia que o Planeta tem. A natureza nos oferece de um modo gratuito, gracioso, abundante, generosamente tudo para o nosso viver e n\u00f3s estamos querendo transformar isso em poder, em dinheiro. A economia de Deus \u00e9 outra&#8221;, ensina o frade.<\/p>\n<div id=\"attachment_244044\" style=\"width: 997px\" class=\"wp-caption alignnone\"><img aria-describedby=\"caption-attachment-244044\" loading=\"lazy\" class=\"wp-image-244044 size-full\" src=\"https:\/\/franciscanos.org.br\/noticias\/wp-content\/uploads\/2023\/07\/pedro_01_20.jpg\" alt=\"\" width=\"987\" height=\"661\" srcset=\"https:\/\/franciscanos.org.br\/noticias\/wp-content\/uploads\/2023\/07\/pedro_01_20.jpg 987w, https:\/\/franciscanos.org.br\/noticias\/wp-content\/uploads\/2023\/07\/pedro_01_20-450x301.jpg 450w, https:\/\/franciscanos.org.br\/noticias\/wp-content\/uploads\/2023\/07\/pedro_01_20-768x514.jpg 768w, https:\/\/franciscanos.org.br\/noticias\/wp-content\/uploads\/2023\/07\/pedro_01_20-150x100.jpg 150w\" sizes=\"(max-width: 987px) 100vw, 987px\" \/><p id=\"caption-attachment-244044\" class=\"wp-caption-text\"><em>Fabio Deluque (\u00e0 esq.) e Frei Pedro Pinheiro<\/em><\/p><\/div>\n<p>Segundo o curador, o conte\u00fado da Mostra tem como objetivo emitir um alerta entre tantos outros j\u00e1 feitos por inst\u00e2ncias da pr\u00f3pria natureza e tamb\u00e9m por grupos de indiv\u00edduos atentos \u00e0s condi\u00e7\u00f5es desregradas impostas pela pr\u00f3pria esp\u00e9cie humana, em suas incontrol\u00e1veis e inescrupulosas formas de competi\u00e7\u00e3o gananciosa, visando t\u00e3o somente a destrui\u00e7\u00e3o e o ac\u00famulo de riquezas.<\/p>\n<p><img loading=\"lazy\" class=\"alignnone size-full wp-image-244045\" src=\"https:\/\/franciscanos.org.br\/noticias\/wp-content\/uploads\/2023\/07\/pedro_09_1.jpg\" alt=\"\" width=\"1280\" height=\"960\" srcset=\"https:\/\/franciscanos.org.br\/noticias\/wp-content\/uploads\/2023\/07\/pedro_09_1.jpg 1280w, https:\/\/franciscanos.org.br\/noticias\/wp-content\/uploads\/2023\/07\/pedro_09_1-450x338.jpg 450w, https:\/\/franciscanos.org.br\/noticias\/wp-content\/uploads\/2023\/07\/pedro_09_1-1024x768.jpg 1024w, https:\/\/franciscanos.org.br\/noticias\/wp-content\/uploads\/2023\/07\/pedro_09_1-768x576.jpg 768w, https:\/\/franciscanos.org.br\/noticias\/wp-content\/uploads\/2023\/07\/pedro_09_1-150x113.jpg 150w, https:\/\/franciscanos.org.br\/noticias\/wp-content\/uploads\/2023\/07\/pedro_09_1-600x450.jpg 600w\" sizes=\"(max-width: 1280px) 100vw, 1280px\" \/><\/p>\n<p>A exposi\u00e7\u00e3o re\u00fane 70 objetos de pl\u00e1stico reciclado; 12 quadros de pl\u00e1stico sobre tela; 5 pinturas \u00f3leo sobre tela; 8 pinturas sobre papel; 3 esculturas fundidas; 3 pres\u00e9pios; e 1 via cr\u00facis de 15 pe\u00e7as. A visita\u00e7\u00e3o \u00e9 gratuita e acontece diariamente, inclusive finais de semana, das 10 horas \u00e0s 17 horas, na Rua Conselheiro Rodrigues Alves, 251, no Centro de Bragan\u00e7a Paulista.<\/p>\n<p>A Exposi\u00e7\u00e3o tem o apoio da Prefeitura Municipal de Bragan\u00e7a Paulista, Universidade S\u00e3o Francisco,\u00a0Arte Serrinha Produ\u00e7\u00f5es Culturais e Prov\u00edncia Franciscana da Imaculada Concei\u00e7\u00e3o.<\/p>\n<hr \/>\n<p><em>Moacir Beggo<\/em><\/p>\n<p><img loading=\"lazy\" class=\"alignnone size-full wp-image-243790\" src=\"https:\/\/franciscanos.org.br\/noticias\/wp-content\/uploads\/2023\/06\/logo_3-768x259-1.png\" alt=\"\" width=\"768\" height=\"259\" srcset=\"https:\/\/franciscanos.org.br\/noticias\/wp-content\/uploads\/2023\/06\/logo_3-768x259-1.png 768w, https:\/\/franciscanos.org.br\/noticias\/wp-content\/uploads\/2023\/06\/logo_3-768x259-1-450x152.png 450w, https:\/\/franciscanos.org.br\/noticias\/wp-content\/uploads\/2023\/06\/logo_3-768x259-1-150x51.png 150w\" sizes=\"(max-width: 768px) 100vw, 768px\" \/><\/p>\n","protected":false},"excerpt":{"rendered":"<p>Exposi\u00e7\u00e3o \u201cO Universo Plasticoce\u00e2nico\u201d<\/p>\n","protected":false},"author":3,"featured_media":244032,"comment_status":"open","ping_status":"open","sticky":false,"template":"","format":"standard","meta":[],"categories":[1],"tags":[2148],"acf":[],"yoast_head":"<!-- This site is optimized with the Yoast SEO plugin v19.2 - https:\/\/yoast.com\/wordpress\/plugins\/seo\/ -->\n<title>O protesto de Frei Pedro contra a destrui\u00e7\u00e3o da Casa Comum - Not\u00edcias - Franciscanos<\/title>\n<meta name=\"robots\" content=\"index, follow, max-snippet:-1, max-image-preview:large, max-video-preview:-1\" \/>\n<link rel=\"canonical\" href=\"https:\/\/franciscanos.org.br\/noticias\/o-protesto-de-frei-pedro-contra-a-destruicao-da-casa-comum.html\" \/>\n<meta property=\"og:locale\" content=\"pt_BR\" \/>\n<meta property=\"og:type\" content=\"article\" \/>\n<meta property=\"og:title\" content=\"O protesto de Frei Pedro contra a destrui\u00e7\u00e3o da Casa Comum - Not\u00edcias - Franciscanos\" \/>\n<meta property=\"og:description\" content=\"Exposi\u00e7\u00e3o \u201cO Universo Plasticoce\u00e2nico\u201d\" \/>\n<meta property=\"og:url\" content=\"https:\/\/franciscanos.org.br\/noticias\/o-protesto-de-frei-pedro-contra-a-destruicao-da-casa-comum.html\" \/>\n<meta property=\"og:site_name\" content=\"Not\u00edcias - Franciscanos\" \/>\n<meta property=\"article:published_time\" content=\"2023-07-09T17:37:07+00:00\" \/>\n<meta property=\"article:modified_time\" content=\"2023-07-09T17:53:46+00:00\" \/>\n<meta property=\"og:image\" content=\"https:\/\/franciscanos.org.br\/noticias\/wp-content\/uploads\/2023\/07\/pedro_09_2.jpg\" \/>\n\t<meta property=\"og:image:width\" content=\"1280\" \/>\n\t<meta property=\"og:image:height\" content=\"720\" \/>\n\t<meta property=\"og:image:type\" content=\"image\/jpeg\" \/>\n<meta name=\"author\" content=\"moacir\" \/>\n<meta name=\"twitter:card\" content=\"summary_large_image\" \/>\n<meta name=\"twitter:label1\" content=\"Escrito por\" \/>\n\t<meta name=\"twitter:data1\" content=\"moacir\" \/>\n\t<meta name=\"twitter:label2\" content=\"Est. tempo de leitura\" \/>\n\t<meta name=\"twitter:data2\" content=\"8 minutos\" \/>\n<script type=\"application\/ld+json\" class=\"yoast-schema-graph\">{\"@context\":\"https:\/\/schema.org\",\"@graph\":[{\"@type\":\"WebSite\",\"@id\":\"https:\/\/franciscanos.org.br\/noticias\/#website\",\"url\":\"https:\/\/franciscanos.org.br\/noticias\/\",\"name\":\"Not\u00edcias - Franciscanos\",\"description\":\"Prov\u00edncia Franciscana da Imaculada Concei\u00e7\u00e3o do Brasil - Ordem dos Frades Menores - OFM\",\"potentialAction\":[{\"@type\":\"SearchAction\",\"target\":{\"@type\":\"EntryPoint\",\"urlTemplate\":\"https:\/\/franciscanos.org.br\/noticias\/?s={search_term_string}\"},\"query-input\":\"required name=search_term_string\"}],\"inLanguage\":\"pt-BR\"},{\"@type\":\"ImageObject\",\"inLanguage\":\"pt-BR\",\"@id\":\"https:\/\/franciscanos.org.br\/noticias\/o-protesto-de-frei-pedro-contra-a-destruicao-da-casa-comum.html#primaryimage\",\"url\":\"https:\/\/franciscanos.org.br\/noticias\/wp-content\/uploads\/2023\/07\/pedro_09_2.jpg\",\"contentUrl\":\"https:\/\/franciscanos.org.br\/noticias\/wp-content\/uploads\/2023\/07\/pedro_09_2.jpg\",\"width\":1280,\"height\":720},{\"@type\":\"WebPage\",\"@id\":\"https:\/\/franciscanos.org.br\/noticias\/o-protesto-de-frei-pedro-contra-a-destruicao-da-casa-comum.html#webpage\",\"url\":\"https:\/\/franciscanos.org.br\/noticias\/o-protesto-de-frei-pedro-contra-a-destruicao-da-casa-comum.html\",\"name\":\"O protesto de Frei Pedro contra a destrui\u00e7\u00e3o da Casa Comum - Not\u00edcias - Franciscanos\",\"isPartOf\":{\"@id\":\"https:\/\/franciscanos.org.br\/noticias\/#website\"},\"primaryImageOfPage\":{\"@id\":\"https:\/\/franciscanos.org.br\/noticias\/o-protesto-de-frei-pedro-contra-a-destruicao-da-casa-comum.html#primaryimage\"},\"datePublished\":\"2023-07-09T17:37:07+00:00\",\"dateModified\":\"2023-07-09T17:53:46+00:00\",\"author\":{\"@id\":\"https:\/\/franciscanos.org.br\/noticias\/#\/schema\/person\/b5c8cba458c330ccff548b056e95a5d4\"},\"breadcrumb\":{\"@id\":\"https:\/\/franciscanos.org.br\/noticias\/o-protesto-de-frei-pedro-contra-a-destruicao-da-casa-comum.html#breadcrumb\"},\"inLanguage\":\"pt-BR\",\"potentialAction\":[{\"@type\":\"ReadAction\",\"target\":[\"https:\/\/franciscanos.org.br\/noticias\/o-protesto-de-frei-pedro-contra-a-destruicao-da-casa-comum.html\"]}]},{\"@type\":\"BreadcrumbList\",\"@id\":\"https:\/\/franciscanos.org.br\/noticias\/o-protesto-de-frei-pedro-contra-a-destruicao-da-casa-comum.html#breadcrumb\",\"itemListElement\":[{\"@type\":\"ListItem\",\"position\":1,\"name\":\"Home\",\"item\":\"https:\/\/franciscanos.org.br\/noticias\"},{\"@type\":\"ListItem\",\"position\":2,\"name\":\"O protesto de Frei Pedro contra a destrui\u00e7\u00e3o da Casa Comum\"}]},{\"@type\":\"Person\",\"@id\":\"https:\/\/franciscanos.org.br\/noticias\/#\/schema\/person\/b5c8cba458c330ccff548b056e95a5d4\",\"name\":\"moacir\",\"image\":{\"@type\":\"ImageObject\",\"inLanguage\":\"pt-BR\",\"@id\":\"https:\/\/franciscanos.org.br\/noticias\/#\/schema\/person\/image\/\",\"url\":\"https:\/\/secure.gravatar.com\/avatar\/d08aa2ce4c8dd416d4479aa8536fcf64?s=96&d=mm&r=g\",\"contentUrl\":\"https:\/\/secure.gravatar.com\/avatar\/d08aa2ce4c8dd416d4479aa8536fcf64?s=96&d=mm&r=g\",\"caption\":\"moacir\"},\"url\":\"https:\/\/franciscanos.org.br\/noticias\/author\/moacir\"}]}<\/script>\n<!-- \/ Yoast SEO plugin. -->","yoast_head_json":{"title":"O protesto de Frei Pedro contra a destrui\u00e7\u00e3o da Casa Comum - Not\u00edcias - Franciscanos","robots":{"index":"index","follow":"follow","max-snippet":"max-snippet:-1","max-image-preview":"max-image-preview:large","max-video-preview":"max-video-preview:-1"},"canonical":"https:\/\/franciscanos.org.br\/noticias\/o-protesto-de-frei-pedro-contra-a-destruicao-da-casa-comum.html","og_locale":"pt_BR","og_type":"article","og_title":"O protesto de Frei Pedro contra a destrui\u00e7\u00e3o da Casa Comum - Not\u00edcias - Franciscanos","og_description":"Exposi\u00e7\u00e3o \u201cO Universo Plasticoce\u00e2nico\u201d","og_url":"https:\/\/franciscanos.org.br\/noticias\/o-protesto-de-frei-pedro-contra-a-destruicao-da-casa-comum.html","og_site_name":"Not\u00edcias - Franciscanos","article_published_time":"2023-07-09T17:37:07+00:00","article_modified_time":"2023-07-09T17:53:46+00:00","og_image":[{"width":1280,"height":720,"url":"https:\/\/franciscanos.org.br\/noticias\/wp-content\/uploads\/2023\/07\/pedro_09_2.jpg","type":"image\/jpeg"}],"author":"moacir","twitter_card":"summary_large_image","twitter_misc":{"Escrito por":"moacir","Est. tempo de leitura":"8 minutos"},"schema":{"@context":"https:\/\/schema.org","@graph":[{"@type":"WebSite","@id":"https:\/\/franciscanos.org.br\/noticias\/#website","url":"https:\/\/franciscanos.org.br\/noticias\/","name":"Not\u00edcias - Franciscanos","description":"Prov\u00edncia Franciscana da Imaculada Concei\u00e7\u00e3o do Brasil - Ordem dos Frades Menores - OFM","potentialAction":[{"@type":"SearchAction","target":{"@type":"EntryPoint","urlTemplate":"https:\/\/franciscanos.org.br\/noticias\/?s={search_term_string}"},"query-input":"required name=search_term_string"}],"inLanguage":"pt-BR"},{"@type":"ImageObject","inLanguage":"pt-BR","@id":"https:\/\/franciscanos.org.br\/noticias\/o-protesto-de-frei-pedro-contra-a-destruicao-da-casa-comum.html#primaryimage","url":"https:\/\/franciscanos.org.br\/noticias\/wp-content\/uploads\/2023\/07\/pedro_09_2.jpg","contentUrl":"https:\/\/franciscanos.org.br\/noticias\/wp-content\/uploads\/2023\/07\/pedro_09_2.jpg","width":1280,"height":720},{"@type":"WebPage","@id":"https:\/\/franciscanos.org.br\/noticias\/o-protesto-de-frei-pedro-contra-a-destruicao-da-casa-comum.html#webpage","url":"https:\/\/franciscanos.org.br\/noticias\/o-protesto-de-frei-pedro-contra-a-destruicao-da-casa-comum.html","name":"O protesto de Frei Pedro contra a destrui\u00e7\u00e3o da Casa Comum - Not\u00edcias - Franciscanos","isPartOf":{"@id":"https:\/\/franciscanos.org.br\/noticias\/#website"},"primaryImageOfPage":{"@id":"https:\/\/franciscanos.org.br\/noticias\/o-protesto-de-frei-pedro-contra-a-destruicao-da-casa-comum.html#primaryimage"},"datePublished":"2023-07-09T17:37:07+00:00","dateModified":"2023-07-09T17:53:46+00:00","author":{"@id":"https:\/\/franciscanos.org.br\/noticias\/#\/schema\/person\/b5c8cba458c330ccff548b056e95a5d4"},"breadcrumb":{"@id":"https:\/\/franciscanos.org.br\/noticias\/o-protesto-de-frei-pedro-contra-a-destruicao-da-casa-comum.html#breadcrumb"},"inLanguage":"pt-BR","potentialAction":[{"@type":"ReadAction","target":["https:\/\/franciscanos.org.br\/noticias\/o-protesto-de-frei-pedro-contra-a-destruicao-da-casa-comum.html"]}]},{"@type":"BreadcrumbList","@id":"https:\/\/franciscanos.org.br\/noticias\/o-protesto-de-frei-pedro-contra-a-destruicao-da-casa-comum.html#breadcrumb","itemListElement":[{"@type":"ListItem","position":1,"name":"Home","item":"https:\/\/franciscanos.org.br\/noticias"},{"@type":"ListItem","position":2,"name":"O protesto de Frei Pedro contra a destrui\u00e7\u00e3o da Casa Comum"}]},{"@type":"Person","@id":"https:\/\/franciscanos.org.br\/noticias\/#\/schema\/person\/b5c8cba458c330ccff548b056e95a5d4","name":"moacir","image":{"@type":"ImageObject","inLanguage":"pt-BR","@id":"https:\/\/franciscanos.org.br\/noticias\/#\/schema\/person\/image\/","url":"https:\/\/secure.gravatar.com\/avatar\/d08aa2ce4c8dd416d4479aa8536fcf64?s=96&d=mm&r=g","contentUrl":"https:\/\/secure.gravatar.com\/avatar\/d08aa2ce4c8dd416d4479aa8536fcf64?s=96&d=mm&r=g","caption":"moacir"},"url":"https:\/\/franciscanos.org.br\/noticias\/author\/moacir"}]}},"_links":{"self":[{"href":"https:\/\/franciscanos.org.br\/noticias\/wp-json\/wp\/v2\/posts\/244031"}],"collection":[{"href":"https:\/\/franciscanos.org.br\/noticias\/wp-json\/wp\/v2\/posts"}],"about":[{"href":"https:\/\/franciscanos.org.br\/noticias\/wp-json\/wp\/v2\/types\/post"}],"author":[{"embeddable":true,"href":"https:\/\/franciscanos.org.br\/noticias\/wp-json\/wp\/v2\/users\/3"}],"replies":[{"embeddable":true,"href":"https:\/\/franciscanos.org.br\/noticias\/wp-json\/wp\/v2\/comments?post=244031"}],"version-history":[{"count":3,"href":"https:\/\/franciscanos.org.br\/noticias\/wp-json\/wp\/v2\/posts\/244031\/revisions"}],"predecessor-version":[{"id":244050,"href":"https:\/\/franciscanos.org.br\/noticias\/wp-json\/wp\/v2\/posts\/244031\/revisions\/244050"}],"wp:featuredmedia":[{"embeddable":true,"href":"https:\/\/franciscanos.org.br\/noticias\/wp-json\/wp\/v2\/media\/244032"}],"wp:attachment":[{"href":"https:\/\/franciscanos.org.br\/noticias\/wp-json\/wp\/v2\/media?parent=244031"}],"wp:term":[{"taxonomy":"category","embeddable":true,"href":"https:\/\/franciscanos.org.br\/noticias\/wp-json\/wp\/v2\/categories?post=244031"},{"taxonomy":"post_tag","embeddable":true,"href":"https:\/\/franciscanos.org.br\/noticias\/wp-json\/wp\/v2\/tags?post=244031"}],"curies":[{"name":"wp","href":"https:\/\/api.w.org\/{rel}","templated":true}]}}