{"id":244027,"date":"2023-07-09T10:03:14","date_gmt":"2023-07-09T13:03:14","guid":{"rendered":"https:\/\/franciscanos.org.br\/noticias\/?p=244027"},"modified":"2023-07-09T10:03:49","modified_gmt":"2023-07-09T13:03:49","slug":"papa-no-angelus-a-vida-e-repleta-de-milagres-deixemo-nos-maravilhar","status":"publish","type":"post","link":"https:\/\/franciscanos.org.br\/noticias\/papa-no-angelus-a-vida-e-repleta-de-milagres-deixemo-nos-maravilhar.html","title":{"rendered":"Papa no Angelus: A vida \u00e9 repleta de milagres. Deixemo-nos maravilhar!"},"content":{"rendered":"<div id=\"attachment_244028\" style=\"width: 1510px\" class=\"wp-caption alignnone\"><img aria-describedby=\"caption-attachment-244028\" loading=\"lazy\" class=\"wp-image-244028 size-full\" src=\"https:\/\/franciscanos.org.br\/noticias\/wp-content\/uploads\/2023\/07\/angelus_09.jpeg\" alt=\"\" width=\"1500\" height=\"844\" srcset=\"https:\/\/franciscanos.org.br\/noticias\/wp-content\/uploads\/2023\/07\/angelus_09.jpeg 1500w, https:\/\/franciscanos.org.br\/noticias\/wp-content\/uploads\/2023\/07\/angelus_09-450x253.jpeg 450w, https:\/\/franciscanos.org.br\/noticias\/wp-content\/uploads\/2023\/07\/angelus_09-1024x576.jpeg 1024w, https:\/\/franciscanos.org.br\/noticias\/wp-content\/uploads\/2023\/07\/angelus_09-768x432.jpeg 768w, https:\/\/franciscanos.org.br\/noticias\/wp-content\/uploads\/2023\/07\/angelus_09-150x84.jpeg 150w\" sizes=\"(max-width: 1500px) 100vw, 1500px\" \/><p id=\"caption-attachment-244028\" class=\"wp-caption-text\"><em>\u00a0 \u00a0 \u00a0 \u00a0 \u00a0 \u00a0 \u00a0 \u00a0 \u00a0 \u00a0 \u00a0 \u00a0 \u00a0 \u00a0 \u00a0 \u00a0 \u00a0 \u00a0 \u00a0 \u00a0 \u00a0 \u00a0 \u00a0 \u00a0 \u00a0 \u00a0 \u00a0 \u00a0 \u00a0 \u00a0 \u00a0 \u00a0 \u00a0 \u00a0 \u00a0 \u00a0 \u00a0 \u00a0 \u00a0 \u00a0 \u00a0 \u00a0 \u00a0 \u00a0 \u00a0 \u00a0 \u00a0 \u00a0 \u00a0 \u00a0 \u00a0 \u00a0 \u00a0 \u00a0 \u00a0 \u00a0 \u00a0Imagem: Vatican Media<\/em><\/p><\/div>\n<p>Sob um sol de 35 graus, o Papa rezou com os fi\u00e9is na Pra\u00e7a S\u00e3o Pedro a ora\u00e7\u00e3o do Angelus. Antes, por\u00e9m, comentou o Evangelho deste XIV Domingo do Tempo Comum, que prop\u00f5e uma ora\u00e7\u00e3o muito bela de Jesus, que se dirige ao Pai dizendo: &#8220;Eu te louvo, \u00f3 Pai, Senhor do c\u00e9u e da terra, porque escondeste estas coisas aos s\u00e1bios e entendidos e as revelaste aos pequeninos&#8221; (Mt 11,25).<\/p>\n<p>Em sua alocu\u00e7\u00e3o, Francisco se deteve sobre dois aspectos: as coisas pelas quais Jesus louva o Pai e os pequeninos que sabem acolh\u00ea-las. O Papa retrocedeu alguns vers\u00edculos do Evangelho de Mateus, onde o Senhor recorda algumas de suas obras: &#8220;Os cegos voltam a ver, os leprosos s\u00e3o purificados, aos pobres \u00e9 anunciado o Evangelho&#8221; (Mt 11,5), e revelou o significado, dizendo que s\u00e3o os sinais do agir de Deus no mundo.<\/p>\n<p>A mensagem ent\u00e3o \u00e9 clara, afirmou o Pont\u00edfice: Deus se revela libertando e curando o homem com um amor gratuito que salva. Por isto, Jesus louva o Pai, porque a sua grandeza consiste no amor e jamais atua fora do amor.<\/p>\n<p>&#8220;Mas esta grandeza no amor n\u00e3o \u00e9 compreendida por quem tem a presun\u00e7\u00e3o de ser grande e constr\u00f3i um deus \u00e0 pr\u00f3pria imagem: poderoso, inflex\u00edvel, vingativo. Em outras palavras, n\u00e3o consegue acolher Deus como Pai quem est\u00e1 cheio de si, orgulhoso, preocupado somente com os pr\u00f3prios interesses, convencido de que n\u00e3o precisa de ningu\u00e9m.&#8221;<\/p>\n<p>Jesus cita, a prop\u00f3sito, os habitantes de tr\u00eas cidades ricas do tempo, Corazim, Betsaida e Cafarnaum, onde realizou muitas curas, mas cujos habitantes ficaram indiferentes \u00e0 sua prega\u00e7\u00e3o. Para eles, os milagres foram s\u00f3 eventos espetaculares, \u00fateis para fazer not\u00edcia e alimentar as fofocas: terminado o interesse passageiro, os arquivaram, talvez para se ocupar de qualquer outra novidade do momento. N\u00e3o souberam acolher as grandes coisas de Deus.<br \/>\nOs pequeninos, ao inv\u00e9s, sabem acolh\u00ea-las e Jesus louva o Pai por eles: \u201cEu te louvo porque revelastes o Reino dos C\u00e9us aos pequeninos&#8221;. Louva pelos simples, que t\u00eam o cora\u00e7\u00e3o livre da presun\u00e7\u00e3o e do amor pr\u00f3prio. Os pequeninos s\u00e3o aqueles que, assim como as crian\u00e7as, se sentem necessitadas e n\u00e3o autossuficientes, est\u00e3o abertas a Deus e se deixam maravilhar pelas suas obras. Eles sabem ler os seus sinais, maravilhar-se pelos milagres do seu amor.<\/p>\n<p>&#8220;Irm\u00e3os e irm\u00e3s, a nossa vida, se pensarmos, \u00e9 repleta de milagres: \u00e9 cheia de gestos de amor, sinais da bondade de Deus. Diante deles, por\u00e9m, tamb\u00e9m o nosso cora\u00e7\u00e3o pode permanecer indiferente e se tornar habitudin\u00e1rio, curioso mas incapaz de se maravilhar, de se deixar &#8216;impressionar&#8217;. Impressionar: \u00e9 um belo verbo que traz \u00e0 mente a pel\u00edcula de fot\u00f3grafo. Eis a atitude justa diante das obras de Deus: fotografar na mente as suas obras para que se imprimam no cora\u00e7\u00e3o, para depois revel\u00e1-las na vida, atrav\u00e9s de muitos gestos de bem, de modo que a &#8216;fotografia&#8217; de Deus-amor se torne sempre mais luminosa em n\u00f3s e por meio de n\u00f3s.&#8221;<\/p>\n<p>Francisco concluiu convidando os fi\u00e9is a se questionarem: na mar\u00e9 de not\u00edcias que nos submergem, eu, como nos mostra Jesus hoje, sei contemplar as grandes coisas que Deus realiza? Deixo-me maravilhar como uma crian\u00e7a com o bem que silenciosamente transforma o mundo? E louvo o Pai todos os dias por suas obras?<\/p>\n<p>&#8220;Que Maria, que exultou no Senhor, nos torne capazes de nos maravilhar com o Seu amor e louv\u00e1-Lo com simplicidade.&#8221;<\/p>\n<hr \/>\n<h2>&#8220;A morte de um inocente \u00e9 um grito ensurdecedor&#8221;: Papa recorda viagem a Lampedusa<\/h2>\n<p>Trag\u00e9dias, massacres silenciosos, dor e vergonha: estas s\u00e3o algumas das palavras usadas por Francisco ao recordar os dez anos de sua viagem a Lampedusa, uma ilha no sul da It\u00e1lia.<\/p>\n<p>As express\u00f5es do Pont\u00edfice est\u00e3o contidas numa mensagem enviada ao arcebispo de Agrigento, na Sic\u00edlia, Dom Alessandro Damiano.<\/p>\n<p>O Papa lamenta que continuamos a assistir ao repetir-se de graves trag\u00e9dias no Mediterr\u00e2neo, &#8220;massacres silenciosos&#8221; que abalam e nos deixam &#8220;inermes e at\u00f4nitos&#8221;.<\/p>\n<p>\u201cA morte de inocentes, principalmente de crian\u00e7as, em busca de uma exist\u00eancia mais serena, \u00e9 um grito doloroso e ensurdecedor que n\u00e3o pode nos deixar indiferentes. \u00c9 a vergonha de uma sociedade que n\u00e3o sabe mais chorar nem sofrer com o outro.\u201d<\/p>\n<p>Passaram-se dez anos, recorda Francisco, e estas cat\u00e1strofes desumanas devem sacudir as consci\u00eancias. &#8220;Deus ainda nos pergunta: Ad\u00e3o, onde voc\u00ea est\u00e1? Cad\u00ea seu irm\u00e3o?&#8221; N\u00e3o se pode mais perseverar no erro, escreve ainda. \u00c9 preciso mudar atitude.<\/p>\n<p>&#8220;O irm\u00e3o que bate \u00e0 porta \u00e9 digno de amor, de acolhimento, de todo tipo de cuidado.&#8221;<\/p>\n<p>Portanto, Francisco exorta a todos a um renovado e profundo sentido de responsabilidade, dando prova de solidariedade e de compartilha. Para que a Igreja seja realmente prof\u00e9tica, diz ainda o Papa, \u00e9 preciso que se coloque na &#8220;rota dos esquecidos, saindo de si mesma, lenindo com o b\u00e1lsamo da fraternidade e da caridade as chagas ensanguentadas daqueles que carregam impressas no pr\u00f3prio corpo as mesmas feridas de Cristo&#8221;.<\/p>\n<p>A exorta\u00e7\u00e3o do Pont\u00edfice \u00e9 para n\u00e3o permanecer prisioneiros nos medos e nas l\u00f3gicas partid\u00e1rias, mas ser &#8220;crist\u00e3os capazes de fecundar com a riqueza espiritual do Evangelho&#8221; a ilha de Lampedusa, para que volte a resplandecer em sua origin\u00e1ria beleza.<\/p>\n<p>O Papa conclui concedendo sua b\u00ean\u00e7\u00e3o apost\u00f3lica, confiando ao Senhor da vida as pessoas que morreram nas travessias.<\/p>\n<h2>Papa anuncia Consist\u00f3rio para 30 de setembro. Dom Am\u00e9rico Aguiar ser\u00e1 cardeal<\/h2>\n<p>Ap\u00f3s rezar o Angelus, o Papa Francisco anunciou para setembro a realiza\u00e7\u00e3o de um Consist\u00f3rio para a cria\u00e7\u00e3o de novos cardeais, o nono de seu Pontificado. O primeiro foi em 22 de fevereiro de 2014, seguiu-se o de 14 de fevereiro de 2015; 19 de novembro de 2016; 28 de junho de 2017; 28 de junho de 2018; 05 de outubro 2019; 28 de novembro de 2020; 27 de agosto de 2022. Eis o an\u00fancio:<\/p>\n<p>&#8220;Queridos irm\u00e3os e irm\u00e3s, tenho o prazer de anunciar que no pr\u00f3ximo dia 30 de setembro realizarei um Consist\u00f3rio para a cria\u00e7\u00e3o de novos cardeais. A sua proveni\u00eancia exprime a universalidade da Igreja que continua a anunciar o amor misericordioso de Deus a todos os homens da terra. Al\u00e9m disso, a inclus\u00e3o de novos cardeais na Diocese de Roma demonstra o v\u00ednculo insepar\u00e1vel entre a S\u00e9 de Pedro e as Igrejas particulares espalhadas pelo mundo. Eis os nomes dos novos Cardeais:<\/p>\n<p>1- S. E. Mons. Robert Francis PREVOST, O.S.A., Prefeito do Dicast\u00e9rio para os Bispos<br \/>\n2- S.E. Mons. Claudio GUGEROTTI, Prefeito do Dicast\u00e9rio para as Igrejas Orientais<br \/>\n3- S. E. Mons. V\u00edctor Manuel FERN\u00c1NDEZ, Prefeito do Dicast\u00e9rio para a Doutrina da F\u00e9<br \/>\n4- S. E. Mons. Emil Paul TSCHERRIG, N\u00fancio Apost\u00f3lico<br \/>\n5- S. E. Mons. Christophe Louis Yves Georges PIERRE, N\u00fancio Apost\u00f3lico<br \/>\n6- S. E. Mons. Pierbattista PIZZABALLA, Patriarca Latino de Jerusal\u00e9m<br \/>\n7- S. E. Mons. Stephen BRISLIN, Arcebispo da Cidade do Cabo (Kaapstad)<br \/>\n8- S. E. Mons. \u00c1ngel Sixto ROSSI, S.J., Arcebispo de C\u00f3rdoba<br \/>\n9- S. E. Mons. Luis Jos\u00e9 RUEDA APARICIO, Arcebispo de Bogot\u00e1<br \/>\n10- S. E. Mons. Grzegorz RY\u015a, Arcebispo di \u0141\u00f3d\u017a,<br \/>\n11- S. E. Mons. Stephen Ameyu Martin MULLA, Arcebispo de Juba<br \/>\n12- S. E. Mons. Jos\u00e9 COBO CANO, Arcebispo dieMadrid<br \/>\n13- S. E. Mons. Protase RUGAMBWA, Arcebispo coadjutor de Tabora<br \/>\n14- S. E. Mons. Sebastian FRANCIS, Bispo de Penang<br \/>\n15- S. E. Mons. Stephen CHOW SAU-YAN, S.J., Bispo de Hong Kong<br \/>\n16- S. E. Mons. Fran\u00e7ois-Xavier BUSTILLO, O.F.M. Conv., Bispo de Ajaccio<br \/>\n17- S. E. Mons. Am\u00e9rico Manuel ALVES AGUIAR, Bispo auxiliar de Lisboa<br \/>\n18- Rvdo. \u00c1ngel FERN\u00c1NDEZ ARTIME, s.d.b., Reitor-Mor dos Salesianos.<\/p>\n<p>Juntamente com eles unirei aos membros do Col\u00e9gio Cardinal\u00edcio dois arcebispos e um religioso que se distinguiram pelo servi\u00e7o \u00e0 Igreja:<\/p>\n<p>19- S.E. Mons. Agostino MARCHETTO, N\u00fancio Apost\u00f3lico<br \/>\n20- S.E. Mons. Diego Rafael PADR\u00d3N S\u00c1NCHEZ, Arcebispo em\u00e9rito de Cuman\u00e1<br \/>\n21- R. P. Luis Pascual DRI, OFM Cap., confessor no Santu\u00e1rio de Nossa Senhora de Pompeia, Buenos Aires<\/p>\n<p>Rezemos pelos novos cardeais, para que, confirmando a sua ades\u00e3o a Cristo, Sumo Sacerdote misericordioso e fiel (cf. Heb 2, 17), me ajudem no meu minist\u00e9rio de Bispo de Roma para o bem de todo o Santo Povo fiel de Deus.&#8221;<\/p>\n<h3>Dom Am\u00e9rico Manuel ALVES AGUIAR, bispo auxiliar de Lisboa<\/h3>\n<p>Dom Am\u00e9rico Alvez Aguiar Nasceu em 12 de dezembro de 1973 em Le\u00e7a do Balio, Matosinhos. Em 1995 ingressou no Semin\u00e1rio Maior do Porto; Concluiu os seus estudos acad\u00eamicos na Universidade Cat\u00f3lica: primeiro Teologia (Porto) e depois um Mestrado em Ci\u00eancias da Comunica\u00e7\u00e3o (Lisboa);<\/p>\n<p>Em 2001 foi ordenado sacerdote por Dom Armindo Lopes Coelho;<br \/>\n2001\/2002 &#8211; p\u00e1roco de S. Pedro de Azevedo, Campanh\u00e3;<br \/>\n2001\/2004 &#8211; Tabeli\u00e3o na C\u00faria Diocesana;<br \/>\n2002\/2015 &#8211; Respons\u00e1vel pelo Escrit\u00f3rio de Informa\u00e7\u00e3o\/Comunica\u00e7\u00e3o;<br \/>\n2002\/2008 &#8211; Assistente Regional do Corpo Nacional de Escoteiros;<br \/>\n2004\/2015 &#8211; Vig\u00e1rio Geral, Chefe de Gabinete dos Bispos do Porto e Capel\u00e3o da C\u00faria Diocesana. e Capel\u00e3o-Mor da Miseric\u00f3rdia do Porto;<br \/>\n2007\/2015 &#8211; Vice-Reitor do Santu\u00e1rio Diocesano de Santa Rita (Ermesinde);<br \/>\n2014\/2015 &#8211; P\u00e1roco in solidum da Catedral;<\/p>\n<p>Foi membro do Cabido Portucalense de 2017 a fevereiro de 2019;<br \/>\nFoi Diretor da Secretaria Nacional de Comunica\u00e7\u00e3o Social de 7 de abril de 2016 a 1\u00ba de maio de 2019;<br \/>\nNomeado pelo Papa Francisco bispo auxiliar de Lisboa a 1 de mar\u00e7o de 2019. Ordenado bispo titular de Dagno a 31 de mar\u00e7o de 2019, na Igreja da Trindade, Porto; \u00c9 Presidente da Funda\u00e7\u00e3o JMJ Lisboa 2023. \u00c9 Diretor do Departamento de Comunica\u00e7\u00e3o do Patriarcado de Lisboa.<\/p>\n<hr \/>\n<p><em>Fonte: Vatican News (texto de\u00a0 Bianca Fraccalvieri )<\/em><\/p>\n","protected":false},"excerpt":{"rendered":"<p>Angelus<\/p>\n","protected":false},"author":3,"featured_media":244028,"comment_status":"open","ping_status":"open","sticky":false,"template":"","format":"standard","meta":[],"categories":[1428],"tags":[403],"acf":[],"yoast_head":"<!-- This site is optimized with the Yoast SEO plugin v19.2 - https:\/\/yoast.com\/wordpress\/plugins\/seo\/ -->\n<title>Papa no Angelus: A vida \u00e9 repleta de milagres. Deixemo-nos maravilhar! - Not\u00edcias - Franciscanos<\/title>\n<meta name=\"robots\" content=\"index, follow, max-snippet:-1, max-image-preview:large, max-video-preview:-1\" \/>\n<link rel=\"canonical\" href=\"https:\/\/franciscanos.org.br\/noticias\/papa-no-angelus-a-vida-e-repleta-de-milagres-deixemo-nos-maravilhar.html\" \/>\n<meta property=\"og:locale\" content=\"pt_BR\" \/>\n<meta property=\"og:type\" content=\"article\" \/>\n<meta property=\"og:title\" content=\"Papa no Angelus: A vida \u00e9 repleta de milagres. Deixemo-nos maravilhar! - Not\u00edcias - Franciscanos\" \/>\n<meta property=\"og:description\" content=\"Angelus\" \/>\n<meta property=\"og:url\" content=\"https:\/\/franciscanos.org.br\/noticias\/papa-no-angelus-a-vida-e-repleta-de-milagres-deixemo-nos-maravilhar.html\" \/>\n<meta property=\"og:site_name\" content=\"Not\u00edcias - Franciscanos\" \/>\n<meta property=\"article:published_time\" content=\"2023-07-09T13:03:14+00:00\" \/>\n<meta property=\"article:modified_time\" content=\"2023-07-09T13:03:49+00:00\" \/>\n<meta property=\"og:image\" content=\"https:\/\/franciscanos.org.br\/noticias\/wp-content\/uploads\/2023\/07\/angelus_09.jpeg\" \/>\n\t<meta property=\"og:image:width\" content=\"1500\" \/>\n\t<meta property=\"og:image:height\" content=\"844\" \/>\n\t<meta property=\"og:image:type\" content=\"image\/jpeg\" \/>\n<meta name=\"author\" content=\"moacir\" \/>\n<meta name=\"twitter:card\" content=\"summary_large_image\" \/>\n<meta name=\"twitter:label1\" content=\"Escrito por\" \/>\n\t<meta name=\"twitter:data1\" content=\"moacir\" \/>\n\t<meta name=\"twitter:label2\" content=\"Est. tempo de leitura\" \/>\n\t<meta name=\"twitter:data2\" content=\"8 minutos\" \/>\n<script type=\"application\/ld+json\" class=\"yoast-schema-graph\">{\"@context\":\"https:\/\/schema.org\",\"@graph\":[{\"@type\":\"WebSite\",\"@id\":\"https:\/\/franciscanos.org.br\/noticias\/#website\",\"url\":\"https:\/\/franciscanos.org.br\/noticias\/\",\"name\":\"Not\u00edcias - Franciscanos\",\"description\":\"Prov\u00edncia Franciscana da Imaculada Concei\u00e7\u00e3o do Brasil - Ordem dos Frades Menores - OFM\",\"potentialAction\":[{\"@type\":\"SearchAction\",\"target\":{\"@type\":\"EntryPoint\",\"urlTemplate\":\"https:\/\/franciscanos.org.br\/noticias\/?s={search_term_string}\"},\"query-input\":\"required name=search_term_string\"}],\"inLanguage\":\"pt-BR\"},{\"@type\":\"ImageObject\",\"inLanguage\":\"pt-BR\",\"@id\":\"https:\/\/franciscanos.org.br\/noticias\/papa-no-angelus-a-vida-e-repleta-de-milagres-deixemo-nos-maravilhar.html#primaryimage\",\"url\":\"https:\/\/franciscanos.org.br\/noticias\/wp-content\/uploads\/2023\/07\/angelus_09.jpeg\",\"contentUrl\":\"https:\/\/franciscanos.org.br\/noticias\/wp-content\/uploads\/2023\/07\/angelus_09.jpeg\",\"width\":1500,\"height\":844},{\"@type\":\"WebPage\",\"@id\":\"https:\/\/franciscanos.org.br\/noticias\/papa-no-angelus-a-vida-e-repleta-de-milagres-deixemo-nos-maravilhar.html#webpage\",\"url\":\"https:\/\/franciscanos.org.br\/noticias\/papa-no-angelus-a-vida-e-repleta-de-milagres-deixemo-nos-maravilhar.html\",\"name\":\"Papa no Angelus: A vida \u00e9 repleta de milagres. Deixemo-nos maravilhar! - Not\u00edcias - Franciscanos\",\"isPartOf\":{\"@id\":\"https:\/\/franciscanos.org.br\/noticias\/#website\"},\"primaryImageOfPage\":{\"@id\":\"https:\/\/franciscanos.org.br\/noticias\/papa-no-angelus-a-vida-e-repleta-de-milagres-deixemo-nos-maravilhar.html#primaryimage\"},\"datePublished\":\"2023-07-09T13:03:14+00:00\",\"dateModified\":\"2023-07-09T13:03:49+00:00\",\"author\":{\"@id\":\"https:\/\/franciscanos.org.br\/noticias\/#\/schema\/person\/b5c8cba458c330ccff548b056e95a5d4\"},\"breadcrumb\":{\"@id\":\"https:\/\/franciscanos.org.br\/noticias\/papa-no-angelus-a-vida-e-repleta-de-milagres-deixemo-nos-maravilhar.html#breadcrumb\"},\"inLanguage\":\"pt-BR\",\"potentialAction\":[{\"@type\":\"ReadAction\",\"target\":[\"https:\/\/franciscanos.org.br\/noticias\/papa-no-angelus-a-vida-e-repleta-de-milagres-deixemo-nos-maravilhar.html\"]}]},{\"@type\":\"BreadcrumbList\",\"@id\":\"https:\/\/franciscanos.org.br\/noticias\/papa-no-angelus-a-vida-e-repleta-de-milagres-deixemo-nos-maravilhar.html#breadcrumb\",\"itemListElement\":[{\"@type\":\"ListItem\",\"position\":1,\"name\":\"Home\",\"item\":\"https:\/\/franciscanos.org.br\/noticias\"},{\"@type\":\"ListItem\",\"position\":2,\"name\":\"Papa no Angelus: A vida \u00e9 repleta de milagres. Deixemo-nos maravilhar!\"}]},{\"@type\":\"Person\",\"@id\":\"https:\/\/franciscanos.org.br\/noticias\/#\/schema\/person\/b5c8cba458c330ccff548b056e95a5d4\",\"name\":\"moacir\",\"image\":{\"@type\":\"ImageObject\",\"inLanguage\":\"pt-BR\",\"@id\":\"https:\/\/franciscanos.org.br\/noticias\/#\/schema\/person\/image\/\",\"url\":\"https:\/\/secure.gravatar.com\/avatar\/d08aa2ce4c8dd416d4479aa8536fcf64?s=96&d=mm&r=g\",\"contentUrl\":\"https:\/\/secure.gravatar.com\/avatar\/d08aa2ce4c8dd416d4479aa8536fcf64?s=96&d=mm&r=g\",\"caption\":\"moacir\"},\"url\":\"https:\/\/franciscanos.org.br\/noticias\/author\/moacir\"}]}<\/script>\n<!-- \/ Yoast SEO plugin. -->","yoast_head_json":{"title":"Papa no Angelus: A vida \u00e9 repleta de milagres. Deixemo-nos maravilhar! - Not\u00edcias - Franciscanos","robots":{"index":"index","follow":"follow","max-snippet":"max-snippet:-1","max-image-preview":"max-image-preview:large","max-video-preview":"max-video-preview:-1"},"canonical":"https:\/\/franciscanos.org.br\/noticias\/papa-no-angelus-a-vida-e-repleta-de-milagres-deixemo-nos-maravilhar.html","og_locale":"pt_BR","og_type":"article","og_title":"Papa no Angelus: A vida \u00e9 repleta de milagres. Deixemo-nos maravilhar! - Not\u00edcias - Franciscanos","og_description":"Angelus","og_url":"https:\/\/franciscanos.org.br\/noticias\/papa-no-angelus-a-vida-e-repleta-de-milagres-deixemo-nos-maravilhar.html","og_site_name":"Not\u00edcias - Franciscanos","article_published_time":"2023-07-09T13:03:14+00:00","article_modified_time":"2023-07-09T13:03:49+00:00","og_image":[{"width":1500,"height":844,"url":"https:\/\/franciscanos.org.br\/noticias\/wp-content\/uploads\/2023\/07\/angelus_09.jpeg","type":"image\/jpeg"}],"author":"moacir","twitter_card":"summary_large_image","twitter_misc":{"Escrito por":"moacir","Est. tempo de leitura":"8 minutos"},"schema":{"@context":"https:\/\/schema.org","@graph":[{"@type":"WebSite","@id":"https:\/\/franciscanos.org.br\/noticias\/#website","url":"https:\/\/franciscanos.org.br\/noticias\/","name":"Not\u00edcias - Franciscanos","description":"Prov\u00edncia Franciscana da Imaculada Concei\u00e7\u00e3o do Brasil - Ordem dos Frades Menores - OFM","potentialAction":[{"@type":"SearchAction","target":{"@type":"EntryPoint","urlTemplate":"https:\/\/franciscanos.org.br\/noticias\/?s={search_term_string}"},"query-input":"required name=search_term_string"}],"inLanguage":"pt-BR"},{"@type":"ImageObject","inLanguage":"pt-BR","@id":"https:\/\/franciscanos.org.br\/noticias\/papa-no-angelus-a-vida-e-repleta-de-milagres-deixemo-nos-maravilhar.html#primaryimage","url":"https:\/\/franciscanos.org.br\/noticias\/wp-content\/uploads\/2023\/07\/angelus_09.jpeg","contentUrl":"https:\/\/franciscanos.org.br\/noticias\/wp-content\/uploads\/2023\/07\/angelus_09.jpeg","width":1500,"height":844},{"@type":"WebPage","@id":"https:\/\/franciscanos.org.br\/noticias\/papa-no-angelus-a-vida-e-repleta-de-milagres-deixemo-nos-maravilhar.html#webpage","url":"https:\/\/franciscanos.org.br\/noticias\/papa-no-angelus-a-vida-e-repleta-de-milagres-deixemo-nos-maravilhar.html","name":"Papa no Angelus: A vida \u00e9 repleta de milagres. Deixemo-nos maravilhar! - Not\u00edcias - Franciscanos","isPartOf":{"@id":"https:\/\/franciscanos.org.br\/noticias\/#website"},"primaryImageOfPage":{"@id":"https:\/\/franciscanos.org.br\/noticias\/papa-no-angelus-a-vida-e-repleta-de-milagres-deixemo-nos-maravilhar.html#primaryimage"},"datePublished":"2023-07-09T13:03:14+00:00","dateModified":"2023-07-09T13:03:49+00:00","author":{"@id":"https:\/\/franciscanos.org.br\/noticias\/#\/schema\/person\/b5c8cba458c330ccff548b056e95a5d4"},"breadcrumb":{"@id":"https:\/\/franciscanos.org.br\/noticias\/papa-no-angelus-a-vida-e-repleta-de-milagres-deixemo-nos-maravilhar.html#breadcrumb"},"inLanguage":"pt-BR","potentialAction":[{"@type":"ReadAction","target":["https:\/\/franciscanos.org.br\/noticias\/papa-no-angelus-a-vida-e-repleta-de-milagres-deixemo-nos-maravilhar.html"]}]},{"@type":"BreadcrumbList","@id":"https:\/\/franciscanos.org.br\/noticias\/papa-no-angelus-a-vida-e-repleta-de-milagres-deixemo-nos-maravilhar.html#breadcrumb","itemListElement":[{"@type":"ListItem","position":1,"name":"Home","item":"https:\/\/franciscanos.org.br\/noticias"},{"@type":"ListItem","position":2,"name":"Papa no Angelus: A vida \u00e9 repleta de milagres. Deixemo-nos maravilhar!"}]},{"@type":"Person","@id":"https:\/\/franciscanos.org.br\/noticias\/#\/schema\/person\/b5c8cba458c330ccff548b056e95a5d4","name":"moacir","image":{"@type":"ImageObject","inLanguage":"pt-BR","@id":"https:\/\/franciscanos.org.br\/noticias\/#\/schema\/person\/image\/","url":"https:\/\/secure.gravatar.com\/avatar\/d08aa2ce4c8dd416d4479aa8536fcf64?s=96&d=mm&r=g","contentUrl":"https:\/\/secure.gravatar.com\/avatar\/d08aa2ce4c8dd416d4479aa8536fcf64?s=96&d=mm&r=g","caption":"moacir"},"url":"https:\/\/franciscanos.org.br\/noticias\/author\/moacir"}]}},"_links":{"self":[{"href":"https:\/\/franciscanos.org.br\/noticias\/wp-json\/wp\/v2\/posts\/244027"}],"collection":[{"href":"https:\/\/franciscanos.org.br\/noticias\/wp-json\/wp\/v2\/posts"}],"about":[{"href":"https:\/\/franciscanos.org.br\/noticias\/wp-json\/wp\/v2\/types\/post"}],"author":[{"embeddable":true,"href":"https:\/\/franciscanos.org.br\/noticias\/wp-json\/wp\/v2\/users\/3"}],"replies":[{"embeddable":true,"href":"https:\/\/franciscanos.org.br\/noticias\/wp-json\/wp\/v2\/comments?post=244027"}],"version-history":[{"count":2,"href":"https:\/\/franciscanos.org.br\/noticias\/wp-json\/wp\/v2\/posts\/244027\/revisions"}],"predecessor-version":[{"id":244030,"href":"https:\/\/franciscanos.org.br\/noticias\/wp-json\/wp\/v2\/posts\/244027\/revisions\/244030"}],"wp:featuredmedia":[{"embeddable":true,"href":"https:\/\/franciscanos.org.br\/noticias\/wp-json\/wp\/v2\/media\/244028"}],"wp:attachment":[{"href":"https:\/\/franciscanos.org.br\/noticias\/wp-json\/wp\/v2\/media?parent=244027"}],"wp:term":[{"taxonomy":"category","embeddable":true,"href":"https:\/\/franciscanos.org.br\/noticias\/wp-json\/wp\/v2\/categories?post=244027"},{"taxonomy":"post_tag","embeddable":true,"href":"https:\/\/franciscanos.org.br\/noticias\/wp-json\/wp\/v2\/tags?post=244027"}],"curies":[{"name":"wp","href":"https:\/\/api.w.org\/{rel}","templated":true}]}}