{"id":243994,"date":"2023-07-03T13:36:23","date_gmt":"2023-07-03T16:36:23","guid":{"rendered":"https:\/\/franciscanos.org.br\/noticias\/?p=243994"},"modified":"2025-03-10T15:38:56","modified_gmt":"2025-03-10T18:38:56","slug":"angola-novicos-fazem-retiro-em-preparacao-a-primeira-profissao","status":"publish","type":"post","link":"https:\/\/franciscanos.org.br\/noticias\/angola-novicos-fazem-retiro-em-preparacao-a-primeira-profissao.html","title":{"rendered":"Angola: Novi\u00e7os fazem retiro em prepara\u00e7\u00e3o \u00e0 Primeira Profiss\u00e3o"},"content":{"rendered":"<p><img loading=\"lazy\" class=\"alignnone wp-image-243995 size-full\" src=\"https:\/\/franciscanos.org.br\/noticias\/wp-content\/uploads\/2023\/07\/angola_03.jpg\" alt=\"\" width=\"1280\" height=\"720\" srcset=\"https:\/\/franciscanos.org.br\/noticias\/wp-content\/uploads\/2023\/07\/angola_03.jpg 1280w, https:\/\/franciscanos.org.br\/noticias\/wp-content\/uploads\/2023\/07\/angola_03-450x253.jpg 450w, https:\/\/franciscanos.org.br\/noticias\/wp-content\/uploads\/2023\/07\/angola_03-1024x576.jpg 1024w, https:\/\/franciscanos.org.br\/noticias\/wp-content\/uploads\/2023\/07\/angola_03-768x432.jpg 768w, https:\/\/franciscanos.org.br\/noticias\/wp-content\/uploads\/2023\/07\/angola_03-150x84.jpg 150w\" sizes=\"(max-width: 1280px) 100vw, 1280px\" \/><\/p>\n<p>A Fraternidade Nossa Senhora dos Anjos da Porci\u00fancula, em Viana, realizou-se o retiro dos novi\u00e7os da Funda\u00e7\u00e3o Imaculada M\u00e3e de Deus de Angola (FIMDA) em prepara\u00e7\u00e3o \u00e0 Primeira Profiss\u00e3o, entre os dias 28 a 30 de junho. A Celebra\u00e7\u00e3o da Primeira Profiss\u00e3o ser\u00e1 no dia 23 de julho. Far\u00e3o a Profiss\u00e3o: \u00a0 Frei Jo\u00e3o Costa Ant\u00f3nio, Frei Jo\u00e3o Kahamba Ant\u00f3nio e Tor\u00edbio da Cruz Waia Ndumbu<\/p>\n<p>O pregador foi o Frei Jefferson Max e o tema central do retiro foi o significado dos Conselhos evang\u00e9licos na vida do frade menor, tendo como leitura, alguns textos franciscanos da Vida do Beato Frei Eg\u00eddio e do Sacrum Commercium.<\/p>\n<div id=\"attachment_243996\" style=\"width: 1290px\" class=\"wp-caption alignnone\"><img aria-describedby=\"caption-attachment-243996\" loading=\"lazy\" class=\"wp-image-243996 size-full\" src=\"https:\/\/franciscanos.org.br\/noticias\/wp-content\/uploads\/2023\/07\/angola_03_1.jpg\" alt=\"\" width=\"1280\" height=\"947\" srcset=\"https:\/\/franciscanos.org.br\/noticias\/wp-content\/uploads\/2023\/07\/angola_03_1.jpg 1280w, https:\/\/franciscanos.org.br\/noticias\/wp-content\/uploads\/2023\/07\/angola_03_1-450x333.jpg 450w, https:\/\/franciscanos.org.br\/noticias\/wp-content\/uploads\/2023\/07\/angola_03_1-1024x758.jpg 1024w, https:\/\/franciscanos.org.br\/noticias\/wp-content\/uploads\/2023\/07\/angola_03_1-768x568.jpg 768w, https:\/\/franciscanos.org.br\/noticias\/wp-content\/uploads\/2023\/07\/angola_03_1-150x111.jpg 150w\" sizes=\"(max-width: 1280px) 100vw, 1280px\" \/><p id=\"caption-attachment-243996\" class=\"wp-caption-text\"><em>Da esq. para a dir.: Frei Jo\u00e3o da Costa, Frei Tur\u00edbio e Frei Jo\u00e3o Kahamba. <\/em><\/p><\/div>\n<p>No primeiro dia, refletiu-se sobre o voto da castidade, que teve como significado o guardar todos os sentidos para a gra\u00e7a de Deus. No segundo dia, meditou-se sobre o voto da obedi\u00eancia, o qual significa fazer em tudo a vontade de Deus. E no terceiro dia, considerou-se o voto da pobreza como despreender-se de tudo para melhor servir a Deus e aos irm\u00e3os.<\/p>\n<p>Foram dias intensos de ora\u00e7\u00e3o, medita\u00e7\u00e3o e conviv\u00eancia junto com os confrades da Fraternidade e em meio \u00e0 tranquilidade da natureza. Que Nosso Senhor e a Virgem Maria nos aben\u00e7oem em nossa jornada franciscana para que sejamos fi\u00e9is e perseverantes ao dom da voca\u00e7\u00e3o religiosa e consagrada, sob a inspira\u00e7\u00e3o de Nosso Pai Ser\u00e1fico S\u00e3o Francisco!<\/p>\n<hr \/>\n<p><em>Novi\u00e7os da FIMDA<\/em><\/p>\n","protected":false},"excerpt":{"rendered":"<p>Miss\u00e3o de Angola<\/p>\n","protected":false},"author":3,"featured_media":243995,"comment_status":"open","ping_status":"open","sticky":false,"template":"","format":"standard","meta":[],"categories":[1],"tags":[195,2056],"acf":[],"yoast_head":"<!-- This site is optimized with the Yoast SEO plugin v19.2 - https:\/\/yoast.com\/wordpress\/plugins\/seo\/ -->\n<title>Angola: Novi\u00e7os fazem retiro em prepara\u00e7\u00e3o \u00e0 Primeira Profiss\u00e3o - Not\u00edcias - Franciscanos<\/title>\n<meta name=\"robots\" content=\"index, follow, max-snippet:-1, max-image-preview:large, max-video-preview:-1\" \/>\n<link rel=\"canonical\" href=\"https:\/\/franciscanos.org.br\/noticias\/angola-novicos-fazem-retiro-em-preparacao-a-primeira-profissao.html\" \/>\n<meta property=\"og:locale\" content=\"pt_BR\" \/>\n<meta property=\"og:type\" content=\"article\" \/>\n<meta property=\"og:title\" content=\"Angola: Novi\u00e7os fazem retiro em prepara\u00e7\u00e3o \u00e0 Primeira Profiss\u00e3o - Not\u00edcias - Franciscanos\" \/>\n<meta property=\"og:description\" content=\"Miss\u00e3o de Angola\" \/>\n<meta property=\"og:url\" content=\"https:\/\/franciscanos.org.br\/noticias\/angola-novicos-fazem-retiro-em-preparacao-a-primeira-profissao.html\" \/>\n<meta property=\"og:site_name\" content=\"Not\u00edcias - Franciscanos\" \/>\n<meta property=\"article:published_time\" content=\"2023-07-03T16:36:23+00:00\" \/>\n<meta property=\"article:modified_time\" content=\"2025-03-10T18:38:56+00:00\" \/>\n<meta property=\"og:image\" content=\"https:\/\/franciscanos.org.br\/noticias\/wp-content\/uploads\/2023\/07\/angola_03.jpg\" \/>\n\t<meta property=\"og:image:width\" content=\"1280\" \/>\n\t<meta property=\"og:image:height\" content=\"720\" \/>\n\t<meta property=\"og:image:type\" content=\"image\/jpeg\" \/>\n<meta name=\"author\" content=\"moacir\" \/>\n<meta name=\"twitter:card\" content=\"summary_large_image\" \/>\n<meta name=\"twitter:label1\" content=\"Escrito por\" \/>\n\t<meta name=\"twitter:data1\" content=\"moacir\" \/>\n\t<meta name=\"twitter:label2\" content=\"Est. tempo de leitura\" \/>\n\t<meta name=\"twitter:data2\" content=\"1 minuto\" \/>\n<script type=\"application\/ld+json\" class=\"yoast-schema-graph\">{\"@context\":\"https:\/\/schema.org\",\"@graph\":[{\"@type\":\"WebSite\",\"@id\":\"https:\/\/franciscanos.org.br\/noticias\/#website\",\"url\":\"https:\/\/franciscanos.org.br\/noticias\/\",\"name\":\"Not\u00edcias - Franciscanos\",\"description\":\"Prov\u00edncia Franciscana da Imaculada Concei\u00e7\u00e3o do Brasil - Ordem dos Frades Menores - OFM\",\"potentialAction\":[{\"@type\":\"SearchAction\",\"target\":{\"@type\":\"EntryPoint\",\"urlTemplate\":\"https:\/\/franciscanos.org.br\/noticias\/?s={search_term_string}\"},\"query-input\":\"required name=search_term_string\"}],\"inLanguage\":\"pt-BR\"},{\"@type\":\"ImageObject\",\"inLanguage\":\"pt-BR\",\"@id\":\"https:\/\/franciscanos.org.br\/noticias\/angola-novicos-fazem-retiro-em-preparacao-a-primeira-profissao.html#primaryimage\",\"url\":\"https:\/\/franciscanos.org.br\/noticias\/wp-content\/uploads\/2023\/07\/angola_03.jpg\",\"contentUrl\":\"https:\/\/franciscanos.org.br\/noticias\/wp-content\/uploads\/2023\/07\/angola_03.jpg\",\"width\":1280,\"height\":720},{\"@type\":\"WebPage\",\"@id\":\"https:\/\/franciscanos.org.br\/noticias\/angola-novicos-fazem-retiro-em-preparacao-a-primeira-profissao.html#webpage\",\"url\":\"https:\/\/franciscanos.org.br\/noticias\/angola-novicos-fazem-retiro-em-preparacao-a-primeira-profissao.html\",\"name\":\"Angola: Novi\u00e7os fazem retiro em prepara\u00e7\u00e3o \u00e0 Primeira Profiss\u00e3o - Not\u00edcias - Franciscanos\",\"isPartOf\":{\"@id\":\"https:\/\/franciscanos.org.br\/noticias\/#website\"},\"primaryImageOfPage\":{\"@id\":\"https:\/\/franciscanos.org.br\/noticias\/angola-novicos-fazem-retiro-em-preparacao-a-primeira-profissao.html#primaryimage\"},\"datePublished\":\"2023-07-03T16:36:23+00:00\",\"dateModified\":\"2025-03-10T18:38:56+00:00\",\"author\":{\"@id\":\"https:\/\/franciscanos.org.br\/noticias\/#\/schema\/person\/b5c8cba458c330ccff548b056e95a5d4\"},\"breadcrumb\":{\"@id\":\"https:\/\/franciscanos.org.br\/noticias\/angola-novicos-fazem-retiro-em-preparacao-a-primeira-profissao.html#breadcrumb\"},\"inLanguage\":\"pt-BR\",\"potentialAction\":[{\"@type\":\"ReadAction\",\"target\":[\"https:\/\/franciscanos.org.br\/noticias\/angola-novicos-fazem-retiro-em-preparacao-a-primeira-profissao.html\"]}]},{\"@type\":\"BreadcrumbList\",\"@id\":\"https:\/\/franciscanos.org.br\/noticias\/angola-novicos-fazem-retiro-em-preparacao-a-primeira-profissao.html#breadcrumb\",\"itemListElement\":[{\"@type\":\"ListItem\",\"position\":1,\"name\":\"Home\",\"item\":\"https:\/\/franciscanos.org.br\/noticias\"},{\"@type\":\"ListItem\",\"position\":2,\"name\":\"Angola: Novi\u00e7os fazem retiro em prepara\u00e7\u00e3o \u00e0 Primeira Profiss\u00e3o\"}]},{\"@type\":\"Person\",\"@id\":\"https:\/\/franciscanos.org.br\/noticias\/#\/schema\/person\/b5c8cba458c330ccff548b056e95a5d4\",\"name\":\"moacir\",\"image\":{\"@type\":\"ImageObject\",\"inLanguage\":\"pt-BR\",\"@id\":\"https:\/\/franciscanos.org.br\/noticias\/#\/schema\/person\/image\/\",\"url\":\"https:\/\/secure.gravatar.com\/avatar\/d08aa2ce4c8dd416d4479aa8536fcf64?s=96&d=mm&r=g\",\"contentUrl\":\"https:\/\/secure.gravatar.com\/avatar\/d08aa2ce4c8dd416d4479aa8536fcf64?s=96&d=mm&r=g\",\"caption\":\"moacir\"},\"url\":\"https:\/\/franciscanos.org.br\/noticias\/author\/moacir\"}]}<\/script>\n<!-- \/ Yoast SEO plugin. -->","yoast_head_json":{"title":"Angola: Novi\u00e7os fazem retiro em prepara\u00e7\u00e3o \u00e0 Primeira Profiss\u00e3o - Not\u00edcias - Franciscanos","robots":{"index":"index","follow":"follow","max-snippet":"max-snippet:-1","max-image-preview":"max-image-preview:large","max-video-preview":"max-video-preview:-1"},"canonical":"https:\/\/franciscanos.org.br\/noticias\/angola-novicos-fazem-retiro-em-preparacao-a-primeira-profissao.html","og_locale":"pt_BR","og_type":"article","og_title":"Angola: Novi\u00e7os fazem retiro em prepara\u00e7\u00e3o \u00e0 Primeira Profiss\u00e3o - Not\u00edcias - Franciscanos","og_description":"Miss\u00e3o de Angola","og_url":"https:\/\/franciscanos.org.br\/noticias\/angola-novicos-fazem-retiro-em-preparacao-a-primeira-profissao.html","og_site_name":"Not\u00edcias - Franciscanos","article_published_time":"2023-07-03T16:36:23+00:00","article_modified_time":"2025-03-10T18:38:56+00:00","og_image":[{"width":1280,"height":720,"url":"https:\/\/franciscanos.org.br\/noticias\/wp-content\/uploads\/2023\/07\/angola_03.jpg","type":"image\/jpeg"}],"author":"moacir","twitter_card":"summary_large_image","twitter_misc":{"Escrito por":"moacir","Est. tempo de leitura":"1 minuto"},"schema":{"@context":"https:\/\/schema.org","@graph":[{"@type":"WebSite","@id":"https:\/\/franciscanos.org.br\/noticias\/#website","url":"https:\/\/franciscanos.org.br\/noticias\/","name":"Not\u00edcias - Franciscanos","description":"Prov\u00edncia Franciscana da Imaculada Concei\u00e7\u00e3o do Brasil - Ordem dos Frades Menores - OFM","potentialAction":[{"@type":"SearchAction","target":{"@type":"EntryPoint","urlTemplate":"https:\/\/franciscanos.org.br\/noticias\/?s={search_term_string}"},"query-input":"required name=search_term_string"}],"inLanguage":"pt-BR"},{"@type":"ImageObject","inLanguage":"pt-BR","@id":"https:\/\/franciscanos.org.br\/noticias\/angola-novicos-fazem-retiro-em-preparacao-a-primeira-profissao.html#primaryimage","url":"https:\/\/franciscanos.org.br\/noticias\/wp-content\/uploads\/2023\/07\/angola_03.jpg","contentUrl":"https:\/\/franciscanos.org.br\/noticias\/wp-content\/uploads\/2023\/07\/angola_03.jpg","width":1280,"height":720},{"@type":"WebPage","@id":"https:\/\/franciscanos.org.br\/noticias\/angola-novicos-fazem-retiro-em-preparacao-a-primeira-profissao.html#webpage","url":"https:\/\/franciscanos.org.br\/noticias\/angola-novicos-fazem-retiro-em-preparacao-a-primeira-profissao.html","name":"Angola: Novi\u00e7os fazem retiro em prepara\u00e7\u00e3o \u00e0 Primeira Profiss\u00e3o - Not\u00edcias - Franciscanos","isPartOf":{"@id":"https:\/\/franciscanos.org.br\/noticias\/#website"},"primaryImageOfPage":{"@id":"https:\/\/franciscanos.org.br\/noticias\/angola-novicos-fazem-retiro-em-preparacao-a-primeira-profissao.html#primaryimage"},"datePublished":"2023-07-03T16:36:23+00:00","dateModified":"2025-03-10T18:38:56+00:00","author":{"@id":"https:\/\/franciscanos.org.br\/noticias\/#\/schema\/person\/b5c8cba458c330ccff548b056e95a5d4"},"breadcrumb":{"@id":"https:\/\/franciscanos.org.br\/noticias\/angola-novicos-fazem-retiro-em-preparacao-a-primeira-profissao.html#breadcrumb"},"inLanguage":"pt-BR","potentialAction":[{"@type":"ReadAction","target":["https:\/\/franciscanos.org.br\/noticias\/angola-novicos-fazem-retiro-em-preparacao-a-primeira-profissao.html"]}]},{"@type":"BreadcrumbList","@id":"https:\/\/franciscanos.org.br\/noticias\/angola-novicos-fazem-retiro-em-preparacao-a-primeira-profissao.html#breadcrumb","itemListElement":[{"@type":"ListItem","position":1,"name":"Home","item":"https:\/\/franciscanos.org.br\/noticias"},{"@type":"ListItem","position":2,"name":"Angola: Novi\u00e7os fazem retiro em prepara\u00e7\u00e3o \u00e0 Primeira Profiss\u00e3o"}]},{"@type":"Person","@id":"https:\/\/franciscanos.org.br\/noticias\/#\/schema\/person\/b5c8cba458c330ccff548b056e95a5d4","name":"moacir","image":{"@type":"ImageObject","inLanguage":"pt-BR","@id":"https:\/\/franciscanos.org.br\/noticias\/#\/schema\/person\/image\/","url":"https:\/\/secure.gravatar.com\/avatar\/d08aa2ce4c8dd416d4479aa8536fcf64?s=96&d=mm&r=g","contentUrl":"https:\/\/secure.gravatar.com\/avatar\/d08aa2ce4c8dd416d4479aa8536fcf64?s=96&d=mm&r=g","caption":"moacir"},"url":"https:\/\/franciscanos.org.br\/noticias\/author\/moacir"}]}},"_links":{"self":[{"href":"https:\/\/franciscanos.org.br\/noticias\/wp-json\/wp\/v2\/posts\/243994"}],"collection":[{"href":"https:\/\/franciscanos.org.br\/noticias\/wp-json\/wp\/v2\/posts"}],"about":[{"href":"https:\/\/franciscanos.org.br\/noticias\/wp-json\/wp\/v2\/types\/post"}],"author":[{"embeddable":true,"href":"https:\/\/franciscanos.org.br\/noticias\/wp-json\/wp\/v2\/users\/3"}],"replies":[{"embeddable":true,"href":"https:\/\/franciscanos.org.br\/noticias\/wp-json\/wp\/v2\/comments?post=243994"}],"version-history":[{"count":3,"href":"https:\/\/franciscanos.org.br\/noticias\/wp-json\/wp\/v2\/posts\/243994\/revisions"}],"predecessor-version":[{"id":243999,"href":"https:\/\/franciscanos.org.br\/noticias\/wp-json\/wp\/v2\/posts\/243994\/revisions\/243999"}],"wp:featuredmedia":[{"embeddable":true,"href":"https:\/\/franciscanos.org.br\/noticias\/wp-json\/wp\/v2\/media\/243995"}],"wp:attachment":[{"href":"https:\/\/franciscanos.org.br\/noticias\/wp-json\/wp\/v2\/media?parent=243994"}],"wp:term":[{"taxonomy":"category","embeddable":true,"href":"https:\/\/franciscanos.org.br\/noticias\/wp-json\/wp\/v2\/categories?post=243994"},{"taxonomy":"post_tag","embeddable":true,"href":"https:\/\/franciscanos.org.br\/noticias\/wp-json\/wp\/v2\/tags?post=243994"}],"curies":[{"name":"wp","href":"https:\/\/api.w.org\/{rel}","templated":true}]}}