{"id":243978,"date":"2023-07-03T12:03:04","date_gmt":"2023-07-03T15:03:04","guid":{"rendered":"https:\/\/franciscanos.org.br\/noticias\/?p=243978"},"modified":"2023-07-03T12:03:04","modified_gmt":"2023-07-03T15:03:04","slug":"alegria-marca-missa-de-acao-de-gracas-pelo-jubileu-de-70-anos-do-sacerdocio-de-frei-ervino","status":"publish","type":"post","link":"https:\/\/franciscanos.org.br\/noticias\/alegria-marca-missa-de-acao-de-gracas-pelo-jubileu-de-70-anos-do-sacerdocio-de-frei-ervino.html","title":{"rendered":"Alegria marca Missa de A\u00e7\u00e3o de Gra\u00e7as pelo jubileu de 70 anos do sacerd\u00f3cio de Frei Ervino"},"content":{"rendered":"<p><img loading=\"lazy\" class=\"alignnone size-full wp-image-243979\" src=\"https:\/\/franciscanos.org.br\/noticias\/wp-content\/uploads\/2023\/07\/ervino_03.jpg\" alt=\"\" width=\"1280\" height=\"720\" srcset=\"https:\/\/franciscanos.org.br\/noticias\/wp-content\/uploads\/2023\/07\/ervino_03.jpg 1280w, https:\/\/franciscanos.org.br\/noticias\/wp-content\/uploads\/2023\/07\/ervino_03-450x253.jpg 450w, https:\/\/franciscanos.org.br\/noticias\/wp-content\/uploads\/2023\/07\/ervino_03-1024x576.jpg 1024w, https:\/\/franciscanos.org.br\/noticias\/wp-content\/uploads\/2023\/07\/ervino_03-768x432.jpg 768w, https:\/\/franciscanos.org.br\/noticias\/wp-content\/uploads\/2023\/07\/ervino_03-150x84.jpg 150w\" sizes=\"(max-width: 1280px) 100vw, 1280px\" \/><\/p>\n<p>H\u00e1 setenta anos, no dia 1\u00ba de julho, Frei Ervino Girardi era ordenado presb\u00edtero em Petr\u00f3polis. Este jubileu foi celebrado neste s\u00e1bado, tamb\u00e9m 1\u00ba de julho, com a Missa de A\u00e7\u00e3o de Gra\u00e7as, \u00e0s 9 horas, no Convento Franciscano Patroc\u00ednio de S\u00e3o Jos\u00e9, em Lages (SC). Aos 98 anos, Frei Ervino presidiu a Celebra\u00e7\u00e3o, que teve a presen\u00e7a de seus confrades da Fraternidade: o guardi\u00e3o Frei Rafael Spricigo, Frei Genildo Provin e e Frei Arlindo Oliveira Campos; al\u00e9m de Frei Tarciso Theiss, Frei M\u00e1rio Stein e Frei Vilmar Alves da Silva, que j\u00e1 moraram com ele em Lages. Frei Ervino tem 76 anos de vida religiosa franciscana.<\/p>\n<p>Na sua homilia, Frei Ervino garantiu boas risadas e leveza para falar de sua hist\u00f3ria de 70 anos como presb\u00edtero. Tudo come\u00e7ou, segundo ele, em Rodeio, quando fez o Noviciado em 1946 e fez a Primeira Profiss\u00e3o em 1947, quando seguiu para Curitiba, para fazer o curso de Filosofia, onde ficou at\u00e9 1950. Seguiu, ent\u00e3o, para Petr\u00f3polis, onde ficou at\u00e9 1955 cursando Teologia.<\/p>\n<p><img loading=\"lazy\" class=\"alignnone wp-image-243980 size-full\" src=\"https:\/\/franciscanos.org.br\/noticias\/wp-content\/uploads\/2023\/07\/ervino_06.jpg\" alt=\"\" width=\"867\" height=\"1156\" srcset=\"https:\/\/franciscanos.org.br\/noticias\/wp-content\/uploads\/2023\/07\/ervino_06.jpg 810w, https:\/\/franciscanos.org.br\/noticias\/wp-content\/uploads\/2023\/07\/ervino_06-338x450.jpg 338w, https:\/\/franciscanos.org.br\/noticias\/wp-content\/uploads\/2023\/07\/ervino_06-768x1024.jpg 768w, https:\/\/franciscanos.org.br\/noticias\/wp-content\/uploads\/2023\/07\/ervino_06-150x200.jpg 150w\" sizes=\"(max-width: 867px) 100vw, 867px\" \/><\/p>\n<p>&#8220;Fui ordenado padre em 1953 e celebrei a Primeira Missa na minha comunidade de Santa Maria. Fazia seis anos que n\u00e3o via o papai e a mam\u00e3e. Naquele tempo n\u00e3o havia tanta foto como hoje&#8221;, brincou.<\/p>\n<p>&#8220;N\u00e3o sei quanto dias fiquei em casa, mas logo voltei a Petr\u00f3polis, onde terminei o curso de Teologia.\u00a0 Em janeiro de 1955, fui transferido para Duque de Caxias (1955-1959). L\u00e1 j\u00e1 estavam construindo a igreja Matriz, uma igreja enorme. S\u00f3 em 1958, saimos da casa velha para morar na nova casa ao lado da nova Matriz. Tamb\u00e9m j\u00e1 celebr\u00e1vamos missa na igreja nova, que ainda estava em constru\u00e7\u00e3o. Da metade para frente dava para usar a igreja. Fiquei quatro anos em Duque de Caxias e fui transferido 1959, para a Par\u00f3quia de Jabor\u00e1&#8221;, recordou (foi o \u00fanico momento que demorou para lembrar o nome).<\/p>\n<p>&nbsp;<\/p>\n<p>&#8220;S\u00f3 sei que parti de avi\u00e3o. Cheguei em Joa\u00e7aba \u00e0 tardinha e quem foi me receber na portaria do Convento de Joa\u00e7aba foi nosso santo Frei Bruno (Frei Bruno Linden, em processo de beatifica\u00e7\u00e3o). Um pouco depois fui chamado para ir a Luzerna e l\u00e1 encontrei o Padre Provincial, que me disse que n\u00e3o iria mais para Jabor\u00e1, mas para Rio Negro, no Semin\u00e1rio S\u00e3o Luis Tolosa. Fiquei em Rio Negro tr\u00eas anos. Meu trabalho era cuidar das despesas do Semin\u00e1rio (era ec\u00f4nomo). Em abril 1962, fui fazer uma coleta de Curitibanos e quando voltei ao Semin\u00e1rio, l\u00e1 estava Frei Olavo Seifert, secret\u00e1rio do Provincial, com uma transfer\u00eancia urgente para S\u00e3o Francisco de Assis. Ali encontrei &#8216;dois frades velhos&#8217; e eu, que fazia pastoral cinco capelas do outro lado do Continente, precisando usar carro e um barco a motor. Ali fiquei quatro anos&#8221;, detalhou.<\/p>\n<p><img loading=\"lazy\" class=\"alignnone wp-image-243981 size-full\" src=\"https:\/\/franciscanos.org.br\/noticias\/wp-content\/uploads\/2023\/07\/ervino_08.jpg\" alt=\"\" width=\"1156\" height=\"641\" srcset=\"https:\/\/franciscanos.org.br\/noticias\/wp-content\/uploads\/2023\/07\/ervino_08.jpg 1156w, https:\/\/franciscanos.org.br\/noticias\/wp-content\/uploads\/2023\/07\/ervino_08-450x250.jpg 450w, https:\/\/franciscanos.org.br\/noticias\/wp-content\/uploads\/2023\/07\/ervino_08-1024x568.jpg 1024w, https:\/\/franciscanos.org.br\/noticias\/wp-content\/uploads\/2023\/07\/ervino_08-768x426.jpg 768w, https:\/\/franciscanos.org.br\/noticias\/wp-content\/uploads\/2023\/07\/ervino_08-150x83.jpg 150w\" sizes=\"(max-width: 1156px) 100vw, 1156px\" \/><\/p>\n<p>Em janeiro de 1966, foi transferido para Santo Amaro da Imperatriz, onde passou 8 anos (janeiro de 1966 a fevereiro de 1974). Mas em 1974, ele voltava para Rio Negro, desta vez para cuidar de uma Par\u00f3quia, onde ficou de fevereiro de 1974 a janeiro de 1986). &#8220;Ali, passei doze anos e pude acompanhar a cria\u00e7\u00e3o da Par\u00f3quia Nossa Aparecida&#8221;, destacou.<\/p>\n<p>Em 1986, passou seis anos em Coronel Freitas (at\u00e9 fevereiro de 1992). &#8220;Mas nessa data, fui transferido para um lugar chamado Lages (palmas) e me mandaram para Nossa Senhora Aparecida do Navio. Por sorte, o Navio estava encalhado (risos), onde passei 31 anos, comendo, bebendo e dormindo aqui em Lages.\u00a0 E agora, nesses tr\u00eas anos, quando entregamos a Par\u00f3quia, me transferiram aqui para o Convento. N\u00e3o sei se o Provincial vai me transferir de novo (risos)&#8221;, disse, brincando com uma transfer\u00eancia para o &#8220;Sumit\u00e9rio&#8221;.<\/p>\n<p>&#8220;Eu fico pensando como dei conta nesses anos todos?\u00a0 Nunca reclamei de nada. Vinha uma ordem, eu atendia. Me sentia feliz em todo lugar. Claro sofri muito nas viagens em muitas estradas de ch\u00e3o batido, mas me sentia feliz&#8221;, observou.<\/p>\n<p>Frei Ervino foi enf\u00e1tico em dizer que precisava agradecer muito a Deus pelos 70 anos vividos com sa\u00fade. &#8220;S\u00f3 em Lages comecei a consultar com m\u00e9dicos e agora, nos \u00faltimos anos, estou aqui meio quebrado. Ainda d\u00e1 para ficar um pouco de p\u00e9&#8221;, brincou.<\/p>\n<p><img loading=\"lazy\" class=\"alignnone size-full wp-image-243982\" src=\"https:\/\/franciscanos.org.br\/noticias\/wp-content\/uploads\/2023\/07\/ervino_09.jpg\" alt=\"\" width=\"890\" height=\"670\" srcset=\"https:\/\/franciscanos.org.br\/noticias\/wp-content\/uploads\/2023\/07\/ervino_09.jpg 890w, https:\/\/franciscanos.org.br\/noticias\/wp-content\/uploads\/2023\/07\/ervino_09-450x339.jpg 450w, https:\/\/franciscanos.org.br\/noticias\/wp-content\/uploads\/2023\/07\/ervino_09-768x578.jpg 768w, https:\/\/franciscanos.org.br\/noticias\/wp-content\/uploads\/2023\/07\/ervino_09-150x113.jpg 150w\" sizes=\"(max-width: 890px) 100vw, 890px\" \/><\/p>\n<p>Depois de agradecer a Deus, falou com carinho de seus confrades e das Fraternidades que passou nestes 70 anos. &#8220;Quero agradecer aos confrades, em todas as comunidades que passei. Que vig\u00e1rios bons eu encontrei nas par\u00f3quias!&#8221;, disse.<\/p>\n<p>Agradeceu especialmente aos confrades (citou todos) que viveram com ele e sempre foram atenciosos e cuidadores dele, principalmente quando foi operado. Espero que antes do fim do mundo eu esteja com sa\u00fade (risos)&#8221;, brincou.<\/p>\n<p>Agradeceu, por \u00faltimo, o povo. &#8220;Quanta gente boa encontrei. Agrade\u00e7o a todos de todo cora\u00e7\u00e3o&#8221;, concluiu pedindo que rezem por ele.<\/p>\n<p><img loading=\"lazy\" class=\"alignnone size-full wp-image-243983\" src=\"https:\/\/franciscanos.org.br\/noticias\/wp-content\/uploads\/2023\/07\/ervino_04.jpg\" alt=\"\" width=\"1280\" height=\"933\" srcset=\"https:\/\/franciscanos.org.br\/noticias\/wp-content\/uploads\/2023\/07\/ervino_04.jpg 1280w, https:\/\/franciscanos.org.br\/noticias\/wp-content\/uploads\/2023\/07\/ervino_04-450x328.jpg 450w, https:\/\/franciscanos.org.br\/noticias\/wp-content\/uploads\/2023\/07\/ervino_04-1024x746.jpg 1024w, https:\/\/franciscanos.org.br\/noticias\/wp-content\/uploads\/2023\/07\/ervino_04-768x560.jpg 768w, https:\/\/franciscanos.org.br\/noticias\/wp-content\/uploads\/2023\/07\/ervino_04-150x109.jpg 150w\" sizes=\"(max-width: 1280px) 100vw, 1280px\" \/><\/p>\n<p>Frei Ervino nasceu em Santa Maria, no munic\u00edpio de Benedito Novo (SC), no dia 9 de abril de 1925. Esta capela, como ele conta, pertencia na \u00e9poca \u00e0 Par\u00f3quia de Rodeio e os frades davam assist\u00eancia, entre eles Frei Bruno Linden, que est\u00e1 em processo de beatifica\u00e7\u00e3o. Para ele, a proximidade com os frades influenciou no seu discernimento vocacional, embora tamb\u00e9m tivesse pensado em ser Marista. Naquele tempo, o meio de transporte dos frades feito com uma mula, que deixavam descansando na casa de seus pais durante as celebra\u00e7\u00f5es.<\/p>\n<p>A religiosidade dos pais, Da. Rosa Tambosi e Eug\u00eanio Luiz Girardi, tamb\u00e9m o influenciou. Sua m\u00e3e pertencia \u00e0 Ordem Franciscana Secular. Dos nove filhos do casal, Frei Ervino \u00e9 o mais velho.<\/p>\n<p>Frei Ervino ingressou no Semin\u00e1rio S\u00e3o Luiz de Tolosa em Rio Negro em 1937. No jubileu de 50 anos de sua ordena\u00e7\u00e3o presbiteral, escolheu como lema \u201cA minha alma glorifica o Senhor\u201d (Lc 1,49).<\/p>\n<p><img loading=\"lazy\" class=\"alignnone size-full wp-image-243984\" src=\"https:\/\/franciscanos.org.br\/noticias\/wp-content\/uploads\/2023\/07\/ervino_05.jpg\" alt=\"\" width=\"1280\" height=\"960\" srcset=\"https:\/\/franciscanos.org.br\/noticias\/wp-content\/uploads\/2023\/07\/ervino_05.jpg 1280w, https:\/\/franciscanos.org.br\/noticias\/wp-content\/uploads\/2023\/07\/ervino_05-450x338.jpg 450w, https:\/\/franciscanos.org.br\/noticias\/wp-content\/uploads\/2023\/07\/ervino_05-1024x768.jpg 1024w, https:\/\/franciscanos.org.br\/noticias\/wp-content\/uploads\/2023\/07\/ervino_05-768x576.jpg 768w, https:\/\/franciscanos.org.br\/noticias\/wp-content\/uploads\/2023\/07\/ervino_05-150x113.jpg 150w, https:\/\/franciscanos.org.br\/noticias\/wp-content\/uploads\/2023\/07\/ervino_05-600x450.jpg 600w\" sizes=\"(max-width: 1280px) 100vw, 1280px\" \/><\/p>\n<p>Sua simplicidade e alegria s\u00e3o caracter\u00edsticas marcantes, como dizia o Boletim \u201cCaminhada\u201d da Diocese de Lages, em 2003. Ele se sente muito feliz como frade menor. Um apaixonado por S\u00e3o Francisco e Santa Clara. E faz um convite especial aos jovens que por ventura desejam conhecer e ou viver a vida como religioso franciscano: \u201cVenham conhecer e desejar esta voca\u00e7\u00e3o. Garanto que v\u00f3s sereis felizes!\u201d.<\/p>\n<hr \/>\n<p><em>Moacir Beggo (texto) e fotos do aspirante Francisco Ivan da Silva J\u00fanior<\/em><\/p>\n<p><img loading=\"lazy\" class=\"alignnone size-full wp-image-243985\" src=\"https:\/\/franciscanos.org.br\/noticias\/wp-content\/uploads\/2023\/07\/ervino_07.jpg\" alt=\"\" width=\"890\" height=\"1187\" srcset=\"https:\/\/franciscanos.org.br\/noticias\/wp-content\/uploads\/2023\/07\/ervino_07.jpg 810w, https:\/\/franciscanos.org.br\/noticias\/wp-content\/uploads\/2023\/07\/ervino_07-337x450.jpg 337w, https:\/\/franciscanos.org.br\/noticias\/wp-content\/uploads\/2023\/07\/ervino_07-768x1024.jpg 768w, https:\/\/franciscanos.org.br\/noticias\/wp-content\/uploads\/2023\/07\/ervino_07-150x200.jpg 150w\" sizes=\"(max-width: 890px) 100vw, 890px\" \/><\/p>\n","protected":false},"excerpt":{"rendered":"<p>Prov\u00edncia em festa<\/p>\n","protected":false},"author":3,"featured_media":243979,"comment_status":"open","ping_status":"open","sticky":false,"template":"","format":"standard","meta":[],"categories":[1],"tags":[1786],"acf":[],"yoast_head":"<!-- This site is optimized with the Yoast SEO plugin v19.2 - https:\/\/yoast.com\/wordpress\/plugins\/seo\/ -->\n<title>Alegria marca Missa de A\u00e7\u00e3o de Gra\u00e7as pelo jubileu de 70 anos do sacerd\u00f3cio de Frei Ervino - Not\u00edcias - Franciscanos<\/title>\n<meta name=\"robots\" content=\"index, follow, max-snippet:-1, max-image-preview:large, max-video-preview:-1\" \/>\n<link rel=\"canonical\" href=\"https:\/\/franciscanos.org.br\/noticias\/alegria-marca-missa-de-acao-de-gracas-pelo-jubileu-de-70-anos-do-sacerdocio-de-frei-ervino.html\" \/>\n<meta property=\"og:locale\" content=\"pt_BR\" \/>\n<meta property=\"og:type\" content=\"article\" \/>\n<meta property=\"og:title\" content=\"Alegria marca Missa de A\u00e7\u00e3o de Gra\u00e7as pelo jubileu de 70 anos do sacerd\u00f3cio de Frei Ervino - Not\u00edcias - Franciscanos\" \/>\n<meta property=\"og:description\" content=\"Prov\u00edncia em festa\" \/>\n<meta property=\"og:url\" content=\"https:\/\/franciscanos.org.br\/noticias\/alegria-marca-missa-de-acao-de-gracas-pelo-jubileu-de-70-anos-do-sacerdocio-de-frei-ervino.html\" \/>\n<meta property=\"og:site_name\" content=\"Not\u00edcias - Franciscanos\" \/>\n<meta property=\"article:published_time\" content=\"2023-07-03T15:03:04+00:00\" \/>\n<meta property=\"og:image\" content=\"https:\/\/franciscanos.org.br\/noticias\/wp-content\/uploads\/2023\/07\/ervino_03.jpg\" \/>\n\t<meta property=\"og:image:width\" content=\"1280\" \/>\n\t<meta property=\"og:image:height\" content=\"720\" \/>\n\t<meta property=\"og:image:type\" content=\"image\/jpeg\" \/>\n<meta name=\"author\" content=\"moacir\" \/>\n<meta name=\"twitter:card\" content=\"summary_large_image\" \/>\n<meta name=\"twitter:label1\" content=\"Escrito por\" \/>\n\t<meta name=\"twitter:data1\" content=\"moacir\" \/>\n\t<meta name=\"twitter:label2\" content=\"Est. tempo de leitura\" \/>\n\t<meta name=\"twitter:data2\" content=\"5 minutos\" \/>\n<script type=\"application\/ld+json\" class=\"yoast-schema-graph\">{\"@context\":\"https:\/\/schema.org\",\"@graph\":[{\"@type\":\"WebSite\",\"@id\":\"https:\/\/franciscanos.org.br\/noticias\/#website\",\"url\":\"https:\/\/franciscanos.org.br\/noticias\/\",\"name\":\"Not\u00edcias - Franciscanos\",\"description\":\"Prov\u00edncia Franciscana da Imaculada Concei\u00e7\u00e3o do Brasil - Ordem dos Frades Menores - OFM\",\"potentialAction\":[{\"@type\":\"SearchAction\",\"target\":{\"@type\":\"EntryPoint\",\"urlTemplate\":\"https:\/\/franciscanos.org.br\/noticias\/?s={search_term_string}\"},\"query-input\":\"required name=search_term_string\"}],\"inLanguage\":\"pt-BR\"},{\"@type\":\"ImageObject\",\"inLanguage\":\"pt-BR\",\"@id\":\"https:\/\/franciscanos.org.br\/noticias\/alegria-marca-missa-de-acao-de-gracas-pelo-jubileu-de-70-anos-do-sacerdocio-de-frei-ervino.html#primaryimage\",\"url\":\"https:\/\/franciscanos.org.br\/noticias\/wp-content\/uploads\/2023\/07\/ervino_03.jpg\",\"contentUrl\":\"https:\/\/franciscanos.org.br\/noticias\/wp-content\/uploads\/2023\/07\/ervino_03.jpg\",\"width\":1280,\"height\":720},{\"@type\":\"WebPage\",\"@id\":\"https:\/\/franciscanos.org.br\/noticias\/alegria-marca-missa-de-acao-de-gracas-pelo-jubileu-de-70-anos-do-sacerdocio-de-frei-ervino.html#webpage\",\"url\":\"https:\/\/franciscanos.org.br\/noticias\/alegria-marca-missa-de-acao-de-gracas-pelo-jubileu-de-70-anos-do-sacerdocio-de-frei-ervino.html\",\"name\":\"Alegria marca Missa de A\u00e7\u00e3o de Gra\u00e7as pelo jubileu de 70 anos do sacerd\u00f3cio de Frei Ervino - Not\u00edcias - Franciscanos\",\"isPartOf\":{\"@id\":\"https:\/\/franciscanos.org.br\/noticias\/#website\"},\"primaryImageOfPage\":{\"@id\":\"https:\/\/franciscanos.org.br\/noticias\/alegria-marca-missa-de-acao-de-gracas-pelo-jubileu-de-70-anos-do-sacerdocio-de-frei-ervino.html#primaryimage\"},\"datePublished\":\"2023-07-03T15:03:04+00:00\",\"dateModified\":\"2023-07-03T15:03:04+00:00\",\"author\":{\"@id\":\"https:\/\/franciscanos.org.br\/noticias\/#\/schema\/person\/b5c8cba458c330ccff548b056e95a5d4\"},\"breadcrumb\":{\"@id\":\"https:\/\/franciscanos.org.br\/noticias\/alegria-marca-missa-de-acao-de-gracas-pelo-jubileu-de-70-anos-do-sacerdocio-de-frei-ervino.html#breadcrumb\"},\"inLanguage\":\"pt-BR\",\"potentialAction\":[{\"@type\":\"ReadAction\",\"target\":[\"https:\/\/franciscanos.org.br\/noticias\/alegria-marca-missa-de-acao-de-gracas-pelo-jubileu-de-70-anos-do-sacerdocio-de-frei-ervino.html\"]}]},{\"@type\":\"BreadcrumbList\",\"@id\":\"https:\/\/franciscanos.org.br\/noticias\/alegria-marca-missa-de-acao-de-gracas-pelo-jubileu-de-70-anos-do-sacerdocio-de-frei-ervino.html#breadcrumb\",\"itemListElement\":[{\"@type\":\"ListItem\",\"position\":1,\"name\":\"Home\",\"item\":\"https:\/\/franciscanos.org.br\/noticias\"},{\"@type\":\"ListItem\",\"position\":2,\"name\":\"Alegria marca Missa de A\u00e7\u00e3o de Gra\u00e7as pelo jubileu de 70 anos do sacerd\u00f3cio de Frei Ervino\"}]},{\"@type\":\"Person\",\"@id\":\"https:\/\/franciscanos.org.br\/noticias\/#\/schema\/person\/b5c8cba458c330ccff548b056e95a5d4\",\"name\":\"moacir\",\"image\":{\"@type\":\"ImageObject\",\"inLanguage\":\"pt-BR\",\"@id\":\"https:\/\/franciscanos.org.br\/noticias\/#\/schema\/person\/image\/\",\"url\":\"https:\/\/secure.gravatar.com\/avatar\/d08aa2ce4c8dd416d4479aa8536fcf64?s=96&d=mm&r=g\",\"contentUrl\":\"https:\/\/secure.gravatar.com\/avatar\/d08aa2ce4c8dd416d4479aa8536fcf64?s=96&d=mm&r=g\",\"caption\":\"moacir\"},\"url\":\"https:\/\/franciscanos.org.br\/noticias\/author\/moacir\"}]}<\/script>\n<!-- \/ Yoast SEO plugin. -->","yoast_head_json":{"title":"Alegria marca Missa de A\u00e7\u00e3o de Gra\u00e7as pelo jubileu de 70 anos do sacerd\u00f3cio de Frei Ervino - Not\u00edcias - Franciscanos","robots":{"index":"index","follow":"follow","max-snippet":"max-snippet:-1","max-image-preview":"max-image-preview:large","max-video-preview":"max-video-preview:-1"},"canonical":"https:\/\/franciscanos.org.br\/noticias\/alegria-marca-missa-de-acao-de-gracas-pelo-jubileu-de-70-anos-do-sacerdocio-de-frei-ervino.html","og_locale":"pt_BR","og_type":"article","og_title":"Alegria marca Missa de A\u00e7\u00e3o de Gra\u00e7as pelo jubileu de 70 anos do sacerd\u00f3cio de Frei Ervino - Not\u00edcias - Franciscanos","og_description":"Prov\u00edncia em festa","og_url":"https:\/\/franciscanos.org.br\/noticias\/alegria-marca-missa-de-acao-de-gracas-pelo-jubileu-de-70-anos-do-sacerdocio-de-frei-ervino.html","og_site_name":"Not\u00edcias - Franciscanos","article_published_time":"2023-07-03T15:03:04+00:00","og_image":[{"width":1280,"height":720,"url":"https:\/\/franciscanos.org.br\/noticias\/wp-content\/uploads\/2023\/07\/ervino_03.jpg","type":"image\/jpeg"}],"author":"moacir","twitter_card":"summary_large_image","twitter_misc":{"Escrito por":"moacir","Est. tempo de leitura":"5 minutos"},"schema":{"@context":"https:\/\/schema.org","@graph":[{"@type":"WebSite","@id":"https:\/\/franciscanos.org.br\/noticias\/#website","url":"https:\/\/franciscanos.org.br\/noticias\/","name":"Not\u00edcias - Franciscanos","description":"Prov\u00edncia Franciscana da Imaculada Concei\u00e7\u00e3o do Brasil - Ordem dos Frades Menores - OFM","potentialAction":[{"@type":"SearchAction","target":{"@type":"EntryPoint","urlTemplate":"https:\/\/franciscanos.org.br\/noticias\/?s={search_term_string}"},"query-input":"required name=search_term_string"}],"inLanguage":"pt-BR"},{"@type":"ImageObject","inLanguage":"pt-BR","@id":"https:\/\/franciscanos.org.br\/noticias\/alegria-marca-missa-de-acao-de-gracas-pelo-jubileu-de-70-anos-do-sacerdocio-de-frei-ervino.html#primaryimage","url":"https:\/\/franciscanos.org.br\/noticias\/wp-content\/uploads\/2023\/07\/ervino_03.jpg","contentUrl":"https:\/\/franciscanos.org.br\/noticias\/wp-content\/uploads\/2023\/07\/ervino_03.jpg","width":1280,"height":720},{"@type":"WebPage","@id":"https:\/\/franciscanos.org.br\/noticias\/alegria-marca-missa-de-acao-de-gracas-pelo-jubileu-de-70-anos-do-sacerdocio-de-frei-ervino.html#webpage","url":"https:\/\/franciscanos.org.br\/noticias\/alegria-marca-missa-de-acao-de-gracas-pelo-jubileu-de-70-anos-do-sacerdocio-de-frei-ervino.html","name":"Alegria marca Missa de A\u00e7\u00e3o de Gra\u00e7as pelo jubileu de 70 anos do sacerd\u00f3cio de Frei Ervino - Not\u00edcias - Franciscanos","isPartOf":{"@id":"https:\/\/franciscanos.org.br\/noticias\/#website"},"primaryImageOfPage":{"@id":"https:\/\/franciscanos.org.br\/noticias\/alegria-marca-missa-de-acao-de-gracas-pelo-jubileu-de-70-anos-do-sacerdocio-de-frei-ervino.html#primaryimage"},"datePublished":"2023-07-03T15:03:04+00:00","dateModified":"2023-07-03T15:03:04+00:00","author":{"@id":"https:\/\/franciscanos.org.br\/noticias\/#\/schema\/person\/b5c8cba458c330ccff548b056e95a5d4"},"breadcrumb":{"@id":"https:\/\/franciscanos.org.br\/noticias\/alegria-marca-missa-de-acao-de-gracas-pelo-jubileu-de-70-anos-do-sacerdocio-de-frei-ervino.html#breadcrumb"},"inLanguage":"pt-BR","potentialAction":[{"@type":"ReadAction","target":["https:\/\/franciscanos.org.br\/noticias\/alegria-marca-missa-de-acao-de-gracas-pelo-jubileu-de-70-anos-do-sacerdocio-de-frei-ervino.html"]}]},{"@type":"BreadcrumbList","@id":"https:\/\/franciscanos.org.br\/noticias\/alegria-marca-missa-de-acao-de-gracas-pelo-jubileu-de-70-anos-do-sacerdocio-de-frei-ervino.html#breadcrumb","itemListElement":[{"@type":"ListItem","position":1,"name":"Home","item":"https:\/\/franciscanos.org.br\/noticias"},{"@type":"ListItem","position":2,"name":"Alegria marca Missa de A\u00e7\u00e3o de Gra\u00e7as pelo jubileu de 70 anos do sacerd\u00f3cio de Frei Ervino"}]},{"@type":"Person","@id":"https:\/\/franciscanos.org.br\/noticias\/#\/schema\/person\/b5c8cba458c330ccff548b056e95a5d4","name":"moacir","image":{"@type":"ImageObject","inLanguage":"pt-BR","@id":"https:\/\/franciscanos.org.br\/noticias\/#\/schema\/person\/image\/","url":"https:\/\/secure.gravatar.com\/avatar\/d08aa2ce4c8dd416d4479aa8536fcf64?s=96&d=mm&r=g","contentUrl":"https:\/\/secure.gravatar.com\/avatar\/d08aa2ce4c8dd416d4479aa8536fcf64?s=96&d=mm&r=g","caption":"moacir"},"url":"https:\/\/franciscanos.org.br\/noticias\/author\/moacir"}]}},"_links":{"self":[{"href":"https:\/\/franciscanos.org.br\/noticias\/wp-json\/wp\/v2\/posts\/243978"}],"collection":[{"href":"https:\/\/franciscanos.org.br\/noticias\/wp-json\/wp\/v2\/posts"}],"about":[{"href":"https:\/\/franciscanos.org.br\/noticias\/wp-json\/wp\/v2\/types\/post"}],"author":[{"embeddable":true,"href":"https:\/\/franciscanos.org.br\/noticias\/wp-json\/wp\/v2\/users\/3"}],"replies":[{"embeddable":true,"href":"https:\/\/franciscanos.org.br\/noticias\/wp-json\/wp\/v2\/comments?post=243978"}],"version-history":[{"count":1,"href":"https:\/\/franciscanos.org.br\/noticias\/wp-json\/wp\/v2\/posts\/243978\/revisions"}],"predecessor-version":[{"id":243986,"href":"https:\/\/franciscanos.org.br\/noticias\/wp-json\/wp\/v2\/posts\/243978\/revisions\/243986"}],"wp:featuredmedia":[{"embeddable":true,"href":"https:\/\/franciscanos.org.br\/noticias\/wp-json\/wp\/v2\/media\/243979"}],"wp:attachment":[{"href":"https:\/\/franciscanos.org.br\/noticias\/wp-json\/wp\/v2\/media?parent=243978"}],"wp:term":[{"taxonomy":"category","embeddable":true,"href":"https:\/\/franciscanos.org.br\/noticias\/wp-json\/wp\/v2\/categories?post=243978"},{"taxonomy":"post_tag","embeddable":true,"href":"https:\/\/franciscanos.org.br\/noticias\/wp-json\/wp\/v2\/tags?post=243978"}],"curies":[{"name":"wp","href":"https:\/\/api.w.org\/{rel}","templated":true}]}}