{"id":243959,"date":"2023-07-02T15:33:53","date_gmt":"2023-07-02T18:33:53","guid":{"rendered":"https:\/\/franciscanos.org.br\/noticias\/?p=243959"},"modified":"2023-07-02T15:44:49","modified_gmt":"2023-07-02T18:44:49","slug":"frei-daniel-deixa-a-pergunta-na-festa-de-sao-pedro-quem-e-jesus-para-nos","status":"publish","type":"post","link":"https:\/\/franciscanos.org.br\/noticias\/frei-daniel-deixa-a-pergunta-na-festa-de-sao-pedro-quem-e-jesus-para-nos.html","title":{"rendered":"Frei Daniel deixa a pergunta na Festa de S\u00e3o Pedro: &#8220;Quem \u00e9 Jesus para n\u00f3s?&#8221;"},"content":{"rendered":"<p><strong> <img loading=\"lazy\" class=\"alignnone size-full wp-image-243960\" src=\"https:\/\/franciscanos.org.br\/noticias\/wp-content\/uploads\/2023\/07\/diasaopedro_01.jpg\" alt=\"\" width=\"1280\" height=\"720\" srcset=\"https:\/\/franciscanos.org.br\/noticias\/wp-content\/uploads\/2023\/07\/diasaopedro_01.jpg 1280w, https:\/\/franciscanos.org.br\/noticias\/wp-content\/uploads\/2023\/07\/diasaopedro_01-450x253.jpg 450w, https:\/\/franciscanos.org.br\/noticias\/wp-content\/uploads\/2023\/07\/diasaopedro_01-1024x576.jpg 1024w, https:\/\/franciscanos.org.br\/noticias\/wp-content\/uploads\/2023\/07\/diasaopedro_01-768x432.jpg 768w, https:\/\/franciscanos.org.br\/noticias\/wp-content\/uploads\/2023\/07\/diasaopedro_01-150x84.jpg 150w\" sizes=\"(max-width: 1280px) 100vw, 1280px\" \/><\/strong><\/p>\n<p><strong>Gaspar (SC) &#8211;<\/strong> O solene dia do Padroeiro de Gaspar (SC), S\u00e3o Pedro Ap\u00f3stolo, foi celebrado neste domingo (2 de julho) com a Missa festiva, \u00e0s 9h, presidida pelo Definidor Provincial, Frei Daniel Dellandrea, tendo como concelebrantes o Vig\u00e1rio Provincial, Frei Gustavo Medella, o p\u00e1roco Frei Pedro da Silva, Frei Aldolino Bankhardt e Frei Jhones Martins. No servi\u00e7o do altar, os di\u00e1conos Andr\u00e9, Jo\u00e3o e Pedro.<\/p>\n<p>A Igreja Matriz, completamente lotada, ficou ainda mais bela com os fi\u00e9is da cidade e regi\u00e3o. Antes da prociss\u00e3o de entrada, os casais festeiros entraram com velas acesas, enquanto o povo aplaudia reconhecendo a dedica\u00e7\u00e3o e a doa\u00e7\u00e3o para que esta Festa pudesse se realizar novamente. Em seguida, casais das Comunidades trouxeram barquinhos com a imagem de seus Padroeiros. Na prociss\u00e3o de entrada, um trompete anunciou a imagem de S\u00e3o Pedro num andor em forma de barca, junto com os celebrantes, a equipe de ministros, coroinhas e ac\u00f3litos.<\/p>\n<p><img loading=\"lazy\" class=\"alignnone wp-image-243961 size-full\" src=\"https:\/\/franciscanos.org.br\/noticias\/wp-content\/uploads\/2023\/07\/diasaopedro_02.jpg\" alt=\"\" width=\"1280\" height=\"720\" srcset=\"https:\/\/franciscanos.org.br\/noticias\/wp-content\/uploads\/2023\/07\/diasaopedro_02.jpg 1280w, https:\/\/franciscanos.org.br\/noticias\/wp-content\/uploads\/2023\/07\/diasaopedro_02-450x253.jpg 450w, https:\/\/franciscanos.org.br\/noticias\/wp-content\/uploads\/2023\/07\/diasaopedro_02-1024x576.jpg 1024w, https:\/\/franciscanos.org.br\/noticias\/wp-content\/uploads\/2023\/07\/diasaopedro_02-768x432.jpg 768w, https:\/\/franciscanos.org.br\/noticias\/wp-content\/uploads\/2023\/07\/diasaopedro_02-150x84.jpg 150w\" sizes=\"(max-width: 1280px) 100vw, 1280px\" \/><\/p>\n<p><img loading=\"lazy\" class=\"alignnone wp-image-243962 size-full\" src=\"https:\/\/franciscanos.org.br\/noticias\/wp-content\/uploads\/2023\/07\/diasaopedro_03.jpg\" alt=\"\" width=\"1280\" height=\"963\" srcset=\"https:\/\/franciscanos.org.br\/noticias\/wp-content\/uploads\/2023\/07\/diasaopedro_03.jpg 1280w, https:\/\/franciscanos.org.br\/noticias\/wp-content\/uploads\/2023\/07\/diasaopedro_03-450x339.jpg 450w, https:\/\/franciscanos.org.br\/noticias\/wp-content\/uploads\/2023\/07\/diasaopedro_03-1024x770.jpg 1024w, https:\/\/franciscanos.org.br\/noticias\/wp-content\/uploads\/2023\/07\/diasaopedro_03-768x578.jpg 768w, https:\/\/franciscanos.org.br\/noticias\/wp-content\/uploads\/2023\/07\/diasaopedro_03-150x113.jpg 150w, https:\/\/franciscanos.org.br\/noticias\/wp-content\/uploads\/2023\/07\/diasaopedro_03-600x450.jpg 600w\" sizes=\"(max-width: 1280px) 100vw, 1280px\" \/><\/p>\n<p>&#8220;As alegrias da Festa de S\u00e3o Pedro transbordam muito al\u00e9m de Gaspar, em toda a Igreja, especialmente a Nossa Prov\u00edncia Franciscana&#8221;, saudou o p\u00e1roco Frei Pedro, ao acolher o povo e os celebrantes, especialmente o presidente da Celebra\u00e7\u00e3o e o Vig\u00e1rio Provincial, que foi homenageado por estar celebrando 12 anos, hoje, de sua ordena\u00e7\u00e3o presbiteral.<\/p>\n<p>&#8220;Quero agradecer o convite do Frei Pedro e desta Fraternidade. N\u00f3s somos chamados a sermos disc\u00edpulos e mission\u00e1rios de Jesus Cristo&#8221;, retribuiu Frei Daniel. A 173\u00aa Festa de S\u00e3o Pedro Ap\u00f3stolo se inspirou no Ano Vocacional deste ano com o tema: &#8220;Com S\u00e3o Pedro inspirando voca\u00e7\u00f5es&#8221;.<\/p>\n<p>O Coral Santa Cec\u00edlia e a Banda de M\u00fasica S\u00e3o Pedro contribu\u00edram para aumentar o tom solene da celebra\u00e7\u00e3o. O coral foi fundado por iniciativa dos franciscanos em 1898 quando estes ainda residiam em Blumenau (SC).<\/p>\n<p><img loading=\"lazy\" class=\"alignnone size-full wp-image-243963\" src=\"https:\/\/franciscanos.org.br\/noticias\/wp-content\/uploads\/2023\/07\/diasaopedro_04.jpg\" alt=\"\" width=\"1280\" height=\"1057\" srcset=\"https:\/\/franciscanos.org.br\/noticias\/wp-content\/uploads\/2023\/07\/diasaopedro_04.jpg 1280w, https:\/\/franciscanos.org.br\/noticias\/wp-content\/uploads\/2023\/07\/diasaopedro_04-450x372.jpg 450w, https:\/\/franciscanos.org.br\/noticias\/wp-content\/uploads\/2023\/07\/diasaopedro_04-1024x846.jpg 1024w, https:\/\/franciscanos.org.br\/noticias\/wp-content\/uploads\/2023\/07\/diasaopedro_04-768x634.jpg 768w, https:\/\/franciscanos.org.br\/noticias\/wp-content\/uploads\/2023\/07\/diasaopedro_04-150x124.jpg 150w\" sizes=\"(max-width: 1280px) 100vw, 1280px\" \/><\/p>\n<p>Frei Daniel tamb\u00e9m saudou a todos, sem esquecer os volunt\u00e1rios que trabalham para &#8220;que esta Festa aconte\u00e7a de uma forma sempre bela e esplendorosa&#8221;.<\/p>\n<p>&#8220;Que alegria hoje celebrarmos juntos, com toda a Igreja, a solenidade de S\u00e3o Pedro e S\u00e3o Paulo. Nos unimos com cada crist\u00e3o, que louva e bendize a Deus por esses dois grandes ap\u00f3stolos, mission\u00e1rios, mas vocacionados do Senhor. Com eles, tamb\u00e9m n\u00f3s nos sentimos inspirados a viver a nossa voca\u00e7\u00e3o. A voca\u00e7\u00e3o de batizados, a voca\u00e7\u00e3o de disc\u00edpulos mission\u00e1rios, a voca\u00e7\u00e3o que nos leva a testemunhar, a anunciar, a vivenciar Jesus Cristo&#8221;, saudou o celebrante.<\/p>\n<p><img loading=\"lazy\" class=\"alignnone size-full wp-image-243964\" src=\"https:\/\/franciscanos.org.br\/noticias\/wp-content\/uploads\/2023\/07\/diasaopedro_05.jpg\" alt=\"\" width=\"1280\" height=\"960\" srcset=\"https:\/\/franciscanos.org.br\/noticias\/wp-content\/uploads\/2023\/07\/diasaopedro_05.jpg 1280w, https:\/\/franciscanos.org.br\/noticias\/wp-content\/uploads\/2023\/07\/diasaopedro_05-450x338.jpg 450w, https:\/\/franciscanos.org.br\/noticias\/wp-content\/uploads\/2023\/07\/diasaopedro_05-1024x768.jpg 1024w, https:\/\/franciscanos.org.br\/noticias\/wp-content\/uploads\/2023\/07\/diasaopedro_05-768x576.jpg 768w, https:\/\/franciscanos.org.br\/noticias\/wp-content\/uploads\/2023\/07\/diasaopedro_05-150x113.jpg 150w, https:\/\/franciscanos.org.br\/noticias\/wp-content\/uploads\/2023\/07\/diasaopedro_05-600x450.jpg 600w\" sizes=\"(max-width: 1280px) 100vw, 1280px\" \/><\/p>\n<p>A partir da pergunta de Jesus no Evangelho, \u201cquem dizem os homens ser o Filho do Homem?&#8221;, Frei Daniel fez a sua reflex\u00e3o. &#8220;Jesus sempre foi uma pessoa inquietante, um enigma, para todas as pessoas: quem \u00e9 ele? Ningu\u00e9m, por mais indiferente que seja, ou desinteressado que seja pela f\u00e9, poder\u00e1 escapar dessa quest\u00e3o enquanto existir. Todos, um dia ouviram falar de Jesus, aqueles que creem, aqueles que n\u00e3o creem. Mas todos se questionam: Quem \u00e9 Ele?&#8221;, situou.<\/p>\n<p>Segundo Frei Daniel, os pr\u00f3prios disc\u00edpulos relatam uma certa diversidade de opini\u00f5es, uma grande confus\u00e3o de interpreta\u00e7\u00e3o, de compreens\u00e3o diante desta pergunta. Para alguns, era Jo\u00e3o Batista, um profeta, Mois\u00e9s, e tantas outras opini\u00f5es. &#8220;Pela boca de Pedro, a Igreja professa uma verdade, que apesar de tantos s\u00e9culos, ela continua a ser verdadeira. Uma resposta que nos traz a real compreens\u00e3o de quem \u00e9 Jesus: &#8216;Tu \u00e9s um Messias, o filho do Deus vivo&#8217;.<\/p>\n<p>O Messias \u00e9 aquele a quem muitos esperavam, mas \u00e9 aquele a quem hoje muitas pessoas ainda desejam encontrar. O ser humano espera em Deus, deseja encontrar Deus, deseja realizar-se na plenitude de Deus&#8221;, explicou.<\/p>\n<p><img loading=\"lazy\" class=\"alignnone size-full wp-image-243965\" src=\"https:\/\/franciscanos.org.br\/noticias\/wp-content\/uploads\/2023\/07\/diasaopedro_08.jpg\" alt=\"\" width=\"1280\" height=\"729\" srcset=\"https:\/\/franciscanos.org.br\/noticias\/wp-content\/uploads\/2023\/07\/diasaopedro_08.jpg 1280w, https:\/\/franciscanos.org.br\/noticias\/wp-content\/uploads\/2023\/07\/diasaopedro_08-450x256.jpg 450w, https:\/\/franciscanos.org.br\/noticias\/wp-content\/uploads\/2023\/07\/diasaopedro_08-1024x583.jpg 1024w, https:\/\/franciscanos.org.br\/noticias\/wp-content\/uploads\/2023\/07\/diasaopedro_08-768x437.jpg 768w, https:\/\/franciscanos.org.br\/noticias\/wp-content\/uploads\/2023\/07\/diasaopedro_08-150x85.jpg 150w\" sizes=\"(max-width: 1280px) 100vw, 1280px\" \/><\/p>\n<p>E continuou: &#8220;O Messias \u00e9 aquele enviado por Deus. Jesus \u00e9 o dom do Pai, o enviado do Pai a este mundo, \u00e9 o vocacionado do Pai com esta miss\u00e3o de revelar o amor do Pai, mas tamb\u00e9m de conduzir a humanidade de volta ao Pai. Por isso, ele \u00e9 o redentor, por n\u00f3s doa a sua voca\u00e7\u00e3o, a sua vida, para nos resgatar, nos conduzir novamente \u00e0 comunh\u00e3o e \u00e0 plenitude em Deus&#8221;.<\/p>\n<p>Esta resposta de Pedro vem de um questionamento: &#8220;E v\u00f3s quem dizeis que eu sou?&#8221;, a pergunta de Jesus aos seus disc\u00edpulos. &#8220;Uma pergunta que n\u00e3o ser\u00e1 respondida de qualquer forma, como n\u00f3s respondemos a tantas perguntas diariamente. N\u00e3o \u00e9 uma palavra qualquer, n\u00e3o \u00e9 daquilo que se fala da boca para fora. Quem \u00e9 Jesus para cada um de n\u00f3s \u00e9 uma resposta que mexe por dentro, uma resposta que sai do profundo do ser humano, por isso n\u00e3o \u00e9 f\u00e1cil respond\u00ea-la. Por isso requer de n\u00f3s uma reflex\u00e3o e muito mais: uma experi\u00eancia de proximidade, de intimidade com Ele&#8221;, ressaltou. Segundo o frade, essa resposta nos leva a olhar a Jesus, mas tamb\u00e9m a refletir em n\u00f3s quem somos junto Dele.<\/p>\n<p><img loading=\"lazy\" class=\"alignnone size-full wp-image-243966\" src=\"https:\/\/franciscanos.org.br\/noticias\/wp-content\/uploads\/2023\/07\/diasaopedro_07.jpg\" alt=\"\" width=\"1067\" height=\"960\" srcset=\"https:\/\/franciscanos.org.br\/noticias\/wp-content\/uploads\/2023\/07\/diasaopedro_07.jpg 1067w, https:\/\/franciscanos.org.br\/noticias\/wp-content\/uploads\/2023\/07\/diasaopedro_07-450x405.jpg 450w, https:\/\/franciscanos.org.br\/noticias\/wp-content\/uploads\/2023\/07\/diasaopedro_07-1024x921.jpg 1024w, https:\/\/franciscanos.org.br\/noticias\/wp-content\/uploads\/2023\/07\/diasaopedro_07-768x691.jpg 768w, https:\/\/franciscanos.org.br\/noticias\/wp-content\/uploads\/2023\/07\/diasaopedro_07-150x135.jpg 150w\" sizes=\"(max-width: 1067px) 100vw, 1067px\" \/><\/p>\n<p>Frei Daniel disse que a pergunta de Jesus \u00e9 uma provoca\u00e7\u00e3o e lembrou que a palavra provocar vem do latim, da mesma raiz de voca\u00e7\u00e3o, que significa &#8220;vocare&#8221;. &#8220;A provoca\u00e7\u00e3o de n\u00f3s darmos esse passo em dire\u00e7\u00e3o a Deus e ao mesmo tempo em dire\u00e7\u00e3o ao interior de n\u00f3s mesmos. Quem \u00e9 Jesus e quem n\u00f3s somos?<\/p>\n<p>&#8220;Pedro e Paulo sentiram-se provocados. Pedro junto da barca e Paulo junto do cavalo no caminho de Damasco. Pessoas que, em suas vidas, procuraram compreender quem \u00e9 este que me chama e o que espera de mim. Por isso, Pedro e Paulo, fazem um caminho vocacional bastante provocativo de discernimento, de horas de escurid\u00e3o, de incompreens\u00e3o, de horas de clareza da f\u00e9 e mostram que isso \u00e9 comum. Sempre vamos estar em busca de uma melhor compreens\u00e3o de Deus&#8221;, disse.<\/p>\n<p><img loading=\"lazy\" class=\"alignnone size-full wp-image-243967\" src=\"https:\/\/franciscanos.org.br\/noticias\/wp-content\/uploads\/2023\/07\/diasaopedro_06.jpg\" alt=\"\" width=\"1280\" height=\"615\" srcset=\"https:\/\/franciscanos.org.br\/noticias\/wp-content\/uploads\/2023\/07\/diasaopedro_06.jpg 1280w, https:\/\/franciscanos.org.br\/noticias\/wp-content\/uploads\/2023\/07\/diasaopedro_06-450x216.jpg 450w, https:\/\/franciscanos.org.br\/noticias\/wp-content\/uploads\/2023\/07\/diasaopedro_06-1024x492.jpg 1024w, https:\/\/franciscanos.org.br\/noticias\/wp-content\/uploads\/2023\/07\/diasaopedro_06-768x369.jpg 768w, https:\/\/franciscanos.org.br\/noticias\/wp-content\/uploads\/2023\/07\/diasaopedro_06-150x72.jpg 150w\" sizes=\"(max-width: 1280px) 100vw, 1280px\" \/><\/p>\n<p>&#8220;Pedro e Paulo nos inspiram a responder a n\u00f3s e tamb\u00e9m a responder: Quem \u00e9 Jesus? E assim tamb\u00e9m expressarmos nesta mesma verdade: &#8216;Tu \u00e9s o Messias, o filho do Deus vivo'&#8221;, acrescentou. Para o frade, Pedro e Paulo foram aqueles que conseguiram ajudar a Igreja de Cristo, desde a sua origem, a fundamentar-se nesta verdade da f\u00e9.<\/p>\n<p>&#8220;A palavra Igreja, do grego &#8216;ecclesia&#8217;, quer dizer assembleia. Assembleia de quem? De pessoas chamadas, vocacionadas, pessoas convocadas para formar comunidade dos disc\u00edpulos e mission\u00e1rios de Jesus&#8221;, assinalou. &#8220;Pedro e Paulo nos inspiram tamb\u00e9m a fazer a comunidade acontecer, a Igreja se realizar. E como \u00e9 importante a Igreja hoje! Como \u00e9 importante a comunidade no meio de n\u00f3s&#8221;.<\/p>\n<p><img loading=\"lazy\" class=\"alignnone size-full wp-image-243971\" src=\"https:\/\/franciscanos.org.br\/noticias\/wp-content\/uploads\/2023\/07\/diasaopedro_15.jpg\" alt=\"\" width=\"1280\" height=\"760\" srcset=\"https:\/\/franciscanos.org.br\/noticias\/wp-content\/uploads\/2023\/07\/diasaopedro_15.jpg 1280w, https:\/\/franciscanos.org.br\/noticias\/wp-content\/uploads\/2023\/07\/diasaopedro_15-450x267.jpg 450w, https:\/\/franciscanos.org.br\/noticias\/wp-content\/uploads\/2023\/07\/diasaopedro_15-1024x608.jpg 1024w, https:\/\/franciscanos.org.br\/noticias\/wp-content\/uploads\/2023\/07\/diasaopedro_15-768x456.jpg 768w, https:\/\/franciscanos.org.br\/noticias\/wp-content\/uploads\/2023\/07\/diasaopedro_15-150x89.jpg 150w\" sizes=\"(max-width: 1280px) 100vw, 1280px\" \/><\/p>\n<p>&#8220;Como \u00e9 bel\u00edssima essa Igreja. Desde pequeno passava com minha fam\u00edlia pela BR e chamava a aten\u00e7\u00e3o pela sua grandiosidade&#8221;, contou o frade, mas lembrando que a Igreja n\u00e3o vive de estrutura, por t\u00e3o bela que seja, mas de pessoas. &#8220;Hoje, vemos como essa Par\u00f3quia \u00e9 din\u00e2mica, viva, de tantas comunidades, de tantas pastorais. Comunidade de Comunidades aqui representadas pelos barcos dos seus padroeiros, formando esta sinodalidade, esta mesma comunh\u00e3o. Disc\u00edpulos mission\u00e1rios de pessoas vocacionadas a Deus&#8221;, ressaltou.<\/p>\n<p>Segundo Frei Daniel, a Igreja \u00e9 lugar do conv\u00edvio, lugar da comunh\u00e3o. &#8220;S\u00e3o poucas institui\u00e7\u00f5es que ainda valorizam o encontro das pessoas, para viver de uma forma de igualdade, de respeito, de fraternidade&#8221;, ensinou, acrescentando que a Igreja \u00e9 local para viver a caridade e para viver a santidade.<\/p>\n<p><img loading=\"lazy\" class=\"alignnone size-full wp-image-243972\" src=\"https:\/\/franciscanos.org.br\/noticias\/wp-content\/uploads\/2023\/07\/diasaopedro_13.jpg\" alt=\"\" width=\"1280\" height=\"875\" srcset=\"https:\/\/franciscanos.org.br\/noticias\/wp-content\/uploads\/2023\/07\/diasaopedro_13.jpg 1280w, https:\/\/franciscanos.org.br\/noticias\/wp-content\/uploads\/2023\/07\/diasaopedro_13-450x308.jpg 450w, https:\/\/franciscanos.org.br\/noticias\/wp-content\/uploads\/2023\/07\/diasaopedro_13-1024x700.jpg 1024w, https:\/\/franciscanos.org.br\/noticias\/wp-content\/uploads\/2023\/07\/diasaopedro_13-768x525.jpg 768w, https:\/\/franciscanos.org.br\/noticias\/wp-content\/uploads\/2023\/07\/diasaopedro_13-150x103.jpg 150w, https:\/\/franciscanos.org.br\/noticias\/wp-content\/uploads\/2023\/07\/diasaopedro_13-320x220.jpg 320w\" sizes=\"(max-width: 1280px) 100vw, 1280px\" \/><\/p>\n<p>O celebrante frisou a import\u00e2ncia da Igreja na comunidade, na Par\u00f3quia de Gaspar, &#8220;pois ali \u00e9 a presen\u00e7a de Jesus Cristo, atrav\u00e9s dos seus vocacionados, aqueles chamados para serem disc\u00edpulos e mission\u00e1rios dele&#8221;.<\/p>\n<p>&#8220;Que possamos dar o melhor de n\u00f3s, nos inspirar em Pedro e Paulo, para tamb\u00e9m responder da melhor forma com a nossa voca\u00e7\u00e3o e, por fim, dizer como Paulo, no final de nossa vida, com gratid\u00e3o a Deus: &#8216;Combati o bom combate, completei a corrida, guardei a f\u00e9'&#8221;, animou a todos Frei Daniel.<\/p>\n<p><img loading=\"lazy\" class=\"alignnone size-full wp-image-243968\" src=\"https:\/\/franciscanos.org.br\/noticias\/wp-content\/uploads\/2023\/07\/diasaopedro_09.jpg\" alt=\"\" width=\"1280\" height=\"876\" srcset=\"https:\/\/franciscanos.org.br\/noticias\/wp-content\/uploads\/2023\/07\/diasaopedro_09.jpg 1280w, https:\/\/franciscanos.org.br\/noticias\/wp-content\/uploads\/2023\/07\/diasaopedro_09-450x308.jpg 450w, https:\/\/franciscanos.org.br\/noticias\/wp-content\/uploads\/2023\/07\/diasaopedro_09-1024x701.jpg 1024w, https:\/\/franciscanos.org.br\/noticias\/wp-content\/uploads\/2023\/07\/diasaopedro_09-768x526.jpg 768w, https:\/\/franciscanos.org.br\/noticias\/wp-content\/uploads\/2023\/07\/diasaopedro_09-150x103.jpg 150w, https:\/\/franciscanos.org.br\/noticias\/wp-content\/uploads\/2023\/07\/diasaopedro_09-320x220.jpg 320w\" sizes=\"(max-width: 1280px) 100vw, 1280px\" \/><\/p>\n<p><strong>AGRADECIMENTOS<\/strong><\/p>\n<p>O coordenador do Conselho de Pastoral da Comunidade (CPC), Cuniberto Francisco Kuhnen, ao lado de sua esposa Madalena, falou em nome da comunidade e da organiza\u00e7\u00e3o da Festa. Segundo ele, nos \u00faltimos noventa dias, se algu\u00e9m lesse os seus pensamentos veria: Festa de S\u00e3o Pedro, Festa de S\u00e3o Pedro, Festa de S\u00e3o Pedro&#8230;.&#8221;Por\u00e9m, tenho certeza, esses pensamentos tamb\u00e9m foram dos frades, das equipes lit\u00fargicas, dos servi\u00e7os, das comunidades, das equipes de apoio, dos benfeitores, dos doadores, festeiros e volunt\u00e1rios. Todos se preparando com a mente e cora\u00e7\u00e3o para executar da melhor forma o trabalho. Temos muito a agradecer a Deus. E tudo aconteceu da melhor forma poss\u00edvel.\u00a0 Vamos festejar S\u00e3o Pedro retribuindo gestos de gratid\u00e3o. A todos, nosso muito, muito obrigado&#8221;, disse. Cerca de 300 volunt\u00e1rios trabalham para que a Festa possa acontecer.<\/p>\n<p>O p\u00e1roco Frei Pedro tamb\u00e9m n\u00e3o economizou nos elogios e agradecimentos. &#8220;Hoje, Frei Medella celebra 12 anos de sua ordena\u00e7\u00e3o sacerdotal. Tamb\u00e9m tive a gra\u00e7a de preparar todo o processo da sua ordena\u00e7\u00e3o em Petr\u00f3polis&#8221;, contou. Frei Medella ganhou &#8220;Parab\u00e9ns&#8221; nas vozes do Coral Santa Cec\u00edlia.<\/p>\n<p><img loading=\"lazy\" class=\"alignnone size-full wp-image-243969\" src=\"https:\/\/franciscanos.org.br\/noticias\/wp-content\/uploads\/2023\/07\/diasaopedro_10.jpg\" alt=\"\" width=\"1021\" height=\"555\" srcset=\"https:\/\/franciscanos.org.br\/noticias\/wp-content\/uploads\/2023\/07\/diasaopedro_10.jpg 1021w, https:\/\/franciscanos.org.br\/noticias\/wp-content\/uploads\/2023\/07\/diasaopedro_10-450x245.jpg 450w, https:\/\/franciscanos.org.br\/noticias\/wp-content\/uploads\/2023\/07\/diasaopedro_10-768x417.jpg 768w, https:\/\/franciscanos.org.br\/noticias\/wp-content\/uploads\/2023\/07\/diasaopedro_10-150x82.jpg 150w\" sizes=\"(max-width: 1021px) 100vw, 1021px\" \/><\/p>\n<p><img loading=\"lazy\" class=\"alignnone size-full wp-image-243970\" src=\"https:\/\/franciscanos.org.br\/noticias\/wp-content\/uploads\/2023\/07\/diasaopedro_11.jpg\" alt=\"\" width=\"1280\" height=\"792\" srcset=\"https:\/\/franciscanos.org.br\/noticias\/wp-content\/uploads\/2023\/07\/diasaopedro_11.jpg 1280w, https:\/\/franciscanos.org.br\/noticias\/wp-content\/uploads\/2023\/07\/diasaopedro_11-450x278.jpg 450w, https:\/\/franciscanos.org.br\/noticias\/wp-content\/uploads\/2023\/07\/diasaopedro_11-1024x634.jpg 1024w, https:\/\/franciscanos.org.br\/noticias\/wp-content\/uploads\/2023\/07\/diasaopedro_11-768x475.jpg 768w, https:\/\/franciscanos.org.br\/noticias\/wp-content\/uploads\/2023\/07\/diasaopedro_11-150x93.jpg 150w\" sizes=\"(max-width: 1280px) 100vw, 1280px\" \/><\/p>\n<p>Frei Medella agradeceu pela homenagem e, em nome da Prov\u00edncia Franciscana agradeceu ao povo &#8220;nessa querida terra de Gaspar, povo querido, dedicado com que sempre nos acolheu, e, de modo generoso, cuida da nossa Fraternidade, Frei Pedro, Frei Aldo e Frei Jhones. Obrigado Frei Pedro, Frei Aldo e Frei Jhones por serem a presen\u00e7a de fraternidade aqui&#8221;, disse, agradecendo a Frei Daniel Dellandrea, que \u00e9 Definidor e assiste ao Regional onde est\u00e1 a Fraternidade de Gaspar.<\/p>\n<p>Segundo Medella, tr\u00eas s\u00edmbolos lhe chamaram a aten\u00e7\u00e3o nesta Celebra\u00e7\u00e3o. &#8220;O primeiro \u00e9 s\u00f3 olhar para cima e perceber esses panos vermelhos e brancos que lembram uma tenda armada sobre n\u00f3s. S\u00e3o Paulo foi um fabricante de tendas e a\u00ed, olhar para cima, nos recorda que Deus \u00e9 o in\u00edcio e a finaliade de toda a nossa miss\u00e3o. \u00c9 Nele que devemos armar a nossa tenda, a nossa moradia. A dimens\u00e3o vertical da nossa f\u00e9&#8221;, refletiu.<\/p>\n<p>&#8220;O segundo s\u00edmbolo est\u00e1 ali, \u00e9 a rede. \u00c9 a dimens\u00e3o horizontal da nossa f\u00e9, a nossa rela\u00e7\u00e3o. Cada trama da rede \u00e9 importante para que ela possa ser completa e bem-sucedida na sua miss\u00e3o de pescar. A rede deve ser aberta e deve ter seus fios bem tramados. Assim, n\u00f3s tamb\u00e9m precisamos estar unidos, fundados em Deus e unidos entre n\u00f3s&#8221;, ensinou.<\/p>\n<p><img loading=\"lazy\" class=\"alignnone size-full wp-image-243973\" src=\"https:\/\/franciscanos.org.br\/noticias\/wp-content\/uploads\/2023\/07\/diasaopedro_12.jpg\" alt=\"\" width=\"1280\" height=\"817\" srcset=\"https:\/\/franciscanos.org.br\/noticias\/wp-content\/uploads\/2023\/07\/diasaopedro_12.jpg 1280w, https:\/\/franciscanos.org.br\/noticias\/wp-content\/uploads\/2023\/07\/diasaopedro_12-450x287.jpg 450w, https:\/\/franciscanos.org.br\/noticias\/wp-content\/uploads\/2023\/07\/diasaopedro_12-1024x654.jpg 1024w, https:\/\/franciscanos.org.br\/noticias\/wp-content\/uploads\/2023\/07\/diasaopedro_12-768x490.jpg 768w, https:\/\/franciscanos.org.br\/noticias\/wp-content\/uploads\/2023\/07\/diasaopedro_12-150x96.jpg 150w\" sizes=\"(max-width: 1280px) 100vw, 1280px\" \/><\/p>\n<p><img loading=\"lazy\" class=\"alignnone size-full wp-image-243974\" src=\"https:\/\/franciscanos.org.br\/noticias\/wp-content\/uploads\/2023\/07\/diasaopedro_14.jpg\" alt=\"\" width=\"1280\" height=\"756\" srcset=\"https:\/\/franciscanos.org.br\/noticias\/wp-content\/uploads\/2023\/07\/diasaopedro_14.jpg 1280w, https:\/\/franciscanos.org.br\/noticias\/wp-content\/uploads\/2023\/07\/diasaopedro_14-450x266.jpg 450w, https:\/\/franciscanos.org.br\/noticias\/wp-content\/uploads\/2023\/07\/diasaopedro_14-1024x605.jpg 1024w, https:\/\/franciscanos.org.br\/noticias\/wp-content\/uploads\/2023\/07\/diasaopedro_14-768x454.jpg 768w, https:\/\/franciscanos.org.br\/noticias\/wp-content\/uploads\/2023\/07\/diasaopedro_14-150x89.jpg 150w\" sizes=\"(max-width: 1280px) 100vw, 1280px\" \/><\/p>\n<p>Por \u00faltimo, Frei Medella pediu para olhar para tr\u00e1s. &#8220;N\u00e3o v\u00e3o ver o s\u00edmbolo, mas ele est\u00e1 ali. \u00c9 o nosso rio Itaja\u00ed, o rio onde n\u00f3s navegamos, o rio da nossa vida. E ao navegar tamb\u00e9m n\u00e3o devemos olhar s\u00f3 para frente, mas olhar para tr\u00e1s para resgatarmos aqueles que est\u00e3o \u00e0s margens que v\u00eam depois de n\u00f3s. Essa comunh\u00e3o com os \u00faltimos tamb\u00e9m deve ser marca da nossa f\u00e9 e da nossa miss\u00e3o. S\u00e3o Pedro e S\u00e3o Paulo nos ajudem a seguirmos com fidelidade a nossa voca\u00e7\u00e3o e miss\u00e3o&#8221;, concluiu, pedindo um viva a S\u00e3o Pedro.<\/p>\n<p>A Missa terminou com a foto oficial dos festeiros em frente a bela Matriz de Gaspar. Em prociss\u00e3o, a Sinf\u00f4nica de S\u00e3o Pedro conduziu os festeiros, os frades e os representantes das 17 comunidades da Par\u00f3quia at\u00e9 o Passeio S\u00e3o Pedro, onde estava a imagem de S\u00e3o Pedro e todos os cartazes e imagens das pastorais, movimentos e comunidades. Durante toda a tarde e noite, os festejos populares aconteceram como \u00e9 a grandiosidade da Festa. A Santa Missa das 19h encerrou a parte lit\u00fargica.<\/p>\n<hr \/>\n<p><em>Pascom da Par\u00f3quia S\u00e3o Pedro Ap\u00f3stolo (Rom\u00e1rio Alves (fotos) e Moacir Beggo)<\/em><\/p>\n","protected":false},"excerpt":{"rendered":"<p>Festa de S\u00e3o Pedro Ap\u00f3stolo de Gaspar<\/p>\n","protected":false},"author":3,"featured_media":243975,"comment_status":"open","ping_status":"open","sticky":false,"template":"","format":"standard","meta":[],"categories":[1],"tags":[2040],"acf":[],"yoast_head":"<!-- This site is optimized with the Yoast SEO plugin v19.2 - https:\/\/yoast.com\/wordpress\/plugins\/seo\/ -->\n<title>Frei Daniel deixa a pergunta na Festa de S\u00e3o Pedro: &quot;Quem \u00e9 Jesus para n\u00f3s?&quot; - Not\u00edcias - Franciscanos<\/title>\n<meta name=\"robots\" content=\"index, follow, max-snippet:-1, max-image-preview:large, max-video-preview:-1\" \/>\n<link rel=\"canonical\" href=\"https:\/\/franciscanos.org.br\/noticias\/frei-daniel-deixa-a-pergunta-na-festa-de-sao-pedro-quem-e-jesus-para-nos.html\" \/>\n<meta property=\"og:locale\" content=\"pt_BR\" \/>\n<meta property=\"og:type\" content=\"article\" \/>\n<meta property=\"og:title\" content=\"Frei Daniel deixa a pergunta na Festa de S\u00e3o Pedro: &quot;Quem \u00e9 Jesus para n\u00f3s?&quot; - Not\u00edcias - Franciscanos\" \/>\n<meta property=\"og:description\" content=\"Festa de S\u00e3o Pedro Ap\u00f3stolo de Gaspar\" \/>\n<meta property=\"og:url\" content=\"https:\/\/franciscanos.org.br\/noticias\/frei-daniel-deixa-a-pergunta-na-festa-de-sao-pedro-quem-e-jesus-para-nos.html\" \/>\n<meta property=\"og:site_name\" content=\"Not\u00edcias - Franciscanos\" \/>\n<meta property=\"article:published_time\" content=\"2023-07-02T18:33:53+00:00\" \/>\n<meta property=\"article:modified_time\" content=\"2023-07-02T18:44:49+00:00\" \/>\n<meta property=\"og:image\" content=\"https:\/\/franciscanos.org.br\/noticias\/wp-content\/uploads\/2023\/07\/diasaopedro_01-1.jpg\" \/>\n\t<meta property=\"og:image:width\" content=\"1280\" \/>\n\t<meta property=\"og:image:height\" content=\"720\" \/>\n\t<meta property=\"og:image:type\" content=\"image\/jpeg\" \/>\n<meta name=\"author\" content=\"moacir\" \/>\n<meta name=\"twitter:card\" content=\"summary_large_image\" \/>\n<meta name=\"twitter:label1\" content=\"Escrito por\" \/>\n\t<meta name=\"twitter:data1\" content=\"moacir\" \/>\n\t<meta name=\"twitter:label2\" content=\"Est. tempo de leitura\" \/>\n\t<meta name=\"twitter:data2\" content=\"14 minutos\" \/>\n<script type=\"application\/ld+json\" class=\"yoast-schema-graph\">{\"@context\":\"https:\/\/schema.org\",\"@graph\":[{\"@type\":\"WebSite\",\"@id\":\"https:\/\/franciscanos.org.br\/noticias\/#website\",\"url\":\"https:\/\/franciscanos.org.br\/noticias\/\",\"name\":\"Not\u00edcias - Franciscanos\",\"description\":\"Prov\u00edncia Franciscana da Imaculada Concei\u00e7\u00e3o do Brasil - Ordem dos Frades Menores - OFM\",\"potentialAction\":[{\"@type\":\"SearchAction\",\"target\":{\"@type\":\"EntryPoint\",\"urlTemplate\":\"https:\/\/franciscanos.org.br\/noticias\/?s={search_term_string}\"},\"query-input\":\"required name=search_term_string\"}],\"inLanguage\":\"pt-BR\"},{\"@type\":\"ImageObject\",\"inLanguage\":\"pt-BR\",\"@id\":\"https:\/\/franciscanos.org.br\/noticias\/frei-daniel-deixa-a-pergunta-na-festa-de-sao-pedro-quem-e-jesus-para-nos.html#primaryimage\",\"url\":\"https:\/\/franciscanos.org.br\/noticias\/wp-content\/uploads\/2023\/07\/diasaopedro_01-1.jpg\",\"contentUrl\":\"https:\/\/franciscanos.org.br\/noticias\/wp-content\/uploads\/2023\/07\/diasaopedro_01-1.jpg\",\"width\":1280,\"height\":720},{\"@type\":\"WebPage\",\"@id\":\"https:\/\/franciscanos.org.br\/noticias\/frei-daniel-deixa-a-pergunta-na-festa-de-sao-pedro-quem-e-jesus-para-nos.html#webpage\",\"url\":\"https:\/\/franciscanos.org.br\/noticias\/frei-daniel-deixa-a-pergunta-na-festa-de-sao-pedro-quem-e-jesus-para-nos.html\",\"name\":\"Frei Daniel deixa a pergunta na Festa de S\u00e3o Pedro: \\\"Quem \u00e9 Jesus para n\u00f3s?\\\" - Not\u00edcias - Franciscanos\",\"isPartOf\":{\"@id\":\"https:\/\/franciscanos.org.br\/noticias\/#website\"},\"primaryImageOfPage\":{\"@id\":\"https:\/\/franciscanos.org.br\/noticias\/frei-daniel-deixa-a-pergunta-na-festa-de-sao-pedro-quem-e-jesus-para-nos.html#primaryimage\"},\"datePublished\":\"2023-07-02T18:33:53+00:00\",\"dateModified\":\"2023-07-02T18:44:49+00:00\",\"author\":{\"@id\":\"https:\/\/franciscanos.org.br\/noticias\/#\/schema\/person\/b5c8cba458c330ccff548b056e95a5d4\"},\"breadcrumb\":{\"@id\":\"https:\/\/franciscanos.org.br\/noticias\/frei-daniel-deixa-a-pergunta-na-festa-de-sao-pedro-quem-e-jesus-para-nos.html#breadcrumb\"},\"inLanguage\":\"pt-BR\",\"potentialAction\":[{\"@type\":\"ReadAction\",\"target\":[\"https:\/\/franciscanos.org.br\/noticias\/frei-daniel-deixa-a-pergunta-na-festa-de-sao-pedro-quem-e-jesus-para-nos.html\"]}]},{\"@type\":\"BreadcrumbList\",\"@id\":\"https:\/\/franciscanos.org.br\/noticias\/frei-daniel-deixa-a-pergunta-na-festa-de-sao-pedro-quem-e-jesus-para-nos.html#breadcrumb\",\"itemListElement\":[{\"@type\":\"ListItem\",\"position\":1,\"name\":\"Home\",\"item\":\"https:\/\/franciscanos.org.br\/noticias\"},{\"@type\":\"ListItem\",\"position\":2,\"name\":\"Frei Daniel deixa a pergunta na Festa de S\u00e3o Pedro: &#8220;Quem \u00e9 Jesus para n\u00f3s?&#8221;\"}]},{\"@type\":\"Person\",\"@id\":\"https:\/\/franciscanos.org.br\/noticias\/#\/schema\/person\/b5c8cba458c330ccff548b056e95a5d4\",\"name\":\"moacir\",\"image\":{\"@type\":\"ImageObject\",\"inLanguage\":\"pt-BR\",\"@id\":\"https:\/\/franciscanos.org.br\/noticias\/#\/schema\/person\/image\/\",\"url\":\"https:\/\/secure.gravatar.com\/avatar\/d08aa2ce4c8dd416d4479aa8536fcf64?s=96&d=mm&r=g\",\"contentUrl\":\"https:\/\/secure.gravatar.com\/avatar\/d08aa2ce4c8dd416d4479aa8536fcf64?s=96&d=mm&r=g\",\"caption\":\"moacir\"},\"url\":\"https:\/\/franciscanos.org.br\/noticias\/author\/moacir\"}]}<\/script>\n<!-- \/ Yoast SEO plugin. -->","yoast_head_json":{"title":"Frei Daniel deixa a pergunta na Festa de S\u00e3o Pedro: \"Quem \u00e9 Jesus para n\u00f3s?\" - Not\u00edcias - Franciscanos","robots":{"index":"index","follow":"follow","max-snippet":"max-snippet:-1","max-image-preview":"max-image-preview:large","max-video-preview":"max-video-preview:-1"},"canonical":"https:\/\/franciscanos.org.br\/noticias\/frei-daniel-deixa-a-pergunta-na-festa-de-sao-pedro-quem-e-jesus-para-nos.html","og_locale":"pt_BR","og_type":"article","og_title":"Frei Daniel deixa a pergunta na Festa de S\u00e3o Pedro: \"Quem \u00e9 Jesus para n\u00f3s?\" - Not\u00edcias - Franciscanos","og_description":"Festa de S\u00e3o Pedro Ap\u00f3stolo de Gaspar","og_url":"https:\/\/franciscanos.org.br\/noticias\/frei-daniel-deixa-a-pergunta-na-festa-de-sao-pedro-quem-e-jesus-para-nos.html","og_site_name":"Not\u00edcias - Franciscanos","article_published_time":"2023-07-02T18:33:53+00:00","article_modified_time":"2023-07-02T18:44:49+00:00","og_image":[{"width":1280,"height":720,"url":"https:\/\/franciscanos.org.br\/noticias\/wp-content\/uploads\/2023\/07\/diasaopedro_01-1.jpg","type":"image\/jpeg"}],"author":"moacir","twitter_card":"summary_large_image","twitter_misc":{"Escrito por":"moacir","Est. tempo de leitura":"14 minutos"},"schema":{"@context":"https:\/\/schema.org","@graph":[{"@type":"WebSite","@id":"https:\/\/franciscanos.org.br\/noticias\/#website","url":"https:\/\/franciscanos.org.br\/noticias\/","name":"Not\u00edcias - Franciscanos","description":"Prov\u00edncia Franciscana da Imaculada Concei\u00e7\u00e3o do Brasil - Ordem dos Frades Menores - OFM","potentialAction":[{"@type":"SearchAction","target":{"@type":"EntryPoint","urlTemplate":"https:\/\/franciscanos.org.br\/noticias\/?s={search_term_string}"},"query-input":"required name=search_term_string"}],"inLanguage":"pt-BR"},{"@type":"ImageObject","inLanguage":"pt-BR","@id":"https:\/\/franciscanos.org.br\/noticias\/frei-daniel-deixa-a-pergunta-na-festa-de-sao-pedro-quem-e-jesus-para-nos.html#primaryimage","url":"https:\/\/franciscanos.org.br\/noticias\/wp-content\/uploads\/2023\/07\/diasaopedro_01-1.jpg","contentUrl":"https:\/\/franciscanos.org.br\/noticias\/wp-content\/uploads\/2023\/07\/diasaopedro_01-1.jpg","width":1280,"height":720},{"@type":"WebPage","@id":"https:\/\/franciscanos.org.br\/noticias\/frei-daniel-deixa-a-pergunta-na-festa-de-sao-pedro-quem-e-jesus-para-nos.html#webpage","url":"https:\/\/franciscanos.org.br\/noticias\/frei-daniel-deixa-a-pergunta-na-festa-de-sao-pedro-quem-e-jesus-para-nos.html","name":"Frei Daniel deixa a pergunta na Festa de S\u00e3o Pedro: \"Quem \u00e9 Jesus para n\u00f3s?\" - Not\u00edcias - Franciscanos","isPartOf":{"@id":"https:\/\/franciscanos.org.br\/noticias\/#website"},"primaryImageOfPage":{"@id":"https:\/\/franciscanos.org.br\/noticias\/frei-daniel-deixa-a-pergunta-na-festa-de-sao-pedro-quem-e-jesus-para-nos.html#primaryimage"},"datePublished":"2023-07-02T18:33:53+00:00","dateModified":"2023-07-02T18:44:49+00:00","author":{"@id":"https:\/\/franciscanos.org.br\/noticias\/#\/schema\/person\/b5c8cba458c330ccff548b056e95a5d4"},"breadcrumb":{"@id":"https:\/\/franciscanos.org.br\/noticias\/frei-daniel-deixa-a-pergunta-na-festa-de-sao-pedro-quem-e-jesus-para-nos.html#breadcrumb"},"inLanguage":"pt-BR","potentialAction":[{"@type":"ReadAction","target":["https:\/\/franciscanos.org.br\/noticias\/frei-daniel-deixa-a-pergunta-na-festa-de-sao-pedro-quem-e-jesus-para-nos.html"]}]},{"@type":"BreadcrumbList","@id":"https:\/\/franciscanos.org.br\/noticias\/frei-daniel-deixa-a-pergunta-na-festa-de-sao-pedro-quem-e-jesus-para-nos.html#breadcrumb","itemListElement":[{"@type":"ListItem","position":1,"name":"Home","item":"https:\/\/franciscanos.org.br\/noticias"},{"@type":"ListItem","position":2,"name":"Frei Daniel deixa a pergunta na Festa de S\u00e3o Pedro: &#8220;Quem \u00e9 Jesus para n\u00f3s?&#8221;"}]},{"@type":"Person","@id":"https:\/\/franciscanos.org.br\/noticias\/#\/schema\/person\/b5c8cba458c330ccff548b056e95a5d4","name":"moacir","image":{"@type":"ImageObject","inLanguage":"pt-BR","@id":"https:\/\/franciscanos.org.br\/noticias\/#\/schema\/person\/image\/","url":"https:\/\/secure.gravatar.com\/avatar\/d08aa2ce4c8dd416d4479aa8536fcf64?s=96&d=mm&r=g","contentUrl":"https:\/\/secure.gravatar.com\/avatar\/d08aa2ce4c8dd416d4479aa8536fcf64?s=96&d=mm&r=g","caption":"moacir"},"url":"https:\/\/franciscanos.org.br\/noticias\/author\/moacir"}]}},"_links":{"self":[{"href":"https:\/\/franciscanos.org.br\/noticias\/wp-json\/wp\/v2\/posts\/243959"}],"collection":[{"href":"https:\/\/franciscanos.org.br\/noticias\/wp-json\/wp\/v2\/posts"}],"about":[{"href":"https:\/\/franciscanos.org.br\/noticias\/wp-json\/wp\/v2\/types\/post"}],"author":[{"embeddable":true,"href":"https:\/\/franciscanos.org.br\/noticias\/wp-json\/wp\/v2\/users\/3"}],"replies":[{"embeddable":true,"href":"https:\/\/franciscanos.org.br\/noticias\/wp-json\/wp\/v2\/comments?post=243959"}],"version-history":[{"count":2,"href":"https:\/\/franciscanos.org.br\/noticias\/wp-json\/wp\/v2\/posts\/243959\/revisions"}],"predecessor-version":[{"id":243977,"href":"https:\/\/franciscanos.org.br\/noticias\/wp-json\/wp\/v2\/posts\/243959\/revisions\/243977"}],"wp:featuredmedia":[{"embeddable":true,"href":"https:\/\/franciscanos.org.br\/noticias\/wp-json\/wp\/v2\/media\/243975"}],"wp:attachment":[{"href":"https:\/\/franciscanos.org.br\/noticias\/wp-json\/wp\/v2\/media?parent=243959"}],"wp:term":[{"taxonomy":"category","embeddable":true,"href":"https:\/\/franciscanos.org.br\/noticias\/wp-json\/wp\/v2\/categories?post=243959"},{"taxonomy":"post_tag","embeddable":true,"href":"https:\/\/franciscanos.org.br\/noticias\/wp-json\/wp\/v2\/tags?post=243959"}],"curies":[{"name":"wp","href":"https:\/\/api.w.org\/{rel}","templated":true}]}}