{"id":243947,"date":"2023-07-01T21:30:39","date_gmt":"2023-07-02T00:30:39","guid":{"rendered":"https:\/\/franciscanos.org.br\/noticias\/?p=243947"},"modified":"2023-07-01T21:30:39","modified_gmt":"2023-07-02T00:30:39","slug":"querido-filho-querida-filha-tu-me-amas-e-a-pergunta-de-jesus-no-encerramento-do-triduo-da-festa-de-gaspar","status":"publish","type":"post","link":"https:\/\/franciscanos.org.br\/noticias\/querido-filho-querida-filha-tu-me-amas-e-a-pergunta-de-jesus-no-encerramento-do-triduo-da-festa-de-gaspar.html","title":{"rendered":"&#8220;Querido filho, querida filha, tu me amas?&#8221;, \u00e9 a pergunta de Jesus no encerramento do Tr\u00edduo da Festa de Gaspar"},"content":{"rendered":"<p><img loading=\"lazy\" class=\"alignnone size-full wp-image-243948\" src=\"https:\/\/franciscanos.org.br\/noticias\/wp-content\/uploads\/2023\/07\/terceiro_dia_02.jpg\" alt=\"\" width=\"1280\" height=\"720\" srcset=\"https:\/\/franciscanos.org.br\/noticias\/wp-content\/uploads\/2023\/07\/terceiro_dia_02.jpg 1280w, https:\/\/franciscanos.org.br\/noticias\/wp-content\/uploads\/2023\/07\/terceiro_dia_02-450x253.jpg 450w, https:\/\/franciscanos.org.br\/noticias\/wp-content\/uploads\/2023\/07\/terceiro_dia_02-1024x576.jpg 1024w, https:\/\/franciscanos.org.br\/noticias\/wp-content\/uploads\/2023\/07\/terceiro_dia_02-768x432.jpg 768w, https:\/\/franciscanos.org.br\/noticias\/wp-content\/uploads\/2023\/07\/terceiro_dia_02-150x84.jpg 150w\" sizes=\"(max-width: 1280px) 100vw, 1280px\" \/><\/p>\n<p><strong>Gaspar (SC)<\/strong> &#8211; Com o tema \u201cPedro, a rocha firme que inspira novas voca\u00e7\u00f5es\u201d, terminou neste s\u00e1bado (1\/07) o Tr\u00edduo preparat\u00f3rio para a Festa de S\u00e3o Pedro Ap\u00f3stolo, na cidade de Gaspar (SC). S\u00e3o 173 anos de devo\u00e7\u00e3o do povo gasparense \u00e0quele que \u00e9 uma das colunas da Igreja. Frei Jhones Lucas Martins presidiu a Celebra\u00e7\u00e3o Eucar\u00edstica, \u00e0s 19 horas, tendo como concelebrantes seus confrades Frei Pedro da Silva e Frei Aldolino Bankhardt.<\/p>\n<p>Antigamente, o evento mobilizava a cidade. Passados mais de 173 anos, a festa se perpetua ao sabor de cada \u00e9poca, desde a primeira festinha na selvagem margem esquerda do rio Itaja\u00ed, quando no dia 29 de junho de 1850, o Patrono de Gaspar recebia sua pequena e fiel comunidade, assim como a partir da primeira festa na margem direita, no dia 29 de junho de 1867, onde se encontra hoje a atual Matriz.<\/p>\n<p><img loading=\"lazy\" class=\"alignnone size-full wp-image-243949\" src=\"https:\/\/franciscanos.org.br\/noticias\/wp-content\/uploads\/2023\/07\/terceiro_dia_01.jpg\" alt=\"\" width=\"1024\" height=\"724\" srcset=\"https:\/\/franciscanos.org.br\/noticias\/wp-content\/uploads\/2023\/07\/terceiro_dia_01.jpg 1024w, https:\/\/franciscanos.org.br\/noticias\/wp-content\/uploads\/2023\/07\/terceiro_dia_01-450x318.jpg 450w, https:\/\/franciscanos.org.br\/noticias\/wp-content\/uploads\/2023\/07\/terceiro_dia_01-768x543.jpg 768w, https:\/\/franciscanos.org.br\/noticias\/wp-content\/uploads\/2023\/07\/terceiro_dia_01-150x106.jpg 150w, https:\/\/franciscanos.org.br\/noticias\/wp-content\/uploads\/2023\/07\/terceiro_dia_01-460x325.jpg 460w\" sizes=\"(max-width: 1024px) 100vw, 1024px\" \/><\/p>\n<p>A prociss\u00e3o inicial apresentou neste s\u00e1bado as Comunidades Nossa Senhora de F\u00e1tima, Santa Paulina, Santa Terezinha e S\u00e3o Jo\u00e3o Batista, al\u00e9m das Pastorais e Movimentos.<\/p>\n<p>Frei Jhones lembrou que esta Celebra\u00e7\u00e3o \u00e9 feita em forma de vig\u00edlia para a grande solenidade deste domingo.<\/p>\n<p>Na sua homilia, destacou que \u00e9 um costume, n\u00e3o s\u00f3 dos judeus, mas de todos n\u00f3s, que quando falamos o nome de uma pessoa, a gente fala o nome dela e a sua fun\u00e7\u00e3o. &#8220;Por exemplo, quando a gente fala: a Ana. Mas tem tantas Anas, ent\u00e3o qual Ana? A Ana, filha da Rita, ou a Ana, a dentista. Ent\u00e3o, algumas das vezes n\u00f3s descrevemos situando qual \u00e9 a sua miss\u00e3o&#8221;, explicou.<\/p>\n<p><img loading=\"lazy\" class=\"alignnone size-full wp-image-243950\" src=\"https:\/\/franciscanos.org.br\/noticias\/wp-content\/uploads\/2023\/07\/terceiro_dia_05.jpg\" alt=\"\" width=\"1280\" height=\"721\" srcset=\"https:\/\/franciscanos.org.br\/noticias\/wp-content\/uploads\/2023\/07\/terceiro_dia_05.jpg 1280w, https:\/\/franciscanos.org.br\/noticias\/wp-content\/uploads\/2023\/07\/terceiro_dia_05-450x253.jpg 450w, https:\/\/franciscanos.org.br\/noticias\/wp-content\/uploads\/2023\/07\/terceiro_dia_05-1024x577.jpg 1024w, https:\/\/franciscanos.org.br\/noticias\/wp-content\/uploads\/2023\/07\/terceiro_dia_05-768x433.jpg 768w, https:\/\/franciscanos.org.br\/noticias\/wp-content\/uploads\/2023\/07\/terceiro_dia_05-150x84.jpg 150w\" sizes=\"(max-width: 1280px) 100vw, 1280px\" \/><\/p>\n<p>Segundo, percebemos que na B\u00edblia tamb\u00e9m isso acontece. &#8220;Quem \u00e9 o Judas? Ah, o Iscariotes, aquele que traiu Jesus; qual Tiago? O Tiago filho de Alfeu; Tom\u00e9, que tamb\u00e9m era chamado de D\u00eddimo; Maria, mas qual Maria? A Madalena, ou seja, a que veio da cidade de Magdala. E de modo n\u00e3o muito diferente acontece tamb\u00e9m com Pedro e com Paulo, pois como sabemos, Pedro antes de ser Pedro era Sim\u00e3o; e Paulo, antes de ser Paulo, era Saulo. S\u00e3o seus nomes, Pedro e Paulo, que estamos celebrando hoje. Sim\u00e3o e Saulo s\u00e3o seus nomes. Mas Pedro e Paulo s\u00e3o a miss\u00e3o&#8221;, esclareceu.<\/p>\n<p>&#8220;Pedro \u00e9 pedra, como n\u00f3s j\u00e1 sabemos o significado. E o significado de Paulo \u00e9 &#8216;pequeno diante de Deus&#8217;. Por\u00e9m, o apelido desses dois, Sim\u00e3o e Saulo, trazem um sentido muito mais profundo que de outros ap\u00f3stolos. Por qu\u00ea? Porque quem deu estes apelidos a Sim\u00e3o e Saulo foi o pr\u00f3prio Deus. Trata-se de um sentido mais profundo&#8221;, recordou o celebrante.<\/p>\n<p><img loading=\"lazy\" class=\"alignnone size-full wp-image-243951\" src=\"https:\/\/franciscanos.org.br\/noticias\/wp-content\/uploads\/2023\/07\/terceiro_dia_06.jpg\" alt=\"\" width=\"890\" height=\"822\" srcset=\"https:\/\/franciscanos.org.br\/noticias\/wp-content\/uploads\/2023\/07\/terceiro_dia_06.jpg 890w, https:\/\/franciscanos.org.br\/noticias\/wp-content\/uploads\/2023\/07\/terceiro_dia_06-450x416.jpg 450w, https:\/\/franciscanos.org.br\/noticias\/wp-content\/uploads\/2023\/07\/terceiro_dia_06-768x709.jpg 768w, https:\/\/franciscanos.org.br\/noticias\/wp-content\/uploads\/2023\/07\/terceiro_dia_06-150x139.jpg 150w\" sizes=\"(max-width: 890px) 100vw, 890px\" \/><\/p>\n<p>Paulo &#8211; ressaltou Frei Jhones -, o pequeno diante de Deus, conforme n\u00f3s ouvimos na segunda leitura, &#8220;mostra a sua pequenez dizendo: &#8216;O Evangelho pregado por mim n\u00e3o \u00e9 meu, mas de Jesus Cristo&#8217;. Paulo \u00e9 aquele pequeno de Deus, \u00e9 aquele que se encolhe diante da grandeza de Deus. Paulo se esconde em Cristo. Por isso que ele diz em outra passagem: &#8216;J\u00e1 n\u00e3o sou eu que vivo, mas \u00e9 Cristo que vive em mim'&#8221;, recordou.<\/p>\n<p>Frei Jhones continuou a leitura e lembrou que Saulo vai dizer que desde o ventre materno Deus j\u00e1 o havia preparado para esta miss\u00e3o. &#8220;Desde antes de Paulo ser Paulo, Deus chamou, primeiro, Saulo dentro do ventre materno, conforme ouvimos na primeira leitura. Saulo j\u00e1 tinha sido consagrado desde o ventre de sua m\u00e3e e todos n\u00f3s nascemos tamb\u00e9m com o nosso pr\u00f3prio nome e Deus tamb\u00e9m j\u00e1 nos consagra no ventre da nossa m\u00e3e&#8221;, indicou.<\/p>\n<p><img loading=\"lazy\" class=\"alignnone size-full wp-image-243952\" src=\"https:\/\/franciscanos.org.br\/noticias\/wp-content\/uploads\/2023\/07\/terceiro_dia_04.jpg\" alt=\"\" width=\"1280\" height=\"720\" srcset=\"https:\/\/franciscanos.org.br\/noticias\/wp-content\/uploads\/2023\/07\/terceiro_dia_04.jpg 1280w, https:\/\/franciscanos.org.br\/noticias\/wp-content\/uploads\/2023\/07\/terceiro_dia_04-450x253.jpg 450w, https:\/\/franciscanos.org.br\/noticias\/wp-content\/uploads\/2023\/07\/terceiro_dia_04-1024x576.jpg 1024w, https:\/\/franciscanos.org.br\/noticias\/wp-content\/uploads\/2023\/07\/terceiro_dia_04-768x432.jpg 768w, https:\/\/franciscanos.org.br\/noticias\/wp-content\/uploads\/2023\/07\/terceiro_dia_04-150x84.jpg 150w\" sizes=\"(max-width: 1280px) 100vw, 1280px\" \/><\/p>\n<p>&#8220;E, ao longo dos anos da nossa caminhada, n\u00f3s tamb\u00e9m vamos recebendo alguns outros apelidos depois dessa consagra\u00e7\u00e3o. Quem \u00e9 a Anitta? \u00c9 a da catequese. A Rosane dos Coroinhas. E assim vamos recebemos apelidos dentro da Igreja, descri\u00e7\u00f5es que v\u00e3o nos ajudando a compreender qual \u00e9 bem a nossa participa\u00e7\u00e3o e a nossa miss\u00e3o dentro da Igreja. At\u00e9 que chega um dia que n\u00f3s queremos receber o melhor de todos os apelidos que n\u00e3o \u00e9 dado por Deus: o apelido de santo.\u00a0Queremos ser santos&#8221;, observou.<\/p>\n<p>Mas segundo o pregador, de modo especial, hoje \u00e9 dia de falar de S\u00e3o Pedro, o Padroeiro da Par\u00f3quia e da cidade. &#8220;S\u00f3 que antes de ser S\u00e3o Pedro, ele era Sim\u00e3o, o primeiro disc\u00edpulo de Jesus. Quando Jesus o chama, ele troca de nome justamente para marcar o in\u00edcio do chamado de Jesus aos demais ap\u00f3stolos. \u00a0Ele foi t\u00e3o importante por ser o primeiro, que Jesus ent\u00e3o trocou seu nome e deu-lhe a grande miss\u00e3o de ser pedra. Afinal, ele era o primeiro&#8221;, enfatizou.<\/p>\n<p><img loading=\"lazy\" class=\"alignnone size-full wp-image-243953\" src=\"https:\/\/franciscanos.org.br\/noticias\/wp-content\/uploads\/2023\/07\/terceiro_dia_03.jpg\" alt=\"\" width=\"1280\" height=\"720\" srcset=\"https:\/\/franciscanos.org.br\/noticias\/wp-content\/uploads\/2023\/07\/terceiro_dia_03.jpg 1280w, https:\/\/franciscanos.org.br\/noticias\/wp-content\/uploads\/2023\/07\/terceiro_dia_03-450x253.jpg 450w, https:\/\/franciscanos.org.br\/noticias\/wp-content\/uploads\/2023\/07\/terceiro_dia_03-1024x576.jpg 1024w, https:\/\/franciscanos.org.br\/noticias\/wp-content\/uploads\/2023\/07\/terceiro_dia_03-768x432.jpg 768w, https:\/\/franciscanos.org.br\/noticias\/wp-content\/uploads\/2023\/07\/terceiro_dia_03-150x84.jpg 150w\" sizes=\"(max-width: 1280px) 100vw, 1280px\" \/><\/p>\n<p>&#8220;Jesus olhou para Sim\u00e3o e Jesus olha para cada um de n\u00f3s. Ele nos chama. Estamos no Ano Vocacional e todo esse Tr\u00edduo n\u00f3s falamos sobre a quest\u00e3o vocacional. Quem \u00e9 chamado \u00e9 porque primeiro Jesus olhou. Primeiro Deus olhou e ent\u00e3o Cristo chamou. Todos somos chamados a olhar para Jesus, afinal fomos olhados por Ele. E n\u00f3s j\u00e1 sentimos o olhar de Cristo sobre n\u00f3s, da mesma maneira que Pedro tamb\u00e9m sentiu neste chamado&#8221;, destacou. O tema desta Festa \u00e9 &#8220;Com S\u00e3o Pedro inspirando voca\u00e7\u00f5es&#8221;, tendo como base o Ano Vocacional na Igreja do Brasil.<\/p>\n<p>Ele terminou a sua homilia dizendo que que Sim\u00e3o\/ Pedro e Saulo\/Paulo foram olhados pelo amor de Deus. &#8220;Eles foram olhados por esse amor de Deus e este amor tocou tanto que eles trocaram de nomes&#8221;, assinalou.<\/p>\n<p><img loading=\"lazy\" class=\"alignnone size-full wp-image-243956\" src=\"https:\/\/franciscanos.org.br\/noticias\/wp-content\/uploads\/2023\/07\/terceiro_dia_09.jpg\" alt=\"\" width=\"890\" height=\"1187\" srcset=\"https:\/\/franciscanos.org.br\/noticias\/wp-content\/uploads\/2023\/07\/terceiro_dia_09.jpg 810w, https:\/\/franciscanos.org.br\/noticias\/wp-content\/uploads\/2023\/07\/terceiro_dia_09-337x450.jpg 337w, https:\/\/franciscanos.org.br\/noticias\/wp-content\/uploads\/2023\/07\/terceiro_dia_09-768x1024.jpg 768w, https:\/\/franciscanos.org.br\/noticias\/wp-content\/uploads\/2023\/07\/terceiro_dia_09-150x200.jpg 150w\" sizes=\"(max-width: 890px) 100vw, 890px\" \/><\/p>\n<p>&#8220;A Eucaristia \u00e9 o mais pr\u00f3ximo que podemos chegar de Cristo aqui na terra, segundo o Arcebispo Dom Fulton Sheen. Deste modo, ao olharmos para a Eucaristia, n\u00f3s conseguimos sentir profundamente o olhar de Cristo na nossa vida. Todas as vezes que o sacerdote levanta a Eucaristia, e todos n\u00f3s aqui dentro dessa igreja olhamos para esta Eucaristia, \u00e9 o pr\u00f3prio Jesus dizendo para cada um de n\u00f3s: &#8216;Querido filho, querida filha, tu me amas?&#8217; E qual \u00e9 a tua resposta? A cada vez que se levanta a Eucaristia essa pergunta que foi feita a Pedro \u00e9 feita a n\u00f3s. E a\u00ed n\u00f3s respondemos com aquilo que \u00e9 a nossa miss\u00e3o: sendo um bom pai, uma boa m\u00e3e, um bom batizado, um bom frei, uma boa irm\u00e3, um bom catequista e a\u00ed vamos respondendo a partir daquilo que n\u00f3s somos. At\u00e9 o dia quando chegarmos, como diz S\u00e3o Paulo, \u00e0 coroa da vit\u00f3ria&#8221;, concluiu.<\/p>\n<p><img loading=\"lazy\" class=\"alignnone size-full wp-image-243954\" src=\"https:\/\/franciscanos.org.br\/noticias\/wp-content\/uploads\/2023\/07\/terceiro_dia_07.jpg\" alt=\"\" width=\"1280\" height=\"960\" srcset=\"https:\/\/franciscanos.org.br\/noticias\/wp-content\/uploads\/2023\/07\/terceiro_dia_07.jpg 1280w, https:\/\/franciscanos.org.br\/noticias\/wp-content\/uploads\/2023\/07\/terceiro_dia_07-450x338.jpg 450w, https:\/\/franciscanos.org.br\/noticias\/wp-content\/uploads\/2023\/07\/terceiro_dia_07-1024x768.jpg 1024w, https:\/\/franciscanos.org.br\/noticias\/wp-content\/uploads\/2023\/07\/terceiro_dia_07-768x576.jpg 768w, https:\/\/franciscanos.org.br\/noticias\/wp-content\/uploads\/2023\/07\/terceiro_dia_07-150x113.jpg 150w, https:\/\/franciscanos.org.br\/noticias\/wp-content\/uploads\/2023\/07\/terceiro_dia_07-600x450.jpg 600w\" sizes=\"(max-width: 1280px) 100vw, 1280px\" \/><\/p>\n<p><strong>MISSA DA CATEQUESE<\/strong><\/p>\n<p>Na tarde deste s\u00e1bado (01), a Igreja Matriz S\u00e3o Pedro Ap\u00f3stolo ficou lotada para a Missa da Catequese. Crian\u00e7as, adolescentes, catequistas e a comunidade celebraram juntos o Padroeiro. O som que ressoava na voz do povo ao cantar a proposta: \u201cQuem \u00e9 que vai nesta barca de Jesus? Quem \u00e9 que vai?\u201d, deu o tom e a beleza da celebra\u00e7\u00e3o.<\/p>\n<p>O p\u00e1roco, Frei Pedro da Silva, presidiu a Celebra\u00e7\u00e3o Eucar\u00edstica e acolheu, antes do in\u00edcio da celebra\u00e7\u00e3o, com muita alegria, todas as crian\u00e7as, catequistas, pais e familiares que vieram celebrar juntos em mais este dia de festa.<\/p>\n<p><img loading=\"lazy\" class=\"alignnone size-full wp-image-243955\" src=\"https:\/\/franciscanos.org.br\/noticias\/wp-content\/uploads\/2023\/07\/terceiro_dia_08.jpg\" alt=\"\" width=\"1280\" height=\"960\" srcset=\"https:\/\/franciscanos.org.br\/noticias\/wp-content\/uploads\/2023\/07\/terceiro_dia_08.jpg 1280w, https:\/\/franciscanos.org.br\/noticias\/wp-content\/uploads\/2023\/07\/terceiro_dia_08-450x338.jpg 450w, https:\/\/franciscanos.org.br\/noticias\/wp-content\/uploads\/2023\/07\/terceiro_dia_08-1024x768.jpg 1024w, https:\/\/franciscanos.org.br\/noticias\/wp-content\/uploads\/2023\/07\/terceiro_dia_08-768x576.jpg 768w, https:\/\/franciscanos.org.br\/noticias\/wp-content\/uploads\/2023\/07\/terceiro_dia_08-150x113.jpg 150w, https:\/\/franciscanos.org.br\/noticias\/wp-content\/uploads\/2023\/07\/terceiro_dia_08-600x450.jpg 600w\" sizes=\"(max-width: 1280px) 100vw, 1280px\" \/><\/p>\n<p>Na festa popular, a programa\u00e7\u00e3o come\u00e7ou cedo. No caf\u00e9 da manh\u00e3 j\u00e1 se podia saborear as del\u00edcias da festa: sonho, bolo, pastel e caf\u00e9. J\u00e1 \u00e0s 11h, o tradicional churrasco e o completo servi\u00e7o de bar e cozinha come\u00e7aram a ser vendidos. \u00c0s 17h, juntou-se ao churrasco a roda da fortuna, pescaria, pinh\u00e3o e bingo. E \u00e0s 20h, come\u00e7ou a roda dos animais.<\/p>\n<p>Neste domingo, \u00e0s 9 horas, a Missa Solene ser\u00e1 presidida pelo Definidor Provincial, Frei Daniel Dellandrea, e ter\u00e1 a presen\u00e7a do Vig\u00e1rio Provincial, Frei Gustavo Medella. &#8220;Ambos j\u00e1 foram pregadores em outras festas nesta Par\u00f3quia&#8221;, lembrou Frei Pedro.<\/p>\n<p><img loading=\"lazy\" class=\"alignnone size-full wp-image-243957\" src=\"https:\/\/franciscanos.org.br\/noticias\/wp-content\/uploads\/2023\/07\/terceiro_dia_10.jpg\" alt=\"\" width=\"1280\" height=\"831\" srcset=\"https:\/\/franciscanos.org.br\/noticias\/wp-content\/uploads\/2023\/07\/terceiro_dia_10.jpg 1280w, https:\/\/franciscanos.org.br\/noticias\/wp-content\/uploads\/2023\/07\/terceiro_dia_10-450x292.jpg 450w, https:\/\/franciscanos.org.br\/noticias\/wp-content\/uploads\/2023\/07\/terceiro_dia_10-1024x665.jpg 1024w, https:\/\/franciscanos.org.br\/noticias\/wp-content\/uploads\/2023\/07\/terceiro_dia_10-768x499.jpg 768w, https:\/\/franciscanos.org.br\/noticias\/wp-content\/uploads\/2023\/07\/terceiro_dia_10-150x97.jpg 150w\" sizes=\"(max-width: 1280px) 100vw, 1280px\" \/><\/p>\n<p>No final do Tr\u00edduo, o p\u00e1roco fez um agradecimento a todo povo gasparense, \u00e0s lideran\u00e7as, movimentos, pastorais, entidades, servi\u00e7os, enfim todas as pessoas de boa vontade, que se envolveram tanto na parte lit\u00fargica como na parte recreativa. &#8220;Somente podemos dizer: &#8216;Deus lhes pague!'&#8221;<\/p>\n<hr \/>\n<p><em>Pascom da Par\u00f3quia S\u00e3o Pedro (Vicente Freitas Costa, Rom\u00e1rio Alves e Moacir Beggo)<\/em><\/p>\n","protected":false},"excerpt":{"rendered":"<p>Encerramento do Tr\u00edduo Preparat\u00f3rio para a Festa de S\u00e3o Pedro<\/p>\n","protected":false},"author":3,"featured_media":243948,"comment_status":"open","ping_status":"open","sticky":false,"template":"","format":"standard","meta":[],"categories":[1],"tags":[2040],"acf":[],"yoast_head":"<!-- This site is optimized with the Yoast SEO plugin v19.2 - https:\/\/yoast.com\/wordpress\/plugins\/seo\/ -->\n<title>&quot;Querido filho, querida filha, tu me amas?&quot;, \u00e9 a pergunta de Jesus no encerramento do Tr\u00edduo da Festa de Gaspar - Not\u00edcias - Franciscanos<\/title>\n<meta name=\"robots\" content=\"index, follow, max-snippet:-1, max-image-preview:large, max-video-preview:-1\" \/>\n<link rel=\"canonical\" href=\"https:\/\/franciscanos.org.br\/noticias\/querido-filho-querida-filha-tu-me-amas-e-a-pergunta-de-jesus-no-encerramento-do-triduo-da-festa-de-gaspar.html\" \/>\n<meta property=\"og:locale\" content=\"pt_BR\" \/>\n<meta property=\"og:type\" content=\"article\" \/>\n<meta property=\"og:title\" content=\"&quot;Querido filho, querida filha, tu me amas?&quot;, \u00e9 a pergunta de Jesus no encerramento do Tr\u00edduo da Festa de Gaspar - Not\u00edcias - Franciscanos\" \/>\n<meta property=\"og:description\" content=\"Encerramento do Tr\u00edduo Preparat\u00f3rio para a Festa de S\u00e3o Pedro\" \/>\n<meta property=\"og:url\" content=\"https:\/\/franciscanos.org.br\/noticias\/querido-filho-querida-filha-tu-me-amas-e-a-pergunta-de-jesus-no-encerramento-do-triduo-da-festa-de-gaspar.html\" \/>\n<meta property=\"og:site_name\" content=\"Not\u00edcias - Franciscanos\" \/>\n<meta property=\"article:published_time\" content=\"2023-07-02T00:30:39+00:00\" \/>\n<meta property=\"og:image\" content=\"https:\/\/franciscanos.org.br\/noticias\/wp-content\/uploads\/2023\/07\/terceiro_dia_02.jpg\" \/>\n\t<meta property=\"og:image:width\" content=\"1280\" \/>\n\t<meta property=\"og:image:height\" content=\"720\" \/>\n\t<meta property=\"og:image:type\" content=\"image\/jpeg\" \/>\n<meta name=\"author\" content=\"moacir\" \/>\n<meta name=\"twitter:card\" content=\"summary_large_image\" \/>\n<meta name=\"twitter:label1\" content=\"Escrito por\" \/>\n\t<meta name=\"twitter:data1\" content=\"moacir\" \/>\n\t<meta name=\"twitter:label2\" content=\"Est. tempo de leitura\" \/>\n\t<meta name=\"twitter:data2\" content=\"7 minutos\" \/>\n<script type=\"application\/ld+json\" class=\"yoast-schema-graph\">{\"@context\":\"https:\/\/schema.org\",\"@graph\":[{\"@type\":\"WebSite\",\"@id\":\"https:\/\/franciscanos.org.br\/noticias\/#website\",\"url\":\"https:\/\/franciscanos.org.br\/noticias\/\",\"name\":\"Not\u00edcias - Franciscanos\",\"description\":\"Prov\u00edncia Franciscana da Imaculada Concei\u00e7\u00e3o do Brasil - Ordem dos Frades Menores - OFM\",\"potentialAction\":[{\"@type\":\"SearchAction\",\"target\":{\"@type\":\"EntryPoint\",\"urlTemplate\":\"https:\/\/franciscanos.org.br\/noticias\/?s={search_term_string}\"},\"query-input\":\"required name=search_term_string\"}],\"inLanguage\":\"pt-BR\"},{\"@type\":\"ImageObject\",\"inLanguage\":\"pt-BR\",\"@id\":\"https:\/\/franciscanos.org.br\/noticias\/querido-filho-querida-filha-tu-me-amas-e-a-pergunta-de-jesus-no-encerramento-do-triduo-da-festa-de-gaspar.html#primaryimage\",\"url\":\"https:\/\/franciscanos.org.br\/noticias\/wp-content\/uploads\/2023\/07\/terceiro_dia_02.jpg\",\"contentUrl\":\"https:\/\/franciscanos.org.br\/noticias\/wp-content\/uploads\/2023\/07\/terceiro_dia_02.jpg\",\"width\":1280,\"height\":720},{\"@type\":\"WebPage\",\"@id\":\"https:\/\/franciscanos.org.br\/noticias\/querido-filho-querida-filha-tu-me-amas-e-a-pergunta-de-jesus-no-encerramento-do-triduo-da-festa-de-gaspar.html#webpage\",\"url\":\"https:\/\/franciscanos.org.br\/noticias\/querido-filho-querida-filha-tu-me-amas-e-a-pergunta-de-jesus-no-encerramento-do-triduo-da-festa-de-gaspar.html\",\"name\":\"\\\"Querido filho, querida filha, tu me amas?\\\", \u00e9 a pergunta de Jesus no encerramento do Tr\u00edduo da Festa de Gaspar - Not\u00edcias - Franciscanos\",\"isPartOf\":{\"@id\":\"https:\/\/franciscanos.org.br\/noticias\/#website\"},\"primaryImageOfPage\":{\"@id\":\"https:\/\/franciscanos.org.br\/noticias\/querido-filho-querida-filha-tu-me-amas-e-a-pergunta-de-jesus-no-encerramento-do-triduo-da-festa-de-gaspar.html#primaryimage\"},\"datePublished\":\"2023-07-02T00:30:39+00:00\",\"dateModified\":\"2023-07-02T00:30:39+00:00\",\"author\":{\"@id\":\"https:\/\/franciscanos.org.br\/noticias\/#\/schema\/person\/b5c8cba458c330ccff548b056e95a5d4\"},\"breadcrumb\":{\"@id\":\"https:\/\/franciscanos.org.br\/noticias\/querido-filho-querida-filha-tu-me-amas-e-a-pergunta-de-jesus-no-encerramento-do-triduo-da-festa-de-gaspar.html#breadcrumb\"},\"inLanguage\":\"pt-BR\",\"potentialAction\":[{\"@type\":\"ReadAction\",\"target\":[\"https:\/\/franciscanos.org.br\/noticias\/querido-filho-querida-filha-tu-me-amas-e-a-pergunta-de-jesus-no-encerramento-do-triduo-da-festa-de-gaspar.html\"]}]},{\"@type\":\"BreadcrumbList\",\"@id\":\"https:\/\/franciscanos.org.br\/noticias\/querido-filho-querida-filha-tu-me-amas-e-a-pergunta-de-jesus-no-encerramento-do-triduo-da-festa-de-gaspar.html#breadcrumb\",\"itemListElement\":[{\"@type\":\"ListItem\",\"position\":1,\"name\":\"Home\",\"item\":\"https:\/\/franciscanos.org.br\/noticias\"},{\"@type\":\"ListItem\",\"position\":2,\"name\":\"&#8220;Querido filho, querida filha, tu me amas?&#8221;, \u00e9 a pergunta de Jesus no encerramento do Tr\u00edduo da Festa de Gaspar\"}]},{\"@type\":\"Person\",\"@id\":\"https:\/\/franciscanos.org.br\/noticias\/#\/schema\/person\/b5c8cba458c330ccff548b056e95a5d4\",\"name\":\"moacir\",\"image\":{\"@type\":\"ImageObject\",\"inLanguage\":\"pt-BR\",\"@id\":\"https:\/\/franciscanos.org.br\/noticias\/#\/schema\/person\/image\/\",\"url\":\"https:\/\/secure.gravatar.com\/avatar\/d08aa2ce4c8dd416d4479aa8536fcf64?s=96&d=mm&r=g\",\"contentUrl\":\"https:\/\/secure.gravatar.com\/avatar\/d08aa2ce4c8dd416d4479aa8536fcf64?s=96&d=mm&r=g\",\"caption\":\"moacir\"},\"url\":\"https:\/\/franciscanos.org.br\/noticias\/author\/moacir\"}]}<\/script>\n<!-- \/ Yoast SEO plugin. -->","yoast_head_json":{"title":"\"Querido filho, querida filha, tu me amas?\", \u00e9 a pergunta de Jesus no encerramento do Tr\u00edduo da Festa de Gaspar - Not\u00edcias - Franciscanos","robots":{"index":"index","follow":"follow","max-snippet":"max-snippet:-1","max-image-preview":"max-image-preview:large","max-video-preview":"max-video-preview:-1"},"canonical":"https:\/\/franciscanos.org.br\/noticias\/querido-filho-querida-filha-tu-me-amas-e-a-pergunta-de-jesus-no-encerramento-do-triduo-da-festa-de-gaspar.html","og_locale":"pt_BR","og_type":"article","og_title":"\"Querido filho, querida filha, tu me amas?\", \u00e9 a pergunta de Jesus no encerramento do Tr\u00edduo da Festa de Gaspar - Not\u00edcias - Franciscanos","og_description":"Encerramento do Tr\u00edduo Preparat\u00f3rio para a Festa de S\u00e3o Pedro","og_url":"https:\/\/franciscanos.org.br\/noticias\/querido-filho-querida-filha-tu-me-amas-e-a-pergunta-de-jesus-no-encerramento-do-triduo-da-festa-de-gaspar.html","og_site_name":"Not\u00edcias - Franciscanos","article_published_time":"2023-07-02T00:30:39+00:00","og_image":[{"width":1280,"height":720,"url":"https:\/\/franciscanos.org.br\/noticias\/wp-content\/uploads\/2023\/07\/terceiro_dia_02.jpg","type":"image\/jpeg"}],"author":"moacir","twitter_card":"summary_large_image","twitter_misc":{"Escrito por":"moacir","Est. tempo de leitura":"7 minutos"},"schema":{"@context":"https:\/\/schema.org","@graph":[{"@type":"WebSite","@id":"https:\/\/franciscanos.org.br\/noticias\/#website","url":"https:\/\/franciscanos.org.br\/noticias\/","name":"Not\u00edcias - Franciscanos","description":"Prov\u00edncia Franciscana da Imaculada Concei\u00e7\u00e3o do Brasil - Ordem dos Frades Menores - OFM","potentialAction":[{"@type":"SearchAction","target":{"@type":"EntryPoint","urlTemplate":"https:\/\/franciscanos.org.br\/noticias\/?s={search_term_string}"},"query-input":"required name=search_term_string"}],"inLanguage":"pt-BR"},{"@type":"ImageObject","inLanguage":"pt-BR","@id":"https:\/\/franciscanos.org.br\/noticias\/querido-filho-querida-filha-tu-me-amas-e-a-pergunta-de-jesus-no-encerramento-do-triduo-da-festa-de-gaspar.html#primaryimage","url":"https:\/\/franciscanos.org.br\/noticias\/wp-content\/uploads\/2023\/07\/terceiro_dia_02.jpg","contentUrl":"https:\/\/franciscanos.org.br\/noticias\/wp-content\/uploads\/2023\/07\/terceiro_dia_02.jpg","width":1280,"height":720},{"@type":"WebPage","@id":"https:\/\/franciscanos.org.br\/noticias\/querido-filho-querida-filha-tu-me-amas-e-a-pergunta-de-jesus-no-encerramento-do-triduo-da-festa-de-gaspar.html#webpage","url":"https:\/\/franciscanos.org.br\/noticias\/querido-filho-querida-filha-tu-me-amas-e-a-pergunta-de-jesus-no-encerramento-do-triduo-da-festa-de-gaspar.html","name":"\"Querido filho, querida filha, tu me amas?\", \u00e9 a pergunta de Jesus no encerramento do Tr\u00edduo da Festa de Gaspar - Not\u00edcias - Franciscanos","isPartOf":{"@id":"https:\/\/franciscanos.org.br\/noticias\/#website"},"primaryImageOfPage":{"@id":"https:\/\/franciscanos.org.br\/noticias\/querido-filho-querida-filha-tu-me-amas-e-a-pergunta-de-jesus-no-encerramento-do-triduo-da-festa-de-gaspar.html#primaryimage"},"datePublished":"2023-07-02T00:30:39+00:00","dateModified":"2023-07-02T00:30:39+00:00","author":{"@id":"https:\/\/franciscanos.org.br\/noticias\/#\/schema\/person\/b5c8cba458c330ccff548b056e95a5d4"},"breadcrumb":{"@id":"https:\/\/franciscanos.org.br\/noticias\/querido-filho-querida-filha-tu-me-amas-e-a-pergunta-de-jesus-no-encerramento-do-triduo-da-festa-de-gaspar.html#breadcrumb"},"inLanguage":"pt-BR","potentialAction":[{"@type":"ReadAction","target":["https:\/\/franciscanos.org.br\/noticias\/querido-filho-querida-filha-tu-me-amas-e-a-pergunta-de-jesus-no-encerramento-do-triduo-da-festa-de-gaspar.html"]}]},{"@type":"BreadcrumbList","@id":"https:\/\/franciscanos.org.br\/noticias\/querido-filho-querida-filha-tu-me-amas-e-a-pergunta-de-jesus-no-encerramento-do-triduo-da-festa-de-gaspar.html#breadcrumb","itemListElement":[{"@type":"ListItem","position":1,"name":"Home","item":"https:\/\/franciscanos.org.br\/noticias"},{"@type":"ListItem","position":2,"name":"&#8220;Querido filho, querida filha, tu me amas?&#8221;, \u00e9 a pergunta de Jesus no encerramento do Tr\u00edduo da Festa de Gaspar"}]},{"@type":"Person","@id":"https:\/\/franciscanos.org.br\/noticias\/#\/schema\/person\/b5c8cba458c330ccff548b056e95a5d4","name":"moacir","image":{"@type":"ImageObject","inLanguage":"pt-BR","@id":"https:\/\/franciscanos.org.br\/noticias\/#\/schema\/person\/image\/","url":"https:\/\/secure.gravatar.com\/avatar\/d08aa2ce4c8dd416d4479aa8536fcf64?s=96&d=mm&r=g","contentUrl":"https:\/\/secure.gravatar.com\/avatar\/d08aa2ce4c8dd416d4479aa8536fcf64?s=96&d=mm&r=g","caption":"moacir"},"url":"https:\/\/franciscanos.org.br\/noticias\/author\/moacir"}]}},"_links":{"self":[{"href":"https:\/\/franciscanos.org.br\/noticias\/wp-json\/wp\/v2\/posts\/243947"}],"collection":[{"href":"https:\/\/franciscanos.org.br\/noticias\/wp-json\/wp\/v2\/posts"}],"about":[{"href":"https:\/\/franciscanos.org.br\/noticias\/wp-json\/wp\/v2\/types\/post"}],"author":[{"embeddable":true,"href":"https:\/\/franciscanos.org.br\/noticias\/wp-json\/wp\/v2\/users\/3"}],"replies":[{"embeddable":true,"href":"https:\/\/franciscanos.org.br\/noticias\/wp-json\/wp\/v2\/comments?post=243947"}],"version-history":[{"count":1,"href":"https:\/\/franciscanos.org.br\/noticias\/wp-json\/wp\/v2\/posts\/243947\/revisions"}],"predecessor-version":[{"id":243958,"href":"https:\/\/franciscanos.org.br\/noticias\/wp-json\/wp\/v2\/posts\/243947\/revisions\/243958"}],"wp:featuredmedia":[{"embeddable":true,"href":"https:\/\/franciscanos.org.br\/noticias\/wp-json\/wp\/v2\/media\/243948"}],"wp:attachment":[{"href":"https:\/\/franciscanos.org.br\/noticias\/wp-json\/wp\/v2\/media?parent=243947"}],"wp:term":[{"taxonomy":"category","embeddable":true,"href":"https:\/\/franciscanos.org.br\/noticias\/wp-json\/wp\/v2\/categories?post=243947"},{"taxonomy":"post_tag","embeddable":true,"href":"https:\/\/franciscanos.org.br\/noticias\/wp-json\/wp\/v2\/tags?post=243947"}],"curies":[{"name":"wp","href":"https:\/\/api.w.org\/{rel}","templated":true}]}}