{"id":243928,"date":"2023-06-30T21:19:33","date_gmt":"2023-07-01T00:19:33","guid":{"rendered":"https:\/\/franciscanos.org.br\/noticias\/?p=243928"},"modified":"2023-07-01T18:38:20","modified_gmt":"2023-07-01T21:38:20","slug":"aprendamos-com-o-sim-generoso-de-sao-pedro-diz-frei-aldolino","status":"publish","type":"post","link":"https:\/\/franciscanos.org.br\/noticias\/aprendamos-com-o-sim-generoso-de-sao-pedro-diz-frei-aldolino.html","title":{"rendered":"Aprendamos com o &#8216;sim&#8217; generoso de S\u00e3o Pedro, pede Frei Aldolino"},"content":{"rendered":"<p><img loading=\"lazy\" class=\"alignnone size-full wp-image-243929\" src=\"https:\/\/franciscanos.org.br\/noticias\/wp-content\/uploads\/2023\/06\/segundodia_02-1.jpg\" alt=\"\" width=\"1280\" height=\"720\" srcset=\"https:\/\/franciscanos.org.br\/noticias\/wp-content\/uploads\/2023\/06\/segundodia_02-1.jpg 1280w, https:\/\/franciscanos.org.br\/noticias\/wp-content\/uploads\/2023\/06\/segundodia_02-1-450x253.jpg 450w, https:\/\/franciscanos.org.br\/noticias\/wp-content\/uploads\/2023\/06\/segundodia_02-1-1024x576.jpg 1024w, https:\/\/franciscanos.org.br\/noticias\/wp-content\/uploads\/2023\/06\/segundodia_02-1-768x432.jpg 768w, https:\/\/franciscanos.org.br\/noticias\/wp-content\/uploads\/2023\/06\/segundodia_02-1-150x84.jpg 150w\" sizes=\"(max-width: 1280px) 100vw, 1280px\" \/><\/p>\n<p><strong>Gaspar (SC)<\/strong> &#8211; Com o tema \u201cPedro e os Ap\u00f3stolos, de p\u00e9s a caminho, v\u00e3o ao encontro dos irm\u00e3os\u201d, a 173\u00aa Festa de S\u00e3o Pedro Ap\u00f3stolo, na cidade de Gaspar (SC), chegou, nesta sexta-feira (30\/6), ao segundo dia do Tr\u00edduo preparat\u00f3rio para a grande solenidade neste domingo.\u00a0 Frei Aldolino Bankhardt presidiu a Celebra\u00e7\u00e3o Eucar\u00edstica, \u00e0s 19 horas, tendo como concelebrantes Frei Jhones Lucas Martins e Frei Pedro da Silva.<\/p>\n<p>Participaram deste 2\u00ba dia do Tr\u00edduo as Comunidades Santa Clara, Santo Ant\u00f4nio, Bom Jesus, S\u00e3o Crist\u00f3v\u00e3o, Santa Rita de C\u00e1ssia e Virgem de Nazar\u00e9.<\/p>\n<p><img loading=\"lazy\" class=\"alignnone wp-image-243932 size-full\" src=\"https:\/\/franciscanos.org.br\/noticias\/wp-content\/uploads\/2023\/06\/segundodia_04-1.jpg\" alt=\"\" width=\"890\" height=\"357\" srcset=\"https:\/\/franciscanos.org.br\/noticias\/wp-content\/uploads\/2023\/06\/segundodia_04-1.jpg 890w, https:\/\/franciscanos.org.br\/noticias\/wp-content\/uploads\/2023\/06\/segundodia_04-1-450x181.jpg 450w, https:\/\/franciscanos.org.br\/noticias\/wp-content\/uploads\/2023\/06\/segundodia_04-1-768x308.jpg 768w, https:\/\/franciscanos.org.br\/noticias\/wp-content\/uploads\/2023\/06\/segundodia_04-1-150x60.jpg 150w\" sizes=\"(max-width: 890px) 100vw, 890px\" \/><\/p>\n<p>Segundo Frei Aldolino, celebrar o Padroeiro de uma Par\u00f3quia, de uma comunidade, celebrar a vida de qualquer santo, significa em tr\u00eas aspectos, como nos ensina a Igreja, a venera\u00e7\u00e3o aos santos, como n\u00f3s aprendemos no pref\u00e1cio da Missa dos santos.<\/p>\n<p>O primeiro aspecto, diz o pref\u00e1cio: &#8216;Na assembleia dos santos, v\u00f3s sois glorificados e, coroando seus m\u00e9ritos, exaltais vossos pr\u00f3prios dons&#8217;. Nossa primeira inten\u00e7\u00e3o com o Tr\u00edduo, com toda essa Festa do Padroeiro \u00e9 agradecer a Deus pela voca\u00e7\u00e3o e pela vida do nosso Padroeiro S\u00e3o Pedro. Por qu\u00ea? Porque \u00e9 a base da voca\u00e7\u00e3o. \u00c9 um dom de Deus. Queremos agradecer e j\u00e1 viemos fazendo isso todos esses dias. Agradecer a Deus, a vida, a voca\u00e7\u00e3o, S\u00e3o Pedro que nos inspira com seu exemplo, com seu seguimento a Jesus&#8221;, explicou o celebrante.<\/p>\n<p><img loading=\"lazy\" class=\"alignnone size-full wp-image-243941\" src=\"https:\/\/franciscanos.org.br\/noticias\/wp-content\/uploads\/2023\/06\/segundo_03.jpg\" alt=\"\" width=\"1280\" height=\"721\" srcset=\"https:\/\/franciscanos.org.br\/noticias\/wp-content\/uploads\/2023\/06\/segundo_03.jpg 1280w, https:\/\/franciscanos.org.br\/noticias\/wp-content\/uploads\/2023\/06\/segundo_03-450x253.jpg 450w, https:\/\/franciscanos.org.br\/noticias\/wp-content\/uploads\/2023\/06\/segundo_03-1024x577.jpg 1024w, https:\/\/franciscanos.org.br\/noticias\/wp-content\/uploads\/2023\/06\/segundo_03-768x433.jpg 768w, https:\/\/franciscanos.org.br\/noticias\/wp-content\/uploads\/2023\/06\/segundo_03-150x84.jpg 150w\" sizes=\"(max-width: 1280px) 100vw, 1280px\" \/><\/p>\n<p><img loading=\"lazy\" class=\"alignnone wp-image-243931 size-full\" src=\"https:\/\/franciscanos.org.br\/noticias\/wp-content\/uploads\/2023\/06\/segundodia_05-1.jpg\" alt=\"\" width=\"890\" height=\"514\" srcset=\"https:\/\/franciscanos.org.br\/noticias\/wp-content\/uploads\/2023\/06\/segundodia_05-1.jpg 890w, https:\/\/franciscanos.org.br\/noticias\/wp-content\/uploads\/2023\/06\/segundodia_05-1-450x260.jpg 450w, https:\/\/franciscanos.org.br\/noticias\/wp-content\/uploads\/2023\/06\/segundodia_05-1-768x444.jpg 768w, https:\/\/franciscanos.org.br\/noticias\/wp-content\/uploads\/2023\/06\/segundodia_05-1-150x87.jpg 150w\" sizes=\"(max-width: 890px) 100vw, 890px\" \/><\/p>\n<p>Para ele, no domingo, a Missa solene ter\u00e1 bastante esse aspecto de a\u00e7\u00e3o de gra\u00e7as.<\/p>\n<p>Em segundo lugar, disse Frei Aldolino, \u00e9 olhar para os santos e exaltar os seus m\u00e9ritos, para aprender de suas virtudes no seguimento ao Cristo Jesus. \u00a0&#8220;\u00c9 por isso que, ao celebrarmos um santo, recordamos as suas virtudes, como S\u00e3o Francisco, Santo Ant\u00f4nio, S\u00e3o Pedro, para imit\u00e1-los. \u00c9 o segundo aspecto: olhar para o santo, exaltar as suas virtudes, Aprender dele o seguimento a Jesus e \u00e0 vida crist\u00e3, batismal e mission\u00e1ria&#8221;, frisou.<\/p>\n<p>O terceiro aspecto, segundo o frade, \u00e9 pedir a intercess\u00e3o dos santos. &#8220;E isso n\u00f3s viemos fazendo. &#8216;\u00d3h, S\u00e3o Pedro, rocha forte, reza por tua Igreja, n\u00f3s te pedimos. S\u00e3o Pedro, interceda pelas comunidades, por cada um de n\u00f3s. Pela nossa Par\u00f3quia!&#8221;, disse.<\/p>\n<p><img loading=\"lazy\" class=\"alignnone wp-image-243933 size-full\" src=\"https:\/\/franciscanos.org.br\/noticias\/wp-content\/uploads\/2023\/06\/segundodia_06.jpg\" alt=\"\" width=\"1024\" height=\"768\" srcset=\"https:\/\/franciscanos.org.br\/noticias\/wp-content\/uploads\/2023\/06\/segundodia_06.jpg 1024w, https:\/\/franciscanos.org.br\/noticias\/wp-content\/uploads\/2023\/06\/segundodia_06-450x338.jpg 450w, https:\/\/franciscanos.org.br\/noticias\/wp-content\/uploads\/2023\/06\/segundodia_06-768x576.jpg 768w, https:\/\/franciscanos.org.br\/noticias\/wp-content\/uploads\/2023\/06\/segundodia_06-150x113.jpg 150w, https:\/\/franciscanos.org.br\/noticias\/wp-content\/uploads\/2023\/06\/segundodia_06-600x450.jpg 600w\" sizes=\"(max-width: 1024px) 100vw, 1024px\" \/><\/p>\n<p>Frei Aldolino lembrou que o segundo dia do Tr\u00edduo contempla bem esse aspecto. &#8220;Olhar para o Padroeiro S\u00e3o Pedro, exaltar os seus m\u00e9ritos e imit\u00e1-lo.<\/p>\n<p>Por isso, o tema geral do Tr\u00edduo \u00e9: Com S\u00e3o Pedro, inspirando voca\u00e7\u00f5es para a Igreja'&#8221;, recordou.<\/p>\n<p>Frei Aldolino destacou o sim generoso, pronto e imediato de Pedro em resposta ao chamado da gra\u00e7a. &#8220;Ent\u00e3o, queremos aprender de Jesus e S\u00e3o Pedro, neste segundo dia, inspira\u00e7\u00e3o para onosso sim corajoso, confiante&#8221;, pediu.<\/p>\n<p>&nbsp;<\/p>\n<p><img loading=\"lazy\" class=\"alignnone size-full wp-image-243942\" src=\"https:\/\/franciscanos.org.br\/noticias\/wp-content\/uploads\/2023\/06\/secundo_01.jpg\" alt=\"\" width=\"1280\" height=\"961\" srcset=\"https:\/\/franciscanos.org.br\/noticias\/wp-content\/uploads\/2023\/06\/secundo_01.jpg 1280w, https:\/\/franciscanos.org.br\/noticias\/wp-content\/uploads\/2023\/06\/secundo_01-450x338.jpg 450w, https:\/\/franciscanos.org.br\/noticias\/wp-content\/uploads\/2023\/06\/secundo_01-1024x769.jpg 1024w, https:\/\/franciscanos.org.br\/noticias\/wp-content\/uploads\/2023\/06\/secundo_01-768x577.jpg 768w, https:\/\/franciscanos.org.br\/noticias\/wp-content\/uploads\/2023\/06\/secundo_01-150x113.jpg 150w, https:\/\/franciscanos.org.br\/noticias\/wp-content\/uploads\/2023\/06\/secundo_01-600x450.jpg 600w\" sizes=\"(max-width: 1280px) 100vw, 1280px\" \/><\/p>\n<p>Segundo o frade, depois de Pedro animar a comunidade primitiva de Jerusal\u00e9m, ele se p\u00f4s a caminho. Frei Aldolino resumiu um pouco das viagens dos ap\u00f3stolos. &#8220;Como diz o tema do segundo dia do Tr\u00edduo, &#8216;Pedro e os Ap\u00f3stolos, de p\u00e9s a caminho, v\u00e3o ao encontro dos irm\u00e3os. Ele nspira o nosso sim generoso&#8221;, ressaltou.<\/p>\n<p>&#8220;Hoje, somos herdeiros das andan\u00e7as de S\u00e3o Pedro e S\u00e3o Paulo, que saindo de Jerusal\u00e9m foram\u00a0 ao encontro dos irm\u00e3os em v\u00e1rias localidades. Por isso, temos de agradecer \u00e0s andan\u00e7as de Pedro e Paulo&#8221;, enfatizou.<\/p>\n<p>Ele concluiu a sua homilia com tr\u00eas mensagens: Cada um de n\u00f3s \u00e9 chamado, em sua voca\u00e7\u00e3o, para num primeiro momento aprender de Jesus. \u00a0S\u00e3o Pedro e os ap\u00f3stolos nos ensinam que o disc\u00edpulo que aprendeu de Jesus, necessariamente \u00e9 enviado em miss\u00e3o. A Igreja \u00e9 mission\u00e1ria. &#8220;Por isso, ir ao encontro dos irm\u00e3os levando Jesus como uma Boa Not\u00edcia&#8221;, disse.<\/p>\n<p>&nbsp;<\/p>\n<p><img loading=\"lazy\" class=\"alignnone size-full wp-image-243943\" src=\"https:\/\/franciscanos.org.br\/noticias\/wp-content\/uploads\/2023\/06\/secungo_02.jpg\" alt=\"\" width=\"1280\" height=\"721\" srcset=\"https:\/\/franciscanos.org.br\/noticias\/wp-content\/uploads\/2023\/06\/secungo_02.jpg 1280w, https:\/\/franciscanos.org.br\/noticias\/wp-content\/uploads\/2023\/06\/secungo_02-450x253.jpg 450w, https:\/\/franciscanos.org.br\/noticias\/wp-content\/uploads\/2023\/06\/secungo_02-1024x577.jpg 1024w, https:\/\/franciscanos.org.br\/noticias\/wp-content\/uploads\/2023\/06\/secungo_02-768x433.jpg 768w, https:\/\/franciscanos.org.br\/noticias\/wp-content\/uploads\/2023\/06\/secungo_02-150x84.jpg 150w\" sizes=\"(max-width: 1280px) 100vw, 1280px\" \/><\/p>\n<p>&#8220;Por fim, vamos pedir a S\u00e3o Pedro que nos d\u00ea, cada vez mais, aquele ardor generoso, que, olhando para Jesus com um cora\u00e7\u00e3o grande apostou que valeria a pena deixar a sua vida &#8211; e tinha a vida ganha -, para seguir Jesus. Que S\u00e3o Pedro nos ensine a mesma generosidade de cora\u00e7\u00e3o para caminhar com Jesus, aprender dele. E que n\u00f3s, inspirados em Jesus e nos ap\u00f3stolos, sejamos mission\u00e1rios&#8221;, completou.<\/p>\n<p>Nesta sexta-feira, o destaque da programa\u00e7\u00e3o foi a venda de produtos da festa, como past\u00e9is, sonho, caf\u00e9, bolos e cucas, desde a manh\u00e3. Ap\u00f3s a missa, n\u00e3o faltaram o cachorro-quente, pinh\u00e3o, quent\u00e3o, o tradicional churrasco, al\u00e9m de brincadeiras como Roda da Fortuna e Roda Infantil.<\/p>\n<p>A festa chega ao ponto alto neste final de semana. Amanh\u00e3 (1\u00ba), acontece a \u00faltima Missa do Tr\u00edduo, \u00e0s 19h. O tema ser\u00e1 \u201cPedro, a rocha firme que inspira novas voca\u00e7\u00f5es\u201d, mas antes, \u00e0s 15 horas, acontecer\u00e1 a Missa da Catequese, que lota a Matriz.<\/p>\n<hr \/>\n<p><em>Pascom da Par\u00f3quia de S\u00e3o Pedro Ap\u00f3stolo (Vicente Freitas Costa, Talita Carla de Andrade e Moacir Beggo)<\/em><\/p>\n","protected":false},"excerpt":{"rendered":"<p>Festa de S\u00e3o Pedro Ap\u00f3stolo de Gaspar<\/p>\n","protected":false},"author":3,"featured_media":243929,"comment_status":"open","ping_status":"open","sticky":false,"template":"","format":"standard","meta":[],"categories":[1],"tags":[2040],"acf":[],"yoast_head":"<!-- This site is optimized with the Yoast SEO plugin v19.2 - https:\/\/yoast.com\/wordpress\/plugins\/seo\/ -->\n<title>Aprendamos com o &#039;sim&#039; generoso de S\u00e3o Pedro, pede Frei Aldolino - Not\u00edcias - Franciscanos<\/title>\n<meta name=\"robots\" content=\"index, follow, max-snippet:-1, max-image-preview:large, max-video-preview:-1\" \/>\n<link rel=\"canonical\" href=\"https:\/\/franciscanos.org.br\/noticias\/aprendamos-com-o-sim-generoso-de-sao-pedro-diz-frei-aldolino.html\" \/>\n<meta property=\"og:locale\" content=\"pt_BR\" \/>\n<meta property=\"og:type\" content=\"article\" \/>\n<meta property=\"og:title\" content=\"Aprendamos com o &#039;sim&#039; generoso de S\u00e3o Pedro, pede Frei Aldolino - Not\u00edcias - Franciscanos\" \/>\n<meta property=\"og:description\" content=\"Festa de S\u00e3o Pedro Ap\u00f3stolo de Gaspar\" \/>\n<meta property=\"og:url\" content=\"https:\/\/franciscanos.org.br\/noticias\/aprendamos-com-o-sim-generoso-de-sao-pedro-diz-frei-aldolino.html\" \/>\n<meta property=\"og:site_name\" content=\"Not\u00edcias - Franciscanos\" \/>\n<meta property=\"article:published_time\" content=\"2023-07-01T00:19:33+00:00\" \/>\n<meta property=\"article:modified_time\" content=\"2023-07-01T21:38:20+00:00\" \/>\n<meta property=\"og:image\" content=\"https:\/\/franciscanos.org.br\/noticias\/wp-content\/uploads\/2023\/06\/segundodia_02-1.jpg\" \/>\n\t<meta property=\"og:image:width\" content=\"1280\" \/>\n\t<meta property=\"og:image:height\" content=\"720\" \/>\n\t<meta property=\"og:image:type\" content=\"image\/jpeg\" \/>\n<meta name=\"author\" content=\"moacir\" \/>\n<meta name=\"twitter:card\" content=\"summary_large_image\" \/>\n<meta name=\"twitter:label1\" content=\"Escrito por\" \/>\n\t<meta name=\"twitter:data1\" content=\"moacir\" \/>\n\t<meta name=\"twitter:label2\" content=\"Est. tempo de leitura\" \/>\n\t<meta name=\"twitter:data2\" content=\"6 minutos\" \/>\n<script type=\"application\/ld+json\" class=\"yoast-schema-graph\">{\"@context\":\"https:\/\/schema.org\",\"@graph\":[{\"@type\":\"WebSite\",\"@id\":\"https:\/\/franciscanos.org.br\/noticias\/#website\",\"url\":\"https:\/\/franciscanos.org.br\/noticias\/\",\"name\":\"Not\u00edcias - Franciscanos\",\"description\":\"Prov\u00edncia Franciscana da Imaculada Concei\u00e7\u00e3o do Brasil - Ordem dos Frades Menores - OFM\",\"potentialAction\":[{\"@type\":\"SearchAction\",\"target\":{\"@type\":\"EntryPoint\",\"urlTemplate\":\"https:\/\/franciscanos.org.br\/noticias\/?s={search_term_string}\"},\"query-input\":\"required name=search_term_string\"}],\"inLanguage\":\"pt-BR\"},{\"@type\":\"ImageObject\",\"inLanguage\":\"pt-BR\",\"@id\":\"https:\/\/franciscanos.org.br\/noticias\/aprendamos-com-o-sim-generoso-de-sao-pedro-diz-frei-aldolino.html#primaryimage\",\"url\":\"https:\/\/franciscanos.org.br\/noticias\/wp-content\/uploads\/2023\/06\/segundodia_02-1.jpg\",\"contentUrl\":\"https:\/\/franciscanos.org.br\/noticias\/wp-content\/uploads\/2023\/06\/segundodia_02-1.jpg\",\"width\":1280,\"height\":720},{\"@type\":\"WebPage\",\"@id\":\"https:\/\/franciscanos.org.br\/noticias\/aprendamos-com-o-sim-generoso-de-sao-pedro-diz-frei-aldolino.html#webpage\",\"url\":\"https:\/\/franciscanos.org.br\/noticias\/aprendamos-com-o-sim-generoso-de-sao-pedro-diz-frei-aldolino.html\",\"name\":\"Aprendamos com o 'sim' generoso de S\u00e3o Pedro, pede Frei Aldolino - Not\u00edcias - Franciscanos\",\"isPartOf\":{\"@id\":\"https:\/\/franciscanos.org.br\/noticias\/#website\"},\"primaryImageOfPage\":{\"@id\":\"https:\/\/franciscanos.org.br\/noticias\/aprendamos-com-o-sim-generoso-de-sao-pedro-diz-frei-aldolino.html#primaryimage\"},\"datePublished\":\"2023-07-01T00:19:33+00:00\",\"dateModified\":\"2023-07-01T21:38:20+00:00\",\"author\":{\"@id\":\"https:\/\/franciscanos.org.br\/noticias\/#\/schema\/person\/b5c8cba458c330ccff548b056e95a5d4\"},\"breadcrumb\":{\"@id\":\"https:\/\/franciscanos.org.br\/noticias\/aprendamos-com-o-sim-generoso-de-sao-pedro-diz-frei-aldolino.html#breadcrumb\"},\"inLanguage\":\"pt-BR\",\"potentialAction\":[{\"@type\":\"ReadAction\",\"target\":[\"https:\/\/franciscanos.org.br\/noticias\/aprendamos-com-o-sim-generoso-de-sao-pedro-diz-frei-aldolino.html\"]}]},{\"@type\":\"BreadcrumbList\",\"@id\":\"https:\/\/franciscanos.org.br\/noticias\/aprendamos-com-o-sim-generoso-de-sao-pedro-diz-frei-aldolino.html#breadcrumb\",\"itemListElement\":[{\"@type\":\"ListItem\",\"position\":1,\"name\":\"Home\",\"item\":\"https:\/\/franciscanos.org.br\/noticias\"},{\"@type\":\"ListItem\",\"position\":2,\"name\":\"Aprendamos com o &#8216;sim&#8217; generoso de S\u00e3o Pedro, pede Frei Aldolino\"}]},{\"@type\":\"Person\",\"@id\":\"https:\/\/franciscanos.org.br\/noticias\/#\/schema\/person\/b5c8cba458c330ccff548b056e95a5d4\",\"name\":\"moacir\",\"image\":{\"@type\":\"ImageObject\",\"inLanguage\":\"pt-BR\",\"@id\":\"https:\/\/franciscanos.org.br\/noticias\/#\/schema\/person\/image\/\",\"url\":\"https:\/\/secure.gravatar.com\/avatar\/d08aa2ce4c8dd416d4479aa8536fcf64?s=96&d=mm&r=g\",\"contentUrl\":\"https:\/\/secure.gravatar.com\/avatar\/d08aa2ce4c8dd416d4479aa8536fcf64?s=96&d=mm&r=g\",\"caption\":\"moacir\"},\"url\":\"https:\/\/franciscanos.org.br\/noticias\/author\/moacir\"}]}<\/script>\n<!-- \/ Yoast SEO plugin. -->","yoast_head_json":{"title":"Aprendamos com o 'sim' generoso de S\u00e3o Pedro, pede Frei Aldolino - Not\u00edcias - Franciscanos","robots":{"index":"index","follow":"follow","max-snippet":"max-snippet:-1","max-image-preview":"max-image-preview:large","max-video-preview":"max-video-preview:-1"},"canonical":"https:\/\/franciscanos.org.br\/noticias\/aprendamos-com-o-sim-generoso-de-sao-pedro-diz-frei-aldolino.html","og_locale":"pt_BR","og_type":"article","og_title":"Aprendamos com o 'sim' generoso de S\u00e3o Pedro, pede Frei Aldolino - Not\u00edcias - Franciscanos","og_description":"Festa de S\u00e3o Pedro Ap\u00f3stolo de Gaspar","og_url":"https:\/\/franciscanos.org.br\/noticias\/aprendamos-com-o-sim-generoso-de-sao-pedro-diz-frei-aldolino.html","og_site_name":"Not\u00edcias - Franciscanos","article_published_time":"2023-07-01T00:19:33+00:00","article_modified_time":"2023-07-01T21:38:20+00:00","og_image":[{"width":1280,"height":720,"url":"https:\/\/franciscanos.org.br\/noticias\/wp-content\/uploads\/2023\/06\/segundodia_02-1.jpg","type":"image\/jpeg"}],"author":"moacir","twitter_card":"summary_large_image","twitter_misc":{"Escrito por":"moacir","Est. tempo de leitura":"6 minutos"},"schema":{"@context":"https:\/\/schema.org","@graph":[{"@type":"WebSite","@id":"https:\/\/franciscanos.org.br\/noticias\/#website","url":"https:\/\/franciscanos.org.br\/noticias\/","name":"Not\u00edcias - Franciscanos","description":"Prov\u00edncia Franciscana da Imaculada Concei\u00e7\u00e3o do Brasil - Ordem dos Frades Menores - OFM","potentialAction":[{"@type":"SearchAction","target":{"@type":"EntryPoint","urlTemplate":"https:\/\/franciscanos.org.br\/noticias\/?s={search_term_string}"},"query-input":"required name=search_term_string"}],"inLanguage":"pt-BR"},{"@type":"ImageObject","inLanguage":"pt-BR","@id":"https:\/\/franciscanos.org.br\/noticias\/aprendamos-com-o-sim-generoso-de-sao-pedro-diz-frei-aldolino.html#primaryimage","url":"https:\/\/franciscanos.org.br\/noticias\/wp-content\/uploads\/2023\/06\/segundodia_02-1.jpg","contentUrl":"https:\/\/franciscanos.org.br\/noticias\/wp-content\/uploads\/2023\/06\/segundodia_02-1.jpg","width":1280,"height":720},{"@type":"WebPage","@id":"https:\/\/franciscanos.org.br\/noticias\/aprendamos-com-o-sim-generoso-de-sao-pedro-diz-frei-aldolino.html#webpage","url":"https:\/\/franciscanos.org.br\/noticias\/aprendamos-com-o-sim-generoso-de-sao-pedro-diz-frei-aldolino.html","name":"Aprendamos com o 'sim' generoso de S\u00e3o Pedro, pede Frei Aldolino - Not\u00edcias - Franciscanos","isPartOf":{"@id":"https:\/\/franciscanos.org.br\/noticias\/#website"},"primaryImageOfPage":{"@id":"https:\/\/franciscanos.org.br\/noticias\/aprendamos-com-o-sim-generoso-de-sao-pedro-diz-frei-aldolino.html#primaryimage"},"datePublished":"2023-07-01T00:19:33+00:00","dateModified":"2023-07-01T21:38:20+00:00","author":{"@id":"https:\/\/franciscanos.org.br\/noticias\/#\/schema\/person\/b5c8cba458c330ccff548b056e95a5d4"},"breadcrumb":{"@id":"https:\/\/franciscanos.org.br\/noticias\/aprendamos-com-o-sim-generoso-de-sao-pedro-diz-frei-aldolino.html#breadcrumb"},"inLanguage":"pt-BR","potentialAction":[{"@type":"ReadAction","target":["https:\/\/franciscanos.org.br\/noticias\/aprendamos-com-o-sim-generoso-de-sao-pedro-diz-frei-aldolino.html"]}]},{"@type":"BreadcrumbList","@id":"https:\/\/franciscanos.org.br\/noticias\/aprendamos-com-o-sim-generoso-de-sao-pedro-diz-frei-aldolino.html#breadcrumb","itemListElement":[{"@type":"ListItem","position":1,"name":"Home","item":"https:\/\/franciscanos.org.br\/noticias"},{"@type":"ListItem","position":2,"name":"Aprendamos com o &#8216;sim&#8217; generoso de S\u00e3o Pedro, pede Frei Aldolino"}]},{"@type":"Person","@id":"https:\/\/franciscanos.org.br\/noticias\/#\/schema\/person\/b5c8cba458c330ccff548b056e95a5d4","name":"moacir","image":{"@type":"ImageObject","inLanguage":"pt-BR","@id":"https:\/\/franciscanos.org.br\/noticias\/#\/schema\/person\/image\/","url":"https:\/\/secure.gravatar.com\/avatar\/d08aa2ce4c8dd416d4479aa8536fcf64?s=96&d=mm&r=g","contentUrl":"https:\/\/secure.gravatar.com\/avatar\/d08aa2ce4c8dd416d4479aa8536fcf64?s=96&d=mm&r=g","caption":"moacir"},"url":"https:\/\/franciscanos.org.br\/noticias\/author\/moacir"}]}},"_links":{"self":[{"href":"https:\/\/franciscanos.org.br\/noticias\/wp-json\/wp\/v2\/posts\/243928"}],"collection":[{"href":"https:\/\/franciscanos.org.br\/noticias\/wp-json\/wp\/v2\/posts"}],"about":[{"href":"https:\/\/franciscanos.org.br\/noticias\/wp-json\/wp\/v2\/types\/post"}],"author":[{"embeddable":true,"href":"https:\/\/franciscanos.org.br\/noticias\/wp-json\/wp\/v2\/users\/3"}],"replies":[{"embeddable":true,"href":"https:\/\/franciscanos.org.br\/noticias\/wp-json\/wp\/v2\/comments?post=243928"}],"version-history":[{"count":8,"href":"https:\/\/franciscanos.org.br\/noticias\/wp-json\/wp\/v2\/posts\/243928\/revisions"}],"predecessor-version":[{"id":243946,"href":"https:\/\/franciscanos.org.br\/noticias\/wp-json\/wp\/v2\/posts\/243928\/revisions\/243946"}],"wp:featuredmedia":[{"embeddable":true,"href":"https:\/\/franciscanos.org.br\/noticias\/wp-json\/wp\/v2\/media\/243929"}],"wp:attachment":[{"href":"https:\/\/franciscanos.org.br\/noticias\/wp-json\/wp\/v2\/media?parent=243928"}],"wp:term":[{"taxonomy":"category","embeddable":true,"href":"https:\/\/franciscanos.org.br\/noticias\/wp-json\/wp\/v2\/categories?post=243928"},{"taxonomy":"post_tag","embeddable":true,"href":"https:\/\/franciscanos.org.br\/noticias\/wp-json\/wp\/v2\/tags?post=243928"}],"curies":[{"name":"wp","href":"https:\/\/api.w.org\/{rel}","templated":true}]}}