{"id":243914,"date":"2023-06-30T07:58:06","date_gmt":"2023-06-30T10:58:06","guid":{"rendered":"https:\/\/franciscanos.org.br\/noticias\/?p=243914"},"modified":"2023-06-30T08:36:57","modified_gmt":"2023-06-30T11:36:57","slug":"gaspar-triduo-para-a-a-festa-de-sao-pedro-comeca-com-tema-vocacional","status":"publish","type":"post","link":"https:\/\/franciscanos.org.br\/noticias\/gaspar-triduo-para-a-a-festa-de-sao-pedro-comeca-com-tema-vocacional.html","title":{"rendered":"Gaspar: Tr\u00edduo para a a Festa de S\u00e3o Pedro come\u00e7a com tema vocacional"},"content":{"rendered":"<p><img loading=\"lazy\" class=\"alignnone wp-image-243916 size-full\" src=\"https:\/\/franciscanos.org.br\/noticias\/wp-content\/uploads\/2023\/06\/gaspar_01.jpg\" alt=\"\" width=\"1280\" height=\"720\" srcset=\"https:\/\/franciscanos.org.br\/noticias\/wp-content\/uploads\/2023\/06\/gaspar_01.jpg 1280w, https:\/\/franciscanos.org.br\/noticias\/wp-content\/uploads\/2023\/06\/gaspar_01-450x253.jpg 450w, https:\/\/franciscanos.org.br\/noticias\/wp-content\/uploads\/2023\/06\/gaspar_01-1024x576.jpg 1024w, https:\/\/franciscanos.org.br\/noticias\/wp-content\/uploads\/2023\/06\/gaspar_01-768x432.jpg 768w, https:\/\/franciscanos.org.br\/noticias\/wp-content\/uploads\/2023\/06\/gaspar_01-150x84.jpg 150w\" sizes=\"(max-width: 1280px) 100vw, 1280px\" \/><\/p>\n<p><strong>Gaspar (SC)<\/strong> &#8211; Neste dia que a Igreja celebra os Ap\u00f3stolos S\u00e3o Pedro e S\u00e3o Paulo (29\/6), o p\u00e1roco Frei Pedro da Silva abriu o Tr\u00edduo em prepara\u00e7\u00e3o para a Festa de S\u00e3o Pedro, que chega \u00e0 173\u00aa edi\u00e7\u00e3o, tendo como base o Ano Vocacional e o tema &#8220;Com S\u00e3o Pedro, inspirando voca\u00e7\u00f5es&#8221;. Frei Pedro presidiu a Celebra\u00e7\u00e3o Eucar\u00edstica, \u00e0s 19 horas, tendo como concelebrantes Frei Jhones Lucas Martins e Frei Aldolino Bankhardt. Como lembrou o celebrante, os Ap\u00f3stolos s\u00e3o celebrados hoje mundialmente, mas no Brasil a festa foi transferida para domingo, dia 2. A reflex\u00e3o deste primeiro dia partiu do tema &#8220;Pedro de cora\u00e7\u00e3o ardente, diz &#8216;sim&#8217; ao chamado&#8221;.<\/p>\n<p>&#8220;Por isso, hoje tomei a Missa chamada Missa Votiva de S\u00e3o Pedro e queremos destacar essa t\u00e3o ilustre figura na nossa vida crist\u00e3, na nossa f\u00e9 apost\u00f3lica, na nossa voca\u00e7\u00e3o e na nossa miss\u00e3o de crist\u00e3os&#8221;, explicou Frei Pedro.<\/p>\n<p><img loading=\"lazy\" class=\"alignnone wp-image-243917 size-full\" src=\"https:\/\/franciscanos.org.br\/noticias\/wp-content\/uploads\/2023\/06\/gaspar_03.jpg\" alt=\"\" width=\"1280\" height=\"814\" srcset=\"https:\/\/franciscanos.org.br\/noticias\/wp-content\/uploads\/2023\/06\/gaspar_03.jpg 1280w, https:\/\/franciscanos.org.br\/noticias\/wp-content\/uploads\/2023\/06\/gaspar_03-450x286.jpg 450w, https:\/\/franciscanos.org.br\/noticias\/wp-content\/uploads\/2023\/06\/gaspar_03-1024x651.jpg 1024w, https:\/\/franciscanos.org.br\/noticias\/wp-content\/uploads\/2023\/06\/gaspar_03-768x488.jpg 768w, https:\/\/franciscanos.org.br\/noticias\/wp-content\/uploads\/2023\/06\/gaspar_03-150x95.jpg 150w\" sizes=\"(max-width: 1280px) 100vw, 1280px\" \/><\/p>\n<p>Segundo ele, Pedro e Paulo representam essa unidade que Cristo quis e quer para sua Igreja. &#8220;Por isso, essa unidade hoje \u00e9 t\u00e3o bem simbolizada na pessoa do Papa, agora Papa Francisco, depois de mais de duzentos &#8220;S\u00e3o Pedros&#8221;, ou pastores que estiveram \u00e0 frente deste rebanho conduzindo a barca, conduzindo o seu rebanho&#8221;, acrescentou o celebrante.<\/p>\n<p>&#8220;Papa Francisco quer ser o Pedro, quer ser o Paulo, duas dimens\u00f5es da nossa f\u00e9 na Igreja&#8221;, disse, mostrando que Pedro empresta a dimens\u00e3o administrativa ao governo. a condu\u00e7\u00e3o e organiza\u00e7\u00e3o do rebanho, e Paulo a dimens\u00e3o mais carism\u00e1tica, mas evangelizadora, mais pastoral. &#8220;Mas as duas se unem e s\u00e3o a s\u00edntese de cada um de n\u00f3s. Cada um de n\u00f3s \u00e9 Pedro, \u00e9 Paulo, nas suas grandezas e nas suas fraquezas, porque ali \u00e9 que Deus realiza o seu poder&#8221;, ensinou.<\/p>\n<p><img loading=\"lazy\" class=\"alignnone size-full wp-image-243918\" src=\"https:\/\/franciscanos.org.br\/noticias\/wp-content\/uploads\/2023\/06\/gaspar_04.jpg\" alt=\"\" width=\"1280\" height=\"545\" srcset=\"https:\/\/franciscanos.org.br\/noticias\/wp-content\/uploads\/2023\/06\/gaspar_04.jpg 1280w, https:\/\/franciscanos.org.br\/noticias\/wp-content\/uploads\/2023\/06\/gaspar_04-450x192.jpg 450w, https:\/\/franciscanos.org.br\/noticias\/wp-content\/uploads\/2023\/06\/gaspar_04-1024x436.jpg 1024w, https:\/\/franciscanos.org.br\/noticias\/wp-content\/uploads\/2023\/06\/gaspar_04-768x327.jpg 768w, https:\/\/franciscanos.org.br\/noticias\/wp-content\/uploads\/2023\/06\/gaspar_04-150x64.jpg 150w\" sizes=\"(max-width: 1280px) 100vw, 1280px\" \/><\/p>\n<p>Frei Pedro chamou de Tr\u00edduo Vocacional o Tr\u00edduo preparat\u00f3rio para a Festa do Padroeiro. &#8220;Isso justamente no esp\u00edrito das celebra\u00e7\u00f5es do Ano Vocacional no Brasil&#8221;, situou o frade, lembrando que este \u00e9 o terceiro Ano Vocacional e que o primeiro ficou marcado na sua vida porque foi em 1983, ano de sua ordena\u00e7\u00e3o presbiteral. O outro ano foi em 2003.<\/p>\n<p>Este Ano Vocacional tem como tema \u201cVoca\u00e7\u00e3o: Gra\u00e7a e Miss\u00e3o\u201d: &#8220;Todos s\u00e3o convidados a contemplar a voca\u00e7\u00e3o como um dom e iniciativa divina, a partir da experi\u00eancia de encontro com o ressuscitado&#8221;, disse, frisando que a gra\u00e7a e deve ser comunicada, partilhada, repartida com os irm\u00e3os. O lema, segundo o frade, \u201cCora\u00e7\u00f5es ardentes, p\u00e9s a caminho\u201d (cf. Lc 24, 32-33) fala do cora\u00e7\u00e3o e dos p\u00e9s. Recorda os disc\u00edpulos de Ema\u00fas. O cora\u00e7\u00e3o que arde ao escutar a Palavra do Ressuscitado e os p\u00e9s que se colocam a caminho para anunciar o encontro com o Cristo.<\/p>\n<p><img loading=\"lazy\" class=\"alignnone size-full wp-image-243919\" src=\"https:\/\/franciscanos.org.br\/noticias\/wp-content\/uploads\/2023\/06\/gaspar_06.jpg\" alt=\"\" width=\"1280\" height=\"697\" srcset=\"https:\/\/franciscanos.org.br\/noticias\/wp-content\/uploads\/2023\/06\/gaspar_06.jpg 1280w, https:\/\/franciscanos.org.br\/noticias\/wp-content\/uploads\/2023\/06\/gaspar_06-450x245.jpg 450w, https:\/\/franciscanos.org.br\/noticias\/wp-content\/uploads\/2023\/06\/gaspar_06-1024x558.jpg 1024w, https:\/\/franciscanos.org.br\/noticias\/wp-content\/uploads\/2023\/06\/gaspar_06-768x418.jpg 768w, https:\/\/franciscanos.org.br\/noticias\/wp-content\/uploads\/2023\/06\/gaspar_06-150x82.jpg 150w\" sizes=\"(max-width: 1280px) 100vw, 1280px\" \/><\/p>\n<p>Rezar pelas voca\u00e7\u00f5es. Frei Pedro lembrou o apelo de Cristo: a messe \u00e9 grande, mas os oper\u00e1rios s\u00e3o poucos. &#8220;\u00c9 a preocupa\u00e7\u00e3o de Jesus e Ele nos convida a rezarmos. N\u00f3s temos e podemos fazer muitas coisas, mas a primeira \u00e9 a ora\u00e7\u00e3o, porque nela est\u00e1 a for\u00e7a&#8221;, observou, convidando a Par\u00f3quia, as Comunidades, Pastorais, Movimentos, as Equipes de Canto e Liturgia, que reservem cinco minutos para rezar pelas voca\u00e7\u00f5es. &#8220;Porque n\u00e3o \u00e9 s\u00f3 um pedido da Igreja, \u00e9 uma ordem: pedi ao dono da messe que reze! Jesus se preocupou com as voca\u00e7\u00f5es porque n\u00f3s n\u00e3o vamos nos preocupar?&#8221;, questionou.<\/p>\n<p>Segundo o frade, esta noite tamb\u00e9m era de gratid\u00e3o. &#8220;Queremos agradecer pelos muitos chamados e tantas e generosas respostas que o Senhor j\u00e1 colheu nesta comuniade paroquial. Basta lembrar que, na porta da igreja, temos as imagens de cinco bispos franciscanos, al\u00e9m de dezenas de sacerdotes franciscanos, religiosas e religiosos consagrados e uma multid\u00e3o sem fim de leigas e leigos crist\u00e3os, que devem ser sal da terra e luz do mundo. Ent\u00e3o, todos n\u00f3s estamos inclu\u00eddos. Basta lembrar a Festa de S\u00e3o Pedro. Ela envolve tantas dessas pessoas, por isso hoje n\u00f3s faz\u00edamos um apelo \u00e0s comunidades: Venham, tragam o seu barquinho, tragam os seus s\u00edmbolos, porque a nossa Par\u00f3quia, sob a inspira\u00e7\u00e3o de S\u00e3o Pedro, quer ser uma comunidade de vida, de amor e de miss\u00e3o&#8221;, motivou o frade.<\/p>\n<p><img loading=\"lazy\" class=\"alignnone size-full wp-image-243921\" src=\"https:\/\/franciscanos.org.br\/noticias\/wp-content\/uploads\/2023\/06\/gaspar_08.jpg\" alt=\"\" width=\"1280\" height=\"495\" srcset=\"https:\/\/franciscanos.org.br\/noticias\/wp-content\/uploads\/2023\/06\/gaspar_08.jpg 1280w, https:\/\/franciscanos.org.br\/noticias\/wp-content\/uploads\/2023\/06\/gaspar_08-450x174.jpg 450w, https:\/\/franciscanos.org.br\/noticias\/wp-content\/uploads\/2023\/06\/gaspar_08-1024x396.jpg 1024w, https:\/\/franciscanos.org.br\/noticias\/wp-content\/uploads\/2023\/06\/gaspar_08-768x297.jpg 768w, https:\/\/franciscanos.org.br\/noticias\/wp-content\/uploads\/2023\/06\/gaspar_08-150x58.jpg 150w\" sizes=\"(max-width: 1280px) 100vw, 1280px\" \/><\/p>\n<p>&#8220;N\u00f3s pertencemos a esta Igreja e queremos caminhar juntos como coloca bem o princ\u00edpio da Igreja sinodal feito pelo Papa Francisco: Comunh\u00e3o participa\u00e7\u00e3o e miss\u00e3o&#8221;, lembrou.<\/p>\n<p>Para o frade, na Igreja de Deus sempre h\u00e1 trabalho quando se tem disponibilidade e alegria em servir. &#8220;Ora, como podemos servir? S\u00e3o Pedro \u00e9 uma grande inspira\u00e7\u00e3o e por isso foi tomado como tema inspirador da nossa festa a partir do Ano Vocacional: Com S\u00e3o Pedro, inspirando voca\u00e7\u00f5es para a Igreja&#8221;, completou.<\/p>\n<p>Os festejos populares deste dia foram marcados pela tradicional noite da sopa, preparada com muito carinho pelos volunt\u00e1rios da Par\u00f3quia e tamb\u00e9m com a b\u00ean\u00e7\u00e3o do Bolo de S\u00e3o Pedro. Mas tamb\u00e9m foi dia de festa junina com pinh\u00e3o, quent\u00e3o, pastel, sonho, cachorro-quente.<\/p>\n<p><img loading=\"lazy\" class=\"alignnone size-full wp-image-243920\" src=\"https:\/\/franciscanos.org.br\/noticias\/wp-content\/uploads\/2023\/06\/gaspar_07.jpg\" alt=\"\" width=\"1024\" height=\"768\" srcset=\"https:\/\/franciscanos.org.br\/noticias\/wp-content\/uploads\/2023\/06\/gaspar_07.jpg 1024w, https:\/\/franciscanos.org.br\/noticias\/wp-content\/uploads\/2023\/06\/gaspar_07-450x338.jpg 450w, https:\/\/franciscanos.org.br\/noticias\/wp-content\/uploads\/2023\/06\/gaspar_07-768x576.jpg 768w, https:\/\/franciscanos.org.br\/noticias\/wp-content\/uploads\/2023\/06\/gaspar_07-150x113.jpg 150w, https:\/\/franciscanos.org.br\/noticias\/wp-content\/uploads\/2023\/06\/gaspar_07-600x450.jpg 600w\" sizes=\"(max-width: 1024px) 100vw, 1024px\" \/><\/p>\n<p><strong>MISSA DOS ENFERMOS E IDOSOS<\/strong><\/p>\n<p>\u00c0 tarde foi celebrada a Missa dos Enfermos e Idosos, presidida por Frei Aldolino Bankhardt, que animou os fi\u00e9is participantes a serem fortes como o exemplo de Pedro, que \u00e9 a rocha que edificou a Igreja: \u201cTu \u00e9s Pedro, e sobre esta pedra edificarei a minha Igreja\u201d (Cf. Mt 16,15-18).<\/p>\n<p>Neste segundo dia do Tr\u00edduo, \u00e0s 19 horas, o tema \u00e9 &#8220;Pedro e os Ap\u00f3stolos, de p\u00e9s a caminho, v\u00e3o ao encontro dos irm\u00e3os&#8221;.<br \/>\nA liturgia est\u00e1 a cargo das Comunidades, Santa Clara, Santo Ant\u00f4nio, Bom Jesus, S\u00e3o Crist\u00f3v\u00e3o, Santa Rita de C\u00e1ssia e Virgem de Nazar\u00e9.<\/p>\n<hr \/>\n<p><em>Pascom da Par\u00f3quia S\u00e3o Pedro Ap\u00f3stolo (Francisco Hostin Gaspar, Rom\u00e1rio Alves e Moacir Beggo)<\/em><\/p>\n","protected":false},"excerpt":{"rendered":"<p>Festa de S\u00e3o Pedro Ap\u00f3stolo Gaspar<\/p>\n","protected":false},"author":3,"featured_media":243916,"comment_status":"open","ping_status":"open","sticky":false,"template":"","format":"standard","meta":[],"categories":[1],"tags":[2040],"acf":[],"yoast_head":"<!-- This site is optimized with the Yoast SEO plugin v19.2 - https:\/\/yoast.com\/wordpress\/plugins\/seo\/ -->\n<title>Gaspar: Tr\u00edduo para a a Festa de S\u00e3o Pedro come\u00e7a com tema vocacional - Not\u00edcias - Franciscanos<\/title>\n<meta name=\"robots\" content=\"index, follow, max-snippet:-1, max-image-preview:large, max-video-preview:-1\" \/>\n<link rel=\"canonical\" href=\"https:\/\/franciscanos.org.br\/noticias\/gaspar-triduo-para-a-a-festa-de-sao-pedro-comeca-com-tema-vocacional.html\" \/>\n<meta property=\"og:locale\" content=\"pt_BR\" \/>\n<meta property=\"og:type\" content=\"article\" \/>\n<meta property=\"og:title\" content=\"Gaspar: Tr\u00edduo para a a Festa de S\u00e3o Pedro come\u00e7a com tema vocacional - Not\u00edcias - Franciscanos\" \/>\n<meta property=\"og:description\" content=\"Festa de S\u00e3o Pedro Ap\u00f3stolo Gaspar\" \/>\n<meta property=\"og:url\" content=\"https:\/\/franciscanos.org.br\/noticias\/gaspar-triduo-para-a-a-festa-de-sao-pedro-comeca-com-tema-vocacional.html\" \/>\n<meta property=\"og:site_name\" content=\"Not\u00edcias - Franciscanos\" \/>\n<meta property=\"article:published_time\" content=\"2023-06-30T10:58:06+00:00\" \/>\n<meta property=\"article:modified_time\" content=\"2023-06-30T11:36:57+00:00\" \/>\n<meta property=\"og:image\" content=\"https:\/\/franciscanos.org.br\/noticias\/wp-content\/uploads\/2023\/06\/gaspar_01.jpg\" \/>\n\t<meta property=\"og:image:width\" content=\"1280\" \/>\n\t<meta property=\"og:image:height\" content=\"720\" \/>\n\t<meta property=\"og:image:type\" content=\"image\/jpeg\" \/>\n<meta name=\"author\" content=\"moacir\" \/>\n<meta name=\"twitter:card\" content=\"summary_large_image\" \/>\n<meta name=\"twitter:label1\" content=\"Escrito por\" \/>\n\t<meta name=\"twitter:data1\" content=\"moacir\" \/>\n\t<meta name=\"twitter:label2\" content=\"Est. tempo de leitura\" \/>\n\t<meta name=\"twitter:data2\" content=\"5 minutos\" \/>\n<script type=\"application\/ld+json\" class=\"yoast-schema-graph\">{\"@context\":\"https:\/\/schema.org\",\"@graph\":[{\"@type\":\"WebSite\",\"@id\":\"https:\/\/franciscanos.org.br\/noticias\/#website\",\"url\":\"https:\/\/franciscanos.org.br\/noticias\/\",\"name\":\"Not\u00edcias - Franciscanos\",\"description\":\"Prov\u00edncia Franciscana da Imaculada Concei\u00e7\u00e3o do Brasil - Ordem dos Frades Menores - OFM\",\"potentialAction\":[{\"@type\":\"SearchAction\",\"target\":{\"@type\":\"EntryPoint\",\"urlTemplate\":\"https:\/\/franciscanos.org.br\/noticias\/?s={search_term_string}\"},\"query-input\":\"required name=search_term_string\"}],\"inLanguage\":\"pt-BR\"},{\"@type\":\"ImageObject\",\"inLanguage\":\"pt-BR\",\"@id\":\"https:\/\/franciscanos.org.br\/noticias\/gaspar-triduo-para-a-a-festa-de-sao-pedro-comeca-com-tema-vocacional.html#primaryimage\",\"url\":\"https:\/\/franciscanos.org.br\/noticias\/wp-content\/uploads\/2023\/06\/gaspar_01.jpg\",\"contentUrl\":\"https:\/\/franciscanos.org.br\/noticias\/wp-content\/uploads\/2023\/06\/gaspar_01.jpg\",\"width\":1280,\"height\":720},{\"@type\":\"WebPage\",\"@id\":\"https:\/\/franciscanos.org.br\/noticias\/gaspar-triduo-para-a-a-festa-de-sao-pedro-comeca-com-tema-vocacional.html#webpage\",\"url\":\"https:\/\/franciscanos.org.br\/noticias\/gaspar-triduo-para-a-a-festa-de-sao-pedro-comeca-com-tema-vocacional.html\",\"name\":\"Gaspar: Tr\u00edduo para a a Festa de S\u00e3o Pedro come\u00e7a com tema vocacional - Not\u00edcias - Franciscanos\",\"isPartOf\":{\"@id\":\"https:\/\/franciscanos.org.br\/noticias\/#website\"},\"primaryImageOfPage\":{\"@id\":\"https:\/\/franciscanos.org.br\/noticias\/gaspar-triduo-para-a-a-festa-de-sao-pedro-comeca-com-tema-vocacional.html#primaryimage\"},\"datePublished\":\"2023-06-30T10:58:06+00:00\",\"dateModified\":\"2023-06-30T11:36:57+00:00\",\"author\":{\"@id\":\"https:\/\/franciscanos.org.br\/noticias\/#\/schema\/person\/b5c8cba458c330ccff548b056e95a5d4\"},\"breadcrumb\":{\"@id\":\"https:\/\/franciscanos.org.br\/noticias\/gaspar-triduo-para-a-a-festa-de-sao-pedro-comeca-com-tema-vocacional.html#breadcrumb\"},\"inLanguage\":\"pt-BR\",\"potentialAction\":[{\"@type\":\"ReadAction\",\"target\":[\"https:\/\/franciscanos.org.br\/noticias\/gaspar-triduo-para-a-a-festa-de-sao-pedro-comeca-com-tema-vocacional.html\"]}]},{\"@type\":\"BreadcrumbList\",\"@id\":\"https:\/\/franciscanos.org.br\/noticias\/gaspar-triduo-para-a-a-festa-de-sao-pedro-comeca-com-tema-vocacional.html#breadcrumb\",\"itemListElement\":[{\"@type\":\"ListItem\",\"position\":1,\"name\":\"Home\",\"item\":\"https:\/\/franciscanos.org.br\/noticias\"},{\"@type\":\"ListItem\",\"position\":2,\"name\":\"Gaspar: Tr\u00edduo para a a Festa de S\u00e3o Pedro come\u00e7a com tema vocacional\"}]},{\"@type\":\"Person\",\"@id\":\"https:\/\/franciscanos.org.br\/noticias\/#\/schema\/person\/b5c8cba458c330ccff548b056e95a5d4\",\"name\":\"moacir\",\"image\":{\"@type\":\"ImageObject\",\"inLanguage\":\"pt-BR\",\"@id\":\"https:\/\/franciscanos.org.br\/noticias\/#\/schema\/person\/image\/\",\"url\":\"https:\/\/secure.gravatar.com\/avatar\/d08aa2ce4c8dd416d4479aa8536fcf64?s=96&d=mm&r=g\",\"contentUrl\":\"https:\/\/secure.gravatar.com\/avatar\/d08aa2ce4c8dd416d4479aa8536fcf64?s=96&d=mm&r=g\",\"caption\":\"moacir\"},\"url\":\"https:\/\/franciscanos.org.br\/noticias\/author\/moacir\"}]}<\/script>\n<!-- \/ Yoast SEO plugin. -->","yoast_head_json":{"title":"Gaspar: Tr\u00edduo para a a Festa de S\u00e3o Pedro come\u00e7a com tema vocacional - Not\u00edcias - Franciscanos","robots":{"index":"index","follow":"follow","max-snippet":"max-snippet:-1","max-image-preview":"max-image-preview:large","max-video-preview":"max-video-preview:-1"},"canonical":"https:\/\/franciscanos.org.br\/noticias\/gaspar-triduo-para-a-a-festa-de-sao-pedro-comeca-com-tema-vocacional.html","og_locale":"pt_BR","og_type":"article","og_title":"Gaspar: Tr\u00edduo para a a Festa de S\u00e3o Pedro come\u00e7a com tema vocacional - Not\u00edcias - Franciscanos","og_description":"Festa de S\u00e3o Pedro Ap\u00f3stolo Gaspar","og_url":"https:\/\/franciscanos.org.br\/noticias\/gaspar-triduo-para-a-a-festa-de-sao-pedro-comeca-com-tema-vocacional.html","og_site_name":"Not\u00edcias - Franciscanos","article_published_time":"2023-06-30T10:58:06+00:00","article_modified_time":"2023-06-30T11:36:57+00:00","og_image":[{"width":1280,"height":720,"url":"https:\/\/franciscanos.org.br\/noticias\/wp-content\/uploads\/2023\/06\/gaspar_01.jpg","type":"image\/jpeg"}],"author":"moacir","twitter_card":"summary_large_image","twitter_misc":{"Escrito por":"moacir","Est. tempo de leitura":"5 minutos"},"schema":{"@context":"https:\/\/schema.org","@graph":[{"@type":"WebSite","@id":"https:\/\/franciscanos.org.br\/noticias\/#website","url":"https:\/\/franciscanos.org.br\/noticias\/","name":"Not\u00edcias - Franciscanos","description":"Prov\u00edncia Franciscana da Imaculada Concei\u00e7\u00e3o do Brasil - Ordem dos Frades Menores - OFM","potentialAction":[{"@type":"SearchAction","target":{"@type":"EntryPoint","urlTemplate":"https:\/\/franciscanos.org.br\/noticias\/?s={search_term_string}"},"query-input":"required name=search_term_string"}],"inLanguage":"pt-BR"},{"@type":"ImageObject","inLanguage":"pt-BR","@id":"https:\/\/franciscanos.org.br\/noticias\/gaspar-triduo-para-a-a-festa-de-sao-pedro-comeca-com-tema-vocacional.html#primaryimage","url":"https:\/\/franciscanos.org.br\/noticias\/wp-content\/uploads\/2023\/06\/gaspar_01.jpg","contentUrl":"https:\/\/franciscanos.org.br\/noticias\/wp-content\/uploads\/2023\/06\/gaspar_01.jpg","width":1280,"height":720},{"@type":"WebPage","@id":"https:\/\/franciscanos.org.br\/noticias\/gaspar-triduo-para-a-a-festa-de-sao-pedro-comeca-com-tema-vocacional.html#webpage","url":"https:\/\/franciscanos.org.br\/noticias\/gaspar-triduo-para-a-a-festa-de-sao-pedro-comeca-com-tema-vocacional.html","name":"Gaspar: Tr\u00edduo para a a Festa de S\u00e3o Pedro come\u00e7a com tema vocacional - Not\u00edcias - Franciscanos","isPartOf":{"@id":"https:\/\/franciscanos.org.br\/noticias\/#website"},"primaryImageOfPage":{"@id":"https:\/\/franciscanos.org.br\/noticias\/gaspar-triduo-para-a-a-festa-de-sao-pedro-comeca-com-tema-vocacional.html#primaryimage"},"datePublished":"2023-06-30T10:58:06+00:00","dateModified":"2023-06-30T11:36:57+00:00","author":{"@id":"https:\/\/franciscanos.org.br\/noticias\/#\/schema\/person\/b5c8cba458c330ccff548b056e95a5d4"},"breadcrumb":{"@id":"https:\/\/franciscanos.org.br\/noticias\/gaspar-triduo-para-a-a-festa-de-sao-pedro-comeca-com-tema-vocacional.html#breadcrumb"},"inLanguage":"pt-BR","potentialAction":[{"@type":"ReadAction","target":["https:\/\/franciscanos.org.br\/noticias\/gaspar-triduo-para-a-a-festa-de-sao-pedro-comeca-com-tema-vocacional.html"]}]},{"@type":"BreadcrumbList","@id":"https:\/\/franciscanos.org.br\/noticias\/gaspar-triduo-para-a-a-festa-de-sao-pedro-comeca-com-tema-vocacional.html#breadcrumb","itemListElement":[{"@type":"ListItem","position":1,"name":"Home","item":"https:\/\/franciscanos.org.br\/noticias"},{"@type":"ListItem","position":2,"name":"Gaspar: Tr\u00edduo para a a Festa de S\u00e3o Pedro come\u00e7a com tema vocacional"}]},{"@type":"Person","@id":"https:\/\/franciscanos.org.br\/noticias\/#\/schema\/person\/b5c8cba458c330ccff548b056e95a5d4","name":"moacir","image":{"@type":"ImageObject","inLanguage":"pt-BR","@id":"https:\/\/franciscanos.org.br\/noticias\/#\/schema\/person\/image\/","url":"https:\/\/secure.gravatar.com\/avatar\/d08aa2ce4c8dd416d4479aa8536fcf64?s=96&d=mm&r=g","contentUrl":"https:\/\/secure.gravatar.com\/avatar\/d08aa2ce4c8dd416d4479aa8536fcf64?s=96&d=mm&r=g","caption":"moacir"},"url":"https:\/\/franciscanos.org.br\/noticias\/author\/moacir"}]}},"_links":{"self":[{"href":"https:\/\/franciscanos.org.br\/noticias\/wp-json\/wp\/v2\/posts\/243914"}],"collection":[{"href":"https:\/\/franciscanos.org.br\/noticias\/wp-json\/wp\/v2\/posts"}],"about":[{"href":"https:\/\/franciscanos.org.br\/noticias\/wp-json\/wp\/v2\/types\/post"}],"author":[{"embeddable":true,"href":"https:\/\/franciscanos.org.br\/noticias\/wp-json\/wp\/v2\/users\/3"}],"replies":[{"embeddable":true,"href":"https:\/\/franciscanos.org.br\/noticias\/wp-json\/wp\/v2\/comments?post=243914"}],"version-history":[{"count":2,"href":"https:\/\/franciscanos.org.br\/noticias\/wp-json\/wp\/v2\/posts\/243914\/revisions"}],"predecessor-version":[{"id":243923,"href":"https:\/\/franciscanos.org.br\/noticias\/wp-json\/wp\/v2\/posts\/243914\/revisions\/243923"}],"wp:featuredmedia":[{"embeddable":true,"href":"https:\/\/franciscanos.org.br\/noticias\/wp-json\/wp\/v2\/media\/243916"}],"wp:attachment":[{"href":"https:\/\/franciscanos.org.br\/noticias\/wp-json\/wp\/v2\/media?parent=243914"}],"wp:term":[{"taxonomy":"category","embeddable":true,"href":"https:\/\/franciscanos.org.br\/noticias\/wp-json\/wp\/v2\/categories?post=243914"},{"taxonomy":"post_tag","embeddable":true,"href":"https:\/\/franciscanos.org.br\/noticias\/wp-json\/wp\/v2\/tags?post=243914"}],"curies":[{"name":"wp","href":"https:\/\/api.w.org\/{rel}","templated":true}]}}