{"id":243889,"date":"2023-06-29T10:03:46","date_gmt":"2023-06-29T13:03:46","guid":{"rendered":"https:\/\/franciscanos.org.br\/noticias\/?p=243889"},"modified":"2023-06-29T10:03:46","modified_gmt":"2023-06-29T13:03:46","slug":"universo-plasticoceanico-e-a-mostra-de-frei-pedro-pinheiro-em-braganca-paulista","status":"publish","type":"post","link":"https:\/\/franciscanos.org.br\/noticias\/universo-plasticoceanico-e-a-mostra-de-frei-pedro-pinheiro-em-braganca-paulista.html","title":{"rendered":"\u201cUniverso Plasticoce\u00e2nico\u201d \u00e9 a Mostra de Frei Pedro Pinheiro em Bragan\u00e7a Paulista"},"content":{"rendered":"<p><img loading=\"lazy\" class=\"alignnone size-full wp-image-243890\" src=\"https:\/\/franciscanos.org.br\/noticias\/wp-content\/uploads\/2023\/06\/pedro_02.jpg\" alt=\"\" width=\"1280\" height=\"720\" srcset=\"https:\/\/franciscanos.org.br\/noticias\/wp-content\/uploads\/2023\/06\/pedro_02.jpg 1280w, https:\/\/franciscanos.org.br\/noticias\/wp-content\/uploads\/2023\/06\/pedro_02-450x253.jpg 450w, https:\/\/franciscanos.org.br\/noticias\/wp-content\/uploads\/2023\/06\/pedro_02-1024x576.jpg 1024w, https:\/\/franciscanos.org.br\/noticias\/wp-content\/uploads\/2023\/06\/pedro_02-768x432.jpg 768w, https:\/\/franciscanos.org.br\/noticias\/wp-content\/uploads\/2023\/06\/pedro_02-150x84.jpg 150w\" sizes=\"(max-width: 1280px) 100vw, 1280px\" \/><\/p>\n<p>Neste s\u00e1bado, dia 1\u00ba de julho, \u00e0s 14h, tem in\u00edcio a exposi\u00e7\u00e3o \u201cO Universo Plasticoce\u00e2nico\u201d, do artista pl\u00e1stico Frei Pedro Pinheiro, OFM, no Centro Cultural Prefeito Jesus Adib Abi Chedid, em Bragan\u00e7a Paulista. A exposi\u00e7\u00e3o tem apoio do 21\u00ba Festival Arte Serrinha, e ocorre nos meses de julho e agosto.<\/p>\n<p>A Curadoria e produ\u00e7\u00e3o \u00e9 do organizador do Festival, Fabio Delduque. A exposi\u00e7\u00e3o utiliza material pl\u00e1stico de reciclagem como mat\u00e9ria-prima. Ao transformar esse material em express\u00e3o criativa,\u00a0 Frei Pedro, da Ordem dos Frades Menores e a servi\u00e7o na\u00a0 Universidade S\u00e3o Francisco (USF), mostra que a reciclagem pode ser uma solu\u00e7\u00e3o vi\u00e1vel e inspira\u00e7\u00e3o para as pessoas repensarem seu papel na preserva\u00e7\u00e3o do meio ambiente. No n\u00facleo central da exposi\u00e7\u00e3o, h\u00e1 uma instala\u00e7\u00e3o que remete ao fundo do mar, tendo como foco um recife de coral. Utilizando mat\u00e9ria-prima oriunda de lixo pl\u00e1stico, o Frei Pedro desenvolveu uma produ\u00e7\u00e3o que pretende relatar o fen\u00f4meno resultante do descarte di\u00e1rio de inumer\u00e1veis materiais nos lix\u00f5es e em todos os biomas do planeta.<\/p>\n<p><img loading=\"lazy\" class=\"alignnone size-full wp-image-243891\" src=\"https:\/\/franciscanos.org.br\/noticias\/wp-content\/uploads\/2023\/06\/pedro_01.jpg\" alt=\"\" width=\"1280\" height=\"853\" srcset=\"https:\/\/franciscanos.org.br\/noticias\/wp-content\/uploads\/2023\/06\/pedro_01.jpg 1280w, https:\/\/franciscanos.org.br\/noticias\/wp-content\/uploads\/2023\/06\/pedro_01-450x300.jpg 450w, https:\/\/franciscanos.org.br\/noticias\/wp-content\/uploads\/2023\/06\/pedro_01-1024x682.jpg 1024w, https:\/\/franciscanos.org.br\/noticias\/wp-content\/uploads\/2023\/06\/pedro_01-768x512.jpg 768w, https:\/\/franciscanos.org.br\/noticias\/wp-content\/uploads\/2023\/06\/pedro_01-150x100.jpg 150w\" sizes=\"(max-width: 1280px) 100vw, 1280px\" \/><\/p>\n<p>Frei Pedro atua no N\u00facleo de Extens\u00e3o Universit\u00e1ria da USF e sempre participou como colaborador dos Festivais Arte Serrinha. \u201cO objetivo atual da minha obra, portanto, dirige seu foco para um discurso visual que tenha como finalidade enfatizar a necessidade de mudan\u00e7as concretas por parte da popula\u00e7\u00e3o mundial, para tornar o planeta e a vida, um lugar com perspectivas vi\u00e1veis de futuro, diante do caos da contamina\u00e7\u00e3o sem medidas que atingem n\u00edveis insustent\u00e1veis e incompat\u00edveis com quaisquer manifesta\u00e7\u00f5es da vida\u201d, afirmou Frei Pedro.<\/p>\n<p><strong>Obras em exposi\u00e7\u00e3o:<\/strong> 1 instala\u00e7\u00e3o com aproximadamente 70 objetos de pl\u00e1stico reciclado;\u00a012 quadros de pl\u00e1stico sobre tela;\u00a05 pinturas \u00f3leo sobre tela;\u00a08 pinturas sobre papel;\u00a03 esculturas fundidas;\u00a03 pres\u00e9pios;\u00a01 via crucis de 15 pe\u00e7as.<\/p>\n<p><img loading=\"lazy\" class=\"alignnone size-full wp-image-243892\" src=\"https:\/\/franciscanos.org.br\/noticias\/wp-content\/uploads\/2023\/06\/pedro_03.jpg\" alt=\"\" width=\"1280\" height=\"853\" srcset=\"https:\/\/franciscanos.org.br\/noticias\/wp-content\/uploads\/2023\/06\/pedro_03.jpg 1280w, https:\/\/franciscanos.org.br\/noticias\/wp-content\/uploads\/2023\/06\/pedro_03-450x300.jpg 450w, https:\/\/franciscanos.org.br\/noticias\/wp-content\/uploads\/2023\/06\/pedro_03-1024x682.jpg 1024w, https:\/\/franciscanos.org.br\/noticias\/wp-content\/uploads\/2023\/06\/pedro_03-768x512.jpg 768w, https:\/\/franciscanos.org.br\/noticias\/wp-content\/uploads\/2023\/06\/pedro_03-150x100.jpg 150w\" sizes=\"(max-width: 1280px) 100vw, 1280px\" \/><\/p>\n<p><strong>Servi\u00e7o<\/strong><\/p>\n<p>A exposi\u00e7\u00e3o \u00e9 gratuita. O Centro Cultural Prefeito Jesus Adib Abi Chedid est\u00e1 localizado na rua Conselheiro Rodrigues Alves, 251, Centro, Bragan\u00e7a Paulista.<\/p>\n<p><strong>Hor\u00e1rio de funcionamento:<\/strong>\u00a0Segunda a sexta das 8 \u00e0s 18h;\u00a0S\u00e1bado e domingo das 10 \u00e0s 17h.<\/p>\n<hr \/>\n<p><em>Ana Paula Moreira<\/em><\/p>\n","protected":false},"excerpt":{"rendered":"<p>USF<\/p>\n","protected":false},"author":3,"featured_media":243890,"comment_status":"open","ping_status":"open","sticky":false,"template":"","format":"standard","meta":[],"categories":[1],"tags":[354],"acf":[],"yoast_head":"<!-- This site is optimized with the Yoast SEO plugin v19.2 - https:\/\/yoast.com\/wordpress\/plugins\/seo\/ -->\n<title>\u201cUniverso Plasticoce\u00e2nico\u201d \u00e9 a Mostra de Frei Pedro Pinheiro em Bragan\u00e7a Paulista - Not\u00edcias - Franciscanos<\/title>\n<meta name=\"robots\" content=\"index, follow, max-snippet:-1, max-image-preview:large, max-video-preview:-1\" \/>\n<link rel=\"canonical\" href=\"https:\/\/franciscanos.org.br\/noticias\/universo-plasticoceanico-e-a-mostra-de-frei-pedro-pinheiro-em-braganca-paulista.html\" \/>\n<meta property=\"og:locale\" content=\"pt_BR\" \/>\n<meta property=\"og:type\" content=\"article\" \/>\n<meta property=\"og:title\" content=\"\u201cUniverso Plasticoce\u00e2nico\u201d \u00e9 a Mostra de Frei Pedro Pinheiro em Bragan\u00e7a Paulista - Not\u00edcias - Franciscanos\" \/>\n<meta property=\"og:description\" content=\"USF\" \/>\n<meta property=\"og:url\" content=\"https:\/\/franciscanos.org.br\/noticias\/universo-plasticoceanico-e-a-mostra-de-frei-pedro-pinheiro-em-braganca-paulista.html\" \/>\n<meta property=\"og:site_name\" content=\"Not\u00edcias - Franciscanos\" \/>\n<meta property=\"article:published_time\" content=\"2023-06-29T13:03:46+00:00\" \/>\n<meta property=\"og:image\" content=\"https:\/\/franciscanos.org.br\/noticias\/wp-content\/uploads\/2023\/06\/pedro_02.jpg\" \/>\n\t<meta property=\"og:image:width\" content=\"1280\" \/>\n\t<meta property=\"og:image:height\" content=\"720\" \/>\n\t<meta property=\"og:image:type\" content=\"image\/jpeg\" \/>\n<meta name=\"author\" content=\"moacir\" \/>\n<meta name=\"twitter:card\" content=\"summary_large_image\" \/>\n<meta name=\"twitter:label1\" content=\"Escrito por\" \/>\n\t<meta name=\"twitter:data1\" content=\"moacir\" \/>\n\t<meta name=\"twitter:label2\" content=\"Est. tempo de leitura\" \/>\n\t<meta name=\"twitter:data2\" content=\"2 minutos\" \/>\n<script type=\"application\/ld+json\" class=\"yoast-schema-graph\">{\"@context\":\"https:\/\/schema.org\",\"@graph\":[{\"@type\":\"WebSite\",\"@id\":\"https:\/\/franciscanos.org.br\/noticias\/#website\",\"url\":\"https:\/\/franciscanos.org.br\/noticias\/\",\"name\":\"Not\u00edcias - Franciscanos\",\"description\":\"Prov\u00edncia Franciscana da Imaculada Concei\u00e7\u00e3o do Brasil - Ordem dos Frades Menores - OFM\",\"potentialAction\":[{\"@type\":\"SearchAction\",\"target\":{\"@type\":\"EntryPoint\",\"urlTemplate\":\"https:\/\/franciscanos.org.br\/noticias\/?s={search_term_string}\"},\"query-input\":\"required name=search_term_string\"}],\"inLanguage\":\"pt-BR\"},{\"@type\":\"ImageObject\",\"inLanguage\":\"pt-BR\",\"@id\":\"https:\/\/franciscanos.org.br\/noticias\/universo-plasticoceanico-e-a-mostra-de-frei-pedro-pinheiro-em-braganca-paulista.html#primaryimage\",\"url\":\"https:\/\/franciscanos.org.br\/noticias\/wp-content\/uploads\/2023\/06\/pedro_02.jpg\",\"contentUrl\":\"https:\/\/franciscanos.org.br\/noticias\/wp-content\/uploads\/2023\/06\/pedro_02.jpg\",\"width\":1280,\"height\":720},{\"@type\":\"WebPage\",\"@id\":\"https:\/\/franciscanos.org.br\/noticias\/universo-plasticoceanico-e-a-mostra-de-frei-pedro-pinheiro-em-braganca-paulista.html#webpage\",\"url\":\"https:\/\/franciscanos.org.br\/noticias\/universo-plasticoceanico-e-a-mostra-de-frei-pedro-pinheiro-em-braganca-paulista.html\",\"name\":\"\u201cUniverso Plasticoce\u00e2nico\u201d \u00e9 a Mostra de Frei Pedro Pinheiro em Bragan\u00e7a Paulista - Not\u00edcias - Franciscanos\",\"isPartOf\":{\"@id\":\"https:\/\/franciscanos.org.br\/noticias\/#website\"},\"primaryImageOfPage\":{\"@id\":\"https:\/\/franciscanos.org.br\/noticias\/universo-plasticoceanico-e-a-mostra-de-frei-pedro-pinheiro-em-braganca-paulista.html#primaryimage\"},\"datePublished\":\"2023-06-29T13:03:46+00:00\",\"dateModified\":\"2023-06-29T13:03:46+00:00\",\"author\":{\"@id\":\"https:\/\/franciscanos.org.br\/noticias\/#\/schema\/person\/b5c8cba458c330ccff548b056e95a5d4\"},\"breadcrumb\":{\"@id\":\"https:\/\/franciscanos.org.br\/noticias\/universo-plasticoceanico-e-a-mostra-de-frei-pedro-pinheiro-em-braganca-paulista.html#breadcrumb\"},\"inLanguage\":\"pt-BR\",\"potentialAction\":[{\"@type\":\"ReadAction\",\"target\":[\"https:\/\/franciscanos.org.br\/noticias\/universo-plasticoceanico-e-a-mostra-de-frei-pedro-pinheiro-em-braganca-paulista.html\"]}]},{\"@type\":\"BreadcrumbList\",\"@id\":\"https:\/\/franciscanos.org.br\/noticias\/universo-plasticoceanico-e-a-mostra-de-frei-pedro-pinheiro-em-braganca-paulista.html#breadcrumb\",\"itemListElement\":[{\"@type\":\"ListItem\",\"position\":1,\"name\":\"Home\",\"item\":\"https:\/\/franciscanos.org.br\/noticias\"},{\"@type\":\"ListItem\",\"position\":2,\"name\":\"\u201cUniverso Plasticoce\u00e2nico\u201d \u00e9 a Mostra de Frei Pedro Pinheiro em Bragan\u00e7a Paulista\"}]},{\"@type\":\"Person\",\"@id\":\"https:\/\/franciscanos.org.br\/noticias\/#\/schema\/person\/b5c8cba458c330ccff548b056e95a5d4\",\"name\":\"moacir\",\"image\":{\"@type\":\"ImageObject\",\"inLanguage\":\"pt-BR\",\"@id\":\"https:\/\/franciscanos.org.br\/noticias\/#\/schema\/person\/image\/\",\"url\":\"https:\/\/secure.gravatar.com\/avatar\/d08aa2ce4c8dd416d4479aa8536fcf64?s=96&d=mm&r=g\",\"contentUrl\":\"https:\/\/secure.gravatar.com\/avatar\/d08aa2ce4c8dd416d4479aa8536fcf64?s=96&d=mm&r=g\",\"caption\":\"moacir\"},\"url\":\"https:\/\/franciscanos.org.br\/noticias\/author\/moacir\"}]}<\/script>\n<!-- \/ Yoast SEO plugin. -->","yoast_head_json":{"title":"\u201cUniverso Plasticoce\u00e2nico\u201d \u00e9 a Mostra de Frei Pedro Pinheiro em Bragan\u00e7a Paulista - Not\u00edcias - Franciscanos","robots":{"index":"index","follow":"follow","max-snippet":"max-snippet:-1","max-image-preview":"max-image-preview:large","max-video-preview":"max-video-preview:-1"},"canonical":"https:\/\/franciscanos.org.br\/noticias\/universo-plasticoceanico-e-a-mostra-de-frei-pedro-pinheiro-em-braganca-paulista.html","og_locale":"pt_BR","og_type":"article","og_title":"\u201cUniverso Plasticoce\u00e2nico\u201d \u00e9 a Mostra de Frei Pedro Pinheiro em Bragan\u00e7a Paulista - Not\u00edcias - Franciscanos","og_description":"USF","og_url":"https:\/\/franciscanos.org.br\/noticias\/universo-plasticoceanico-e-a-mostra-de-frei-pedro-pinheiro-em-braganca-paulista.html","og_site_name":"Not\u00edcias - Franciscanos","article_published_time":"2023-06-29T13:03:46+00:00","og_image":[{"width":1280,"height":720,"url":"https:\/\/franciscanos.org.br\/noticias\/wp-content\/uploads\/2023\/06\/pedro_02.jpg","type":"image\/jpeg"}],"author":"moacir","twitter_card":"summary_large_image","twitter_misc":{"Escrito por":"moacir","Est. tempo de leitura":"2 minutos"},"schema":{"@context":"https:\/\/schema.org","@graph":[{"@type":"WebSite","@id":"https:\/\/franciscanos.org.br\/noticias\/#website","url":"https:\/\/franciscanos.org.br\/noticias\/","name":"Not\u00edcias - Franciscanos","description":"Prov\u00edncia Franciscana da Imaculada Concei\u00e7\u00e3o do Brasil - Ordem dos Frades Menores - OFM","potentialAction":[{"@type":"SearchAction","target":{"@type":"EntryPoint","urlTemplate":"https:\/\/franciscanos.org.br\/noticias\/?s={search_term_string}"},"query-input":"required name=search_term_string"}],"inLanguage":"pt-BR"},{"@type":"ImageObject","inLanguage":"pt-BR","@id":"https:\/\/franciscanos.org.br\/noticias\/universo-plasticoceanico-e-a-mostra-de-frei-pedro-pinheiro-em-braganca-paulista.html#primaryimage","url":"https:\/\/franciscanos.org.br\/noticias\/wp-content\/uploads\/2023\/06\/pedro_02.jpg","contentUrl":"https:\/\/franciscanos.org.br\/noticias\/wp-content\/uploads\/2023\/06\/pedro_02.jpg","width":1280,"height":720},{"@type":"WebPage","@id":"https:\/\/franciscanos.org.br\/noticias\/universo-plasticoceanico-e-a-mostra-de-frei-pedro-pinheiro-em-braganca-paulista.html#webpage","url":"https:\/\/franciscanos.org.br\/noticias\/universo-plasticoceanico-e-a-mostra-de-frei-pedro-pinheiro-em-braganca-paulista.html","name":"\u201cUniverso Plasticoce\u00e2nico\u201d \u00e9 a Mostra de Frei Pedro Pinheiro em Bragan\u00e7a Paulista - Not\u00edcias - Franciscanos","isPartOf":{"@id":"https:\/\/franciscanos.org.br\/noticias\/#website"},"primaryImageOfPage":{"@id":"https:\/\/franciscanos.org.br\/noticias\/universo-plasticoceanico-e-a-mostra-de-frei-pedro-pinheiro-em-braganca-paulista.html#primaryimage"},"datePublished":"2023-06-29T13:03:46+00:00","dateModified":"2023-06-29T13:03:46+00:00","author":{"@id":"https:\/\/franciscanos.org.br\/noticias\/#\/schema\/person\/b5c8cba458c330ccff548b056e95a5d4"},"breadcrumb":{"@id":"https:\/\/franciscanos.org.br\/noticias\/universo-plasticoceanico-e-a-mostra-de-frei-pedro-pinheiro-em-braganca-paulista.html#breadcrumb"},"inLanguage":"pt-BR","potentialAction":[{"@type":"ReadAction","target":["https:\/\/franciscanos.org.br\/noticias\/universo-plasticoceanico-e-a-mostra-de-frei-pedro-pinheiro-em-braganca-paulista.html"]}]},{"@type":"BreadcrumbList","@id":"https:\/\/franciscanos.org.br\/noticias\/universo-plasticoceanico-e-a-mostra-de-frei-pedro-pinheiro-em-braganca-paulista.html#breadcrumb","itemListElement":[{"@type":"ListItem","position":1,"name":"Home","item":"https:\/\/franciscanos.org.br\/noticias"},{"@type":"ListItem","position":2,"name":"\u201cUniverso Plasticoce\u00e2nico\u201d \u00e9 a Mostra de Frei Pedro Pinheiro em Bragan\u00e7a Paulista"}]},{"@type":"Person","@id":"https:\/\/franciscanos.org.br\/noticias\/#\/schema\/person\/b5c8cba458c330ccff548b056e95a5d4","name":"moacir","image":{"@type":"ImageObject","inLanguage":"pt-BR","@id":"https:\/\/franciscanos.org.br\/noticias\/#\/schema\/person\/image\/","url":"https:\/\/secure.gravatar.com\/avatar\/d08aa2ce4c8dd416d4479aa8536fcf64?s=96&d=mm&r=g","contentUrl":"https:\/\/secure.gravatar.com\/avatar\/d08aa2ce4c8dd416d4479aa8536fcf64?s=96&d=mm&r=g","caption":"moacir"},"url":"https:\/\/franciscanos.org.br\/noticias\/author\/moacir"}]}},"_links":{"self":[{"href":"https:\/\/franciscanos.org.br\/noticias\/wp-json\/wp\/v2\/posts\/243889"}],"collection":[{"href":"https:\/\/franciscanos.org.br\/noticias\/wp-json\/wp\/v2\/posts"}],"about":[{"href":"https:\/\/franciscanos.org.br\/noticias\/wp-json\/wp\/v2\/types\/post"}],"author":[{"embeddable":true,"href":"https:\/\/franciscanos.org.br\/noticias\/wp-json\/wp\/v2\/users\/3"}],"replies":[{"embeddable":true,"href":"https:\/\/franciscanos.org.br\/noticias\/wp-json\/wp\/v2\/comments?post=243889"}],"version-history":[{"count":1,"href":"https:\/\/franciscanos.org.br\/noticias\/wp-json\/wp\/v2\/posts\/243889\/revisions"}],"predecessor-version":[{"id":243893,"href":"https:\/\/franciscanos.org.br\/noticias\/wp-json\/wp\/v2\/posts\/243889\/revisions\/243893"}],"wp:featuredmedia":[{"embeddable":true,"href":"https:\/\/franciscanos.org.br\/noticias\/wp-json\/wp\/v2\/media\/243890"}],"wp:attachment":[{"href":"https:\/\/franciscanos.org.br\/noticias\/wp-json\/wp\/v2\/media?parent=243889"}],"wp:term":[{"taxonomy":"category","embeddable":true,"href":"https:\/\/franciscanos.org.br\/noticias\/wp-json\/wp\/v2\/categories?post=243889"},{"taxonomy":"post_tag","embeddable":true,"href":"https:\/\/franciscanos.org.br\/noticias\/wp-json\/wp\/v2\/tags?post=243889"}],"curies":[{"name":"wp","href":"https:\/\/api.w.org\/{rel}","templated":true}]}}