{"id":243880,"date":"2023-06-29T07:29:02","date_gmt":"2023-06-29T10:29:02","guid":{"rendered":"https:\/\/franciscanos.org.br\/noticias\/?p=243880"},"modified":"2023-06-29T11:10:54","modified_gmt":"2023-06-29T14:10:54","slug":"papa-inspirar-se-em-pedro-e-paulo-para-uma-igreja-humilde-e-aberta","status":"publish","type":"post","link":"https:\/\/franciscanos.org.br\/noticias\/papa-inspirar-se-em-pedro-e-paulo-para-uma-igreja-humilde-e-aberta.html","title":{"rendered":"Papa: inspirar-se em Pedro e Paulo para uma Igreja humilde e aberta"},"content":{"rendered":"<div id=\"attachment_243881\" style=\"width: 1155px\" class=\"wp-caption alignnone\"><img aria-describedby=\"caption-attachment-243881\" loading=\"lazy\" class=\"wp-image-243881 \" src=\"https:\/\/franciscanos.org.br\/noticias\/wp-content\/uploads\/2023\/06\/papa_pedro_29.jpeg\" alt=\"\" width=\"1145\" height=\"644\" srcset=\"https:\/\/franciscanos.org.br\/noticias\/wp-content\/uploads\/2023\/06\/papa_pedro_29.jpeg 750w, https:\/\/franciscanos.org.br\/noticias\/wp-content\/uploads\/2023\/06\/papa_pedro_29-450x253.jpeg 450w, https:\/\/franciscanos.org.br\/noticias\/wp-content\/uploads\/2023\/06\/papa_pedro_29-150x84.jpeg 150w\" sizes=\"(max-width: 1145px) 100vw, 1145px\" \/><p id=\"caption-attachment-243881\" class=\"wp-caption-text\"><em>Imagem: Vatican Media<\/em><\/p><\/div>\n<p>Seguimento e an\u00fancio: estas foram as duas palavras ressaltadas pelo Papa na homilia da Solenidade dos Santos Pedro e Paulo, festejada neste 29 de junho. No Brasil, a data foi transferida para o pr\u00f3ximo domingo, 2 de julho.<\/p>\n<p>Na Bas\u00edlica de S\u00e3o Pedro, concelebraram com o Pont\u00edfice os 32 arcebispos nomeados no ano passado. Entre eles, h\u00e1 quatro lus\u00f3fonos: tr\u00eas brasileiros e um mo\u00e7ambicano: Dom Jos\u00e9 Carlos Souza Campos, de Montes Claros (MG); Dom Juarez Sousa da Silva, de Teresina (PI); Dom Paulo Jackson N\u00f3brega de Sousa, de Olinda e Recife (PE); e Dom Jo\u00e3o Carlos Hatoa Nunes, de Maputo. Na celebra\u00e7\u00e3o, o Papa aben\u00e7oou os p\u00e1lios, que depois ser\u00e3o impostos pelo N\u00fancio na arquidiocese, junto \u00e0 comunidade local.<\/p>\n<p>Na Bas\u00edlica, como \u00e9 tradi\u00e7\u00e3o, tamb\u00e9m estava presente uma delega\u00e7\u00e3o do Patriarcado Ecum\u00eanico de Constantinopla. A Santa S\u00e9 retribui o gesto fraterno, enviando um representante na Festa de Santo Andr\u00e9, em 30 de novembro, padroeiro da Igreja local.<\/p>\n<p>J\u00e1 em sua homilia, Francisco se inspirou na pergunta que Jesus dirige aos disc\u00edpulos, contida no Evangelho de Mateus: \u201cV\u00f3s, quem dizeis que Eu sou?\u201d (Mt 16, 15). Para o Pont\u00edfice, esta \u00e9 a pergunta fundamental, a mais importante: Quem \u00e9 Jesus para mim?<\/p>\n<p>Os dois Ap\u00f3stolos responderam a esta pergunta de modo diferente. A de Pedro poderia se resumir em uma palavra: seguimento. Pedro largou tudo para ir atr\u00e1s do Senhor. E o Evangelho sublinha que foi \u201cimediatamente\u201d, n\u00e3o disse a Jesus que iria pensar, fazer c\u00e1lculos para ver se lhe convinha, n\u00e3o apresentou desculpas para adiar a decis\u00e3o, mas deixou as redes e O seguiu. Haveria de descobrir tudo dia ap\u00f3s dia, no seguimento de Jesus.<\/p>\n<p>Aquela anota\u00e7\u00e3o \u201cimediatamente\u201d, acrescentou o Papa, vale tamb\u00e9m para n\u00f3s: se h\u00e1 tantas coisas na vida que podemos adiar, o seguimento de Jesus n\u00e3o pode ser uma delas. E aten\u00e7\u00e3o! Pois algumas desculpas aparecem disfar\u00e7adas de espiritualidade, como \u201cn\u00e3o sou digno\u201d, \u201cn\u00e3o sou capaz\u201d. Para Francisco, s\u00e3o artimanhas do diabo, que nos rouba a confian\u00e7a na gra\u00e7a de Deus. A li\u00e7\u00e3o de Pedro, portanto, \u00e9: devemos nos desprender de nossas seguran\u00e7as terrenas, imediatamente, e seguir Jesus todos os dias.<\/p>\n<p>J\u00e1 a resposta de Paulo se resume na palavra an\u00fancio. No caminho de Damasco, Jesus foi ao seu encontro e cegou-o com a sua luz, ou melhor, gra\u00e7as \u00e0quela luz, Saulo deu-se conta de quanto era cego. Assim, consagra a sua vida a percorrer terra e mar, cidades e aldeias, para anunciar Jesus Cristo.<\/p>\n<p>Portanto, \u00e0 pergunta \u201cquem \u00e9 Jesus para mim\u201d, Paulo n\u00e3o responde com uma religiosidade intimista, mas com a inquieta\u00e7\u00e3o de levar o Evangelho aos outros. Tamb\u00e9m hoje, observou o Papa, a Igreja tem necessidade de colocar o an\u00fancio no centro, que n\u00e3o se cansa de repetir: \u201cAi de mim se eu n\u00e3o evangelizar\u201d. Uma Igreja que precisa anunciar como necessita de oxig\u00eanio para respirar.<\/p>\n<p>Francisco exortou os fi\u00e9is a se inspirarem nos Ap\u00f3stolos Pedro e Paulo para crescer como Igreja do seguimento, como Igreja humilde que nunca d\u00e1 por terminada a busca do Senhor, tornando-se simultaneamente uma Igreja aberta, que encontra a sua alegria n\u00e3o nas coisas do mundo, mas no an\u00fancio do Evangelho ao mundo.<\/p>\n<p>Dirigindo-se aos Arcebispos que recebem o P\u00e1lio, pede que sejam ap\u00f3stolos como Pedro e Paulo, disc\u00edpulos no seguimento e ap\u00f3stolos no an\u00fancio. Por fim, o Pont\u00edfice saudou a Delega\u00e7\u00e3o do Patriarcado Ecum\u00eanico de Constantinopla, enviada por Bartolomeu. \u201cObrigado pela presen\u00e7a! Caminhemos juntos, no seguimento e no an\u00fancio da Palavra, crescendo na fraternidade. Que Pedro e Paulo nos acompanhem e intercedam por n\u00f3s.\u201d<\/p>\n<div class=\"testo\">\n<div class=\"abstract text parbase vaticanrichtext\">\n<hr \/>\n<p><i><b><span class=\"title-1-color\">\u00cdNTEGRA DA HOMILIA DO PAPA FRANCISCO<\/span><\/b><\/i><\/p>\n<p><i><span class=\"color-text\">Bas\u00edlica de S\u00e3o Pedro<br \/>\nQuinta-feira, 29 de junho de 2023<\/span><\/i><\/p>\n<\/div>\n<div class=\"text parbase vaticanrichtext\">\n<p>Pedro e Paulo, dois Ap\u00f3stolos enamorados do Senhor, duas colunas da f\u00e9 da Igreja&#8230; E enquanto contemplamos a sua vida, o Evangelho de hoje coloca diante de n\u00f3s a pergunta que Jesus dirige aos seus: \u00abV\u00f3s, quem dizeis que Eu sou?\u00bb (<i>Mt<\/i>\u00a016, 15). Esta \u00e9 a pergunta fundamental, a mais importante: Quem \u00e9 Jesus para mim? Quem \u00e9 Jesus na minha vida? Vejamos como os dois Ap\u00f3stolos responderam a esta pergunta.<\/p>\n<p>A resposta de Pedro poder-se-ia resumir numa palavra:\u00a0<i>seguimento<\/i>. Pedro vive os seus dias no seguimento do Senhor. Naquele dia, quando Jesus interpelou os disc\u00edpulos em Cesareia de Filipe, Pedro respondeu com uma estupenda profiss\u00e3o de f\u00e9: \u00abTu \u00e9s o Messias, o Filho do Deus vivo\u00bb (<i>Mt<\/i>\u00a016, 16). Uma resposta impec\u00e1vel, precisa, pontual! Poder\u00edamos falar duma resposta \u00abde catecismo\u00bb perfeita. Mas tal resposta \u00e9 fruto dum caminho: s\u00f3 depois de ter vivido a fascinante aventura de seguir o Senhor, s\u00f3 depois de ter caminhado com Ele, seguindo os seus passos durante muito tempo, \u00e9 que Pedro chegou \u00e0quela maturidade espiritual que, por gra\u00e7a, por pura gra\u00e7a, o leva a t\u00e3o clara profiss\u00e3o de f\u00e9.<\/p>\n<p>De facto, como narra o mesmo evangelista Mateus, tudo tinha come\u00e7ado naquele dia em que Jesus, passando ao longo do mar da Galileia, o chamou, juntamente com seu irm\u00e3o Andr\u00e9: \u00abeles deixaram as redes imediatamente e seguiram-No\u00bb (<i>Mt<\/i>\u00a04, 20). Pedro largou tudo, para ir atr\u00e1s do Senhor. E o Evangelho sublinha: \u00abimediatamente\u00bb. Pedro n\u00e3o disse a Jesus que iria pensar nisso, n\u00e3o fez c\u00e1lculos para ver se lhe convinha, n\u00e3o apresentou desculpas para adiar a decis\u00e3o, mas deixou as redes e seguiu-O, sem pedir antecipadamente qualquer seguran\u00e7a. Haveria de descobrir tudo\u00a0<i>dia ap\u00f3s dia<\/i>, no seguimento de Jesus, caminhando atr\u00e1s d\u2019Ele. N\u00e3o \u00e9 por acaso que as \u00faltimas palavras \u2013 segundo os Evangelhos \u2013 que Jesus lhe dirige s\u00e3o: \u00abTu, segue-Me\u00bb (<i>Jo<\/i>\u00a021, 22), isto \u00e9, o seguimento.<\/p>\n<p>Assim Pedro diz-nos que, \u00e0 pergunta \u00abquem \u00e9 Jesus para mim\u00bb, n\u00e3o basta responder com uma f\u00f3rmula doutrinal impec\u00e1vel nem mesmo com uma ideia que formamos duma vez por todas. N\u00e3o. Mas \u00e9 perseverando todos os dias no seguimento do Senhor que aprendemos a conhec\u00ea-Lo; \u00e9 fazendo-nos seus disc\u00edpulos e acolhendo a sua Palavra que nos tornamos seus amigos e experimentamos o amor d\u2019Ele que nos transforma. Aquela anota\u00e7\u00e3o \u00abimediatamente\u00bb vale tamb\u00e9m para n\u00f3s: se h\u00e1 tantas coisas na vida que podemos adiar, o seguimento de Jesus n\u00e3o pode ser uma delas; nisto n\u00e3o se pode hesitar, nem apresentar desculpas. E aten\u00e7\u00e3o! Pois algumas desculpas aparecem disfar\u00e7adas de espiritualidade, como quando se diz \u00abn\u00e3o sou digno\u00bb, \u00abn\u00e3o sou capaz\u00bb, \u00abque posso fazer eu?\u00bb. Trata-se de artimanhas do diabo, que nos rouba a confian\u00e7a na gra\u00e7a de Deus, fazendo-nos crer que tudo depende das nossas capacidades.<\/p>\n<p>Devemos desprender-nos das nossas seguran\u00e7as \u2013 seguran\u00e7as terrenas \u2013, imediatamente, e seguir Jesus todos os dias: tal \u00e9 a li\u00e7\u00e3o que Pedro nos d\u00e1 hoje, convidando-nos a ser uma Igreja-em-seguimento. Igreja-em-seguimento. Igreja que deseja ser disc\u00edpula do Senhor e humilde serva do Evangelho. S\u00f3 assim ser\u00e1 capaz de dialogar com todos e tornar-se lugar de acompanhamento, proximidade, esperan\u00e7a para as mulheres e os homens do nosso tempo. S\u00f3 assim, quem est\u00e1 mais longe e muitas vezes nos olha com desconfian\u00e7a ou indiferen\u00e7a, poder\u00e1 finalmente reconhecer que \u00aba Igreja \u2013 como dizia o Papa Bento \u2013 \u00e9 o lugar de encontro com o Filho de Deus vivo e, deste modo, constitui o lugar de encontro entre n\u00f3s\u00bb (<i><a href=\"https:\/\/www.vatican.va\/content\/benedict-xvi\/pt\/homilies\/2006\/documents\/hf_ben-xvi_hom_20061210_star-evangelization.html\">Homilia do II Domingo do Advento<\/a><\/i>, 10\/XII\/2006).<\/p>\n<p>Consideremos agora o Ap\u00f3stolo dos gentios. Se a resposta de Pedro consistia no seguimento, a de Paulo \u00e9\u00a0<i>o an\u00fancio<\/i>, o an\u00fancio do Evangelho. Tamb\u00e9m para ele, tudo come\u00e7ou por gra\u00e7a, por iniciativa do Senhor. No caminho de Damasco, enquanto se empenhava com orgulho na persegui\u00e7\u00e3o dos crist\u00e3os, entrincheirado nas suas convic\u00e7\u00f5es religiosas, veio ao seu encontro Jesus ressuscitado e cegou-o com a sua luz, ou melhor, gra\u00e7as \u00e0quela luz, Saulo deu-se conta de quanto era cego. Fechado no orgulho da sua r\u00edgida observ\u00e2ncia, descobre em Jesus a realiza\u00e7\u00e3o do mist\u00e9rio da salva\u00e7\u00e3o. E desde ent\u00e3o, comparando-as com a sublimidade do conhecimento de Cristo, considera todas as suas seguran\u00e7as humanas e religiosas como \u00abesterco\u00bb (<i>Flp<\/i>\u00a03, 8). Assim Paulo consagra a sua vida a percorrer terra e mar, cidades e aldeias, n\u00e3o se importando de padecer car\u00eancias e persegui\u00e7\u00f5es, contanto que possa anunciar Jesus Cristo. Por outro lado, quase parece que ele, quanto mais anuncia o Evangelho, tanto mais conhece Jesus. O an\u00fancio da Palavra aos outros permite-lhe, a ele tamb\u00e9m, penetrar nas profundezas do mist\u00e9rio de Deus; a ele, Paulo, que escreveu \u00abai de mim se eu n\u00e3o evangelizar\u00bb (<i>1 Cor<\/i>\u00a09, 16); a ele que confessa, \u00abpara mim, viver \u00e9 Cristo\u00bb (<i>Flp<\/i>\u00a01, 21).<\/p>\n<p>Portanto Paulo diz-nos que, \u00e0 pergunta \u00abquem \u00e9 Jesus para mim\u00bb, n\u00e3o se responde com uma religiosidade intimista, que nos deixa tranquilos sem fomentar em n\u00f3s a inquieta\u00e7\u00e3o de levar o Evangelho aos outros. O Ap\u00f3stolo ensina que tanto mais crescemos na f\u00e9 e no conhecimento do mist\u00e9rio de Cristo, quanto mais formos seus arautos e testemunhas. E isto acontece sempre:\u00a0<i>quando evangelizamos, ficamos evangelizados<\/i>. \u00c9 experi\u00eancia de todos os dias: quando evangelizamos, ficamos evangelizados. A Palavra, que levamos aos outros, regressa a n\u00f3s numa medida maior do que a usada para a oferecer (cf.\u00a0<i>Lc<\/i>\u00a06, 38). E tamb\u00e9m hoje a Igreja tem necessidade disto: de colocar o an\u00fancio no centro, de ser uma Igreja que n\u00e3o se cansa de repetir, \u00abpara mim, viver \u00e9 Cristo\u00bb e \u00abai de mim se eu n\u00e3o evangelizar\u00bb. Uma Igreja que precisa de anunciar, como necessita de oxig\u00e9nio para respirar, que n\u00e3o pode viver sem transmitir o abra\u00e7o do amor de Deus e a alegria do Evangelho.<\/p>\n<p>Irm\u00e3os e irm\u00e3s, festejamos Pedro e Paulo. Eles responderam \u00e0 pergunta fundamental da vida \u2013 quem \u00e9 Jesus para mim? \u2013 vivendo o seguimento de Jesus e anunciando o Evangelho. \u00c9 bom crescer como Igreja do seguimento, como Igreja humilde que nunca d\u00e1 por terminada a busca do Senhor, tornando-se simultaneamente uma Igreja aberta, que encontra a sua alegria, n\u00e3o nas coisas do mundo, mas no an\u00fancio do Evangelho ao mundo a fim de semear no cora\u00e7\u00e3o das pessoas a inquieta\u00e7\u00e3o de Deus. Com humildade e alegria, h\u00e1 de levar o Senhor Jesus a todo o lado: \u00e0 nossa cidade de Roma, \u00e0s nossas fam\u00edlias, \u00e0s rela\u00e7\u00f5es e vizinhan\u00e7as, \u00e0 sociedade civil, \u00e0 Igreja, \u00e0 pol\u00edtica, ao mundo inteiro, especialmente onde se verifica pobreza, degrada\u00e7\u00e3o e marginaliza\u00e7\u00e3o.<\/p>\n<p>E, hoje, enquanto alguns dos nossos irm\u00e3os Arcebispos recebem o P\u00e1lio, sinal de comunh\u00e3o com a Igreja de Roma, quero dizer-lhes: Sede ap\u00f3stolos como Pedro e Paulo. Sede disc\u00edpulos no seguimento e ap\u00f3stolos no an\u00fancio; juntamente com todo o Povo de Deus, levai por toda a parte a beleza do Evangelho. Por fim, quero dirigir a minha afetuosa sauda\u00e7\u00e3o \u00e0 Delega\u00e7\u00e3o do Patriarcado Ecum\u00e9nico, enviada aqui pelo car\u00edssimo irm\u00e3o Sua Santidade Bartolomeu. Obrigado pela vossa presen\u00e7a. Obrigado! Caminhemos juntos, caminhemos juntos no seguimento e no an\u00fancio da Palavra, crescendo na fraternidade. Que Pedro e Paulo nos acompanhem e intercedam por todos n\u00f3s.<\/p>\n<hr \/>\n<h2>Papa no Angelus: Pedro n\u00e3o \u00e9 um super-her\u00f3i. A Igreja precisa de pessoas verdadeiras<\/h2>\n<p>Depois de celebrar a missa na Bas\u00edlica Vaticana por ocasi\u00e3o da Solenidade dos Santos Ap\u00f3stolos Pedro e Paulo, o Papa rezou com os fi\u00e9is reunidos na Pra\u00e7a S\u00e3o Pedro a ora\u00e7\u00e3o do Angelus. \u00c9 feriado no Vaticano e na cidade de Roma, que celebra os seus padroeiros.<\/p>\n<p>Em sua alocu\u00e7\u00e3o, Francisco comentou uma frase do Evangelho de Mateus, quando Jesus diz a Sim\u00e3o: &#8220;Tu \u00e9s Pedro, e sobre esta pedra edificarei a minha Igreja&#8221; (Mt 16,18). Pedro, explicou o Pont\u00edfice, \u00e9 um nome que tem v\u00e1rios significados: pode significar rocha, pedra ou simplesmente pedregulho. E a personalidade do Ap\u00f3stolo inclui um pouco de todos os tr\u00eas aspectos.<\/p>\n<p>Pedro \u00e9 uma rocha: em muitos momentos ele \u00e9 forte e firme, genu\u00edno e generoso. Ele deixa tudo para seguir Jesus. Com franqueza e coragem, ele anuncia Jesus no Templo, antes e depois de ser preso e flagelado. A tradi\u00e7\u00e3o tamb\u00e9m nos fala de sua firmeza diante do mart\u00edrio.<\/p>\n<p>Pedro, por\u00e9m, \u00e9 tamb\u00e9m uma pedra, apta a oferecer apoio aos outros: uma pedra que, fundada em Cristo, atua como apoio aos irm\u00e3os para a constru\u00e7\u00e3o da Igreja. Cuida de quem sofre, promove e encoraja o comum an\u00fancio do Evangelho.<\/p>\n<p>Mas Pedro tamb\u00e9m \u00e9 um simples pedregulho: sua pequenez frequentemente vem \u00e0 tona. Diante da pris\u00e3o de Jesus, \u00e9 tomado pelo medo e o nega, depois se arrepende e chora. Ele se esconde com os outros no cen\u00e1culo, com medo de ser preso. Em Antioquia, se sente envergonhado por estar com os pag\u00e3os convertidos e de acordo com a tradi\u00e7\u00e3o do Quo vadis, tenta fugir diante do mart\u00edrio, mas encontra Jesus na estrada e tem coragem para retornar.<\/p>\n<p>Pedro ent\u00e3o n\u00e3o \u00e9 um super-homem, afirmou o Papa: \u00e9 um homem como n\u00f3s, que diz &#8220;sim&#8221; a Jesus com generosidade em sua imperfei\u00e7\u00e3o. E \u00e9 com essa humanidade verdadeira que o Esp\u00edrito forma a Igreja. \u201cPedro e Paulo eram pessoas verdadeiras, e n\u00f3s, hoje mais do que nunca, precisamos de pessoas verdadeiras.\u201d<\/p>\n<p>Francisco se dirige aos fi\u00e9is, exortando-os a fazer algumas perguntas: somos pedras, n\u00e3o pedras de trope\u00e7o, mas de constru\u00e7\u00e3o para a Igreja? Pensando no pedregulho: temos consci\u00eancia de nossa pequenez? E acima de tudo: em nossas fraquezas, confiamos no Senhor, que realiza grandes coisas em quem \u00e9 humilde e sincero?<\/p>\n<p>\u201cMaria, Rainha dos Ap\u00f3stolos, ajude-nos a imitar a for\u00e7a, a generosidade e a humildade dos Santos Pedro e Paulo.\u201d<\/p>\n<\/div>\n<\/div>\n<div id=\"attachment_243886\" style=\"width: 996px\" class=\"wp-caption alignnone\"><img aria-describedby=\"caption-attachment-243886\" loading=\"lazy\" class=\"wp-image-243886\" src=\"https:\/\/franciscanos.org.br\/noticias\/wp-content\/uploads\/2023\/06\/pedro_paulo.jpeg\" alt=\"\" width=\"986\" height=\"555\" srcset=\"https:\/\/franciscanos.org.br\/noticias\/wp-content\/uploads\/2023\/06\/pedro_paulo.jpeg 750w, https:\/\/franciscanos.org.br\/noticias\/wp-content\/uploads\/2023\/06\/pedro_paulo-450x253.jpeg 450w, https:\/\/franciscanos.org.br\/noticias\/wp-content\/uploads\/2023\/06\/pedro_paulo-150x84.jpeg 150w\" sizes=\"(max-width: 986px) 100vw, 986px\" \/><p id=\"caption-attachment-243886\" class=\"wp-caption-text\"><em>Imagem: Vatican Media<\/em><\/p><\/div>\n<h2>P\u00e1lio, um chamado para viver a comunh\u00e3o com o Papa<\/h2>\n<p>&#8220;Serei sempre fiel e obediente ao Bem-aventurado Ap\u00f3stolo Pedro, \u00e0 Santa e Apost\u00f3lica Igreja de Roma, a ti, Sumo Pont\u00edfice, e a teus leg\u00edtimos sucessores. Assim me ajude Deus Onipotente.&#8221;<\/p>\n<p>Este \u00e9 o juramento a ser feito na manh\u00e3 deste dia 29 de junho pelos arcebispos metropolitanos nomeados durante o ano, a quem o Papa Francisco concede o p\u00e1lio, o paramento lit\u00fargico s\u00edmbolo da comunh\u00e3o com a Igreja de Roma. O rito tem lugar no in\u00edcio da Celebra\u00e7\u00e3o Eucar\u00edstica da Solenidade dos Santos Pedro e Paulo, na Bas\u00edlica Vaticana, \u00e0s 9h30, hor\u00e1rio italiano.<\/p>\n<p>S\u00e3o 32 arcebispos metropolitanos que pediram para receber o p\u00e1lio e aos quais ser\u00e1 imposto na pr\u00f3pria sede pelo n\u00fancio apost\u00f3lico local. Destes, 29 que estar\u00e3o presentes na Missa presidida pelo Papa, entre os quais quatro lus\u00f3fono, tr\u00eas brasileiros e um mo\u00e7ambicano. Trata-se de Dom Jos\u00e9 Carlos Souza Campos, de Montes Claros (MG); Dom Juarez Sousa da Silva, de Teresina (PI); Dom Paulo Jackson N\u00f3brega de Sousa, de Olinda e Recife (PE); e Dom Jo\u00e3o Carlos Hatoa Nunes, de Maputo.<\/p>\n<p>Tamb\u00e9m presente <strong>Dom Ivan Maffeis<\/strong>, nomeado no dia 16 de julho do ano passado \u00e0 frente da Arquidiocese de Perugia &#8211; Citt\u00e0 della Pieve. Falando ao <em>Vatican News,<\/em> o arcebispo italiano destaca que o p\u00e1lio \u00e9 um chamado \u00e0 comunh\u00e3o quer para os pastores como para as comunidades de fi\u00e9is.<\/p>\n<p><strong>O senhor ocupou v\u00e1rios cargos na Confer\u00eancia Episcopal Italiana e h\u00e1 cerca de um ano \u00e9 arcebispo de Perugia &#8211; Citt\u00e0 della Pieve, agora recebes o p\u00e1lio. Qual o valor, o significado do p\u00e1lio?<\/strong><\/p>\n<p><em>\u00c9 um sinal de profunda comunh\u00e3o com o Santo Padre; por um lado, \u00e9 um chamado a viver esta comunh\u00e3o e, por outro, \u00e9 tamb\u00e9m um dom que acolho como sinal de Igreja, portanto com um sopro de gratid\u00e3o e responsabilidade.<\/em><\/p>\n<p><strong>O p\u00e1lio \u00e9 um s\u00edmbolo de comunh\u00e3o com a Igreja de Roma. Como os fi\u00e9is vivem esta comunh\u00e3o?<\/strong><\/p>\n<p><em>Acredito que seja importante para n\u00f3s bispos ser cada vez mais fi\u00e9is, estar cada vez mais em conformidade com o Magist\u00e9rio do Papa, portanto, procurar ouvi-lo, abrir espa\u00e7o antes de tudo na nossa vida e, portanto, no nosso servi\u00e7o, \u00e0s suas indica\u00e7\u00f5es e ao seu testemunho, \u00e0 palavra e \u00e0 obra que o Santo Padre est\u00e1 realizando. Nas comunidades encontro grande aten\u00e7\u00e3o pela figura do Papa, encontro carinho, encontro estima, e encontro tamb\u00e9m uma expectativa de que as reformas que ele est\u00e1 realizando possam se concretizar, a come\u00e7ar por uma reforma que nos reconduza ao frescor e alegria do Evangelho.<\/em><\/p>\n<hr \/>\n<p><em>Fonte: Vatican News (texto de Bianca Fraccalvieri e Tiziana Campisi )<\/em><\/p>\n","protected":false},"excerpt":{"rendered":"<p>Solenidade de S\u00e3o Pedro e S\u00e3o Paulo<\/p>\n","protected":false},"author":3,"featured_media":243881,"comment_status":"open","ping_status":"open","sticky":false,"template":"","format":"standard","meta":[],"categories":[1428],"tags":[1744],"acf":[],"yoast_head":"<!-- This site is optimized with the Yoast SEO plugin v19.2 - https:\/\/yoast.com\/wordpress\/plugins\/seo\/ -->\n<title>Papa: inspirar-se em Pedro e Paulo para uma Igreja humilde e aberta - Not\u00edcias - Franciscanos<\/title>\n<meta name=\"robots\" content=\"index, follow, max-snippet:-1, max-image-preview:large, max-video-preview:-1\" \/>\n<link rel=\"canonical\" href=\"https:\/\/franciscanos.org.br\/noticias\/papa-inspirar-se-em-pedro-e-paulo-para-uma-igreja-humilde-e-aberta.html\" \/>\n<meta property=\"og:locale\" content=\"pt_BR\" \/>\n<meta property=\"og:type\" content=\"article\" \/>\n<meta property=\"og:title\" content=\"Papa: inspirar-se em Pedro e Paulo para uma Igreja humilde e aberta - Not\u00edcias - Franciscanos\" \/>\n<meta property=\"og:description\" content=\"Solenidade de S\u00e3o Pedro e S\u00e3o Paulo\" \/>\n<meta property=\"og:url\" content=\"https:\/\/franciscanos.org.br\/noticias\/papa-inspirar-se-em-pedro-e-paulo-para-uma-igreja-humilde-e-aberta.html\" \/>\n<meta property=\"og:site_name\" content=\"Not\u00edcias - Franciscanos\" \/>\n<meta property=\"article:published_time\" content=\"2023-06-29T10:29:02+00:00\" \/>\n<meta property=\"article:modified_time\" content=\"2023-06-29T14:10:54+00:00\" \/>\n<meta property=\"og:image\" content=\"https:\/\/franciscanos.org.br\/noticias\/wp-content\/uploads\/2023\/06\/papa_pedro_29.jpeg\" \/>\n\t<meta property=\"og:image:width\" content=\"750\" \/>\n\t<meta property=\"og:image:height\" content=\"422\" \/>\n\t<meta property=\"og:image:type\" content=\"image\/jpeg\" \/>\n<meta name=\"author\" content=\"moacir\" \/>\n<meta name=\"twitter:card\" content=\"summary_large_image\" \/>\n<meta name=\"twitter:label1\" content=\"Escrito por\" \/>\n\t<meta name=\"twitter:data1\" content=\"moacir\" \/>\n\t<meta name=\"twitter:label2\" content=\"Est. tempo de leitura\" \/>\n\t<meta name=\"twitter:data2\" content=\"14 minutos\" \/>\n<script type=\"application\/ld+json\" class=\"yoast-schema-graph\">{\"@context\":\"https:\/\/schema.org\",\"@graph\":[{\"@type\":\"WebSite\",\"@id\":\"https:\/\/franciscanos.org.br\/noticias\/#website\",\"url\":\"https:\/\/franciscanos.org.br\/noticias\/\",\"name\":\"Not\u00edcias - Franciscanos\",\"description\":\"Prov\u00edncia Franciscana da Imaculada Concei\u00e7\u00e3o do Brasil - Ordem dos Frades Menores - OFM\",\"potentialAction\":[{\"@type\":\"SearchAction\",\"target\":{\"@type\":\"EntryPoint\",\"urlTemplate\":\"https:\/\/franciscanos.org.br\/noticias\/?s={search_term_string}\"},\"query-input\":\"required name=search_term_string\"}],\"inLanguage\":\"pt-BR\"},{\"@type\":\"ImageObject\",\"inLanguage\":\"pt-BR\",\"@id\":\"https:\/\/franciscanos.org.br\/noticias\/papa-inspirar-se-em-pedro-e-paulo-para-uma-igreja-humilde-e-aberta.html#primaryimage\",\"url\":\"https:\/\/franciscanos.org.br\/noticias\/wp-content\/uploads\/2023\/06\/papa_pedro_29.jpeg\",\"contentUrl\":\"https:\/\/franciscanos.org.br\/noticias\/wp-content\/uploads\/2023\/06\/papa_pedro_29.jpeg\",\"width\":750,\"height\":422},{\"@type\":\"WebPage\",\"@id\":\"https:\/\/franciscanos.org.br\/noticias\/papa-inspirar-se-em-pedro-e-paulo-para-uma-igreja-humilde-e-aberta.html#webpage\",\"url\":\"https:\/\/franciscanos.org.br\/noticias\/papa-inspirar-se-em-pedro-e-paulo-para-uma-igreja-humilde-e-aberta.html\",\"name\":\"Papa: inspirar-se em Pedro e Paulo para uma Igreja humilde e aberta - Not\u00edcias - Franciscanos\",\"isPartOf\":{\"@id\":\"https:\/\/franciscanos.org.br\/noticias\/#website\"},\"primaryImageOfPage\":{\"@id\":\"https:\/\/franciscanos.org.br\/noticias\/papa-inspirar-se-em-pedro-e-paulo-para-uma-igreja-humilde-e-aberta.html#primaryimage\"},\"datePublished\":\"2023-06-29T10:29:02+00:00\",\"dateModified\":\"2023-06-29T14:10:54+00:00\",\"author\":{\"@id\":\"https:\/\/franciscanos.org.br\/noticias\/#\/schema\/person\/b5c8cba458c330ccff548b056e95a5d4\"},\"breadcrumb\":{\"@id\":\"https:\/\/franciscanos.org.br\/noticias\/papa-inspirar-se-em-pedro-e-paulo-para-uma-igreja-humilde-e-aberta.html#breadcrumb\"},\"inLanguage\":\"pt-BR\",\"potentialAction\":[{\"@type\":\"ReadAction\",\"target\":[\"https:\/\/franciscanos.org.br\/noticias\/papa-inspirar-se-em-pedro-e-paulo-para-uma-igreja-humilde-e-aberta.html\"]}]},{\"@type\":\"BreadcrumbList\",\"@id\":\"https:\/\/franciscanos.org.br\/noticias\/papa-inspirar-se-em-pedro-e-paulo-para-uma-igreja-humilde-e-aberta.html#breadcrumb\",\"itemListElement\":[{\"@type\":\"ListItem\",\"position\":1,\"name\":\"Home\",\"item\":\"https:\/\/franciscanos.org.br\/noticias\"},{\"@type\":\"ListItem\",\"position\":2,\"name\":\"Papa: inspirar-se em Pedro e Paulo para uma Igreja humilde e aberta\"}]},{\"@type\":\"Person\",\"@id\":\"https:\/\/franciscanos.org.br\/noticias\/#\/schema\/person\/b5c8cba458c330ccff548b056e95a5d4\",\"name\":\"moacir\",\"image\":{\"@type\":\"ImageObject\",\"inLanguage\":\"pt-BR\",\"@id\":\"https:\/\/franciscanos.org.br\/noticias\/#\/schema\/person\/image\/\",\"url\":\"https:\/\/secure.gravatar.com\/avatar\/d08aa2ce4c8dd416d4479aa8536fcf64?s=96&d=mm&r=g\",\"contentUrl\":\"https:\/\/secure.gravatar.com\/avatar\/d08aa2ce4c8dd416d4479aa8536fcf64?s=96&d=mm&r=g\",\"caption\":\"moacir\"},\"url\":\"https:\/\/franciscanos.org.br\/noticias\/author\/moacir\"}]}<\/script>\n<!-- \/ Yoast SEO plugin. -->","yoast_head_json":{"title":"Papa: inspirar-se em Pedro e Paulo para uma Igreja humilde e aberta - Not\u00edcias - Franciscanos","robots":{"index":"index","follow":"follow","max-snippet":"max-snippet:-1","max-image-preview":"max-image-preview:large","max-video-preview":"max-video-preview:-1"},"canonical":"https:\/\/franciscanos.org.br\/noticias\/papa-inspirar-se-em-pedro-e-paulo-para-uma-igreja-humilde-e-aberta.html","og_locale":"pt_BR","og_type":"article","og_title":"Papa: inspirar-se em Pedro e Paulo para uma Igreja humilde e aberta - Not\u00edcias - Franciscanos","og_description":"Solenidade de S\u00e3o Pedro e S\u00e3o Paulo","og_url":"https:\/\/franciscanos.org.br\/noticias\/papa-inspirar-se-em-pedro-e-paulo-para-uma-igreja-humilde-e-aberta.html","og_site_name":"Not\u00edcias - Franciscanos","article_published_time":"2023-06-29T10:29:02+00:00","article_modified_time":"2023-06-29T14:10:54+00:00","og_image":[{"width":750,"height":422,"url":"https:\/\/franciscanos.org.br\/noticias\/wp-content\/uploads\/2023\/06\/papa_pedro_29.jpeg","type":"image\/jpeg"}],"author":"moacir","twitter_card":"summary_large_image","twitter_misc":{"Escrito por":"moacir","Est. tempo de leitura":"14 minutos"},"schema":{"@context":"https:\/\/schema.org","@graph":[{"@type":"WebSite","@id":"https:\/\/franciscanos.org.br\/noticias\/#website","url":"https:\/\/franciscanos.org.br\/noticias\/","name":"Not\u00edcias - Franciscanos","description":"Prov\u00edncia Franciscana da Imaculada Concei\u00e7\u00e3o do Brasil - Ordem dos Frades Menores - OFM","potentialAction":[{"@type":"SearchAction","target":{"@type":"EntryPoint","urlTemplate":"https:\/\/franciscanos.org.br\/noticias\/?s={search_term_string}"},"query-input":"required name=search_term_string"}],"inLanguage":"pt-BR"},{"@type":"ImageObject","inLanguage":"pt-BR","@id":"https:\/\/franciscanos.org.br\/noticias\/papa-inspirar-se-em-pedro-e-paulo-para-uma-igreja-humilde-e-aberta.html#primaryimage","url":"https:\/\/franciscanos.org.br\/noticias\/wp-content\/uploads\/2023\/06\/papa_pedro_29.jpeg","contentUrl":"https:\/\/franciscanos.org.br\/noticias\/wp-content\/uploads\/2023\/06\/papa_pedro_29.jpeg","width":750,"height":422},{"@type":"WebPage","@id":"https:\/\/franciscanos.org.br\/noticias\/papa-inspirar-se-em-pedro-e-paulo-para-uma-igreja-humilde-e-aberta.html#webpage","url":"https:\/\/franciscanos.org.br\/noticias\/papa-inspirar-se-em-pedro-e-paulo-para-uma-igreja-humilde-e-aberta.html","name":"Papa: inspirar-se em Pedro e Paulo para uma Igreja humilde e aberta - Not\u00edcias - Franciscanos","isPartOf":{"@id":"https:\/\/franciscanos.org.br\/noticias\/#website"},"primaryImageOfPage":{"@id":"https:\/\/franciscanos.org.br\/noticias\/papa-inspirar-se-em-pedro-e-paulo-para-uma-igreja-humilde-e-aberta.html#primaryimage"},"datePublished":"2023-06-29T10:29:02+00:00","dateModified":"2023-06-29T14:10:54+00:00","author":{"@id":"https:\/\/franciscanos.org.br\/noticias\/#\/schema\/person\/b5c8cba458c330ccff548b056e95a5d4"},"breadcrumb":{"@id":"https:\/\/franciscanos.org.br\/noticias\/papa-inspirar-se-em-pedro-e-paulo-para-uma-igreja-humilde-e-aberta.html#breadcrumb"},"inLanguage":"pt-BR","potentialAction":[{"@type":"ReadAction","target":["https:\/\/franciscanos.org.br\/noticias\/papa-inspirar-se-em-pedro-e-paulo-para-uma-igreja-humilde-e-aberta.html"]}]},{"@type":"BreadcrumbList","@id":"https:\/\/franciscanos.org.br\/noticias\/papa-inspirar-se-em-pedro-e-paulo-para-uma-igreja-humilde-e-aberta.html#breadcrumb","itemListElement":[{"@type":"ListItem","position":1,"name":"Home","item":"https:\/\/franciscanos.org.br\/noticias"},{"@type":"ListItem","position":2,"name":"Papa: inspirar-se em Pedro e Paulo para uma Igreja humilde e aberta"}]},{"@type":"Person","@id":"https:\/\/franciscanos.org.br\/noticias\/#\/schema\/person\/b5c8cba458c330ccff548b056e95a5d4","name":"moacir","image":{"@type":"ImageObject","inLanguage":"pt-BR","@id":"https:\/\/franciscanos.org.br\/noticias\/#\/schema\/person\/image\/","url":"https:\/\/secure.gravatar.com\/avatar\/d08aa2ce4c8dd416d4479aa8536fcf64?s=96&d=mm&r=g","contentUrl":"https:\/\/secure.gravatar.com\/avatar\/d08aa2ce4c8dd416d4479aa8536fcf64?s=96&d=mm&r=g","caption":"moacir"},"url":"https:\/\/franciscanos.org.br\/noticias\/author\/moacir"}]}},"_links":{"self":[{"href":"https:\/\/franciscanos.org.br\/noticias\/wp-json\/wp\/v2\/posts\/243880"}],"collection":[{"href":"https:\/\/franciscanos.org.br\/noticias\/wp-json\/wp\/v2\/posts"}],"about":[{"href":"https:\/\/franciscanos.org.br\/noticias\/wp-json\/wp\/v2\/types\/post"}],"author":[{"embeddable":true,"href":"https:\/\/franciscanos.org.br\/noticias\/wp-json\/wp\/v2\/users\/3"}],"replies":[{"embeddable":true,"href":"https:\/\/franciscanos.org.br\/noticias\/wp-json\/wp\/v2\/comments?post=243880"}],"version-history":[{"count":9,"href":"https:\/\/franciscanos.org.br\/noticias\/wp-json\/wp\/v2\/posts\/243880\/revisions"}],"predecessor-version":[{"id":243898,"href":"https:\/\/franciscanos.org.br\/noticias\/wp-json\/wp\/v2\/posts\/243880\/revisions\/243898"}],"wp:featuredmedia":[{"embeddable":true,"href":"https:\/\/franciscanos.org.br\/noticias\/wp-json\/wp\/v2\/media\/243881"}],"wp:attachment":[{"href":"https:\/\/franciscanos.org.br\/noticias\/wp-json\/wp\/v2\/media?parent=243880"}],"wp:term":[{"taxonomy":"category","embeddable":true,"href":"https:\/\/franciscanos.org.br\/noticias\/wp-json\/wp\/v2\/categories?post=243880"},{"taxonomy":"post_tag","embeddable":true,"href":"https:\/\/franciscanos.org.br\/noticias\/wp-json\/wp\/v2\/tags?post=243880"}],"curies":[{"name":"wp","href":"https:\/\/api.w.org\/{rel}","templated":true}]}}