{"id":243873,"date":"2023-06-28T13:06:03","date_gmt":"2023-06-28T16:06:03","guid":{"rendered":"https:\/\/franciscanos.org.br\/noticias\/?p=243873"},"modified":"2023-06-28T13:08:44","modified_gmt":"2023-06-28T16:08:44","slug":"simplicidade-e-aproximacao-com-os-pobres-duas-opcoes-fundamentais-para-as-novas-formas-de-vida","status":"publish","type":"post","link":"https:\/\/franciscanos.org.br\/noticias\/simplicidade-e-aproximacao-com-os-pobres-duas-opcoes-fundamentais-para-as-novas-formas-de-vida.html","title":{"rendered":"Simplicidade e aproxima\u00e7\u00e3o com os pobres: duas op\u00e7\u00f5es fundamentais para as novas formas de vida"},"content":{"rendered":"<p><img loading=\"lazy\" class=\"alignnone size-full wp-image-243874\" src=\"https:\/\/franciscanos.org.br\/noticias\/wp-content\/uploads\/2023\/06\/uclaf_lima_01.jpg\" alt=\"\" width=\"1280\" height=\"720\" srcset=\"https:\/\/franciscanos.org.br\/noticias\/wp-content\/uploads\/2023\/06\/uclaf_lima_01.jpg 1280w, https:\/\/franciscanos.org.br\/noticias\/wp-content\/uploads\/2023\/06\/uclaf_lima_01-450x253.jpg 450w, https:\/\/franciscanos.org.br\/noticias\/wp-content\/uploads\/2023\/06\/uclaf_lima_01-1024x576.jpg 1024w, https:\/\/franciscanos.org.br\/noticias\/wp-content\/uploads\/2023\/06\/uclaf_lima_01-768x432.jpg 768w, https:\/\/franciscanos.org.br\/noticias\/wp-content\/uploads\/2023\/06\/uclaf_lima_01-150x84.jpg 150w\" sizes=\"(max-width: 1280px) 100vw, 1280px\" \/><\/p>\n<p>\u201cUm minist\u00e9rio de simplicidade e restitui\u00e7\u00e3o, capaz de favorecer a transpar\u00eancia das novas formas do Evangelho\u201d. Este sonho, expresso nas provoca\u00e7\u00f5es do Documento <em>Ite Nuntiate<\/em>, foi um dos destaques que Frei Johannes Freyer, assessor deste 2\u00ba dia do encontro, prop\u00f4s aos frades participantes na perspectiva de atualizar o tema das novas formas para a miss\u00e3o evangelizadora hoje. Tamb\u00e9m houve ocasi\u00e3o para a apresenta\u00e7\u00e3o dos projetos e desafios das entidades da Confer\u00eancia Nossa Senhora de Guadalupe e da Confer\u00eancia Bolivariana.<\/p>\n<p>Em sua apresenta\u00e7\u00e3o, Frei Freyer recordou que <em>Ite Nuntiate<\/em>, publicado em 2014 e revisado em 2017, trata das Orienta\u00e7\u00f5es sobre as novas formas de vida e miss\u00e3o na Ordem dos Frades Menores. Segundo o palestrante, S\u00e3o Francisco n\u00e3o quis viver o Evangelho de maneira tradicional, mas\u00a0 desejou p\u00f4r em pr\u00e1tica um novo estilo de vida e, por isso, diz a seus irm\u00e3os: \u201cMeus irm\u00e3os, Deus me chamou para trilhar o caminho da simplicidade\u201d (LP 18). Desta forma, o car\u00e1ter mission\u00e1rio de seu novo estilo de vida \u00e9 fundamental. Por outro lado, Frei Johannes recordou que o novo n\u00e3o est\u00e1 em oposi\u00e7\u00e3o ao tradicional, mas h\u00e1 uma rela\u00e7\u00e3o de complementaridade, pois o novo combina \u201cmem\u00f3ria e profecia\u201d. \u201cComo Frades menores, temos uma tarefa prof\u00e9tica espec\u00edfica: sermos instrumentos de justi\u00e7a e de paz, \u00a0tornando-nos artes\u00e3os da paz\u201d, exortou.<\/p>\n<p><img loading=\"lazy\" class=\"alignnone size-full wp-image-243875\" src=\"https:\/\/franciscanos.org.br\/noticias\/wp-content\/uploads\/2023\/06\/uclaf_lima_05.jpg\" alt=\"\" width=\"1024\" height=\"588\" srcset=\"https:\/\/franciscanos.org.br\/noticias\/wp-content\/uploads\/2023\/06\/uclaf_lima_05.jpg 1024w, https:\/\/franciscanos.org.br\/noticias\/wp-content\/uploads\/2023\/06\/uclaf_lima_05-450x258.jpg 450w, https:\/\/franciscanos.org.br\/noticias\/wp-content\/uploads\/2023\/06\/uclaf_lima_05-768x441.jpg 768w, https:\/\/franciscanos.org.br\/noticias\/wp-content\/uploads\/2023\/06\/uclaf_lima_05-150x86.jpg 150w\" sizes=\"(max-width: 1024px) 100vw, 1024px\" \/><\/p>\n<p>Frei Johannes tamb\u00e9m chamou aten\u00e7\u00e3o para os obst\u00e1culos que impedem a plena realiza\u00e7\u00e3o de projetos ou novas formas de evangeliza\u00e7\u00e3o como, por exemplo, uma motiva\u00e7\u00e3o muito idealista ou ideol\u00f3gica, a dificuldade de manter uma sadia tens\u00e3o entre ora\u00e7\u00e3o e vida fraterna com ou trabalho, a tend\u00eancia ou de se voltar ao passado em formas de arqueologias autorreferenciais, ou de se cair em aberturas irrefletidas a ponto de desproteger as ra\u00edzes crist\u00e3s. Para concluir, apresentou uma s\u00edntese de elementos que devem ser sempre levados em conta quando se aborda o tema das novas formas: o primado de uma vida de ora\u00e7\u00e3o e devo\u00e7\u00e3o; aut\u00eanticas rela\u00e7\u00f5es fraternas, estilo de vida simples e s\u00f3brio, partilhar a vida com as pessoas, especialmente com os mais pobres, trabalhar em comunh\u00e3o com a Igreja local, disponibilidade para a miss\u00e3o compartilhada com os leigos e desejo de internacionalidade.<\/p>\n<p><img loading=\"lazy\" class=\"alignnone size-full wp-image-243876\" src=\"https:\/\/franciscanos.org.br\/noticias\/wp-content\/uploads\/2023\/06\/uclaf_lima_02.jpg\" alt=\"\" width=\"1280\" height=\"720\" srcset=\"https:\/\/franciscanos.org.br\/noticias\/wp-content\/uploads\/2023\/06\/uclaf_lima_02.jpg 1280w, https:\/\/franciscanos.org.br\/noticias\/wp-content\/uploads\/2023\/06\/uclaf_lima_02-450x253.jpg 450w, https:\/\/franciscanos.org.br\/noticias\/wp-content\/uploads\/2023\/06\/uclaf_lima_02-1024x576.jpg 1024w, https:\/\/franciscanos.org.br\/noticias\/wp-content\/uploads\/2023\/06\/uclaf_lima_02-768x432.jpg 768w, https:\/\/franciscanos.org.br\/noticias\/wp-content\/uploads\/2023\/06\/uclaf_lima_02-150x84.jpg 150w\" sizes=\"(max-width: 1280px) 100vw, 1280px\" \/><\/p>\n<p><strong>A Igreja e a op\u00e7\u00e3o pelos pobres hoje na Am\u00e9rica Latina<\/strong><\/p>\n<p>Dom Carlos Castillo, Arcebispo de Lima, foi convidado para trabalhar o tema da op\u00e7\u00e3o pelos pobres, e \u00a0iniciou sua apresenta\u00e7\u00e3o destacando que um princ\u00edpio pastoral indispens\u00e1vel para os tempos atuais \u00e9 o empenho em partir da experi\u00eancia das pessoas, especialmente dos pobres. Segundo ele, a Am\u00e9rica Latina \u00e9 marcada por uma sociedade que sobrevive diante de um mundo cujo eixo \u00e9 o hiperdesenvolvimento capitalista e liberal.<\/p>\n<p>Recordou que as formas atuais de pobreza s\u00e3o o resultado de uma ilus\u00e3o da possibilidade um desenvolvimento ilimitado, pregada pelo mundo do <em>business, <\/em>dos neg\u00f3cios, pautado no bin\u00f4mio produzir e consumir. Esta ideia enganosa tem levado a um processo degenerativo e destrutivo dos pobres. Neste contexto, chega-se ao impasse de um mundo que se torna incapaz de dar solu\u00e7\u00f5es e de uma Igreja que n\u00e3o sabe o que fazer com os pobres.<\/p>\n<p><img loading=\"lazy\" class=\"alignnone size-full wp-image-243877\" src=\"https:\/\/franciscanos.org.br\/noticias\/wp-content\/uploads\/2023\/06\/uclaf_lima_03.jpg\" alt=\"\" width=\"890\" height=\"839\" srcset=\"https:\/\/franciscanos.org.br\/noticias\/wp-content\/uploads\/2023\/06\/uclaf_lima_03.jpg 890w, https:\/\/franciscanos.org.br\/noticias\/wp-content\/uploads\/2023\/06\/uclaf_lima_03-450x424.jpg 450w, https:\/\/franciscanos.org.br\/noticias\/wp-content\/uploads\/2023\/06\/uclaf_lima_03-768x724.jpg 768w, https:\/\/franciscanos.org.br\/noticias\/wp-content\/uploads\/2023\/06\/uclaf_lima_03-150x141.jpg 150w\" sizes=\"(max-width: 890px) 100vw, 890px\" \/><\/p>\n<p>Diante dessa situa\u00e7\u00e3o, Dom Carlos afirmou que a pastoral da Igreja deve acompanhar os processos das pessoas, aprender a ouvi-las, por\u00e9m, a tenta\u00e7\u00e3o do conforto, de servir ao dinheiro em vez de a Deus e preferir mandar a ouvir, tem causado a perda gradual do esp\u00edrito mission\u00e1rio. Ele continuou dizendo: \u201c\u00c9 preciso mergulhar vocacionalmente. \u00c9 necess\u00e1rio um processo de gemina\u00e7\u00e3o ascendente; encontrar pontos de unidade. Para renovar a Igreja e as suas formas, \u00e9 preciso fazer experi\u00eancia com os pobres, tornar-se irm\u00e3os com eles. Tanto a enc\u00edclica <em>Fratelli Tutti<\/em> quanto a Exorta\u00e7\u00e3o Apost\u00f3lica <em>Evangelii Gaudium<\/em> oferecem orienta\u00e7\u00f5es pertinentes a esse respeito\u201d, recordou Dom Carlos.<\/p>\n<p>No momento final de sua apresenta\u00e7\u00e3o, o arcebispo apontou alguns princ\u00edpios do Papa Francisco que deveriam ser aplicados \u00e0 pastoral da Igreja; por exemplo: o todo \u00e9 maior que a parte, o tempo \u00e9 maior que o espa\u00e7o; a realidade \u00e9 maior que a ideia. Finalizou dizendo que, hoje, tudo \u00e9 c\u00e1lculo, e precisamos saber o que \u00e9 de gra\u00e7a. Ao fim do dia, os participantes do encontro realizaram uma visita guiada ao Convento de S\u00e3o Francisco e Museu das Catacumbas, no Centro Hist\u00f3rico de Lima.<\/p>\n<hr \/>\n<p><em>Frei Gustavo Medella,\u00a0 Prov\u00edncia da Imaculada Concei\u00e7\u00e3o<\/em><\/p>\n","protected":false},"excerpt":{"rendered":"<p>Encontro \u201cNovas formas de presen\u00e7a, vida e evangeliza\u00e7\u00e3o hoje na Am\u00e9rica Latina\u201d<\/p>\n","protected":false},"author":3,"featured_media":243874,"comment_status":"open","ping_status":"open","sticky":false,"template":"","format":"standard","meta":[],"categories":[1],"tags":[310],"acf":[],"yoast_head":"<!-- This site is optimized with the Yoast SEO plugin v19.2 - https:\/\/yoast.com\/wordpress\/plugins\/seo\/ -->\n<title>Simplicidade e aproxima\u00e7\u00e3o com os pobres: duas op\u00e7\u00f5es fundamentais para as novas formas de vida - Not\u00edcias - Franciscanos<\/title>\n<meta name=\"robots\" content=\"index, follow, max-snippet:-1, max-image-preview:large, max-video-preview:-1\" \/>\n<link rel=\"canonical\" href=\"https:\/\/franciscanos.org.br\/noticias\/simplicidade-e-aproximacao-com-os-pobres-duas-opcoes-fundamentais-para-as-novas-formas-de-vida.html\" \/>\n<meta property=\"og:locale\" content=\"pt_BR\" \/>\n<meta property=\"og:type\" content=\"article\" \/>\n<meta property=\"og:title\" content=\"Simplicidade e aproxima\u00e7\u00e3o com os pobres: duas op\u00e7\u00f5es fundamentais para as novas formas de vida - Not\u00edcias - Franciscanos\" \/>\n<meta property=\"og:description\" content=\"Encontro \u201cNovas formas de presen\u00e7a, vida e evangeliza\u00e7\u00e3o hoje na Am\u00e9rica Latina\u201d\" \/>\n<meta property=\"og:url\" content=\"https:\/\/franciscanos.org.br\/noticias\/simplicidade-e-aproximacao-com-os-pobres-duas-opcoes-fundamentais-para-as-novas-formas-de-vida.html\" \/>\n<meta property=\"og:site_name\" content=\"Not\u00edcias - Franciscanos\" \/>\n<meta property=\"article:published_time\" content=\"2023-06-28T16:06:03+00:00\" \/>\n<meta property=\"article:modified_time\" content=\"2023-06-28T16:08:44+00:00\" \/>\n<meta property=\"og:image\" content=\"https:\/\/franciscanos.org.br\/noticias\/wp-content\/uploads\/2023\/06\/uclaf_lima_01.jpg\" \/>\n\t<meta property=\"og:image:width\" content=\"1280\" \/>\n\t<meta property=\"og:image:height\" content=\"720\" \/>\n\t<meta property=\"og:image:type\" content=\"image\/jpeg\" \/>\n<meta name=\"author\" content=\"moacir\" \/>\n<meta name=\"twitter:card\" content=\"summary_large_image\" \/>\n<meta name=\"twitter:label1\" content=\"Escrito por\" \/>\n\t<meta name=\"twitter:data1\" content=\"moacir\" \/>\n\t<meta name=\"twitter:label2\" content=\"Est. tempo de leitura\" \/>\n\t<meta name=\"twitter:data2\" content=\"5 minutos\" \/>\n<script type=\"application\/ld+json\" class=\"yoast-schema-graph\">{\"@context\":\"https:\/\/schema.org\",\"@graph\":[{\"@type\":\"WebSite\",\"@id\":\"https:\/\/franciscanos.org.br\/noticias\/#website\",\"url\":\"https:\/\/franciscanos.org.br\/noticias\/\",\"name\":\"Not\u00edcias - Franciscanos\",\"description\":\"Prov\u00edncia Franciscana da Imaculada Concei\u00e7\u00e3o do Brasil - Ordem dos Frades Menores - OFM\",\"potentialAction\":[{\"@type\":\"SearchAction\",\"target\":{\"@type\":\"EntryPoint\",\"urlTemplate\":\"https:\/\/franciscanos.org.br\/noticias\/?s={search_term_string}\"},\"query-input\":\"required name=search_term_string\"}],\"inLanguage\":\"pt-BR\"},{\"@type\":\"ImageObject\",\"inLanguage\":\"pt-BR\",\"@id\":\"https:\/\/franciscanos.org.br\/noticias\/simplicidade-e-aproximacao-com-os-pobres-duas-opcoes-fundamentais-para-as-novas-formas-de-vida.html#primaryimage\",\"url\":\"https:\/\/franciscanos.org.br\/noticias\/wp-content\/uploads\/2023\/06\/uclaf_lima_01.jpg\",\"contentUrl\":\"https:\/\/franciscanos.org.br\/noticias\/wp-content\/uploads\/2023\/06\/uclaf_lima_01.jpg\",\"width\":1280,\"height\":720},{\"@type\":\"WebPage\",\"@id\":\"https:\/\/franciscanos.org.br\/noticias\/simplicidade-e-aproximacao-com-os-pobres-duas-opcoes-fundamentais-para-as-novas-formas-de-vida.html#webpage\",\"url\":\"https:\/\/franciscanos.org.br\/noticias\/simplicidade-e-aproximacao-com-os-pobres-duas-opcoes-fundamentais-para-as-novas-formas-de-vida.html\",\"name\":\"Simplicidade e aproxima\u00e7\u00e3o com os pobres: duas op\u00e7\u00f5es fundamentais para as novas formas de vida - Not\u00edcias - Franciscanos\",\"isPartOf\":{\"@id\":\"https:\/\/franciscanos.org.br\/noticias\/#website\"},\"primaryImageOfPage\":{\"@id\":\"https:\/\/franciscanos.org.br\/noticias\/simplicidade-e-aproximacao-com-os-pobres-duas-opcoes-fundamentais-para-as-novas-formas-de-vida.html#primaryimage\"},\"datePublished\":\"2023-06-28T16:06:03+00:00\",\"dateModified\":\"2023-06-28T16:08:44+00:00\",\"author\":{\"@id\":\"https:\/\/franciscanos.org.br\/noticias\/#\/schema\/person\/b5c8cba458c330ccff548b056e95a5d4\"},\"breadcrumb\":{\"@id\":\"https:\/\/franciscanos.org.br\/noticias\/simplicidade-e-aproximacao-com-os-pobres-duas-opcoes-fundamentais-para-as-novas-formas-de-vida.html#breadcrumb\"},\"inLanguage\":\"pt-BR\",\"potentialAction\":[{\"@type\":\"ReadAction\",\"target\":[\"https:\/\/franciscanos.org.br\/noticias\/simplicidade-e-aproximacao-com-os-pobres-duas-opcoes-fundamentais-para-as-novas-formas-de-vida.html\"]}]},{\"@type\":\"BreadcrumbList\",\"@id\":\"https:\/\/franciscanos.org.br\/noticias\/simplicidade-e-aproximacao-com-os-pobres-duas-opcoes-fundamentais-para-as-novas-formas-de-vida.html#breadcrumb\",\"itemListElement\":[{\"@type\":\"ListItem\",\"position\":1,\"name\":\"Home\",\"item\":\"https:\/\/franciscanos.org.br\/noticias\"},{\"@type\":\"ListItem\",\"position\":2,\"name\":\"Simplicidade e aproxima\u00e7\u00e3o com os pobres: duas op\u00e7\u00f5es fundamentais para as novas formas de vida\"}]},{\"@type\":\"Person\",\"@id\":\"https:\/\/franciscanos.org.br\/noticias\/#\/schema\/person\/b5c8cba458c330ccff548b056e95a5d4\",\"name\":\"moacir\",\"image\":{\"@type\":\"ImageObject\",\"inLanguage\":\"pt-BR\",\"@id\":\"https:\/\/franciscanos.org.br\/noticias\/#\/schema\/person\/image\/\",\"url\":\"https:\/\/secure.gravatar.com\/avatar\/d08aa2ce4c8dd416d4479aa8536fcf64?s=96&d=mm&r=g\",\"contentUrl\":\"https:\/\/secure.gravatar.com\/avatar\/d08aa2ce4c8dd416d4479aa8536fcf64?s=96&d=mm&r=g\",\"caption\":\"moacir\"},\"url\":\"https:\/\/franciscanos.org.br\/noticias\/author\/moacir\"}]}<\/script>\n<!-- \/ Yoast SEO plugin. -->","yoast_head_json":{"title":"Simplicidade e aproxima\u00e7\u00e3o com os pobres: duas op\u00e7\u00f5es fundamentais para as novas formas de vida - Not\u00edcias - Franciscanos","robots":{"index":"index","follow":"follow","max-snippet":"max-snippet:-1","max-image-preview":"max-image-preview:large","max-video-preview":"max-video-preview:-1"},"canonical":"https:\/\/franciscanos.org.br\/noticias\/simplicidade-e-aproximacao-com-os-pobres-duas-opcoes-fundamentais-para-as-novas-formas-de-vida.html","og_locale":"pt_BR","og_type":"article","og_title":"Simplicidade e aproxima\u00e7\u00e3o com os pobres: duas op\u00e7\u00f5es fundamentais para as novas formas de vida - Not\u00edcias - Franciscanos","og_description":"Encontro \u201cNovas formas de presen\u00e7a, vida e evangeliza\u00e7\u00e3o hoje na Am\u00e9rica Latina\u201d","og_url":"https:\/\/franciscanos.org.br\/noticias\/simplicidade-e-aproximacao-com-os-pobres-duas-opcoes-fundamentais-para-as-novas-formas-de-vida.html","og_site_name":"Not\u00edcias - Franciscanos","article_published_time":"2023-06-28T16:06:03+00:00","article_modified_time":"2023-06-28T16:08:44+00:00","og_image":[{"width":1280,"height":720,"url":"https:\/\/franciscanos.org.br\/noticias\/wp-content\/uploads\/2023\/06\/uclaf_lima_01.jpg","type":"image\/jpeg"}],"author":"moacir","twitter_card":"summary_large_image","twitter_misc":{"Escrito por":"moacir","Est. tempo de leitura":"5 minutos"},"schema":{"@context":"https:\/\/schema.org","@graph":[{"@type":"WebSite","@id":"https:\/\/franciscanos.org.br\/noticias\/#website","url":"https:\/\/franciscanos.org.br\/noticias\/","name":"Not\u00edcias - Franciscanos","description":"Prov\u00edncia Franciscana da Imaculada Concei\u00e7\u00e3o do Brasil - Ordem dos Frades Menores - OFM","potentialAction":[{"@type":"SearchAction","target":{"@type":"EntryPoint","urlTemplate":"https:\/\/franciscanos.org.br\/noticias\/?s={search_term_string}"},"query-input":"required name=search_term_string"}],"inLanguage":"pt-BR"},{"@type":"ImageObject","inLanguage":"pt-BR","@id":"https:\/\/franciscanos.org.br\/noticias\/simplicidade-e-aproximacao-com-os-pobres-duas-opcoes-fundamentais-para-as-novas-formas-de-vida.html#primaryimage","url":"https:\/\/franciscanos.org.br\/noticias\/wp-content\/uploads\/2023\/06\/uclaf_lima_01.jpg","contentUrl":"https:\/\/franciscanos.org.br\/noticias\/wp-content\/uploads\/2023\/06\/uclaf_lima_01.jpg","width":1280,"height":720},{"@type":"WebPage","@id":"https:\/\/franciscanos.org.br\/noticias\/simplicidade-e-aproximacao-com-os-pobres-duas-opcoes-fundamentais-para-as-novas-formas-de-vida.html#webpage","url":"https:\/\/franciscanos.org.br\/noticias\/simplicidade-e-aproximacao-com-os-pobres-duas-opcoes-fundamentais-para-as-novas-formas-de-vida.html","name":"Simplicidade e aproxima\u00e7\u00e3o com os pobres: duas op\u00e7\u00f5es fundamentais para as novas formas de vida - Not\u00edcias - Franciscanos","isPartOf":{"@id":"https:\/\/franciscanos.org.br\/noticias\/#website"},"primaryImageOfPage":{"@id":"https:\/\/franciscanos.org.br\/noticias\/simplicidade-e-aproximacao-com-os-pobres-duas-opcoes-fundamentais-para-as-novas-formas-de-vida.html#primaryimage"},"datePublished":"2023-06-28T16:06:03+00:00","dateModified":"2023-06-28T16:08:44+00:00","author":{"@id":"https:\/\/franciscanos.org.br\/noticias\/#\/schema\/person\/b5c8cba458c330ccff548b056e95a5d4"},"breadcrumb":{"@id":"https:\/\/franciscanos.org.br\/noticias\/simplicidade-e-aproximacao-com-os-pobres-duas-opcoes-fundamentais-para-as-novas-formas-de-vida.html#breadcrumb"},"inLanguage":"pt-BR","potentialAction":[{"@type":"ReadAction","target":["https:\/\/franciscanos.org.br\/noticias\/simplicidade-e-aproximacao-com-os-pobres-duas-opcoes-fundamentais-para-as-novas-formas-de-vida.html"]}]},{"@type":"BreadcrumbList","@id":"https:\/\/franciscanos.org.br\/noticias\/simplicidade-e-aproximacao-com-os-pobres-duas-opcoes-fundamentais-para-as-novas-formas-de-vida.html#breadcrumb","itemListElement":[{"@type":"ListItem","position":1,"name":"Home","item":"https:\/\/franciscanos.org.br\/noticias"},{"@type":"ListItem","position":2,"name":"Simplicidade e aproxima\u00e7\u00e3o com os pobres: duas op\u00e7\u00f5es fundamentais para as novas formas de vida"}]},{"@type":"Person","@id":"https:\/\/franciscanos.org.br\/noticias\/#\/schema\/person\/b5c8cba458c330ccff548b056e95a5d4","name":"moacir","image":{"@type":"ImageObject","inLanguage":"pt-BR","@id":"https:\/\/franciscanos.org.br\/noticias\/#\/schema\/person\/image\/","url":"https:\/\/secure.gravatar.com\/avatar\/d08aa2ce4c8dd416d4479aa8536fcf64?s=96&d=mm&r=g","contentUrl":"https:\/\/secure.gravatar.com\/avatar\/d08aa2ce4c8dd416d4479aa8536fcf64?s=96&d=mm&r=g","caption":"moacir"},"url":"https:\/\/franciscanos.org.br\/noticias\/author\/moacir"}]}},"_links":{"self":[{"href":"https:\/\/franciscanos.org.br\/noticias\/wp-json\/wp\/v2\/posts\/243873"}],"collection":[{"href":"https:\/\/franciscanos.org.br\/noticias\/wp-json\/wp\/v2\/posts"}],"about":[{"href":"https:\/\/franciscanos.org.br\/noticias\/wp-json\/wp\/v2\/types\/post"}],"author":[{"embeddable":true,"href":"https:\/\/franciscanos.org.br\/noticias\/wp-json\/wp\/v2\/users\/3"}],"replies":[{"embeddable":true,"href":"https:\/\/franciscanos.org.br\/noticias\/wp-json\/wp\/v2\/comments?post=243873"}],"version-history":[{"count":2,"href":"https:\/\/franciscanos.org.br\/noticias\/wp-json\/wp\/v2\/posts\/243873\/revisions"}],"predecessor-version":[{"id":243879,"href":"https:\/\/franciscanos.org.br\/noticias\/wp-json\/wp\/v2\/posts\/243873\/revisions\/243879"}],"wp:featuredmedia":[{"embeddable":true,"href":"https:\/\/franciscanos.org.br\/noticias\/wp-json\/wp\/v2\/media\/243874"}],"wp:attachment":[{"href":"https:\/\/franciscanos.org.br\/noticias\/wp-json\/wp\/v2\/media?parent=243873"}],"wp:term":[{"taxonomy":"category","embeddable":true,"href":"https:\/\/franciscanos.org.br\/noticias\/wp-json\/wp\/v2\/categories?post=243873"},{"taxonomy":"post_tag","embeddable":true,"href":"https:\/\/franciscanos.org.br\/noticias\/wp-json\/wp\/v2\/tags?post=243873"}],"curies":[{"name":"wp","href":"https:\/\/api.w.org\/{rel}","templated":true}]}}