{"id":243856,"date":"2023-06-27T07:32:44","date_gmt":"2023-06-27T10:32:44","guid":{"rendered":"https:\/\/franciscanos.org.br\/noticias\/?p=243856"},"modified":"2023-06-27T07:32:44","modified_gmt":"2023-06-27T10:32:44","slug":"projetos-bola-da-paz-e-infancia-e-adolescencia-missionaria-fazem-jogo-recreativo","status":"publish","type":"post","link":"https:\/\/franciscanos.org.br\/noticias\/projetos-bola-da-paz-e-infancia-e-adolescencia-missionaria-fazem-jogo-recreativo.html","title":{"rendered":"Projetos Bola da paz e Inf\u00e2ncia e Adolesc\u00eancia Mission\u00e1ria fazem jogo recreativo"},"content":{"rendered":"<p><img loading=\"lazy\" class=\"alignnone size-full wp-image-243857\" src=\"https:\/\/franciscanos.org.br\/noticias\/wp-content\/uploads\/2023\/06\/bola_01.jpg\" alt=\"\" width=\"1280\" height=\"720\" srcset=\"https:\/\/franciscanos.org.br\/noticias\/wp-content\/uploads\/2023\/06\/bola_01.jpg 1280w, https:\/\/franciscanos.org.br\/noticias\/wp-content\/uploads\/2023\/06\/bola_01-450x253.jpg 450w, https:\/\/franciscanos.org.br\/noticias\/wp-content\/uploads\/2023\/06\/bola_01-1024x576.jpg 1024w, https:\/\/franciscanos.org.br\/noticias\/wp-content\/uploads\/2023\/06\/bola_01-768x432.jpg 768w, https:\/\/franciscanos.org.br\/noticias\/wp-content\/uploads\/2023\/06\/bola_01-150x84.jpg 150w\" sizes=\"(max-width: 1280px) 100vw, 1280px\" \/><\/p>\n<p>O projeto Bola da Paz, da Funda\u00e7\u00e3o Imaculada M\u00e3e de Deus de Angola, realizou no dia 26 de junho um jogo recreativo entre a Inf\u00e2ncia e Adolesc\u00eancia Mission\u00e1ria (IAM) e as crian\u00e7as do projeto Bola da Paz. A inten\u00e7\u00e3o foi unir, atrav\u00e9s do esporte, as crian\u00e7as desse movimento e as crian\u00e7as do projeto social Boda da Paz, que tem em seu perfil a marca franciscana. A IAM faz parte das Obras Mission\u00e1rias Pontif\u00edcias e tem o objetivo de suscitar o esp\u00edrito mission\u00e1rio entre as crian\u00e7as e adolescentes, com o lema \u201cCrian\u00e7a Evangeliza Crian\u00e7a&#8221;.<\/p>\n<p><img loading=\"lazy\" class=\"alignnone size-full wp-image-243858\" src=\"https:\/\/franciscanos.org.br\/noticias\/wp-content\/uploads\/2023\/06\/bola_03.jpg\" alt=\"\" width=\"1280\" height=\"634\" srcset=\"https:\/\/franciscanos.org.br\/noticias\/wp-content\/uploads\/2023\/06\/bola_03.jpg 1280w, https:\/\/franciscanos.org.br\/noticias\/wp-content\/uploads\/2023\/06\/bola_03-450x223.jpg 450w, https:\/\/franciscanos.org.br\/noticias\/wp-content\/uploads\/2023\/06\/bola_03-1024x507.jpg 1024w, https:\/\/franciscanos.org.br\/noticias\/wp-content\/uploads\/2023\/06\/bola_03-768x380.jpg 768w, https:\/\/franciscanos.org.br\/noticias\/wp-content\/uploads\/2023\/06\/bola_03-150x74.jpg 150w\" sizes=\"(max-width: 1280px) 100vw, 1280px\" \/><\/p>\n<p>Estavam presente mais de 60 pessoas entre jovens, crian\u00e7as e adolescentes, meninos e meninas, da IAM e Liga Mission\u00e1ria Juvenil, a ala jovem da Pontif\u00edcias Obras Mission\u00e1rias, pertencente \u00e0 sede da Par\u00f3quia Nossa Senhora de F\u00e1tima e suas capelas, que aproveitaram o espa\u00e7o do Projeto Bola da Paz para a divers\u00e3o, esporte e confraterniza\u00e7\u00e3o. Antes de come\u00e7ar o jogo foi feita uma roda grande no centro do campo para uma breve partilha sobre o projeto Bola da Paz e a IAM. Com a inten\u00e7\u00e3o de mostrar para estas crian\u00e7as a import\u00e2ncia das crian\u00e7as no esporte e da participa\u00e7\u00e3o na Igreja. Cada um com suas caracter\u00edsticas, mas com o objetivo comum de promover nas crian\u00e7as a vida voltada para o bem e a paz.<\/p>\n<p><img loading=\"lazy\" class=\"alignnone size-full wp-image-243859\" src=\"https:\/\/franciscanos.org.br\/noticias\/wp-content\/uploads\/2023\/06\/bola_02.jpg\" alt=\"\" width=\"1280\" height=\"605\" srcset=\"https:\/\/franciscanos.org.br\/noticias\/wp-content\/uploads\/2023\/06\/bola_02.jpg 1280w, https:\/\/franciscanos.org.br\/noticias\/wp-content\/uploads\/2023\/06\/bola_02-450x213.jpg 450w, https:\/\/franciscanos.org.br\/noticias\/wp-content\/uploads\/2023\/06\/bola_02-1024x484.jpg 1024w, https:\/\/franciscanos.org.br\/noticias\/wp-content\/uploads\/2023\/06\/bola_02-768x363.jpg 768w, https:\/\/franciscanos.org.br\/noticias\/wp-content\/uploads\/2023\/06\/bola_02-150x71.jpg 150w\" sizes=\"(max-width: 1280px) 100vw, 1280px\" \/><\/p>\n","protected":false},"excerpt":{"rendered":"<p>Miss\u00e3o de Angola<\/p>\n","protected":false},"author":3,"featured_media":243857,"comment_status":"open","ping_status":"open","sticky":false,"template":"","format":"standard","meta":[],"categories":[1],"tags":[360],"acf":[],"yoast_head":"<!-- This site is optimized with the Yoast SEO plugin v19.2 - https:\/\/yoast.com\/wordpress\/plugins\/seo\/ -->\n<title>Projetos Bola da paz e Inf\u00e2ncia e Adolesc\u00eancia Mission\u00e1ria fazem jogo recreativo - Not\u00edcias - Franciscanos<\/title>\n<meta name=\"robots\" content=\"index, follow, max-snippet:-1, max-image-preview:large, max-video-preview:-1\" \/>\n<link rel=\"canonical\" href=\"https:\/\/franciscanos.org.br\/noticias\/projetos-bola-da-paz-e-infancia-e-adolescencia-missionaria-fazem-jogo-recreativo.html\" \/>\n<meta property=\"og:locale\" content=\"pt_BR\" \/>\n<meta property=\"og:type\" content=\"article\" \/>\n<meta property=\"og:title\" content=\"Projetos Bola da paz e Inf\u00e2ncia e Adolesc\u00eancia Mission\u00e1ria fazem jogo recreativo - Not\u00edcias - Franciscanos\" \/>\n<meta property=\"og:description\" content=\"Miss\u00e3o de Angola\" \/>\n<meta property=\"og:url\" content=\"https:\/\/franciscanos.org.br\/noticias\/projetos-bola-da-paz-e-infancia-e-adolescencia-missionaria-fazem-jogo-recreativo.html\" \/>\n<meta property=\"og:site_name\" content=\"Not\u00edcias - Franciscanos\" \/>\n<meta property=\"article:published_time\" content=\"2023-06-27T10:32:44+00:00\" \/>\n<meta property=\"og:image\" content=\"https:\/\/franciscanos.org.br\/noticias\/wp-content\/uploads\/2023\/06\/bola_01.jpg\" \/>\n\t<meta property=\"og:image:width\" content=\"1280\" \/>\n\t<meta property=\"og:image:height\" content=\"720\" \/>\n\t<meta property=\"og:image:type\" content=\"image\/jpeg\" \/>\n<meta name=\"author\" content=\"moacir\" \/>\n<meta name=\"twitter:card\" content=\"summary_large_image\" \/>\n<meta name=\"twitter:label1\" content=\"Escrito por\" \/>\n\t<meta name=\"twitter:data1\" content=\"moacir\" \/>\n\t<meta name=\"twitter:label2\" content=\"Est. tempo de leitura\" \/>\n\t<meta name=\"twitter:data2\" content=\"1 minuto\" \/>\n<script type=\"application\/ld+json\" class=\"yoast-schema-graph\">{\"@context\":\"https:\/\/schema.org\",\"@graph\":[{\"@type\":\"WebSite\",\"@id\":\"https:\/\/franciscanos.org.br\/noticias\/#website\",\"url\":\"https:\/\/franciscanos.org.br\/noticias\/\",\"name\":\"Not\u00edcias - Franciscanos\",\"description\":\"Prov\u00edncia Franciscana da Imaculada Concei\u00e7\u00e3o do Brasil - Ordem dos Frades Menores - OFM\",\"potentialAction\":[{\"@type\":\"SearchAction\",\"target\":{\"@type\":\"EntryPoint\",\"urlTemplate\":\"https:\/\/franciscanos.org.br\/noticias\/?s={search_term_string}\"},\"query-input\":\"required name=search_term_string\"}],\"inLanguage\":\"pt-BR\"},{\"@type\":\"ImageObject\",\"inLanguage\":\"pt-BR\",\"@id\":\"https:\/\/franciscanos.org.br\/noticias\/projetos-bola-da-paz-e-infancia-e-adolescencia-missionaria-fazem-jogo-recreativo.html#primaryimage\",\"url\":\"https:\/\/franciscanos.org.br\/noticias\/wp-content\/uploads\/2023\/06\/bola_01.jpg\",\"contentUrl\":\"https:\/\/franciscanos.org.br\/noticias\/wp-content\/uploads\/2023\/06\/bola_01.jpg\",\"width\":1280,\"height\":720},{\"@type\":\"WebPage\",\"@id\":\"https:\/\/franciscanos.org.br\/noticias\/projetos-bola-da-paz-e-infancia-e-adolescencia-missionaria-fazem-jogo-recreativo.html#webpage\",\"url\":\"https:\/\/franciscanos.org.br\/noticias\/projetos-bola-da-paz-e-infancia-e-adolescencia-missionaria-fazem-jogo-recreativo.html\",\"name\":\"Projetos Bola da paz e Inf\u00e2ncia e Adolesc\u00eancia Mission\u00e1ria fazem jogo recreativo - Not\u00edcias - Franciscanos\",\"isPartOf\":{\"@id\":\"https:\/\/franciscanos.org.br\/noticias\/#website\"},\"primaryImageOfPage\":{\"@id\":\"https:\/\/franciscanos.org.br\/noticias\/projetos-bola-da-paz-e-infancia-e-adolescencia-missionaria-fazem-jogo-recreativo.html#primaryimage\"},\"datePublished\":\"2023-06-27T10:32:44+00:00\",\"dateModified\":\"2023-06-27T10:32:44+00:00\",\"author\":{\"@id\":\"https:\/\/franciscanos.org.br\/noticias\/#\/schema\/person\/b5c8cba458c330ccff548b056e95a5d4\"},\"breadcrumb\":{\"@id\":\"https:\/\/franciscanos.org.br\/noticias\/projetos-bola-da-paz-e-infancia-e-adolescencia-missionaria-fazem-jogo-recreativo.html#breadcrumb\"},\"inLanguage\":\"pt-BR\",\"potentialAction\":[{\"@type\":\"ReadAction\",\"target\":[\"https:\/\/franciscanos.org.br\/noticias\/projetos-bola-da-paz-e-infancia-e-adolescencia-missionaria-fazem-jogo-recreativo.html\"]}]},{\"@type\":\"BreadcrumbList\",\"@id\":\"https:\/\/franciscanos.org.br\/noticias\/projetos-bola-da-paz-e-infancia-e-adolescencia-missionaria-fazem-jogo-recreativo.html#breadcrumb\",\"itemListElement\":[{\"@type\":\"ListItem\",\"position\":1,\"name\":\"Home\",\"item\":\"https:\/\/franciscanos.org.br\/noticias\"},{\"@type\":\"ListItem\",\"position\":2,\"name\":\"Projetos Bola da paz e Inf\u00e2ncia e Adolesc\u00eancia Mission\u00e1ria fazem jogo recreativo\"}]},{\"@type\":\"Person\",\"@id\":\"https:\/\/franciscanos.org.br\/noticias\/#\/schema\/person\/b5c8cba458c330ccff548b056e95a5d4\",\"name\":\"moacir\",\"image\":{\"@type\":\"ImageObject\",\"inLanguage\":\"pt-BR\",\"@id\":\"https:\/\/franciscanos.org.br\/noticias\/#\/schema\/person\/image\/\",\"url\":\"https:\/\/secure.gravatar.com\/avatar\/d08aa2ce4c8dd416d4479aa8536fcf64?s=96&d=mm&r=g\",\"contentUrl\":\"https:\/\/secure.gravatar.com\/avatar\/d08aa2ce4c8dd416d4479aa8536fcf64?s=96&d=mm&r=g\",\"caption\":\"moacir\"},\"url\":\"https:\/\/franciscanos.org.br\/noticias\/author\/moacir\"}]}<\/script>\n<!-- \/ Yoast SEO plugin. -->","yoast_head_json":{"title":"Projetos Bola da paz e Inf\u00e2ncia e Adolesc\u00eancia Mission\u00e1ria fazem jogo recreativo - Not\u00edcias - Franciscanos","robots":{"index":"index","follow":"follow","max-snippet":"max-snippet:-1","max-image-preview":"max-image-preview:large","max-video-preview":"max-video-preview:-1"},"canonical":"https:\/\/franciscanos.org.br\/noticias\/projetos-bola-da-paz-e-infancia-e-adolescencia-missionaria-fazem-jogo-recreativo.html","og_locale":"pt_BR","og_type":"article","og_title":"Projetos Bola da paz e Inf\u00e2ncia e Adolesc\u00eancia Mission\u00e1ria fazem jogo recreativo - Not\u00edcias - Franciscanos","og_description":"Miss\u00e3o de Angola","og_url":"https:\/\/franciscanos.org.br\/noticias\/projetos-bola-da-paz-e-infancia-e-adolescencia-missionaria-fazem-jogo-recreativo.html","og_site_name":"Not\u00edcias - Franciscanos","article_published_time":"2023-06-27T10:32:44+00:00","og_image":[{"width":1280,"height":720,"url":"https:\/\/franciscanos.org.br\/noticias\/wp-content\/uploads\/2023\/06\/bola_01.jpg","type":"image\/jpeg"}],"author":"moacir","twitter_card":"summary_large_image","twitter_misc":{"Escrito por":"moacir","Est. tempo de leitura":"1 minuto"},"schema":{"@context":"https:\/\/schema.org","@graph":[{"@type":"WebSite","@id":"https:\/\/franciscanos.org.br\/noticias\/#website","url":"https:\/\/franciscanos.org.br\/noticias\/","name":"Not\u00edcias - Franciscanos","description":"Prov\u00edncia Franciscana da Imaculada Concei\u00e7\u00e3o do Brasil - Ordem dos Frades Menores - OFM","potentialAction":[{"@type":"SearchAction","target":{"@type":"EntryPoint","urlTemplate":"https:\/\/franciscanos.org.br\/noticias\/?s={search_term_string}"},"query-input":"required name=search_term_string"}],"inLanguage":"pt-BR"},{"@type":"ImageObject","inLanguage":"pt-BR","@id":"https:\/\/franciscanos.org.br\/noticias\/projetos-bola-da-paz-e-infancia-e-adolescencia-missionaria-fazem-jogo-recreativo.html#primaryimage","url":"https:\/\/franciscanos.org.br\/noticias\/wp-content\/uploads\/2023\/06\/bola_01.jpg","contentUrl":"https:\/\/franciscanos.org.br\/noticias\/wp-content\/uploads\/2023\/06\/bola_01.jpg","width":1280,"height":720},{"@type":"WebPage","@id":"https:\/\/franciscanos.org.br\/noticias\/projetos-bola-da-paz-e-infancia-e-adolescencia-missionaria-fazem-jogo-recreativo.html#webpage","url":"https:\/\/franciscanos.org.br\/noticias\/projetos-bola-da-paz-e-infancia-e-adolescencia-missionaria-fazem-jogo-recreativo.html","name":"Projetos Bola da paz e Inf\u00e2ncia e Adolesc\u00eancia Mission\u00e1ria fazem jogo recreativo - Not\u00edcias - Franciscanos","isPartOf":{"@id":"https:\/\/franciscanos.org.br\/noticias\/#website"},"primaryImageOfPage":{"@id":"https:\/\/franciscanos.org.br\/noticias\/projetos-bola-da-paz-e-infancia-e-adolescencia-missionaria-fazem-jogo-recreativo.html#primaryimage"},"datePublished":"2023-06-27T10:32:44+00:00","dateModified":"2023-06-27T10:32:44+00:00","author":{"@id":"https:\/\/franciscanos.org.br\/noticias\/#\/schema\/person\/b5c8cba458c330ccff548b056e95a5d4"},"breadcrumb":{"@id":"https:\/\/franciscanos.org.br\/noticias\/projetos-bola-da-paz-e-infancia-e-adolescencia-missionaria-fazem-jogo-recreativo.html#breadcrumb"},"inLanguage":"pt-BR","potentialAction":[{"@type":"ReadAction","target":["https:\/\/franciscanos.org.br\/noticias\/projetos-bola-da-paz-e-infancia-e-adolescencia-missionaria-fazem-jogo-recreativo.html"]}]},{"@type":"BreadcrumbList","@id":"https:\/\/franciscanos.org.br\/noticias\/projetos-bola-da-paz-e-infancia-e-adolescencia-missionaria-fazem-jogo-recreativo.html#breadcrumb","itemListElement":[{"@type":"ListItem","position":1,"name":"Home","item":"https:\/\/franciscanos.org.br\/noticias"},{"@type":"ListItem","position":2,"name":"Projetos Bola da paz e Inf\u00e2ncia e Adolesc\u00eancia Mission\u00e1ria fazem jogo recreativo"}]},{"@type":"Person","@id":"https:\/\/franciscanos.org.br\/noticias\/#\/schema\/person\/b5c8cba458c330ccff548b056e95a5d4","name":"moacir","image":{"@type":"ImageObject","inLanguage":"pt-BR","@id":"https:\/\/franciscanos.org.br\/noticias\/#\/schema\/person\/image\/","url":"https:\/\/secure.gravatar.com\/avatar\/d08aa2ce4c8dd416d4479aa8536fcf64?s=96&d=mm&r=g","contentUrl":"https:\/\/secure.gravatar.com\/avatar\/d08aa2ce4c8dd416d4479aa8536fcf64?s=96&d=mm&r=g","caption":"moacir"},"url":"https:\/\/franciscanos.org.br\/noticias\/author\/moacir"}]}},"_links":{"self":[{"href":"https:\/\/franciscanos.org.br\/noticias\/wp-json\/wp\/v2\/posts\/243856"}],"collection":[{"href":"https:\/\/franciscanos.org.br\/noticias\/wp-json\/wp\/v2\/posts"}],"about":[{"href":"https:\/\/franciscanos.org.br\/noticias\/wp-json\/wp\/v2\/types\/post"}],"author":[{"embeddable":true,"href":"https:\/\/franciscanos.org.br\/noticias\/wp-json\/wp\/v2\/users\/3"}],"replies":[{"embeddable":true,"href":"https:\/\/franciscanos.org.br\/noticias\/wp-json\/wp\/v2\/comments?post=243856"}],"version-history":[{"count":1,"href":"https:\/\/franciscanos.org.br\/noticias\/wp-json\/wp\/v2\/posts\/243856\/revisions"}],"predecessor-version":[{"id":243860,"href":"https:\/\/franciscanos.org.br\/noticias\/wp-json\/wp\/v2\/posts\/243856\/revisions\/243860"}],"wp:featuredmedia":[{"embeddable":true,"href":"https:\/\/franciscanos.org.br\/noticias\/wp-json\/wp\/v2\/media\/243857"}],"wp:attachment":[{"href":"https:\/\/franciscanos.org.br\/noticias\/wp-json\/wp\/v2\/media?parent=243856"}],"wp:term":[{"taxonomy":"category","embeddable":true,"href":"https:\/\/franciscanos.org.br\/noticias\/wp-json\/wp\/v2\/categories?post=243856"},{"taxonomy":"post_tag","embeddable":true,"href":"https:\/\/franciscanos.org.br\/noticias\/wp-json\/wp\/v2\/tags?post=243856"}],"curies":[{"name":"wp","href":"https:\/\/api.w.org\/{rel}","templated":true}]}}