{"id":243852,"date":"2023-06-26T07:22:10","date_gmt":"2023-06-26T10:22:10","guid":{"rendered":"https:\/\/franciscanos.org.br\/noticias\/?p=243852"},"modified":"2025-03-10T15:38:05","modified_gmt":"2025-03-10T18:38:05","slug":"discernir-um-convite-a-partir-dos-encontros-vocacionais-na-provincia-2","status":"publish","type":"post","link":"https:\/\/franciscanos.org.br\/noticias\/discernir-um-convite-a-partir-dos-encontros-vocacionais-na-provincia-2.html","title":{"rendered":"Discernir: um convite a partir dos encontros vocacionais na Prov\u00edncia"},"content":{"rendered":"<p><img loading=\"lazy\" class=\"alignnone size-full wp-image-243839\" src=\"https:\/\/franciscanos.org.br\/noticias\/wp-content\/uploads\/2023\/06\/sav_04.jpg\" alt=\"\" width=\"1280\" height=\"720\" srcset=\"https:\/\/franciscanos.org.br\/noticias\/wp-content\/uploads\/2023\/06\/sav_04.jpg 1280w, https:\/\/franciscanos.org.br\/noticias\/wp-content\/uploads\/2023\/06\/sav_04-450x253.jpg 450w, https:\/\/franciscanos.org.br\/noticias\/wp-content\/uploads\/2023\/06\/sav_04-1024x576.jpg 1024w, https:\/\/franciscanos.org.br\/noticias\/wp-content\/uploads\/2023\/06\/sav_04-768x432.jpg 768w, https:\/\/franciscanos.org.br\/noticias\/wp-content\/uploads\/2023\/06\/sav_04-150x84.jpg 150w\" sizes=\"(max-width: 1280px) 100vw, 1280px\" \/><\/p>\n<p>Conta-se que, numa certa escava\u00e7\u00e3o, um objeto chamou a aten\u00e7\u00e3o daqueles que minuciosamente procuravam artefatos dos seres humanos primitivos: uma escultura representando um ser humano. At\u00e9 ent\u00e3o, dos povos antigos se encontravam peda\u00e7os de pedras e paus que pareciam ser foices, enxadas, martelos. Mas nunca se tinha encontrado uma escultura. Nisso se possibilita dizer que em certa altura o ser humano descobriu que o sentido de sua vida n\u00e3o era apenas ca\u00e7ar, comer e morrer. Nela havia a arte, a representa\u00e7\u00e3o de um sentimento interno. Ele passou a produzir n\u00e3o apenas meios de ca\u00e7a e planta mas criou objetos que serviam para alimentar a alma, os sonhos, o olhar.<\/p>\n<p>E com isso, o ser humano se abre \u00e0 busca de sentido. N\u00e3o \u00e9 apenas uma sobreviv\u00eancia animalesca esta vida, mas um confronto consigo mesmo e com a realidade: muitas pessoas t\u00eam muito o que comer, mas pouco o que viver. \u00c9 preciso produzir n\u00e3o apenas aquilo que se come, mas colocar \u00e2nimo naquilo que se vive. E \u00e9 por isso que, mais do que sobreviver, o ser humano precisa discernir. Perscrutar a sua intui\u00e7\u00e3o, tra\u00e7ar caminhos, sair do conforto, ir al\u00e9m. Ver o que causa entusiasmo. Descartar aquilo que n\u00e3o tem chance, dar chance \u00e0quilo que talvez nunca cogitou.<\/p>\n<p><img loading=\"lazy\" class=\"alignnone size-full wp-image-243840\" src=\"https:\/\/franciscanos.org.br\/noticias\/wp-content\/uploads\/2023\/06\/sav_06.jpg\" alt=\"\" width=\"1280\" height=\"1038\" srcset=\"https:\/\/franciscanos.org.br\/noticias\/wp-content\/uploads\/2023\/06\/sav_06.jpg 1280w, https:\/\/franciscanos.org.br\/noticias\/wp-content\/uploads\/2023\/06\/sav_06-450x365.jpg 450w, https:\/\/franciscanos.org.br\/noticias\/wp-content\/uploads\/2023\/06\/sav_06-1024x830.jpg 1024w, https:\/\/franciscanos.org.br\/noticias\/wp-content\/uploads\/2023\/06\/sav_06-768x623.jpg 768w, https:\/\/franciscanos.org.br\/noticias\/wp-content\/uploads\/2023\/06\/sav_06-150x122.jpg 150w\" sizes=\"(max-width: 1280px) 100vw, 1280px\" \/><\/p>\n<p><img loading=\"lazy\" class=\"alignnone size-full wp-image-243841\" src=\"https:\/\/franciscanos.org.br\/noticias\/wp-content\/uploads\/2023\/06\/sav_01.jpg\" alt=\"\" width=\"1280\" height=\"720\" srcset=\"https:\/\/franciscanos.org.br\/noticias\/wp-content\/uploads\/2023\/06\/sav_01.jpg 1280w, https:\/\/franciscanos.org.br\/noticias\/wp-content\/uploads\/2023\/06\/sav_01-450x253.jpg 450w, https:\/\/franciscanos.org.br\/noticias\/wp-content\/uploads\/2023\/06\/sav_01-1024x576.jpg 1024w, https:\/\/franciscanos.org.br\/noticias\/wp-content\/uploads\/2023\/06\/sav_01-768x432.jpg 768w, https:\/\/franciscanos.org.br\/noticias\/wp-content\/uploads\/2023\/06\/sav_01-150x84.jpg 150w\" sizes=\"(max-width: 1280px) 100vw, 1280px\" \/><\/p>\n<p><em>No alto, os vocacionados que se encontraram no Convento S\u00e3o Francisco; abaixo, os vocacionados no encontro do Convento Santo Ant\u00f4nio<\/em><\/p>\n<p>Por isso, 32 jovens se reuniram, durante o m\u00eas de junho, em encontros vocacionais regionais em nossa Prov\u00edncia. Vindos dos cinco Estados, foram acolhidos em nossas Fraternidades do Convento Santo Ant\u00f4nio do Rio de Janeiro (3-5\/06), Convento S\u00e3o Francisco de S\u00e3o Paulo (17-19\/06) e Convento S\u00e3o Boaventura em Rondinha (23-25\/06) para uma experi\u00eancia de discernimento.<\/p>\n<p>Eles largaram suas atividades para ir ao encontro do simb\u00f3lico, da inquieta\u00e7\u00e3o frente a um desejo de uma entrega total a Deus. Sa\u00edram sedentos de seus lares para encontrar o que para n\u00f3s, frades, faz sentido na vida. E se depararam com o cotidiano. Rezaram conosco, participaram dos nossos momentos de conviv\u00eancia, receberam informa\u00e7\u00f5es sobre o carisma, ouviram explica\u00e7\u00f5es, fizeram perguntas, foram questionados. Al\u00e9m do mais, viram nossas qualidades e tamb\u00e9m nossos limites. Astutos, prestaram a aten\u00e7\u00e3o em tudo e puderam observar o real, o simples, o sagrado ordin\u00e1rio.<\/p>\n<p><img loading=\"lazy\" class=\"alignnone size-full wp-image-243842\" src=\"https:\/\/franciscanos.org.br\/noticias\/wp-content\/uploads\/2023\/06\/sav_02.jpg\" alt=\"\" width=\"1280\" height=\"720\" srcset=\"https:\/\/franciscanos.org.br\/noticias\/wp-content\/uploads\/2023\/06\/sav_02.jpg 1280w, https:\/\/franciscanos.org.br\/noticias\/wp-content\/uploads\/2023\/06\/sav_02-450x253.jpg 450w, https:\/\/franciscanos.org.br\/noticias\/wp-content\/uploads\/2023\/06\/sav_02-1024x576.jpg 1024w, https:\/\/franciscanos.org.br\/noticias\/wp-content\/uploads\/2023\/06\/sav_02-768x432.jpg 768w, https:\/\/franciscanos.org.br\/noticias\/wp-content\/uploads\/2023\/06\/sav_02-150x84.jpg 150w\" sizes=\"(max-width: 1280px) 100vw, 1280px\" \/><\/p>\n<p><img loading=\"lazy\" class=\"alignnone size-full wp-image-243843\" src=\"https:\/\/franciscanos.org.br\/noticias\/wp-content\/uploads\/2023\/06\/sav_05.jpg\" alt=\"\" width=\"1280\" height=\"602\" srcset=\"https:\/\/franciscanos.org.br\/noticias\/wp-content\/uploads\/2023\/06\/sav_05.jpg 1280w, https:\/\/franciscanos.org.br\/noticias\/wp-content\/uploads\/2023\/06\/sav_05-450x212.jpg 450w, https:\/\/franciscanos.org.br\/noticias\/wp-content\/uploads\/2023\/06\/sav_05-1024x482.jpg 1024w, https:\/\/franciscanos.org.br\/noticias\/wp-content\/uploads\/2023\/06\/sav_05-768x361.jpg 768w, https:\/\/franciscanos.org.br\/noticias\/wp-content\/uploads\/2023\/06\/sav_05-150x71.jpg 150w\" sizes=\"(max-width: 1280px) 100vw, 1280px\" \/><\/p>\n<p><em>No alto, os vocacionados do encontro no Convento S\u00e3o Boaventura; abaixo os vocacionados no Convento S\u00e3o Francisco<\/em><\/p>\n<p>Se nisso encontraram resposta para o seu desejo de responder ao chamado do Senhor \u00e9 coisa que, aos poucos, descobriremos. Se \u00e9 conosco ou em outro lugar, n\u00e3o importa. Ao menos se abriram \u00e0 corajosa aventura da busca de sentido, de responder \u00e0s inquieta\u00e7\u00f5es, sondar caminhos. Come\u00e7ar \u00e9 necess\u00e1rio para quem quer realizar algo grande, que \u00e9 viver com sentido. Esses irm\u00e3os j\u00e1 deram o primeiro passo. Que possam andar seguros pelas vias da resposta generosa ao Senhor!<\/p>\n<hr \/>\n<p><em>Frei Gabriel Dellandrea<\/em><\/p>\n","protected":false},"excerpt":{"rendered":"<p>Servi\u00e7o de Anima\u00e7\u00e3o Vocacional<\/p>\n","protected":false},"author":3,"featured_media":243839,"comment_status":"open","ping_status":"open","sticky":false,"template":"","format":"standard","meta":[],"categories":[1],"tags":[552,2056],"acf":[],"yoast_head":"<!-- This site is optimized with the Yoast SEO plugin v19.2 - https:\/\/yoast.com\/wordpress\/plugins\/seo\/ -->\n<title>Discernir: um convite a partir dos encontros vocacionais na Prov\u00edncia - Not\u00edcias - Franciscanos<\/title>\n<meta name=\"robots\" content=\"index, follow, max-snippet:-1, max-image-preview:large, max-video-preview:-1\" \/>\n<link rel=\"canonical\" href=\"https:\/\/franciscanos.org.br\/noticias\/discernir-um-convite-a-partir-dos-encontros-vocacionais-na-provincia-2.html\" \/>\n<meta property=\"og:locale\" content=\"pt_BR\" \/>\n<meta property=\"og:type\" content=\"article\" \/>\n<meta property=\"og:title\" content=\"Discernir: um convite a partir dos encontros vocacionais na Prov\u00edncia - Not\u00edcias - Franciscanos\" \/>\n<meta property=\"og:description\" content=\"Servi\u00e7o de Anima\u00e7\u00e3o Vocacional\" \/>\n<meta property=\"og:url\" content=\"https:\/\/franciscanos.org.br\/noticias\/discernir-um-convite-a-partir-dos-encontros-vocacionais-na-provincia-2.html\" \/>\n<meta property=\"og:site_name\" content=\"Not\u00edcias - Franciscanos\" \/>\n<meta property=\"article:published_time\" content=\"2023-06-26T10:22:10+00:00\" \/>\n<meta property=\"article:modified_time\" content=\"2025-03-10T18:38:05+00:00\" \/>\n<meta property=\"og:image\" content=\"https:\/\/franciscanos.org.br\/noticias\/wp-content\/uploads\/2023\/06\/sav_04.jpg\" \/>\n\t<meta property=\"og:image:width\" content=\"1280\" \/>\n\t<meta property=\"og:image:height\" content=\"720\" \/>\n\t<meta property=\"og:image:type\" content=\"image\/jpeg\" \/>\n<meta name=\"author\" content=\"moacir\" \/>\n<meta name=\"twitter:card\" content=\"summary_large_image\" \/>\n<meta name=\"twitter:label1\" content=\"Escrito por\" \/>\n\t<meta name=\"twitter:data1\" content=\"moacir\" \/>\n\t<meta name=\"twitter:label2\" content=\"Est. tempo de leitura\" \/>\n\t<meta name=\"twitter:data2\" content=\"3 minutos\" \/>\n<script type=\"application\/ld+json\" class=\"yoast-schema-graph\">{\"@context\":\"https:\/\/schema.org\",\"@graph\":[{\"@type\":\"WebSite\",\"@id\":\"https:\/\/franciscanos.org.br\/noticias\/#website\",\"url\":\"https:\/\/franciscanos.org.br\/noticias\/\",\"name\":\"Not\u00edcias - Franciscanos\",\"description\":\"Prov\u00edncia Franciscana da Imaculada Concei\u00e7\u00e3o do Brasil - Ordem dos Frades Menores - OFM\",\"potentialAction\":[{\"@type\":\"SearchAction\",\"target\":{\"@type\":\"EntryPoint\",\"urlTemplate\":\"https:\/\/franciscanos.org.br\/noticias\/?s={search_term_string}\"},\"query-input\":\"required name=search_term_string\"}],\"inLanguage\":\"pt-BR\"},{\"@type\":\"ImageObject\",\"inLanguage\":\"pt-BR\",\"@id\":\"https:\/\/franciscanos.org.br\/noticias\/discernir-um-convite-a-partir-dos-encontros-vocacionais-na-provincia-2.html#primaryimage\",\"url\":\"https:\/\/franciscanos.org.br\/noticias\/wp-content\/uploads\/2023\/06\/sav_04.jpg\",\"contentUrl\":\"https:\/\/franciscanos.org.br\/noticias\/wp-content\/uploads\/2023\/06\/sav_04.jpg\",\"width\":1280,\"height\":720},{\"@type\":\"WebPage\",\"@id\":\"https:\/\/franciscanos.org.br\/noticias\/discernir-um-convite-a-partir-dos-encontros-vocacionais-na-provincia-2.html#webpage\",\"url\":\"https:\/\/franciscanos.org.br\/noticias\/discernir-um-convite-a-partir-dos-encontros-vocacionais-na-provincia-2.html\",\"name\":\"Discernir: um convite a partir dos encontros vocacionais na Prov\u00edncia - Not\u00edcias - Franciscanos\",\"isPartOf\":{\"@id\":\"https:\/\/franciscanos.org.br\/noticias\/#website\"},\"primaryImageOfPage\":{\"@id\":\"https:\/\/franciscanos.org.br\/noticias\/discernir-um-convite-a-partir-dos-encontros-vocacionais-na-provincia-2.html#primaryimage\"},\"datePublished\":\"2023-06-26T10:22:10+00:00\",\"dateModified\":\"2025-03-10T18:38:05+00:00\",\"author\":{\"@id\":\"https:\/\/franciscanos.org.br\/noticias\/#\/schema\/person\/b5c8cba458c330ccff548b056e95a5d4\"},\"breadcrumb\":{\"@id\":\"https:\/\/franciscanos.org.br\/noticias\/discernir-um-convite-a-partir-dos-encontros-vocacionais-na-provincia-2.html#breadcrumb\"},\"inLanguage\":\"pt-BR\",\"potentialAction\":[{\"@type\":\"ReadAction\",\"target\":[\"https:\/\/franciscanos.org.br\/noticias\/discernir-um-convite-a-partir-dos-encontros-vocacionais-na-provincia-2.html\"]}]},{\"@type\":\"BreadcrumbList\",\"@id\":\"https:\/\/franciscanos.org.br\/noticias\/discernir-um-convite-a-partir-dos-encontros-vocacionais-na-provincia-2.html#breadcrumb\",\"itemListElement\":[{\"@type\":\"ListItem\",\"position\":1,\"name\":\"Home\",\"item\":\"https:\/\/franciscanos.org.br\/noticias\"},{\"@type\":\"ListItem\",\"position\":2,\"name\":\"Discernir: um convite a partir dos encontros vocacionais na Prov\u00edncia\"}]},{\"@type\":\"Person\",\"@id\":\"https:\/\/franciscanos.org.br\/noticias\/#\/schema\/person\/b5c8cba458c330ccff548b056e95a5d4\",\"name\":\"moacir\",\"image\":{\"@type\":\"ImageObject\",\"inLanguage\":\"pt-BR\",\"@id\":\"https:\/\/franciscanos.org.br\/noticias\/#\/schema\/person\/image\/\",\"url\":\"https:\/\/secure.gravatar.com\/avatar\/d08aa2ce4c8dd416d4479aa8536fcf64?s=96&d=mm&r=g\",\"contentUrl\":\"https:\/\/secure.gravatar.com\/avatar\/d08aa2ce4c8dd416d4479aa8536fcf64?s=96&d=mm&r=g\",\"caption\":\"moacir\"},\"url\":\"https:\/\/franciscanos.org.br\/noticias\/author\/moacir\"}]}<\/script>\n<!-- \/ Yoast SEO plugin. -->","yoast_head_json":{"title":"Discernir: um convite a partir dos encontros vocacionais na Prov\u00edncia - Not\u00edcias - Franciscanos","robots":{"index":"index","follow":"follow","max-snippet":"max-snippet:-1","max-image-preview":"max-image-preview:large","max-video-preview":"max-video-preview:-1"},"canonical":"https:\/\/franciscanos.org.br\/noticias\/discernir-um-convite-a-partir-dos-encontros-vocacionais-na-provincia-2.html","og_locale":"pt_BR","og_type":"article","og_title":"Discernir: um convite a partir dos encontros vocacionais na Prov\u00edncia - Not\u00edcias - Franciscanos","og_description":"Servi\u00e7o de Anima\u00e7\u00e3o Vocacional","og_url":"https:\/\/franciscanos.org.br\/noticias\/discernir-um-convite-a-partir-dos-encontros-vocacionais-na-provincia-2.html","og_site_name":"Not\u00edcias - Franciscanos","article_published_time":"2023-06-26T10:22:10+00:00","article_modified_time":"2025-03-10T18:38:05+00:00","og_image":[{"width":1280,"height":720,"url":"https:\/\/franciscanos.org.br\/noticias\/wp-content\/uploads\/2023\/06\/sav_04.jpg","type":"image\/jpeg"}],"author":"moacir","twitter_card":"summary_large_image","twitter_misc":{"Escrito por":"moacir","Est. tempo de leitura":"3 minutos"},"schema":{"@context":"https:\/\/schema.org","@graph":[{"@type":"WebSite","@id":"https:\/\/franciscanos.org.br\/noticias\/#website","url":"https:\/\/franciscanos.org.br\/noticias\/","name":"Not\u00edcias - Franciscanos","description":"Prov\u00edncia Franciscana da Imaculada Concei\u00e7\u00e3o do Brasil - Ordem dos Frades Menores - OFM","potentialAction":[{"@type":"SearchAction","target":{"@type":"EntryPoint","urlTemplate":"https:\/\/franciscanos.org.br\/noticias\/?s={search_term_string}"},"query-input":"required name=search_term_string"}],"inLanguage":"pt-BR"},{"@type":"ImageObject","inLanguage":"pt-BR","@id":"https:\/\/franciscanos.org.br\/noticias\/discernir-um-convite-a-partir-dos-encontros-vocacionais-na-provincia-2.html#primaryimage","url":"https:\/\/franciscanos.org.br\/noticias\/wp-content\/uploads\/2023\/06\/sav_04.jpg","contentUrl":"https:\/\/franciscanos.org.br\/noticias\/wp-content\/uploads\/2023\/06\/sav_04.jpg","width":1280,"height":720},{"@type":"WebPage","@id":"https:\/\/franciscanos.org.br\/noticias\/discernir-um-convite-a-partir-dos-encontros-vocacionais-na-provincia-2.html#webpage","url":"https:\/\/franciscanos.org.br\/noticias\/discernir-um-convite-a-partir-dos-encontros-vocacionais-na-provincia-2.html","name":"Discernir: um convite a partir dos encontros vocacionais na Prov\u00edncia - Not\u00edcias - Franciscanos","isPartOf":{"@id":"https:\/\/franciscanos.org.br\/noticias\/#website"},"primaryImageOfPage":{"@id":"https:\/\/franciscanos.org.br\/noticias\/discernir-um-convite-a-partir-dos-encontros-vocacionais-na-provincia-2.html#primaryimage"},"datePublished":"2023-06-26T10:22:10+00:00","dateModified":"2025-03-10T18:38:05+00:00","author":{"@id":"https:\/\/franciscanos.org.br\/noticias\/#\/schema\/person\/b5c8cba458c330ccff548b056e95a5d4"},"breadcrumb":{"@id":"https:\/\/franciscanos.org.br\/noticias\/discernir-um-convite-a-partir-dos-encontros-vocacionais-na-provincia-2.html#breadcrumb"},"inLanguage":"pt-BR","potentialAction":[{"@type":"ReadAction","target":["https:\/\/franciscanos.org.br\/noticias\/discernir-um-convite-a-partir-dos-encontros-vocacionais-na-provincia-2.html"]}]},{"@type":"BreadcrumbList","@id":"https:\/\/franciscanos.org.br\/noticias\/discernir-um-convite-a-partir-dos-encontros-vocacionais-na-provincia-2.html#breadcrumb","itemListElement":[{"@type":"ListItem","position":1,"name":"Home","item":"https:\/\/franciscanos.org.br\/noticias"},{"@type":"ListItem","position":2,"name":"Discernir: um convite a partir dos encontros vocacionais na Prov\u00edncia"}]},{"@type":"Person","@id":"https:\/\/franciscanos.org.br\/noticias\/#\/schema\/person\/b5c8cba458c330ccff548b056e95a5d4","name":"moacir","image":{"@type":"ImageObject","inLanguage":"pt-BR","@id":"https:\/\/franciscanos.org.br\/noticias\/#\/schema\/person\/image\/","url":"https:\/\/secure.gravatar.com\/avatar\/d08aa2ce4c8dd416d4479aa8536fcf64?s=96&d=mm&r=g","contentUrl":"https:\/\/secure.gravatar.com\/avatar\/d08aa2ce4c8dd416d4479aa8536fcf64?s=96&d=mm&r=g","caption":"moacir"},"url":"https:\/\/franciscanos.org.br\/noticias\/author\/moacir"}]}},"_links":{"self":[{"href":"https:\/\/franciscanos.org.br\/noticias\/wp-json\/wp\/v2\/posts\/243852"}],"collection":[{"href":"https:\/\/franciscanos.org.br\/noticias\/wp-json\/wp\/v2\/posts"}],"about":[{"href":"https:\/\/franciscanos.org.br\/noticias\/wp-json\/wp\/v2\/types\/post"}],"author":[{"embeddable":true,"href":"https:\/\/franciscanos.org.br\/noticias\/wp-json\/wp\/v2\/users\/3"}],"replies":[{"embeddable":true,"href":"https:\/\/franciscanos.org.br\/noticias\/wp-json\/wp\/v2\/comments?post=243852"}],"version-history":[{"count":3,"href":"https:\/\/franciscanos.org.br\/noticias\/wp-json\/wp\/v2\/posts\/243852\/revisions"}],"predecessor-version":[{"id":243855,"href":"https:\/\/franciscanos.org.br\/noticias\/wp-json\/wp\/v2\/posts\/243852\/revisions\/243855"}],"wp:featuredmedia":[{"embeddable":true,"href":"https:\/\/franciscanos.org.br\/noticias\/wp-json\/wp\/v2\/media\/243839"}],"wp:attachment":[{"href":"https:\/\/franciscanos.org.br\/noticias\/wp-json\/wp\/v2\/media?parent=243852"}],"wp:term":[{"taxonomy":"category","embeddable":true,"href":"https:\/\/franciscanos.org.br\/noticias\/wp-json\/wp\/v2\/categories?post=243852"},{"taxonomy":"post_tag","embeddable":true,"href":"https:\/\/franciscanos.org.br\/noticias\/wp-json\/wp\/v2\/tags?post=243852"}],"curies":[{"name":"wp","href":"https:\/\/api.w.org\/{rel}","templated":true}]}}