{"id":243835,"date":"2023-06-25T08:10:36","date_gmt":"2023-06-25T11:10:36","guid":{"rendered":"https:\/\/franciscanos.org.br\/noticias\/?p=243835"},"modified":"2023-06-25T08:10:36","modified_gmt":"2023-06-25T11:10:36","slug":"papa-no-angelus-nao-tenha-medo-de-permanecer-fiel-ao-que-conta","status":"publish","type":"post","link":"https:\/\/franciscanos.org.br\/noticias\/papa-no-angelus-nao-tenha-medo-de-permanecer-fiel-ao-que-conta.html","title":{"rendered":"Papa no Angelus: N\u00e3o tenha medo de permanecer fiel ao que conta"},"content":{"rendered":"<div id=\"attachment_243836\" style=\"width: 1010px\" class=\"wp-caption alignnone\"><img aria-describedby=\"caption-attachment-243836\" loading=\"lazy\" class=\"wp-image-243836 size-full\" src=\"https:\/\/franciscanos.org.br\/noticias\/wp-content\/uploads\/2023\/06\/angelus_25.jpeg\" alt=\"\" width=\"1000\" height=\"563\" srcset=\"https:\/\/franciscanos.org.br\/noticias\/wp-content\/uploads\/2023\/06\/angelus_25.jpeg 1000w, https:\/\/franciscanos.org.br\/noticias\/wp-content\/uploads\/2023\/06\/angelus_25-450x253.jpeg 450w, https:\/\/franciscanos.org.br\/noticias\/wp-content\/uploads\/2023\/06\/angelus_25-768x432.jpeg 768w, https:\/\/franciscanos.org.br\/noticias\/wp-content\/uploads\/2023\/06\/angelus_25-150x84.jpeg 150w\" sizes=\"(max-width: 1000px) 100vw, 1000px\" \/><p id=\"caption-attachment-243836\" class=\"wp-caption-text\"><em>Imagem: Vatican Media<\/em><\/p><\/div>\n<p>No primeiro domingo (25) de ver\u00e3o deste ano na Pra\u00e7a S\u00e3o Pedro, um grande n\u00famero de peregrinos se reuniu para rezar com o Papa a ora\u00e7\u00e3o mariana do <strong>Angelus<\/strong>. Francisco fez uma reflex\u00e3o a partir do Evangelho do dia, quando Jesus repete aos disc\u00edpulos por tr\u00eas vezes: &#8220;N\u00e3o tenhais medo&#8221; (Mt 10:26, 28, 31). Uma refer\u00eancia \u00e0s persegui\u00e7\u00f5es que teriam de enfrentar por causa do Evangelho, &#8220;uma realidade que \u00e9 atual ainda hoje&#8221;, acrescentou Francisco, e que &#8220;parece paradoxal: a proclama\u00e7\u00e3o do Reino de Deus \u00e9 uma mensagem de paz e justi\u00e7a, fundada na caridade fraterna e no perd\u00e3o, e ainda assim encontra oposi\u00e7\u00e3o, viol\u00eancia e persegui\u00e7\u00e3o&#8221;. Mesmo assim, a orienta\u00e7\u00e3o de Cristo \u00e9 n\u00e3o deixar que o medo paralise, mas temer por outra coisa, que o Papa explica a partir da imagem do vale da &#8220;Geena&#8221; (cf. v. 28), o grande dep\u00f3sito de lixo de Jerusal\u00e9m:\u00a0\u201cJesus fala dele para dizer que o verdadeiro medo que se deve ter \u00e9 aquele de jogar fora a pr\u00f3pria vida. E sobre isso Jesus diz: &#8216;sim, tenham medo disso&#8217;.\u201d<\/p>\n<p>&#8220;Como se dissesse: n\u00e3o se deve ter tanto medo de sofrer mal-entendidos e cr\u00edticas, de perder prest\u00edgio e vantagens econ\u00f4micas para permanecer fiel ao Evangelho, mas de desperdi\u00e7ar a exist\u00eancia correndo atr\u00e1s de coisas triviais, que n\u00e3o enchem a vida de significado. E isso \u00e9 importante para n\u00f3s. Tamb\u00e9m hoje, de fato, algu\u00e9m pode ser ridicularizado ou discriminado se n\u00e3o seguir certos modelos da moda que, no entanto, muitas vezes colocam realidades de segunda categoria no centro: por exemplo, seguir as coisas em vez das pessoas, o desempenho em vez das rela\u00e7\u00f5es.&#8221;<\/p>\n<p><strong>Permanecer fiel ao que conta, custa<\/strong><br \/>\nO Papa, ent\u00e3o, deu exemplos: dos pais que precisam se dividir em trabalhar para o sustendo da fam\u00edlia e o tempo para ficar com os filhos; dos sacerdotes e religiosas que devem estar comprometidos com o servi\u00e7o, mas dedicando tempo a Jesus; e dos jovens, com &#8220;mil compromissos e paix\u00f5es: a escola, o esporte, interesses diversos, os celulares e as redes sociais, mas precisam encontrar as pessoas e organizar grandes sonhos&#8221;. Tudo isso implica &#8220;alguma ren\u00fancia diante dos \u00eddolos da efici\u00eancia e do consumismo&#8221;, disse Francisco, mas de suma import\u00e2ncia para n\u00e3o se perder nas coisas que depois acabam sendo &#8220;jogadas fora, como se fazia naquela \u00e9poca em Geena&#8221;:<\/p>\n<p>\u201cE na Geena de hoje, ao contr\u00e1rio, muitas vezes s\u00e3o as pessoas que acabam ali: pensemos nos \u00faltimos, muitas vezes tratados como material de descarte e objetos indesejados. Permanecer fiel ao que conta, custa; custa ir contra a mar\u00e9, custa se libertar do condicionamento do pensamento comum, custa ser deixado de lado por quem &#8220;segue a onda&#8221;. Mas n\u00e3o importa. Jesus diz: o que importa \u00e9 n\u00e3o jogar fora o bem maior, ou seja, a vida. N\u00e3o jogar fora a vida. S\u00f3 isso deve nos assustar.\u201d<\/p>\n<p><strong>Do que eu tenho medo?<\/strong><br \/>\nAo finalizar a alocu\u00e7\u00e3o que precedeu a ora\u00e7\u00e3o mariana do <strong>Angelus<\/strong> deste domingo (25), o Papa convidou os peregrinos presentes na Pra\u00e7a S\u00e3o Pedro a se questionarem onde realmente vive o medo de cada um:<\/p>\n<p>&#8220;Perguntemo-nos ent\u00e3o: eu, do que tenho medo? De n\u00e3o ter o que eu gosto? De n\u00e3o atingir as metas que a sociedade imp\u00f5e? Do julgamento dos outros? Ou de n\u00e3o agradar ao Senhor e de n\u00e3o colocar em primeiro lugar o seu Evangelho? Maria, sempre Virgem, M\u00e3e S\u00e1bia, ajude-nos a sermos s\u00e1bios e corajosos nas escolhas que fizermos.&#8221;<\/p>\n<hr \/>\n<p><em>Fonte: Vatican News (texto de Andressa Collet)<\/em><\/p>\n","protected":false},"excerpt":{"rendered":"<p>Angelus<\/p>\n","protected":false},"author":3,"featured_media":243836,"comment_status":"open","ping_status":"open","sticky":false,"template":"","format":"standard","meta":[],"categories":[1428],"tags":[403],"acf":[],"yoast_head":"<!-- This site is optimized with the Yoast SEO plugin v19.2 - https:\/\/yoast.com\/wordpress\/plugins\/seo\/ -->\n<title>Papa no Angelus: N\u00e3o tenha medo de permanecer fiel ao que conta - Not\u00edcias - Franciscanos<\/title>\n<meta name=\"robots\" content=\"index, follow, max-snippet:-1, max-image-preview:large, max-video-preview:-1\" \/>\n<link rel=\"canonical\" href=\"https:\/\/franciscanos.org.br\/noticias\/papa-no-angelus-nao-tenha-medo-de-permanecer-fiel-ao-que-conta.html\" \/>\n<meta property=\"og:locale\" content=\"pt_BR\" \/>\n<meta property=\"og:type\" content=\"article\" \/>\n<meta property=\"og:title\" content=\"Papa no Angelus: N\u00e3o tenha medo de permanecer fiel ao que conta - Not\u00edcias - Franciscanos\" \/>\n<meta property=\"og:description\" content=\"Angelus\" \/>\n<meta property=\"og:url\" content=\"https:\/\/franciscanos.org.br\/noticias\/papa-no-angelus-nao-tenha-medo-de-permanecer-fiel-ao-que-conta.html\" \/>\n<meta property=\"og:site_name\" content=\"Not\u00edcias - Franciscanos\" \/>\n<meta property=\"article:published_time\" content=\"2023-06-25T11:10:36+00:00\" \/>\n<meta property=\"og:image\" content=\"https:\/\/franciscanos.org.br\/noticias\/wp-content\/uploads\/2023\/06\/angelus_25.jpeg\" \/>\n\t<meta property=\"og:image:width\" content=\"1000\" \/>\n\t<meta property=\"og:image:height\" content=\"563\" \/>\n\t<meta property=\"og:image:type\" content=\"image\/jpeg\" \/>\n<meta name=\"author\" content=\"moacir\" \/>\n<meta name=\"twitter:card\" content=\"summary_large_image\" \/>\n<meta name=\"twitter:label1\" content=\"Escrito por\" \/>\n\t<meta name=\"twitter:data1\" content=\"moacir\" \/>\n\t<meta name=\"twitter:label2\" content=\"Est. tempo de leitura\" \/>\n\t<meta name=\"twitter:data2\" content=\"3 minutos\" \/>\n<script type=\"application\/ld+json\" class=\"yoast-schema-graph\">{\"@context\":\"https:\/\/schema.org\",\"@graph\":[{\"@type\":\"WebSite\",\"@id\":\"https:\/\/franciscanos.org.br\/noticias\/#website\",\"url\":\"https:\/\/franciscanos.org.br\/noticias\/\",\"name\":\"Not\u00edcias - Franciscanos\",\"description\":\"Prov\u00edncia Franciscana da Imaculada Concei\u00e7\u00e3o do Brasil - Ordem dos Frades Menores - OFM\",\"potentialAction\":[{\"@type\":\"SearchAction\",\"target\":{\"@type\":\"EntryPoint\",\"urlTemplate\":\"https:\/\/franciscanos.org.br\/noticias\/?s={search_term_string}\"},\"query-input\":\"required name=search_term_string\"}],\"inLanguage\":\"pt-BR\"},{\"@type\":\"ImageObject\",\"inLanguage\":\"pt-BR\",\"@id\":\"https:\/\/franciscanos.org.br\/noticias\/papa-no-angelus-nao-tenha-medo-de-permanecer-fiel-ao-que-conta.html#primaryimage\",\"url\":\"https:\/\/franciscanos.org.br\/noticias\/wp-content\/uploads\/2023\/06\/angelus_25.jpeg\",\"contentUrl\":\"https:\/\/franciscanos.org.br\/noticias\/wp-content\/uploads\/2023\/06\/angelus_25.jpeg\",\"width\":1000,\"height\":563},{\"@type\":\"WebPage\",\"@id\":\"https:\/\/franciscanos.org.br\/noticias\/papa-no-angelus-nao-tenha-medo-de-permanecer-fiel-ao-que-conta.html#webpage\",\"url\":\"https:\/\/franciscanos.org.br\/noticias\/papa-no-angelus-nao-tenha-medo-de-permanecer-fiel-ao-que-conta.html\",\"name\":\"Papa no Angelus: N\u00e3o tenha medo de permanecer fiel ao que conta - Not\u00edcias - Franciscanos\",\"isPartOf\":{\"@id\":\"https:\/\/franciscanos.org.br\/noticias\/#website\"},\"primaryImageOfPage\":{\"@id\":\"https:\/\/franciscanos.org.br\/noticias\/papa-no-angelus-nao-tenha-medo-de-permanecer-fiel-ao-que-conta.html#primaryimage\"},\"datePublished\":\"2023-06-25T11:10:36+00:00\",\"dateModified\":\"2023-06-25T11:10:36+00:00\",\"author\":{\"@id\":\"https:\/\/franciscanos.org.br\/noticias\/#\/schema\/person\/b5c8cba458c330ccff548b056e95a5d4\"},\"breadcrumb\":{\"@id\":\"https:\/\/franciscanos.org.br\/noticias\/papa-no-angelus-nao-tenha-medo-de-permanecer-fiel-ao-que-conta.html#breadcrumb\"},\"inLanguage\":\"pt-BR\",\"potentialAction\":[{\"@type\":\"ReadAction\",\"target\":[\"https:\/\/franciscanos.org.br\/noticias\/papa-no-angelus-nao-tenha-medo-de-permanecer-fiel-ao-que-conta.html\"]}]},{\"@type\":\"BreadcrumbList\",\"@id\":\"https:\/\/franciscanos.org.br\/noticias\/papa-no-angelus-nao-tenha-medo-de-permanecer-fiel-ao-que-conta.html#breadcrumb\",\"itemListElement\":[{\"@type\":\"ListItem\",\"position\":1,\"name\":\"Home\",\"item\":\"https:\/\/franciscanos.org.br\/noticias\"},{\"@type\":\"ListItem\",\"position\":2,\"name\":\"Papa no Angelus: N\u00e3o tenha medo de permanecer fiel ao que conta\"}]},{\"@type\":\"Person\",\"@id\":\"https:\/\/franciscanos.org.br\/noticias\/#\/schema\/person\/b5c8cba458c330ccff548b056e95a5d4\",\"name\":\"moacir\",\"image\":{\"@type\":\"ImageObject\",\"inLanguage\":\"pt-BR\",\"@id\":\"https:\/\/franciscanos.org.br\/noticias\/#\/schema\/person\/image\/\",\"url\":\"https:\/\/secure.gravatar.com\/avatar\/d08aa2ce4c8dd416d4479aa8536fcf64?s=96&d=mm&r=g\",\"contentUrl\":\"https:\/\/secure.gravatar.com\/avatar\/d08aa2ce4c8dd416d4479aa8536fcf64?s=96&d=mm&r=g\",\"caption\":\"moacir\"},\"url\":\"https:\/\/franciscanos.org.br\/noticias\/author\/moacir\"}]}<\/script>\n<!-- \/ Yoast SEO plugin. -->","yoast_head_json":{"title":"Papa no Angelus: N\u00e3o tenha medo de permanecer fiel ao que conta - Not\u00edcias - Franciscanos","robots":{"index":"index","follow":"follow","max-snippet":"max-snippet:-1","max-image-preview":"max-image-preview:large","max-video-preview":"max-video-preview:-1"},"canonical":"https:\/\/franciscanos.org.br\/noticias\/papa-no-angelus-nao-tenha-medo-de-permanecer-fiel-ao-que-conta.html","og_locale":"pt_BR","og_type":"article","og_title":"Papa no Angelus: N\u00e3o tenha medo de permanecer fiel ao que conta - Not\u00edcias - Franciscanos","og_description":"Angelus","og_url":"https:\/\/franciscanos.org.br\/noticias\/papa-no-angelus-nao-tenha-medo-de-permanecer-fiel-ao-que-conta.html","og_site_name":"Not\u00edcias - Franciscanos","article_published_time":"2023-06-25T11:10:36+00:00","og_image":[{"width":1000,"height":563,"url":"https:\/\/franciscanos.org.br\/noticias\/wp-content\/uploads\/2023\/06\/angelus_25.jpeg","type":"image\/jpeg"}],"author":"moacir","twitter_card":"summary_large_image","twitter_misc":{"Escrito por":"moacir","Est. tempo de leitura":"3 minutos"},"schema":{"@context":"https:\/\/schema.org","@graph":[{"@type":"WebSite","@id":"https:\/\/franciscanos.org.br\/noticias\/#website","url":"https:\/\/franciscanos.org.br\/noticias\/","name":"Not\u00edcias - Franciscanos","description":"Prov\u00edncia Franciscana da Imaculada Concei\u00e7\u00e3o do Brasil - Ordem dos Frades Menores - OFM","potentialAction":[{"@type":"SearchAction","target":{"@type":"EntryPoint","urlTemplate":"https:\/\/franciscanos.org.br\/noticias\/?s={search_term_string}"},"query-input":"required name=search_term_string"}],"inLanguage":"pt-BR"},{"@type":"ImageObject","inLanguage":"pt-BR","@id":"https:\/\/franciscanos.org.br\/noticias\/papa-no-angelus-nao-tenha-medo-de-permanecer-fiel-ao-que-conta.html#primaryimage","url":"https:\/\/franciscanos.org.br\/noticias\/wp-content\/uploads\/2023\/06\/angelus_25.jpeg","contentUrl":"https:\/\/franciscanos.org.br\/noticias\/wp-content\/uploads\/2023\/06\/angelus_25.jpeg","width":1000,"height":563},{"@type":"WebPage","@id":"https:\/\/franciscanos.org.br\/noticias\/papa-no-angelus-nao-tenha-medo-de-permanecer-fiel-ao-que-conta.html#webpage","url":"https:\/\/franciscanos.org.br\/noticias\/papa-no-angelus-nao-tenha-medo-de-permanecer-fiel-ao-que-conta.html","name":"Papa no Angelus: N\u00e3o tenha medo de permanecer fiel ao que conta - Not\u00edcias - Franciscanos","isPartOf":{"@id":"https:\/\/franciscanos.org.br\/noticias\/#website"},"primaryImageOfPage":{"@id":"https:\/\/franciscanos.org.br\/noticias\/papa-no-angelus-nao-tenha-medo-de-permanecer-fiel-ao-que-conta.html#primaryimage"},"datePublished":"2023-06-25T11:10:36+00:00","dateModified":"2023-06-25T11:10:36+00:00","author":{"@id":"https:\/\/franciscanos.org.br\/noticias\/#\/schema\/person\/b5c8cba458c330ccff548b056e95a5d4"},"breadcrumb":{"@id":"https:\/\/franciscanos.org.br\/noticias\/papa-no-angelus-nao-tenha-medo-de-permanecer-fiel-ao-que-conta.html#breadcrumb"},"inLanguage":"pt-BR","potentialAction":[{"@type":"ReadAction","target":["https:\/\/franciscanos.org.br\/noticias\/papa-no-angelus-nao-tenha-medo-de-permanecer-fiel-ao-que-conta.html"]}]},{"@type":"BreadcrumbList","@id":"https:\/\/franciscanos.org.br\/noticias\/papa-no-angelus-nao-tenha-medo-de-permanecer-fiel-ao-que-conta.html#breadcrumb","itemListElement":[{"@type":"ListItem","position":1,"name":"Home","item":"https:\/\/franciscanos.org.br\/noticias"},{"@type":"ListItem","position":2,"name":"Papa no Angelus: N\u00e3o tenha medo de permanecer fiel ao que conta"}]},{"@type":"Person","@id":"https:\/\/franciscanos.org.br\/noticias\/#\/schema\/person\/b5c8cba458c330ccff548b056e95a5d4","name":"moacir","image":{"@type":"ImageObject","inLanguage":"pt-BR","@id":"https:\/\/franciscanos.org.br\/noticias\/#\/schema\/person\/image\/","url":"https:\/\/secure.gravatar.com\/avatar\/d08aa2ce4c8dd416d4479aa8536fcf64?s=96&d=mm&r=g","contentUrl":"https:\/\/secure.gravatar.com\/avatar\/d08aa2ce4c8dd416d4479aa8536fcf64?s=96&d=mm&r=g","caption":"moacir"},"url":"https:\/\/franciscanos.org.br\/noticias\/author\/moacir"}]}},"_links":{"self":[{"href":"https:\/\/franciscanos.org.br\/noticias\/wp-json\/wp\/v2\/posts\/243835"}],"collection":[{"href":"https:\/\/franciscanos.org.br\/noticias\/wp-json\/wp\/v2\/posts"}],"about":[{"href":"https:\/\/franciscanos.org.br\/noticias\/wp-json\/wp\/v2\/types\/post"}],"author":[{"embeddable":true,"href":"https:\/\/franciscanos.org.br\/noticias\/wp-json\/wp\/v2\/users\/3"}],"replies":[{"embeddable":true,"href":"https:\/\/franciscanos.org.br\/noticias\/wp-json\/wp\/v2\/comments?post=243835"}],"version-history":[{"count":1,"href":"https:\/\/franciscanos.org.br\/noticias\/wp-json\/wp\/v2\/posts\/243835\/revisions"}],"predecessor-version":[{"id":243837,"href":"https:\/\/franciscanos.org.br\/noticias\/wp-json\/wp\/v2\/posts\/243835\/revisions\/243837"}],"wp:featuredmedia":[{"embeddable":true,"href":"https:\/\/franciscanos.org.br\/noticias\/wp-json\/wp\/v2\/media\/243836"}],"wp:attachment":[{"href":"https:\/\/franciscanos.org.br\/noticias\/wp-json\/wp\/v2\/media?parent=243835"}],"wp:term":[{"taxonomy":"category","embeddable":true,"href":"https:\/\/franciscanos.org.br\/noticias\/wp-json\/wp\/v2\/categories?post=243835"},{"taxonomy":"post_tag","embeddable":true,"href":"https:\/\/franciscanos.org.br\/noticias\/wp-json\/wp\/v2\/tags?post=243835"}],"curies":[{"name":"wp","href":"https:\/\/api.w.org\/{rel}","templated":true}]}}