{"id":243823,"date":"2023-06-23T15:28:31","date_gmt":"2023-06-23T18:28:31","guid":{"rendered":"https:\/\/franciscanos.org.br\/noticias\/?p=243823"},"modified":"2023-06-23T15:28:31","modified_gmt":"2023-06-23T18:28:31","slug":"arraia-sao-luiz-gonzaga-encerra-as-festividades-do-padroeiro","status":"publish","type":"post","link":"https:\/\/franciscanos.org.br\/noticias\/arraia-sao-luiz-gonzaga-encerra-as-festividades-do-padroeiro.html","title":{"rendered":"\u201cArrai\u00e1  S\u00e3o Luiz Gonzaga\u201d encerra as festividades do Padroeiro"},"content":{"rendered":"<p><img loading=\"lazy\" class=\"alignnone size-full wp-image-243824\" src=\"https:\/\/franciscanos.org.br\/noticias\/wp-content\/uploads\/2023\/06\/xaxim_23.jpg\" alt=\"\" width=\"1280\" height=\"720\" srcset=\"https:\/\/franciscanos.org.br\/noticias\/wp-content\/uploads\/2023\/06\/xaxim_23.jpg 1280w, https:\/\/franciscanos.org.br\/noticias\/wp-content\/uploads\/2023\/06\/xaxim_23-450x253.jpg 450w, https:\/\/franciscanos.org.br\/noticias\/wp-content\/uploads\/2023\/06\/xaxim_23-1024x576.jpg 1024w, https:\/\/franciscanos.org.br\/noticias\/wp-content\/uploads\/2023\/06\/xaxim_23-768x432.jpg 768w, https:\/\/franciscanos.org.br\/noticias\/wp-content\/uploads\/2023\/06\/xaxim_23-150x84.jpg 150w\" sizes=\"(max-width: 1280px) 100vw, 1280px\" \/><\/p>\n<p>Na quarta-feira (21\/06), a Par\u00f3quia S\u00e3o Luiz Gonzaga encerrou as festividades em honra a seu Padroeiro com a Santa Missa, \u00e0s 15h, e o \u201carrai\u00e1\u201d com quadrilha, comidas t\u00edpicas e casamento caipira.<\/p>\n<p>As comemora\u00e7\u00f5es tiveram in\u00edcio na quinta-feira (15\/06), com o tr\u00edduo celebrado na igreja Matriz, e seguiram at\u00e9 o s\u00e1bado (17\/06). A Santa Missa da festa foi celebrada no domingo, \u00e0s 10h. \u00a0Frei Gilson Kammer presidiu a celebra\u00e7\u00e3o.<\/p>\n<p>S\u00e3o Luiz Gonzaga, Padroeiro da juventude, dos estudantes, doentes e dos seminaristas, dedicou sua vida em ajudar o pr\u00f3ximo. Luiz Gonzaga renunciou \u00e0 vida de pr\u00edncipe e ingressou na Companhia de Jesus, fez de sua vida uma oferta para Deus. Rezou e cuidou dos enfermos que padeciam na peste que atingia a regi\u00e3o onde morava no s\u00e9culo XVI.<\/p>\n<p><img loading=\"lazy\" class=\"alignnone size-full wp-image-243826\" src=\"https:\/\/franciscanos.org.br\/noticias\/wp-content\/uploads\/2023\/06\/xaxim_23_1.jpg\" alt=\"\" width=\"1280\" height=\"806\" srcset=\"https:\/\/franciscanos.org.br\/noticias\/wp-content\/uploads\/2023\/06\/xaxim_23_1.jpg 1280w, https:\/\/franciscanos.org.br\/noticias\/wp-content\/uploads\/2023\/06\/xaxim_23_1-450x283.jpg 450w, https:\/\/franciscanos.org.br\/noticias\/wp-content\/uploads\/2023\/06\/xaxim_23_1-1024x645.jpg 1024w, https:\/\/franciscanos.org.br\/noticias\/wp-content\/uploads\/2023\/06\/xaxim_23_1-768x484.jpg 768w, https:\/\/franciscanos.org.br\/noticias\/wp-content\/uploads\/2023\/06\/xaxim_23_1-150x94.jpg 150w\" sizes=\"(max-width: 1280px) 100vw, 1280px\" \/><\/p>\n<p>Na quarta-feira, dia de S\u00e3o Luiz Gonzaga, a Santa Missa teve in\u00edcio \u00e0s 15h, com transmiss\u00e3o pelas redes sociais da Par\u00f3quia. Frei Alan Maia presidiu a celebra\u00e7\u00e3o e Frei Gilson Kammer concelebrou. A recorda\u00e7\u00e3o da vida do Santo foi lida pela comentarista enquanto um casal de fi\u00e9is entrava em prociss\u00e3o pelo corredor central com a imagem de S\u00e3o Luiz.<\/p>\n<p>Em sua homilia, Frei Alan Maia leu a carta que S\u00e3o Luiz enviou para sua m\u00e3e um pouco antes da morte. Conforme o frade, S\u00e3o Luiz \u00e9 um exemplo a ser seguido de dedica\u00e7\u00e3o e cuidado com pr\u00f3ximo. Sua vida de ren\u00fancia come\u00e7ou cedo para oferecer a Palavra do Senhor aos que necessitavam.<\/p>\n<p><img loading=\"lazy\" class=\"alignnone size-full wp-image-243827\" src=\"https:\/\/franciscanos.org.br\/noticias\/wp-content\/uploads\/2023\/06\/xaxim_23_2.jpg\" alt=\"\" width=\"1280\" height=\"833\" srcset=\"https:\/\/franciscanos.org.br\/noticias\/wp-content\/uploads\/2023\/06\/xaxim_23_2.jpg 1280w, https:\/\/franciscanos.org.br\/noticias\/wp-content\/uploads\/2023\/06\/xaxim_23_2-450x293.jpg 450w, https:\/\/franciscanos.org.br\/noticias\/wp-content\/uploads\/2023\/06\/xaxim_23_2-1024x666.jpg 1024w, https:\/\/franciscanos.org.br\/noticias\/wp-content\/uploads\/2023\/06\/xaxim_23_2-768x500.jpg 768w, https:\/\/franciscanos.org.br\/noticias\/wp-content\/uploads\/2023\/06\/xaxim_23_2-150x98.jpg 150w\" sizes=\"(max-width: 1280px) 100vw, 1280px\" \/><\/p>\n<p>No final da Santa Missa, o p\u00e1roco Frei Gilson Kammer agradeceu a todos que colaboram para tornar esses momentos celebrativos ainda mais bonitos, a todos os volunt\u00e1rios que ajudaram, desde a quinta-feira, na prepara\u00e7\u00e3o da festa, aos que juntos celebraram na igreja Matriz e ajudaram, de alguma forma, na bel\u00edssima festa do Padroeiro S\u00e3o Luiz Gonzaga.<\/p>\n<p>\u00c0s 16h, teve in\u00edcio o \u201c2\u00ba Arrai\u00e1 S\u00e3o Luiz Gonzaga\u201d com comidas t\u00edpicas, quadrilha, dan\u00e7a e casamento caipira no sal\u00e3o paroquial ao lado da igreja Matriz. Pastorais e Comunidades participaram deste momento de confraterniza\u00e7\u00e3o com barraquinhas de venda e dan\u00e7as. O momento de confraterniza\u00e7\u00e3o seguiu at\u00e9 \u00e0s 20h.<\/p>\n<p><img loading=\"lazy\" class=\"alignnone size-full wp-image-243825\" src=\"https:\/\/franciscanos.org.br\/noticias\/wp-content\/uploads\/2023\/06\/xaxim_23_3.jpg\" alt=\"\" width=\"1280\" height=\"899\" srcset=\"https:\/\/franciscanos.org.br\/noticias\/wp-content\/uploads\/2023\/06\/xaxim_23_3.jpg 1280w, https:\/\/franciscanos.org.br\/noticias\/wp-content\/uploads\/2023\/06\/xaxim_23_3-450x316.jpg 450w, https:\/\/franciscanos.org.br\/noticias\/wp-content\/uploads\/2023\/06\/xaxim_23_3-1024x719.jpg 1024w, https:\/\/franciscanos.org.br\/noticias\/wp-content\/uploads\/2023\/06\/xaxim_23_3-768x539.jpg 768w, https:\/\/franciscanos.org.br\/noticias\/wp-content\/uploads\/2023\/06\/xaxim_23_3-150x105.jpg 150w, https:\/\/franciscanos.org.br\/noticias\/wp-content\/uploads\/2023\/06\/xaxim_23_3-474x332.jpg 474w\" sizes=\"(max-width: 1280px) 100vw, 1280px\" \/><\/p>\n<p><strong><em>Carta de S\u00e3o Luiz para sua m\u00e3e:<\/em><\/strong><\/p>\n<p><em>A gra\u00e7a e a consola\u00e7\u00e3o do Esp\u00edrito Santo estejam sempre convosco. A vossa carta encontrou-me ainda vivo na regi\u00e3o dos mortos; mas agora espero ir em breve louvar a Deus eternamente na regi\u00e3o dos vivos. Pensava at\u00e9 que, a esta hora, j\u00e1 teria dado esse passo.<\/em><\/p>\n<p><em>Se a caridade, segundo S\u00e3o Paulo, ensina a chorar com os que choram e a alegrar-se com os que est\u00e3o alegres, muito grande deve ser a alegria de Vossa Senhoria, pela gra\u00e7a que Deus Vos concede na minha pessoa, chamando-me \u00e0 verdadeira alegria e dando-me a seguran\u00e7a de n\u00e3o poder perd\u00ea-Lo jamais.<\/em><\/p>\n<p><em>Confesso-vos, ilustr\u00edssima Senhora, que me perco e arrebato na contempla\u00e7\u00e3o da divina bondade, mar sem praia e sem fundo, que me chama a um descanso eterno por um trabalho t\u00e3o breve e pequeno; que me convida e chama ao C\u00e9u para dar-me ali aquele soberano bem que t\u00e3o negligentemente procurei, e que me promete o fruto daquelas l\u00e1grimas que t\u00e3o parcamente derramei.<\/em><\/p>\n<p><em>Por conseguinte, ilustr\u00edssima Senhora, considerai bem e ponde todo o cuidado em n\u00e3o ofender esta bondade de Deus, como certamente aconteceria se vi\u00e9sseis a chorar como morto aquele que vai viver na contempla\u00e7\u00e3o de Deus e que maiores servi\u00e7os vos far\u00e1 com as suas ora\u00e7\u00f5es do que nesta terra vos prestava.<\/em><\/p>\n<p><em>A nossa separa\u00e7\u00e3o ser\u00e1 breve; l\u00e1 no C\u00e9u nos tornaremos a ver; l\u00e1 seremos felizes e viveremos para sempre juntos, porque estaremos unidos ao nosso Redentor, louvando-O com todas as for\u00e7as da nossa alma e cantando eternamente as suas miseric\u00f3rdias. Se Deus toma novamente o que nos tinha dado, n\u00e3o o faz sen\u00e3o para o colocar em lugar mais seguro e ao abrigo de qualquer perigo, e para nos dar aqueles bens que acima de tudo desejamos.<\/em><\/p>\n<p><em>Digo tudo isto para que v\u00f3s, Senhora minha M\u00e3e, e toda a fam\u00edlia, aceiteis a minha morte como um dom precioso da gra\u00e7a. A vossa b\u00ean\u00e7\u00e3o de m\u00e3e me assista e me ajude a alcan\u00e7ar com felicidade o porto dos meus desejos e esperan\u00e7as. Eu vos escrevo com tanto maior prazer quanto \u00e9 certo que n\u00e3o me resta outra ocasi\u00e3o para vos testemunhar o respeito e o amor filial que vos devo.<\/em><\/p>\n<p style=\"padding-left: 40px;\"><em>Fragmento da Acta Sanctorum, Iuni, 5,578 \u2013 S\u00e9culo XVI<\/em><\/p>\n<hr \/>\n<p><em>Camila Mendo, pela Pascom da Par\u00f3quia S\u00e3o Luiz Gonzaga<\/em><\/p>\n<p>&nbsp;<\/p>\n<p>&nbsp;<\/p>\n","protected":false},"excerpt":{"rendered":"<p>Festa de S\u00e3o Luiz Gonzaga em Xaxim<\/p>\n","protected":false},"author":3,"featured_media":243824,"comment_status":"open","ping_status":"open","sticky":false,"template":"","format":"standard","meta":[],"categories":[1],"tags":[1591],"acf":[],"yoast_head":"<!-- This site is optimized with the Yoast SEO plugin v19.2 - https:\/\/yoast.com\/wordpress\/plugins\/seo\/ -->\n<title>\u201cArrai\u00e1 S\u00e3o Luiz Gonzaga\u201d encerra as festividades do Padroeiro - Not\u00edcias - Franciscanos<\/title>\n<meta name=\"robots\" content=\"index, follow, max-snippet:-1, max-image-preview:large, max-video-preview:-1\" \/>\n<link rel=\"canonical\" href=\"https:\/\/franciscanos.org.br\/noticias\/arraia-sao-luiz-gonzaga-encerra-as-festividades-do-padroeiro.html\" \/>\n<meta property=\"og:locale\" content=\"pt_BR\" \/>\n<meta property=\"og:type\" content=\"article\" \/>\n<meta property=\"og:title\" content=\"\u201cArrai\u00e1 S\u00e3o Luiz Gonzaga\u201d encerra as festividades do Padroeiro - Not\u00edcias - Franciscanos\" \/>\n<meta property=\"og:description\" content=\"Festa de S\u00e3o Luiz Gonzaga em Xaxim\" \/>\n<meta property=\"og:url\" content=\"https:\/\/franciscanos.org.br\/noticias\/arraia-sao-luiz-gonzaga-encerra-as-festividades-do-padroeiro.html\" \/>\n<meta property=\"og:site_name\" content=\"Not\u00edcias - Franciscanos\" \/>\n<meta property=\"article:published_time\" content=\"2023-06-23T18:28:31+00:00\" \/>\n<meta property=\"og:image\" content=\"https:\/\/franciscanos.org.br\/noticias\/wp-content\/uploads\/2023\/06\/xaxim_23.jpg\" \/>\n\t<meta property=\"og:image:width\" content=\"1280\" \/>\n\t<meta property=\"og:image:height\" content=\"720\" \/>\n\t<meta property=\"og:image:type\" content=\"image\/jpeg\" \/>\n<meta name=\"author\" content=\"moacir\" \/>\n<meta name=\"twitter:card\" content=\"summary_large_image\" \/>\n<meta name=\"twitter:label1\" content=\"Escrito por\" \/>\n\t<meta name=\"twitter:data1\" content=\"moacir\" \/>\n\t<meta name=\"twitter:label2\" content=\"Est. tempo de leitura\" \/>\n\t<meta name=\"twitter:data2\" content=\"4 minutos\" \/>\n<script type=\"application\/ld+json\" class=\"yoast-schema-graph\">{\"@context\":\"https:\/\/schema.org\",\"@graph\":[{\"@type\":\"WebSite\",\"@id\":\"https:\/\/franciscanos.org.br\/noticias\/#website\",\"url\":\"https:\/\/franciscanos.org.br\/noticias\/\",\"name\":\"Not\u00edcias - Franciscanos\",\"description\":\"Prov\u00edncia Franciscana da Imaculada Concei\u00e7\u00e3o do Brasil - Ordem dos Frades Menores - OFM\",\"potentialAction\":[{\"@type\":\"SearchAction\",\"target\":{\"@type\":\"EntryPoint\",\"urlTemplate\":\"https:\/\/franciscanos.org.br\/noticias\/?s={search_term_string}\"},\"query-input\":\"required name=search_term_string\"}],\"inLanguage\":\"pt-BR\"},{\"@type\":\"ImageObject\",\"inLanguage\":\"pt-BR\",\"@id\":\"https:\/\/franciscanos.org.br\/noticias\/arraia-sao-luiz-gonzaga-encerra-as-festividades-do-padroeiro.html#primaryimage\",\"url\":\"https:\/\/franciscanos.org.br\/noticias\/wp-content\/uploads\/2023\/06\/xaxim_23.jpg\",\"contentUrl\":\"https:\/\/franciscanos.org.br\/noticias\/wp-content\/uploads\/2023\/06\/xaxim_23.jpg\",\"width\":1280,\"height\":720},{\"@type\":\"WebPage\",\"@id\":\"https:\/\/franciscanos.org.br\/noticias\/arraia-sao-luiz-gonzaga-encerra-as-festividades-do-padroeiro.html#webpage\",\"url\":\"https:\/\/franciscanos.org.br\/noticias\/arraia-sao-luiz-gonzaga-encerra-as-festividades-do-padroeiro.html\",\"name\":\"\u201cArrai\u00e1 S\u00e3o Luiz Gonzaga\u201d encerra as festividades do Padroeiro - Not\u00edcias - Franciscanos\",\"isPartOf\":{\"@id\":\"https:\/\/franciscanos.org.br\/noticias\/#website\"},\"primaryImageOfPage\":{\"@id\":\"https:\/\/franciscanos.org.br\/noticias\/arraia-sao-luiz-gonzaga-encerra-as-festividades-do-padroeiro.html#primaryimage\"},\"datePublished\":\"2023-06-23T18:28:31+00:00\",\"dateModified\":\"2023-06-23T18:28:31+00:00\",\"author\":{\"@id\":\"https:\/\/franciscanos.org.br\/noticias\/#\/schema\/person\/b5c8cba458c330ccff548b056e95a5d4\"},\"breadcrumb\":{\"@id\":\"https:\/\/franciscanos.org.br\/noticias\/arraia-sao-luiz-gonzaga-encerra-as-festividades-do-padroeiro.html#breadcrumb\"},\"inLanguage\":\"pt-BR\",\"potentialAction\":[{\"@type\":\"ReadAction\",\"target\":[\"https:\/\/franciscanos.org.br\/noticias\/arraia-sao-luiz-gonzaga-encerra-as-festividades-do-padroeiro.html\"]}]},{\"@type\":\"BreadcrumbList\",\"@id\":\"https:\/\/franciscanos.org.br\/noticias\/arraia-sao-luiz-gonzaga-encerra-as-festividades-do-padroeiro.html#breadcrumb\",\"itemListElement\":[{\"@type\":\"ListItem\",\"position\":1,\"name\":\"Home\",\"item\":\"https:\/\/franciscanos.org.br\/noticias\"},{\"@type\":\"ListItem\",\"position\":2,\"name\":\"\u201cArrai\u00e1 S\u00e3o Luiz Gonzaga\u201d encerra as festividades do Padroeiro\"}]},{\"@type\":\"Person\",\"@id\":\"https:\/\/franciscanos.org.br\/noticias\/#\/schema\/person\/b5c8cba458c330ccff548b056e95a5d4\",\"name\":\"moacir\",\"image\":{\"@type\":\"ImageObject\",\"inLanguage\":\"pt-BR\",\"@id\":\"https:\/\/franciscanos.org.br\/noticias\/#\/schema\/person\/image\/\",\"url\":\"https:\/\/secure.gravatar.com\/avatar\/d08aa2ce4c8dd416d4479aa8536fcf64?s=96&d=mm&r=g\",\"contentUrl\":\"https:\/\/secure.gravatar.com\/avatar\/d08aa2ce4c8dd416d4479aa8536fcf64?s=96&d=mm&r=g\",\"caption\":\"moacir\"},\"url\":\"https:\/\/franciscanos.org.br\/noticias\/author\/moacir\"}]}<\/script>\n<!-- \/ Yoast SEO plugin. -->","yoast_head_json":{"title":"\u201cArrai\u00e1 S\u00e3o Luiz Gonzaga\u201d encerra as festividades do Padroeiro - Not\u00edcias - Franciscanos","robots":{"index":"index","follow":"follow","max-snippet":"max-snippet:-1","max-image-preview":"max-image-preview:large","max-video-preview":"max-video-preview:-1"},"canonical":"https:\/\/franciscanos.org.br\/noticias\/arraia-sao-luiz-gonzaga-encerra-as-festividades-do-padroeiro.html","og_locale":"pt_BR","og_type":"article","og_title":"\u201cArrai\u00e1 S\u00e3o Luiz Gonzaga\u201d encerra as festividades do Padroeiro - Not\u00edcias - Franciscanos","og_description":"Festa de S\u00e3o Luiz Gonzaga em Xaxim","og_url":"https:\/\/franciscanos.org.br\/noticias\/arraia-sao-luiz-gonzaga-encerra-as-festividades-do-padroeiro.html","og_site_name":"Not\u00edcias - Franciscanos","article_published_time":"2023-06-23T18:28:31+00:00","og_image":[{"width":1280,"height":720,"url":"https:\/\/franciscanos.org.br\/noticias\/wp-content\/uploads\/2023\/06\/xaxim_23.jpg","type":"image\/jpeg"}],"author":"moacir","twitter_card":"summary_large_image","twitter_misc":{"Escrito por":"moacir","Est. tempo de leitura":"4 minutos"},"schema":{"@context":"https:\/\/schema.org","@graph":[{"@type":"WebSite","@id":"https:\/\/franciscanos.org.br\/noticias\/#website","url":"https:\/\/franciscanos.org.br\/noticias\/","name":"Not\u00edcias - Franciscanos","description":"Prov\u00edncia Franciscana da Imaculada Concei\u00e7\u00e3o do Brasil - Ordem dos Frades Menores - OFM","potentialAction":[{"@type":"SearchAction","target":{"@type":"EntryPoint","urlTemplate":"https:\/\/franciscanos.org.br\/noticias\/?s={search_term_string}"},"query-input":"required name=search_term_string"}],"inLanguage":"pt-BR"},{"@type":"ImageObject","inLanguage":"pt-BR","@id":"https:\/\/franciscanos.org.br\/noticias\/arraia-sao-luiz-gonzaga-encerra-as-festividades-do-padroeiro.html#primaryimage","url":"https:\/\/franciscanos.org.br\/noticias\/wp-content\/uploads\/2023\/06\/xaxim_23.jpg","contentUrl":"https:\/\/franciscanos.org.br\/noticias\/wp-content\/uploads\/2023\/06\/xaxim_23.jpg","width":1280,"height":720},{"@type":"WebPage","@id":"https:\/\/franciscanos.org.br\/noticias\/arraia-sao-luiz-gonzaga-encerra-as-festividades-do-padroeiro.html#webpage","url":"https:\/\/franciscanos.org.br\/noticias\/arraia-sao-luiz-gonzaga-encerra-as-festividades-do-padroeiro.html","name":"\u201cArrai\u00e1 S\u00e3o Luiz Gonzaga\u201d encerra as festividades do Padroeiro - Not\u00edcias - Franciscanos","isPartOf":{"@id":"https:\/\/franciscanos.org.br\/noticias\/#website"},"primaryImageOfPage":{"@id":"https:\/\/franciscanos.org.br\/noticias\/arraia-sao-luiz-gonzaga-encerra-as-festividades-do-padroeiro.html#primaryimage"},"datePublished":"2023-06-23T18:28:31+00:00","dateModified":"2023-06-23T18:28:31+00:00","author":{"@id":"https:\/\/franciscanos.org.br\/noticias\/#\/schema\/person\/b5c8cba458c330ccff548b056e95a5d4"},"breadcrumb":{"@id":"https:\/\/franciscanos.org.br\/noticias\/arraia-sao-luiz-gonzaga-encerra-as-festividades-do-padroeiro.html#breadcrumb"},"inLanguage":"pt-BR","potentialAction":[{"@type":"ReadAction","target":["https:\/\/franciscanos.org.br\/noticias\/arraia-sao-luiz-gonzaga-encerra-as-festividades-do-padroeiro.html"]}]},{"@type":"BreadcrumbList","@id":"https:\/\/franciscanos.org.br\/noticias\/arraia-sao-luiz-gonzaga-encerra-as-festividades-do-padroeiro.html#breadcrumb","itemListElement":[{"@type":"ListItem","position":1,"name":"Home","item":"https:\/\/franciscanos.org.br\/noticias"},{"@type":"ListItem","position":2,"name":"\u201cArrai\u00e1 S\u00e3o Luiz Gonzaga\u201d encerra as festividades do Padroeiro"}]},{"@type":"Person","@id":"https:\/\/franciscanos.org.br\/noticias\/#\/schema\/person\/b5c8cba458c330ccff548b056e95a5d4","name":"moacir","image":{"@type":"ImageObject","inLanguage":"pt-BR","@id":"https:\/\/franciscanos.org.br\/noticias\/#\/schema\/person\/image\/","url":"https:\/\/secure.gravatar.com\/avatar\/d08aa2ce4c8dd416d4479aa8536fcf64?s=96&d=mm&r=g","contentUrl":"https:\/\/secure.gravatar.com\/avatar\/d08aa2ce4c8dd416d4479aa8536fcf64?s=96&d=mm&r=g","caption":"moacir"},"url":"https:\/\/franciscanos.org.br\/noticias\/author\/moacir"}]}},"_links":{"self":[{"href":"https:\/\/franciscanos.org.br\/noticias\/wp-json\/wp\/v2\/posts\/243823"}],"collection":[{"href":"https:\/\/franciscanos.org.br\/noticias\/wp-json\/wp\/v2\/posts"}],"about":[{"href":"https:\/\/franciscanos.org.br\/noticias\/wp-json\/wp\/v2\/types\/post"}],"author":[{"embeddable":true,"href":"https:\/\/franciscanos.org.br\/noticias\/wp-json\/wp\/v2\/users\/3"}],"replies":[{"embeddable":true,"href":"https:\/\/franciscanos.org.br\/noticias\/wp-json\/wp\/v2\/comments?post=243823"}],"version-history":[{"count":1,"href":"https:\/\/franciscanos.org.br\/noticias\/wp-json\/wp\/v2\/posts\/243823\/revisions"}],"predecessor-version":[{"id":243828,"href":"https:\/\/franciscanos.org.br\/noticias\/wp-json\/wp\/v2\/posts\/243823\/revisions\/243828"}],"wp:featuredmedia":[{"embeddable":true,"href":"https:\/\/franciscanos.org.br\/noticias\/wp-json\/wp\/v2\/media\/243824"}],"wp:attachment":[{"href":"https:\/\/franciscanos.org.br\/noticias\/wp-json\/wp\/v2\/media?parent=243823"}],"wp:term":[{"taxonomy":"category","embeddable":true,"href":"https:\/\/franciscanos.org.br\/noticias\/wp-json\/wp\/v2\/categories?post=243823"},{"taxonomy":"post_tag","embeddable":true,"href":"https:\/\/franciscanos.org.br\/noticias\/wp-json\/wp\/v2\/tags?post=243823"}],"curies":[{"name":"wp","href":"https:\/\/api.w.org\/{rel}","templated":true}]}}