{"id":243796,"date":"2023-06-21T07:40:01","date_gmt":"2023-06-21T10:40:01","guid":{"rendered":"https:\/\/franciscanos.org.br\/noticias\/?p=243796"},"modified":"2023-06-21T07:40:30","modified_gmt":"2023-06-21T10:40:30","slug":"grech-instrumentum-laboris-experiencia-com-a-voz-de-todos","status":"publish","type":"post","link":"https:\/\/franciscanos.org.br\/noticias\/grech-instrumentum-laboris-experiencia-com-a-voz-de-todos.html","title":{"rendered":"Grech: &#8220;Instrumentum laboris&#8221;, experi\u00eancia com a voz de todos"},"content":{"rendered":"<div id=\"attachment_243797\" style=\"width: 1055px\" class=\"wp-caption alignnone\"><img aria-describedby=\"caption-attachment-243797\" loading=\"lazy\" class=\"wp-image-243797 \" src=\"https:\/\/franciscanos.org.br\/noticias\/wp-content\/uploads\/2023\/06\/sinodo_21.jpeg\" alt=\"\" width=\"1045\" height=\"588\" srcset=\"https:\/\/franciscanos.org.br\/noticias\/wp-content\/uploads\/2023\/06\/sinodo_21.jpeg 750w, https:\/\/franciscanos.org.br\/noticias\/wp-content\/uploads\/2023\/06\/sinodo_21-450x253.jpeg 450w, https:\/\/franciscanos.org.br\/noticias\/wp-content\/uploads\/2023\/06\/sinodo_21-150x84.jpeg 150w\" sizes=\"(max-width: 1045px) 100vw, 1045px\" \/><p id=\"caption-attachment-243797\" class=\"wp-caption-text\"><em>A coletiva de imprensa de apresenta\u00e7\u00e3o do &#8220;Instrumentum laboris&#8221; da XVI Assembleia Geral Ordin\u00e1ria do S\u00ednodo dos Bispos (Vatican Media)<\/em><\/p><\/div>\n<p>O texto do<span style=\"color: #800080;\"><strong><a style=\"color: #800080;\" href=\"https:\/\/franciscanos.org.br\/vidacrista\/instrumentum-laboris-para-a-xvi-assembleia-geral-ordinaria-do-sinodo-dos-bispos\/#gsc.tab=0\"><em> Instrumentum laboris<\/em><\/a><\/strong><\/span> \u00e9 \u201ccomo um livro de receitas. Os cozinheiros recebem esse livro junto com alguns ingredientes: a sua miss\u00e3o \u00e9 unir os diferentes ingredientes para satisfazer diferentes paladares\u201d, gra\u00e7as ao Esp\u00edrito Santo que os guia \u201cpara encontrar uma nova harmonia alimentar\u201d. Um documento &#8220;de toda a Igreja, n\u00e3o escrito na escrivaninha, mas no qual todos s\u00e3o coautores, cada um pelo papel que \u00e9 chamado a desempenhar na Igreja&#8221;.<\/p>\n<p>Assim, o cardeal Jean-Claude Hollerich, relator geral da XVI Assembleia Geral Ordin\u00e1ria do S\u00ednodo dos Bispos, e o cardeal Mario Grech, secret\u00e1rio-geral do S\u00ednodo, descreveram o <em>Instrumentum laboris<\/em> da primeira sess\u00e3o da Assembleia sobre o tema: \u201cPor uma Igreja sinodal: comunh\u00e3o, participa\u00e7\u00e3o, miss\u00e3o\u201d, que se realizar\u00e1 no Vaticano, na Sala Paulo VI, de 4 a 29 de outubro de 2023. O Documento de Trabalho foi apresentado na coletiva, na Sala de Imprensa da Santa S\u00e9, na qual o pe. Giacomo Costa, consultor da Secretaria Geral do S\u00ednodo, apresentou a metodologia da Assembleia sinodal, e um sacerdote, uma religiosa e uma leiga deram o seu testemunho sobre a prepara\u00e7\u00e3o dos membros da assembleia de outubro e sobre a poss\u00edvel utiliza\u00e7\u00e3o do Instrumentum laboris por grupos locais.<\/p>\n<p>Um texto, apresentado nesta ter\u00e7a-feira (20\/06), que n\u00e3o \u00e9 &#8220;um tratado teol\u00f3gico sobre a sinodalidade&#8221;, explicou Hollerich, mas &#8220;fruto de uma experi\u00eancia de Igreja, de um caminho no qual todos aprendemos mais&#8221;, no qual, esclarece o cardeal Grech, \u201cn\u00e3o falta a voz de ningu\u00e9m: do Santo Povo de Deus; dos pastores, que com a sua participa\u00e7\u00e3o garantiram o discernimento eclesial; do Papa, que sempre nos acompanhou, nos apoiou, nos encorajou a ir em frente&#8221;. Um texto que &#8220;n\u00e3o d\u00e1 respostas, mas se limita a fazer perguntas&#8221;. Ser\u00e3o os bispos, sublinha o relator geral, \u201cpor serem chamados a aperfei\u00e7oar o discernimento iniciado no processo sinodal mundial\u201d, que tentar\u00e3o \u201cdar respostas\u201d. E esclarece que este texto deve ser usado com \u201charmonia-consentimento-guia do Esp\u00edrito\u201d. N\u00e3o teremos que encontrar todas as respostas, acrescenta Grech, mas \u201cuma Igreja realmente sinodal poder\u00e1 responder a muitas das perguntas do homem de hoje\u201d.<\/p>\n<p><strong>As tr\u00eas fases<\/strong><br \/>\nO cardeal secret\u00e1rio do S\u00ednodo apresenta o documento como &#8220;uma semente que pode produzir muitos frutos&#8221;, fruto de um processo sinodal que &#8220;envolveu toda a Igreja e todos na Igreja, na perspectiva do &#8216;aperfei\u00e7oamento&#8217; do S\u00ednodo dos Bispos de evento a processo, desejado pelo Papa Francisco\u201d com a constitui\u00e7\u00e3o apost\u00f3lica Episcopalis communio. Ele enfatiza que o S\u00ednodo n\u00e3o come\u00e7a em outubro pr\u00f3ximo, mas come\u00e7ou em 10 de outubro de 2021, com a celebra\u00e7\u00e3o de abertura em S\u00e3o Pedro. A partir de ent\u00e3o a primeira fase foi dividida em etapa nas Igrejas locais, com a consulta ao Povo de Deus; a segunda, nas confer\u00eancias episcopais, com o discernimento dos bispos sobre as contribui\u00e7\u00f5es das Igrejas locais; a terceira, nas Assembleias continentais, com um maior n\u00edvel de discernimento em vista da segunda fase do S\u00ednodo.<\/p>\n<p><strong>&#8220;Entre profecia e discernimento&#8221;<\/strong><br \/>\nUma escuta necess\u00e1ria, reitera o secret\u00e1rio-geral, porque \u201c\u00e9 um grande insulto\u201d dizer que o Povo de Deus \u201cn\u00e3o tem instrumentos para oferecer uma contribui\u00e7\u00e3o real ao processo sinodal\u201d. A experi\u00eancia vivida mostrou o contr\u00e1rio: onde os bispos iniciaram e acompanharam a consulta, a contribui\u00e7\u00e3o foi viva e profunda\u201d. O mesmo acontece \u201ca n\u00edvel das par\u00f3quias, congrega\u00e7\u00f5es de vida consagrada ou associa\u00e7\u00f5es laicais e movimentos, onde os respons\u00e1veis \u200b\u200bacompanharam e estimularam a consulta\u201d. Durante estes dois anos, conta o secret\u00e1rio-geral do S\u00ednodo, \u201cencontrei bispos que antes eram c\u00e9ticos, mas caminhando mais de perto com o Povo de Deus a eles confiado, encontraram um tesouro inestim\u00e1vel!\u201d. E descreve esta primeira fase &#8220;como um processo de profunda circularidade entre profecia e discernimento&#8221;, com o <em>Instrumentum laboris<\/em> &#8220;ponto de chegada de um caminhar juntos&#8221; que se oferece tamb\u00e9m como &#8220;ponto de partida para a segunda fase do S\u00ednodo, a da dupla Assembleia de outubro de 2023 e outubro de 2024\u201d.<\/p>\n<p><strong>Um texto de experi\u00eancias mission\u00e1rias e comunit\u00e1rias<\/strong><br \/>\nO cardeal Grech conclui, enfatizando que as conclus\u00f5es do S\u00ednodo ainda n\u00e3o foram escritas e que a Secretaria do S\u00ednodo sempre respeitou &#8220;o que emergiu das etapas do processo sinodal&#8221;, come\u00e7ando pelo Documento Preparat\u00f3rio e depois o Documento para a Etapa Continental, e \u201co fazemos agora, com o<em> Instrumentum laboris<\/em>, que restitui toda a escuta da primeira fase atrav\u00e9s do discernimento das Assembleias continentais\u201d. O cardeal Hollerich, arcebispo de Luxemburgo, esclarece que \u201cn\u00e3o \u00e9 um documento que, ap\u00f3s v\u00e1rias emendas dos participantes do S\u00ednodo, deva levar a uma vers\u00e3o final a ser votada no final do S\u00ednodo\u201d. Um texto que \u201coferece sobretudo uma narrativa do processo sinodal empreendido pela Igreja\u201d e \u201cbaseia-se numa mir\u00edade de experi\u00eancias pessoais e comunit\u00e1rias\u201d, porque \u201ca Igreja est\u00e1 em S\u00ednodo: tentando caminhar juntos, experimentamos uma nova arte de caminhar guiados pelo Esp\u00edrito\u201d. Nesta experi\u00eancia de Igreja, sublinha o relator geral, \u201cfoi fundamental o m\u00e9todo da conversa no Esp\u00edrito: a mesma conversa no Esp\u00edrito ser\u00e1 o nosso principal instrumento de discernimento\u201d.<\/p>\n<p><strong>Padre Costa: 370 membros no S\u00ednodo<\/strong><br \/>\nO tema \u00e9 explorado pelo padre Costa, que recorda que a metodologia da assembleia de outubro de 2023 est\u00e1 em continuidade \u201ccom a das assembleias mais recentes, com algumas varia\u00e7\u00f5es\u201d. Em parte, devido ao aumento do n\u00famero de membros da Assembleia. Ser\u00e3o cerca de vinte bispos a mais do que na \u00faltima Assembleia Geral Ordin\u00e1ria, a de 2018, \u201cdado o crescimento do n\u00famero de bispos no mundo\u201d. E o n\u00famero de n\u00e3o bispos est\u00e1 aumentando, ap\u00f3s a extens\u00e3o da participa\u00e7\u00e3o aprovada pelo Papa Francisco em abril. Assim, haver\u00e1 cerca de 370 membros da Assembleia, excluindo os especialistas, enquanto em 2018 havia 267 padres sinodais, mais cerca de cinquenta auditores. Com base nas prioridades expressas pelas sete assembleias continentais, o consultor da Secretaria do S\u00ednodo explica que &#8220;emergiu o desejo de continuar utilizando o m\u00e9todo da conversa no Esp\u00edrito para a escuta e o discernimento em comum, que marcou profundamente a fase consultiva do caminho sinodal&#8221;. Um m\u00e9todo que pode ser descrito como &#8220;uma ora\u00e7\u00e3o compartilhada em vista de um discernimento comum, para o qual os participantes se preparam com reflex\u00e3o e medita\u00e7\u00e3o pessoal&#8221;. Uma conversa que \u201c\u00e9 tanto mais fecunda quanto mais todos os participantes nela se comprometem com convic\u00e7\u00e3o, partilhando experi\u00eancias, carismas e minist\u00e9rios a servi\u00e7o do Evangelho\u201d. E que pretende alcan\u00e7ar, tamb\u00e9m abordando junto &#8220;assuntos controversos&#8221;, um consenso &#8220;inclusivo&#8221;, em que todos possam se sentir representados, sem transcurar os pontos de vista marginais nem transcurar os pontos em que emerge uma diverg\u00eancia, que n\u00e3o deve ser eliminada, mas submetida a discernimento&#8221;.<\/p>\n<p><strong>O m\u00e9todo<\/strong><br \/>\nEsta conversa, esclarece o pe. Costa, articula-se em tr\u00eas momentos: o \u201ctomar a palavra por parte de cada um, a partir da sua pr\u00f3pria experi\u00eancia relida na ora\u00e7\u00e3o durante o tempo de prepara\u00e7\u00e3o\u201d; outro tomar a falar &#8220;para expressar o que mais o tocou durante a escuta profunda e quando ouviu o Esp\u00edrito Santo fazer ressoar a sua pr\u00f3pria voz&#8221;; por fim, \u201cidentificam-se os pontos-chave que surgiram durante a conversa e colhem-se os frutos do trabalho comum, tendo em vista da passagem \u00e0 a\u00e7\u00e3o\u201d. Em compara\u00e7\u00e3o com o passado, haver\u00e1 \u201calguns momentos de ora\u00e7\u00e3o comum\u201d e algumas celebra\u00e7\u00f5es lit\u00fargicas, \u201cal\u00e9m da ora\u00e7\u00e3o com que abre e fecha cada sess\u00e3o\u201d.<\/p>\n<p><strong>A Sala Paulo VI acolher\u00e1 os trabalhos do S\u00ednodo<\/strong><br \/>\nOs trabalhos da Assembleia ser\u00e3o estruturados em cinco segmentos, de acordo com o desenvolvimento do Instrumentum laboris, sendo que o \u00faltimo segmento &#8220;ser\u00e1 dedicado a recolher os frutos e sua formula\u00e7\u00e3o num texto que os torne comunic\u00e1veis \u200b\u200be, em rela\u00e7\u00e3o \u00e0s propostas mais concretas, tamb\u00e9m vi\u00e1veis, no per\u00edodo de tempo que separa as duas sess\u00f5es (2023 e 2024). As vota\u00e7\u00f5es permitir\u00e3o apreender o consenso que esta formula\u00e7\u00e3o desfruta&#8221;. Entre as duas sess\u00f5es \u201cse continuar\u00e1 caminhando juntos nas Igrejas e entre as Igrejas\u201d, sublinha o pe. Costa, identificando \u201cquais os bloqueios que impedem o caminho\u201d e aprofundando \u201cas quest\u00f5es sobre as quais ainda n\u00e3o amadureceu um consenso suficiente\u201d. Uma novidade log\u00edstica ser\u00e1 o local que acolher\u00e1 a assembleia, n\u00e3o a Sala Nova do S\u00ednodo, mas a Sala Paulo VI, que \u00e9 &#8220;grande o suficiente para acomodar todos os participantes &#8211; explica Costa &#8211; enquanto na Sala Nova do S\u00ednodo caberia apenas os membros e n\u00e3o os especialistas. Mas, sobretudo, a Sala Paulo VI pode ser dotada de mesas nas quais se sentar em grupos de cerca de dez pessoas, agilizando a passagem entre as sess\u00f5es plen\u00e1rias e os trabalhos de grupo e sobretudo facilitando a din\u00e2mica da conversa no Esp\u00edrito\u201d.<\/p>\n<p><strong>Os testemunhos<\/strong><br \/>\nNos tr\u00eas testemunhos dos futuros membros da assembleia, a su\u00ed\u00e7a Helena Jeppesen-Spuhler, da A\u00e7\u00e3o Quaresmal, destaca que em todas as fases do caminho sinodal realizado at\u00e9 agora \u201cnossas preocupa\u00e7\u00f5es e nossas necessidades s\u00e3o ouvidas. N\u00e3o somos simplesmente crist\u00e3os que esperam receber e aceitar regras e prescri\u00e7\u00f5es. A maneira como n\u00f3s fi\u00e9is entendemos a f\u00e9 crist\u00e3 em nosso contexto espec\u00edfico \u00e9 agora uma quest\u00e3o de interesse. E nos respectivos textos, nos quais foram sintetizados os resultados dos processos de escuta e discernimento, as nossas preocupa\u00e7\u00f5es s\u00e3o realmente acolhidas\u201d. Em prepara\u00e7\u00e3o para a assembleia de outubro, um \u201cpr\u00e9-s\u00ednodo\u201d dos jovens ser\u00e1 realizado na Su\u00ed\u00e7a, e o Instrumentum laboris ser\u00e1 discutido por organiza\u00e7\u00f5es femininas, por alguns conselhos diocesanos, por delegados de Praga, por grupos sinodais nacionais e diocesanos e pela Confer\u00eancia Episcopal, para que &#8220;os participantes do S\u00ednodo n\u00e3o representem apenas a si mesmos&#8221;.<\/p>\n<p>Pe. Rafael Simbine Junior, conectado da \u00c1frica, secret\u00e1rio-geral do Simp\u00f3sio das Confer\u00eancias Episcopais da \u00c1frica e Madagascar (Secam), representado por uma irm\u00e3, se une, anunciando um semin\u00e1rio programado para a prepara\u00e7\u00e3o dos delegados africanos para a assembleia geral de outubro. Por fim, a irm\u00e3 Nadia Coppa, presidente da UISG, a Uni\u00e3o Internacional das Superioras Gerais, anuncia que o documento ser\u00e1 apresentado em breve \u00e0s quase duas mil l\u00edderes das congrega\u00e7\u00f5es femininas em um webinar on-line. Do Instrumentum laboris, ela destaca a validade das ideias oferecidas pelas fichas de trabalho, que &#8220;tocam diferentes e importantes perspectivas (teol\u00f3gica, pastoral, can\u00f4nica&#8230;)&#8221;.<\/p>\n<hr \/>\n<p><b>Fonte: Vatican News (texto de Alessandro Di Bussolo)<\/b><\/p>\n","protected":false},"excerpt":{"rendered":"<p>S\u00ednodo dos Bispos<\/p>\n","protected":false},"author":3,"featured_media":243797,"comment_status":"open","ping_status":"open","sticky":false,"template":"","format":"standard","meta":[],"categories":[1],"tags":[472],"acf":[],"yoast_head":"<!-- This site is optimized with the Yoast SEO plugin v19.2 - https:\/\/yoast.com\/wordpress\/plugins\/seo\/ -->\n<title>Grech: &quot;Instrumentum laboris&quot;, experi\u00eancia com a voz de todos - Not\u00edcias - Franciscanos<\/title>\n<meta name=\"robots\" content=\"index, follow, max-snippet:-1, max-image-preview:large, max-video-preview:-1\" \/>\n<link rel=\"canonical\" href=\"https:\/\/franciscanos.org.br\/noticias\/grech-instrumentum-laboris-experiencia-com-a-voz-de-todos.html\" \/>\n<meta property=\"og:locale\" content=\"pt_BR\" \/>\n<meta property=\"og:type\" content=\"article\" \/>\n<meta property=\"og:title\" content=\"Grech: &quot;Instrumentum laboris&quot;, experi\u00eancia com a voz de todos - Not\u00edcias - Franciscanos\" \/>\n<meta property=\"og:description\" content=\"S\u00ednodo dos Bispos\" \/>\n<meta property=\"og:url\" content=\"https:\/\/franciscanos.org.br\/noticias\/grech-instrumentum-laboris-experiencia-com-a-voz-de-todos.html\" \/>\n<meta property=\"og:site_name\" content=\"Not\u00edcias - Franciscanos\" \/>\n<meta property=\"article:published_time\" content=\"2023-06-21T10:40:01+00:00\" \/>\n<meta property=\"article:modified_time\" content=\"2023-06-21T10:40:30+00:00\" \/>\n<meta property=\"og:image\" content=\"https:\/\/franciscanos.org.br\/noticias\/wp-content\/uploads\/2023\/06\/sinodo_21.jpeg\" \/>\n\t<meta property=\"og:image:width\" content=\"750\" \/>\n\t<meta property=\"og:image:height\" content=\"422\" \/>\n\t<meta property=\"og:image:type\" content=\"image\/jpeg\" \/>\n<meta name=\"author\" content=\"moacir\" \/>\n<meta name=\"twitter:card\" content=\"summary_large_image\" \/>\n<meta name=\"twitter:label1\" content=\"Escrito por\" \/>\n\t<meta name=\"twitter:data1\" content=\"moacir\" \/>\n\t<meta name=\"twitter:label2\" content=\"Est. tempo de leitura\" \/>\n\t<meta name=\"twitter:data2\" content=\"9 minutos\" \/>\n<script type=\"application\/ld+json\" class=\"yoast-schema-graph\">{\"@context\":\"https:\/\/schema.org\",\"@graph\":[{\"@type\":\"WebSite\",\"@id\":\"https:\/\/franciscanos.org.br\/noticias\/#website\",\"url\":\"https:\/\/franciscanos.org.br\/noticias\/\",\"name\":\"Not\u00edcias - Franciscanos\",\"description\":\"Prov\u00edncia Franciscana da Imaculada Concei\u00e7\u00e3o do Brasil - Ordem dos Frades Menores - OFM\",\"potentialAction\":[{\"@type\":\"SearchAction\",\"target\":{\"@type\":\"EntryPoint\",\"urlTemplate\":\"https:\/\/franciscanos.org.br\/noticias\/?s={search_term_string}\"},\"query-input\":\"required name=search_term_string\"}],\"inLanguage\":\"pt-BR\"},{\"@type\":\"ImageObject\",\"inLanguage\":\"pt-BR\",\"@id\":\"https:\/\/franciscanos.org.br\/noticias\/grech-instrumentum-laboris-experiencia-com-a-voz-de-todos.html#primaryimage\",\"url\":\"https:\/\/franciscanos.org.br\/noticias\/wp-content\/uploads\/2023\/06\/sinodo_21.jpeg\",\"contentUrl\":\"https:\/\/franciscanos.org.br\/noticias\/wp-content\/uploads\/2023\/06\/sinodo_21.jpeg\",\"width\":750,\"height\":422},{\"@type\":\"WebPage\",\"@id\":\"https:\/\/franciscanos.org.br\/noticias\/grech-instrumentum-laboris-experiencia-com-a-voz-de-todos.html#webpage\",\"url\":\"https:\/\/franciscanos.org.br\/noticias\/grech-instrumentum-laboris-experiencia-com-a-voz-de-todos.html\",\"name\":\"Grech: \\\"Instrumentum laboris\\\", experi\u00eancia com a voz de todos - Not\u00edcias - Franciscanos\",\"isPartOf\":{\"@id\":\"https:\/\/franciscanos.org.br\/noticias\/#website\"},\"primaryImageOfPage\":{\"@id\":\"https:\/\/franciscanos.org.br\/noticias\/grech-instrumentum-laboris-experiencia-com-a-voz-de-todos.html#primaryimage\"},\"datePublished\":\"2023-06-21T10:40:01+00:00\",\"dateModified\":\"2023-06-21T10:40:30+00:00\",\"author\":{\"@id\":\"https:\/\/franciscanos.org.br\/noticias\/#\/schema\/person\/b5c8cba458c330ccff548b056e95a5d4\"},\"breadcrumb\":{\"@id\":\"https:\/\/franciscanos.org.br\/noticias\/grech-instrumentum-laboris-experiencia-com-a-voz-de-todos.html#breadcrumb\"},\"inLanguage\":\"pt-BR\",\"potentialAction\":[{\"@type\":\"ReadAction\",\"target\":[\"https:\/\/franciscanos.org.br\/noticias\/grech-instrumentum-laboris-experiencia-com-a-voz-de-todos.html\"]}]},{\"@type\":\"BreadcrumbList\",\"@id\":\"https:\/\/franciscanos.org.br\/noticias\/grech-instrumentum-laboris-experiencia-com-a-voz-de-todos.html#breadcrumb\",\"itemListElement\":[{\"@type\":\"ListItem\",\"position\":1,\"name\":\"Home\",\"item\":\"https:\/\/franciscanos.org.br\/noticias\"},{\"@type\":\"ListItem\",\"position\":2,\"name\":\"Grech: &#8220;Instrumentum laboris&#8221;, experi\u00eancia com a voz de todos\"}]},{\"@type\":\"Person\",\"@id\":\"https:\/\/franciscanos.org.br\/noticias\/#\/schema\/person\/b5c8cba458c330ccff548b056e95a5d4\",\"name\":\"moacir\",\"image\":{\"@type\":\"ImageObject\",\"inLanguage\":\"pt-BR\",\"@id\":\"https:\/\/franciscanos.org.br\/noticias\/#\/schema\/person\/image\/\",\"url\":\"https:\/\/secure.gravatar.com\/avatar\/d08aa2ce4c8dd416d4479aa8536fcf64?s=96&d=mm&r=g\",\"contentUrl\":\"https:\/\/secure.gravatar.com\/avatar\/d08aa2ce4c8dd416d4479aa8536fcf64?s=96&d=mm&r=g\",\"caption\":\"moacir\"},\"url\":\"https:\/\/franciscanos.org.br\/noticias\/author\/moacir\"}]}<\/script>\n<!-- \/ Yoast SEO plugin. -->","yoast_head_json":{"title":"Grech: \"Instrumentum laboris\", experi\u00eancia com a voz de todos - Not\u00edcias - Franciscanos","robots":{"index":"index","follow":"follow","max-snippet":"max-snippet:-1","max-image-preview":"max-image-preview:large","max-video-preview":"max-video-preview:-1"},"canonical":"https:\/\/franciscanos.org.br\/noticias\/grech-instrumentum-laboris-experiencia-com-a-voz-de-todos.html","og_locale":"pt_BR","og_type":"article","og_title":"Grech: \"Instrumentum laboris\", experi\u00eancia com a voz de todos - Not\u00edcias - Franciscanos","og_description":"S\u00ednodo dos Bispos","og_url":"https:\/\/franciscanos.org.br\/noticias\/grech-instrumentum-laboris-experiencia-com-a-voz-de-todos.html","og_site_name":"Not\u00edcias - Franciscanos","article_published_time":"2023-06-21T10:40:01+00:00","article_modified_time":"2023-06-21T10:40:30+00:00","og_image":[{"width":750,"height":422,"url":"https:\/\/franciscanos.org.br\/noticias\/wp-content\/uploads\/2023\/06\/sinodo_21.jpeg","type":"image\/jpeg"}],"author":"moacir","twitter_card":"summary_large_image","twitter_misc":{"Escrito por":"moacir","Est. tempo de leitura":"9 minutos"},"schema":{"@context":"https:\/\/schema.org","@graph":[{"@type":"WebSite","@id":"https:\/\/franciscanos.org.br\/noticias\/#website","url":"https:\/\/franciscanos.org.br\/noticias\/","name":"Not\u00edcias - Franciscanos","description":"Prov\u00edncia Franciscana da Imaculada Concei\u00e7\u00e3o do Brasil - Ordem dos Frades Menores - OFM","potentialAction":[{"@type":"SearchAction","target":{"@type":"EntryPoint","urlTemplate":"https:\/\/franciscanos.org.br\/noticias\/?s={search_term_string}"},"query-input":"required name=search_term_string"}],"inLanguage":"pt-BR"},{"@type":"ImageObject","inLanguage":"pt-BR","@id":"https:\/\/franciscanos.org.br\/noticias\/grech-instrumentum-laboris-experiencia-com-a-voz-de-todos.html#primaryimage","url":"https:\/\/franciscanos.org.br\/noticias\/wp-content\/uploads\/2023\/06\/sinodo_21.jpeg","contentUrl":"https:\/\/franciscanos.org.br\/noticias\/wp-content\/uploads\/2023\/06\/sinodo_21.jpeg","width":750,"height":422},{"@type":"WebPage","@id":"https:\/\/franciscanos.org.br\/noticias\/grech-instrumentum-laboris-experiencia-com-a-voz-de-todos.html#webpage","url":"https:\/\/franciscanos.org.br\/noticias\/grech-instrumentum-laboris-experiencia-com-a-voz-de-todos.html","name":"Grech: \"Instrumentum laboris\", experi\u00eancia com a voz de todos - Not\u00edcias - Franciscanos","isPartOf":{"@id":"https:\/\/franciscanos.org.br\/noticias\/#website"},"primaryImageOfPage":{"@id":"https:\/\/franciscanos.org.br\/noticias\/grech-instrumentum-laboris-experiencia-com-a-voz-de-todos.html#primaryimage"},"datePublished":"2023-06-21T10:40:01+00:00","dateModified":"2023-06-21T10:40:30+00:00","author":{"@id":"https:\/\/franciscanos.org.br\/noticias\/#\/schema\/person\/b5c8cba458c330ccff548b056e95a5d4"},"breadcrumb":{"@id":"https:\/\/franciscanos.org.br\/noticias\/grech-instrumentum-laboris-experiencia-com-a-voz-de-todos.html#breadcrumb"},"inLanguage":"pt-BR","potentialAction":[{"@type":"ReadAction","target":["https:\/\/franciscanos.org.br\/noticias\/grech-instrumentum-laboris-experiencia-com-a-voz-de-todos.html"]}]},{"@type":"BreadcrumbList","@id":"https:\/\/franciscanos.org.br\/noticias\/grech-instrumentum-laboris-experiencia-com-a-voz-de-todos.html#breadcrumb","itemListElement":[{"@type":"ListItem","position":1,"name":"Home","item":"https:\/\/franciscanos.org.br\/noticias"},{"@type":"ListItem","position":2,"name":"Grech: &#8220;Instrumentum laboris&#8221;, experi\u00eancia com a voz de todos"}]},{"@type":"Person","@id":"https:\/\/franciscanos.org.br\/noticias\/#\/schema\/person\/b5c8cba458c330ccff548b056e95a5d4","name":"moacir","image":{"@type":"ImageObject","inLanguage":"pt-BR","@id":"https:\/\/franciscanos.org.br\/noticias\/#\/schema\/person\/image\/","url":"https:\/\/secure.gravatar.com\/avatar\/d08aa2ce4c8dd416d4479aa8536fcf64?s=96&d=mm&r=g","contentUrl":"https:\/\/secure.gravatar.com\/avatar\/d08aa2ce4c8dd416d4479aa8536fcf64?s=96&d=mm&r=g","caption":"moacir"},"url":"https:\/\/franciscanos.org.br\/noticias\/author\/moacir"}]}},"_links":{"self":[{"href":"https:\/\/franciscanos.org.br\/noticias\/wp-json\/wp\/v2\/posts\/243796"}],"collection":[{"href":"https:\/\/franciscanos.org.br\/noticias\/wp-json\/wp\/v2\/posts"}],"about":[{"href":"https:\/\/franciscanos.org.br\/noticias\/wp-json\/wp\/v2\/types\/post"}],"author":[{"embeddable":true,"href":"https:\/\/franciscanos.org.br\/noticias\/wp-json\/wp\/v2\/users\/3"}],"replies":[{"embeddable":true,"href":"https:\/\/franciscanos.org.br\/noticias\/wp-json\/wp\/v2\/comments?post=243796"}],"version-history":[{"count":2,"href":"https:\/\/franciscanos.org.br\/noticias\/wp-json\/wp\/v2\/posts\/243796\/revisions"}],"predecessor-version":[{"id":243799,"href":"https:\/\/franciscanos.org.br\/noticias\/wp-json\/wp\/v2\/posts\/243796\/revisions\/243799"}],"wp:featuredmedia":[{"embeddable":true,"href":"https:\/\/franciscanos.org.br\/noticias\/wp-json\/wp\/v2\/media\/243797"}],"wp:attachment":[{"href":"https:\/\/franciscanos.org.br\/noticias\/wp-json\/wp\/v2\/media?parent=243796"}],"wp:term":[{"taxonomy":"category","embeddable":true,"href":"https:\/\/franciscanos.org.br\/noticias\/wp-json\/wp\/v2\/categories?post=243796"},{"taxonomy":"post_tag","embeddable":true,"href":"https:\/\/franciscanos.org.br\/noticias\/wp-json\/wp\/v2\/tags?post=243796"}],"curies":[{"name":"wp","href":"https:\/\/api.w.org\/{rel}","templated":true}]}}