{"id":243781,"date":"2023-06-20T10:54:19","date_gmt":"2023-06-20T13:54:19","guid":{"rendered":"https:\/\/franciscanos.org.br\/noticias\/?p=243781"},"modified":"2023-09-18T09:32:28","modified_gmt":"2023-09-18T12:32:28","slug":"romaria-das-aguas-e-da-terra-por-um-rio-doce-vivo-limpo-e-sem-fome","status":"publish","type":"post","link":"https:\/\/franciscanos.org.br\/noticias\/romaria-das-aguas-e-da-terra-por-um-rio-doce-vivo-limpo-e-sem-fome.html","title":{"rendered":"Romaria das \u00c1guas e da Terra: \u201cPor um Rio Doce vivo, limpo e sem fome\u201d!"},"content":{"rendered":"<p><img loading=\"lazy\" class=\"size-full wp-image-243782 alignnone\" src=\"https:\/\/franciscanos.org.br\/noticias\/wp-content\/uploads\/2023\/06\/colatina_01.jpg\" alt=\"\" width=\"1280\" height=\"720\" srcset=\"https:\/\/franciscanos.org.br\/noticias\/wp-content\/uploads\/2023\/06\/colatina_01.jpg 1280w, https:\/\/franciscanos.org.br\/noticias\/wp-content\/uploads\/2023\/06\/colatina_01-450x253.jpg 450w, https:\/\/franciscanos.org.br\/noticias\/wp-content\/uploads\/2023\/06\/colatina_01-1024x576.jpg 1024w, https:\/\/franciscanos.org.br\/noticias\/wp-content\/uploads\/2023\/06\/colatina_01-768x432.jpg 768w, https:\/\/franciscanos.org.br\/noticias\/wp-content\/uploads\/2023\/06\/colatina_01-150x84.jpg 150w\" sizes=\"(max-width: 1280px) 100vw, 1280px\" \/><\/p>\n<p><strong>Reg\u00eancia (ES) \u2013<\/strong> \u201cA nossa Romaria deve ser um farol para que outros n\u00e3o passem pelo que estamos passando\u201d. Esta motiva\u00e7\u00e3o feita pelo bispo da Diocese de Colatina (ES), Dom Lauro S\u00e9rgio Versiani Barbosa, deu a t\u00f4nica da 6\u00aa Romaria da Terra e das \u00c1guas da Bacia do Rio Doce que aconteceu em Reg\u00eancia &#8211; onde o Rio Doce des\u00e1gua -, litoral de Linhares, no \u00faltimo domingo (18\/06). A Romaria teve como tema \u201cBacia do Rio Doce, nossa Casa Comum\u201d e lema: \u201cNo princ\u00edpio, o Esp\u00edrito pairava sobre as \u00e1guas\u201d.<\/p>\n<p>Mais de quatro mil pessoas dos estados do Esp\u00edrito Santo e de Minas Gerais participaram do evento, que se tornou um marco hist\u00f3rico e um grande clamor para que toda a sociedade volte seu empenho de cuidado com a Casa Comum e o bem de todos. \u201cDevemos cultivar a m\u00edstica do cuidado com a natureza e com os irm\u00e3os. As empresas n\u00e3o podem fazer o que querem. A economia n\u00e3o pode ter essa autonomia em rela\u00e7\u00e3o \u00e0 pol\u00edtica e \u00e0 \u00e9tica, mas devem estar todas voltadas realmente para o bem coletivo. \u00c9 preciso que n\u00f3s sejamos cuidadores uns dos outros e da Casa Comum\u201d, destacou o bispo diocesano, Dom Lauro, em sua homilia.<\/p>\n<p><img loading=\"lazy\" class=\"size-full wp-image-243783 alignnone\" src=\"https:\/\/franciscanos.org.br\/noticias\/wp-content\/uploads\/2023\/06\/colatina_07.jpg\" alt=\"\" width=\"1280\" height=\"914\" srcset=\"https:\/\/franciscanos.org.br\/noticias\/wp-content\/uploads\/2023\/06\/colatina_07.jpg 1280w, https:\/\/franciscanos.org.br\/noticias\/wp-content\/uploads\/2023\/06\/colatina_07-450x321.jpg 450w, https:\/\/franciscanos.org.br\/noticias\/wp-content\/uploads\/2023\/06\/colatina_07-1024x731.jpg 1024w, https:\/\/franciscanos.org.br\/noticias\/wp-content\/uploads\/2023\/06\/colatina_07-768x548.jpg 768w, https:\/\/franciscanos.org.br\/noticias\/wp-content\/uploads\/2023\/06\/colatina_07-150x107.jpg 150w\" sizes=\"(max-width: 1280px) 100vw, 1280px\" \/><\/p>\n<p>Da Par\u00f3quia Santa Clara de Assis de Colatina, os paroquianos e os frades Frei Pedro de Oliveira Rodrigues e Frei Augusto Luiz Gabriel foram de van at\u00e9 Reg\u00eancia, saindo \u00e0s 4h da manh\u00e3 para participar das celebra\u00e7\u00f5es. Com alegria, juntaram-se aos jovens franciscanos que vieram de Vila Velha, formando uma grande fam\u00edlia franciscana. Ali\u00e1s, vale ressaltar que os anseios desta Romaria s\u00e3o bem franciscanos!<\/p>\n<p>A programa\u00e7\u00e3o de encerramento da 6\u00aa Romaria teve in\u00edcio com uma caminhada penitencial do centro de Reg\u00eancia at\u00e9 a praia onde foi celebrada a Santa Missa que contou com a participa\u00e7\u00e3o de padres, seminaristas e de Dom Geraldo Lyrio Rocha, arcebispo em\u00e9rito de Mariana e primeiro bispo da Diocese de Colatina; Dom D\u00e9cio Sossai Zandonade, bispo em\u00e9rito de Colatina; e Dom Luiz Fernando Lisboa, bispo de Cachoeiro de Itapemirim; al\u00e9m de Dom Lauro.<\/p>\n<p><img loading=\"lazy\" class=\"alignnone size-full wp-image-243784\" src=\"https:\/\/franciscanos.org.br\/noticias\/wp-content\/uploads\/2023\/06\/colatina_03.jpg\" alt=\"\" width=\"1280\" height=\"960\" srcset=\"https:\/\/franciscanos.org.br\/noticias\/wp-content\/uploads\/2023\/06\/colatina_03.jpg 1280w, https:\/\/franciscanos.org.br\/noticias\/wp-content\/uploads\/2023\/06\/colatina_03-450x338.jpg 450w, https:\/\/franciscanos.org.br\/noticias\/wp-content\/uploads\/2023\/06\/colatina_03-1024x768.jpg 1024w, https:\/\/franciscanos.org.br\/noticias\/wp-content\/uploads\/2023\/06\/colatina_03-768x576.jpg 768w, https:\/\/franciscanos.org.br\/noticias\/wp-content\/uploads\/2023\/06\/colatina_03-150x113.jpg 150w, https:\/\/franciscanos.org.br\/noticias\/wp-content\/uploads\/2023\/06\/colatina_03-600x450.jpg 600w\" sizes=\"(max-width: 1280px) 100vw, 1280px\" \/><\/p>\n<p>Pelo caminho os participantes dos Movimentos de Moradia; Marcha das Mulheres; Economia Popular Solid\u00e1ria; Quilombolas; Antirracistas; Pastoral Afro; Movimento dos Atingidos por Barragens; Movimento dos Sem-terra; Luta Campesina; Agricultores Familiares e Movimentos de F\u00e9 e Pol\u00edtica carregavam estandartes com nomes e fotos de pessoas que lutaram at\u00e9 o fim pelas causas ecol\u00f3gicas. Dom Pedro Casald\u00e1liga, Padre Nelton, Fl\u00e1via Ambr\u00f3sio, Padre Ernesto, indigenista Bruno Pereira, Dom Phillips, s\u00e3o apenas alguns para citar. Al\u00e9m disso, frases como \u201cQueremos o Rio Doce sem min\u00e9rio\u201d; \u201cOito anos de impunidade\u201d, \u201cMinera\u00e7\u00e3o aqui n\u00e3o\u201d, \u201cA minera\u00e7\u00e3o destr\u00f3i os territ\u00f3rios dos povos das \u00e1guas\u201d, \u201cSomos contra o marco temporal\u201d, \u201c\u00c1gua e energia n\u00e3o s\u00e3o mercadorias\u201d, chamaram a aten\u00e7\u00e3o, al\u00e9m de denunciar e evidenciar a miss\u00e3o da Igreja de ser voz daqueles que n\u00e3o t\u00eam voz.<\/p>\n<p>\u201cSomos a mem\u00f3ria, a rebeldia, a profecia&#8230;. A proposta da ecologia integral inclui o ambiental, o econ\u00f4mico, o social, o cultural, o humano e o cotidiano. Engloba aspectos que v\u00e3o da vida quotidiana at\u00e9 a justi\u00e7a internacional, seguindo o princ\u00edpio do bem comum e da dignidade da cria\u00e7\u00e3o\u201d, destacou um participante no coment\u00e1rio inicial da missa. \u201c\u00c9 fundamental buscar solu\u00e7\u00f5es integrais que considerem as intera\u00e7\u00f5es dos sistemas naturais entre si e com os sistemas sociais. N\u00e3o h\u00e1 duas crises separadas: uma ambiental e outra social; mas uma \u00fanica complexa crise socioambiental\u201d, acrescentou, citando a Laudato Si\u00b4 (LS 139).<\/p>\n<p><img loading=\"lazy\" class=\"alignnone size-full wp-image-243785\" src=\"https:\/\/franciscanos.org.br\/noticias\/wp-content\/uploads\/2023\/06\/colatina_06.jpg\" alt=\"\" width=\"1280\" height=\"742\" srcset=\"https:\/\/franciscanos.org.br\/noticias\/wp-content\/uploads\/2023\/06\/colatina_06.jpg 1280w, https:\/\/franciscanos.org.br\/noticias\/wp-content\/uploads\/2023\/06\/colatina_06-450x261.jpg 450w, https:\/\/franciscanos.org.br\/noticias\/wp-content\/uploads\/2023\/06\/colatina_06-1024x594.jpg 1024w, https:\/\/franciscanos.org.br\/noticias\/wp-content\/uploads\/2023\/06\/colatina_06-768x445.jpg 768w, https:\/\/franciscanos.org.br\/noticias\/wp-content\/uploads\/2023\/06\/colatina_06-150x87.jpg 150w\" sizes=\"(max-width: 1280px) 100vw, 1280px\" \/><\/p>\n<div id=\"attachment_243786\" style=\"width: 1290px\" class=\"wp-caption alignnone\"><img aria-describedby=\"caption-attachment-243786\" loading=\"lazy\" class=\"size-full wp-image-243786\" src=\"https:\/\/franciscanos.org.br\/noticias\/wp-content\/uploads\/2023\/06\/colatina_12.jpg\" alt=\"\" width=\"1280\" height=\"720\" srcset=\"https:\/\/franciscanos.org.br\/noticias\/wp-content\/uploads\/2023\/06\/colatina_12.jpg 1280w, https:\/\/franciscanos.org.br\/noticias\/wp-content\/uploads\/2023\/06\/colatina_12-450x253.jpg 450w, https:\/\/franciscanos.org.br\/noticias\/wp-content\/uploads\/2023\/06\/colatina_12-1024x576.jpg 1024w, https:\/\/franciscanos.org.br\/noticias\/wp-content\/uploads\/2023\/06\/colatina_12-768x432.jpg 768w, https:\/\/franciscanos.org.br\/noticias\/wp-content\/uploads\/2023\/06\/colatina_12-150x84.jpg 150w\" sizes=\"(max-width: 1280px) 100vw, 1280px\" \/><p id=\"caption-attachment-243786\" class=\"wp-caption-text\"><span style=\"font-size: 16px;\">A romaria contou ainda com a presen\u00e7a de religiosos, religiosas, leigos, povos origin\u00e1rios e pessoas de outras religi\u00f5es, vindos de todo o Esp\u00edrito Santo e das cidades mineiras banhadas pelo Rio Doce. E todos estavam juntos, cantando, rezando e movidos por um entusiasmo genu\u00edno fundamentado na esperan\u00e7a de que \u00e9 poss\u00edvel viver de maneira diferente, com mais amor, fraternidade e respeito.<\/span><\/p><\/div>\n<p>Um dos momentos mais emocionantes da Romaria foi a fincada da cruz. Uma enorme cruz de madeira foi carregada pelos romeiros at\u00e9 um ponto da praia pr\u00f3ximo \u00e0 foz e l\u00e1 erguida e consolidada na areia, enquanto a multid\u00e3o cantava e dan\u00e7ava. Outro momento importante foi a leitura da \u201cCarta ao Povo de Deus\u201d <strong>(<a href=\"https:\/\/franciscanos.org.br\/noticias\/wp-content\/uploads\/2023\/06\/Carta-ao-Povo-de-Deus-Sexta-Romaria-das-Aguas-e-da-Terra_1506.pdf\" target=\"_blank\" rel=\"noopener\">LEIA NA \u00cdNTEGRA<\/a>)<\/strong>, que denunciou que este crime vitimou 19 pessoas e trouxe um rastro de destrui\u00e7\u00e3o social e ambiental por uma extens\u00e3o de quase 600 km, de Minas Gerais ao Esp\u00edrito Santo.<\/p>\n<p><img loading=\"lazy\" class=\"alignnone size-full wp-image-243787\" src=\"https:\/\/franciscanos.org.br\/noticias\/wp-content\/uploads\/2023\/06\/colatina_09.jpg\" alt=\"\" width=\"1280\" height=\"960\" srcset=\"https:\/\/franciscanos.org.br\/noticias\/wp-content\/uploads\/2023\/06\/colatina_09.jpg 1280w, https:\/\/franciscanos.org.br\/noticias\/wp-content\/uploads\/2023\/06\/colatina_09-450x338.jpg 450w, https:\/\/franciscanos.org.br\/noticias\/wp-content\/uploads\/2023\/06\/colatina_09-1024x768.jpg 1024w, https:\/\/franciscanos.org.br\/noticias\/wp-content\/uploads\/2023\/06\/colatina_09-768x576.jpg 768w, https:\/\/franciscanos.org.br\/noticias\/wp-content\/uploads\/2023\/06\/colatina_09-150x113.jpg 150w, https:\/\/franciscanos.org.br\/noticias\/wp-content\/uploads\/2023\/06\/colatina_09-600x450.jpg 600w\" sizes=\"(max-width: 1280px) 100vw, 1280px\" \/><\/p>\n<p>\u201cS\u00e3o propor\u00e7\u00f5es incapazes de serem totalmente mensuradas, mesmo passados quase oito anos desta trag\u00e9dia. Al\u00e9m da perda de vidas humanas, a trag\u00e9dia tamb\u00e9m trouxe enfermidades e sofrimentos diversos, perdas materiais e culturais, de postos de trabalho, al\u00e9m da destrui\u00e7\u00e3o da natureza, afetando todo o ecossistema no entorno da Bacia do Rio Doce at\u00e9 atingir as \u00e1guas do Oceano Atl\u00e2ntico. S\u00e3o realidades ainda n\u00e3o sanadas, persistindo a indigna\u00e7\u00e3o de nossas popula\u00e7\u00f5es que sofrem as consequ\u00eancias desta destrui\u00e7\u00e3o\u201d, l\u00ea-se na carta.<\/p>\n<p>O bispo de Colatina justificou a escolha de Reg\u00eancia para sediar o encerramento da Romaria: foi ali que a lama de rejeitos de min\u00e9rio foi despejada ap\u00f3s destruir a bacia do Rio Doce com o rompimento da Barra de Fund\u00e3o, em Mariana (MG), no dia 5 de novembro de 2015. Essa foi a maior trag\u00e9dia socioambiental da hist\u00f3ria do Brasil e seus efeitos s\u00e3o sentidos ainda hoje especialmente pelos que tiravam do rio o seu sustento. \u201cEstamos cercados por pessoas gananciosas, por um sistema de produ\u00e7\u00e3o e consumo que destr\u00f3i a natureza, que exaure a cria\u00e7\u00e3o de Deus\u201d, denunciou dom Lauro.<\/p>\n<p><img loading=\"lazy\" class=\"alignnone size-full wp-image-243788\" src=\"https:\/\/franciscanos.org.br\/noticias\/wp-content\/uploads\/2023\/06\/colatina_02.jpg\" alt=\"\" width=\"1280\" height=\"960\" srcset=\"https:\/\/franciscanos.org.br\/noticias\/wp-content\/uploads\/2023\/06\/colatina_02.jpg 1280w, https:\/\/franciscanos.org.br\/noticias\/wp-content\/uploads\/2023\/06\/colatina_02-450x338.jpg 450w, https:\/\/franciscanos.org.br\/noticias\/wp-content\/uploads\/2023\/06\/colatina_02-1024x768.jpg 1024w, https:\/\/franciscanos.org.br\/noticias\/wp-content\/uploads\/2023\/06\/colatina_02-768x576.jpg 768w, https:\/\/franciscanos.org.br\/noticias\/wp-content\/uploads\/2023\/06\/colatina_02-150x113.jpg 150w, https:\/\/franciscanos.org.br\/noticias\/wp-content\/uploads\/2023\/06\/colatina_02-600x450.jpg 600w\" sizes=\"(max-width: 1280px) 100vw, 1280px\" \/><\/p>\n<p>Ainda em 2015, quinze dias ap\u00f3s a trag\u00e9dia este site publicou uma nota de Frei Gilson Kammer que relatava: \u201cA lama chega a Colatina e, com ela, muita tristeza\u201d, escreveu. \u201cQuinze dias depois do rompimento da barragem de rejeitos da mineradora Samarco na cidade mineira de Mariana, a lama chegou \u00e0 cidade de Colatina nesta madrugada [&#8230;]. O desastre ecol\u00f3gico est\u00e1 apenas no seu in\u00edcio e por muitos anos as autoridades e toda a popula\u00e7\u00e3o precisar\u00e3o dispor de muitos esfor\u00e7os para a recupera\u00e7\u00e3o total deste rio e toda a sua biodiversidade\u201d.<\/p>\n<p>A pr\u00f3xima edi\u00e7\u00e3o da Romaria das \u00c1guas e da Terra da Bacia do Rio Doce acontecer\u00e1 em 2024 na cidade de Governador Valadares (MG).<\/p>\n<div id=\"attachment_243789\" style=\"width: 1290px\" class=\"wp-caption alignnone\"><img aria-describedby=\"caption-attachment-243789\" loading=\"lazy\" class=\"wp-image-243789 size-full\" src=\"https:\/\/franciscanos.org.br\/noticias\/wp-content\/uploads\/2023\/06\/colatina_10.jpg\" alt=\"\" width=\"1280\" height=\"960\" srcset=\"https:\/\/franciscanos.org.br\/noticias\/wp-content\/uploads\/2023\/06\/colatina_10.jpg 1280w, https:\/\/franciscanos.org.br\/noticias\/wp-content\/uploads\/2023\/06\/colatina_10-450x338.jpg 450w, https:\/\/franciscanos.org.br\/noticias\/wp-content\/uploads\/2023\/06\/colatina_10-1024x768.jpg 1024w, https:\/\/franciscanos.org.br\/noticias\/wp-content\/uploads\/2023\/06\/colatina_10-768x576.jpg 768w, https:\/\/franciscanos.org.br\/noticias\/wp-content\/uploads\/2023\/06\/colatina_10-150x113.jpg 150w, https:\/\/franciscanos.org.br\/noticias\/wp-content\/uploads\/2023\/06\/colatina_10-600x450.jpg 600w\" sizes=\"(max-width: 1280px) 100vw, 1280px\" \/><p id=\"caption-attachment-243789\" class=\"wp-caption-text\">Frei Pedro (\u00e0 esq.) e Frei Augusto (\u00e0 dir.) representaram a Fraternidade de Colatina<\/p><\/div>\n<hr \/>\n<h1><strong>CARTA AO POVO DE DEUS<\/strong><\/h1>\n<p><em>N\u00f3s, participantes da 6\u00aa Romaria das \u00c1guas e da Terra da Bacia do Rio Doce, vindos de muitos lugares, especialmente das dioceses do Esp\u00edrito Santo (Colatina, Vit\u00f3ria, S\u00e3o Mateus e Cachoeiro de Itapemirim) e das dioceses de Minas Gerais (Mariana, Caratinga, Governador Valadares, Itabira-Coronel Fabriciano e Guanh\u00e3es), estivemos reunidos no dia 18 de junho de 2023, em Reg\u00eancia, distrito de Linhares (ES), na foz do Rio Doce, para o momento principal da celebra\u00e7\u00e3o desta Romaria.<\/em><\/p>\n<p><em>\u00a0<\/em><em>\u00c0 luz do tema que perpassa as romarias anteriores, &#8220;Bacia do Rio Doce, nossa Casa Comum&#8221;, e do lema espec\u00edfico desta sexta edi\u00e7\u00e3o, &#8220;No princ\u00edpio, o Esp\u00edrito de Deus pairava sobre as \u00e1guas&#8221;, inspirado em G\u00eanesis 1,1-2, a Diocese de Colatina, sede desta Romaria, realizou, no m\u00eas de maio, tr\u00eas semin\u00e1rios tem\u00e1ticos ligados a esse evento nas cidades de Baixo Guandu, Colatina e Linhares; de 11 a 17 de junho, tamb\u00e9m promoveu a Semana Mission\u00e1ria nos distritos de Bebedouro e Reg\u00eancia, em Linhares; finalizando a programa\u00e7\u00e3o na foz do Rio Doce, em Reg\u00eancia, neste dia 18 de junho, com uma grande celebra\u00e7\u00e3o \u00e0 beira da praia. Juntos, vimos a esta Romaria manifestar publicamente nosso clamor em den\u00fancias e an\u00fancios pela regenera\u00e7\u00e3o social e ambiental de toda a extens\u00e3o da Bacia do Rio Doce.<\/em><\/p>\n<p><em>\u00a0<\/em><em>Com essa 6\u00aa Romaria, conclu\u00edmos um processo iniciado em 2016 com a realiza\u00e7\u00e3o de romarias que percorreram, em nossas dioceses, toda a extens\u00e3o da Bacia do Rio Doce, ap\u00f3s o crime da Samarco e das empresas conveniadas a ela (Vale e BHP Biliton). Crime ocorrido em 5 de novembro de 2015, quando se deu o rompimento da Barragem de Fund\u00e3o, contendo rejeitos de min\u00e9rio, de propriedade da empresa Samarco, na localidade de Bento Rodrigues, munic\u00edpio de Mariana (MG).<\/em><\/p>\n<p><em>\u00a0<\/em><em>As quatro primeiras Romarias das \u00c1guas e da Terra da Bacia do Rio Doce aconteceram na Prov\u00edncia Eclesi\u00e1stica de Mariana (MG), compreendida pela Arquidiocese de Mariana, Diocese de Caratinga, Diocese de Governador Valadares e Diocese de Itabira-Coronel Fabriciano. A 5\u00aa Romaria realizou-se em Concei\u00e7\u00e3o do Mato Dentro, na Diocese de Guanh\u00e3es (MG).<\/em><\/p>\n<p><em>\u00a0<\/em><em>A 6\u00aa Romaria das \u00c1guas e da Terra ultrapassa o Estado de Minas Gerais e chega ao Estado do Esp\u00edrito Santo, onde se encontra a foz do Rio Doce. O Rio Doce atravessa a Diocese de Colatina e des\u00e1gua no Oceano Atl\u00e2ntico, na localidade de Reg\u00eancia, munic\u00edpio de Linhares. Esta regi\u00e3o tamb\u00e9m foi duramente atingida pelo rompimento da Barragem de Fund\u00e3o.<\/em><\/p>\n<p><em>\u00a0<\/em><em>Esse crime vitimou 19 pessoas e trouxe um rastro de destrui\u00e7\u00e3o social e ambiental por uma extens\u00e3o de quase 600 km, de Minas Gerais ao Esp\u00edrito Santo. S\u00e3o propor\u00e7\u00f5es incapazes de serem totalmente mensuradas, mesmo passados quase oito anos desta trag\u00e9dia. Al\u00e9m da perda de vidas humanas, a trag\u00e9dia tamb\u00e9m trouxe enfermidades e sofrimentos diversos, perdas materiais e culturais, de postos de trabalho, al\u00e9m da destrui\u00e7\u00e3o da natureza, afetando todo o ecossistema no entorno da Bacia do Rio Doce at\u00e9 atingir as \u00e1guas do Oceano Atl\u00e2ntico. S\u00e3o realidades ainda n\u00e3o sanadas, persistindo a indigna\u00e7\u00e3o de nossas popula\u00e7\u00f5es que sofrem as consequ\u00eancias desta destrui\u00e7\u00e3o.<\/em><\/p>\n<p><em>As responsabilidades humanas e sociais devem ser apontadas. Elas est\u00e3o a exigir, por justi\u00e7a social, a puni\u00e7\u00e3o exemplar dos culpados por esse crime: as devidas indeniza\u00e7\u00f5es, repara\u00e7\u00f5es e compensa\u00e7\u00f5es para os atingidos e atingidas e suas comunidades, como os habitantes, em toda a extens\u00e3o da Bacia do Rio Doce, das \u00e1reas afetadas, entre eles, os povos origin\u00e1rios, as comunidades quilombolas, os ribeirinhos, pescadores e artes\u00e3os, al\u00e9m da regenera\u00e7\u00e3o ambiental de toda essa bacia que sofreu o maior crime socioambiental da hist\u00f3ria do Brasil.<\/em><\/p>\n<p><em>\u00a0<\/em><em>Unidos, como atingidos e atingidas, de toda a extens\u00e3o da Bacia do Rio Doce, denunciamos e nos manifestamos contr\u00e1rios \u00e0 viol\u00eancia da minera\u00e7\u00e3o predat\u00f3ria. Viol\u00eancia que tem causado viola\u00e7\u00e3o de direitos humanos e da natureza, com a contamina\u00e7\u00e3o e o assoreamento de nossos rios, perda da biodiversidade, desmatamento; viol\u00eancia contra a cultura, a autonomia e a soberania de nossas popula\u00e7\u00f5es; e pobreza e caos social em \u00e1reas no entorno da minera\u00e7\u00e3o.<\/em><\/p>\n<p><em>\u00a0<\/em><em>Denunciamos, igualmente, a morosidade do processo de repara\u00e7\u00e3o integral da Bacia do Rio Doce, de obriga\u00e7\u00e3o das empresas respons\u00e1veis por esse crime, agrupadas na Funda\u00e7\u00e3o Renova. S\u00e3o quase oito anos de espera, com muitos atingidos e atingidas que, nesse per\u00edodo, morreram sem a devida repara\u00e7\u00e3o. Outros a aguardam com apreens\u00e3o, cansa\u00e7o e desilus\u00e3o, sem contar os muitos que se encontram ainda injustamente n\u00e3o reconhecidos oficialmente como atingidos e atingidas. Eles, al\u00e9m de perderem familiares e amigos, perderam seus bens, empregos, sua fonte de sustento, de vida e, sobretudo, sua perspectiva de vida futura a partir do Rio Doce. H\u00e1 ainda tantos outros hoje atingidos em sua sa\u00fade f\u00edsica, mental e emocional por consequ\u00eancia dessa trag\u00e9dia.<\/em><\/p>\n<p><em>\u00a0<\/em><em>Denunciamos tamb\u00e9m uma repactua\u00e7\u00e3o, orquestrada pelos Estados de Minas Gerais e do Esp\u00edrito Santo, com anu\u00eancia do governo federal, sem ouvir, ativamente, como interlocutores diretos, os pr\u00f3prios atingidos e atingidas, n\u00e3o dando transpar\u00eancia suficiente ao processo quanto \u00e0 aplicabilidade dos recursos requeridos junto \u00e0s empresas respons\u00e1veis por esse crime, em vista, realmente, de beneficiar, com pol\u00edticas p\u00fablicas, a popula\u00e7\u00e3o atingida em toda a extens\u00e3o da Bacia do Rio Doce. O que as pessoas atingidas mais clamam \u00e9 pelo Rio Doce limpo e sem rejeitos. H\u00e1 recursos e tecnologia para a retirada dos rejeitos de min\u00e9rio do rio, mas falta empenho em atender ao clamor do povo que sofre.<\/em><\/p>\n<p><em>\u00a0<\/em><em>A proposta de repactua\u00e7\u00e3o que vem acontecendo sob sigilo, novamente sem a participa\u00e7\u00e3o dos atingidos e atingidas, no \u00e2mbito do Conselho Nacional de Justi\u00e7a (CNJ), vem demonstrando como principal objetivo revisar os pactos reiteradamente descumpridos pela Samarco, Vale e BHP Billiton, incluindo a Funda\u00e7\u00e3o Renova que foi concebida para indenizar, reparar e compensar os atingidos e atingidas. O que se v\u00ea s\u00e3o cr\u00edticas, haja vista a quantidade de recursos investidos em propaganda e o grande n\u00famero de a\u00e7\u00f5es ajuizadas por um escrit\u00f3rio de Londres contra a BHP Billiton.<\/em><\/p>\n<p><em>Fazemos fileira com o Bispo de Colatina, Dom Lauro S\u00e9rgio Versiani Barbosa, que em sua Carta Convite para esta 6\u00aa Romaria das \u00c1guas e da Terra, afirma que: &#8220;A revela\u00e7\u00e3o crist\u00e3 expressa nas Sagradas Escrituras aponta para o &#8216;Evangelho da Cria\u00e7\u00e3o&#8217;. A Doutrina Social da Igreja, particularmente no Magist\u00e9rio do Papa Francisco, indica o caminho da ecologia integral e de uma economia que respeite a destina\u00e7\u00e3o comum dos bens, a dignidade de cada ser humano, a beleza e a rica diversidade de toda a cria\u00e7\u00e3o de Deus&#8221;.<\/em><\/p>\n<p><em>\u00a0<\/em><em>Reafirmamos assim com esta 6\u00aa Romaria nosso compromisso de avan\u00e7ar no processo de conscientiza\u00e7\u00e3o, mobiliza\u00e7\u00e3o e participa\u00e7\u00e3o das nossas comunidades de f\u00e9 e de toda a sociedade no sentido de contemplar, a partir de nossa Bacia do Rio Doce, a vida humana e o planeta dentro da m\u00edstica do cuidado e da fraternidade. Concretamente: cuidar da m\u00e3e terra, nossa Casa Comum e de toda a cria\u00e7\u00e3o; defender nossos rios e matas; empenharmo-nos pela justi\u00e7a ambiental e social e pela soberania popular de nossos territ\u00f3rios.<\/em><\/p>\n<p><em>\u00a0<\/em><em>Que Deus, criador do c\u00e9u, da terra, do mar, das \u00e1guas e de todas as criaturas que os habitam, e viu que tudo era muito bom (Gn 1,31), nos ajude nesta miss\u00e3o de sermos guardi\u00f5es de nossa Casa Comum, a Bacia do Rio Doce, comprometidos com a promo\u00e7\u00e3o e a defesa da vida, lembrados de que tudo est\u00e1 interligado. Que Ele, em seu Filho Jesus, nos fortale\u00e7a para combater a gan\u00e2ncia e o ego\u00edsmo humanos e a explora\u00e7\u00e3o predat\u00f3ria dos bens da m\u00e3e terra, que ferem seu projeto de vida, felicidade e b\u00ean\u00e7\u00e3o para todos e todas. Que movidos pelo seu Esp\u00edrito, que pairava sobre as \u00e1guas (Gn 1,2), sejamos sustentados na miss\u00e3o de trabalhar pela regenera\u00e7\u00e3o socioambiental da nossa Bacia do Rio Doce, sempre movidos pelo ideal de viver a ecologia integral. Acompanhe-nos nesta miss\u00e3o, Nossa Senhora da Sa\u00fade, Padroeira da Diocese de Colatina, protegendo-nos e inspirando no compromisso com a vida em todas as suas dimens\u00f5es e express\u00f5es.<\/em><\/p>\n<p><em>\u00a0<\/em><strong>POR UM RIO DOCE VIVO, LIMPO E SEM FOME!<\/strong><\/p>\n<p><strong>\u00a0<\/strong><strong>Reg\u00eancia, distrito de Linhares, Diocese de Colatina, Esp\u00edrito Santo<\/strong><\/p>\n<p><strong>18 de junho de 2023<\/strong><\/p>\n<p><strong>Participantes da 6\u00aa Romaria das \u00c1guas e da Terra da Bacia do Rio Doce<\/strong><\/p>\n<hr \/>\n<p><em>Frei Augusto Luiz Gabriel | Fotos de drone: Diocese de Colatina<\/em><\/p>\n<p><img loading=\"lazy\" class=\"size-full wp-image-243790 aligncenter\" src=\"https:\/\/franciscanos.org.br\/noticias\/wp-content\/uploads\/2023\/06\/logo_3-768x259-1.png\" alt=\"\" width=\"768\" height=\"259\" srcset=\"https:\/\/franciscanos.org.br\/noticias\/wp-content\/uploads\/2023\/06\/logo_3-768x259-1.png 768w, https:\/\/franciscanos.org.br\/noticias\/wp-content\/uploads\/2023\/06\/logo_3-768x259-1-450x152.png 450w, https:\/\/franciscanos.org.br\/noticias\/wp-content\/uploads\/2023\/06\/logo_3-768x259-1-150x51.png 150w\" sizes=\"(max-width: 768px) 100vw, 768px\" \/><\/p>\n<p>&nbsp;<\/p>\n","protected":false},"excerpt":{"rendered":"<p>Fraternidade de Colatina<\/p>\n","protected":false},"author":3,"featured_media":243782,"comment_status":"open","ping_status":"open","sticky":false,"template":"","format":"standard","meta":[],"categories":[1],"tags":[662,1896,1227],"acf":[],"yoast_head":"<!-- This site is optimized with the Yoast SEO plugin v19.2 - https:\/\/yoast.com\/wordpress\/plugins\/seo\/ -->\n<title>Romaria das \u00c1guas e da Terra: \u201cPor um Rio Doce vivo, limpo e sem fome\u201d! - Not\u00edcias - Franciscanos<\/title>\n<meta name=\"robots\" content=\"index, follow, max-snippet:-1, max-image-preview:large, max-video-preview:-1\" \/>\n<link rel=\"canonical\" href=\"https:\/\/franciscanos.org.br\/noticias\/romaria-das-aguas-e-da-terra-por-um-rio-doce-vivo-limpo-e-sem-fome.html\" \/>\n<meta property=\"og:locale\" content=\"pt_BR\" \/>\n<meta property=\"og:type\" content=\"article\" \/>\n<meta property=\"og:title\" content=\"Romaria das \u00c1guas e da Terra: \u201cPor um Rio Doce vivo, limpo e sem fome\u201d! - Not\u00edcias - Franciscanos\" \/>\n<meta property=\"og:description\" content=\"Fraternidade de Colatina\" \/>\n<meta property=\"og:url\" content=\"https:\/\/franciscanos.org.br\/noticias\/romaria-das-aguas-e-da-terra-por-um-rio-doce-vivo-limpo-e-sem-fome.html\" \/>\n<meta property=\"og:site_name\" content=\"Not\u00edcias - Franciscanos\" \/>\n<meta property=\"article:published_time\" content=\"2023-06-20T13:54:19+00:00\" \/>\n<meta property=\"article:modified_time\" content=\"2023-09-18T12:32:28+00:00\" \/>\n<meta property=\"og:image\" content=\"https:\/\/franciscanos.org.br\/noticias\/wp-content\/uploads\/2023\/06\/colatina_01.jpg\" \/>\n\t<meta property=\"og:image:width\" content=\"1280\" \/>\n\t<meta property=\"og:image:height\" content=\"720\" \/>\n\t<meta property=\"og:image:type\" content=\"image\/jpeg\" \/>\n<meta name=\"author\" content=\"moacir\" \/>\n<meta name=\"twitter:card\" content=\"summary_large_image\" \/>\n<meta name=\"twitter:label1\" content=\"Escrito por\" \/>\n\t<meta name=\"twitter:data1\" content=\"moacir\" \/>\n\t<meta name=\"twitter:label2\" content=\"Est. tempo de leitura\" \/>\n\t<meta name=\"twitter:data2\" content=\"15 minutos\" \/>\n<script type=\"application\/ld+json\" class=\"yoast-schema-graph\">{\"@context\":\"https:\/\/schema.org\",\"@graph\":[{\"@type\":\"WebSite\",\"@id\":\"https:\/\/franciscanos.org.br\/noticias\/#website\",\"url\":\"https:\/\/franciscanos.org.br\/noticias\/\",\"name\":\"Not\u00edcias - Franciscanos\",\"description\":\"Prov\u00edncia Franciscana da Imaculada Concei\u00e7\u00e3o do Brasil - Ordem dos Frades Menores - OFM\",\"potentialAction\":[{\"@type\":\"SearchAction\",\"target\":{\"@type\":\"EntryPoint\",\"urlTemplate\":\"https:\/\/franciscanos.org.br\/noticias\/?s={search_term_string}\"},\"query-input\":\"required name=search_term_string\"}],\"inLanguage\":\"pt-BR\"},{\"@type\":\"ImageObject\",\"inLanguage\":\"pt-BR\",\"@id\":\"https:\/\/franciscanos.org.br\/noticias\/romaria-das-aguas-e-da-terra-por-um-rio-doce-vivo-limpo-e-sem-fome.html#primaryimage\",\"url\":\"https:\/\/franciscanos.org.br\/noticias\/wp-content\/uploads\/2023\/06\/colatina_01.jpg\",\"contentUrl\":\"https:\/\/franciscanos.org.br\/noticias\/wp-content\/uploads\/2023\/06\/colatina_01.jpg\",\"width\":1280,\"height\":720},{\"@type\":\"WebPage\",\"@id\":\"https:\/\/franciscanos.org.br\/noticias\/romaria-das-aguas-e-da-terra-por-um-rio-doce-vivo-limpo-e-sem-fome.html#webpage\",\"url\":\"https:\/\/franciscanos.org.br\/noticias\/romaria-das-aguas-e-da-terra-por-um-rio-doce-vivo-limpo-e-sem-fome.html\",\"name\":\"Romaria das \u00c1guas e da Terra: \u201cPor um Rio Doce vivo, limpo e sem fome\u201d! - Not\u00edcias - Franciscanos\",\"isPartOf\":{\"@id\":\"https:\/\/franciscanos.org.br\/noticias\/#website\"},\"primaryImageOfPage\":{\"@id\":\"https:\/\/franciscanos.org.br\/noticias\/romaria-das-aguas-e-da-terra-por-um-rio-doce-vivo-limpo-e-sem-fome.html#primaryimage\"},\"datePublished\":\"2023-06-20T13:54:19+00:00\",\"dateModified\":\"2023-09-18T12:32:28+00:00\",\"author\":{\"@id\":\"https:\/\/franciscanos.org.br\/noticias\/#\/schema\/person\/b5c8cba458c330ccff548b056e95a5d4\"},\"breadcrumb\":{\"@id\":\"https:\/\/franciscanos.org.br\/noticias\/romaria-das-aguas-e-da-terra-por-um-rio-doce-vivo-limpo-e-sem-fome.html#breadcrumb\"},\"inLanguage\":\"pt-BR\",\"potentialAction\":[{\"@type\":\"ReadAction\",\"target\":[\"https:\/\/franciscanos.org.br\/noticias\/romaria-das-aguas-e-da-terra-por-um-rio-doce-vivo-limpo-e-sem-fome.html\"]}]},{\"@type\":\"BreadcrumbList\",\"@id\":\"https:\/\/franciscanos.org.br\/noticias\/romaria-das-aguas-e-da-terra-por-um-rio-doce-vivo-limpo-e-sem-fome.html#breadcrumb\",\"itemListElement\":[{\"@type\":\"ListItem\",\"position\":1,\"name\":\"Home\",\"item\":\"https:\/\/franciscanos.org.br\/noticias\"},{\"@type\":\"ListItem\",\"position\":2,\"name\":\"Romaria das \u00c1guas e da Terra: \u201cPor um Rio Doce vivo, limpo e sem fome\u201d!\"}]},{\"@type\":\"Person\",\"@id\":\"https:\/\/franciscanos.org.br\/noticias\/#\/schema\/person\/b5c8cba458c330ccff548b056e95a5d4\",\"name\":\"moacir\",\"image\":{\"@type\":\"ImageObject\",\"inLanguage\":\"pt-BR\",\"@id\":\"https:\/\/franciscanos.org.br\/noticias\/#\/schema\/person\/image\/\",\"url\":\"https:\/\/secure.gravatar.com\/avatar\/d08aa2ce4c8dd416d4479aa8536fcf64?s=96&d=mm&r=g\",\"contentUrl\":\"https:\/\/secure.gravatar.com\/avatar\/d08aa2ce4c8dd416d4479aa8536fcf64?s=96&d=mm&r=g\",\"caption\":\"moacir\"},\"url\":\"https:\/\/franciscanos.org.br\/noticias\/author\/moacir\"}]}<\/script>\n<!-- \/ Yoast SEO plugin. -->","yoast_head_json":{"title":"Romaria das \u00c1guas e da Terra: \u201cPor um Rio Doce vivo, limpo e sem fome\u201d! - Not\u00edcias - Franciscanos","robots":{"index":"index","follow":"follow","max-snippet":"max-snippet:-1","max-image-preview":"max-image-preview:large","max-video-preview":"max-video-preview:-1"},"canonical":"https:\/\/franciscanos.org.br\/noticias\/romaria-das-aguas-e-da-terra-por-um-rio-doce-vivo-limpo-e-sem-fome.html","og_locale":"pt_BR","og_type":"article","og_title":"Romaria das \u00c1guas e da Terra: \u201cPor um Rio Doce vivo, limpo e sem fome\u201d! - Not\u00edcias - Franciscanos","og_description":"Fraternidade de Colatina","og_url":"https:\/\/franciscanos.org.br\/noticias\/romaria-das-aguas-e-da-terra-por-um-rio-doce-vivo-limpo-e-sem-fome.html","og_site_name":"Not\u00edcias - Franciscanos","article_published_time":"2023-06-20T13:54:19+00:00","article_modified_time":"2023-09-18T12:32:28+00:00","og_image":[{"width":1280,"height":720,"url":"https:\/\/franciscanos.org.br\/noticias\/wp-content\/uploads\/2023\/06\/colatina_01.jpg","type":"image\/jpeg"}],"author":"moacir","twitter_card":"summary_large_image","twitter_misc":{"Escrito por":"moacir","Est. tempo de leitura":"15 minutos"},"schema":{"@context":"https:\/\/schema.org","@graph":[{"@type":"WebSite","@id":"https:\/\/franciscanos.org.br\/noticias\/#website","url":"https:\/\/franciscanos.org.br\/noticias\/","name":"Not\u00edcias - Franciscanos","description":"Prov\u00edncia Franciscana da Imaculada Concei\u00e7\u00e3o do Brasil - Ordem dos Frades Menores - OFM","potentialAction":[{"@type":"SearchAction","target":{"@type":"EntryPoint","urlTemplate":"https:\/\/franciscanos.org.br\/noticias\/?s={search_term_string}"},"query-input":"required name=search_term_string"}],"inLanguage":"pt-BR"},{"@type":"ImageObject","inLanguage":"pt-BR","@id":"https:\/\/franciscanos.org.br\/noticias\/romaria-das-aguas-e-da-terra-por-um-rio-doce-vivo-limpo-e-sem-fome.html#primaryimage","url":"https:\/\/franciscanos.org.br\/noticias\/wp-content\/uploads\/2023\/06\/colatina_01.jpg","contentUrl":"https:\/\/franciscanos.org.br\/noticias\/wp-content\/uploads\/2023\/06\/colatina_01.jpg","width":1280,"height":720},{"@type":"WebPage","@id":"https:\/\/franciscanos.org.br\/noticias\/romaria-das-aguas-e-da-terra-por-um-rio-doce-vivo-limpo-e-sem-fome.html#webpage","url":"https:\/\/franciscanos.org.br\/noticias\/romaria-das-aguas-e-da-terra-por-um-rio-doce-vivo-limpo-e-sem-fome.html","name":"Romaria das \u00c1guas e da Terra: \u201cPor um Rio Doce vivo, limpo e sem fome\u201d! - Not\u00edcias - Franciscanos","isPartOf":{"@id":"https:\/\/franciscanos.org.br\/noticias\/#website"},"primaryImageOfPage":{"@id":"https:\/\/franciscanos.org.br\/noticias\/romaria-das-aguas-e-da-terra-por-um-rio-doce-vivo-limpo-e-sem-fome.html#primaryimage"},"datePublished":"2023-06-20T13:54:19+00:00","dateModified":"2023-09-18T12:32:28+00:00","author":{"@id":"https:\/\/franciscanos.org.br\/noticias\/#\/schema\/person\/b5c8cba458c330ccff548b056e95a5d4"},"breadcrumb":{"@id":"https:\/\/franciscanos.org.br\/noticias\/romaria-das-aguas-e-da-terra-por-um-rio-doce-vivo-limpo-e-sem-fome.html#breadcrumb"},"inLanguage":"pt-BR","potentialAction":[{"@type":"ReadAction","target":["https:\/\/franciscanos.org.br\/noticias\/romaria-das-aguas-e-da-terra-por-um-rio-doce-vivo-limpo-e-sem-fome.html"]}]},{"@type":"BreadcrumbList","@id":"https:\/\/franciscanos.org.br\/noticias\/romaria-das-aguas-e-da-terra-por-um-rio-doce-vivo-limpo-e-sem-fome.html#breadcrumb","itemListElement":[{"@type":"ListItem","position":1,"name":"Home","item":"https:\/\/franciscanos.org.br\/noticias"},{"@type":"ListItem","position":2,"name":"Romaria das \u00c1guas e da Terra: \u201cPor um Rio Doce vivo, limpo e sem fome\u201d!"}]},{"@type":"Person","@id":"https:\/\/franciscanos.org.br\/noticias\/#\/schema\/person\/b5c8cba458c330ccff548b056e95a5d4","name":"moacir","image":{"@type":"ImageObject","inLanguage":"pt-BR","@id":"https:\/\/franciscanos.org.br\/noticias\/#\/schema\/person\/image\/","url":"https:\/\/secure.gravatar.com\/avatar\/d08aa2ce4c8dd416d4479aa8536fcf64?s=96&d=mm&r=g","contentUrl":"https:\/\/secure.gravatar.com\/avatar\/d08aa2ce4c8dd416d4479aa8536fcf64?s=96&d=mm&r=g","caption":"moacir"},"url":"https:\/\/franciscanos.org.br\/noticias\/author\/moacir"}]}},"_links":{"self":[{"href":"https:\/\/franciscanos.org.br\/noticias\/wp-json\/wp\/v2\/posts\/243781"}],"collection":[{"href":"https:\/\/franciscanos.org.br\/noticias\/wp-json\/wp\/v2\/posts"}],"about":[{"href":"https:\/\/franciscanos.org.br\/noticias\/wp-json\/wp\/v2\/types\/post"}],"author":[{"embeddable":true,"href":"https:\/\/franciscanos.org.br\/noticias\/wp-json\/wp\/v2\/users\/3"}],"replies":[{"embeddable":true,"href":"https:\/\/franciscanos.org.br\/noticias\/wp-json\/wp\/v2\/comments?post=243781"}],"version-history":[{"count":4,"href":"https:\/\/franciscanos.org.br\/noticias\/wp-json\/wp\/v2\/posts\/243781\/revisions"}],"predecessor-version":[{"id":243795,"href":"https:\/\/franciscanos.org.br\/noticias\/wp-json\/wp\/v2\/posts\/243781\/revisions\/243795"}],"wp:featuredmedia":[{"embeddable":true,"href":"https:\/\/franciscanos.org.br\/noticias\/wp-json\/wp\/v2\/media\/243782"}],"wp:attachment":[{"href":"https:\/\/franciscanos.org.br\/noticias\/wp-json\/wp\/v2\/media?parent=243781"}],"wp:term":[{"taxonomy":"category","embeddable":true,"href":"https:\/\/franciscanos.org.br\/noticias\/wp-json\/wp\/v2\/categories?post=243781"},{"taxonomy":"post_tag","embeddable":true,"href":"https:\/\/franciscanos.org.br\/noticias\/wp-json\/wp\/v2\/tags?post=243781"}],"curies":[{"name":"wp","href":"https:\/\/api.w.org\/{rel}","templated":true}]}}