{"id":243744,"date":"2023-06-19T08:39:29","date_gmt":"2023-06-19T11:39:29","guid":{"rendered":"https:\/\/franciscanos.org.br\/noticias\/?p=243744"},"modified":"2025-03-10T15:37:40","modified_gmt":"2025-03-10T18:37:40","slug":"ordem-dos-frades-menores-cresce-na-africa-oriental","status":"publish","type":"post","link":"https:\/\/franciscanos.org.br\/noticias\/ordem-dos-frades-menores-cresce-na-africa-oriental.html","title":{"rendered":"Ordem dos Frades Menores cresce na \u00c1frica Oriental"},"content":{"rendered":"<p><img loading=\"lazy\" class=\"alignnone size-full wp-image-243746\" src=\"https:\/\/franciscanos.org.br\/noticias\/wp-content\/uploads\/2023\/06\/ordem_01.jpg\" alt=\"\" width=\"1280\" height=\"720\" srcset=\"https:\/\/franciscanos.org.br\/noticias\/wp-content\/uploads\/2023\/06\/ordem_01.jpg 1280w, https:\/\/franciscanos.org.br\/noticias\/wp-content\/uploads\/2023\/06\/ordem_01-450x253.jpg 450w, https:\/\/franciscanos.org.br\/noticias\/wp-content\/uploads\/2023\/06\/ordem_01-1024x576.jpg 1024w, https:\/\/franciscanos.org.br\/noticias\/wp-content\/uploads\/2023\/06\/ordem_01-768x432.jpg 768w, https:\/\/franciscanos.org.br\/noticias\/wp-content\/uploads\/2023\/06\/ordem_01-150x84.jpg 150w\" sizes=\"(max-width: 1280px) 100vw, 1280px\" \/><\/p>\n<p>&#8220;A maior alegria nestas tr\u00eas semanas da nossa visita \u00e0 \u00c1frica Oriental foi ver o crescimento da Ordem e a f\u00e9 viva de tantas comunidades crist\u00e3s. Os crist\u00e3os crescem e s\u00e3o correspons\u00e1veis \u200b\u200bpela sua vida comunit\u00e1ria\u201d. Estas s\u00e3o as palavras de Frei Massimo Fusarelli, Ministro geral, ao concluir sua visita \u00e0 Prov\u00edncia de S\u00e3o Francisco de Assis, na \u00c1frica Leste, de 2 a 16 de junho de 2023. \u201cAs celebra\u00e7\u00f5es est\u00e3o repletas de uma alegria que n\u00e3o \u00e9 apenas externa e ruidosa, mas profunda e que se percebe tamb\u00e9m nos diversos servi\u00e7os e compromissos que surgem nestas comunidades crist\u00e3s vivas e animadas\u00bb, acrescentou.<\/p>\n<p>Antes de seu retorno a Roma, o Ministro lan\u00e7ou quatro desafios para a presen\u00e7a franciscana na \u00c1frica Oriental.<\/p>\n<p>\u201cO primeiro desafio que temos como Frades Menores \u00e9 certamente o crescimento exponencial da Ordem, nesta parte do mundo, que requer meios, formadores e estruturas adequadas; e \u00e0s vezes \u00e9 dif\u00edcil manter esse ritmo\u201d.<\/p>\n<p>O Ministro continuou: \u201cOutro desafio \u00e9 o da incultura\u00e7\u00e3o do carisma de S\u00e3o Francisco nas diversas culturas, l\u00ednguas e mentalidades na \u00c1frica. Estamos em uma parte do continente africano onde alguns pa\u00edses tiveram uma hist\u00f3ria recente turbulenta e dif\u00edcil, incluindo viol\u00eancia, guerras e conflitos \u00e9tnicos&#8221;.<\/p>\n<p><img loading=\"lazy\" class=\"alignnone size-full wp-image-243747\" src=\"https:\/\/franciscanos.org.br\/noticias\/wp-content\/uploads\/2023\/06\/ordem_02.jpg\" alt=\"\" width=\"1280\" height=\"720\" srcset=\"https:\/\/franciscanos.org.br\/noticias\/wp-content\/uploads\/2023\/06\/ordem_02.jpg 1280w, https:\/\/franciscanos.org.br\/noticias\/wp-content\/uploads\/2023\/06\/ordem_02-450x253.jpg 450w, https:\/\/franciscanos.org.br\/noticias\/wp-content\/uploads\/2023\/06\/ordem_02-1024x576.jpg 1024w, https:\/\/franciscanos.org.br\/noticias\/wp-content\/uploads\/2023\/06\/ordem_02-768x432.jpg 768w, https:\/\/franciscanos.org.br\/noticias\/wp-content\/uploads\/2023\/06\/ordem_02-150x84.jpg 150w\" sizes=\"(max-width: 1280px) 100vw, 1280px\" \/><\/p>\n<p>O terceiro desafio refere-se \u00e0 chamada \u201cmiss\u00e3o diversificada\u201d: \u201c\u00c9 preciso ter uma presen\u00e7a e miss\u00e3o franciscana diversificada. Aqui encontrei frades que est\u00e3o se abrindo, por exemplo, \u00e0 miss\u00e3o educativa nas escolas e em alguns lugares para acolher e dar anima\u00e7\u00e3o espiritual. Aqui n\u00e3o podemos pensar apenas na pastoral paroquial\u201d.<\/p>\n<p><img loading=\"lazy\" class=\" wp-image-243748 alignright\" src=\"https:\/\/franciscanos.org.br\/noticias\/wp-content\/uploads\/2023\/06\/ordem_03.jpg\" alt=\"\" width=\"308\" height=\"362\" srcset=\"https:\/\/franciscanos.org.br\/noticias\/wp-content\/uploads\/2023\/06\/ordem_03.jpg 919w, https:\/\/franciscanos.org.br\/noticias\/wp-content\/uploads\/2023\/06\/ordem_03-383x450.jpg 383w, https:\/\/franciscanos.org.br\/noticias\/wp-content\/uploads\/2023\/06\/ordem_03-871x1024.jpg 871w, https:\/\/franciscanos.org.br\/noticias\/wp-content\/uploads\/2023\/06\/ordem_03-768x902.jpg 768w, https:\/\/franciscanos.org.br\/noticias\/wp-content\/uploads\/2023\/06\/ordem_03-150x176.jpg 150w\" sizes=\"(max-width: 308px) 100vw, 308px\" \/>Por fim, Frei Massimo falou do desafio da liberdade: cada vez maior liberdade, para os irm\u00e3os, das limita\u00e7\u00f5es e amarras que podem impedir at\u00e9 o trabalho mission\u00e1rio, dentro desta Prov\u00edncia, espalhada por muitos estados, e em outras partes do mundo.<\/p>\n<p>O Ministro concluiu sua partilha agradecendo \u201cao Senhor e aos irm\u00e3os que conheci, as Clarissas, que vivem a mesma realidade de crescimento; \u00e9 preciso inculturar o carisma, mas tamb\u00e9m muitas perspectivas para o futuro. Tudo isso \u00e9 sustent\u00e1vel porque h\u00e1 voca\u00e7\u00f5es, h\u00e1 alegria de crescer e tamb\u00e9m olhar para o futuro\u201d.<\/p>\n<p>O Ministro provincial, Frei Frederick Odhiambo, que acompanhou Frei Massimo durante a visita, compartilhou conosco sua alegria: \u201cJuntamente com Frei V\u00edctor Lu\u00eds Quematcha, Definidor geral, tamb\u00e9m visitamos pequenas miss\u00f5es que n\u00e3o esperavam a chegada do Ministro Geral, que deste modo teve uma imagem real da nossa Prov\u00edncia\u201d.<\/p>\n<p>A primeira etapa da visita aconteceu em Nair\u00f3bi (Qu\u00eania), sede da C\u00faria Provincial da Prov\u00edncia de S\u00e3o Francisco, por ocasi\u00e3o do 40\u00ba anivers\u00e1rio de sua cria\u00e7\u00e3o. Posteriormente, o Ministro deslocou-se ao Malawi, Z\u00e2mbia, Uganda, Ruanda, Burundi e, por fim, \u00e0 Tanz\u00e2nia. Al\u00e9m do encontro com os frades, o Ministro se reuniu com as Clarissas, a Fam\u00edlia Franciscana, os bispos locais e visitou as obras sociais da Prov\u00edncia.<\/p>\n<p>A Prov\u00edncia de S\u00e3o Francisco de Assis da \u00c1frica Oriental foi fundada em 1983 e hoje conta com 131 frades distribu\u00eddos em 9 na\u00e7\u00f5es. Os irm\u00e3os se dedicam ao servi\u00e7o pastoral, educa\u00e7\u00e3o, assist\u00eancia espiritual \u00e0s Clarissas e \u00e0 Ordem Franciscana Secular.<\/p>\n<p>Atualmente no Continente Africano existem mais de 1.300 frades distribu\u00eddos em 15 entidades franciscanas: 6 Prov\u00edncias, 5 Cust\u00f3dias, 4 Funda\u00e7\u00f5es e 3 Presen\u00e7as. Os frades est\u00e3o presentes em 32 pa\u00edses do Continente, o que inclui um total de 54 pa\u00edses.<\/p>\n<hr \/>\n<p>Fonte: <a href=\"https:\/\/ofm.org\/\">www.org.br<\/a><\/p>\n","protected":false},"excerpt":{"rendered":"<p>OFM<\/p>\n","protected":false},"author":3,"featured_media":0,"comment_status":"open","ping_status":"open","sticky":false,"template":"","format":"standard","meta":[],"categories":[1],"tags":[128,2056],"acf":[],"yoast_head":"<!-- This site is optimized with the Yoast SEO plugin v19.2 - https:\/\/yoast.com\/wordpress\/plugins\/seo\/ -->\n<title>Ordem dos Frades Menores cresce na \u00c1frica Oriental - Not\u00edcias - Franciscanos<\/title>\n<meta name=\"robots\" content=\"index, follow, max-snippet:-1, max-image-preview:large, max-video-preview:-1\" \/>\n<link rel=\"canonical\" href=\"https:\/\/franciscanos.org.br\/noticias\/ordem-dos-frades-menores-cresce-na-africa-oriental.html\" \/>\n<meta property=\"og:locale\" content=\"pt_BR\" \/>\n<meta property=\"og:type\" content=\"article\" \/>\n<meta property=\"og:title\" content=\"Ordem dos Frades Menores cresce na \u00c1frica Oriental - Not\u00edcias - Franciscanos\" \/>\n<meta property=\"og:description\" content=\"OFM\" \/>\n<meta property=\"og:url\" content=\"https:\/\/franciscanos.org.br\/noticias\/ordem-dos-frades-menores-cresce-na-africa-oriental.html\" \/>\n<meta property=\"og:site_name\" content=\"Not\u00edcias - Franciscanos\" \/>\n<meta property=\"article:published_time\" content=\"2023-06-19T11:39:29+00:00\" \/>\n<meta property=\"article:modified_time\" content=\"2025-03-10T18:37:40+00:00\" \/>\n<meta property=\"og:image\" content=\"https:\/\/franciscanos.org.br\/noticias\/wp-content\/uploads\/2023\/06\/ordem_01.jpg\" \/>\n<meta name=\"author\" content=\"moacir\" \/>\n<meta name=\"twitter:card\" content=\"summary_large_image\" \/>\n<meta name=\"twitter:label1\" content=\"Escrito por\" \/>\n\t<meta name=\"twitter:data1\" content=\"moacir\" \/>\n\t<meta name=\"twitter:label2\" content=\"Est. tempo de leitura\" \/>\n\t<meta name=\"twitter:data2\" content=\"3 minutos\" \/>\n<script type=\"application\/ld+json\" class=\"yoast-schema-graph\">{\"@context\":\"https:\/\/schema.org\",\"@graph\":[{\"@type\":\"WebSite\",\"@id\":\"https:\/\/franciscanos.org.br\/noticias\/#website\",\"url\":\"https:\/\/franciscanos.org.br\/noticias\/\",\"name\":\"Not\u00edcias - Franciscanos\",\"description\":\"Prov\u00edncia Franciscana da Imaculada Concei\u00e7\u00e3o do Brasil - Ordem dos Frades Menores - OFM\",\"potentialAction\":[{\"@type\":\"SearchAction\",\"target\":{\"@type\":\"EntryPoint\",\"urlTemplate\":\"https:\/\/franciscanos.org.br\/noticias\/?s={search_term_string}\"},\"query-input\":\"required name=search_term_string\"}],\"inLanguage\":\"pt-BR\"},{\"@type\":\"ImageObject\",\"inLanguage\":\"pt-BR\",\"@id\":\"https:\/\/franciscanos.org.br\/noticias\/ordem-dos-frades-menores-cresce-na-africa-oriental.html#primaryimage\",\"url\":\"https:\/\/franciscanos.org.br\/noticias\/wp-content\/uploads\/2023\/06\/ordem_01.jpg\",\"contentUrl\":\"https:\/\/franciscanos.org.br\/noticias\/wp-content\/uploads\/2023\/06\/ordem_01.jpg\",\"width\":1280,\"height\":720},{\"@type\":\"WebPage\",\"@id\":\"https:\/\/franciscanos.org.br\/noticias\/ordem-dos-frades-menores-cresce-na-africa-oriental.html#webpage\",\"url\":\"https:\/\/franciscanos.org.br\/noticias\/ordem-dos-frades-menores-cresce-na-africa-oriental.html\",\"name\":\"Ordem dos Frades Menores cresce na \u00c1frica Oriental - Not\u00edcias - Franciscanos\",\"isPartOf\":{\"@id\":\"https:\/\/franciscanos.org.br\/noticias\/#website\"},\"primaryImageOfPage\":{\"@id\":\"https:\/\/franciscanos.org.br\/noticias\/ordem-dos-frades-menores-cresce-na-africa-oriental.html#primaryimage\"},\"datePublished\":\"2023-06-19T11:39:29+00:00\",\"dateModified\":\"2025-03-10T18:37:40+00:00\",\"author\":{\"@id\":\"https:\/\/franciscanos.org.br\/noticias\/#\/schema\/person\/b5c8cba458c330ccff548b056e95a5d4\"},\"breadcrumb\":{\"@id\":\"https:\/\/franciscanos.org.br\/noticias\/ordem-dos-frades-menores-cresce-na-africa-oriental.html#breadcrumb\"},\"inLanguage\":\"pt-BR\",\"potentialAction\":[{\"@type\":\"ReadAction\",\"target\":[\"https:\/\/franciscanos.org.br\/noticias\/ordem-dos-frades-menores-cresce-na-africa-oriental.html\"]}]},{\"@type\":\"BreadcrumbList\",\"@id\":\"https:\/\/franciscanos.org.br\/noticias\/ordem-dos-frades-menores-cresce-na-africa-oriental.html#breadcrumb\",\"itemListElement\":[{\"@type\":\"ListItem\",\"position\":1,\"name\":\"Home\",\"item\":\"https:\/\/franciscanos.org.br\/noticias\"},{\"@type\":\"ListItem\",\"position\":2,\"name\":\"Ordem dos Frades Menores cresce na \u00c1frica Oriental\"}]},{\"@type\":\"Person\",\"@id\":\"https:\/\/franciscanos.org.br\/noticias\/#\/schema\/person\/b5c8cba458c330ccff548b056e95a5d4\",\"name\":\"moacir\",\"image\":{\"@type\":\"ImageObject\",\"inLanguage\":\"pt-BR\",\"@id\":\"https:\/\/franciscanos.org.br\/noticias\/#\/schema\/person\/image\/\",\"url\":\"https:\/\/secure.gravatar.com\/avatar\/d08aa2ce4c8dd416d4479aa8536fcf64?s=96&d=mm&r=g\",\"contentUrl\":\"https:\/\/secure.gravatar.com\/avatar\/d08aa2ce4c8dd416d4479aa8536fcf64?s=96&d=mm&r=g\",\"caption\":\"moacir\"},\"url\":\"https:\/\/franciscanos.org.br\/noticias\/author\/moacir\"}]}<\/script>\n<!-- \/ Yoast SEO plugin. -->","yoast_head_json":{"title":"Ordem dos Frades Menores cresce na \u00c1frica Oriental - Not\u00edcias - Franciscanos","robots":{"index":"index","follow":"follow","max-snippet":"max-snippet:-1","max-image-preview":"max-image-preview:large","max-video-preview":"max-video-preview:-1"},"canonical":"https:\/\/franciscanos.org.br\/noticias\/ordem-dos-frades-menores-cresce-na-africa-oriental.html","og_locale":"pt_BR","og_type":"article","og_title":"Ordem dos Frades Menores cresce na \u00c1frica Oriental - Not\u00edcias - Franciscanos","og_description":"OFM","og_url":"https:\/\/franciscanos.org.br\/noticias\/ordem-dos-frades-menores-cresce-na-africa-oriental.html","og_site_name":"Not\u00edcias - Franciscanos","article_published_time":"2023-06-19T11:39:29+00:00","article_modified_time":"2025-03-10T18:37:40+00:00","og_image":[{"url":"https:\/\/franciscanos.org.br\/noticias\/wp-content\/uploads\/2023\/06\/ordem_01.jpg"}],"author":"moacir","twitter_card":"summary_large_image","twitter_misc":{"Escrito por":"moacir","Est. tempo de leitura":"3 minutos"},"schema":{"@context":"https:\/\/schema.org","@graph":[{"@type":"WebSite","@id":"https:\/\/franciscanos.org.br\/noticias\/#website","url":"https:\/\/franciscanos.org.br\/noticias\/","name":"Not\u00edcias - Franciscanos","description":"Prov\u00edncia Franciscana da Imaculada Concei\u00e7\u00e3o do Brasil - Ordem dos Frades Menores - OFM","potentialAction":[{"@type":"SearchAction","target":{"@type":"EntryPoint","urlTemplate":"https:\/\/franciscanos.org.br\/noticias\/?s={search_term_string}"},"query-input":"required name=search_term_string"}],"inLanguage":"pt-BR"},{"@type":"ImageObject","inLanguage":"pt-BR","@id":"https:\/\/franciscanos.org.br\/noticias\/ordem-dos-frades-menores-cresce-na-africa-oriental.html#primaryimage","url":"https:\/\/franciscanos.org.br\/noticias\/wp-content\/uploads\/2023\/06\/ordem_01.jpg","contentUrl":"https:\/\/franciscanos.org.br\/noticias\/wp-content\/uploads\/2023\/06\/ordem_01.jpg","width":1280,"height":720},{"@type":"WebPage","@id":"https:\/\/franciscanos.org.br\/noticias\/ordem-dos-frades-menores-cresce-na-africa-oriental.html#webpage","url":"https:\/\/franciscanos.org.br\/noticias\/ordem-dos-frades-menores-cresce-na-africa-oriental.html","name":"Ordem dos Frades Menores cresce na \u00c1frica Oriental - Not\u00edcias - Franciscanos","isPartOf":{"@id":"https:\/\/franciscanos.org.br\/noticias\/#website"},"primaryImageOfPage":{"@id":"https:\/\/franciscanos.org.br\/noticias\/ordem-dos-frades-menores-cresce-na-africa-oriental.html#primaryimage"},"datePublished":"2023-06-19T11:39:29+00:00","dateModified":"2025-03-10T18:37:40+00:00","author":{"@id":"https:\/\/franciscanos.org.br\/noticias\/#\/schema\/person\/b5c8cba458c330ccff548b056e95a5d4"},"breadcrumb":{"@id":"https:\/\/franciscanos.org.br\/noticias\/ordem-dos-frades-menores-cresce-na-africa-oriental.html#breadcrumb"},"inLanguage":"pt-BR","potentialAction":[{"@type":"ReadAction","target":["https:\/\/franciscanos.org.br\/noticias\/ordem-dos-frades-menores-cresce-na-africa-oriental.html"]}]},{"@type":"BreadcrumbList","@id":"https:\/\/franciscanos.org.br\/noticias\/ordem-dos-frades-menores-cresce-na-africa-oriental.html#breadcrumb","itemListElement":[{"@type":"ListItem","position":1,"name":"Home","item":"https:\/\/franciscanos.org.br\/noticias"},{"@type":"ListItem","position":2,"name":"Ordem dos Frades Menores cresce na \u00c1frica Oriental"}]},{"@type":"Person","@id":"https:\/\/franciscanos.org.br\/noticias\/#\/schema\/person\/b5c8cba458c330ccff548b056e95a5d4","name":"moacir","image":{"@type":"ImageObject","inLanguage":"pt-BR","@id":"https:\/\/franciscanos.org.br\/noticias\/#\/schema\/person\/image\/","url":"https:\/\/secure.gravatar.com\/avatar\/d08aa2ce4c8dd416d4479aa8536fcf64?s=96&d=mm&r=g","contentUrl":"https:\/\/secure.gravatar.com\/avatar\/d08aa2ce4c8dd416d4479aa8536fcf64?s=96&d=mm&r=g","caption":"moacir"},"url":"https:\/\/franciscanos.org.br\/noticias\/author\/moacir"}]}},"_links":{"self":[{"href":"https:\/\/franciscanos.org.br\/noticias\/wp-json\/wp\/v2\/posts\/243744"}],"collection":[{"href":"https:\/\/franciscanos.org.br\/noticias\/wp-json\/wp\/v2\/posts"}],"about":[{"href":"https:\/\/franciscanos.org.br\/noticias\/wp-json\/wp\/v2\/types\/post"}],"author":[{"embeddable":true,"href":"https:\/\/franciscanos.org.br\/noticias\/wp-json\/wp\/v2\/users\/3"}],"replies":[{"embeddable":true,"href":"https:\/\/franciscanos.org.br\/noticias\/wp-json\/wp\/v2\/comments?post=243744"}],"version-history":[{"count":2,"href":"https:\/\/franciscanos.org.br\/noticias\/wp-json\/wp\/v2\/posts\/243744\/revisions"}],"predecessor-version":[{"id":243750,"href":"https:\/\/franciscanos.org.br\/noticias\/wp-json\/wp\/v2\/posts\/243744\/revisions\/243750"}],"wp:attachment":[{"href":"https:\/\/franciscanos.org.br\/noticias\/wp-json\/wp\/v2\/media?parent=243744"}],"wp:term":[{"taxonomy":"category","embeddable":true,"href":"https:\/\/franciscanos.org.br\/noticias\/wp-json\/wp\/v2\/categories?post=243744"},{"taxonomy":"post_tag","embeddable":true,"href":"https:\/\/franciscanos.org.br\/noticias\/wp-json\/wp\/v2\/tags?post=243744"}],"curies":[{"name":"wp","href":"https:\/\/api.w.org\/{rel}","templated":true}]}}