{"id":243738,"date":"2023-06-19T07:57:28","date_gmt":"2023-06-19T10:57:28","guid":{"rendered":"https:\/\/franciscanos.org.br\/noticias\/?p=243738"},"modified":"2023-06-19T08:04:50","modified_gmt":"2023-06-19T11:04:50","slug":"semana-do-migrante-inicia-com-santa-missa-no-santuario-de-aparecida","status":"publish","type":"post","link":"https:\/\/franciscanos.org.br\/noticias\/semana-do-migrante-inicia-com-santa-missa-no-santuario-de-aparecida.html","title":{"rendered":"Semana do Migrante inicia com Santa Missa no Santu\u00e1rio de Aparecida"},"content":{"rendered":"<div class=\"wg-text container\">\n<p><img loading=\"lazy\" class=\"alignnone size-full wp-image-243739\" src=\"https:\/\/franciscanos.org.br\/noticias\/wp-content\/uploads\/2023\/06\/MIGRANTE.jpg\" alt=\"\" width=\"1280\" height=\"720\" srcset=\"https:\/\/franciscanos.org.br\/noticias\/wp-content\/uploads\/2023\/06\/MIGRANTE.jpg 1280w, https:\/\/franciscanos.org.br\/noticias\/wp-content\/uploads\/2023\/06\/MIGRANTE-450x253.jpg 450w, https:\/\/franciscanos.org.br\/noticias\/wp-content\/uploads\/2023\/06\/MIGRANTE-1024x576.jpg 1024w, https:\/\/franciscanos.org.br\/noticias\/wp-content\/uploads\/2023\/06\/MIGRANTE-768x432.jpg 768w, https:\/\/franciscanos.org.br\/noticias\/wp-content\/uploads\/2023\/06\/MIGRANTE-150x84.jpg 150w\" sizes=\"(max-width: 1280px) 100vw, 1280px\" \/><\/p>\n<p>A\u00a038\u00aa Semana do Migrante, que acontece de 18 a 25 de junho,\u00a0teve in\u00edcio neste domingo\u00a0(18) com\u00a0uma\u00a0Santa Missa, \u00e0s 12h, no\u00a0Altar Central do Santu\u00e1rio Nacional.<\/p>\n<p>\u201c<i><b>Migra\u00e7\u00e3o e Soberania Alimentar<\/b><\/i>\u201d \u00e9 o\u00a0tema\u00a0escolhido para a Semana e\u00a0faz refer\u00eancia e comunh\u00e3o com a Campanha da Fraternidade\u00a0deste ano de 2023, que trabalhou \u201c<i>Fraternidade e Fome<\/i>\u201d.<\/p>\n<p>J\u00e1 no in\u00edcio da celebra\u00e7\u00e3o, o Ir. Ian Lucas Lopes, Mission\u00e1rio Redentorista fez a acolhida aos migrantes presentes.<\/p>\n<p>A\u00a0celebra\u00e7\u00e3o foi presidida pelo bispo da Diocese de Pesqueira (PE)\u00a0e membro da Comiss\u00e3o Episcopal para a A\u00e7\u00e3o Sociotransformadora da Confer\u00eancia Nacional dos Bispos do Brasil (CNBB), Dom Jos\u00e9 Luiz Ferreira Salles, que saudou com abra\u00e7o fraterno\u00a0os agentes do Servi\u00e7o Pastoral do Migrante.<\/p>\n<p>Dom Jos\u00e9 tamb\u00e9m \u00e9 presidente do Servi\u00e7o Pastoral dos Migrantes (SPM) e referencial para o Setor da Mobilidade Humana da CNBB.<\/p>\n<p>Durante a 38\u00aa Semana do Migrante ser\u00e3o realizadas atividades em todo pa\u00eds, com rodas de conversa, debates, oficinas, gestos concretos com os migrantes, al\u00e9m de atividades virtuais.<\/p>\n<p>\u201cQueremos iniciar a\u00a038\u00aa Semana do Migrante com olhar de compaix\u00e3o.\u00a0De todas as pessoas, migrantes, refugiados que est\u00e3o no limite de suas vidas e que muitas vezes ao chegar, acaba encontrando como \u00fanico lugar as ruas.\u00a0Por que faltam muitas vezes espa\u00e7os e quem os acolha&#8221;, disse Dom Jos\u00e9 o ao site da CNBB.<\/p>\n<p>Dom Jos\u00e9 ressaltou ainda que:\u00a0&#8220;Esta\u00a038\u00aa Semana do Migrante est\u00e1 em conson\u00e2ncia com a Campanha da Fraternidade\u00a0tem como tema\u00a0<em>Migra\u00e7\u00e3o e Soberania Alimentar<\/em>\u00a0e citou o lema<em>\u00a0P\u00e1tria \u00e9 a Terra que lhe d\u00e1 o P\u00e3o,<\/em>\u00a0famosa frase do campo das migra\u00e7\u00f5es do\u00a0bispo italiano Jo\u00e3o Batista Scalabrini (1839-1905), considerado Pai e Ap\u00f3stolo dos Migrantes.\u00a0E que ser\u00e1 um dos pr\u00f3ximos a ser considerado santo pela Igreja Cat\u00f3lica.<\/p>\n<div id=\"attachment_243740\" style=\"width: 1290px\" class=\"wp-caption alignnone\"><img aria-describedby=\"caption-attachment-243740\" loading=\"lazy\" class=\"wp-image-243740 size-full\" src=\"https:\/\/franciscanos.org.br\/noticias\/wp-content\/uploads\/2023\/06\/migrante_19.jpg\" alt=\"\" width=\"1280\" height=\"720\" srcset=\"https:\/\/franciscanos.org.br\/noticias\/wp-content\/uploads\/2023\/06\/migrante_19.jpg 1280w, https:\/\/franciscanos.org.br\/noticias\/wp-content\/uploads\/2023\/06\/migrante_19-450x253.jpg 450w, https:\/\/franciscanos.org.br\/noticias\/wp-content\/uploads\/2023\/06\/migrante_19-1024x576.jpg 1024w, https:\/\/franciscanos.org.br\/noticias\/wp-content\/uploads\/2023\/06\/migrante_19-768x432.jpg 768w, https:\/\/franciscanos.org.br\/noticias\/wp-content\/uploads\/2023\/06\/migrante_19-150x84.jpg 150w\" sizes=\"(max-width: 1280px) 100vw, 1280px\" \/><p id=\"caption-attachment-243740\" class=\"wp-caption-text\"><em>Reprodu\u00e7\u00e3o da transmiss\u00e3o do Portal A12<\/em><\/p><\/div>\n<p>O Dia do Migrante, na Igreja Cat\u00f3lica, foi determinado em 1969 pelo Papa Paulo VI, com orienta\u00e7\u00e3o para que a confer\u00eancia episcopal de cada pa\u00eds escolhesse sua data a ser celebrada. No Brasil, em abril de 1979, por determina\u00e7\u00e3o da 17\u00aa Assembleia Geral da CNBB, decide-se celebrar o Dia do Migrante no 25 de junho se cair no domingo ou, caso contr\u00e1rio, no domingo imediatamente anterior.<b><br \/>\n<\/b><\/p>\n<p>O\u00a0Papa Francisco, em seus posicionamentos diante da realidade migrat\u00f3ria, refor\u00e7a com frequ\u00eancia os quatro verbos\u00a0em aten\u00e7\u00e3o \u00e0s pessoas migrantes: \u201c<i>acolher, proteger, promover e integrar<\/i>\u201d. E neste ano, em sua Mensagem para o 109\u00ba Dia Mundial do Migrante e do Refugiado, que ser\u00e1 celebrado no 24 de setembro e que traz como tema \u201cLivres de escolher se migrar ou ficar\u201d, o Pont\u00edfice refor\u00e7ou:<\/p>\n<p>\u201c<i>Enquanto trabalhamos para que toda a migra\u00e7\u00e3o possa ser fruto duma escolha livre,\u00a0<b>somos chamados a ter o maior respeito pela dignidade de cada migrante<\/b>; e isto significa acompanhar e gerir da melhor forma poss\u00edvel os seus fluxos, construindo pontes e n\u00e3o muros, alargando os canais para uma migra\u00e7\u00e3o segura e regular<\/i>\u201d, falou o Papa \u00e0 \u00e9poca.<\/p>\n<p>Por fim, Francisco observou: \u201c<i>Onde quer que decidamos construir o nosso futuro \u2013 no pa\u00eds onde nascemos ou fora dele \u2013,<\/i><i><b>sem distin\u00e7\u00e3o nem deixar ningu\u00e9m de fora<\/b>\u201d<\/i>, disse o Santo Padre. A celebra\u00e7\u00e3o ter\u00e1 transmiss\u00e3o pela Rede Aparecida de Comunica\u00e7\u00e3o (TV Aparecida, R\u00e1dio Aparecida e Portal A12), Aparecida ao Vivo e Aplicativo Aparecida. Nas redes sociais do Santu\u00e1rio Nacional e do Portal A12 tamb\u00e9m ser\u00e1 poss\u00edvel acompanhar as atividades.<\/p>\n<hr \/>\n<p><em>Fonte: Portal A12<\/em><\/p>\n<\/div>\n<h3>Subs\u00eddios da semana:<\/h3>\n<p><strong>Texto-base<\/strong>\u00a0acesse (<a href=\"https:\/\/ssb.org.br\/app\/uploads\/2023\/06\/38a.-semana-do-migrante_texto-base-2023-3.pdf\" target=\"_blank\" rel=\"noopener\">aqui<\/a>)<br \/>\n<strong>Roteiro para Celebra\u00e7\u00e3o Ecum\u00eanica<\/strong>\u00a0(<a href=\"https:\/\/ssb.org.br\/app\/uploads\/2023\/06\/38a.-semana-do-migrante_ROTEIRO-PARA-CELEBRACAO.pdf\" target=\"_blank\" rel=\"noopener\">aqui<\/a>)<br \/>\n<strong>Ora\u00e7\u00e3o para a 38\u00aa Semana do Migrante<\/strong>\u00a0(<a href=\"https:\/\/ssb.org.br\/app\/uploads\/2023\/06\/38a.-semana-do-migrante_oracao.pdf\" target=\"_blank\" rel=\"noopener\">aqui<\/a>)<br \/>\n<strong>Cartaz para a 38\u00aa Semana do Migrante<\/strong>\u00a0(<a href=\"https:\/\/drive.google.com\/drive\/u\/0\/folders\/1xOvzkpbVLXVSxXm8NKaKfu_Nl0MZzoL8\" target=\"_blank\" rel=\"noopener\">aqui<\/a>)<\/p>\n","protected":false},"excerpt":{"rendered":"<p>38\u00aa Semana do Migrante<\/p>\n","protected":false},"author":3,"featured_media":243743,"comment_status":"open","ping_status":"open","sticky":false,"template":"","format":"standard","meta":[],"categories":[1],"tags":[832],"acf":[],"yoast_head":"<!-- This site is optimized with the Yoast SEO plugin v19.2 - https:\/\/yoast.com\/wordpress\/plugins\/seo\/ -->\n<title>Semana do Migrante inicia com Santa Missa no Santu\u00e1rio de Aparecida - Not\u00edcias - Franciscanos<\/title>\n<meta name=\"robots\" content=\"index, follow, max-snippet:-1, max-image-preview:large, max-video-preview:-1\" \/>\n<link rel=\"canonical\" href=\"https:\/\/franciscanos.org.br\/noticias\/semana-do-migrante-inicia-com-santa-missa-no-santuario-de-aparecida.html\" \/>\n<meta property=\"og:locale\" content=\"pt_BR\" \/>\n<meta property=\"og:type\" content=\"article\" \/>\n<meta property=\"og:title\" content=\"Semana do Migrante inicia com Santa Missa no Santu\u00e1rio de Aparecida - Not\u00edcias - Franciscanos\" \/>\n<meta property=\"og:description\" content=\"38\u00aa Semana do Migrante\" \/>\n<meta property=\"og:url\" content=\"https:\/\/franciscanos.org.br\/noticias\/semana-do-migrante-inicia-com-santa-missa-no-santuario-de-aparecida.html\" \/>\n<meta property=\"og:site_name\" content=\"Not\u00edcias - Franciscanos\" \/>\n<meta property=\"article:published_time\" content=\"2023-06-19T10:57:28+00:00\" \/>\n<meta property=\"article:modified_time\" content=\"2023-06-19T11:04:50+00:00\" \/>\n<meta property=\"og:image\" content=\"https:\/\/franciscanos.org.br\/noticias\/wp-content\/uploads\/2023\/06\/MIGRANTE-800X550.jpg\" \/>\n\t<meta property=\"og:image:width\" content=\"624\" \/>\n\t<meta property=\"og:image:height\" content=\"429\" \/>\n\t<meta property=\"og:image:type\" content=\"image\/jpeg\" \/>\n<meta name=\"author\" content=\"moacir\" \/>\n<meta name=\"twitter:card\" content=\"summary_large_image\" \/>\n<meta name=\"twitter:label1\" content=\"Escrito por\" \/>\n\t<meta name=\"twitter:data1\" content=\"moacir\" \/>\n\t<meta name=\"twitter:label2\" content=\"Est. tempo de leitura\" \/>\n\t<meta name=\"twitter:data2\" content=\"3 minutos\" \/>\n<script type=\"application\/ld+json\" class=\"yoast-schema-graph\">{\"@context\":\"https:\/\/schema.org\",\"@graph\":[{\"@type\":\"WebSite\",\"@id\":\"https:\/\/franciscanos.org.br\/noticias\/#website\",\"url\":\"https:\/\/franciscanos.org.br\/noticias\/\",\"name\":\"Not\u00edcias - Franciscanos\",\"description\":\"Prov\u00edncia Franciscana da Imaculada Concei\u00e7\u00e3o do Brasil - Ordem dos Frades Menores - OFM\",\"potentialAction\":[{\"@type\":\"SearchAction\",\"target\":{\"@type\":\"EntryPoint\",\"urlTemplate\":\"https:\/\/franciscanos.org.br\/noticias\/?s={search_term_string}\"},\"query-input\":\"required name=search_term_string\"}],\"inLanguage\":\"pt-BR\"},{\"@type\":\"ImageObject\",\"inLanguage\":\"pt-BR\",\"@id\":\"https:\/\/franciscanos.org.br\/noticias\/semana-do-migrante-inicia-com-santa-missa-no-santuario-de-aparecida.html#primaryimage\",\"url\":\"https:\/\/franciscanos.org.br\/noticias\/wp-content\/uploads\/2023\/06\/MIGRANTE-800X550.jpg\",\"contentUrl\":\"https:\/\/franciscanos.org.br\/noticias\/wp-content\/uploads\/2023\/06\/MIGRANTE-800X550.jpg\",\"width\":624,\"height\":429},{\"@type\":\"WebPage\",\"@id\":\"https:\/\/franciscanos.org.br\/noticias\/semana-do-migrante-inicia-com-santa-missa-no-santuario-de-aparecida.html#webpage\",\"url\":\"https:\/\/franciscanos.org.br\/noticias\/semana-do-migrante-inicia-com-santa-missa-no-santuario-de-aparecida.html\",\"name\":\"Semana do Migrante inicia com Santa Missa no Santu\u00e1rio de Aparecida - Not\u00edcias - Franciscanos\",\"isPartOf\":{\"@id\":\"https:\/\/franciscanos.org.br\/noticias\/#website\"},\"primaryImageOfPage\":{\"@id\":\"https:\/\/franciscanos.org.br\/noticias\/semana-do-migrante-inicia-com-santa-missa-no-santuario-de-aparecida.html#primaryimage\"},\"datePublished\":\"2023-06-19T10:57:28+00:00\",\"dateModified\":\"2023-06-19T11:04:50+00:00\",\"author\":{\"@id\":\"https:\/\/franciscanos.org.br\/noticias\/#\/schema\/person\/b5c8cba458c330ccff548b056e95a5d4\"},\"breadcrumb\":{\"@id\":\"https:\/\/franciscanos.org.br\/noticias\/semana-do-migrante-inicia-com-santa-missa-no-santuario-de-aparecida.html#breadcrumb\"},\"inLanguage\":\"pt-BR\",\"potentialAction\":[{\"@type\":\"ReadAction\",\"target\":[\"https:\/\/franciscanos.org.br\/noticias\/semana-do-migrante-inicia-com-santa-missa-no-santuario-de-aparecida.html\"]}]},{\"@type\":\"BreadcrumbList\",\"@id\":\"https:\/\/franciscanos.org.br\/noticias\/semana-do-migrante-inicia-com-santa-missa-no-santuario-de-aparecida.html#breadcrumb\",\"itemListElement\":[{\"@type\":\"ListItem\",\"position\":1,\"name\":\"Home\",\"item\":\"https:\/\/franciscanos.org.br\/noticias\"},{\"@type\":\"ListItem\",\"position\":2,\"name\":\"Semana do Migrante inicia com Santa Missa no Santu\u00e1rio de Aparecida\"}]},{\"@type\":\"Person\",\"@id\":\"https:\/\/franciscanos.org.br\/noticias\/#\/schema\/person\/b5c8cba458c330ccff548b056e95a5d4\",\"name\":\"moacir\",\"image\":{\"@type\":\"ImageObject\",\"inLanguage\":\"pt-BR\",\"@id\":\"https:\/\/franciscanos.org.br\/noticias\/#\/schema\/person\/image\/\",\"url\":\"https:\/\/secure.gravatar.com\/avatar\/d08aa2ce4c8dd416d4479aa8536fcf64?s=96&d=mm&r=g\",\"contentUrl\":\"https:\/\/secure.gravatar.com\/avatar\/d08aa2ce4c8dd416d4479aa8536fcf64?s=96&d=mm&r=g\",\"caption\":\"moacir\"},\"url\":\"https:\/\/franciscanos.org.br\/noticias\/author\/moacir\"}]}<\/script>\n<!-- \/ Yoast SEO plugin. -->","yoast_head_json":{"title":"Semana do Migrante inicia com Santa Missa no Santu\u00e1rio de Aparecida - Not\u00edcias - Franciscanos","robots":{"index":"index","follow":"follow","max-snippet":"max-snippet:-1","max-image-preview":"max-image-preview:large","max-video-preview":"max-video-preview:-1"},"canonical":"https:\/\/franciscanos.org.br\/noticias\/semana-do-migrante-inicia-com-santa-missa-no-santuario-de-aparecida.html","og_locale":"pt_BR","og_type":"article","og_title":"Semana do Migrante inicia com Santa Missa no Santu\u00e1rio de Aparecida - Not\u00edcias - Franciscanos","og_description":"38\u00aa Semana do Migrante","og_url":"https:\/\/franciscanos.org.br\/noticias\/semana-do-migrante-inicia-com-santa-missa-no-santuario-de-aparecida.html","og_site_name":"Not\u00edcias - Franciscanos","article_published_time":"2023-06-19T10:57:28+00:00","article_modified_time":"2023-06-19T11:04:50+00:00","og_image":[{"width":624,"height":429,"url":"https:\/\/franciscanos.org.br\/noticias\/wp-content\/uploads\/2023\/06\/MIGRANTE-800X550.jpg","type":"image\/jpeg"}],"author":"moacir","twitter_card":"summary_large_image","twitter_misc":{"Escrito por":"moacir","Est. tempo de leitura":"3 minutos"},"schema":{"@context":"https:\/\/schema.org","@graph":[{"@type":"WebSite","@id":"https:\/\/franciscanos.org.br\/noticias\/#website","url":"https:\/\/franciscanos.org.br\/noticias\/","name":"Not\u00edcias - Franciscanos","description":"Prov\u00edncia Franciscana da Imaculada Concei\u00e7\u00e3o do Brasil - Ordem dos Frades Menores - OFM","potentialAction":[{"@type":"SearchAction","target":{"@type":"EntryPoint","urlTemplate":"https:\/\/franciscanos.org.br\/noticias\/?s={search_term_string}"},"query-input":"required name=search_term_string"}],"inLanguage":"pt-BR"},{"@type":"ImageObject","inLanguage":"pt-BR","@id":"https:\/\/franciscanos.org.br\/noticias\/semana-do-migrante-inicia-com-santa-missa-no-santuario-de-aparecida.html#primaryimage","url":"https:\/\/franciscanos.org.br\/noticias\/wp-content\/uploads\/2023\/06\/MIGRANTE-800X550.jpg","contentUrl":"https:\/\/franciscanos.org.br\/noticias\/wp-content\/uploads\/2023\/06\/MIGRANTE-800X550.jpg","width":624,"height":429},{"@type":"WebPage","@id":"https:\/\/franciscanos.org.br\/noticias\/semana-do-migrante-inicia-com-santa-missa-no-santuario-de-aparecida.html#webpage","url":"https:\/\/franciscanos.org.br\/noticias\/semana-do-migrante-inicia-com-santa-missa-no-santuario-de-aparecida.html","name":"Semana do Migrante inicia com Santa Missa no Santu\u00e1rio de Aparecida - Not\u00edcias - Franciscanos","isPartOf":{"@id":"https:\/\/franciscanos.org.br\/noticias\/#website"},"primaryImageOfPage":{"@id":"https:\/\/franciscanos.org.br\/noticias\/semana-do-migrante-inicia-com-santa-missa-no-santuario-de-aparecida.html#primaryimage"},"datePublished":"2023-06-19T10:57:28+00:00","dateModified":"2023-06-19T11:04:50+00:00","author":{"@id":"https:\/\/franciscanos.org.br\/noticias\/#\/schema\/person\/b5c8cba458c330ccff548b056e95a5d4"},"breadcrumb":{"@id":"https:\/\/franciscanos.org.br\/noticias\/semana-do-migrante-inicia-com-santa-missa-no-santuario-de-aparecida.html#breadcrumb"},"inLanguage":"pt-BR","potentialAction":[{"@type":"ReadAction","target":["https:\/\/franciscanos.org.br\/noticias\/semana-do-migrante-inicia-com-santa-missa-no-santuario-de-aparecida.html"]}]},{"@type":"BreadcrumbList","@id":"https:\/\/franciscanos.org.br\/noticias\/semana-do-migrante-inicia-com-santa-missa-no-santuario-de-aparecida.html#breadcrumb","itemListElement":[{"@type":"ListItem","position":1,"name":"Home","item":"https:\/\/franciscanos.org.br\/noticias"},{"@type":"ListItem","position":2,"name":"Semana do Migrante inicia com Santa Missa no Santu\u00e1rio de Aparecida"}]},{"@type":"Person","@id":"https:\/\/franciscanos.org.br\/noticias\/#\/schema\/person\/b5c8cba458c330ccff548b056e95a5d4","name":"moacir","image":{"@type":"ImageObject","inLanguage":"pt-BR","@id":"https:\/\/franciscanos.org.br\/noticias\/#\/schema\/person\/image\/","url":"https:\/\/secure.gravatar.com\/avatar\/d08aa2ce4c8dd416d4479aa8536fcf64?s=96&d=mm&r=g","contentUrl":"https:\/\/secure.gravatar.com\/avatar\/d08aa2ce4c8dd416d4479aa8536fcf64?s=96&d=mm&r=g","caption":"moacir"},"url":"https:\/\/franciscanos.org.br\/noticias\/author\/moacir"}]}},"_links":{"self":[{"href":"https:\/\/franciscanos.org.br\/noticias\/wp-json\/wp\/v2\/posts\/243738"}],"collection":[{"href":"https:\/\/franciscanos.org.br\/noticias\/wp-json\/wp\/v2\/posts"}],"about":[{"href":"https:\/\/franciscanos.org.br\/noticias\/wp-json\/wp\/v2\/types\/post"}],"author":[{"embeddable":true,"href":"https:\/\/franciscanos.org.br\/noticias\/wp-json\/wp\/v2\/users\/3"}],"replies":[{"embeddable":true,"href":"https:\/\/franciscanos.org.br\/noticias\/wp-json\/wp\/v2\/comments?post=243738"}],"version-history":[{"count":2,"href":"https:\/\/franciscanos.org.br\/noticias\/wp-json\/wp\/v2\/posts\/243738\/revisions"}],"predecessor-version":[{"id":243742,"href":"https:\/\/franciscanos.org.br\/noticias\/wp-json\/wp\/v2\/posts\/243738\/revisions\/243742"}],"wp:featuredmedia":[{"embeddable":true,"href":"https:\/\/franciscanos.org.br\/noticias\/wp-json\/wp\/v2\/media\/243743"}],"wp:attachment":[{"href":"https:\/\/franciscanos.org.br\/noticias\/wp-json\/wp\/v2\/media?parent=243738"}],"wp:term":[{"taxonomy":"category","embeddable":true,"href":"https:\/\/franciscanos.org.br\/noticias\/wp-json\/wp\/v2\/categories?post=243738"},{"taxonomy":"post_tag","embeddable":true,"href":"https:\/\/franciscanos.org.br\/noticias\/wp-json\/wp\/v2\/tags?post=243738"}],"curies":[{"name":"wp","href":"https:\/\/api.w.org\/{rel}","templated":true}]}}