{"id":243730,"date":"2023-06-16T06:48:10","date_gmt":"2023-06-16T09:48:10","guid":{"rendered":"https:\/\/franciscanos.org.br\/noticias\/?p=243730"},"modified":"2023-06-16T06:48:10","modified_gmt":"2023-06-16T09:48:10","slug":"papa-recebe-alta-do-hospital-gemelli","status":"publish","type":"post","link":"https:\/\/franciscanos.org.br\/noticias\/papa-recebe-alta-do-hospital-gemelli.html","title":{"rendered":"Papa recebe alta do Hospital Gemelli"},"content":{"rendered":"<div id=\"attachment_243731\" style=\"width: 964px\" class=\"wp-caption alignnone\"><img aria-describedby=\"caption-attachment-243731\" loading=\"lazy\" class=\"wp-image-243731\" src=\"https:\/\/franciscanos.org.br\/noticias\/wp-content\/uploads\/2023\/06\/alta_16.jpeg\" alt=\"\" width=\"954\" height=\"537\" srcset=\"https:\/\/franciscanos.org.br\/noticias\/wp-content\/uploads\/2023\/06\/alta_16.jpeg 750w, https:\/\/franciscanos.org.br\/noticias\/wp-content\/uploads\/2023\/06\/alta_16-450x253.jpeg 450w, https:\/\/franciscanos.org.br\/noticias\/wp-content\/uploads\/2023\/06\/alta_16-150x84.jpeg 150w\" sizes=\"(max-width: 954px) 100vw, 954px\" \/><p id=\"caption-attachment-243731\" class=\"wp-caption-text\"><em>Imagem: Vatican Media<\/em><\/p><\/div>\n<p>Depois de dez dias, o Papa Francisco recebeu alta nesta manh\u00e3 de sexta-feira (16\/06) do Hospital Gemelli, em Roma, onde foi internado no \u00faltimo dia 7 de junho para uma laparotomia e cirurgia pl\u00e1stica da parede abdominal com pr\u00f3tese. Ao sair, em sua cadeira de rodas, ele foi recebido por uma pequena multid\u00e3o que o aplaudiu e o cumprimentou calorosamente. O Santo Padre estava sereno e sorridente.<\/p>\n<p>&#8220;Eu ainda estou vivo&#8221; e &#8220;sofro pelos migrantes&#8221;, comentando o naufr\u00e1gio dos migrantes no mar Egeu. Essas foram as primeiras palavras ditas pelo Papa Francisco assim que deixou o hospital Gemelli.<\/p>\n<p>&#8220;Obrigado pelo servi\u00e7o de voc\u00eas, muito obrigado&#8221;, disse ainda Francisco dirigindo-se aos jornalistas enquanto com sua cadeira de rodas atravessou as duas alas de rep\u00f3rteres e pacientes que, na sa\u00edda do hospital, o aplaudiram.<\/p>\n<p><strong>Visita \u00e0 Bas\u00edlica de Santa Maria Maior<\/strong><br \/>\nA Sala de Imprensa vaticana informou que o Papa Francisco, ap\u00f3s deixar o Hospital Gemelli, e antes de retornar ao Vaticano, foi \u00e0 Bas\u00edlica de Santa Maria Maior para rezar diante do \u00edcone de Nossa Senhora Salus Populi Romani, como j\u00e1 o fez dezenas de vezes durante seu pontificado. Ao chegar de carro em frente \u00e0 Bas\u00edlica romana, ele desceu sozinho e sentou-se em sua cadeira de rodas. Antes de entrar na Bas\u00edlica cumprimentou os turistas que estavam em frente \u00e0 Santa Maria Maior.<\/p>\n<p><strong>Visita privada<\/strong><br \/>\nAntes de retornar ao Vaticano, pouco depois das 10h, (hora de Roma) o Papa Francisco fez uma breve visita particular \u00e0s freiras do Istituto Maria Santissima Bambina, reunidas para o cap\u00edtulo geral, e, do lado de fora da entrada Perugino, cumprimentou a pol\u00edcia e agradeceu pelo servi\u00e7o prestado.<\/p>\n<p>A Sala de Imprensa vaticana informou na manh\u00e3 desta sexta-feira que o Santo Padre ir\u00e1 rezar o <em>Angelus<\/em> deste domingo e as audi\u00eancias dos pr\u00f3ximos dias est\u00e3o confirmados, com exce\u00e7\u00e3o a audi\u00eancia geral de quarta-feira, 21 de junho, que foi cancelada para salvaguardar a recupera\u00e7\u00e3o p\u00f3s-operat\u00f3ria do Santo Padre.<\/p>\n<p><strong>Sala de Imprensa vaticana<\/strong><br \/>\nO Diretor da Sala de Imprensa da Santa S\u00e9, Matteo Bruni, anunciara ontem que a equipe m\u00e9dica informou que o Papa Francisco tinha repousado bem durante a noite. &#8220;O decurso cl\u00ednico continua regularmente. Os exames hematoqu\u00edmicos est\u00e3o normais. Na noite de ontem teve um jantar comunit\u00e1rio, junto com os que o acompanham desde o dia da hospitaliza\u00e7\u00e3o&#8221;.<\/p>\n<p>Na manh\u00e3 de quinta-feira, continua o comunicado, &#8220;em sinal de agradecimento, recebeu toda a equipe de cir\u00fargica composta por m\u00e9dicos, enfermeiros, assistentes sociais e de sa\u00fade e auxiliares que coordenaram, realizaram e viabilizaram a opera\u00e7\u00e3o cir\u00fargica do dia 7 de junho.&#8221;<\/p>\n<p>Foi acrescentado que sucessivamente o Santo Padre &#8220;encontrou Dom Claudio Giuliodori, assistente eclesi\u00e1stico geral da Universidade Cat\u00f3lica e Pe. Nunzio Currao, assistente espiritual do pessoal da Policl\u00ednica; em seguida, os representantes do Conselho de Administra\u00e7\u00e3o da Funda\u00e7\u00e3o Policl\u00ednica Gemelli, com o presidente Carlo Fratta Pasini e o Reitor da Universidade Cat\u00f3lica, Prof. Franco Anelli, juntamente com os \u00f3rg\u00e3os e a dire\u00e7\u00e3o da Policl\u00ednica, com o diretor geral , Prof. Marco Elefantes.<\/p>\n<p>No final, ele se dirigiu ao setor de Oncologia Pedi\u00e1trica e Neurocirurgia Infantil, onde s\u00e3o atendidos os pequenos pacientes que expressaram seu afeto ao Papa nos \u00faltimos dias por meio de in\u00fameras cartas, desenhos e mensagens por uma r\u00e1pida recupera\u00e7\u00e3o. O Papa Francisco &#8220;tocou com a m\u00e3o&#8221; a dor dessas crian\u00e7as que carregam o sofrimento da Cruz em seus ombros todos os dias, junto com suas m\u00e3es e pais. A cada um deles deu um Ros\u00e1rio e um livro.<\/p>\n<p>Ao saudar os presentes, Sua Santidade agradeceu a todos os funcion\u00e1rios pelo seu profissionalismo e esfor\u00e7o em aliviar o sofrimento do outro, al\u00e9m dos medicamentos, com a ternura e a humanidade.&#8221;<\/p>\n<hr \/>\n<p><em>Fonte: Vatican News<\/em><\/p>\n","protected":false},"excerpt":{"rendered":"<p>Papa Francisco<\/p>\n","protected":false},"author":3,"featured_media":243731,"comment_status":"open","ping_status":"open","sticky":false,"template":"","format":"standard","meta":[],"categories":[1428],"tags":[55],"acf":[],"yoast_head":"<!-- This site is optimized with the Yoast SEO plugin v19.2 - https:\/\/yoast.com\/wordpress\/plugins\/seo\/ -->\n<title>Papa recebe alta do Hospital Gemelli - Not\u00edcias - Franciscanos<\/title>\n<meta name=\"robots\" content=\"index, follow, max-snippet:-1, max-image-preview:large, max-video-preview:-1\" \/>\n<link rel=\"canonical\" href=\"https:\/\/franciscanos.org.br\/noticias\/papa-recebe-alta-do-hospital-gemelli.html\" \/>\n<meta property=\"og:locale\" content=\"pt_BR\" \/>\n<meta property=\"og:type\" content=\"article\" \/>\n<meta property=\"og:title\" content=\"Papa recebe alta do Hospital Gemelli - Not\u00edcias - Franciscanos\" \/>\n<meta property=\"og:description\" content=\"Papa Francisco\" \/>\n<meta property=\"og:url\" content=\"https:\/\/franciscanos.org.br\/noticias\/papa-recebe-alta-do-hospital-gemelli.html\" \/>\n<meta property=\"og:site_name\" content=\"Not\u00edcias - Franciscanos\" \/>\n<meta property=\"article:published_time\" content=\"2023-06-16T09:48:10+00:00\" \/>\n<meta property=\"og:image\" content=\"https:\/\/franciscanos.org.br\/noticias\/wp-content\/uploads\/2023\/06\/alta_16.jpeg\" \/>\n\t<meta property=\"og:image:width\" content=\"750\" \/>\n\t<meta property=\"og:image:height\" content=\"422\" \/>\n\t<meta property=\"og:image:type\" content=\"image\/jpeg\" \/>\n<meta name=\"author\" content=\"moacir\" \/>\n<meta name=\"twitter:card\" content=\"summary_large_image\" \/>\n<meta name=\"twitter:label1\" content=\"Escrito por\" \/>\n\t<meta name=\"twitter:data1\" content=\"moacir\" \/>\n\t<meta name=\"twitter:label2\" content=\"Est. tempo de leitura\" \/>\n\t<meta name=\"twitter:data2\" content=\"3 minutos\" \/>\n<script type=\"application\/ld+json\" class=\"yoast-schema-graph\">{\"@context\":\"https:\/\/schema.org\",\"@graph\":[{\"@type\":\"WebSite\",\"@id\":\"https:\/\/franciscanos.org.br\/noticias\/#website\",\"url\":\"https:\/\/franciscanos.org.br\/noticias\/\",\"name\":\"Not\u00edcias - Franciscanos\",\"description\":\"Prov\u00edncia Franciscana da Imaculada Concei\u00e7\u00e3o do Brasil - Ordem dos Frades Menores - OFM\",\"potentialAction\":[{\"@type\":\"SearchAction\",\"target\":{\"@type\":\"EntryPoint\",\"urlTemplate\":\"https:\/\/franciscanos.org.br\/noticias\/?s={search_term_string}\"},\"query-input\":\"required name=search_term_string\"}],\"inLanguage\":\"pt-BR\"},{\"@type\":\"ImageObject\",\"inLanguage\":\"pt-BR\",\"@id\":\"https:\/\/franciscanos.org.br\/noticias\/papa-recebe-alta-do-hospital-gemelli.html#primaryimage\",\"url\":\"https:\/\/franciscanos.org.br\/noticias\/wp-content\/uploads\/2023\/06\/alta_16.jpeg\",\"contentUrl\":\"https:\/\/franciscanos.org.br\/noticias\/wp-content\/uploads\/2023\/06\/alta_16.jpeg\",\"width\":750,\"height\":422},{\"@type\":\"WebPage\",\"@id\":\"https:\/\/franciscanos.org.br\/noticias\/papa-recebe-alta-do-hospital-gemelli.html#webpage\",\"url\":\"https:\/\/franciscanos.org.br\/noticias\/papa-recebe-alta-do-hospital-gemelli.html\",\"name\":\"Papa recebe alta do Hospital Gemelli - Not\u00edcias - Franciscanos\",\"isPartOf\":{\"@id\":\"https:\/\/franciscanos.org.br\/noticias\/#website\"},\"primaryImageOfPage\":{\"@id\":\"https:\/\/franciscanos.org.br\/noticias\/papa-recebe-alta-do-hospital-gemelli.html#primaryimage\"},\"datePublished\":\"2023-06-16T09:48:10+00:00\",\"dateModified\":\"2023-06-16T09:48:10+00:00\",\"author\":{\"@id\":\"https:\/\/franciscanos.org.br\/noticias\/#\/schema\/person\/b5c8cba458c330ccff548b056e95a5d4\"},\"breadcrumb\":{\"@id\":\"https:\/\/franciscanos.org.br\/noticias\/papa-recebe-alta-do-hospital-gemelli.html#breadcrumb\"},\"inLanguage\":\"pt-BR\",\"potentialAction\":[{\"@type\":\"ReadAction\",\"target\":[\"https:\/\/franciscanos.org.br\/noticias\/papa-recebe-alta-do-hospital-gemelli.html\"]}]},{\"@type\":\"BreadcrumbList\",\"@id\":\"https:\/\/franciscanos.org.br\/noticias\/papa-recebe-alta-do-hospital-gemelli.html#breadcrumb\",\"itemListElement\":[{\"@type\":\"ListItem\",\"position\":1,\"name\":\"Home\",\"item\":\"https:\/\/franciscanos.org.br\/noticias\"},{\"@type\":\"ListItem\",\"position\":2,\"name\":\"Papa recebe alta do Hospital Gemelli\"}]},{\"@type\":\"Person\",\"@id\":\"https:\/\/franciscanos.org.br\/noticias\/#\/schema\/person\/b5c8cba458c330ccff548b056e95a5d4\",\"name\":\"moacir\",\"image\":{\"@type\":\"ImageObject\",\"inLanguage\":\"pt-BR\",\"@id\":\"https:\/\/franciscanos.org.br\/noticias\/#\/schema\/person\/image\/\",\"url\":\"https:\/\/secure.gravatar.com\/avatar\/d08aa2ce4c8dd416d4479aa8536fcf64?s=96&d=mm&r=g\",\"contentUrl\":\"https:\/\/secure.gravatar.com\/avatar\/d08aa2ce4c8dd416d4479aa8536fcf64?s=96&d=mm&r=g\",\"caption\":\"moacir\"},\"url\":\"https:\/\/franciscanos.org.br\/noticias\/author\/moacir\"}]}<\/script>\n<!-- \/ Yoast SEO plugin. -->","yoast_head_json":{"title":"Papa recebe alta do Hospital Gemelli - Not\u00edcias - Franciscanos","robots":{"index":"index","follow":"follow","max-snippet":"max-snippet:-1","max-image-preview":"max-image-preview:large","max-video-preview":"max-video-preview:-1"},"canonical":"https:\/\/franciscanos.org.br\/noticias\/papa-recebe-alta-do-hospital-gemelli.html","og_locale":"pt_BR","og_type":"article","og_title":"Papa recebe alta do Hospital Gemelli - Not\u00edcias - Franciscanos","og_description":"Papa Francisco","og_url":"https:\/\/franciscanos.org.br\/noticias\/papa-recebe-alta-do-hospital-gemelli.html","og_site_name":"Not\u00edcias - Franciscanos","article_published_time":"2023-06-16T09:48:10+00:00","og_image":[{"width":750,"height":422,"url":"https:\/\/franciscanos.org.br\/noticias\/wp-content\/uploads\/2023\/06\/alta_16.jpeg","type":"image\/jpeg"}],"author":"moacir","twitter_card":"summary_large_image","twitter_misc":{"Escrito por":"moacir","Est. tempo de leitura":"3 minutos"},"schema":{"@context":"https:\/\/schema.org","@graph":[{"@type":"WebSite","@id":"https:\/\/franciscanos.org.br\/noticias\/#website","url":"https:\/\/franciscanos.org.br\/noticias\/","name":"Not\u00edcias - Franciscanos","description":"Prov\u00edncia Franciscana da Imaculada Concei\u00e7\u00e3o do Brasil - Ordem dos Frades Menores - OFM","potentialAction":[{"@type":"SearchAction","target":{"@type":"EntryPoint","urlTemplate":"https:\/\/franciscanos.org.br\/noticias\/?s={search_term_string}"},"query-input":"required name=search_term_string"}],"inLanguage":"pt-BR"},{"@type":"ImageObject","inLanguage":"pt-BR","@id":"https:\/\/franciscanos.org.br\/noticias\/papa-recebe-alta-do-hospital-gemelli.html#primaryimage","url":"https:\/\/franciscanos.org.br\/noticias\/wp-content\/uploads\/2023\/06\/alta_16.jpeg","contentUrl":"https:\/\/franciscanos.org.br\/noticias\/wp-content\/uploads\/2023\/06\/alta_16.jpeg","width":750,"height":422},{"@type":"WebPage","@id":"https:\/\/franciscanos.org.br\/noticias\/papa-recebe-alta-do-hospital-gemelli.html#webpage","url":"https:\/\/franciscanos.org.br\/noticias\/papa-recebe-alta-do-hospital-gemelli.html","name":"Papa recebe alta do Hospital Gemelli - Not\u00edcias - Franciscanos","isPartOf":{"@id":"https:\/\/franciscanos.org.br\/noticias\/#website"},"primaryImageOfPage":{"@id":"https:\/\/franciscanos.org.br\/noticias\/papa-recebe-alta-do-hospital-gemelli.html#primaryimage"},"datePublished":"2023-06-16T09:48:10+00:00","dateModified":"2023-06-16T09:48:10+00:00","author":{"@id":"https:\/\/franciscanos.org.br\/noticias\/#\/schema\/person\/b5c8cba458c330ccff548b056e95a5d4"},"breadcrumb":{"@id":"https:\/\/franciscanos.org.br\/noticias\/papa-recebe-alta-do-hospital-gemelli.html#breadcrumb"},"inLanguage":"pt-BR","potentialAction":[{"@type":"ReadAction","target":["https:\/\/franciscanos.org.br\/noticias\/papa-recebe-alta-do-hospital-gemelli.html"]}]},{"@type":"BreadcrumbList","@id":"https:\/\/franciscanos.org.br\/noticias\/papa-recebe-alta-do-hospital-gemelli.html#breadcrumb","itemListElement":[{"@type":"ListItem","position":1,"name":"Home","item":"https:\/\/franciscanos.org.br\/noticias"},{"@type":"ListItem","position":2,"name":"Papa recebe alta do Hospital Gemelli"}]},{"@type":"Person","@id":"https:\/\/franciscanos.org.br\/noticias\/#\/schema\/person\/b5c8cba458c330ccff548b056e95a5d4","name":"moacir","image":{"@type":"ImageObject","inLanguage":"pt-BR","@id":"https:\/\/franciscanos.org.br\/noticias\/#\/schema\/person\/image\/","url":"https:\/\/secure.gravatar.com\/avatar\/d08aa2ce4c8dd416d4479aa8536fcf64?s=96&d=mm&r=g","contentUrl":"https:\/\/secure.gravatar.com\/avatar\/d08aa2ce4c8dd416d4479aa8536fcf64?s=96&d=mm&r=g","caption":"moacir"},"url":"https:\/\/franciscanos.org.br\/noticias\/author\/moacir"}]}},"_links":{"self":[{"href":"https:\/\/franciscanos.org.br\/noticias\/wp-json\/wp\/v2\/posts\/243730"}],"collection":[{"href":"https:\/\/franciscanos.org.br\/noticias\/wp-json\/wp\/v2\/posts"}],"about":[{"href":"https:\/\/franciscanos.org.br\/noticias\/wp-json\/wp\/v2\/types\/post"}],"author":[{"embeddable":true,"href":"https:\/\/franciscanos.org.br\/noticias\/wp-json\/wp\/v2\/users\/3"}],"replies":[{"embeddable":true,"href":"https:\/\/franciscanos.org.br\/noticias\/wp-json\/wp\/v2\/comments?post=243730"}],"version-history":[{"count":1,"href":"https:\/\/franciscanos.org.br\/noticias\/wp-json\/wp\/v2\/posts\/243730\/revisions"}],"predecessor-version":[{"id":243732,"href":"https:\/\/franciscanos.org.br\/noticias\/wp-json\/wp\/v2\/posts\/243730\/revisions\/243732"}],"wp:featuredmedia":[{"embeddable":true,"href":"https:\/\/franciscanos.org.br\/noticias\/wp-json\/wp\/v2\/media\/243731"}],"wp:attachment":[{"href":"https:\/\/franciscanos.org.br\/noticias\/wp-json\/wp\/v2\/media?parent=243730"}],"wp:term":[{"taxonomy":"category","embeddable":true,"href":"https:\/\/franciscanos.org.br\/noticias\/wp-json\/wp\/v2\/categories?post=243730"},{"taxonomy":"post_tag","embeddable":true,"href":"https:\/\/franciscanos.org.br\/noticias\/wp-json\/wp\/v2\/tags?post=243730"}],"curies":[{"name":"wp","href":"https:\/\/api.w.org\/{rel}","templated":true}]}}