{"id":243724,"date":"2023-06-15T11:13:41","date_gmt":"2023-06-15T14:13:41","guid":{"rendered":"https:\/\/franciscanos.org.br\/noticias\/?p=243724"},"modified":"2023-06-15T11:13:41","modified_gmt":"2023-06-15T14:13:41","slug":"fe-e-devocao-a-santo-antonio-na-paroquia-do-sagrado","status":"publish","type":"post","link":"https:\/\/franciscanos.org.br\/noticias\/fe-e-devocao-a-santo-antonio-na-paroquia-do-sagrado.html","title":{"rendered":"F\u00e9 e devo\u00e7\u00e3o a Santo Ant\u00f4nio na Par\u00f3quia do Sagrado"},"content":{"rendered":"<p><img loading=\"lazy\" class=\"alignnone size-full wp-image-243725\" src=\"https:\/\/franciscanos.org.br\/noticias\/wp-content\/uploads\/2023\/06\/petropolis_01.jpg\" alt=\"\" width=\"1280\" height=\"720\" srcset=\"https:\/\/franciscanos.org.br\/noticias\/wp-content\/uploads\/2023\/06\/petropolis_01.jpg 1280w, https:\/\/franciscanos.org.br\/noticias\/wp-content\/uploads\/2023\/06\/petropolis_01-450x253.jpg 450w, https:\/\/franciscanos.org.br\/noticias\/wp-content\/uploads\/2023\/06\/petropolis_01-1024x576.jpg 1024w, https:\/\/franciscanos.org.br\/noticias\/wp-content\/uploads\/2023\/06\/petropolis_01-768x432.jpg 768w, https:\/\/franciscanos.org.br\/noticias\/wp-content\/uploads\/2023\/06\/petropolis_01-150x84.jpg 150w\" sizes=\"(max-width: 1280px) 100vw, 1280px\" \/><\/p>\n<p>&#8220;Santo bom que a ningu\u00e9m deixa s\u00f3\u201d, diz a letra da m\u00fasica composta por Frei Walter Hugo de Almeida OFM, e o pudemos constatar mais uma vez em nossa fraternidade. Ao longo da festa de Santo Ant\u00f4nio, centenas de pessoas vieram ao encontro de sua imagem manifestar a sua f\u00e9 e devo\u00e7\u00e3o.<\/p>\n<p>Durante todo a ter\u00e7a-feira, 13 de junho, os frades da fraternidade do Sagrado Cora\u00e7\u00e3o de Jesus atendiam in\u00fameros fi\u00e9is que acorriam aos p\u00e9s da imagem do querido santo para agradecer as gra\u00e7as alcan\u00e7adas por sua intercess\u00e3o, bem como realizar novos pedidos. A cada meia hora, um novo grupo se formava, e reflex\u00f5es e ora\u00e7\u00f5es eram feitas motivado os devotos. Ao findar de cada momento, n\u00e3o s\u00f3 a f\u00e9 na intercess\u00e3o do santo era renovada, como as m\u00e3os sa\u00edam cheias de p\u00e3ezinhos a fim de distribuir as b\u00ean\u00e7\u00e3os recebidas entre outras pessoas e seus lares.<\/p>\n<p><img loading=\"lazy\" class=\"alignnone size-full wp-image-243726\" src=\"https:\/\/franciscanos.org.br\/noticias\/wp-content\/uploads\/2023\/06\/petropolis_04.jpg\" alt=\"\" width=\"1280\" height=\"960\" srcset=\"https:\/\/franciscanos.org.br\/noticias\/wp-content\/uploads\/2023\/06\/petropolis_04.jpg 1280w, https:\/\/franciscanos.org.br\/noticias\/wp-content\/uploads\/2023\/06\/petropolis_04-450x338.jpg 450w, https:\/\/franciscanos.org.br\/noticias\/wp-content\/uploads\/2023\/06\/petropolis_04-1024x768.jpg 1024w, https:\/\/franciscanos.org.br\/noticias\/wp-content\/uploads\/2023\/06\/petropolis_04-768x576.jpg 768w, https:\/\/franciscanos.org.br\/noticias\/wp-content\/uploads\/2023\/06\/petropolis_04-150x113.jpg 150w, https:\/\/franciscanos.org.br\/noticias\/wp-content\/uploads\/2023\/06\/petropolis_04-600x450.jpg 600w\" sizes=\"(max-width: 1280px) 100vw, 1280px\" \/><\/p>\n<p>Se dentro da igreja, fi\u00e9is buscavam o p\u00e3o bento, do outro lado da rua, no sal\u00e3o do antigo Col\u00e9gio dos Canarinhos, dezenas de pessoas buscavam o p\u00e3o do dia.<\/p>\n<p>Durante a manh\u00e3, o grupo do P\u00e3o de Santo Ant\u00f4nio que semanalmente distribui o p\u00e3o em sinal de caridade, nesta n\u00e3o foi diferente. Ali\u00e1s, foi diferente. Celebrando Santo Ant\u00f4nio, as pessoas assistidas pelo grupo, alegraram-se em uma confraterniza\u00e7\u00e3o pela festividade do dia, e o p\u00e3o buscado todas \u00e0s ter\u00e7as teve um gosto diferente, de cachorro-quente, bolo e refrigerante dessa vez.<\/p>\n<p>Era ainda o meio da tarde quando o bolo de Santo Ant\u00f4nio veio a acabar. A venda que teve in\u00edcio junto \u00e0 primeira missa do dia, encerrou-se pouco depois das tr\u00eas da tarde.<\/p>\n<p><img loading=\"lazy\" class=\"alignnone size-full wp-image-243727\" src=\"https:\/\/franciscanos.org.br\/noticias\/wp-content\/uploads\/2023\/06\/petropolis_02.jpg\" alt=\"\" width=\"1280\" height=\"853\" srcset=\"https:\/\/franciscanos.org.br\/noticias\/wp-content\/uploads\/2023\/06\/petropolis_02.jpg 1280w, https:\/\/franciscanos.org.br\/noticias\/wp-content\/uploads\/2023\/06\/petropolis_02-450x300.jpg 450w, https:\/\/franciscanos.org.br\/noticias\/wp-content\/uploads\/2023\/06\/petropolis_02-1024x682.jpg 1024w, https:\/\/franciscanos.org.br\/noticias\/wp-content\/uploads\/2023\/06\/petropolis_02-768x512.jpg 768w, https:\/\/franciscanos.org.br\/noticias\/wp-content\/uploads\/2023\/06\/petropolis_02-150x100.jpg 150w\" sizes=\"(max-width: 1280px) 100vw, 1280px\" \/><\/p>\n<p>Duas missas foram celebradas no per\u00edodo da manh\u00e3, e uma \u00e0 tarde. J\u00e1 \u00e0s dezoito horas, houve grande participa\u00e7\u00e3o dos fi\u00e9is que lotaram a Igreja do Sagrado. Presidida pelo p\u00e1roco Frei Jorge Paulo Schiavini OFM, e com participa\u00e7\u00e3o do Coral dos Frades, esta \u00faltima celebra\u00e7\u00e3o do dia foi solenemente festejada por toda a comunidade presente.<\/p>\n<p>Durante a homilia ao rememorar elementos da vida de Santo Ant\u00f4nio, o presidente da celebra\u00e7\u00e3o fez fortes acenos \u00e0 virtude da humildade, o santo que mesmo versado nas escrituras e bastante conhecedor da sagrada teologia, ao ingressar na Ordem dos Frades Menores entregasse aos trabalhos mais humildes, no cuidado com a casa, no servi\u00e7o da cozinha. E mesmo quando se punha a pregar, embora sendo conhecido na hist\u00f3ria como \u201co martelo dos hereges\u201d, nunca usou de viol\u00eancia ao dirigir a palavra a ningu\u00e9m. E mesmo quando o povo n\u00e3o o ouviu, pregou ent\u00e3o aos peixes.<\/p>\n<p><img loading=\"lazy\" class=\"alignnone size-full wp-image-243728\" src=\"https:\/\/franciscanos.org.br\/noticias\/wp-content\/uploads\/2023\/06\/petropolis_03.jpg\" alt=\"\" width=\"1280\" height=\"960\" srcset=\"https:\/\/franciscanos.org.br\/noticias\/wp-content\/uploads\/2023\/06\/petropolis_03.jpg 1280w, https:\/\/franciscanos.org.br\/noticias\/wp-content\/uploads\/2023\/06\/petropolis_03-450x338.jpg 450w, https:\/\/franciscanos.org.br\/noticias\/wp-content\/uploads\/2023\/06\/petropolis_03-1024x768.jpg 1024w, https:\/\/franciscanos.org.br\/noticias\/wp-content\/uploads\/2023\/06\/petropolis_03-768x576.jpg 768w, https:\/\/franciscanos.org.br\/noticias\/wp-content\/uploads\/2023\/06\/petropolis_03-150x113.jpg 150w, https:\/\/franciscanos.org.br\/noticias\/wp-content\/uploads\/2023\/06\/petropolis_03-600x450.jpg 600w\" sizes=\"(max-width: 1280px) 100vw, 1280px\" \/><\/p>\n<p>Ao final da celebra\u00e7\u00e3o antes da b\u00ean\u00e7\u00e3o da tradicional b\u00ean\u00e7\u00e3o de Santo Ant\u00f4nio, houve ainda a recorda\u00e7\u00e3o do primeiro dia do tr\u00edduo do Sagrado Cora\u00e7\u00e3o de Jesus, e por fim a b\u00ean\u00e7\u00e3o propriamente dita.<\/p>\n<p>Neste ano, a festa de Santo Ant\u00f4nio teve in\u00edcio no dia 31 de maio, com o primeiro dia da trezena. Aqueles que estiveram presentes, nas celebra\u00e7\u00f5es das seis da tarde, percorreram um bonito caminho refletindo as virtudes e os fatos vividos pelo santo em sua caminhada de f\u00e9.<\/p>\n<hr \/>\n<p><em>Frei Bruno Gon\u00e7alves Cez\u00e1rio<\/em><\/p>\n","protected":false},"excerpt":{"rendered":"<p>Dia de Santo Ant\u00f4nio em Petr\u00f3polis<\/p>\n","protected":false},"author":3,"featured_media":243725,"comment_status":"open","ping_status":"open","sticky":false,"template":"","format":"standard","meta":[],"categories":[1],"tags":[1766],"acf":[],"yoast_head":"<!-- This site is optimized with the Yoast SEO plugin v19.2 - https:\/\/yoast.com\/wordpress\/plugins\/seo\/ -->\n<title>F\u00e9 e devo\u00e7\u00e3o a Santo Ant\u00f4nio na Par\u00f3quia do Sagrado - Not\u00edcias - Franciscanos<\/title>\n<meta name=\"robots\" content=\"index, follow, max-snippet:-1, max-image-preview:large, max-video-preview:-1\" \/>\n<link rel=\"canonical\" href=\"https:\/\/franciscanos.org.br\/noticias\/fe-e-devocao-a-santo-antonio-na-paroquia-do-sagrado.html\" \/>\n<meta property=\"og:locale\" content=\"pt_BR\" \/>\n<meta property=\"og:type\" content=\"article\" \/>\n<meta property=\"og:title\" content=\"F\u00e9 e devo\u00e7\u00e3o a Santo Ant\u00f4nio na Par\u00f3quia do Sagrado - Not\u00edcias - Franciscanos\" \/>\n<meta property=\"og:description\" content=\"Dia de Santo Ant\u00f4nio em Petr\u00f3polis\" \/>\n<meta property=\"og:url\" content=\"https:\/\/franciscanos.org.br\/noticias\/fe-e-devocao-a-santo-antonio-na-paroquia-do-sagrado.html\" \/>\n<meta property=\"og:site_name\" content=\"Not\u00edcias - Franciscanos\" \/>\n<meta property=\"article:published_time\" content=\"2023-06-15T14:13:41+00:00\" \/>\n<meta property=\"og:image\" content=\"https:\/\/franciscanos.org.br\/noticias\/wp-content\/uploads\/2023\/06\/petropolis_01.jpg\" \/>\n\t<meta property=\"og:image:width\" content=\"1280\" \/>\n\t<meta property=\"og:image:height\" content=\"720\" \/>\n\t<meta property=\"og:image:type\" content=\"image\/jpeg\" \/>\n<meta name=\"author\" content=\"moacir\" \/>\n<meta name=\"twitter:card\" content=\"summary_large_image\" \/>\n<meta name=\"twitter:label1\" content=\"Escrito por\" \/>\n\t<meta name=\"twitter:data1\" content=\"moacir\" \/>\n\t<meta name=\"twitter:label2\" content=\"Est. tempo de leitura\" \/>\n\t<meta name=\"twitter:data2\" content=\"3 minutos\" \/>\n<script type=\"application\/ld+json\" class=\"yoast-schema-graph\">{\"@context\":\"https:\/\/schema.org\",\"@graph\":[{\"@type\":\"WebSite\",\"@id\":\"https:\/\/franciscanos.org.br\/noticias\/#website\",\"url\":\"https:\/\/franciscanos.org.br\/noticias\/\",\"name\":\"Not\u00edcias - Franciscanos\",\"description\":\"Prov\u00edncia Franciscana da Imaculada Concei\u00e7\u00e3o do Brasil - Ordem dos Frades Menores - OFM\",\"potentialAction\":[{\"@type\":\"SearchAction\",\"target\":{\"@type\":\"EntryPoint\",\"urlTemplate\":\"https:\/\/franciscanos.org.br\/noticias\/?s={search_term_string}\"},\"query-input\":\"required name=search_term_string\"}],\"inLanguage\":\"pt-BR\"},{\"@type\":\"ImageObject\",\"inLanguage\":\"pt-BR\",\"@id\":\"https:\/\/franciscanos.org.br\/noticias\/fe-e-devocao-a-santo-antonio-na-paroquia-do-sagrado.html#primaryimage\",\"url\":\"https:\/\/franciscanos.org.br\/noticias\/wp-content\/uploads\/2023\/06\/petropolis_01.jpg\",\"contentUrl\":\"https:\/\/franciscanos.org.br\/noticias\/wp-content\/uploads\/2023\/06\/petropolis_01.jpg\",\"width\":1280,\"height\":720},{\"@type\":\"WebPage\",\"@id\":\"https:\/\/franciscanos.org.br\/noticias\/fe-e-devocao-a-santo-antonio-na-paroquia-do-sagrado.html#webpage\",\"url\":\"https:\/\/franciscanos.org.br\/noticias\/fe-e-devocao-a-santo-antonio-na-paroquia-do-sagrado.html\",\"name\":\"F\u00e9 e devo\u00e7\u00e3o a Santo Ant\u00f4nio na Par\u00f3quia do Sagrado - Not\u00edcias - Franciscanos\",\"isPartOf\":{\"@id\":\"https:\/\/franciscanos.org.br\/noticias\/#website\"},\"primaryImageOfPage\":{\"@id\":\"https:\/\/franciscanos.org.br\/noticias\/fe-e-devocao-a-santo-antonio-na-paroquia-do-sagrado.html#primaryimage\"},\"datePublished\":\"2023-06-15T14:13:41+00:00\",\"dateModified\":\"2023-06-15T14:13:41+00:00\",\"author\":{\"@id\":\"https:\/\/franciscanos.org.br\/noticias\/#\/schema\/person\/b5c8cba458c330ccff548b056e95a5d4\"},\"breadcrumb\":{\"@id\":\"https:\/\/franciscanos.org.br\/noticias\/fe-e-devocao-a-santo-antonio-na-paroquia-do-sagrado.html#breadcrumb\"},\"inLanguage\":\"pt-BR\",\"potentialAction\":[{\"@type\":\"ReadAction\",\"target\":[\"https:\/\/franciscanos.org.br\/noticias\/fe-e-devocao-a-santo-antonio-na-paroquia-do-sagrado.html\"]}]},{\"@type\":\"BreadcrumbList\",\"@id\":\"https:\/\/franciscanos.org.br\/noticias\/fe-e-devocao-a-santo-antonio-na-paroquia-do-sagrado.html#breadcrumb\",\"itemListElement\":[{\"@type\":\"ListItem\",\"position\":1,\"name\":\"Home\",\"item\":\"https:\/\/franciscanos.org.br\/noticias\"},{\"@type\":\"ListItem\",\"position\":2,\"name\":\"F\u00e9 e devo\u00e7\u00e3o a Santo Ant\u00f4nio na Par\u00f3quia do Sagrado\"}]},{\"@type\":\"Person\",\"@id\":\"https:\/\/franciscanos.org.br\/noticias\/#\/schema\/person\/b5c8cba458c330ccff548b056e95a5d4\",\"name\":\"moacir\",\"image\":{\"@type\":\"ImageObject\",\"inLanguage\":\"pt-BR\",\"@id\":\"https:\/\/franciscanos.org.br\/noticias\/#\/schema\/person\/image\/\",\"url\":\"https:\/\/secure.gravatar.com\/avatar\/d08aa2ce4c8dd416d4479aa8536fcf64?s=96&d=mm&r=g\",\"contentUrl\":\"https:\/\/secure.gravatar.com\/avatar\/d08aa2ce4c8dd416d4479aa8536fcf64?s=96&d=mm&r=g\",\"caption\":\"moacir\"},\"url\":\"https:\/\/franciscanos.org.br\/noticias\/author\/moacir\"}]}<\/script>\n<!-- \/ Yoast SEO plugin. -->","yoast_head_json":{"title":"F\u00e9 e devo\u00e7\u00e3o a Santo Ant\u00f4nio na Par\u00f3quia do Sagrado - Not\u00edcias - Franciscanos","robots":{"index":"index","follow":"follow","max-snippet":"max-snippet:-1","max-image-preview":"max-image-preview:large","max-video-preview":"max-video-preview:-1"},"canonical":"https:\/\/franciscanos.org.br\/noticias\/fe-e-devocao-a-santo-antonio-na-paroquia-do-sagrado.html","og_locale":"pt_BR","og_type":"article","og_title":"F\u00e9 e devo\u00e7\u00e3o a Santo Ant\u00f4nio na Par\u00f3quia do Sagrado - Not\u00edcias - Franciscanos","og_description":"Dia de Santo Ant\u00f4nio em Petr\u00f3polis","og_url":"https:\/\/franciscanos.org.br\/noticias\/fe-e-devocao-a-santo-antonio-na-paroquia-do-sagrado.html","og_site_name":"Not\u00edcias - Franciscanos","article_published_time":"2023-06-15T14:13:41+00:00","og_image":[{"width":1280,"height":720,"url":"https:\/\/franciscanos.org.br\/noticias\/wp-content\/uploads\/2023\/06\/petropolis_01.jpg","type":"image\/jpeg"}],"author":"moacir","twitter_card":"summary_large_image","twitter_misc":{"Escrito por":"moacir","Est. tempo de leitura":"3 minutos"},"schema":{"@context":"https:\/\/schema.org","@graph":[{"@type":"WebSite","@id":"https:\/\/franciscanos.org.br\/noticias\/#website","url":"https:\/\/franciscanos.org.br\/noticias\/","name":"Not\u00edcias - Franciscanos","description":"Prov\u00edncia Franciscana da Imaculada Concei\u00e7\u00e3o do Brasil - Ordem dos Frades Menores - OFM","potentialAction":[{"@type":"SearchAction","target":{"@type":"EntryPoint","urlTemplate":"https:\/\/franciscanos.org.br\/noticias\/?s={search_term_string}"},"query-input":"required name=search_term_string"}],"inLanguage":"pt-BR"},{"@type":"ImageObject","inLanguage":"pt-BR","@id":"https:\/\/franciscanos.org.br\/noticias\/fe-e-devocao-a-santo-antonio-na-paroquia-do-sagrado.html#primaryimage","url":"https:\/\/franciscanos.org.br\/noticias\/wp-content\/uploads\/2023\/06\/petropolis_01.jpg","contentUrl":"https:\/\/franciscanos.org.br\/noticias\/wp-content\/uploads\/2023\/06\/petropolis_01.jpg","width":1280,"height":720},{"@type":"WebPage","@id":"https:\/\/franciscanos.org.br\/noticias\/fe-e-devocao-a-santo-antonio-na-paroquia-do-sagrado.html#webpage","url":"https:\/\/franciscanos.org.br\/noticias\/fe-e-devocao-a-santo-antonio-na-paroquia-do-sagrado.html","name":"F\u00e9 e devo\u00e7\u00e3o a Santo Ant\u00f4nio na Par\u00f3quia do Sagrado - Not\u00edcias - Franciscanos","isPartOf":{"@id":"https:\/\/franciscanos.org.br\/noticias\/#website"},"primaryImageOfPage":{"@id":"https:\/\/franciscanos.org.br\/noticias\/fe-e-devocao-a-santo-antonio-na-paroquia-do-sagrado.html#primaryimage"},"datePublished":"2023-06-15T14:13:41+00:00","dateModified":"2023-06-15T14:13:41+00:00","author":{"@id":"https:\/\/franciscanos.org.br\/noticias\/#\/schema\/person\/b5c8cba458c330ccff548b056e95a5d4"},"breadcrumb":{"@id":"https:\/\/franciscanos.org.br\/noticias\/fe-e-devocao-a-santo-antonio-na-paroquia-do-sagrado.html#breadcrumb"},"inLanguage":"pt-BR","potentialAction":[{"@type":"ReadAction","target":["https:\/\/franciscanos.org.br\/noticias\/fe-e-devocao-a-santo-antonio-na-paroquia-do-sagrado.html"]}]},{"@type":"BreadcrumbList","@id":"https:\/\/franciscanos.org.br\/noticias\/fe-e-devocao-a-santo-antonio-na-paroquia-do-sagrado.html#breadcrumb","itemListElement":[{"@type":"ListItem","position":1,"name":"Home","item":"https:\/\/franciscanos.org.br\/noticias"},{"@type":"ListItem","position":2,"name":"F\u00e9 e devo\u00e7\u00e3o a Santo Ant\u00f4nio na Par\u00f3quia do Sagrado"}]},{"@type":"Person","@id":"https:\/\/franciscanos.org.br\/noticias\/#\/schema\/person\/b5c8cba458c330ccff548b056e95a5d4","name":"moacir","image":{"@type":"ImageObject","inLanguage":"pt-BR","@id":"https:\/\/franciscanos.org.br\/noticias\/#\/schema\/person\/image\/","url":"https:\/\/secure.gravatar.com\/avatar\/d08aa2ce4c8dd416d4479aa8536fcf64?s=96&d=mm&r=g","contentUrl":"https:\/\/secure.gravatar.com\/avatar\/d08aa2ce4c8dd416d4479aa8536fcf64?s=96&d=mm&r=g","caption":"moacir"},"url":"https:\/\/franciscanos.org.br\/noticias\/author\/moacir"}]}},"_links":{"self":[{"href":"https:\/\/franciscanos.org.br\/noticias\/wp-json\/wp\/v2\/posts\/243724"}],"collection":[{"href":"https:\/\/franciscanos.org.br\/noticias\/wp-json\/wp\/v2\/posts"}],"about":[{"href":"https:\/\/franciscanos.org.br\/noticias\/wp-json\/wp\/v2\/types\/post"}],"author":[{"embeddable":true,"href":"https:\/\/franciscanos.org.br\/noticias\/wp-json\/wp\/v2\/users\/3"}],"replies":[{"embeddable":true,"href":"https:\/\/franciscanos.org.br\/noticias\/wp-json\/wp\/v2\/comments?post=243724"}],"version-history":[{"count":1,"href":"https:\/\/franciscanos.org.br\/noticias\/wp-json\/wp\/v2\/posts\/243724\/revisions"}],"predecessor-version":[{"id":243729,"href":"https:\/\/franciscanos.org.br\/noticias\/wp-json\/wp\/v2\/posts\/243724\/revisions\/243729"}],"wp:featuredmedia":[{"embeddable":true,"href":"https:\/\/franciscanos.org.br\/noticias\/wp-json\/wp\/v2\/media\/243725"}],"wp:attachment":[{"href":"https:\/\/franciscanos.org.br\/noticias\/wp-json\/wp\/v2\/media?parent=243724"}],"wp:term":[{"taxonomy":"category","embeddable":true,"href":"https:\/\/franciscanos.org.br\/noticias\/wp-json\/wp\/v2\/categories?post=243724"},{"taxonomy":"post_tag","embeddable":true,"href":"https:\/\/franciscanos.org.br\/noticias\/wp-json\/wp\/v2\/tags?post=243724"}],"curies":[{"name":"wp","href":"https:\/\/api.w.org\/{rel}","templated":true}]}}