{"id":243701,"date":"2023-06-10T17:24:16","date_gmt":"2023-06-10T20:24:16","guid":{"rendered":"https:\/\/franciscanos.org.br\/noticias\/?p=243701"},"modified":"2023-06-10T17:24:16","modified_gmt":"2023-06-10T20:24:16","slug":"conheca-vo-jandira-da-festa-de-santo-antonio-da-paroquia-bom-jesus-dos-perdoes","status":"publish","type":"post","link":"https:\/\/franciscanos.org.br\/noticias\/conheca-vo-jandira-da-festa-de-santo-antonio-da-paroquia-bom-jesus-dos-perdoes.html","title":{"rendered":"Conhe\u00e7a \u201cV\u00f3 Jandira\u201d da Festa de Santo Ant\u00f4nio da Par\u00f3quia Bom Jesus dos Perd\u00f5es"},"content":{"rendered":"<p><img loading=\"lazy\" class=\"alignnone size-full wp-image-243702\" src=\"https:\/\/franciscanos.org.br\/noticias\/wp-content\/uploads\/2023\/06\/bomjesus_03.jpg\" alt=\"\" width=\"1280\" height=\"720\" srcset=\"https:\/\/franciscanos.org.br\/noticias\/wp-content\/uploads\/2023\/06\/bomjesus_03.jpg 1280w, https:\/\/franciscanos.org.br\/noticias\/wp-content\/uploads\/2023\/06\/bomjesus_03-450x253.jpg 450w, https:\/\/franciscanos.org.br\/noticias\/wp-content\/uploads\/2023\/06\/bomjesus_03-1024x576.jpg 1024w, https:\/\/franciscanos.org.br\/noticias\/wp-content\/uploads\/2023\/06\/bomjesus_03-768x432.jpg 768w, https:\/\/franciscanos.org.br\/noticias\/wp-content\/uploads\/2023\/06\/bomjesus_03-150x84.jpg 150w\" sizes=\"(max-width: 1280px) 100vw, 1280px\" \/><\/p>\n<p>A Festa de Santo Ant\u00f4nio da Par\u00f3quia Bom Jesus dos Perd\u00f5es em Curitiba (PR), se faz a muitas m\u00e3os, s\u00e3o mais de 120 volunt\u00e1rios que trabalham na organiza\u00e7\u00e3o do espa\u00e7o, no atendimento ao povo e nos bastidores do evento. Entre esses volunt\u00e1rios est\u00e1 Jandira Maria Tozone, 74, que se destaca pelos seus 30 anos de dedica\u00e7\u00e3o a in\u00fameros servi\u00e7os sociais na capital paranaense.<\/p>\n<p>\u201cV\u00f3 Jandira\u201d, como \u00e9 carinhosamente conhecida, atua com a popula\u00e7\u00e3o em situa\u00e7\u00e3o de rua desde quando ainda trabalhava como enfermeira. Ela conta que, em in\u00fameros plant\u00f5es, deixou de comer o lanche que lhe era oferecido para ter o que ofertar aos mais vulner\u00e1veis que dormiam nas portas do hospital. Com jeito maternal e sorriso f\u00e1cil, ela chama a todos de \u201cnenenzinho\u201d: \u201cPara eu estar junto com eles \u00e9 uma b\u00ean\u00e7\u00e3o de Deus, poder sentar e escutar eles, \u00e0s vezes at\u00e9 dar um pux\u00e3o de orelhas. Voc\u00ea n\u00e3o sabe a alegria que isso me d\u00e1, e eu n\u00e3o me vejo sem fazer esse trabalho\u201d.<\/p>\n<p><img loading=\"lazy\" class=\"alignnone wp-image-243703 size-full\" src=\"https:\/\/franciscanos.org.br\/noticias\/wp-content\/uploads\/2023\/06\/bomjesus_05.jpg\" alt=\"\" width=\"1280\" height=\"853\" srcset=\"https:\/\/franciscanos.org.br\/noticias\/wp-content\/uploads\/2023\/06\/bomjesus_05.jpg 1280w, https:\/\/franciscanos.org.br\/noticias\/wp-content\/uploads\/2023\/06\/bomjesus_05-450x300.jpg 450w, https:\/\/franciscanos.org.br\/noticias\/wp-content\/uploads\/2023\/06\/bomjesus_05-1024x682.jpg 1024w, https:\/\/franciscanos.org.br\/noticias\/wp-content\/uploads\/2023\/06\/bomjesus_05-768x512.jpg 768w, https:\/\/franciscanos.org.br\/noticias\/wp-content\/uploads\/2023\/06\/bomjesus_05-150x100.jpg 150w\" sizes=\"(max-width: 1280px) 100vw, 1280px\" \/><\/p>\n<p>Al\u00e9m disso, V\u00f3 Jandira ressalta que o trabalho volunt\u00e1rio abre os horizontes: \u201cO voluntariado ajuda mais a gente do que ajudamos os outros, coloca nossa vida, nossas limita\u00e7\u00f5es em perspectiva, somos capazes de fazer muito mais do que acreditamos\u201d. S\u00e3o muitos os testemunhos que ela traz consigo das palestras e a\u00e7\u00f5es realizadas em parceria com as escolas. \u201cMuitos pais v\u00eam conversar comigo, nunca imaginaram ver os filhos conversando, brincando com as pessoas em situa\u00e7\u00e3o de rua, \u00e0s vezes em casa os jovens s\u00e3o bem mais calados\u201d.<\/p>\n<p>Sua disposi\u00e7\u00e3o, aos 74 anos, \u00e9 percept\u00edvel pelas mais de cinco projetos que ela\u00a0 ajuda a tocar, entre eles: A Pastoral do Povo de Rua, Aquecendo Cora\u00e7\u00e3o, Ame do Bem, M\u00e3os Invis\u00edveis, Projeto Luz e o Mesa Fraterna, projeto este que \u00e9 realizado em parceria com a Par\u00f3quia. Ajudar na festa de Santo Ant\u00f4nio para ela \u00e9 express\u00e3o de amor, carinho e cuidado: \u201cA gente tamb\u00e9m recebe muitas b\u00ean\u00e7\u00e3os de Santo Ant\u00f4nio estando aqui, \u00e9 muito bom poder ajudar\u201d.<\/p>\n<p><img loading=\"lazy\" class=\"alignnone size-full wp-image-243704\" src=\"https:\/\/franciscanos.org.br\/noticias\/wp-content\/uploads\/2023\/06\/bomjesus_04.jpg\" alt=\"\" width=\"1280\" height=\"853\" srcset=\"https:\/\/franciscanos.org.br\/noticias\/wp-content\/uploads\/2023\/06\/bomjesus_04.jpg 1280w, https:\/\/franciscanos.org.br\/noticias\/wp-content\/uploads\/2023\/06\/bomjesus_04-450x300.jpg 450w, https:\/\/franciscanos.org.br\/noticias\/wp-content\/uploads\/2023\/06\/bomjesus_04-1024x682.jpg 1024w, https:\/\/franciscanos.org.br\/noticias\/wp-content\/uploads\/2023\/06\/bomjesus_04-768x512.jpg 768w, https:\/\/franciscanos.org.br\/noticias\/wp-content\/uploads\/2023\/06\/bomjesus_04-150x100.jpg 150w\" sizes=\"(max-width: 1280px) 100vw, 1280px\" \/><\/p>\n<p>Na reflex\u00e3o do d\u00e9cimo dia da trezena, 9 de junho, Frei Claudino Gilz, frade respons\u00e1vel pelos projetos sociais da FAE,\u00a0 reafirmou essa dimens\u00e3o da solidariedade como express\u00e3o da nossa f\u00e9 em Jesus Cristo, atrav\u00e9s do exemplo do santo franciscano. \u201cPrecisamos buscar o testemunho de Santo Ant\u00f4nio e sermos tamb\u00e9m n\u00f3s testemunhas de fraternidade e solidariedade. Pelo olhar, pelas palavras, pelo sorriso e pelos gestos\u201d. E concluiu pedindo: \u201cQue o bom Deus coloque em nossos cora\u00e7\u00f5es as mesmas virtudes que fizeram de Santo Ant\u00f4nio um santo fraterno e solid\u00e1rio!\u201d.<\/p>\n<hr \/>\n<p><em>Frei Gilberto Silveira da Costa Junior<\/em><\/p>\n","protected":false},"excerpt":{"rendered":"<p>Par\u00f3quia Bom Jesus dos Perd\u00f5es de Curitiba<\/p>\n","protected":false},"author":3,"featured_media":243702,"comment_status":"open","ping_status":"open","sticky":false,"template":"","format":"standard","meta":[],"categories":[1],"tags":[389],"acf":[],"yoast_head":"<!-- This site is optimized with the Yoast SEO plugin v19.2 - https:\/\/yoast.com\/wordpress\/plugins\/seo\/ -->\n<title>Conhe\u00e7a \u201cV\u00f3 Jandira\u201d da Festa de Santo Ant\u00f4nio da Par\u00f3quia Bom Jesus dos Perd\u00f5es - Not\u00edcias - Franciscanos<\/title>\n<meta name=\"robots\" content=\"index, follow, max-snippet:-1, max-image-preview:large, max-video-preview:-1\" \/>\n<link rel=\"canonical\" href=\"https:\/\/franciscanos.org.br\/noticias\/conheca-vo-jandira-da-festa-de-santo-antonio-da-paroquia-bom-jesus-dos-perdoes.html\" \/>\n<meta property=\"og:locale\" content=\"pt_BR\" \/>\n<meta property=\"og:type\" content=\"article\" \/>\n<meta property=\"og:title\" content=\"Conhe\u00e7a \u201cV\u00f3 Jandira\u201d da Festa de Santo Ant\u00f4nio da Par\u00f3quia Bom Jesus dos Perd\u00f5es - Not\u00edcias - Franciscanos\" \/>\n<meta property=\"og:description\" content=\"Par\u00f3quia Bom Jesus dos Perd\u00f5es de Curitiba\" \/>\n<meta property=\"og:url\" content=\"https:\/\/franciscanos.org.br\/noticias\/conheca-vo-jandira-da-festa-de-santo-antonio-da-paroquia-bom-jesus-dos-perdoes.html\" \/>\n<meta property=\"og:site_name\" content=\"Not\u00edcias - Franciscanos\" \/>\n<meta property=\"article:published_time\" content=\"2023-06-10T20:24:16+00:00\" \/>\n<meta property=\"og:image\" content=\"https:\/\/franciscanos.org.br\/noticias\/wp-content\/uploads\/2023\/06\/bomjesus_03.jpg\" \/>\n\t<meta property=\"og:image:width\" content=\"1280\" \/>\n\t<meta property=\"og:image:height\" content=\"720\" \/>\n\t<meta property=\"og:image:type\" content=\"image\/jpeg\" \/>\n<meta name=\"author\" content=\"moacir\" \/>\n<meta name=\"twitter:card\" content=\"summary_large_image\" \/>\n<meta name=\"twitter:label1\" content=\"Escrito por\" \/>\n\t<meta name=\"twitter:data1\" content=\"moacir\" \/>\n\t<meta name=\"twitter:label2\" content=\"Est. tempo de leitura\" \/>\n\t<meta name=\"twitter:data2\" content=\"2 minutos\" \/>\n<script type=\"application\/ld+json\" class=\"yoast-schema-graph\">{\"@context\":\"https:\/\/schema.org\",\"@graph\":[{\"@type\":\"WebSite\",\"@id\":\"https:\/\/franciscanos.org.br\/noticias\/#website\",\"url\":\"https:\/\/franciscanos.org.br\/noticias\/\",\"name\":\"Not\u00edcias - Franciscanos\",\"description\":\"Prov\u00edncia Franciscana da Imaculada Concei\u00e7\u00e3o do Brasil - Ordem dos Frades Menores - OFM\",\"potentialAction\":[{\"@type\":\"SearchAction\",\"target\":{\"@type\":\"EntryPoint\",\"urlTemplate\":\"https:\/\/franciscanos.org.br\/noticias\/?s={search_term_string}\"},\"query-input\":\"required name=search_term_string\"}],\"inLanguage\":\"pt-BR\"},{\"@type\":\"ImageObject\",\"inLanguage\":\"pt-BR\",\"@id\":\"https:\/\/franciscanos.org.br\/noticias\/conheca-vo-jandira-da-festa-de-santo-antonio-da-paroquia-bom-jesus-dos-perdoes.html#primaryimage\",\"url\":\"https:\/\/franciscanos.org.br\/noticias\/wp-content\/uploads\/2023\/06\/bomjesus_03.jpg\",\"contentUrl\":\"https:\/\/franciscanos.org.br\/noticias\/wp-content\/uploads\/2023\/06\/bomjesus_03.jpg\",\"width\":1280,\"height\":720},{\"@type\":\"WebPage\",\"@id\":\"https:\/\/franciscanos.org.br\/noticias\/conheca-vo-jandira-da-festa-de-santo-antonio-da-paroquia-bom-jesus-dos-perdoes.html#webpage\",\"url\":\"https:\/\/franciscanos.org.br\/noticias\/conheca-vo-jandira-da-festa-de-santo-antonio-da-paroquia-bom-jesus-dos-perdoes.html\",\"name\":\"Conhe\u00e7a \u201cV\u00f3 Jandira\u201d da Festa de Santo Ant\u00f4nio da Par\u00f3quia Bom Jesus dos Perd\u00f5es - Not\u00edcias - Franciscanos\",\"isPartOf\":{\"@id\":\"https:\/\/franciscanos.org.br\/noticias\/#website\"},\"primaryImageOfPage\":{\"@id\":\"https:\/\/franciscanos.org.br\/noticias\/conheca-vo-jandira-da-festa-de-santo-antonio-da-paroquia-bom-jesus-dos-perdoes.html#primaryimage\"},\"datePublished\":\"2023-06-10T20:24:16+00:00\",\"dateModified\":\"2023-06-10T20:24:16+00:00\",\"author\":{\"@id\":\"https:\/\/franciscanos.org.br\/noticias\/#\/schema\/person\/b5c8cba458c330ccff548b056e95a5d4\"},\"breadcrumb\":{\"@id\":\"https:\/\/franciscanos.org.br\/noticias\/conheca-vo-jandira-da-festa-de-santo-antonio-da-paroquia-bom-jesus-dos-perdoes.html#breadcrumb\"},\"inLanguage\":\"pt-BR\",\"potentialAction\":[{\"@type\":\"ReadAction\",\"target\":[\"https:\/\/franciscanos.org.br\/noticias\/conheca-vo-jandira-da-festa-de-santo-antonio-da-paroquia-bom-jesus-dos-perdoes.html\"]}]},{\"@type\":\"BreadcrumbList\",\"@id\":\"https:\/\/franciscanos.org.br\/noticias\/conheca-vo-jandira-da-festa-de-santo-antonio-da-paroquia-bom-jesus-dos-perdoes.html#breadcrumb\",\"itemListElement\":[{\"@type\":\"ListItem\",\"position\":1,\"name\":\"Home\",\"item\":\"https:\/\/franciscanos.org.br\/noticias\"},{\"@type\":\"ListItem\",\"position\":2,\"name\":\"Conhe\u00e7a \u201cV\u00f3 Jandira\u201d da Festa de Santo Ant\u00f4nio da Par\u00f3quia Bom Jesus dos Perd\u00f5es\"}]},{\"@type\":\"Person\",\"@id\":\"https:\/\/franciscanos.org.br\/noticias\/#\/schema\/person\/b5c8cba458c330ccff548b056e95a5d4\",\"name\":\"moacir\",\"image\":{\"@type\":\"ImageObject\",\"inLanguage\":\"pt-BR\",\"@id\":\"https:\/\/franciscanos.org.br\/noticias\/#\/schema\/person\/image\/\",\"url\":\"https:\/\/secure.gravatar.com\/avatar\/d08aa2ce4c8dd416d4479aa8536fcf64?s=96&d=mm&r=g\",\"contentUrl\":\"https:\/\/secure.gravatar.com\/avatar\/d08aa2ce4c8dd416d4479aa8536fcf64?s=96&d=mm&r=g\",\"caption\":\"moacir\"},\"url\":\"https:\/\/franciscanos.org.br\/noticias\/author\/moacir\"}]}<\/script>\n<!-- \/ Yoast SEO plugin. -->","yoast_head_json":{"title":"Conhe\u00e7a \u201cV\u00f3 Jandira\u201d da Festa de Santo Ant\u00f4nio da Par\u00f3quia Bom Jesus dos Perd\u00f5es - Not\u00edcias - Franciscanos","robots":{"index":"index","follow":"follow","max-snippet":"max-snippet:-1","max-image-preview":"max-image-preview:large","max-video-preview":"max-video-preview:-1"},"canonical":"https:\/\/franciscanos.org.br\/noticias\/conheca-vo-jandira-da-festa-de-santo-antonio-da-paroquia-bom-jesus-dos-perdoes.html","og_locale":"pt_BR","og_type":"article","og_title":"Conhe\u00e7a \u201cV\u00f3 Jandira\u201d da Festa de Santo Ant\u00f4nio da Par\u00f3quia Bom Jesus dos Perd\u00f5es - Not\u00edcias - Franciscanos","og_description":"Par\u00f3quia Bom Jesus dos Perd\u00f5es de Curitiba","og_url":"https:\/\/franciscanos.org.br\/noticias\/conheca-vo-jandira-da-festa-de-santo-antonio-da-paroquia-bom-jesus-dos-perdoes.html","og_site_name":"Not\u00edcias - Franciscanos","article_published_time":"2023-06-10T20:24:16+00:00","og_image":[{"width":1280,"height":720,"url":"https:\/\/franciscanos.org.br\/noticias\/wp-content\/uploads\/2023\/06\/bomjesus_03.jpg","type":"image\/jpeg"}],"author":"moacir","twitter_card":"summary_large_image","twitter_misc":{"Escrito por":"moacir","Est. tempo de leitura":"2 minutos"},"schema":{"@context":"https:\/\/schema.org","@graph":[{"@type":"WebSite","@id":"https:\/\/franciscanos.org.br\/noticias\/#website","url":"https:\/\/franciscanos.org.br\/noticias\/","name":"Not\u00edcias - Franciscanos","description":"Prov\u00edncia Franciscana da Imaculada Concei\u00e7\u00e3o do Brasil - Ordem dos Frades Menores - OFM","potentialAction":[{"@type":"SearchAction","target":{"@type":"EntryPoint","urlTemplate":"https:\/\/franciscanos.org.br\/noticias\/?s={search_term_string}"},"query-input":"required name=search_term_string"}],"inLanguage":"pt-BR"},{"@type":"ImageObject","inLanguage":"pt-BR","@id":"https:\/\/franciscanos.org.br\/noticias\/conheca-vo-jandira-da-festa-de-santo-antonio-da-paroquia-bom-jesus-dos-perdoes.html#primaryimage","url":"https:\/\/franciscanos.org.br\/noticias\/wp-content\/uploads\/2023\/06\/bomjesus_03.jpg","contentUrl":"https:\/\/franciscanos.org.br\/noticias\/wp-content\/uploads\/2023\/06\/bomjesus_03.jpg","width":1280,"height":720},{"@type":"WebPage","@id":"https:\/\/franciscanos.org.br\/noticias\/conheca-vo-jandira-da-festa-de-santo-antonio-da-paroquia-bom-jesus-dos-perdoes.html#webpage","url":"https:\/\/franciscanos.org.br\/noticias\/conheca-vo-jandira-da-festa-de-santo-antonio-da-paroquia-bom-jesus-dos-perdoes.html","name":"Conhe\u00e7a \u201cV\u00f3 Jandira\u201d da Festa de Santo Ant\u00f4nio da Par\u00f3quia Bom Jesus dos Perd\u00f5es - Not\u00edcias - Franciscanos","isPartOf":{"@id":"https:\/\/franciscanos.org.br\/noticias\/#website"},"primaryImageOfPage":{"@id":"https:\/\/franciscanos.org.br\/noticias\/conheca-vo-jandira-da-festa-de-santo-antonio-da-paroquia-bom-jesus-dos-perdoes.html#primaryimage"},"datePublished":"2023-06-10T20:24:16+00:00","dateModified":"2023-06-10T20:24:16+00:00","author":{"@id":"https:\/\/franciscanos.org.br\/noticias\/#\/schema\/person\/b5c8cba458c330ccff548b056e95a5d4"},"breadcrumb":{"@id":"https:\/\/franciscanos.org.br\/noticias\/conheca-vo-jandira-da-festa-de-santo-antonio-da-paroquia-bom-jesus-dos-perdoes.html#breadcrumb"},"inLanguage":"pt-BR","potentialAction":[{"@type":"ReadAction","target":["https:\/\/franciscanos.org.br\/noticias\/conheca-vo-jandira-da-festa-de-santo-antonio-da-paroquia-bom-jesus-dos-perdoes.html"]}]},{"@type":"BreadcrumbList","@id":"https:\/\/franciscanos.org.br\/noticias\/conheca-vo-jandira-da-festa-de-santo-antonio-da-paroquia-bom-jesus-dos-perdoes.html#breadcrumb","itemListElement":[{"@type":"ListItem","position":1,"name":"Home","item":"https:\/\/franciscanos.org.br\/noticias"},{"@type":"ListItem","position":2,"name":"Conhe\u00e7a \u201cV\u00f3 Jandira\u201d da Festa de Santo Ant\u00f4nio da Par\u00f3quia Bom Jesus dos Perd\u00f5es"}]},{"@type":"Person","@id":"https:\/\/franciscanos.org.br\/noticias\/#\/schema\/person\/b5c8cba458c330ccff548b056e95a5d4","name":"moacir","image":{"@type":"ImageObject","inLanguage":"pt-BR","@id":"https:\/\/franciscanos.org.br\/noticias\/#\/schema\/person\/image\/","url":"https:\/\/secure.gravatar.com\/avatar\/d08aa2ce4c8dd416d4479aa8536fcf64?s=96&d=mm&r=g","contentUrl":"https:\/\/secure.gravatar.com\/avatar\/d08aa2ce4c8dd416d4479aa8536fcf64?s=96&d=mm&r=g","caption":"moacir"},"url":"https:\/\/franciscanos.org.br\/noticias\/author\/moacir"}]}},"_links":{"self":[{"href":"https:\/\/franciscanos.org.br\/noticias\/wp-json\/wp\/v2\/posts\/243701"}],"collection":[{"href":"https:\/\/franciscanos.org.br\/noticias\/wp-json\/wp\/v2\/posts"}],"about":[{"href":"https:\/\/franciscanos.org.br\/noticias\/wp-json\/wp\/v2\/types\/post"}],"author":[{"embeddable":true,"href":"https:\/\/franciscanos.org.br\/noticias\/wp-json\/wp\/v2\/users\/3"}],"replies":[{"embeddable":true,"href":"https:\/\/franciscanos.org.br\/noticias\/wp-json\/wp\/v2\/comments?post=243701"}],"version-history":[{"count":1,"href":"https:\/\/franciscanos.org.br\/noticias\/wp-json\/wp\/v2\/posts\/243701\/revisions"}],"predecessor-version":[{"id":243705,"href":"https:\/\/franciscanos.org.br\/noticias\/wp-json\/wp\/v2\/posts\/243701\/revisions\/243705"}],"wp:featuredmedia":[{"embeddable":true,"href":"https:\/\/franciscanos.org.br\/noticias\/wp-json\/wp\/v2\/media\/243702"}],"wp:attachment":[{"href":"https:\/\/franciscanos.org.br\/noticias\/wp-json\/wp\/v2\/media?parent=243701"}],"wp:term":[{"taxonomy":"category","embeddable":true,"href":"https:\/\/franciscanos.org.br\/noticias\/wp-json\/wp\/v2\/categories?post=243701"},{"taxonomy":"post_tag","embeddable":true,"href":"https:\/\/franciscanos.org.br\/noticias\/wp-json\/wp\/v2\/tags?post=243701"}],"curies":[{"name":"wp","href":"https:\/\/api.w.org\/{rel}","templated":true}]}}