{"id":243686,"date":"2023-06-09T07:31:55","date_gmt":"2023-06-09T10:31:55","guid":{"rendered":"https:\/\/franciscanos.org.br\/noticias\/?p=243686"},"modified":"2023-06-09T07:46:54","modified_gmt":"2023-06-09T10:46:54","slug":"massimoeopapa","status":"publish","type":"post","link":"https:\/\/franciscanos.org.br\/noticias\/massimoeopapa.html","title":{"rendered":"&#8220;Precisamos da sua voz, que nos recorda a simplicidade do Evangelho&#8221;"},"content":{"rendered":"<div id=\"attachment_243691\" style=\"width: 1210px\" class=\"wp-caption alignnone\"><img aria-describedby=\"caption-attachment-243691\" loading=\"lazy\" class=\"wp-image-243691 size-full\" src=\"https:\/\/franciscanos.org.br\/noticias\/wp-content\/uploads\/2023\/06\/papa.jpg\" alt=\"\" width=\"1200\" height=\"579\" srcset=\"https:\/\/franciscanos.org.br\/noticias\/wp-content\/uploads\/2023\/06\/papa.jpg 1200w, https:\/\/franciscanos.org.br\/noticias\/wp-content\/uploads\/2023\/06\/papa-450x217.jpg 450w, https:\/\/franciscanos.org.br\/noticias\/wp-content\/uploads\/2023\/06\/papa-1024x494.jpg 1024w, https:\/\/franciscanos.org.br\/noticias\/wp-content\/uploads\/2023\/06\/papa-768x371.jpg 768w, https:\/\/franciscanos.org.br\/noticias\/wp-content\/uploads\/2023\/06\/papa-150x72.jpg 150w\" sizes=\"(max-width: 1200px) 100vw, 1200px\" \/><p id=\"caption-attachment-243691\" class=\"wp-caption-text\"><em>Fonte: OFM<\/em><\/p><\/div>\n<p>Frei Massimo Fusarelli, Ministro geral da Ordem dos Frades Menores (OFM), publicou esta mensagem ao Papa Francisco, internado na Policl\u00ednica Gemelli, em Roma.<\/p>\n<p>\u201cEstamos pr\u00f3ximos do Santo Padre neste momento de enfermidade. N\u00f3s o seguimos com nossa ora\u00e7\u00e3o para uma r\u00e1pida recupera\u00e7\u00e3o de sua sa\u00fade. Precisamos da sua voz, que nos recorda a simplicidade do Evangelho, como gostava de dizer S\u00e3o Francisco.<br \/>\nA Virgem Maria, sa\u00fade dos enfermos, o acompanhe e o guarde\u201d.<\/p>\n<hr \/>\n<p><strong>Papa passou bem segunda noite no Hospital Gemelli<\/strong><\/p>\n<p>O Papa Francisco transcorreu uma noite tranquila, a segunda ap\u00f3s a opera\u00e7\u00e3o de laparotomia e pl\u00e1stica da parede abdominal com pr\u00f3teses. O an\u00fancio foi feito pela Sala de Imprensa da Santa S\u00e9 com uma breve nota divulgada pela manh\u00e3, na qual sublinha que mais informa\u00e7\u00f5es ser\u00e3o dadas durante o dia.<\/p>\n<p>Ontem, 8 de junho, o Papa passou um dia de descanso, alimentado com uma dieta de \u00e1gua. &#8220;Os par\u00e2metros hemodin\u00e2micos e respirat\u00f3rios est\u00e3o est\u00e1veis. O p\u00f3s-operat\u00f3rio \u00e9 regular&#8221;, informou a equipe m\u00e9dica em comunicado divulgado \u00e0 noite.<\/p>\n<p>A mesma nota \u2013 divulgada pela Sala de Imprensa vaticana \u00e0 noite \u2013 informa tamb\u00e9m que ontem \u00e0 tarde, Solenidade de Corpus Domini, o Papa recebeu a Eucaristia. E tamb\u00e9m que havia telefonado para a m\u00e3e da crian\u00e7a que ele mesmo batizou durante a segunda interna\u00e7\u00e3o em mar\u00e7o passado, por ocasi\u00e3o de uma visita ao departamento de oncologia pedi\u00e1trica do Gemelli. Com efeito, a mulher tinha ido \u00e0 Policl\u00ednica para mostrar a sua proximidade ao Pont\u00edfice hospitalizado e entregar-lhe um cartaz com votos de uma r\u00e1pida recupera\u00e7\u00e3o. O Papa, &#8220;impressionado&#8221; com seu carinho, telefonou para agradec\u00ea-la.<\/p>\n<hr \/>\n<p><strong>CORPUS CHRISTI<\/strong><\/p>\n<p>&#8220;O amor e a vida s\u00e3o comunicados ao se rebaixar e n\u00e3o ao se impor. Para n\u00f3s crist\u00e3os, n\u00e3o h\u00e1 outro tesouro mais precioso a ser guardado&#8221;. Foi assim que o Cardeal Mauro Gambetti, arcipreste da Bas\u00edlica Vaticana e vig\u00e1rio geral do Papa para a Cidade do Vaticano, resumiu o primeiro ensinamento de Cristo a n\u00f3s, seus disc\u00edpulos, concluindo sua homilia na Missa da Solenidade do Corpo e Sangue de Cristo, presidida na Bas\u00edlica de S\u00e3o Pedro, no altar da C\u00e1tedra na quinta-feira (08\/06). O cardeal franciscano recordou que Jesus, &#8220;quando fala em ser elevado, sempre faz alus\u00e3o ao fato de ser elevado \u00e0 cruz, ou seja, ao seu rebaixamento, porque \u00e9 ali que resplende o amor de Deus pelo homem&#8221;.<\/p>\n<hr \/>\n<p><em>Fonte: Vatican News<\/em><\/p>\n","protected":false},"excerpt":{"rendered":"<p>Papa Francisco<\/p>\n","protected":false},"author":3,"featured_media":243691,"comment_status":"open","ping_status":"open","sticky":false,"template":"","format":"standard","meta":[],"categories":[1428],"tags":[55],"acf":[],"yoast_head":"<!-- This site is optimized with the Yoast SEO plugin v19.2 - https:\/\/yoast.com\/wordpress\/plugins\/seo\/ -->\n<title>&quot;Precisamos da sua voz, que nos recorda a simplicidade do Evangelho&quot; - Not\u00edcias - Franciscanos<\/title>\n<meta name=\"robots\" content=\"index, follow, max-snippet:-1, max-image-preview:large, max-video-preview:-1\" \/>\n<link rel=\"canonical\" href=\"https:\/\/franciscanos.org.br\/noticias\/massimoeopapa.html\" \/>\n<meta property=\"og:locale\" content=\"pt_BR\" \/>\n<meta property=\"og:type\" content=\"article\" \/>\n<meta property=\"og:title\" content=\"&quot;Precisamos da sua voz, que nos recorda a simplicidade do Evangelho&quot; - Not\u00edcias - Franciscanos\" \/>\n<meta property=\"og:description\" content=\"Papa Francisco\" \/>\n<meta property=\"og:url\" content=\"https:\/\/franciscanos.org.br\/noticias\/massimoeopapa.html\" \/>\n<meta property=\"og:site_name\" content=\"Not\u00edcias - Franciscanos\" \/>\n<meta property=\"article:published_time\" content=\"2023-06-09T10:31:55+00:00\" \/>\n<meta property=\"article:modified_time\" content=\"2023-06-09T10:46:54+00:00\" \/>\n<meta property=\"og:image\" content=\"https:\/\/franciscanos.org.br\/noticias\/wp-content\/uploads\/2023\/06\/papa.jpg\" \/>\n\t<meta property=\"og:image:width\" content=\"1200\" \/>\n\t<meta property=\"og:image:height\" content=\"579\" \/>\n\t<meta property=\"og:image:type\" content=\"image\/jpeg\" \/>\n<meta name=\"author\" content=\"moacir\" \/>\n<meta name=\"twitter:card\" content=\"summary_large_image\" \/>\n<meta name=\"twitter:label1\" content=\"Escrito por\" \/>\n\t<meta name=\"twitter:data1\" content=\"moacir\" \/>\n\t<meta name=\"twitter:label2\" content=\"Est. tempo de leitura\" \/>\n\t<meta name=\"twitter:data2\" content=\"3 minutos\" \/>\n<script type=\"application\/ld+json\" class=\"yoast-schema-graph\">{\"@context\":\"https:\/\/schema.org\",\"@graph\":[{\"@type\":\"WebSite\",\"@id\":\"https:\/\/franciscanos.org.br\/noticias\/#website\",\"url\":\"https:\/\/franciscanos.org.br\/noticias\/\",\"name\":\"Not\u00edcias - Franciscanos\",\"description\":\"Prov\u00edncia Franciscana da Imaculada Concei\u00e7\u00e3o do Brasil - Ordem dos Frades Menores - OFM\",\"potentialAction\":[{\"@type\":\"SearchAction\",\"target\":{\"@type\":\"EntryPoint\",\"urlTemplate\":\"https:\/\/franciscanos.org.br\/noticias\/?s={search_term_string}\"},\"query-input\":\"required name=search_term_string\"}],\"inLanguage\":\"pt-BR\"},{\"@type\":\"ImageObject\",\"inLanguage\":\"pt-BR\",\"@id\":\"https:\/\/franciscanos.org.br\/noticias\/massimoeopapa.html#primaryimage\",\"url\":\"https:\/\/franciscanos.org.br\/noticias\/wp-content\/uploads\/2023\/06\/papa.jpg\",\"contentUrl\":\"https:\/\/franciscanos.org.br\/noticias\/wp-content\/uploads\/2023\/06\/papa.jpg\",\"width\":1200,\"height\":579},{\"@type\":\"WebPage\",\"@id\":\"https:\/\/franciscanos.org.br\/noticias\/massimoeopapa.html#webpage\",\"url\":\"https:\/\/franciscanos.org.br\/noticias\/massimoeopapa.html\",\"name\":\"\\\"Precisamos da sua voz, que nos recorda a simplicidade do Evangelho\\\" - Not\u00edcias - Franciscanos\",\"isPartOf\":{\"@id\":\"https:\/\/franciscanos.org.br\/noticias\/#website\"},\"primaryImageOfPage\":{\"@id\":\"https:\/\/franciscanos.org.br\/noticias\/massimoeopapa.html#primaryimage\"},\"datePublished\":\"2023-06-09T10:31:55+00:00\",\"dateModified\":\"2023-06-09T10:46:54+00:00\",\"author\":{\"@id\":\"https:\/\/franciscanos.org.br\/noticias\/#\/schema\/person\/b5c8cba458c330ccff548b056e95a5d4\"},\"breadcrumb\":{\"@id\":\"https:\/\/franciscanos.org.br\/noticias\/massimoeopapa.html#breadcrumb\"},\"inLanguage\":\"pt-BR\",\"potentialAction\":[{\"@type\":\"ReadAction\",\"target\":[\"https:\/\/franciscanos.org.br\/noticias\/massimoeopapa.html\"]}]},{\"@type\":\"BreadcrumbList\",\"@id\":\"https:\/\/franciscanos.org.br\/noticias\/massimoeopapa.html#breadcrumb\",\"itemListElement\":[{\"@type\":\"ListItem\",\"position\":1,\"name\":\"Home\",\"item\":\"https:\/\/franciscanos.org.br\/noticias\"},{\"@type\":\"ListItem\",\"position\":2,\"name\":\"&#8220;Precisamos da sua voz, que nos recorda a simplicidade do Evangelho&#8221;\"}]},{\"@type\":\"Person\",\"@id\":\"https:\/\/franciscanos.org.br\/noticias\/#\/schema\/person\/b5c8cba458c330ccff548b056e95a5d4\",\"name\":\"moacir\",\"image\":{\"@type\":\"ImageObject\",\"inLanguage\":\"pt-BR\",\"@id\":\"https:\/\/franciscanos.org.br\/noticias\/#\/schema\/person\/image\/\",\"url\":\"https:\/\/secure.gravatar.com\/avatar\/d08aa2ce4c8dd416d4479aa8536fcf64?s=96&d=mm&r=g\",\"contentUrl\":\"https:\/\/secure.gravatar.com\/avatar\/d08aa2ce4c8dd416d4479aa8536fcf64?s=96&d=mm&r=g\",\"caption\":\"moacir\"},\"url\":\"https:\/\/franciscanos.org.br\/noticias\/author\/moacir\"}]}<\/script>\n<!-- \/ Yoast SEO plugin. -->","yoast_head_json":{"title":"\"Precisamos da sua voz, que nos recorda a simplicidade do Evangelho\" - Not\u00edcias - Franciscanos","robots":{"index":"index","follow":"follow","max-snippet":"max-snippet:-1","max-image-preview":"max-image-preview:large","max-video-preview":"max-video-preview:-1"},"canonical":"https:\/\/franciscanos.org.br\/noticias\/massimoeopapa.html","og_locale":"pt_BR","og_type":"article","og_title":"\"Precisamos da sua voz, que nos recorda a simplicidade do Evangelho\" - Not\u00edcias - Franciscanos","og_description":"Papa Francisco","og_url":"https:\/\/franciscanos.org.br\/noticias\/massimoeopapa.html","og_site_name":"Not\u00edcias - Franciscanos","article_published_time":"2023-06-09T10:31:55+00:00","article_modified_time":"2023-06-09T10:46:54+00:00","og_image":[{"width":1200,"height":579,"url":"https:\/\/franciscanos.org.br\/noticias\/wp-content\/uploads\/2023\/06\/papa.jpg","type":"image\/jpeg"}],"author":"moacir","twitter_card":"summary_large_image","twitter_misc":{"Escrito por":"moacir","Est. tempo de leitura":"3 minutos"},"schema":{"@context":"https:\/\/schema.org","@graph":[{"@type":"WebSite","@id":"https:\/\/franciscanos.org.br\/noticias\/#website","url":"https:\/\/franciscanos.org.br\/noticias\/","name":"Not\u00edcias - Franciscanos","description":"Prov\u00edncia Franciscana da Imaculada Concei\u00e7\u00e3o do Brasil - Ordem dos Frades Menores - OFM","potentialAction":[{"@type":"SearchAction","target":{"@type":"EntryPoint","urlTemplate":"https:\/\/franciscanos.org.br\/noticias\/?s={search_term_string}"},"query-input":"required name=search_term_string"}],"inLanguage":"pt-BR"},{"@type":"ImageObject","inLanguage":"pt-BR","@id":"https:\/\/franciscanos.org.br\/noticias\/massimoeopapa.html#primaryimage","url":"https:\/\/franciscanos.org.br\/noticias\/wp-content\/uploads\/2023\/06\/papa.jpg","contentUrl":"https:\/\/franciscanos.org.br\/noticias\/wp-content\/uploads\/2023\/06\/papa.jpg","width":1200,"height":579},{"@type":"WebPage","@id":"https:\/\/franciscanos.org.br\/noticias\/massimoeopapa.html#webpage","url":"https:\/\/franciscanos.org.br\/noticias\/massimoeopapa.html","name":"\"Precisamos da sua voz, que nos recorda a simplicidade do Evangelho\" - Not\u00edcias - Franciscanos","isPartOf":{"@id":"https:\/\/franciscanos.org.br\/noticias\/#website"},"primaryImageOfPage":{"@id":"https:\/\/franciscanos.org.br\/noticias\/massimoeopapa.html#primaryimage"},"datePublished":"2023-06-09T10:31:55+00:00","dateModified":"2023-06-09T10:46:54+00:00","author":{"@id":"https:\/\/franciscanos.org.br\/noticias\/#\/schema\/person\/b5c8cba458c330ccff548b056e95a5d4"},"breadcrumb":{"@id":"https:\/\/franciscanos.org.br\/noticias\/massimoeopapa.html#breadcrumb"},"inLanguage":"pt-BR","potentialAction":[{"@type":"ReadAction","target":["https:\/\/franciscanos.org.br\/noticias\/massimoeopapa.html"]}]},{"@type":"BreadcrumbList","@id":"https:\/\/franciscanos.org.br\/noticias\/massimoeopapa.html#breadcrumb","itemListElement":[{"@type":"ListItem","position":1,"name":"Home","item":"https:\/\/franciscanos.org.br\/noticias"},{"@type":"ListItem","position":2,"name":"&#8220;Precisamos da sua voz, que nos recorda a simplicidade do Evangelho&#8221;"}]},{"@type":"Person","@id":"https:\/\/franciscanos.org.br\/noticias\/#\/schema\/person\/b5c8cba458c330ccff548b056e95a5d4","name":"moacir","image":{"@type":"ImageObject","inLanguage":"pt-BR","@id":"https:\/\/franciscanos.org.br\/noticias\/#\/schema\/person\/image\/","url":"https:\/\/secure.gravatar.com\/avatar\/d08aa2ce4c8dd416d4479aa8536fcf64?s=96&d=mm&r=g","contentUrl":"https:\/\/secure.gravatar.com\/avatar\/d08aa2ce4c8dd416d4479aa8536fcf64?s=96&d=mm&r=g","caption":"moacir"},"url":"https:\/\/franciscanos.org.br\/noticias\/author\/moacir"}]}},"_links":{"self":[{"href":"https:\/\/franciscanos.org.br\/noticias\/wp-json\/wp\/v2\/posts\/243686"}],"collection":[{"href":"https:\/\/franciscanos.org.br\/noticias\/wp-json\/wp\/v2\/posts"}],"about":[{"href":"https:\/\/franciscanos.org.br\/noticias\/wp-json\/wp\/v2\/types\/post"}],"author":[{"embeddable":true,"href":"https:\/\/franciscanos.org.br\/noticias\/wp-json\/wp\/v2\/users\/3"}],"replies":[{"embeddable":true,"href":"https:\/\/franciscanos.org.br\/noticias\/wp-json\/wp\/v2\/comments?post=243686"}],"version-history":[{"count":4,"href":"https:\/\/franciscanos.org.br\/noticias\/wp-json\/wp\/v2\/posts\/243686\/revisions"}],"predecessor-version":[{"id":243692,"href":"https:\/\/franciscanos.org.br\/noticias\/wp-json\/wp\/v2\/posts\/243686\/revisions\/243692"}],"wp:featuredmedia":[{"embeddable":true,"href":"https:\/\/franciscanos.org.br\/noticias\/wp-json\/wp\/v2\/media\/243691"}],"wp:attachment":[{"href":"https:\/\/franciscanos.org.br\/noticias\/wp-json\/wp\/v2\/media?parent=243686"}],"wp:term":[{"taxonomy":"category","embeddable":true,"href":"https:\/\/franciscanos.org.br\/noticias\/wp-json\/wp\/v2\/categories?post=243686"},{"taxonomy":"post_tag","embeddable":true,"href":"https:\/\/franciscanos.org.br\/noticias\/wp-json\/wp\/v2\/tags?post=243686"}],"curies":[{"name":"wp","href":"https:\/\/api.w.org\/{rel}","templated":true}]}}