{"id":243681,"date":"2023-06-08T06:23:43","date_gmt":"2023-06-08T09:23:43","guid":{"rendered":"https:\/\/franciscanos.org.br\/noticias\/?p=243681"},"modified":"2023-06-08T08:44:27","modified_gmt":"2023-06-08T11:44:27","slug":"papa-esta-vigilante-e-bem-humorado-afirma-medico-que-operou-francisco","status":"publish","type":"post","link":"https:\/\/franciscanos.org.br\/noticias\/papa-esta-vigilante-e-bem-humorado-afirma-medico-que-operou-francisco.html","title":{"rendered":"Papa est\u00e1 vigilante e bem humorado, afirma m\u00e9dico que operou Francisco"},"content":{"rendered":"<div id=\"attachment_243682\" style=\"width: 1510px\" class=\"wp-caption alignnone\"><img aria-describedby=\"caption-attachment-243682\" loading=\"lazy\" class=\"wp-image-243682 size-full\" src=\"https:\/\/franciscanos.org.br\/noticias\/wp-content\/uploads\/2023\/06\/papa_08.jpeg\" alt=\"\" width=\"1500\" height=\"844\" srcset=\"https:\/\/franciscanos.org.br\/noticias\/wp-content\/uploads\/2023\/06\/papa_08.jpeg 1500w, https:\/\/franciscanos.org.br\/noticias\/wp-content\/uploads\/2023\/06\/papa_08-450x253.jpeg 450w, https:\/\/franciscanos.org.br\/noticias\/wp-content\/uploads\/2023\/06\/papa_08-1024x576.jpeg 1024w, https:\/\/franciscanos.org.br\/noticias\/wp-content\/uploads\/2023\/06\/papa_08-768x432.jpeg 768w, https:\/\/franciscanos.org.br\/noticias\/wp-content\/uploads\/2023\/06\/papa_08-150x84.jpeg 150w\" sizes=\"(max-width: 1500px) 100vw, 1500px\" \/><p id=\"caption-attachment-243682\" class=\"wp-caption-text\"><em>Imagem: Vatican Media<\/em><\/p><\/div>\n<p>&#8220;O Papa est\u00e1 acordado e j\u00e1 brincou&#8221;, assim come\u00e7ou a coletiva de imprensa com o m\u00e9dico que operou Francisco, Dr. Sergio Alfieri, diretor do Departamento de Ci\u00eancias M\u00e9dicas e Cir\u00fargicas Abdominais e Endr\u00f3cino-metab\u00f3licas do Hospital Gemelli, de Roma.<\/p>\n<p>Ao lado do diretor da Sala de Imprensa da Santa S\u00e9, Matteo Bruni, o m\u00e9dico leu a seguinte declara\u00e7\u00e3o:<\/p>\n<p>&#8220;Esta tarde, na Policl\u00ednica Gemelli, o Santo Padre foi submetido a uma cirurgia programada devido a uma *laparocele encarcerada em correspond\u00eancia da cicatriz de opera\u00e7\u00f5es para corrigir o problema realizadas precedentemente nos anos passados.<\/p>\n<p>Esta laparocele causava no Santo Padre, h\u00e1 alguns meses, uma s\u00edndrome de semi oclus\u00e3o intestinal dolorosa agravada.<\/p>\n<p>No decorrer da opera\u00e7\u00e3o, foram encontradas fortes ader\u00eancias entre algumas al\u00e7as intestinais com obstru\u00e7\u00e3o parcial no perit\u00f4nio parietal, que causavam a sintomatologia acima mencionada.<\/p>\n<p>Portanto, procedeu-se \u00e0 libera\u00e7\u00e3o das ader\u00eancias (cicatrizes internas) com desbridamento completo de toda a obstru\u00e7\u00e3o. Foi ent\u00e3o executada a repara\u00e7\u00e3o do defeito de h\u00e9rnia mediante uma pl\u00e1stica da parede abdominal com o aux\u00edlio de uma rede prot\u00e9sica.<\/p>\n<p>A opera\u00e7\u00e3o e a anestesia geral se realizaram sem complica\u00e7\u00f5es. O Santo Padre reagiu bem \u00e0 cirurgia.\u201d<\/p>\n<p><strong>Vigilante e consciente<\/strong><br \/>\nO Papa Francisco est\u00e1 vigilante e consciente e agradece pelas in\u00fameras mensagens de carinho e de ora\u00e7\u00e3o, que logo lhe foram enviadas. A &#8220;brincadeira&#8221; feita pelo Papa foi questionar quando ser\u00e1 feita a terceira cirurgia.<\/p>\n<p>*Laparocele \u00e9 o nome que se d\u00e1 para h\u00e9rnia incisional. Ela acontece quando pacientes, ap\u00f3s um procedimento cir\u00fargico abdominal, desenvolvem uma h\u00e9rnia no local da cicatriz. Uma h\u00e9rnia \u00e9 uma protus\u00e3o, como uma esp\u00e9cie de n\u00f3dulo, formada pelo escape parcial ou total de um \u00f3rg\u00e3o ou um tecido por meio de uma abertura que foi aberta onde n\u00e3o deveria. Isso ocorre por m\u00e1 forma\u00e7\u00e3o ou por enfraquecimento nas camadas que revestem o \u00f3rg\u00e3o, como do m\u00fasculo abdominal.<\/p>\n<p><strong>BOLETIM DESTA QUINTA-FEIRA<\/strong><\/p>\n<p>O Diretor da Sala de Imprensa da Santa S\u00e9, Matteo Bruni, comunicou no final da manh\u00e3 desta quinta-feira o seguinte:<\/p>\n<p>A equipe m\u00e9dica que acompanha o p\u00f3s-operat\u00f3rio do Pont\u00edfice informa que o Papa Francisco transcorreu uma noite tranquila, conseguindo repousar de modo prolongado; est\u00e1 em boas condi\u00e7\u00f5es gerais, vigilante e respira espontaneamente.<\/p>\n<p>Os exames de controle de rotina s\u00e3o bons. Durante todo o dia, observar\u00e1 o necess\u00e1rio repouso p\u00f3s-operat\u00f3rio.<br \/>\nO Papa foi informado das mensagens de proximidade e afeto que chegaram nas \u00faltimas horas e expressa a sua gratid\u00e3o, pedindo ao mesmo tempo que continuem a rezar por ele.<\/p>\n<hr \/>\n<p><em>Fonte: Vatican News<\/em><\/p>\n","protected":false},"excerpt":{"rendered":"<p>Papa Francisco<\/p>\n","protected":false},"author":3,"featured_media":243682,"comment_status":"open","ping_status":"open","sticky":false,"template":"","format":"standard","meta":[],"categories":[1428],"tags":[55],"acf":[],"yoast_head":"<!-- This site is optimized with the Yoast SEO plugin v19.2 - https:\/\/yoast.com\/wordpress\/plugins\/seo\/ -->\n<title>Papa est\u00e1 vigilante e bem humorado, afirma m\u00e9dico que operou Francisco - Not\u00edcias - Franciscanos<\/title>\n<meta name=\"robots\" content=\"index, follow, max-snippet:-1, max-image-preview:large, max-video-preview:-1\" \/>\n<link rel=\"canonical\" href=\"https:\/\/franciscanos.org.br\/noticias\/papa-esta-vigilante-e-bem-humorado-afirma-medico-que-operou-francisco.html\" \/>\n<meta property=\"og:locale\" content=\"pt_BR\" \/>\n<meta property=\"og:type\" content=\"article\" \/>\n<meta property=\"og:title\" content=\"Papa est\u00e1 vigilante e bem humorado, afirma m\u00e9dico que operou Francisco - Not\u00edcias - Franciscanos\" \/>\n<meta property=\"og:description\" content=\"Papa Francisco\" \/>\n<meta property=\"og:url\" content=\"https:\/\/franciscanos.org.br\/noticias\/papa-esta-vigilante-e-bem-humorado-afirma-medico-que-operou-francisco.html\" \/>\n<meta property=\"og:site_name\" content=\"Not\u00edcias - Franciscanos\" \/>\n<meta property=\"article:published_time\" content=\"2023-06-08T09:23:43+00:00\" \/>\n<meta property=\"article:modified_time\" content=\"2023-06-08T11:44:27+00:00\" \/>\n<meta property=\"og:image\" content=\"https:\/\/franciscanos.org.br\/noticias\/wp-content\/uploads\/2023\/06\/papa_08.jpeg\" \/>\n\t<meta property=\"og:image:width\" content=\"1500\" \/>\n\t<meta property=\"og:image:height\" content=\"844\" \/>\n\t<meta property=\"og:image:type\" content=\"image\/jpeg\" \/>\n<meta name=\"author\" content=\"moacir\" \/>\n<meta name=\"twitter:card\" content=\"summary_large_image\" \/>\n<meta name=\"twitter:label1\" content=\"Escrito por\" \/>\n\t<meta name=\"twitter:data1\" content=\"moacir\" \/>\n\t<meta name=\"twitter:label2\" content=\"Est. tempo de leitura\" \/>\n\t<meta name=\"twitter:data2\" content=\"3 minutos\" \/>\n<script type=\"application\/ld+json\" class=\"yoast-schema-graph\">{\"@context\":\"https:\/\/schema.org\",\"@graph\":[{\"@type\":\"WebSite\",\"@id\":\"https:\/\/franciscanos.org.br\/noticias\/#website\",\"url\":\"https:\/\/franciscanos.org.br\/noticias\/\",\"name\":\"Not\u00edcias - Franciscanos\",\"description\":\"Prov\u00edncia Franciscana da Imaculada Concei\u00e7\u00e3o do Brasil - Ordem dos Frades Menores - OFM\",\"potentialAction\":[{\"@type\":\"SearchAction\",\"target\":{\"@type\":\"EntryPoint\",\"urlTemplate\":\"https:\/\/franciscanos.org.br\/noticias\/?s={search_term_string}\"},\"query-input\":\"required name=search_term_string\"}],\"inLanguage\":\"pt-BR\"},{\"@type\":\"ImageObject\",\"inLanguage\":\"pt-BR\",\"@id\":\"https:\/\/franciscanos.org.br\/noticias\/papa-esta-vigilante-e-bem-humorado-afirma-medico-que-operou-francisco.html#primaryimage\",\"url\":\"https:\/\/franciscanos.org.br\/noticias\/wp-content\/uploads\/2023\/06\/papa_08.jpeg\",\"contentUrl\":\"https:\/\/franciscanos.org.br\/noticias\/wp-content\/uploads\/2023\/06\/papa_08.jpeg\",\"width\":1500,\"height\":844},{\"@type\":\"WebPage\",\"@id\":\"https:\/\/franciscanos.org.br\/noticias\/papa-esta-vigilante-e-bem-humorado-afirma-medico-que-operou-francisco.html#webpage\",\"url\":\"https:\/\/franciscanos.org.br\/noticias\/papa-esta-vigilante-e-bem-humorado-afirma-medico-que-operou-francisco.html\",\"name\":\"Papa est\u00e1 vigilante e bem humorado, afirma m\u00e9dico que operou Francisco - Not\u00edcias - Franciscanos\",\"isPartOf\":{\"@id\":\"https:\/\/franciscanos.org.br\/noticias\/#website\"},\"primaryImageOfPage\":{\"@id\":\"https:\/\/franciscanos.org.br\/noticias\/papa-esta-vigilante-e-bem-humorado-afirma-medico-que-operou-francisco.html#primaryimage\"},\"datePublished\":\"2023-06-08T09:23:43+00:00\",\"dateModified\":\"2023-06-08T11:44:27+00:00\",\"author\":{\"@id\":\"https:\/\/franciscanos.org.br\/noticias\/#\/schema\/person\/b5c8cba458c330ccff548b056e95a5d4\"},\"breadcrumb\":{\"@id\":\"https:\/\/franciscanos.org.br\/noticias\/papa-esta-vigilante-e-bem-humorado-afirma-medico-que-operou-francisco.html#breadcrumb\"},\"inLanguage\":\"pt-BR\",\"potentialAction\":[{\"@type\":\"ReadAction\",\"target\":[\"https:\/\/franciscanos.org.br\/noticias\/papa-esta-vigilante-e-bem-humorado-afirma-medico-que-operou-francisco.html\"]}]},{\"@type\":\"BreadcrumbList\",\"@id\":\"https:\/\/franciscanos.org.br\/noticias\/papa-esta-vigilante-e-bem-humorado-afirma-medico-que-operou-francisco.html#breadcrumb\",\"itemListElement\":[{\"@type\":\"ListItem\",\"position\":1,\"name\":\"Home\",\"item\":\"https:\/\/franciscanos.org.br\/noticias\"},{\"@type\":\"ListItem\",\"position\":2,\"name\":\"Papa est\u00e1 vigilante e bem humorado, afirma m\u00e9dico que operou Francisco\"}]},{\"@type\":\"Person\",\"@id\":\"https:\/\/franciscanos.org.br\/noticias\/#\/schema\/person\/b5c8cba458c330ccff548b056e95a5d4\",\"name\":\"moacir\",\"image\":{\"@type\":\"ImageObject\",\"inLanguage\":\"pt-BR\",\"@id\":\"https:\/\/franciscanos.org.br\/noticias\/#\/schema\/person\/image\/\",\"url\":\"https:\/\/secure.gravatar.com\/avatar\/d08aa2ce4c8dd416d4479aa8536fcf64?s=96&d=mm&r=g\",\"contentUrl\":\"https:\/\/secure.gravatar.com\/avatar\/d08aa2ce4c8dd416d4479aa8536fcf64?s=96&d=mm&r=g\",\"caption\":\"moacir\"},\"url\":\"https:\/\/franciscanos.org.br\/noticias\/author\/moacir\"}]}<\/script>\n<!-- \/ Yoast SEO plugin. -->","yoast_head_json":{"title":"Papa est\u00e1 vigilante e bem humorado, afirma m\u00e9dico que operou Francisco - Not\u00edcias - Franciscanos","robots":{"index":"index","follow":"follow","max-snippet":"max-snippet:-1","max-image-preview":"max-image-preview:large","max-video-preview":"max-video-preview:-1"},"canonical":"https:\/\/franciscanos.org.br\/noticias\/papa-esta-vigilante-e-bem-humorado-afirma-medico-que-operou-francisco.html","og_locale":"pt_BR","og_type":"article","og_title":"Papa est\u00e1 vigilante e bem humorado, afirma m\u00e9dico que operou Francisco - Not\u00edcias - Franciscanos","og_description":"Papa Francisco","og_url":"https:\/\/franciscanos.org.br\/noticias\/papa-esta-vigilante-e-bem-humorado-afirma-medico-que-operou-francisco.html","og_site_name":"Not\u00edcias - Franciscanos","article_published_time":"2023-06-08T09:23:43+00:00","article_modified_time":"2023-06-08T11:44:27+00:00","og_image":[{"width":1500,"height":844,"url":"https:\/\/franciscanos.org.br\/noticias\/wp-content\/uploads\/2023\/06\/papa_08.jpeg","type":"image\/jpeg"}],"author":"moacir","twitter_card":"summary_large_image","twitter_misc":{"Escrito por":"moacir","Est. tempo de leitura":"3 minutos"},"schema":{"@context":"https:\/\/schema.org","@graph":[{"@type":"WebSite","@id":"https:\/\/franciscanos.org.br\/noticias\/#website","url":"https:\/\/franciscanos.org.br\/noticias\/","name":"Not\u00edcias - Franciscanos","description":"Prov\u00edncia Franciscana da Imaculada Concei\u00e7\u00e3o do Brasil - Ordem dos Frades Menores - OFM","potentialAction":[{"@type":"SearchAction","target":{"@type":"EntryPoint","urlTemplate":"https:\/\/franciscanos.org.br\/noticias\/?s={search_term_string}"},"query-input":"required name=search_term_string"}],"inLanguage":"pt-BR"},{"@type":"ImageObject","inLanguage":"pt-BR","@id":"https:\/\/franciscanos.org.br\/noticias\/papa-esta-vigilante-e-bem-humorado-afirma-medico-que-operou-francisco.html#primaryimage","url":"https:\/\/franciscanos.org.br\/noticias\/wp-content\/uploads\/2023\/06\/papa_08.jpeg","contentUrl":"https:\/\/franciscanos.org.br\/noticias\/wp-content\/uploads\/2023\/06\/papa_08.jpeg","width":1500,"height":844},{"@type":"WebPage","@id":"https:\/\/franciscanos.org.br\/noticias\/papa-esta-vigilante-e-bem-humorado-afirma-medico-que-operou-francisco.html#webpage","url":"https:\/\/franciscanos.org.br\/noticias\/papa-esta-vigilante-e-bem-humorado-afirma-medico-que-operou-francisco.html","name":"Papa est\u00e1 vigilante e bem humorado, afirma m\u00e9dico que operou Francisco - Not\u00edcias - Franciscanos","isPartOf":{"@id":"https:\/\/franciscanos.org.br\/noticias\/#website"},"primaryImageOfPage":{"@id":"https:\/\/franciscanos.org.br\/noticias\/papa-esta-vigilante-e-bem-humorado-afirma-medico-que-operou-francisco.html#primaryimage"},"datePublished":"2023-06-08T09:23:43+00:00","dateModified":"2023-06-08T11:44:27+00:00","author":{"@id":"https:\/\/franciscanos.org.br\/noticias\/#\/schema\/person\/b5c8cba458c330ccff548b056e95a5d4"},"breadcrumb":{"@id":"https:\/\/franciscanos.org.br\/noticias\/papa-esta-vigilante-e-bem-humorado-afirma-medico-que-operou-francisco.html#breadcrumb"},"inLanguage":"pt-BR","potentialAction":[{"@type":"ReadAction","target":["https:\/\/franciscanos.org.br\/noticias\/papa-esta-vigilante-e-bem-humorado-afirma-medico-que-operou-francisco.html"]}]},{"@type":"BreadcrumbList","@id":"https:\/\/franciscanos.org.br\/noticias\/papa-esta-vigilante-e-bem-humorado-afirma-medico-que-operou-francisco.html#breadcrumb","itemListElement":[{"@type":"ListItem","position":1,"name":"Home","item":"https:\/\/franciscanos.org.br\/noticias"},{"@type":"ListItem","position":2,"name":"Papa est\u00e1 vigilante e bem humorado, afirma m\u00e9dico que operou Francisco"}]},{"@type":"Person","@id":"https:\/\/franciscanos.org.br\/noticias\/#\/schema\/person\/b5c8cba458c330ccff548b056e95a5d4","name":"moacir","image":{"@type":"ImageObject","inLanguage":"pt-BR","@id":"https:\/\/franciscanos.org.br\/noticias\/#\/schema\/person\/image\/","url":"https:\/\/secure.gravatar.com\/avatar\/d08aa2ce4c8dd416d4479aa8536fcf64?s=96&d=mm&r=g","contentUrl":"https:\/\/secure.gravatar.com\/avatar\/d08aa2ce4c8dd416d4479aa8536fcf64?s=96&d=mm&r=g","caption":"moacir"},"url":"https:\/\/franciscanos.org.br\/noticias\/author\/moacir"}]}},"_links":{"self":[{"href":"https:\/\/franciscanos.org.br\/noticias\/wp-json\/wp\/v2\/posts\/243681"}],"collection":[{"href":"https:\/\/franciscanos.org.br\/noticias\/wp-json\/wp\/v2\/posts"}],"about":[{"href":"https:\/\/franciscanos.org.br\/noticias\/wp-json\/wp\/v2\/types\/post"}],"author":[{"embeddable":true,"href":"https:\/\/franciscanos.org.br\/noticias\/wp-json\/wp\/v2\/users\/3"}],"replies":[{"embeddable":true,"href":"https:\/\/franciscanos.org.br\/noticias\/wp-json\/wp\/v2\/comments?post=243681"}],"version-history":[{"count":3,"href":"https:\/\/franciscanos.org.br\/noticias\/wp-json\/wp\/v2\/posts\/243681\/revisions"}],"predecessor-version":[{"id":243685,"href":"https:\/\/franciscanos.org.br\/noticias\/wp-json\/wp\/v2\/posts\/243681\/revisions\/243685"}],"wp:featuredmedia":[{"embeddable":true,"href":"https:\/\/franciscanos.org.br\/noticias\/wp-json\/wp\/v2\/media\/243682"}],"wp:attachment":[{"href":"https:\/\/franciscanos.org.br\/noticias\/wp-json\/wp\/v2\/media?parent=243681"}],"wp:term":[{"taxonomy":"category","embeddable":true,"href":"https:\/\/franciscanos.org.br\/noticias\/wp-json\/wp\/v2\/categories?post=243681"},{"taxonomy":"post_tag","embeddable":true,"href":"https:\/\/franciscanos.org.br\/noticias\/wp-json\/wp\/v2\/tags?post=243681"}],"curies":[{"name":"wp","href":"https:\/\/api.w.org\/{rel}","templated":true}]}}