{"id":243667,"date":"2023-06-06T17:15:01","date_gmt":"2023-06-06T20:15:01","guid":{"rendered":"https:\/\/franciscanos.org.br\/noticias\/?p=243667"},"modified":"2023-06-06T17:15:01","modified_gmt":"2023-06-06T20:15:01","slug":"falece-frei-aristides-luiz-pasquali-em-braganca-paulista","status":"publish","type":"post","link":"https:\/\/franciscanos.org.br\/noticias\/falece-frei-aristides-luiz-pasquali-em-braganca-paulista.html","title":{"rendered":"Falece Frei Aristides Luiz Pasquali em Bragan\u00e7a Paulista"},"content":{"rendered":"<p><img loading=\"lazy\" class=\"alignnone wp-image-243668 size-full\" src=\"https:\/\/franciscanos.org.br\/noticias\/wp-content\/uploads\/2023\/06\/aristides_06.jpg\" alt=\"\" width=\"1280\" height=\"720\" srcset=\"https:\/\/franciscanos.org.br\/noticias\/wp-content\/uploads\/2023\/06\/aristides_06.jpg 1280w, https:\/\/franciscanos.org.br\/noticias\/wp-content\/uploads\/2023\/06\/aristides_06-450x253.jpg 450w, https:\/\/franciscanos.org.br\/noticias\/wp-content\/uploads\/2023\/06\/aristides_06-1024x576.jpg 1024w, https:\/\/franciscanos.org.br\/noticias\/wp-content\/uploads\/2023\/06\/aristides_06-768x432.jpg 768w, https:\/\/franciscanos.org.br\/noticias\/wp-content\/uploads\/2023\/06\/aristides_06-150x84.jpg 150w\" sizes=\"(max-width: 1280px) 100vw, 1280px\" \/><\/p>\n<h3><strong>*20\/08\/1937 +06\/06\/2023 (85 anos)<\/strong><\/h3>\n<p>Faleceu, no in\u00edcio da tarde, Frei Aristides (85 anos) ap\u00f3s ter passado por uma cirurgia de emerg\u00eancia no hospital de Bragan\u00e7a Paulista (SP). Frei Aristides sofreu uma grave obstru\u00e7\u00e3o intestinal que levou, j\u00e1 na interna\u00e7\u00e3o, a uma parada card\u00edaca. Tendo sido reanimado, realizou a cirurgia, mas veio a \u00f3bito durante o tempo de recupera\u00e7\u00e3o.<\/p>\n<p>A Fraternidade S\u00e3o Francisco de Assis, de Bragan\u00e7a Paulista (SP), celebrar\u00e1 a Missa exequial \u00e0s 7h30 da quarta-feira, dia 7 de junho, e o enterro acontecer\u00e1 \u00e0s 16h, do mesmo dia, no jazigo da Prov\u00edncia, no Cemit\u00e9rio do Sant\u00edssimo Sacramento, em S\u00e3o Paulo (SP).<\/p>\n<p>Que nosso irm\u00e3o, pela miseric\u00f3rdia de Deus, descanse em paz!<\/p>\n<p><strong>HIST\u00d3RICO<\/strong><\/p>\n<p><strong>Data de Nascimento:<\/strong> 20\/08\/1937 (85 anos)<br \/>\n<strong>Naturalidade:<\/strong> Rodeio (SC)<br \/>\n<strong>Vesti\u00e7\u00e3o<\/strong> na 3\u00aa Ordem: 11\/02\/1955<br \/>\n<strong>Primeira Profiss\u00e3o<\/strong> na 3\u00aa Ordem: 12\/02\/1956 (67 anos de vida religiosa)<br \/>\n<strong>Vesti\u00e7\u00e3o<\/strong> na 1\u00aa Ordem: 03\/05\/1959<br \/>\n<strong>Primeira Profiss\u00e3o<\/strong> (1\u00aa Ordem): 04\/05\/1960<br \/>\n<strong>Profiss\u00e3o Solene:<\/strong> 04\/05\/1963<\/p>\n<p><strong>1955<\/strong> &#8211; Fraternidade S\u00e3o Francisco de Assis (Rodeio, SC), como alfaiate e cuidador do refeit\u00f3rio.<br \/>\n1<strong>956-1959<\/strong> &#8211; Fraternidade S\u00e3o Lu\u00eds de Tolosa (Rio Negro, PR), como alfaiate, porteiro e cuidador do refeit\u00f3rio.<br \/>\n<strong>1960<\/strong> &#8211; Fraternidade S\u00e3o Lu\u00eds de Tolosa (Rio Negro, PR), como alfaiate.<br \/>\n<strong>1961<\/strong> &#8211; Fraternidade do Semin\u00e1rio Santo Ant\u00f4nio (Agudos, SP), como alfaiate.<br \/>\n<strong>1961-1964<\/strong> &#8211; Fraternidade S\u00e3o Lu\u00eds de Tolosa (Rio Negro, PR), como alfaiate.<br \/>\n<strong>1965<\/strong> &#8211; Fraternidade do Semin\u00e1rio Santo Ant\u00f4nio (Agudos, SP), como alfaiate.<br \/>\n<strong>1966<\/strong> &#8211; Fraternidade S\u00e3o Francisco de Assis (Rodeio, SC), como alfaiate.<br \/>\n<strong>1967-1971<\/strong> &#8211; Fraternidade do Semin\u00e1rio Santo Ant\u00f4nio (Agudos, SP), como alfaiate.<br \/>\n<strong>1971-1974<\/strong> &#8211; Fraternidade Sagrado Cora\u00e7\u00e3o de Jesus (Petr\u00f3polis, RJ), como alfaiate.<br \/>\n<strong>1975-1982<\/strong> &#8211; Fraternidade Santo Ant\u00f4nio (Rio de Janeiro, RJ), como alfaiate.<br \/>\n<strong>1983-1991<\/strong> &#8211; Fraternidade S\u00e3o Francisco (S\u00e3o Paulo, SP), como alfaiate.<br \/>\n<strong>1992<\/strong> &#8211; Fraternidade S\u00e3o Francisco de Assis (Bragan\u00e7a Paulista, SP), para estudo de enfermagem.<br \/>\n<strong>1993-1997<\/strong> &#8211; Fraternidade S\u00e3o Boaventura (Campo Largo, PR), para servi\u00e7os de enfermagem.<br \/>\n<strong>1998-2006 &#8211;<\/strong> Fraternidade Sagrado Cora\u00e7\u00e3o de Jesus (Petr\u00f3polis, RJ), para servi\u00e7os de enfermagem.<br \/>\n<strong>2007-2016<\/strong> &#8211; Fraternidade do Semin\u00e1rio Santo Ant\u00f4nio (Agudos, SP), a servi\u00e7o dos frades idosos.<br \/>\n<strong>2016-2023<\/strong> &#8211; Fraternidade S\u00e3o Francisco de Assis (Bragan\u00e7a Paulista, SP), para tratamento de sa\u00fade.<\/p>\n<p><strong>O FRADE MENOR<\/strong><\/p>\n<p>Frei Aristides atribu\u00eda o in\u00edcio de seu discernimento vocacional ao contato que tinha com seu primo Frei Gamaliel, quando este vinha de f\u00e9rias, \u00e0 doutrina que recebia das Irm\u00e3s Catequistas Franciscanas e por ver os frades sempre alegres e contentes. Cultivava a vida espiritual com profundo zelo e a devo\u00e7\u00e3o \u00e0s benditas almas do Purgat\u00f3rio, a Nossa Senhora, a Santo Ant\u00f4nio, a S\u00e3o Francisco de Assis e ao Sagrado Cora\u00e7\u00e3o de Jesus. Sentia que parte dos motivos para a falta de perseveran\u00e7a de alguns irm\u00e3os se devia ao descuido com a ora\u00e7\u00e3o. Foi um irm\u00e3o que se dedicou ao trabalho enquanto p\u00f4de, por muitos anos contribuindo com a Prov\u00edncia como alfaiate, outros tantos como cuidador e enfermeiro dos confrades.<\/p>\n<p><em>Que este confrade, pela miseric\u00f3rdia de Deus, descanse em paz!<\/em><\/p>\n","protected":false},"excerpt":{"rendered":"<p>Prov\u00edncia de Luto<\/p>\n","protected":false},"author":3,"featured_media":243668,"comment_status":"open","ping_status":"open","sticky":false,"template":"","format":"standard","meta":[],"categories":[1],"tags":[1160],"acf":[],"yoast_head":"<!-- This site is optimized with the Yoast SEO plugin v19.2 - https:\/\/yoast.com\/wordpress\/plugins\/seo\/ -->\n<title>Falece Frei Aristides Luiz Pasquali em Bragan\u00e7a Paulista - Not\u00edcias - Franciscanos<\/title>\n<meta name=\"robots\" content=\"index, follow, max-snippet:-1, max-image-preview:large, max-video-preview:-1\" \/>\n<link rel=\"canonical\" href=\"https:\/\/franciscanos.org.br\/noticias\/falece-frei-aristides-luiz-pasquali-em-braganca-paulista.html\" \/>\n<meta property=\"og:locale\" content=\"pt_BR\" \/>\n<meta property=\"og:type\" content=\"article\" \/>\n<meta property=\"og:title\" content=\"Falece Frei Aristides Luiz Pasquali em Bragan\u00e7a Paulista - Not\u00edcias - Franciscanos\" \/>\n<meta property=\"og:description\" content=\"Prov\u00edncia de Luto\" \/>\n<meta property=\"og:url\" content=\"https:\/\/franciscanos.org.br\/noticias\/falece-frei-aristides-luiz-pasquali-em-braganca-paulista.html\" \/>\n<meta property=\"og:site_name\" content=\"Not\u00edcias - Franciscanos\" \/>\n<meta property=\"article:published_time\" content=\"2023-06-06T20:15:01+00:00\" \/>\n<meta property=\"og:image\" content=\"https:\/\/franciscanos.org.br\/noticias\/wp-content\/uploads\/2023\/06\/aristides_06.jpg\" \/>\n\t<meta property=\"og:image:width\" content=\"1280\" \/>\n\t<meta property=\"og:image:height\" content=\"720\" \/>\n\t<meta property=\"og:image:type\" content=\"image\/jpeg\" \/>\n<meta name=\"author\" content=\"moacir\" \/>\n<meta name=\"twitter:card\" content=\"summary_large_image\" \/>\n<meta name=\"twitter:label1\" content=\"Escrito por\" \/>\n\t<meta name=\"twitter:data1\" content=\"moacir\" \/>\n\t<meta name=\"twitter:label2\" content=\"Est. tempo de leitura\" \/>\n\t<meta name=\"twitter:data2\" content=\"3 minutos\" \/>\n<script type=\"application\/ld+json\" class=\"yoast-schema-graph\">{\"@context\":\"https:\/\/schema.org\",\"@graph\":[{\"@type\":\"WebSite\",\"@id\":\"https:\/\/franciscanos.org.br\/noticias\/#website\",\"url\":\"https:\/\/franciscanos.org.br\/noticias\/\",\"name\":\"Not\u00edcias - Franciscanos\",\"description\":\"Prov\u00edncia Franciscana da Imaculada Concei\u00e7\u00e3o do Brasil - Ordem dos Frades Menores - OFM\",\"potentialAction\":[{\"@type\":\"SearchAction\",\"target\":{\"@type\":\"EntryPoint\",\"urlTemplate\":\"https:\/\/franciscanos.org.br\/noticias\/?s={search_term_string}\"},\"query-input\":\"required name=search_term_string\"}],\"inLanguage\":\"pt-BR\"},{\"@type\":\"ImageObject\",\"inLanguage\":\"pt-BR\",\"@id\":\"https:\/\/franciscanos.org.br\/noticias\/falece-frei-aristides-luiz-pasquali-em-braganca-paulista.html#primaryimage\",\"url\":\"https:\/\/franciscanos.org.br\/noticias\/wp-content\/uploads\/2023\/06\/aristides_06.jpg\",\"contentUrl\":\"https:\/\/franciscanos.org.br\/noticias\/wp-content\/uploads\/2023\/06\/aristides_06.jpg\",\"width\":1280,\"height\":720},{\"@type\":\"WebPage\",\"@id\":\"https:\/\/franciscanos.org.br\/noticias\/falece-frei-aristides-luiz-pasquali-em-braganca-paulista.html#webpage\",\"url\":\"https:\/\/franciscanos.org.br\/noticias\/falece-frei-aristides-luiz-pasquali-em-braganca-paulista.html\",\"name\":\"Falece Frei Aristides Luiz Pasquali em Bragan\u00e7a Paulista - Not\u00edcias - Franciscanos\",\"isPartOf\":{\"@id\":\"https:\/\/franciscanos.org.br\/noticias\/#website\"},\"primaryImageOfPage\":{\"@id\":\"https:\/\/franciscanos.org.br\/noticias\/falece-frei-aristides-luiz-pasquali-em-braganca-paulista.html#primaryimage\"},\"datePublished\":\"2023-06-06T20:15:01+00:00\",\"dateModified\":\"2023-06-06T20:15:01+00:00\",\"author\":{\"@id\":\"https:\/\/franciscanos.org.br\/noticias\/#\/schema\/person\/b5c8cba458c330ccff548b056e95a5d4\"},\"breadcrumb\":{\"@id\":\"https:\/\/franciscanos.org.br\/noticias\/falece-frei-aristides-luiz-pasquali-em-braganca-paulista.html#breadcrumb\"},\"inLanguage\":\"pt-BR\",\"potentialAction\":[{\"@type\":\"ReadAction\",\"target\":[\"https:\/\/franciscanos.org.br\/noticias\/falece-frei-aristides-luiz-pasquali-em-braganca-paulista.html\"]}]},{\"@type\":\"BreadcrumbList\",\"@id\":\"https:\/\/franciscanos.org.br\/noticias\/falece-frei-aristides-luiz-pasquali-em-braganca-paulista.html#breadcrumb\",\"itemListElement\":[{\"@type\":\"ListItem\",\"position\":1,\"name\":\"Home\",\"item\":\"https:\/\/franciscanos.org.br\/noticias\"},{\"@type\":\"ListItem\",\"position\":2,\"name\":\"Falece Frei Aristides Luiz Pasquali em Bragan\u00e7a Paulista\"}]},{\"@type\":\"Person\",\"@id\":\"https:\/\/franciscanos.org.br\/noticias\/#\/schema\/person\/b5c8cba458c330ccff548b056e95a5d4\",\"name\":\"moacir\",\"image\":{\"@type\":\"ImageObject\",\"inLanguage\":\"pt-BR\",\"@id\":\"https:\/\/franciscanos.org.br\/noticias\/#\/schema\/person\/image\/\",\"url\":\"https:\/\/secure.gravatar.com\/avatar\/d08aa2ce4c8dd416d4479aa8536fcf64?s=96&d=mm&r=g\",\"contentUrl\":\"https:\/\/secure.gravatar.com\/avatar\/d08aa2ce4c8dd416d4479aa8536fcf64?s=96&d=mm&r=g\",\"caption\":\"moacir\"},\"url\":\"https:\/\/franciscanos.org.br\/noticias\/author\/moacir\"}]}<\/script>\n<!-- \/ Yoast SEO plugin. -->","yoast_head_json":{"title":"Falece Frei Aristides Luiz Pasquali em Bragan\u00e7a Paulista - Not\u00edcias - Franciscanos","robots":{"index":"index","follow":"follow","max-snippet":"max-snippet:-1","max-image-preview":"max-image-preview:large","max-video-preview":"max-video-preview:-1"},"canonical":"https:\/\/franciscanos.org.br\/noticias\/falece-frei-aristides-luiz-pasquali-em-braganca-paulista.html","og_locale":"pt_BR","og_type":"article","og_title":"Falece Frei Aristides Luiz Pasquali em Bragan\u00e7a Paulista - Not\u00edcias - Franciscanos","og_description":"Prov\u00edncia de Luto","og_url":"https:\/\/franciscanos.org.br\/noticias\/falece-frei-aristides-luiz-pasquali-em-braganca-paulista.html","og_site_name":"Not\u00edcias - Franciscanos","article_published_time":"2023-06-06T20:15:01+00:00","og_image":[{"width":1280,"height":720,"url":"https:\/\/franciscanos.org.br\/noticias\/wp-content\/uploads\/2023\/06\/aristides_06.jpg","type":"image\/jpeg"}],"author":"moacir","twitter_card":"summary_large_image","twitter_misc":{"Escrito por":"moacir","Est. tempo de leitura":"3 minutos"},"schema":{"@context":"https:\/\/schema.org","@graph":[{"@type":"WebSite","@id":"https:\/\/franciscanos.org.br\/noticias\/#website","url":"https:\/\/franciscanos.org.br\/noticias\/","name":"Not\u00edcias - Franciscanos","description":"Prov\u00edncia Franciscana da Imaculada Concei\u00e7\u00e3o do Brasil - Ordem dos Frades Menores - OFM","potentialAction":[{"@type":"SearchAction","target":{"@type":"EntryPoint","urlTemplate":"https:\/\/franciscanos.org.br\/noticias\/?s={search_term_string}"},"query-input":"required name=search_term_string"}],"inLanguage":"pt-BR"},{"@type":"ImageObject","inLanguage":"pt-BR","@id":"https:\/\/franciscanos.org.br\/noticias\/falece-frei-aristides-luiz-pasquali-em-braganca-paulista.html#primaryimage","url":"https:\/\/franciscanos.org.br\/noticias\/wp-content\/uploads\/2023\/06\/aristides_06.jpg","contentUrl":"https:\/\/franciscanos.org.br\/noticias\/wp-content\/uploads\/2023\/06\/aristides_06.jpg","width":1280,"height":720},{"@type":"WebPage","@id":"https:\/\/franciscanos.org.br\/noticias\/falece-frei-aristides-luiz-pasquali-em-braganca-paulista.html#webpage","url":"https:\/\/franciscanos.org.br\/noticias\/falece-frei-aristides-luiz-pasquali-em-braganca-paulista.html","name":"Falece Frei Aristides Luiz Pasquali em Bragan\u00e7a Paulista - Not\u00edcias - Franciscanos","isPartOf":{"@id":"https:\/\/franciscanos.org.br\/noticias\/#website"},"primaryImageOfPage":{"@id":"https:\/\/franciscanos.org.br\/noticias\/falece-frei-aristides-luiz-pasquali-em-braganca-paulista.html#primaryimage"},"datePublished":"2023-06-06T20:15:01+00:00","dateModified":"2023-06-06T20:15:01+00:00","author":{"@id":"https:\/\/franciscanos.org.br\/noticias\/#\/schema\/person\/b5c8cba458c330ccff548b056e95a5d4"},"breadcrumb":{"@id":"https:\/\/franciscanos.org.br\/noticias\/falece-frei-aristides-luiz-pasquali-em-braganca-paulista.html#breadcrumb"},"inLanguage":"pt-BR","potentialAction":[{"@type":"ReadAction","target":["https:\/\/franciscanos.org.br\/noticias\/falece-frei-aristides-luiz-pasquali-em-braganca-paulista.html"]}]},{"@type":"BreadcrumbList","@id":"https:\/\/franciscanos.org.br\/noticias\/falece-frei-aristides-luiz-pasquali-em-braganca-paulista.html#breadcrumb","itemListElement":[{"@type":"ListItem","position":1,"name":"Home","item":"https:\/\/franciscanos.org.br\/noticias"},{"@type":"ListItem","position":2,"name":"Falece Frei Aristides Luiz Pasquali em Bragan\u00e7a Paulista"}]},{"@type":"Person","@id":"https:\/\/franciscanos.org.br\/noticias\/#\/schema\/person\/b5c8cba458c330ccff548b056e95a5d4","name":"moacir","image":{"@type":"ImageObject","inLanguage":"pt-BR","@id":"https:\/\/franciscanos.org.br\/noticias\/#\/schema\/person\/image\/","url":"https:\/\/secure.gravatar.com\/avatar\/d08aa2ce4c8dd416d4479aa8536fcf64?s=96&d=mm&r=g","contentUrl":"https:\/\/secure.gravatar.com\/avatar\/d08aa2ce4c8dd416d4479aa8536fcf64?s=96&d=mm&r=g","caption":"moacir"},"url":"https:\/\/franciscanos.org.br\/noticias\/author\/moacir"}]}},"_links":{"self":[{"href":"https:\/\/franciscanos.org.br\/noticias\/wp-json\/wp\/v2\/posts\/243667"}],"collection":[{"href":"https:\/\/franciscanos.org.br\/noticias\/wp-json\/wp\/v2\/posts"}],"about":[{"href":"https:\/\/franciscanos.org.br\/noticias\/wp-json\/wp\/v2\/types\/post"}],"author":[{"embeddable":true,"href":"https:\/\/franciscanos.org.br\/noticias\/wp-json\/wp\/v2\/users\/3"}],"replies":[{"embeddable":true,"href":"https:\/\/franciscanos.org.br\/noticias\/wp-json\/wp\/v2\/comments?post=243667"}],"version-history":[{"count":1,"href":"https:\/\/franciscanos.org.br\/noticias\/wp-json\/wp\/v2\/posts\/243667\/revisions"}],"predecessor-version":[{"id":243669,"href":"https:\/\/franciscanos.org.br\/noticias\/wp-json\/wp\/v2\/posts\/243667\/revisions\/243669"}],"wp:featuredmedia":[{"embeddable":true,"href":"https:\/\/franciscanos.org.br\/noticias\/wp-json\/wp\/v2\/media\/243668"}],"wp:attachment":[{"href":"https:\/\/franciscanos.org.br\/noticias\/wp-json\/wp\/v2\/media?parent=243667"}],"wp:term":[{"taxonomy":"category","embeddable":true,"href":"https:\/\/franciscanos.org.br\/noticias\/wp-json\/wp\/v2\/categories?post=243667"},{"taxonomy":"post_tag","embeddable":true,"href":"https:\/\/franciscanos.org.br\/noticias\/wp-json\/wp\/v2\/tags?post=243667"}],"curies":[{"name":"wp","href":"https:\/\/api.w.org\/{rel}","templated":true}]}}