{"id":243652,"date":"2023-06-05T09:10:57","date_gmt":"2023-06-05T12:10:57","guid":{"rendered":"https:\/\/franciscanos.org.br\/noticias\/?p=243652"},"modified":"2025-03-10T15:36:59","modified_gmt":"2025-03-10T18:36:59","slug":"tem-inicio-a-experiencia-das-fraternidades-de-acolhimento-vocacional","status":"publish","type":"post","link":"https:\/\/franciscanos.org.br\/noticias\/tem-inicio-a-experiencia-das-fraternidades-de-acolhimento-vocacional.html","title":{"rendered":"Tem in\u00edcio a experi\u00eancia das Fraternidades de Acolhimento Vocacional"},"content":{"rendered":"<p><img loading=\"lazy\" class=\"alignnone wp-image-243653 size-full\" src=\"https:\/\/franciscanos.org.br\/noticias\/wp-content\/uploads\/2023\/06\/aspirantes_056.jpg\" alt=\"\" width=\"1200\" height=\"760\" srcset=\"https:\/\/franciscanos.org.br\/noticias\/wp-content\/uploads\/2023\/06\/aspirantes_056.jpg 1200w, https:\/\/franciscanos.org.br\/noticias\/wp-content\/uploads\/2023\/06\/aspirantes_056-450x285.jpg 450w, https:\/\/franciscanos.org.br\/noticias\/wp-content\/uploads\/2023\/06\/aspirantes_056-1024x649.jpg 1024w, https:\/\/franciscanos.org.br\/noticias\/wp-content\/uploads\/2023\/06\/aspirantes_056-768x486.jpg 768w, https:\/\/franciscanos.org.br\/noticias\/wp-content\/uploads\/2023\/06\/aspirantes_056-150x95.jpg 150w\" sizes=\"(max-width: 1200px) 100vw, 1200px\" \/><\/p>\n<p><em>\u201cEnviou-os, dois a dois, adiante de si, por todas as cidades e lugares para onde ele tinha de ir.\u201d (S\u00e3o Lucas 10).<\/em><\/p>\n<p>Nesta segunda-feira (05\/06), os aspirantes de Ituporanga-SC, foram enviados \u201cdois a dois\u201d para as Fraternidades de Acolhimento Vocacional (FAVs)! Com o desejo de fazer com que estes jovens tenham um profundo discernimento e acompanhamento vocacional, cada dupla recebeu um destino para uma Fraternidade aqui no Sul do Brasil, para vivenciar de modo concreto o Carisma da Ordem dos Frades Menores. Cada jovem pertence a um Estado da nossa Prov\u00edncia Franciscana da Imaculada Concei\u00e7\u00e3o do Brasil, os aspirantes se encontram num verdadeiro e santo esp\u00edrito de entusiasmo para colocar em pr\u00e1tica tudo aquilo que aprenderam nestes quatro meses de forma\u00e7\u00e3o e vida fraterna, realizados no Semin\u00e1rio S\u00e3o Francisco de Assis, na Cidade de Ituporanga em Santa Catarina.<\/p>\n<p>O anseio destes jovens \u00e9 de aprender cada vez mais o que \u00e9 ser Frade Menor Franciscano, n\u00e3o somente no ambiente formativo nas salas de estudos, mas de fato por meio da pr\u00e1tica cotidiana nas diferentes Fraternidades que est\u00e3o sendo enviados! Enfrentando seus medos e desafios (inclusive o frio do inverno catarinense).<\/p>\n<p>A miss\u00e3o destes jovens tem como ponto de partida hoje, e ser\u00e1 conclu\u00eddo no dia 31 de julho 2023. As fraternidades escolhidas foram todas no Sul do Brasil: Conc\u00f3rdia (SC): Aspirantes: Allan Henrique Santos e Luciano Ferreira Leite; Lages (SC): Aspirantes: Francisco Ivan da Silva J\u00fanior e Gabriel dos Santos Filiposki; Ituporanga (SC): Aspirante: Levy Allex Gomes Vitorino; Santo Amaro da Imperatriz (SC): Luis Naldo Rodrigues da Concei\u00e7\u00e3o e Rafael dos Santos Meduna; e Chopinzinho (PR): Aspirantes: Mateus Henrique Fuck e Rafael Teixeira de Resende.<\/p>\n<p>Que S\u00e3o Francisco de Assis, neste Ano Vocacional, suscite mais voca\u00e7\u00f5es para a Santa Igreja!<\/p>\n<hr \/>\n<p><em>Equipe de Comunica\u00e7\u00e3o\u00a0do\u00a0Aspirantado.<\/em><\/p>\n","protected":false},"excerpt":{"rendered":"<p>Forma\u00e7\u00e3o e Estudos<\/p>\n","protected":false},"author":3,"featured_media":243653,"comment_status":"open","ping_status":"open","sticky":false,"template":"","format":"standard","meta":[],"categories":[1],"tags":[650,2056],"acf":[],"yoast_head":"<!-- This site is optimized with the Yoast SEO plugin v19.2 - https:\/\/yoast.com\/wordpress\/plugins\/seo\/ -->\n<title>Tem in\u00edcio a experi\u00eancia das Fraternidades de Acolhimento Vocacional - Not\u00edcias - Franciscanos<\/title>\n<meta name=\"robots\" content=\"index, follow, max-snippet:-1, max-image-preview:large, max-video-preview:-1\" \/>\n<link rel=\"canonical\" href=\"https:\/\/franciscanos.org.br\/noticias\/tem-inicio-a-experiencia-das-fraternidades-de-acolhimento-vocacional.html\" \/>\n<meta property=\"og:locale\" content=\"pt_BR\" \/>\n<meta property=\"og:type\" content=\"article\" \/>\n<meta property=\"og:title\" content=\"Tem in\u00edcio a experi\u00eancia das Fraternidades de Acolhimento Vocacional - Not\u00edcias - Franciscanos\" \/>\n<meta property=\"og:description\" content=\"Forma\u00e7\u00e3o e Estudos\" \/>\n<meta property=\"og:url\" content=\"https:\/\/franciscanos.org.br\/noticias\/tem-inicio-a-experiencia-das-fraternidades-de-acolhimento-vocacional.html\" \/>\n<meta property=\"og:site_name\" content=\"Not\u00edcias - Franciscanos\" \/>\n<meta property=\"article:published_time\" content=\"2023-06-05T12:10:57+00:00\" \/>\n<meta property=\"article:modified_time\" content=\"2025-03-10T18:36:59+00:00\" \/>\n<meta property=\"og:image\" content=\"https:\/\/franciscanos.org.br\/noticias\/wp-content\/uploads\/2023\/06\/aspirantes_056.jpg\" \/>\n\t<meta property=\"og:image:width\" content=\"1200\" \/>\n\t<meta property=\"og:image:height\" content=\"760\" \/>\n\t<meta property=\"og:image:type\" content=\"image\/jpeg\" \/>\n<meta name=\"author\" content=\"moacir\" \/>\n<meta name=\"twitter:card\" content=\"summary_large_image\" \/>\n<meta name=\"twitter:label1\" content=\"Escrito por\" \/>\n\t<meta name=\"twitter:data1\" content=\"moacir\" \/>\n\t<meta name=\"twitter:label2\" content=\"Est. tempo de leitura\" \/>\n\t<meta name=\"twitter:data2\" content=\"2 minutos\" \/>\n<script type=\"application\/ld+json\" class=\"yoast-schema-graph\">{\"@context\":\"https:\/\/schema.org\",\"@graph\":[{\"@type\":\"WebSite\",\"@id\":\"https:\/\/franciscanos.org.br\/noticias\/#website\",\"url\":\"https:\/\/franciscanos.org.br\/noticias\/\",\"name\":\"Not\u00edcias - Franciscanos\",\"description\":\"Prov\u00edncia Franciscana da Imaculada Concei\u00e7\u00e3o do Brasil - Ordem dos Frades Menores - OFM\",\"potentialAction\":[{\"@type\":\"SearchAction\",\"target\":{\"@type\":\"EntryPoint\",\"urlTemplate\":\"https:\/\/franciscanos.org.br\/noticias\/?s={search_term_string}\"},\"query-input\":\"required name=search_term_string\"}],\"inLanguage\":\"pt-BR\"},{\"@type\":\"ImageObject\",\"inLanguage\":\"pt-BR\",\"@id\":\"https:\/\/franciscanos.org.br\/noticias\/tem-inicio-a-experiencia-das-fraternidades-de-acolhimento-vocacional.html#primaryimage\",\"url\":\"https:\/\/franciscanos.org.br\/noticias\/wp-content\/uploads\/2023\/06\/aspirantes_056.jpg\",\"contentUrl\":\"https:\/\/franciscanos.org.br\/noticias\/wp-content\/uploads\/2023\/06\/aspirantes_056.jpg\",\"width\":1200,\"height\":760},{\"@type\":\"WebPage\",\"@id\":\"https:\/\/franciscanos.org.br\/noticias\/tem-inicio-a-experiencia-das-fraternidades-de-acolhimento-vocacional.html#webpage\",\"url\":\"https:\/\/franciscanos.org.br\/noticias\/tem-inicio-a-experiencia-das-fraternidades-de-acolhimento-vocacional.html\",\"name\":\"Tem in\u00edcio a experi\u00eancia das Fraternidades de Acolhimento Vocacional - Not\u00edcias - Franciscanos\",\"isPartOf\":{\"@id\":\"https:\/\/franciscanos.org.br\/noticias\/#website\"},\"primaryImageOfPage\":{\"@id\":\"https:\/\/franciscanos.org.br\/noticias\/tem-inicio-a-experiencia-das-fraternidades-de-acolhimento-vocacional.html#primaryimage\"},\"datePublished\":\"2023-06-05T12:10:57+00:00\",\"dateModified\":\"2025-03-10T18:36:59+00:00\",\"author\":{\"@id\":\"https:\/\/franciscanos.org.br\/noticias\/#\/schema\/person\/b5c8cba458c330ccff548b056e95a5d4\"},\"breadcrumb\":{\"@id\":\"https:\/\/franciscanos.org.br\/noticias\/tem-inicio-a-experiencia-das-fraternidades-de-acolhimento-vocacional.html#breadcrumb\"},\"inLanguage\":\"pt-BR\",\"potentialAction\":[{\"@type\":\"ReadAction\",\"target\":[\"https:\/\/franciscanos.org.br\/noticias\/tem-inicio-a-experiencia-das-fraternidades-de-acolhimento-vocacional.html\"]}]},{\"@type\":\"BreadcrumbList\",\"@id\":\"https:\/\/franciscanos.org.br\/noticias\/tem-inicio-a-experiencia-das-fraternidades-de-acolhimento-vocacional.html#breadcrumb\",\"itemListElement\":[{\"@type\":\"ListItem\",\"position\":1,\"name\":\"Home\",\"item\":\"https:\/\/franciscanos.org.br\/noticias\"},{\"@type\":\"ListItem\",\"position\":2,\"name\":\"Tem in\u00edcio a experi\u00eancia das Fraternidades de Acolhimento Vocacional\"}]},{\"@type\":\"Person\",\"@id\":\"https:\/\/franciscanos.org.br\/noticias\/#\/schema\/person\/b5c8cba458c330ccff548b056e95a5d4\",\"name\":\"moacir\",\"image\":{\"@type\":\"ImageObject\",\"inLanguage\":\"pt-BR\",\"@id\":\"https:\/\/franciscanos.org.br\/noticias\/#\/schema\/person\/image\/\",\"url\":\"https:\/\/secure.gravatar.com\/avatar\/d08aa2ce4c8dd416d4479aa8536fcf64?s=96&d=mm&r=g\",\"contentUrl\":\"https:\/\/secure.gravatar.com\/avatar\/d08aa2ce4c8dd416d4479aa8536fcf64?s=96&d=mm&r=g\",\"caption\":\"moacir\"},\"url\":\"https:\/\/franciscanos.org.br\/noticias\/author\/moacir\"}]}<\/script>\n<!-- \/ Yoast SEO plugin. -->","yoast_head_json":{"title":"Tem in\u00edcio a experi\u00eancia das Fraternidades de Acolhimento Vocacional - Not\u00edcias - Franciscanos","robots":{"index":"index","follow":"follow","max-snippet":"max-snippet:-1","max-image-preview":"max-image-preview:large","max-video-preview":"max-video-preview:-1"},"canonical":"https:\/\/franciscanos.org.br\/noticias\/tem-inicio-a-experiencia-das-fraternidades-de-acolhimento-vocacional.html","og_locale":"pt_BR","og_type":"article","og_title":"Tem in\u00edcio a experi\u00eancia das Fraternidades de Acolhimento Vocacional - Not\u00edcias - Franciscanos","og_description":"Forma\u00e7\u00e3o e Estudos","og_url":"https:\/\/franciscanos.org.br\/noticias\/tem-inicio-a-experiencia-das-fraternidades-de-acolhimento-vocacional.html","og_site_name":"Not\u00edcias - Franciscanos","article_published_time":"2023-06-05T12:10:57+00:00","article_modified_time":"2025-03-10T18:36:59+00:00","og_image":[{"width":1200,"height":760,"url":"https:\/\/franciscanos.org.br\/noticias\/wp-content\/uploads\/2023\/06\/aspirantes_056.jpg","type":"image\/jpeg"}],"author":"moacir","twitter_card":"summary_large_image","twitter_misc":{"Escrito por":"moacir","Est. tempo de leitura":"2 minutos"},"schema":{"@context":"https:\/\/schema.org","@graph":[{"@type":"WebSite","@id":"https:\/\/franciscanos.org.br\/noticias\/#website","url":"https:\/\/franciscanos.org.br\/noticias\/","name":"Not\u00edcias - Franciscanos","description":"Prov\u00edncia Franciscana da Imaculada Concei\u00e7\u00e3o do Brasil - Ordem dos Frades Menores - OFM","potentialAction":[{"@type":"SearchAction","target":{"@type":"EntryPoint","urlTemplate":"https:\/\/franciscanos.org.br\/noticias\/?s={search_term_string}"},"query-input":"required name=search_term_string"}],"inLanguage":"pt-BR"},{"@type":"ImageObject","inLanguage":"pt-BR","@id":"https:\/\/franciscanos.org.br\/noticias\/tem-inicio-a-experiencia-das-fraternidades-de-acolhimento-vocacional.html#primaryimage","url":"https:\/\/franciscanos.org.br\/noticias\/wp-content\/uploads\/2023\/06\/aspirantes_056.jpg","contentUrl":"https:\/\/franciscanos.org.br\/noticias\/wp-content\/uploads\/2023\/06\/aspirantes_056.jpg","width":1200,"height":760},{"@type":"WebPage","@id":"https:\/\/franciscanos.org.br\/noticias\/tem-inicio-a-experiencia-das-fraternidades-de-acolhimento-vocacional.html#webpage","url":"https:\/\/franciscanos.org.br\/noticias\/tem-inicio-a-experiencia-das-fraternidades-de-acolhimento-vocacional.html","name":"Tem in\u00edcio a experi\u00eancia das Fraternidades de Acolhimento Vocacional - Not\u00edcias - Franciscanos","isPartOf":{"@id":"https:\/\/franciscanos.org.br\/noticias\/#website"},"primaryImageOfPage":{"@id":"https:\/\/franciscanos.org.br\/noticias\/tem-inicio-a-experiencia-das-fraternidades-de-acolhimento-vocacional.html#primaryimage"},"datePublished":"2023-06-05T12:10:57+00:00","dateModified":"2025-03-10T18:36:59+00:00","author":{"@id":"https:\/\/franciscanos.org.br\/noticias\/#\/schema\/person\/b5c8cba458c330ccff548b056e95a5d4"},"breadcrumb":{"@id":"https:\/\/franciscanos.org.br\/noticias\/tem-inicio-a-experiencia-das-fraternidades-de-acolhimento-vocacional.html#breadcrumb"},"inLanguage":"pt-BR","potentialAction":[{"@type":"ReadAction","target":["https:\/\/franciscanos.org.br\/noticias\/tem-inicio-a-experiencia-das-fraternidades-de-acolhimento-vocacional.html"]}]},{"@type":"BreadcrumbList","@id":"https:\/\/franciscanos.org.br\/noticias\/tem-inicio-a-experiencia-das-fraternidades-de-acolhimento-vocacional.html#breadcrumb","itemListElement":[{"@type":"ListItem","position":1,"name":"Home","item":"https:\/\/franciscanos.org.br\/noticias"},{"@type":"ListItem","position":2,"name":"Tem in\u00edcio a experi\u00eancia das Fraternidades de Acolhimento Vocacional"}]},{"@type":"Person","@id":"https:\/\/franciscanos.org.br\/noticias\/#\/schema\/person\/b5c8cba458c330ccff548b056e95a5d4","name":"moacir","image":{"@type":"ImageObject","inLanguage":"pt-BR","@id":"https:\/\/franciscanos.org.br\/noticias\/#\/schema\/person\/image\/","url":"https:\/\/secure.gravatar.com\/avatar\/d08aa2ce4c8dd416d4479aa8536fcf64?s=96&d=mm&r=g","contentUrl":"https:\/\/secure.gravatar.com\/avatar\/d08aa2ce4c8dd416d4479aa8536fcf64?s=96&d=mm&r=g","caption":"moacir"},"url":"https:\/\/franciscanos.org.br\/noticias\/author\/moacir"}]}},"_links":{"self":[{"href":"https:\/\/franciscanos.org.br\/noticias\/wp-json\/wp\/v2\/posts\/243652"}],"collection":[{"href":"https:\/\/franciscanos.org.br\/noticias\/wp-json\/wp\/v2\/posts"}],"about":[{"href":"https:\/\/franciscanos.org.br\/noticias\/wp-json\/wp\/v2\/types\/post"}],"author":[{"embeddable":true,"href":"https:\/\/franciscanos.org.br\/noticias\/wp-json\/wp\/v2\/users\/3"}],"replies":[{"embeddable":true,"href":"https:\/\/franciscanos.org.br\/noticias\/wp-json\/wp\/v2\/comments?post=243652"}],"version-history":[{"count":1,"href":"https:\/\/franciscanos.org.br\/noticias\/wp-json\/wp\/v2\/posts\/243652\/revisions"}],"predecessor-version":[{"id":243654,"href":"https:\/\/franciscanos.org.br\/noticias\/wp-json\/wp\/v2\/posts\/243652\/revisions\/243654"}],"wp:featuredmedia":[{"embeddable":true,"href":"https:\/\/franciscanos.org.br\/noticias\/wp-json\/wp\/v2\/media\/243653"}],"wp:attachment":[{"href":"https:\/\/franciscanos.org.br\/noticias\/wp-json\/wp\/v2\/media?parent=243652"}],"wp:term":[{"taxonomy":"category","embeddable":true,"href":"https:\/\/franciscanos.org.br\/noticias\/wp-json\/wp\/v2\/categories?post=243652"},{"taxonomy":"post_tag","embeddable":true,"href":"https:\/\/franciscanos.org.br\/noticias\/wp-json\/wp\/v2\/tags?post=243652"}],"curies":[{"name":"wp","href":"https:\/\/api.w.org\/{rel}","templated":true}]}}