{"id":243632,"date":"2023-06-02T08:15:21","date_gmt":"2023-06-02T11:15:21","guid":{"rendered":"https:\/\/franciscanos.org.br\/noticias\/?p=243632"},"modified":"2023-06-02T08:15:21","modified_gmt":"2023-06-02T11:15:21","slug":"santo-antonio-nas-casas-de-leis","status":"publish","type":"post","link":"https:\/\/franciscanos.org.br\/noticias\/santo-antonio-nas-casas-de-leis.html","title":{"rendered":"Santo Ant\u00f4nio nas Casas de Leis"},"content":{"rendered":"<p><img loading=\"lazy\" class=\"alignnone size-full wp-image-243633\" src=\"https:\/\/franciscanos.org.br\/noticias\/wp-content\/uploads\/2023\/06\/segundodia_01.jpg\" alt=\"\" width=\"1280\" height=\"720\" srcset=\"https:\/\/franciscanos.org.br\/noticias\/wp-content\/uploads\/2023\/06\/segundodia_01.jpg 1280w, https:\/\/franciscanos.org.br\/noticias\/wp-content\/uploads\/2023\/06\/segundodia_01-450x253.jpg 450w, https:\/\/franciscanos.org.br\/noticias\/wp-content\/uploads\/2023\/06\/segundodia_01-1024x576.jpg 1024w, https:\/\/franciscanos.org.br\/noticias\/wp-content\/uploads\/2023\/06\/segundodia_01-768x432.jpg 768w, https:\/\/franciscanos.org.br\/noticias\/wp-content\/uploads\/2023\/06\/segundodia_01-150x84.jpg 150w\" sizes=\"(max-width: 1280px) 100vw, 1280px\" \/><\/p>\n<p>Depois de receber honras militares na Marinha, nesta quinta-feira, 1\u00ba de junho, foi o dia em que a Imagem Peregrina de Santo Ant\u00f4nio visitou as Casas Legislativas do Munic\u00edpio e do Estado do Rio de Janeiro. \u00c0s 10h, a imagem, conduzida por seguran\u00e7as da Casa, subiu as escadarias do Pal\u00e1cio Pedro Ernesto, na Cinel\u00e2ndia, sede do Legislativo Municipal. Acompanharam o Santo, o guardi\u00e3o, Frei Walter Ferreira Junior, o pregador da Trezena, Frei Gabriel Dellandrea, e Frei Gustavo Medella. A imagem foi recebida pelo Coral da C\u00e2mara Municipal, sob a reg\u00eancia da Maestrina Cassia Borja, entoando a Ora\u00e7\u00e3o de S\u00e3o Francisco. Tamb\u00e9m participaram da celebra\u00e7\u00e3o de b\u00ean\u00e7\u00e3o o presidente da C\u00e2mara, Vereador Carlo Caiado, o Primeiro Secret\u00e1rio, Vereador Rafael Aloisio Freitas e, representando o Prefeito Eduardo Paes, o Secret\u00e1rio Municipal de Educa\u00e7\u00e3o, Renan Ferreirinha, al\u00e9m de funcion\u00e1rios e visitantes.<\/p>\n<p>Na breve reflex\u00e3o que conduziu, Frei Gustavo Medella recordou a proximidade f\u00edsica, hist\u00f3rica e tamb\u00e9m afetiva que existe entre o Convento Santo Ant\u00f4nio e a C\u00e2mara Municipal. \u201cEsta proximidade \u00e9 real e palp\u00e1vel. E para evidenciar de Santo Ant\u00f4nio \u00e9 de fato amigo do povo carioca e de todos que trabalham e frequentam esta casa, \u00e9 que hoje estamos aqui, pedindo b\u00ean\u00e7\u00e3os generosas para voc\u00eas, suas fam\u00edlias e seus trabalhos. Contem sempre com o aux\u00edlio e a prote\u00e7\u00e3o de Santo Ant\u00f4nio junto a Deus\u201d, motivou Frei Gustavo. Em nome dos anfitri\u00f5es, falaram os Vereadores Carlo Caiado e Rafael Freitas, agradecendo a presen\u00e7a da imagem, dos frades e as b\u00ean\u00e7\u00e3os que esta visita representava como for\u00e7a diante da dif\u00edcil e exigente miss\u00e3o da Casa Legislativa.<\/p>\n<p><img loading=\"lazy\" class=\"alignnone wp-image-243634 size-full\" src=\"https:\/\/franciscanos.org.br\/noticias\/wp-content\/uploads\/2023\/06\/segundodia_07.jpg\" alt=\"\" width=\"1200\" height=\"1472\" srcset=\"https:\/\/franciscanos.org.br\/noticias\/wp-content\/uploads\/2023\/06\/segundodia_07.jpg 880w, https:\/\/franciscanos.org.br\/noticias\/wp-content\/uploads\/2023\/06\/segundodia_07-367x450.jpg 367w, https:\/\/franciscanos.org.br\/noticias\/wp-content\/uploads\/2023\/06\/segundodia_07-835x1024.jpg 835w, https:\/\/franciscanos.org.br\/noticias\/wp-content\/uploads\/2023\/06\/segundodia_07-768x942.jpg 768w, https:\/\/franciscanos.org.br\/noticias\/wp-content\/uploads\/2023\/06\/segundodia_07-150x184.jpg 150w\" sizes=\"(max-width: 1200px) 100vw, 1200px\" \/><\/p>\n<p>Durante a b\u00ean\u00e7\u00e3o dos p\u00e3es, vereadores anfitri\u00f5es e o Secret\u00e1rio de Educa\u00e7\u00e3o foram convidados a segurar a cesta como sinal do compromisso dos homens p\u00fablicos com a promo\u00e7\u00e3o do bem e da justi\u00e7a. Logo ap\u00f3s, eles mesmos foram convidados a distribuir os p\u00e3ezinhos a todos os presentes. De forma bem-humorada e carinhosa, o coral entoou &#8220;Isso \u00e9 l\u00e1 com Santo Ant\u00f4nio&#8221;, irreverente cl\u00e1ssico do Cancioneiro Junino.<\/p>\n<p>Em seguida, a imagem seguiu para o Pr\u00e9dio da Assembleia Legislativa (ALERJ), onde foi recepcionada por um grupo de funcion\u00e1rios da casa e conduzida ao Gabinete da Presid\u00eancia para um breve momento de B\u00ean\u00e7\u00e3o. Logo ap\u00f3s, no 21\u00ba andar do grande pr\u00e9dio da ALERJ, foi celebrada a missa, conforme ocorre todas \u00e0s quintas-feiras, \u00e0s 12h15, presidida pelo Capel\u00e3o da casa, Padre Manoel Pacheco, e concelebrada por Frei Gustavo e Frei Claudio Broca. Tamb\u00e9m a missa foi momento especial de pedir b\u00ean\u00e7\u00e3o e intercess\u00e3o de Santo Ant\u00f4nio aos deputados e a todos os trabalhadores daquela casa. Participaram da missa os Deputado Estadual Fred Pacheco e o Deputado Federal Ot\u00e1vio Leite.<\/p>\n<p>Nesta sexta-feira, dia 02\/06, a imagem peregrina vai at\u00e9 a R\u00e1dio Tupi, \u00e0s 7h30, e \u00e0s 10h30, chega \u00e0 Sede da Fecom\u00e9rcio, no Bairro\u00a0do\u00a0Flamengo.<\/p>\n<p><strong> <img loading=\"lazy\" class=\"alignnone size-full wp-image-243635\" src=\"https:\/\/franciscanos.org.br\/noticias\/wp-content\/uploads\/2023\/06\/segundodia_03.jpg\" alt=\"\" width=\"1024\" height=\"768\" srcset=\"https:\/\/franciscanos.org.br\/noticias\/wp-content\/uploads\/2023\/06\/segundodia_03.jpg 1024w, https:\/\/franciscanos.org.br\/noticias\/wp-content\/uploads\/2023\/06\/segundodia_03-450x338.jpg 450w, https:\/\/franciscanos.org.br\/noticias\/wp-content\/uploads\/2023\/06\/segundodia_03-768x576.jpg 768w, https:\/\/franciscanos.org.br\/noticias\/wp-content\/uploads\/2023\/06\/segundodia_03-150x113.jpg 150w, https:\/\/franciscanos.org.br\/noticias\/wp-content\/uploads\/2023\/06\/segundodia_03-600x450.jpg 600w\" sizes=\"(max-width: 1024px) 100vw, 1024px\" \/><\/strong><\/p>\n<p><img loading=\"lazy\" class=\"alignnone size-full wp-image-243636\" src=\"https:\/\/franciscanos.org.br\/noticias\/wp-content\/uploads\/2023\/06\/segundodia_02.jpg\" alt=\"\" width=\"1141\" height=\"624\" srcset=\"https:\/\/franciscanos.org.br\/noticias\/wp-content\/uploads\/2023\/06\/segundodia_02.jpg 1141w, https:\/\/franciscanos.org.br\/noticias\/wp-content\/uploads\/2023\/06\/segundodia_02-450x246.jpg 450w, https:\/\/franciscanos.org.br\/noticias\/wp-content\/uploads\/2023\/06\/segundodia_02-1024x560.jpg 1024w, https:\/\/franciscanos.org.br\/noticias\/wp-content\/uploads\/2023\/06\/segundodia_02-768x420.jpg 768w, https:\/\/franciscanos.org.br\/noticias\/wp-content\/uploads\/2023\/06\/segundodia_02-150x82.jpg 150w\" sizes=\"(max-width: 1141px) 100vw, 1141px\" \/><\/p>\n<p><strong>SEGUNDO DIA DA TREZENA<\/strong><\/p>\n<p>No segundo dia da Trezena de Santo Ant\u00f4nio, que est\u00e1 em andamento no Convento Santo Ant\u00f4nio, no Largo da Carioca no Rio de Janeiro, o pregador Frei Gabriel Dellandrea falou sobre o tema do dia: \u201cSanto Ant\u00f4nio: entrega sua nobreza \u00e0quilo que \u00e9 mais nobre: Deus!\u201d, nas Missas das 12h e 18h.<\/p>\n<p>&#8220;Eu, \u00e0s vezes, fico bastante admirado com a quantidade de coisas que n\u00f3s temos a possibilidade de ver num mesmo dia, ainda mais agora com o celular, que est\u00e1 sempre no nosso bolso&#8221;, contextualizou. Segundo ele, a primeira leitura nos convida a percebermos as coisas e observar a beleza e a grandeza nas coisas criadas por Deus&#8221;, disse, lembrando que precisamos estar atentos para ver aquilo que Deus quer nos mostrar. &#8220;Por exemplo, todos os dias olhamos as nossas refei\u00e7\u00f5es, os pratos do almo\u00e7o, o p\u00e3o do caf\u00e9 da manh\u00e3. Mas quantas vezes olhamos para este alimento e agradecemos? \u00c0s vezes, na correria do dia a dia a gente s\u00f3 engole aquele macarr\u00e3o, aquele p\u00e3o, mas ali est\u00e1 a bondade de Deus. Se Deus alimenta voc\u00ea \u00e9 porque ele quer que voc\u00ea esteja vivo para continuar fazendo a obra da salva\u00e7\u00e3o. Voc\u00ea j\u00e1 parou para pensar que ter o que comer \u00e9 a manifesta\u00e7\u00e3o da bondade de Deus?&#8221;<\/p>\n<p><img loading=\"lazy\" class=\"alignnone size-full wp-image-243637\" src=\"https:\/\/franciscanos.org.br\/noticias\/wp-content\/uploads\/2023\/06\/segundodia_05.jpg\" alt=\"\" width=\"1280\" height=\"960\" srcset=\"https:\/\/franciscanos.org.br\/noticias\/wp-content\/uploads\/2023\/06\/segundodia_05.jpg 1280w, https:\/\/franciscanos.org.br\/noticias\/wp-content\/uploads\/2023\/06\/segundodia_05-450x338.jpg 450w, https:\/\/franciscanos.org.br\/noticias\/wp-content\/uploads\/2023\/06\/segundodia_05-1024x768.jpg 1024w, https:\/\/franciscanos.org.br\/noticias\/wp-content\/uploads\/2023\/06\/segundodia_05-768x576.jpg 768w, https:\/\/franciscanos.org.br\/noticias\/wp-content\/uploads\/2023\/06\/segundodia_05-150x113.jpg 150w, https:\/\/franciscanos.org.br\/noticias\/wp-content\/uploads\/2023\/06\/segundodia_05-600x450.jpg 600w\" sizes=\"(max-width: 1280px) 100vw, 1280px\" \/><\/p>\n<p>O pregador convidou a ver as coisas com outro olhar ao nosso redor &#8220;para percebermos o quanto Deus espalha o seu amor para n\u00f3s&#8221;.<\/p>\n<p>No Evangelho, acontece o milagre da cura de um cego. &#8220;Mas eu acho que outro milagre, acompanhado ao da cura, \u00e9 muito evidente neste Evangelho. O cego, antes de ser curado, foi visto por Jesus. Quantos de n\u00f3s, \u00e0s vezes, estamos chorando, passando por uma situa\u00e7\u00e3o dif\u00edcil e n\u00e3o somos percebidos? Quantas pessoas passam por n\u00f3s e nem as percebemos?\u00a0 O grande milagre j\u00e1 come\u00e7a quando o cego, que estava \u00e0 beira do caminho, foi visto. Este \u00e9 o primeiro grande milagre. Jesus ouviu e depois o curou. \u00c9 esse olhar de Jesus que n\u00f3s tamb\u00e9m devemos nutrir. O olhar atento \u00e0s coisas, o olhar que \u00e9 capaz de curar. Pode ser que voc\u00ea passe ao meu lado e esteja aos prantos e eu nem perceba. Porque nesse olhar ego\u00edsta, vemos o nosso pr\u00f3prio umbigo e n\u00e3o as pessoas, as circunst\u00e2ncias que est\u00e3o ao nosso redor&#8221;, alertou.<\/p>\n<p><img loading=\"lazy\" class=\"alignnone size-full wp-image-243638\" src=\"https:\/\/franciscanos.org.br\/noticias\/wp-content\/uploads\/2023\/06\/segundodia_04.jpg\" alt=\"\" width=\"1280\" height=\"960\" srcset=\"https:\/\/franciscanos.org.br\/noticias\/wp-content\/uploads\/2023\/06\/segundodia_04.jpg 1280w, https:\/\/franciscanos.org.br\/noticias\/wp-content\/uploads\/2023\/06\/segundodia_04-450x338.jpg 450w, https:\/\/franciscanos.org.br\/noticias\/wp-content\/uploads\/2023\/06\/segundodia_04-1024x768.jpg 1024w, https:\/\/franciscanos.org.br\/noticias\/wp-content\/uploads\/2023\/06\/segundodia_04-768x576.jpg 768w, https:\/\/franciscanos.org.br\/noticias\/wp-content\/uploads\/2023\/06\/segundodia_04-150x113.jpg 150w, https:\/\/franciscanos.org.br\/noticias\/wp-content\/uploads\/2023\/06\/segundodia_04-600x450.jpg 600w\" sizes=\"(max-width: 1280px) 100vw, 1280px\" \/><\/p>\n<p>&#8220;E \u00e9 nesta mesma din\u00e2mica de um olhar atento \u00e0quilo que \u00e9 de Deus que est\u00e1 o nosso glorioso Santo Ant\u00f4nio. O olhar dele sempre estava atento \u00e0s coisas de Deus. Por isso, o tema de hoje \u00e9 &#8216;Santo Ant\u00f4nio: entrega sua nobreza \u00e0quilo que \u00e9 mais nobre: Deus!&#8217;\u201d, explicou.<\/p>\n<p>Frei Gabriel lembrou que Santo Ant\u00f4nio nasceu numa fam\u00edlia &#8220;onde ele n\u00e3o precisaria se preocupar com o dia de amanh\u00e3&#8221;, pois se tratava de uma fam\u00edlia importante. &#8220;Mas ele, ao perceber que tudo ao seu redor n\u00e3o era eterno, abandonou qualquer posse e qualquer coisa fr\u00e1gil e ef\u00eamera para servir a Deus. O seu olhar estava atento para perceber aquilo que \u00e9 bom, justo e certo. E n\u00e3o eram as gl\u00f3rias do mundo. N\u00f3s podemos ter t\u00edtulos aqui, milh\u00f5es na conta, daqui a pouco vai todo mundo para a &#8216;terra dos p\u00e9s juntos&#8217;, e acabou! Segundo o frade, no cemit\u00e9rio h\u00e3o haver\u00e1 rico nem pobre, rei ou s\u00fadito. &#8220;Agora, quando n\u00f3s, com o nosso olhar, nos devotamos \u00e0quilo que \u00e9 bom e certo, como fez Santo Ant\u00f4nio, n\u00f3s n\u00e3o nos apegamos aquilo que \u00e9 passageiro, fr\u00e1gil, mas nos ligamos \u00e0quilo que \u00e9 de Deus, aquilo que \u00e9 bom. Quando abandonamos os nossos ego\u00edsmos para fazer o bem, n\u00f3s mostramos que n\u00e3o estamos ligados \u00e0s coisas da terra, mas queremos construir a nossa vida com aquilo que vem de Deus&#8221;, disse.<\/p>\n<p><img loading=\"lazy\" class=\"alignnone size-full wp-image-243639\" src=\"https:\/\/franciscanos.org.br\/noticias\/wp-content\/uploads\/2023\/06\/segundodia_08.jpg\" alt=\"\" width=\"1280\" height=\"667\" srcset=\"https:\/\/franciscanos.org.br\/noticias\/wp-content\/uploads\/2023\/06\/segundodia_08.jpg 1280w, https:\/\/franciscanos.org.br\/noticias\/wp-content\/uploads\/2023\/06\/segundodia_08-450x234.jpg 450w, https:\/\/franciscanos.org.br\/noticias\/wp-content\/uploads\/2023\/06\/segundodia_08-1024x534.jpg 1024w, https:\/\/franciscanos.org.br\/noticias\/wp-content\/uploads\/2023\/06\/segundodia_08-768x400.jpg 768w, https:\/\/franciscanos.org.br\/noticias\/wp-content\/uploads\/2023\/06\/segundodia_08-150x78.jpg 150w\" sizes=\"(max-width: 1280px) 100vw, 1280px\" \/><\/p>\n<p>Ele citou um pensamento de Santo Ant\u00f4nio que pode nos ajudar no dia a dia. &#8220;Ele diz que Jesus, para nos salvar, est\u00e1 correndo em dire\u00e7\u00e3o a Deus. E n\u00f3s se estivermos muito carregados n\u00e3o conseguiremos correr. Ent\u00e3o, se estamos carregados de coisas, de bobagens, de ego\u00edsmos,\u00a0 vamos ficar pelo caminho. Agora, se nos desprendemos daquilo que n\u00e3o nos leva at\u00e9 Deus, a\u00ed sim correremos junto com Jesus para o Reino de Deus. \u00c9 por isso que essa liturgia hoje nos faz esse convite!&#8221;, enfatizou.<\/p>\n<p>Neste terceiro dia da Trezena (2\/6) o tema \u00e9 \u201cSanto Ant\u00f4nio e o desejo de se entregar a Deus pela f\u00e9!\u201d.<\/p>\n","protected":false},"excerpt":{"rendered":"<p>Trezena de Santo Ant\u00f4nio<\/p>\n","protected":false},"author":3,"featured_media":243633,"comment_status":"open","ping_status":"open","sticky":false,"template":"","format":"standard","meta":[],"categories":[1],"tags":[389],"acf":[],"yoast_head":"<!-- This site is optimized with the Yoast SEO plugin v19.2 - https:\/\/yoast.com\/wordpress\/plugins\/seo\/ -->\n<title>Santo Ant\u00f4nio nas Casas de Leis - Not\u00edcias - Franciscanos<\/title>\n<meta name=\"robots\" content=\"index, follow, max-snippet:-1, max-image-preview:large, max-video-preview:-1\" \/>\n<link rel=\"canonical\" href=\"https:\/\/franciscanos.org.br\/noticias\/santo-antonio-nas-casas-de-leis.html\" \/>\n<meta property=\"og:locale\" content=\"pt_BR\" \/>\n<meta property=\"og:type\" content=\"article\" \/>\n<meta property=\"og:title\" content=\"Santo Ant\u00f4nio nas Casas de Leis - Not\u00edcias - Franciscanos\" \/>\n<meta property=\"og:description\" content=\"Trezena de Santo Ant\u00f4nio\" \/>\n<meta property=\"og:url\" content=\"https:\/\/franciscanos.org.br\/noticias\/santo-antonio-nas-casas-de-leis.html\" \/>\n<meta property=\"og:site_name\" content=\"Not\u00edcias - Franciscanos\" \/>\n<meta property=\"article:published_time\" content=\"2023-06-02T11:15:21+00:00\" \/>\n<meta property=\"og:image\" content=\"https:\/\/franciscanos.org.br\/noticias\/wp-content\/uploads\/2023\/06\/segundodia_01.jpg\" \/>\n\t<meta property=\"og:image:width\" content=\"1280\" \/>\n\t<meta property=\"og:image:height\" content=\"720\" \/>\n\t<meta property=\"og:image:type\" content=\"image\/jpeg\" \/>\n<meta name=\"author\" content=\"moacir\" \/>\n<meta name=\"twitter:card\" content=\"summary_large_image\" \/>\n<meta name=\"twitter:label1\" content=\"Escrito por\" \/>\n\t<meta name=\"twitter:data1\" content=\"moacir\" \/>\n\t<meta name=\"twitter:label2\" content=\"Est. tempo de leitura\" \/>\n\t<meta name=\"twitter:data2\" content=\"6 minutos\" \/>\n<script type=\"application\/ld+json\" class=\"yoast-schema-graph\">{\"@context\":\"https:\/\/schema.org\",\"@graph\":[{\"@type\":\"WebSite\",\"@id\":\"https:\/\/franciscanos.org.br\/noticias\/#website\",\"url\":\"https:\/\/franciscanos.org.br\/noticias\/\",\"name\":\"Not\u00edcias - Franciscanos\",\"description\":\"Prov\u00edncia Franciscana da Imaculada Concei\u00e7\u00e3o do Brasil - Ordem dos Frades Menores - OFM\",\"potentialAction\":[{\"@type\":\"SearchAction\",\"target\":{\"@type\":\"EntryPoint\",\"urlTemplate\":\"https:\/\/franciscanos.org.br\/noticias\/?s={search_term_string}\"},\"query-input\":\"required name=search_term_string\"}],\"inLanguage\":\"pt-BR\"},{\"@type\":\"ImageObject\",\"inLanguage\":\"pt-BR\",\"@id\":\"https:\/\/franciscanos.org.br\/noticias\/santo-antonio-nas-casas-de-leis.html#primaryimage\",\"url\":\"https:\/\/franciscanos.org.br\/noticias\/wp-content\/uploads\/2023\/06\/segundodia_01.jpg\",\"contentUrl\":\"https:\/\/franciscanos.org.br\/noticias\/wp-content\/uploads\/2023\/06\/segundodia_01.jpg\",\"width\":1280,\"height\":720},{\"@type\":\"WebPage\",\"@id\":\"https:\/\/franciscanos.org.br\/noticias\/santo-antonio-nas-casas-de-leis.html#webpage\",\"url\":\"https:\/\/franciscanos.org.br\/noticias\/santo-antonio-nas-casas-de-leis.html\",\"name\":\"Santo Ant\u00f4nio nas Casas de Leis - Not\u00edcias - Franciscanos\",\"isPartOf\":{\"@id\":\"https:\/\/franciscanos.org.br\/noticias\/#website\"},\"primaryImageOfPage\":{\"@id\":\"https:\/\/franciscanos.org.br\/noticias\/santo-antonio-nas-casas-de-leis.html#primaryimage\"},\"datePublished\":\"2023-06-02T11:15:21+00:00\",\"dateModified\":\"2023-06-02T11:15:21+00:00\",\"author\":{\"@id\":\"https:\/\/franciscanos.org.br\/noticias\/#\/schema\/person\/b5c8cba458c330ccff548b056e95a5d4\"},\"breadcrumb\":{\"@id\":\"https:\/\/franciscanos.org.br\/noticias\/santo-antonio-nas-casas-de-leis.html#breadcrumb\"},\"inLanguage\":\"pt-BR\",\"potentialAction\":[{\"@type\":\"ReadAction\",\"target\":[\"https:\/\/franciscanos.org.br\/noticias\/santo-antonio-nas-casas-de-leis.html\"]}]},{\"@type\":\"BreadcrumbList\",\"@id\":\"https:\/\/franciscanos.org.br\/noticias\/santo-antonio-nas-casas-de-leis.html#breadcrumb\",\"itemListElement\":[{\"@type\":\"ListItem\",\"position\":1,\"name\":\"Home\",\"item\":\"https:\/\/franciscanos.org.br\/noticias\"},{\"@type\":\"ListItem\",\"position\":2,\"name\":\"Santo Ant\u00f4nio nas Casas de Leis\"}]},{\"@type\":\"Person\",\"@id\":\"https:\/\/franciscanos.org.br\/noticias\/#\/schema\/person\/b5c8cba458c330ccff548b056e95a5d4\",\"name\":\"moacir\",\"image\":{\"@type\":\"ImageObject\",\"inLanguage\":\"pt-BR\",\"@id\":\"https:\/\/franciscanos.org.br\/noticias\/#\/schema\/person\/image\/\",\"url\":\"https:\/\/secure.gravatar.com\/avatar\/d08aa2ce4c8dd416d4479aa8536fcf64?s=96&d=mm&r=g\",\"contentUrl\":\"https:\/\/secure.gravatar.com\/avatar\/d08aa2ce4c8dd416d4479aa8536fcf64?s=96&d=mm&r=g\",\"caption\":\"moacir\"},\"url\":\"https:\/\/franciscanos.org.br\/noticias\/author\/moacir\"}]}<\/script>\n<!-- \/ Yoast SEO plugin. -->","yoast_head_json":{"title":"Santo Ant\u00f4nio nas Casas de Leis - Not\u00edcias - Franciscanos","robots":{"index":"index","follow":"follow","max-snippet":"max-snippet:-1","max-image-preview":"max-image-preview:large","max-video-preview":"max-video-preview:-1"},"canonical":"https:\/\/franciscanos.org.br\/noticias\/santo-antonio-nas-casas-de-leis.html","og_locale":"pt_BR","og_type":"article","og_title":"Santo Ant\u00f4nio nas Casas de Leis - Not\u00edcias - Franciscanos","og_description":"Trezena de Santo Ant\u00f4nio","og_url":"https:\/\/franciscanos.org.br\/noticias\/santo-antonio-nas-casas-de-leis.html","og_site_name":"Not\u00edcias - Franciscanos","article_published_time":"2023-06-02T11:15:21+00:00","og_image":[{"width":1280,"height":720,"url":"https:\/\/franciscanos.org.br\/noticias\/wp-content\/uploads\/2023\/06\/segundodia_01.jpg","type":"image\/jpeg"}],"author":"moacir","twitter_card":"summary_large_image","twitter_misc":{"Escrito por":"moacir","Est. tempo de leitura":"6 minutos"},"schema":{"@context":"https:\/\/schema.org","@graph":[{"@type":"WebSite","@id":"https:\/\/franciscanos.org.br\/noticias\/#website","url":"https:\/\/franciscanos.org.br\/noticias\/","name":"Not\u00edcias - Franciscanos","description":"Prov\u00edncia Franciscana da Imaculada Concei\u00e7\u00e3o do Brasil - Ordem dos Frades Menores - OFM","potentialAction":[{"@type":"SearchAction","target":{"@type":"EntryPoint","urlTemplate":"https:\/\/franciscanos.org.br\/noticias\/?s={search_term_string}"},"query-input":"required name=search_term_string"}],"inLanguage":"pt-BR"},{"@type":"ImageObject","inLanguage":"pt-BR","@id":"https:\/\/franciscanos.org.br\/noticias\/santo-antonio-nas-casas-de-leis.html#primaryimage","url":"https:\/\/franciscanos.org.br\/noticias\/wp-content\/uploads\/2023\/06\/segundodia_01.jpg","contentUrl":"https:\/\/franciscanos.org.br\/noticias\/wp-content\/uploads\/2023\/06\/segundodia_01.jpg","width":1280,"height":720},{"@type":"WebPage","@id":"https:\/\/franciscanos.org.br\/noticias\/santo-antonio-nas-casas-de-leis.html#webpage","url":"https:\/\/franciscanos.org.br\/noticias\/santo-antonio-nas-casas-de-leis.html","name":"Santo Ant\u00f4nio nas Casas de Leis - Not\u00edcias - Franciscanos","isPartOf":{"@id":"https:\/\/franciscanos.org.br\/noticias\/#website"},"primaryImageOfPage":{"@id":"https:\/\/franciscanos.org.br\/noticias\/santo-antonio-nas-casas-de-leis.html#primaryimage"},"datePublished":"2023-06-02T11:15:21+00:00","dateModified":"2023-06-02T11:15:21+00:00","author":{"@id":"https:\/\/franciscanos.org.br\/noticias\/#\/schema\/person\/b5c8cba458c330ccff548b056e95a5d4"},"breadcrumb":{"@id":"https:\/\/franciscanos.org.br\/noticias\/santo-antonio-nas-casas-de-leis.html#breadcrumb"},"inLanguage":"pt-BR","potentialAction":[{"@type":"ReadAction","target":["https:\/\/franciscanos.org.br\/noticias\/santo-antonio-nas-casas-de-leis.html"]}]},{"@type":"BreadcrumbList","@id":"https:\/\/franciscanos.org.br\/noticias\/santo-antonio-nas-casas-de-leis.html#breadcrumb","itemListElement":[{"@type":"ListItem","position":1,"name":"Home","item":"https:\/\/franciscanos.org.br\/noticias"},{"@type":"ListItem","position":2,"name":"Santo Ant\u00f4nio nas Casas de Leis"}]},{"@type":"Person","@id":"https:\/\/franciscanos.org.br\/noticias\/#\/schema\/person\/b5c8cba458c330ccff548b056e95a5d4","name":"moacir","image":{"@type":"ImageObject","inLanguage":"pt-BR","@id":"https:\/\/franciscanos.org.br\/noticias\/#\/schema\/person\/image\/","url":"https:\/\/secure.gravatar.com\/avatar\/d08aa2ce4c8dd416d4479aa8536fcf64?s=96&d=mm&r=g","contentUrl":"https:\/\/secure.gravatar.com\/avatar\/d08aa2ce4c8dd416d4479aa8536fcf64?s=96&d=mm&r=g","caption":"moacir"},"url":"https:\/\/franciscanos.org.br\/noticias\/author\/moacir"}]}},"_links":{"self":[{"href":"https:\/\/franciscanos.org.br\/noticias\/wp-json\/wp\/v2\/posts\/243632"}],"collection":[{"href":"https:\/\/franciscanos.org.br\/noticias\/wp-json\/wp\/v2\/posts"}],"about":[{"href":"https:\/\/franciscanos.org.br\/noticias\/wp-json\/wp\/v2\/types\/post"}],"author":[{"embeddable":true,"href":"https:\/\/franciscanos.org.br\/noticias\/wp-json\/wp\/v2\/users\/3"}],"replies":[{"embeddable":true,"href":"https:\/\/franciscanos.org.br\/noticias\/wp-json\/wp\/v2\/comments?post=243632"}],"version-history":[{"count":1,"href":"https:\/\/franciscanos.org.br\/noticias\/wp-json\/wp\/v2\/posts\/243632\/revisions"}],"predecessor-version":[{"id":243640,"href":"https:\/\/franciscanos.org.br\/noticias\/wp-json\/wp\/v2\/posts\/243632\/revisions\/243640"}],"wp:featuredmedia":[{"embeddable":true,"href":"https:\/\/franciscanos.org.br\/noticias\/wp-json\/wp\/v2\/media\/243633"}],"wp:attachment":[{"href":"https:\/\/franciscanos.org.br\/noticias\/wp-json\/wp\/v2\/media?parent=243632"}],"wp:term":[{"taxonomy":"category","embeddable":true,"href":"https:\/\/franciscanos.org.br\/noticias\/wp-json\/wp\/v2\/categories?post=243632"},{"taxonomy":"post_tag","embeddable":true,"href":"https:\/\/franciscanos.org.br\/noticias\/wp-json\/wp\/v2\/tags?post=243632"}],"curies":[{"name":"wp","href":"https:\/\/api.w.org\/{rel}","templated":true}]}}