{"id":243602,"date":"2023-05-30T16:31:26","date_gmt":"2023-05-30T19:31:26","guid":{"rendered":"https:\/\/franciscanos.org.br\/noticias\/?p=243602"},"modified":"2024-01-12T08:09:17","modified_gmt":"2024-01-12T11:09:17","slug":"primeira-profissao-de-irma-maximiliana-marca-os-32-anos-do-mosteiro-das-clarissas-em-colatina","status":"publish","type":"post","link":"https:\/\/franciscanos.org.br\/noticias\/primeira-profissao-de-irma-maximiliana-marca-os-32-anos-do-mosteiro-das-clarissas-em-colatina.html","title":{"rendered":"Primeira Profiss\u00e3o de Irm\u00e3 Maximiliana marca os 32 anos do Mosteiro das Clarissas em Colatina"},"content":{"rendered":"<p style=\"font-weight: 400;\"><strong><img loading=\"lazy\" class=\"alignnone wp-image-243604 size-full\" src=\"https:\/\/franciscanos.org.br\/noticias\/wp-content\/uploads\/2023\/05\/clarissas_290523_2-scaled.jpg\" alt=\"\" width=\"1920\" height=\"1079\" srcset=\"https:\/\/franciscanos.org.br\/noticias\/wp-content\/uploads\/2023\/05\/clarissas_290523_2-scaled.jpg 1920w, https:\/\/franciscanos.org.br\/noticias\/wp-content\/uploads\/2023\/05\/clarissas_290523_2-450x253.jpg 450w, https:\/\/franciscanos.org.br\/noticias\/wp-content\/uploads\/2023\/05\/clarissas_290523_2-1024x575.jpg 1024w, https:\/\/franciscanos.org.br\/noticias\/wp-content\/uploads\/2023\/05\/clarissas_290523_2-768x432.jpg 768w, https:\/\/franciscanos.org.br\/noticias\/wp-content\/uploads\/2023\/05\/clarissas_290523_2-1536x863.jpg 1536w, https:\/\/franciscanos.org.br\/noticias\/wp-content\/uploads\/2023\/05\/clarissas_290523_2-2048x1151.jpg 2048w, https:\/\/franciscanos.org.br\/noticias\/wp-content\/uploads\/2023\/05\/clarissas_290523_2-150x84.jpg 150w\" sizes=\"(max-width: 1920px) 100vw, 1920px\" \/>\u00a0<\/strong><strong>Colatina (ES) \u2013\u00a0<\/strong>No dia em que a Igreja celebrou a mem\u00f3ria da Bem-aventurada Virgem Maria, M\u00e3e da Igreja \u2013 data institu\u00edda pelo Papa Francisco no Calend\u00e1rio Romano em 2018 \u2013, as Irm\u00e3s Clarissas do Mosteiro Sant\u00edssima Trindade celebraram a Profiss\u00e3o dos Votos Tempor\u00e1rios da Irm\u00e3 Maximiliana Maria da Penha, na Ordem de SantaClara (OSC). A Santa Missa Celebra\u00e7\u00e3o Eucar\u00edstica foi presidida pelo assistente local das Clarissas, Frei Luiz Iakovacz, na \u00faltima segunda-feira (29\/05), \u00e0s 7h. A celebra\u00e7\u00e3o marcou tamb\u00e9m o anivers\u00e1rio de 32 anos de presen\u00e7a franciscana das Irm\u00e3s Clarissas em territ\u00f3rio colatinense.<\/p>\n<div>\n<p>Ap\u00f3s a proclama\u00e7\u00e3o do Evangelho do dia (Jo 19,25-34), deu-se in\u00edcio ao rito, em que Irm\u00e3 Maximiliana manifestou o desejo de se consagrar inteiramente a Deus, fazendo a Profiss\u00e3o Religiosa na fam\u00edlia das Irm\u00e3s Pobres de Santa Clara. Na sequ\u00eancia, Frei Luiz fez uma breve reflex\u00e3o. Iniciou explicando que, por desejo do Papa Francisco, um dia ap\u00f3s a Solenidade de Pentecostes, celebra-se a mem\u00f3ria da Bem-Aventurada Virgem Maria, M\u00e3e da Igreja.<\/p>\n<\/div>\n<p style=\"font-weight: 400;\"><img loading=\"lazy\" class=\"alignnone wp-image-243603 size-full\" src=\"https:\/\/franciscanos.org.br\/noticias\/wp-content\/uploads\/2023\/05\/clarissas_290523-scaled.jpg\" alt=\"\" width=\"1920\" height=\"1079\" srcset=\"https:\/\/franciscanos.org.br\/noticias\/wp-content\/uploads\/2023\/05\/clarissas_290523-scaled.jpg 1920w, https:\/\/franciscanos.org.br\/noticias\/wp-content\/uploads\/2023\/05\/clarissas_290523-450x253.jpg 450w, https:\/\/franciscanos.org.br\/noticias\/wp-content\/uploads\/2023\/05\/clarissas_290523-1024x575.jpg 1024w, https:\/\/franciscanos.org.br\/noticias\/wp-content\/uploads\/2023\/05\/clarissas_290523-768x432.jpg 768w, https:\/\/franciscanos.org.br\/noticias\/wp-content\/uploads\/2023\/05\/clarissas_290523-1536x863.jpg 1536w, https:\/\/franciscanos.org.br\/noticias\/wp-content\/uploads\/2023\/05\/clarissas_290523-2048x1151.jpg 2048w, https:\/\/franciscanos.org.br\/noticias\/wp-content\/uploads\/2023\/05\/clarissas_290523-150x84.jpg 150w\" sizes=\"(max-width: 1920px) 100vw, 1920px\" \/><\/p>\n<div>\n<p>Segundo Frei Luiz, quando Jesus, no alto da cruz, disse para Jo\u00e3o: \u2018Mulher, este \u00e9 o teu filho\u201d e para Maria \u2018Esta \u00e9 a tua m\u00e3e\u2019, a M\u00e3e de Jesus passa a morar e ser cuidada por Jo\u00e3o. \u201cEsta vida de fraternidade, este gesto t\u00e3o fraterno de m\u00e3e e filho e filho e m\u00e3e \u00e9 muito expresso na vida da Ordem de Santa Clara. Por isso, aquela que coordena o Mosteiro \u00e9 chamada de Madre, que quer dizer m\u00e3e e as demais s\u00e3o como que filhas. Existe, ent\u00e3o, essa proximidade, essa riqueza do carisma clariano em que a Madre faz com que todas as suas filhas se sintam irm\u00e3s umas das outras e formem, de fato, uma verdadeira igreja\u201d, disse.<\/p>\n<\/div>\n<div>\n<p>\u201cPor isso, quando o Papa Francisco, no primeiro dia depois de Pentecostes, pede que se crie uma mem\u00f3ria lit\u00fargica para Maria, M\u00e3e da Igreja, \u00e9 porque Maria estava junto das pessoas que receberam o Esp\u00edrito Santo\u201d, explicou. \u201cIrm\u00e3 Maximiliana, que voc\u00ea seja como Maria, uma Irm\u00e3 Clarissa repleta do Esp\u00edrito Santo de Deus\u201d, acrescentou.<\/p>\n<\/div>\n\n\t\t<style type=\"text\/css\">\n\t\t\t#gallery-1 {\n\t\t\t\tmargin: auto;\n\t\t\t}\n\t\t\t#gallery-1 .gallery-item {\n\t\t\t\tfloat: left;\n\t\t\t\tmargin-top: 10px;\n\t\t\t\ttext-align: center;\n\t\t\t\twidth: 25%;\n\t\t\t}\n\t\t\t#gallery-1 img {\n\t\t\t\tborder: 2px solid #cfcfcf;\n\t\t\t}\n\t\t\t#gallery-1 .gallery-caption {\n\t\t\t\tmargin-left: 0;\n\t\t\t}\n\t\t\t\/* see gallery_shortcode() in wp-includes\/media.php *\/\n\t\t<\/style>\n\t\t<div id='gallery-1' class='gallery galleryid-243602 gallery-columns-4 gallery-size-thumbnail'><dl class='gallery-item'>\n\t\t\t<dt class='gallery-icon portrait'>\n\t\t\t\t<a href='https:\/\/franciscanos.org.br\/noticias\/wp-content\/uploads\/2023\/05\/clarissas_290523_5-scaled.jpg'><img width=\"300\" height=\"300\" src=\"https:\/\/franciscanos.org.br\/noticias\/wp-content\/uploads\/2023\/05\/clarissas_290523_5-300x300.jpg\" class=\"attachment-thumbnail size-thumbnail\" alt=\"\" loading=\"lazy\" srcset=\"https:\/\/franciscanos.org.br\/noticias\/wp-content\/uploads\/2023\/05\/clarissas_290523_5-300x300.jpg 300w, https:\/\/franciscanos.org.br\/noticias\/wp-content\/uploads\/2023\/05\/clarissas_290523_5-100x100.jpg 100w\" sizes=\"(max-width: 300px) 100vw, 300px\" \/><\/a>\n\t\t\t<\/dt><\/dl><dl class='gallery-item'>\n\t\t\t<dt class='gallery-icon portrait'>\n\t\t\t\t<a href='https:\/\/franciscanos.org.br\/noticias\/wp-content\/uploads\/2023\/05\/clarissas_290523_3-scaled.jpg'><img width=\"300\" height=\"300\" src=\"https:\/\/franciscanos.org.br\/noticias\/wp-content\/uploads\/2023\/05\/clarissas_290523_3-300x300.jpg\" class=\"attachment-thumbnail size-thumbnail\" alt=\"\" loading=\"lazy\" srcset=\"https:\/\/franciscanos.org.br\/noticias\/wp-content\/uploads\/2023\/05\/clarissas_290523_3-300x300.jpg 300w, https:\/\/franciscanos.org.br\/noticias\/wp-content\/uploads\/2023\/05\/clarissas_290523_3-100x100.jpg 100w\" sizes=\"(max-width: 300px) 100vw, 300px\" \/><\/a>\n\t\t\t<\/dt><\/dl><dl class='gallery-item'>\n\t\t\t<dt class='gallery-icon portrait'>\n\t\t\t\t<a href='https:\/\/franciscanos.org.br\/noticias\/wp-content\/uploads\/2023\/05\/clarissas_290523_6-scaled.jpg'><img width=\"300\" height=\"300\" src=\"https:\/\/franciscanos.org.br\/noticias\/wp-content\/uploads\/2023\/05\/clarissas_290523_6-300x300.jpg\" class=\"attachment-thumbnail size-thumbnail\" alt=\"\" loading=\"lazy\" srcset=\"https:\/\/franciscanos.org.br\/noticias\/wp-content\/uploads\/2023\/05\/clarissas_290523_6-300x300.jpg 300w, https:\/\/franciscanos.org.br\/noticias\/wp-content\/uploads\/2023\/05\/clarissas_290523_6-100x100.jpg 100w\" sizes=\"(max-width: 300px) 100vw, 300px\" \/><\/a>\n\t\t\t<\/dt><\/dl><dl class='gallery-item'>\n\t\t\t<dt class='gallery-icon portrait'>\n\t\t\t\t<a href='https:\/\/franciscanos.org.br\/noticias\/wp-content\/uploads\/2023\/05\/clarissas_290523_4-scaled.jpg'><img width=\"300\" height=\"300\" src=\"https:\/\/franciscanos.org.br\/noticias\/wp-content\/uploads\/2023\/05\/clarissas_290523_4-300x300.jpg\" class=\"attachment-thumbnail size-thumbnail\" alt=\"\" loading=\"lazy\" srcset=\"https:\/\/franciscanos.org.br\/noticias\/wp-content\/uploads\/2023\/05\/clarissas_290523_4-300x300.jpg 300w, https:\/\/franciscanos.org.br\/noticias\/wp-content\/uploads\/2023\/05\/clarissas_290523_4-100x100.jpg 100w\" sizes=\"(max-width: 300px) 100vw, 300px\" \/><\/a>\n\t\t\t<\/dt><\/dl><br style=\"clear: both\" \/>\n\t\t<\/div>\n\n<div>\n<p>O rito teve continuidade com o di\u00e1logo do celebrante com a professanda. Ela, afirmou sua disponibilidade para se consagrar a Deus, abra\u00e7ando os votos religiosos na observ\u00e2ncia da Regra e Constitui\u00e7\u00f5es das Irm\u00e3s Pobres de Santa Clara. Logo depois, Frei Luiz procedeu com a b\u00ean\u00e7\u00e3o do v\u00e9u e da coroa, que culminou com o canto do <i>Veni Creator<\/i>. Durante todo este momento, Irm\u00e3 Maximiliana esteve com a vela acesa nas m\u00e3os.<\/p>\n<\/div>\n<div>\n<p>O momento central da Profiss\u00e3o Religiosa se deu logo em seguida, quando a Abadessa, Irm\u00e3 Agnes Maria da Sagrada Fam\u00edlia, acolheu Irm\u00e3 Maximiliana na Ordem de Santa Clara, pronunciando a f\u00f3rmula de Profiss\u00e3o:<\/p>\n<\/div>\n<p style=\"font-weight: 400;\">\u201cPara louvor e gl\u00f3ria de Deus, que me escolheu e por sua gra\u00e7a me chamou, com a firme vontade de observar o santo evangelho e de seguir e imitar a vida do Alt\u00edssimo Senhor nosso Jesus Cristo e de sua M\u00e3e, na presen\u00e7a de minhas irm\u00e3s, em vossas m\u00e3os, Madre Abadessa, prometo e fa\u00e7o voto a Deus Onipotente de viver por tr\u00eas anos em castidade, sem pr\u00f3prio, em obedi\u00eancia e em clausura, segundo a Regra das Irm\u00e3s Pobres de Santa Clara, confirmada pelo papa Inoc\u00eancio IV, e segundo as Constitui\u00e7\u00f5es da nossa Ordem aprovada pela S\u00e9 Apost\u00f3lica. De todo o cora\u00e7\u00e3o me entrego a esta fam\u00edlia religiosa para, sob a a\u00e7\u00e3o do Esp\u00edrito Santo e com a intercess\u00e3o da Imaculada Virgem Maria, de nosso Pai S\u00e3o Francisco, de nossa M\u00e3e Santa Clara e de todos os Santos, e ainda com a ajuda das minhas irm\u00e3s, consagrar-me ao servi\u00e7o de Deus e da Igreja&#8221;.<\/p>\n<p style=\"font-weight: 400;\"><img loading=\"lazy\" class=\"alignnone wp-image-243610 size-full\" src=\"https:\/\/franciscanos.org.br\/noticias\/wp-content\/uploads\/2023\/05\/clarissas_290523_9.jpg\" alt=\"\" width=\"1280\" height=\"740\" srcset=\"https:\/\/franciscanos.org.br\/noticias\/wp-content\/uploads\/2023\/05\/clarissas_290523_9.jpg 1280w, https:\/\/franciscanos.org.br\/noticias\/wp-content\/uploads\/2023\/05\/clarissas_290523_9-450x260.jpg 450w, https:\/\/franciscanos.org.br\/noticias\/wp-content\/uploads\/2023\/05\/clarissas_290523_9-1024x592.jpg 1024w, https:\/\/franciscanos.org.br\/noticias\/wp-content\/uploads\/2023\/05\/clarissas_290523_9-768x444.jpg 768w, https:\/\/franciscanos.org.br\/noticias\/wp-content\/uploads\/2023\/05\/clarissas_290523_9-150x87.jpg 150w\" sizes=\"(max-width: 1280px) 100vw, 1280px\" \/><\/p>\n<div>\n<p>Irm\u00e3 Teresinha, vig\u00e1ria e ex-abadessa, acompanhou este momento ao lado de Irm\u00e3 Agnes como testemunha. Por fim, a abadessa revestiu a religiosa com o v\u00e9u preto, a coroa e entregou-lhe o livro da ora\u00e7\u00e3o da Igreja e a Regra de Santa Clara. As irm\u00e3s, familiares e celebrante cumprimentaram a neoprofessa que, no final, entoou o salmo 44 \u201cprocurei aquele a quem amo\u201d.<\/p>\n<\/div>\n<div>\n<p>A celebra\u00e7\u00e3o teve continuidade com as preces e liturgia eucar\u00edstica. No final, Irm\u00e3 Agnes agradeceu a todos pela presen\u00e7a e por fazerem parte da vida do Mosteiro Sant\u00edssima Trindade e fez o convite para a confraterniza\u00e7\u00e3o.<\/p>\n<\/div>\n<p style=\"font-weight: 400;\"><strong>32 ANOS DO MOSTEIRO DAS CLARISSAS<\/strong><\/p>\n<p style=\"font-weight: 400;\">Na \u00faltima sexta-feira (26\/05), a Celebra\u00e7\u00e3o Eucar\u00edstica das 7h, marcou os 32 anos de presen\u00e7a franciscana das Irm\u00e3s Clarissas do Mosteiro Sant\u00edssima Trindade de Colatina. A Santa Missa foi presidida por Frei Pedro de Oliveira Rodrigues e contou com a presen\u00e7a do di\u00e1cono Frei Augusto Luiz Gabriel. \u00a0Na ocasi\u00e3o, as Irm\u00e3s Clarissas fizeram mem\u00f3ria das fundadoras do Mosteiro e louvaram a Deus pela frutuosa miss\u00e3o que est\u00e3o desempenhando em terras colatinenses!<\/p>\n<p style=\"font-weight: 400;\"><img loading=\"lazy\" class=\"alignnone wp-image-243609 size-full\" src=\"https:\/\/franciscanos.org.br\/noticias\/wp-content\/uploads\/2023\/05\/clarissas_290523_8.jpg\" alt=\"\" width=\"1280\" height=\"740\" srcset=\"https:\/\/franciscanos.org.br\/noticias\/wp-content\/uploads\/2023\/05\/clarissas_290523_8.jpg 1280w, https:\/\/franciscanos.org.br\/noticias\/wp-content\/uploads\/2023\/05\/clarissas_290523_8-450x260.jpg 450w, https:\/\/franciscanos.org.br\/noticias\/wp-content\/uploads\/2023\/05\/clarissas_290523_8-1024x592.jpg 1024w, https:\/\/franciscanos.org.br\/noticias\/wp-content\/uploads\/2023\/05\/clarissas_290523_8-768x444.jpg 768w, https:\/\/franciscanos.org.br\/noticias\/wp-content\/uploads\/2023\/05\/clarissas_290523_8-150x87.jpg 150w\" sizes=\"(max-width: 1280px) 100vw, 1280px\" \/><\/p>\n<p style=\"font-weight: 400;\">A comunidade das Irm\u00e3s Clarissas do Mosteiro Sant\u00edssima Trindade, teve in\u00edcio no ano 1991, atrav\u00e9s de um pedido do ent\u00e3o Bispo da Diocese de Colatina, Dom Geraldo Lyrio Rocha, que em sua carta dizia: \u201cJulgo uma grande b\u00ean\u00e7\u00e3o de Deus poder contar desde o in\u00edcio da Diocese, com a presen\u00e7a orante de uma comunidade contemplativa. A meu ver uma Igreja local est\u00e1 incompleta se nela n\u00e3o houver uma comunidade contemplativa, sinal luminoso do Reino e convite permanente \u00e0 ora\u00e7\u00e3o e \u00e0 penit\u00eancia\u201d.<\/p>\n<div>\n<p>Nos tr\u00eas primeiros anos, a comunidade instalou-se em uma casa adaptada provisoriamente na Rua Adwalter Ribeiro Soares, cuja inaugura\u00e7\u00e3o deu-se no dia 26 de maio de 1991, solenidade lit\u00fargica da Sant\u00edssima Trindade; neste mesmo dia, a recente comunidade foi contemplada com um terreno com vista para a cidade no alto do monte S\u00e3o Francisco de Assis, Bairro S\u00e3o Judas Tadeu. Em 1994, a comunidade transferiu-se para o Mosteiro definitivo, mesmo estando inacabado.<\/p>\n<\/div>\n<div>\n<p>As Irm\u00e3s Clarissas \u2013 ou segunda Ordem de S\u00e3o Francisco \u2013 s\u00e3o mulheres consagradas que vivem na Clausura em permanente vida Contemplativa, isto \u00e9, em constante estado de ora\u00e7\u00e3o e de adora\u00e7\u00e3o a Deus. De forma especial, as Irm\u00e3s Clarissas s\u00e3o intercessoras diante de Deus em favor das necessidades da Igreja, dos fi\u00e9is cat\u00f3licos e de toda a humanidade. Uma cidade onde existe um Mosteiro de vida contemplativa \u00e9 extremamente aben\u00e7oada. Em Colatina n\u00e3o \u00e9 diferente. Os vizinhos das irm\u00e3s afirmam com alegria que desde que elas vieram para Colatina, o bairro ficou mais pac\u00edfico.<\/p>\n<\/div>\n<hr \/>\n<p style=\"font-weight: 400;\"><em>Frei Augusto Luiz Gabriel<\/em><\/p>\n","protected":false},"excerpt":{"rendered":"<p>Irm\u00e3s Clarissas de Colatina (ES)<\/p>\n","protected":false},"author":5,"featured_media":243604,"comment_status":"open","ping_status":"open","sticky":false,"template":"","format":"standard","meta":[],"categories":[1],"tags":[171,662,1896],"acf":[],"yoast_head":"<!-- This site is optimized with the Yoast SEO plugin v19.2 - https:\/\/yoast.com\/wordpress\/plugins\/seo\/ -->\n<title>Primeira Profiss\u00e3o de Irm\u00e3 Maximiliana marca os 32 anos do Mosteiro das Clarissas em Colatina - Not\u00edcias - Franciscanos<\/title>\n<meta name=\"robots\" content=\"index, follow, max-snippet:-1, max-image-preview:large, max-video-preview:-1\" \/>\n<link rel=\"canonical\" href=\"https:\/\/franciscanos.org.br\/noticias\/primeira-profissao-de-irma-maximiliana-marca-os-32-anos-do-mosteiro-das-clarissas-em-colatina.html\" \/>\n<meta property=\"og:locale\" content=\"pt_BR\" \/>\n<meta property=\"og:type\" content=\"article\" \/>\n<meta property=\"og:title\" content=\"Primeira Profiss\u00e3o de Irm\u00e3 Maximiliana marca os 32 anos do Mosteiro das Clarissas em Colatina - Not\u00edcias - Franciscanos\" \/>\n<meta property=\"og:description\" content=\"Irm\u00e3s Clarissas de Colatina (ES)\" \/>\n<meta property=\"og:url\" content=\"https:\/\/franciscanos.org.br\/noticias\/primeira-profissao-de-irma-maximiliana-marca-os-32-anos-do-mosteiro-das-clarissas-em-colatina.html\" \/>\n<meta property=\"og:site_name\" content=\"Not\u00edcias - Franciscanos\" \/>\n<meta property=\"article:published_time\" content=\"2023-05-30T19:31:26+00:00\" \/>\n<meta property=\"article:modified_time\" content=\"2024-01-12T11:09:17+00:00\" \/>\n<meta property=\"og:image\" content=\"https:\/\/franciscanos.org.br\/noticias\/wp-content\/uploads\/2023\/05\/clarissas_290523_2-scaled.jpg\" \/>\n\t<meta property=\"og:image:width\" content=\"1920\" \/>\n\t<meta property=\"og:image:height\" content=\"1079\" \/>\n\t<meta property=\"og:image:type\" content=\"image\/jpeg\" \/>\n<meta name=\"author\" content=\"freiaugusto\" \/>\n<meta name=\"twitter:card\" content=\"summary_large_image\" \/>\n<meta name=\"twitter:label1\" content=\"Escrito por\" \/>\n\t<meta name=\"twitter:data1\" content=\"freiaugusto\" \/>\n\t<meta name=\"twitter:label2\" content=\"Est. tempo de leitura\" \/>\n\t<meta name=\"twitter:data2\" content=\"6 minutos\" \/>\n<script type=\"application\/ld+json\" class=\"yoast-schema-graph\">{\"@context\":\"https:\/\/schema.org\",\"@graph\":[{\"@type\":\"WebSite\",\"@id\":\"https:\/\/franciscanos.org.br\/noticias\/#website\",\"url\":\"https:\/\/franciscanos.org.br\/noticias\/\",\"name\":\"Not\u00edcias - Franciscanos\",\"description\":\"Prov\u00edncia Franciscana da Imaculada Concei\u00e7\u00e3o do Brasil - Ordem dos Frades Menores - OFM\",\"potentialAction\":[{\"@type\":\"SearchAction\",\"target\":{\"@type\":\"EntryPoint\",\"urlTemplate\":\"https:\/\/franciscanos.org.br\/noticias\/?s={search_term_string}\"},\"query-input\":\"required name=search_term_string\"}],\"inLanguage\":\"pt-BR\"},{\"@type\":\"ImageObject\",\"inLanguage\":\"pt-BR\",\"@id\":\"https:\/\/franciscanos.org.br\/noticias\/primeira-profissao-de-irma-maximiliana-marca-os-32-anos-do-mosteiro-das-clarissas-em-colatina.html#primaryimage\",\"url\":\"https:\/\/franciscanos.org.br\/noticias\/wp-content\/uploads\/2023\/05\/clarissas_290523_2-scaled.jpg\",\"contentUrl\":\"https:\/\/franciscanos.org.br\/noticias\/wp-content\/uploads\/2023\/05\/clarissas_290523_2-scaled.jpg\",\"width\":1920,\"height\":1079},{\"@type\":\"WebPage\",\"@id\":\"https:\/\/franciscanos.org.br\/noticias\/primeira-profissao-de-irma-maximiliana-marca-os-32-anos-do-mosteiro-das-clarissas-em-colatina.html#webpage\",\"url\":\"https:\/\/franciscanos.org.br\/noticias\/primeira-profissao-de-irma-maximiliana-marca-os-32-anos-do-mosteiro-das-clarissas-em-colatina.html\",\"name\":\"Primeira Profiss\u00e3o de Irm\u00e3 Maximiliana marca os 32 anos do Mosteiro das Clarissas em Colatina - Not\u00edcias - Franciscanos\",\"isPartOf\":{\"@id\":\"https:\/\/franciscanos.org.br\/noticias\/#website\"},\"primaryImageOfPage\":{\"@id\":\"https:\/\/franciscanos.org.br\/noticias\/primeira-profissao-de-irma-maximiliana-marca-os-32-anos-do-mosteiro-das-clarissas-em-colatina.html#primaryimage\"},\"datePublished\":\"2023-05-30T19:31:26+00:00\",\"dateModified\":\"2024-01-12T11:09:17+00:00\",\"author\":{\"@id\":\"https:\/\/franciscanos.org.br\/noticias\/#\/schema\/person\/37f88f0d111cd5358b12a6556a99eb91\"},\"breadcrumb\":{\"@id\":\"https:\/\/franciscanos.org.br\/noticias\/primeira-profissao-de-irma-maximiliana-marca-os-32-anos-do-mosteiro-das-clarissas-em-colatina.html#breadcrumb\"},\"inLanguage\":\"pt-BR\",\"potentialAction\":[{\"@type\":\"ReadAction\",\"target\":[\"https:\/\/franciscanos.org.br\/noticias\/primeira-profissao-de-irma-maximiliana-marca-os-32-anos-do-mosteiro-das-clarissas-em-colatina.html\"]}]},{\"@type\":\"BreadcrumbList\",\"@id\":\"https:\/\/franciscanos.org.br\/noticias\/primeira-profissao-de-irma-maximiliana-marca-os-32-anos-do-mosteiro-das-clarissas-em-colatina.html#breadcrumb\",\"itemListElement\":[{\"@type\":\"ListItem\",\"position\":1,\"name\":\"Home\",\"item\":\"https:\/\/franciscanos.org.br\/noticias\"},{\"@type\":\"ListItem\",\"position\":2,\"name\":\"Primeira Profiss\u00e3o de Irm\u00e3 Maximiliana marca os 32 anos do Mosteiro das Clarissas em Colatina\"}]},{\"@type\":\"Person\",\"@id\":\"https:\/\/franciscanos.org.br\/noticias\/#\/schema\/person\/37f88f0d111cd5358b12a6556a99eb91\",\"name\":\"freiaugusto\",\"image\":{\"@type\":\"ImageObject\",\"inLanguage\":\"pt-BR\",\"@id\":\"https:\/\/franciscanos.org.br\/noticias\/#\/schema\/person\/image\/\",\"url\":\"https:\/\/secure.gravatar.com\/avatar\/9840b940e621801b24f3e6b059efb4b7?s=96&d=mm&r=g\",\"contentUrl\":\"https:\/\/secure.gravatar.com\/avatar\/9840b940e621801b24f3e6b059efb4b7?s=96&d=mm&r=g\",\"caption\":\"freiaugusto\"},\"url\":\"https:\/\/franciscanos.org.br\/noticias\/author\/freiaugusto\"}]}<\/script>\n<!-- \/ Yoast SEO plugin. -->","yoast_head_json":{"title":"Primeira Profiss\u00e3o de Irm\u00e3 Maximiliana marca os 32 anos do Mosteiro das Clarissas em Colatina - Not\u00edcias - Franciscanos","robots":{"index":"index","follow":"follow","max-snippet":"max-snippet:-1","max-image-preview":"max-image-preview:large","max-video-preview":"max-video-preview:-1"},"canonical":"https:\/\/franciscanos.org.br\/noticias\/primeira-profissao-de-irma-maximiliana-marca-os-32-anos-do-mosteiro-das-clarissas-em-colatina.html","og_locale":"pt_BR","og_type":"article","og_title":"Primeira Profiss\u00e3o de Irm\u00e3 Maximiliana marca os 32 anos do Mosteiro das Clarissas em Colatina - Not\u00edcias - Franciscanos","og_description":"Irm\u00e3s Clarissas de Colatina (ES)","og_url":"https:\/\/franciscanos.org.br\/noticias\/primeira-profissao-de-irma-maximiliana-marca-os-32-anos-do-mosteiro-das-clarissas-em-colatina.html","og_site_name":"Not\u00edcias - Franciscanos","article_published_time":"2023-05-30T19:31:26+00:00","article_modified_time":"2024-01-12T11:09:17+00:00","og_image":[{"width":1920,"height":1079,"url":"https:\/\/franciscanos.org.br\/noticias\/wp-content\/uploads\/2023\/05\/clarissas_290523_2-scaled.jpg","type":"image\/jpeg"}],"author":"freiaugusto","twitter_card":"summary_large_image","twitter_misc":{"Escrito por":"freiaugusto","Est. tempo de leitura":"6 minutos"},"schema":{"@context":"https:\/\/schema.org","@graph":[{"@type":"WebSite","@id":"https:\/\/franciscanos.org.br\/noticias\/#website","url":"https:\/\/franciscanos.org.br\/noticias\/","name":"Not\u00edcias - Franciscanos","description":"Prov\u00edncia Franciscana da Imaculada Concei\u00e7\u00e3o do Brasil - Ordem dos Frades Menores - OFM","potentialAction":[{"@type":"SearchAction","target":{"@type":"EntryPoint","urlTemplate":"https:\/\/franciscanos.org.br\/noticias\/?s={search_term_string}"},"query-input":"required name=search_term_string"}],"inLanguage":"pt-BR"},{"@type":"ImageObject","inLanguage":"pt-BR","@id":"https:\/\/franciscanos.org.br\/noticias\/primeira-profissao-de-irma-maximiliana-marca-os-32-anos-do-mosteiro-das-clarissas-em-colatina.html#primaryimage","url":"https:\/\/franciscanos.org.br\/noticias\/wp-content\/uploads\/2023\/05\/clarissas_290523_2-scaled.jpg","contentUrl":"https:\/\/franciscanos.org.br\/noticias\/wp-content\/uploads\/2023\/05\/clarissas_290523_2-scaled.jpg","width":1920,"height":1079},{"@type":"WebPage","@id":"https:\/\/franciscanos.org.br\/noticias\/primeira-profissao-de-irma-maximiliana-marca-os-32-anos-do-mosteiro-das-clarissas-em-colatina.html#webpage","url":"https:\/\/franciscanos.org.br\/noticias\/primeira-profissao-de-irma-maximiliana-marca-os-32-anos-do-mosteiro-das-clarissas-em-colatina.html","name":"Primeira Profiss\u00e3o de Irm\u00e3 Maximiliana marca os 32 anos do Mosteiro das Clarissas em Colatina - Not\u00edcias - Franciscanos","isPartOf":{"@id":"https:\/\/franciscanos.org.br\/noticias\/#website"},"primaryImageOfPage":{"@id":"https:\/\/franciscanos.org.br\/noticias\/primeira-profissao-de-irma-maximiliana-marca-os-32-anos-do-mosteiro-das-clarissas-em-colatina.html#primaryimage"},"datePublished":"2023-05-30T19:31:26+00:00","dateModified":"2024-01-12T11:09:17+00:00","author":{"@id":"https:\/\/franciscanos.org.br\/noticias\/#\/schema\/person\/37f88f0d111cd5358b12a6556a99eb91"},"breadcrumb":{"@id":"https:\/\/franciscanos.org.br\/noticias\/primeira-profissao-de-irma-maximiliana-marca-os-32-anos-do-mosteiro-das-clarissas-em-colatina.html#breadcrumb"},"inLanguage":"pt-BR","potentialAction":[{"@type":"ReadAction","target":["https:\/\/franciscanos.org.br\/noticias\/primeira-profissao-de-irma-maximiliana-marca-os-32-anos-do-mosteiro-das-clarissas-em-colatina.html"]}]},{"@type":"BreadcrumbList","@id":"https:\/\/franciscanos.org.br\/noticias\/primeira-profissao-de-irma-maximiliana-marca-os-32-anos-do-mosteiro-das-clarissas-em-colatina.html#breadcrumb","itemListElement":[{"@type":"ListItem","position":1,"name":"Home","item":"https:\/\/franciscanos.org.br\/noticias"},{"@type":"ListItem","position":2,"name":"Primeira Profiss\u00e3o de Irm\u00e3 Maximiliana marca os 32 anos do Mosteiro das Clarissas em Colatina"}]},{"@type":"Person","@id":"https:\/\/franciscanos.org.br\/noticias\/#\/schema\/person\/37f88f0d111cd5358b12a6556a99eb91","name":"freiaugusto","image":{"@type":"ImageObject","inLanguage":"pt-BR","@id":"https:\/\/franciscanos.org.br\/noticias\/#\/schema\/person\/image\/","url":"https:\/\/secure.gravatar.com\/avatar\/9840b940e621801b24f3e6b059efb4b7?s=96&d=mm&r=g","contentUrl":"https:\/\/secure.gravatar.com\/avatar\/9840b940e621801b24f3e6b059efb4b7?s=96&d=mm&r=g","caption":"freiaugusto"},"url":"https:\/\/franciscanos.org.br\/noticias\/author\/freiaugusto"}]}},"_links":{"self":[{"href":"https:\/\/franciscanos.org.br\/noticias\/wp-json\/wp\/v2\/posts\/243602"}],"collection":[{"href":"https:\/\/franciscanos.org.br\/noticias\/wp-json\/wp\/v2\/posts"}],"about":[{"href":"https:\/\/franciscanos.org.br\/noticias\/wp-json\/wp\/v2\/types\/post"}],"author":[{"embeddable":true,"href":"https:\/\/franciscanos.org.br\/noticias\/wp-json\/wp\/v2\/users\/5"}],"replies":[{"embeddable":true,"href":"https:\/\/franciscanos.org.br\/noticias\/wp-json\/wp\/v2\/comments?post=243602"}],"version-history":[{"count":4,"href":"https:\/\/franciscanos.org.br\/noticias\/wp-json\/wp\/v2\/posts\/243602\/revisions"}],"predecessor-version":[{"id":243618,"href":"https:\/\/franciscanos.org.br\/noticias\/wp-json\/wp\/v2\/posts\/243602\/revisions\/243618"}],"wp:featuredmedia":[{"embeddable":true,"href":"https:\/\/franciscanos.org.br\/noticias\/wp-json\/wp\/v2\/media\/243604"}],"wp:attachment":[{"href":"https:\/\/franciscanos.org.br\/noticias\/wp-json\/wp\/v2\/media?parent=243602"}],"wp:term":[{"taxonomy":"category","embeddable":true,"href":"https:\/\/franciscanos.org.br\/noticias\/wp-json\/wp\/v2\/categories?post=243602"},{"taxonomy":"post_tag","embeddable":true,"href":"https:\/\/franciscanos.org.br\/noticias\/wp-json\/wp\/v2\/tags?post=243602"}],"curies":[{"name":"wp","href":"https:\/\/api.w.org\/{rel}","templated":true}]}}