{"id":243592,"date":"2023-05-30T07:00:15","date_gmt":"2023-05-30T10:00:15","guid":{"rendered":"https:\/\/franciscanos.org.br\/noticias\/?p=243592"},"modified":"2023-05-30T07:00:15","modified_gmt":"2023-05-30T10:00:15","slug":"trilha-franciscana-acontece-em-pato-branco-louvando-maria-refletindo-sobre-a-casa-comum-e-celebrando-pentecostes","status":"publish","type":"post","link":"https:\/\/franciscanos.org.br\/noticias\/trilha-franciscana-acontece-em-pato-branco-louvando-maria-refletindo-sobre-a-casa-comum-e-celebrando-pentecostes.html","title":{"rendered":"Trilha Franciscana acontece em Pato Branco, louvando Maria, refletindo sobre a Casa Comum e celebrando Pentecostes"},"content":{"rendered":"<p><img loading=\"lazy\" class=\"alignnone size-full wp-image-243593\" src=\"https:\/\/franciscanos.org.br\/noticias\/wp-content\/uploads\/2023\/05\/patobranco_03.jpg\" alt=\"\" width=\"1200\" height=\"720\" srcset=\"https:\/\/franciscanos.org.br\/noticias\/wp-content\/uploads\/2023\/05\/patobranco_03.jpg 1200w, https:\/\/franciscanos.org.br\/noticias\/wp-content\/uploads\/2023\/05\/patobranco_03-450x270.jpg 450w, https:\/\/franciscanos.org.br\/noticias\/wp-content\/uploads\/2023\/05\/patobranco_03-1024x614.jpg 1024w, https:\/\/franciscanos.org.br\/noticias\/wp-content\/uploads\/2023\/05\/patobranco_03-768x461.jpg 768w, https:\/\/franciscanos.org.br\/noticias\/wp-content\/uploads\/2023\/05\/patobranco_03-150x90.jpg 150w\" sizes=\"(max-width: 1200px) 100vw, 1200px\" \/><\/p>\n<p>Homenageando Maria, pelo m\u00eas de maio, refletindo sobre a Casa Comum, pela Semana <em>Laudato Si\u2019<\/em> e a Solenidade de Pentecostes, cerca de 20 pessoas participaram da Trilha Franciscana, no domingo, 28, em Pato Branco.<\/p>\n<p>Saindo da Par\u00f3quia S\u00e3o Pedro Ap\u00f3stolo, os participantes foram at\u00e9 uma gruta dedicada a Nossa Senhora das Gra\u00e7as no Planta Garden. Onde meditaram sobre a rela\u00e7\u00e3o de Maria e o Esp\u00edrito, tendo como inspira\u00e7\u00e3o a Ant\u00edfona de Nossa Senhora, composta por S\u00e3o Francisco de Assis. Junto \u00e0 M\u00e3e de Deus teve m\u00fasica, ora\u00e7\u00e3o, prece, b\u00ean\u00e7\u00e3o e foi plantada uma \u00e1rvore como presente \u00e0 t\u00e3o bondosa Senhora.<\/p>\n<p><img loading=\"lazy\" class=\"alignnone size-full wp-image-243594\" src=\"https:\/\/franciscanos.org.br\/noticias\/wp-content\/uploads\/2023\/05\/patobranco_04.jpg\" alt=\"\" width=\"1200\" height=\"720\" srcset=\"https:\/\/franciscanos.org.br\/noticias\/wp-content\/uploads\/2023\/05\/patobranco_04.jpg 1200w, https:\/\/franciscanos.org.br\/noticias\/wp-content\/uploads\/2023\/05\/patobranco_04-450x270.jpg 450w, https:\/\/franciscanos.org.br\/noticias\/wp-content\/uploads\/2023\/05\/patobranco_04-1024x614.jpg 1024w, https:\/\/franciscanos.org.br\/noticias\/wp-content\/uploads\/2023\/05\/patobranco_04-768x461.jpg 768w, https:\/\/franciscanos.org.br\/noticias\/wp-content\/uploads\/2023\/05\/patobranco_04-150x90.jpg 150w\" sizes=\"(max-width: 1200px) 100vw, 1200px\" \/><\/p>\n<p>Renovados por esse momento, eles partiram para a Miss\u00e3o SOS vida. Chegando l\u00e1, foram recebidos por um caf\u00e9 da manh\u00e3, preparado pelos acolhidos da Miss\u00e3o e enquanto os comiam assistiram o document\u00e1rio <em>a Carta<\/em> sobre a enc\u00edclica <em>Laudato Si\u2019<\/em>. E logo ap\u00f3s, a celebra\u00e7\u00e3o da palavra em honra \u00e0 solenidade de Pentecostes corou o momento, j\u00e1 que o mesmo Esp\u00edrito que fez os ap\u00f3stolos sa\u00edrem em miss\u00e3o pelo mundo motivou e guiou a Trilha Franciscana. Ao final da celebra\u00e7\u00e3o foi entregue uma semente de girassol a quem participou dela, tanto os trilheiros quanto os acolhidos da miss\u00e3o, e todos foram convidados a plantar mudas em um canteiro em homenagem a Nossa Senhora, pr\u00f3ximo \u00e0 capela da miss\u00e3o.<\/p>\n<p>O percurso da trilha foi acompanhado pela medita\u00e7\u00e3o e \u00a0ora\u00e7\u00e3o do ter\u00e7o, outros momentos devocionais como carregar a imagem de S\u00e3o Francisco de Assis e a Cruz e pela coleta do lixo espalhado pelas ruas de Pato Branco, sinais concretos da espiritualidade Franciscana e do cuidado com a Casa Comum.<\/p>\n<p>A Miss\u00e3o SOS Vida \u00e9 um projeto iniciado h\u00e1 mais de 20 anos em Pato Branco pelo Frei Nelson Rabelo e um grupo de jovens da regi\u00e3o que acolhe homens necessitados de uma vida nova, buscando a liberta\u00e7\u00e3o do v\u00edcio do \u00e1lcool e das drogas.<\/p>\n<p><img loading=\"lazy\" class=\"alignnone size-full wp-image-243595\" src=\"https:\/\/franciscanos.org.br\/noticias\/wp-content\/uploads\/2023\/05\/patobranco_01.jpg\" alt=\"\" width=\"900\" height=\"596\" srcset=\"https:\/\/franciscanos.org.br\/noticias\/wp-content\/uploads\/2023\/05\/patobranco_01.jpg 900w, https:\/\/franciscanos.org.br\/noticias\/wp-content\/uploads\/2023\/05\/patobranco_01-450x298.jpg 450w, https:\/\/franciscanos.org.br\/noticias\/wp-content\/uploads\/2023\/05\/patobranco_01-768x509.jpg 768w, https:\/\/franciscanos.org.br\/noticias\/wp-content\/uploads\/2023\/05\/patobranco_01-150x99.jpg 150w\" sizes=\"(max-width: 900px) 100vw, 900px\" \/><\/p>\n<p>A Trilha Franciscana<\/p>\n<p>Ela surgiu na caminhada anual que \u00e9 feita pela mem\u00f3ria de Frei Nelson. H\u00e1 mais de um ano, mensalmente, re\u00fane pessoas de todas as idades caminhando por Pato Branco e a regi\u00e3o Sudoeste levando a espiritualidade Franciscana, a ora\u00e7\u00e3o e devo\u00e7\u00e3o e o cuidado da Casa Comum.<\/p>\n<hr \/>\n<p><em>Frei Marcelo Tadeu da Silva Cardoso<\/em><\/p>\n","protected":false},"excerpt":{"rendered":"<p>Trilha Franciscana em Pato Branco<\/p>\n","protected":false},"author":3,"featured_media":243593,"comment_status":"open","ping_status":"open","sticky":false,"template":"","format":"standard","meta":[],"categories":[1],"tags":[2138],"acf":[],"yoast_head":"<!-- This site is optimized with the Yoast SEO plugin v19.2 - https:\/\/yoast.com\/wordpress\/plugins\/seo\/ -->\n<title>Trilha Franciscana acontece em Pato Branco, louvando Maria, refletindo sobre a Casa Comum e celebrando Pentecostes - Not\u00edcias - Franciscanos<\/title>\n<meta name=\"robots\" content=\"index, follow, max-snippet:-1, max-image-preview:large, max-video-preview:-1\" \/>\n<link rel=\"canonical\" href=\"https:\/\/franciscanos.org.br\/noticias\/trilha-franciscana-acontece-em-pato-branco-louvando-maria-refletindo-sobre-a-casa-comum-e-celebrando-pentecostes.html\" \/>\n<meta property=\"og:locale\" content=\"pt_BR\" \/>\n<meta property=\"og:type\" content=\"article\" \/>\n<meta property=\"og:title\" content=\"Trilha Franciscana acontece em Pato Branco, louvando Maria, refletindo sobre a Casa Comum e celebrando Pentecostes - Not\u00edcias - Franciscanos\" \/>\n<meta property=\"og:description\" content=\"Trilha Franciscana em Pato Branco\" \/>\n<meta property=\"og:url\" content=\"https:\/\/franciscanos.org.br\/noticias\/trilha-franciscana-acontece-em-pato-branco-louvando-maria-refletindo-sobre-a-casa-comum-e-celebrando-pentecostes.html\" \/>\n<meta property=\"og:site_name\" content=\"Not\u00edcias - Franciscanos\" \/>\n<meta property=\"article:published_time\" content=\"2023-05-30T10:00:15+00:00\" \/>\n<meta property=\"og:image\" content=\"https:\/\/franciscanos.org.br\/noticias\/wp-content\/uploads\/2023\/05\/patobranco_03.jpg\" \/>\n\t<meta property=\"og:image:width\" content=\"1200\" \/>\n\t<meta property=\"og:image:height\" content=\"720\" \/>\n\t<meta property=\"og:image:type\" content=\"image\/jpeg\" \/>\n<meta name=\"author\" content=\"moacir\" \/>\n<meta name=\"twitter:card\" content=\"summary_large_image\" \/>\n<meta name=\"twitter:label1\" content=\"Escrito por\" \/>\n\t<meta name=\"twitter:data1\" content=\"moacir\" \/>\n\t<meta name=\"twitter:label2\" content=\"Est. tempo de leitura\" \/>\n\t<meta name=\"twitter:data2\" content=\"2 minutos\" \/>\n<script type=\"application\/ld+json\" class=\"yoast-schema-graph\">{\"@context\":\"https:\/\/schema.org\",\"@graph\":[{\"@type\":\"WebSite\",\"@id\":\"https:\/\/franciscanos.org.br\/noticias\/#website\",\"url\":\"https:\/\/franciscanos.org.br\/noticias\/\",\"name\":\"Not\u00edcias - Franciscanos\",\"description\":\"Prov\u00edncia Franciscana da Imaculada Concei\u00e7\u00e3o do Brasil - Ordem dos Frades Menores - OFM\",\"potentialAction\":[{\"@type\":\"SearchAction\",\"target\":{\"@type\":\"EntryPoint\",\"urlTemplate\":\"https:\/\/franciscanos.org.br\/noticias\/?s={search_term_string}\"},\"query-input\":\"required name=search_term_string\"}],\"inLanguage\":\"pt-BR\"},{\"@type\":\"ImageObject\",\"inLanguage\":\"pt-BR\",\"@id\":\"https:\/\/franciscanos.org.br\/noticias\/trilha-franciscana-acontece-em-pato-branco-louvando-maria-refletindo-sobre-a-casa-comum-e-celebrando-pentecostes.html#primaryimage\",\"url\":\"https:\/\/franciscanos.org.br\/noticias\/wp-content\/uploads\/2023\/05\/patobranco_03.jpg\",\"contentUrl\":\"https:\/\/franciscanos.org.br\/noticias\/wp-content\/uploads\/2023\/05\/patobranco_03.jpg\",\"width\":1200,\"height\":720},{\"@type\":\"WebPage\",\"@id\":\"https:\/\/franciscanos.org.br\/noticias\/trilha-franciscana-acontece-em-pato-branco-louvando-maria-refletindo-sobre-a-casa-comum-e-celebrando-pentecostes.html#webpage\",\"url\":\"https:\/\/franciscanos.org.br\/noticias\/trilha-franciscana-acontece-em-pato-branco-louvando-maria-refletindo-sobre-a-casa-comum-e-celebrando-pentecostes.html\",\"name\":\"Trilha Franciscana acontece em Pato Branco, louvando Maria, refletindo sobre a Casa Comum e celebrando Pentecostes - Not\u00edcias - Franciscanos\",\"isPartOf\":{\"@id\":\"https:\/\/franciscanos.org.br\/noticias\/#website\"},\"primaryImageOfPage\":{\"@id\":\"https:\/\/franciscanos.org.br\/noticias\/trilha-franciscana-acontece-em-pato-branco-louvando-maria-refletindo-sobre-a-casa-comum-e-celebrando-pentecostes.html#primaryimage\"},\"datePublished\":\"2023-05-30T10:00:15+00:00\",\"dateModified\":\"2023-05-30T10:00:15+00:00\",\"author\":{\"@id\":\"https:\/\/franciscanos.org.br\/noticias\/#\/schema\/person\/b5c8cba458c330ccff548b056e95a5d4\"},\"breadcrumb\":{\"@id\":\"https:\/\/franciscanos.org.br\/noticias\/trilha-franciscana-acontece-em-pato-branco-louvando-maria-refletindo-sobre-a-casa-comum-e-celebrando-pentecostes.html#breadcrumb\"},\"inLanguage\":\"pt-BR\",\"potentialAction\":[{\"@type\":\"ReadAction\",\"target\":[\"https:\/\/franciscanos.org.br\/noticias\/trilha-franciscana-acontece-em-pato-branco-louvando-maria-refletindo-sobre-a-casa-comum-e-celebrando-pentecostes.html\"]}]},{\"@type\":\"BreadcrumbList\",\"@id\":\"https:\/\/franciscanos.org.br\/noticias\/trilha-franciscana-acontece-em-pato-branco-louvando-maria-refletindo-sobre-a-casa-comum-e-celebrando-pentecostes.html#breadcrumb\",\"itemListElement\":[{\"@type\":\"ListItem\",\"position\":1,\"name\":\"Home\",\"item\":\"https:\/\/franciscanos.org.br\/noticias\"},{\"@type\":\"ListItem\",\"position\":2,\"name\":\"Trilha Franciscana acontece em Pato Branco, louvando Maria, refletindo sobre a Casa Comum e celebrando Pentecostes\"}]},{\"@type\":\"Person\",\"@id\":\"https:\/\/franciscanos.org.br\/noticias\/#\/schema\/person\/b5c8cba458c330ccff548b056e95a5d4\",\"name\":\"moacir\",\"image\":{\"@type\":\"ImageObject\",\"inLanguage\":\"pt-BR\",\"@id\":\"https:\/\/franciscanos.org.br\/noticias\/#\/schema\/person\/image\/\",\"url\":\"https:\/\/secure.gravatar.com\/avatar\/d08aa2ce4c8dd416d4479aa8536fcf64?s=96&d=mm&r=g\",\"contentUrl\":\"https:\/\/secure.gravatar.com\/avatar\/d08aa2ce4c8dd416d4479aa8536fcf64?s=96&d=mm&r=g\",\"caption\":\"moacir\"},\"url\":\"https:\/\/franciscanos.org.br\/noticias\/author\/moacir\"}]}<\/script>\n<!-- \/ Yoast SEO plugin. -->","yoast_head_json":{"title":"Trilha Franciscana acontece em Pato Branco, louvando Maria, refletindo sobre a Casa Comum e celebrando Pentecostes - Not\u00edcias - Franciscanos","robots":{"index":"index","follow":"follow","max-snippet":"max-snippet:-1","max-image-preview":"max-image-preview:large","max-video-preview":"max-video-preview:-1"},"canonical":"https:\/\/franciscanos.org.br\/noticias\/trilha-franciscana-acontece-em-pato-branco-louvando-maria-refletindo-sobre-a-casa-comum-e-celebrando-pentecostes.html","og_locale":"pt_BR","og_type":"article","og_title":"Trilha Franciscana acontece em Pato Branco, louvando Maria, refletindo sobre a Casa Comum e celebrando Pentecostes - Not\u00edcias - Franciscanos","og_description":"Trilha Franciscana em Pato Branco","og_url":"https:\/\/franciscanos.org.br\/noticias\/trilha-franciscana-acontece-em-pato-branco-louvando-maria-refletindo-sobre-a-casa-comum-e-celebrando-pentecostes.html","og_site_name":"Not\u00edcias - Franciscanos","article_published_time":"2023-05-30T10:00:15+00:00","og_image":[{"width":1200,"height":720,"url":"https:\/\/franciscanos.org.br\/noticias\/wp-content\/uploads\/2023\/05\/patobranco_03.jpg","type":"image\/jpeg"}],"author":"moacir","twitter_card":"summary_large_image","twitter_misc":{"Escrito por":"moacir","Est. tempo de leitura":"2 minutos"},"schema":{"@context":"https:\/\/schema.org","@graph":[{"@type":"WebSite","@id":"https:\/\/franciscanos.org.br\/noticias\/#website","url":"https:\/\/franciscanos.org.br\/noticias\/","name":"Not\u00edcias - Franciscanos","description":"Prov\u00edncia Franciscana da Imaculada Concei\u00e7\u00e3o do Brasil - Ordem dos Frades Menores - OFM","potentialAction":[{"@type":"SearchAction","target":{"@type":"EntryPoint","urlTemplate":"https:\/\/franciscanos.org.br\/noticias\/?s={search_term_string}"},"query-input":"required name=search_term_string"}],"inLanguage":"pt-BR"},{"@type":"ImageObject","inLanguage":"pt-BR","@id":"https:\/\/franciscanos.org.br\/noticias\/trilha-franciscana-acontece-em-pato-branco-louvando-maria-refletindo-sobre-a-casa-comum-e-celebrando-pentecostes.html#primaryimage","url":"https:\/\/franciscanos.org.br\/noticias\/wp-content\/uploads\/2023\/05\/patobranco_03.jpg","contentUrl":"https:\/\/franciscanos.org.br\/noticias\/wp-content\/uploads\/2023\/05\/patobranco_03.jpg","width":1200,"height":720},{"@type":"WebPage","@id":"https:\/\/franciscanos.org.br\/noticias\/trilha-franciscana-acontece-em-pato-branco-louvando-maria-refletindo-sobre-a-casa-comum-e-celebrando-pentecostes.html#webpage","url":"https:\/\/franciscanos.org.br\/noticias\/trilha-franciscana-acontece-em-pato-branco-louvando-maria-refletindo-sobre-a-casa-comum-e-celebrando-pentecostes.html","name":"Trilha Franciscana acontece em Pato Branco, louvando Maria, refletindo sobre a Casa Comum e celebrando Pentecostes - Not\u00edcias - Franciscanos","isPartOf":{"@id":"https:\/\/franciscanos.org.br\/noticias\/#website"},"primaryImageOfPage":{"@id":"https:\/\/franciscanos.org.br\/noticias\/trilha-franciscana-acontece-em-pato-branco-louvando-maria-refletindo-sobre-a-casa-comum-e-celebrando-pentecostes.html#primaryimage"},"datePublished":"2023-05-30T10:00:15+00:00","dateModified":"2023-05-30T10:00:15+00:00","author":{"@id":"https:\/\/franciscanos.org.br\/noticias\/#\/schema\/person\/b5c8cba458c330ccff548b056e95a5d4"},"breadcrumb":{"@id":"https:\/\/franciscanos.org.br\/noticias\/trilha-franciscana-acontece-em-pato-branco-louvando-maria-refletindo-sobre-a-casa-comum-e-celebrando-pentecostes.html#breadcrumb"},"inLanguage":"pt-BR","potentialAction":[{"@type":"ReadAction","target":["https:\/\/franciscanos.org.br\/noticias\/trilha-franciscana-acontece-em-pato-branco-louvando-maria-refletindo-sobre-a-casa-comum-e-celebrando-pentecostes.html"]}]},{"@type":"BreadcrumbList","@id":"https:\/\/franciscanos.org.br\/noticias\/trilha-franciscana-acontece-em-pato-branco-louvando-maria-refletindo-sobre-a-casa-comum-e-celebrando-pentecostes.html#breadcrumb","itemListElement":[{"@type":"ListItem","position":1,"name":"Home","item":"https:\/\/franciscanos.org.br\/noticias"},{"@type":"ListItem","position":2,"name":"Trilha Franciscana acontece em Pato Branco, louvando Maria, refletindo sobre a Casa Comum e celebrando Pentecostes"}]},{"@type":"Person","@id":"https:\/\/franciscanos.org.br\/noticias\/#\/schema\/person\/b5c8cba458c330ccff548b056e95a5d4","name":"moacir","image":{"@type":"ImageObject","inLanguage":"pt-BR","@id":"https:\/\/franciscanos.org.br\/noticias\/#\/schema\/person\/image\/","url":"https:\/\/secure.gravatar.com\/avatar\/d08aa2ce4c8dd416d4479aa8536fcf64?s=96&d=mm&r=g","contentUrl":"https:\/\/secure.gravatar.com\/avatar\/d08aa2ce4c8dd416d4479aa8536fcf64?s=96&d=mm&r=g","caption":"moacir"},"url":"https:\/\/franciscanos.org.br\/noticias\/author\/moacir"}]}},"_links":{"self":[{"href":"https:\/\/franciscanos.org.br\/noticias\/wp-json\/wp\/v2\/posts\/243592"}],"collection":[{"href":"https:\/\/franciscanos.org.br\/noticias\/wp-json\/wp\/v2\/posts"}],"about":[{"href":"https:\/\/franciscanos.org.br\/noticias\/wp-json\/wp\/v2\/types\/post"}],"author":[{"embeddable":true,"href":"https:\/\/franciscanos.org.br\/noticias\/wp-json\/wp\/v2\/users\/3"}],"replies":[{"embeddable":true,"href":"https:\/\/franciscanos.org.br\/noticias\/wp-json\/wp\/v2\/comments?post=243592"}],"version-history":[{"count":1,"href":"https:\/\/franciscanos.org.br\/noticias\/wp-json\/wp\/v2\/posts\/243592\/revisions"}],"predecessor-version":[{"id":243596,"href":"https:\/\/franciscanos.org.br\/noticias\/wp-json\/wp\/v2\/posts\/243592\/revisions\/243596"}],"wp:featuredmedia":[{"embeddable":true,"href":"https:\/\/franciscanos.org.br\/noticias\/wp-json\/wp\/v2\/media\/243593"}],"wp:attachment":[{"href":"https:\/\/franciscanos.org.br\/noticias\/wp-json\/wp\/v2\/media?parent=243592"}],"wp:term":[{"taxonomy":"category","embeddable":true,"href":"https:\/\/franciscanos.org.br\/noticias\/wp-json\/wp\/v2\/categories?post=243592"},{"taxonomy":"post_tag","embeddable":true,"href":"https:\/\/franciscanos.org.br\/noticias\/wp-json\/wp\/v2\/tags?post=243592"}],"curies":[{"name":"wp","href":"https:\/\/api.w.org\/{rel}","templated":true}]}}