{"id":243573,"date":"2023-05-29T18:09:04","date_gmt":"2023-05-29T21:09:04","guid":{"rendered":"https:\/\/franciscanos.org.br\/noticias\/?p=243573"},"modified":"2023-05-29T18:12:10","modified_gmt":"2023-05-29T21:12:10","slug":"paroquia-santa-clara-participa-do-10o-encontro-estadual-do-terco-dos-homens","status":"publish","type":"post","link":"https:\/\/franciscanos.org.br\/noticias\/paroquia-santa-clara-participa-do-10o-encontro-estadual-do-terco-dos-homens.html","title":{"rendered":"Par\u00f3quia Santa Clara participa do 10\u00ba Encontro Estadual do Ter\u00e7o dos Homens"},"content":{"rendered":"<p><img loading=\"lazy\" class=\"alignnone wp-image-243574 size-full\" src=\"https:\/\/franciscanos.org.br\/noticias\/wp-content\/uploads\/2023\/05\/terco_270523.jpg\" alt=\"\" width=\"1280\" height=\"730\" srcset=\"https:\/\/franciscanos.org.br\/noticias\/wp-content\/uploads\/2023\/05\/terco_270523.jpg 1280w, https:\/\/franciscanos.org.br\/noticias\/wp-content\/uploads\/2023\/05\/terco_270523-450x257.jpg 450w, https:\/\/franciscanos.org.br\/noticias\/wp-content\/uploads\/2023\/05\/terco_270523-1024x584.jpg 1024w, https:\/\/franciscanos.org.br\/noticias\/wp-content\/uploads\/2023\/05\/terco_270523-768x438.jpg 768w, https:\/\/franciscanos.org.br\/noticias\/wp-content\/uploads\/2023\/05\/terco_270523-150x86.jpg 150w\" sizes=\"(max-width: 1280px) 100vw, 1280px\" \/><\/p>\n<p><b>Vila Velha (ES) \u2013<\/b><span style=\"font-weight: 400;\"> Os tercistas do Ter\u00e7o dos Homens da Par\u00f3quia Santa Clara de Assis de Colatina (ES), participaram do 10\u00ba Encontro Estadual do Ter\u00e7o dos Homens no Convento da Penha, em Vila Velha (ES), no \u00faltimo s\u00e1bado (27\/05). Nesta data, no Estado do Esp\u00edrito Santo, celebra-se o Dia Estadual do Ter\u00e7o dos Homens. O p\u00e1roco, Frei Pedro de Oliveira Rodrigues e o di\u00e1cono Frei Augusto Luiz Gabriel, acompanharam a caravana.<\/span><\/p>\n<p><span style=\"font-weight: 400;\">O evento, que completou 10 anos, teve como tema: \u201cVoca\u00e7\u00f5es para a Igreja\u201d e lema \u201cVoca\u00e7\u00e3o acertada, vida feliz\u201d, em alus\u00e3o ao 3\u00ba Ano Vocacional da Igreja no Brasil e tamb\u00e9m em conson\u00e2ncia com a Festa da Penha deste ano.\u00a0<\/span><\/p>\n<p><span style=\"font-weight: 400;\">A programa\u00e7\u00e3o come\u00e7ou pela manh\u00e3, \u00e0s 9h, com o Adora\u00e7\u00e3o ao Sant\u00edssimo Sacramento na Igreja do Ros\u00e1rio, conduzida por\u00a0 Pe. Maur\u00edcio Fornaciari, da Diocese de Colatina. J\u00e1 \u00e0s 10, os tercistas foram acolhidos na Prainha de Vila Velha para o cadastramento dos grupos e caravanas. Neste local, receberam a imagem de Nossa Senhora da Penha, vinda da centen\u00e1ria Igreja do Ros\u00e1rio. Um ter\u00e7o gigante ladeou a imagem durante toda a prociss\u00e3o. \u00c0s 13h, os participantes subiram a ladeira da Penha rezando o ter\u00e7o, momento conduzido por Pe. Adenilson Schmidt da Arquidiocese de Vit\u00f3ria.<\/span><\/p>\n<p><img loading=\"lazy\" class=\"alignnone wp-image-243577 size-full\" src=\"https:\/\/franciscanos.org.br\/noticias\/wp-content\/uploads\/2023\/05\/terco_270523_4.jpg\" alt=\"\" width=\"1280\" height=\"730\" srcset=\"https:\/\/franciscanos.org.br\/noticias\/wp-content\/uploads\/2023\/05\/terco_270523_4.jpg 1280w, https:\/\/franciscanos.org.br\/noticias\/wp-content\/uploads\/2023\/05\/terco_270523_4-450x257.jpg 450w, https:\/\/franciscanos.org.br\/noticias\/wp-content\/uploads\/2023\/05\/terco_270523_4-1024x584.jpg 1024w, https:\/\/franciscanos.org.br\/noticias\/wp-content\/uploads\/2023\/05\/terco_270523_4-768x438.jpg 768w, https:\/\/franciscanos.org.br\/noticias\/wp-content\/uploads\/2023\/05\/terco_270523_4-150x86.jpg 150w\" sizes=\"(max-width: 1280px) 100vw, 1280px\" \/><\/p>\n<p><span style=\"font-weight: 400;\">No Convento da Penha, a programa\u00e7\u00e3o principal come\u00e7ou no per\u00edodo da tarde, \u00e0s 14h, com a Reza do Ter\u00e7o Solene, conduzido pelo Padre Renato Criste, p\u00e1roco da Par\u00f3quia Nossa Senhora da Vit\u00f3ria e Catedral de Vit\u00f3ria; Consagra\u00e7\u00e3o a Nossa Senhora, e a Santa Missa \u00e0s 15h, presidida pelo bispo da Diocese de Cachoeiro de Itapemirim, Dom Luiz Fernando Lisboa.<\/span><\/p>\n<p><span style=\"font-weight: 400;\">\u201cQue evento bonito do Esp\u00edrito Santo quando na Igreja surgiu este grupo, este movimento. Parab\u00e9ns a voc\u00eas, homens, que n\u00e3o tiveram medo, que n\u00e3o resistiram ao chamado de Deus e que aceitaram fazer parte deste grupo. Que ao rezarem a Maria, M\u00e3e Jesus e nossa M\u00e3e, n\u00f3s possamos aprender com ela a fazer a vontade de Deus, a seguir os ensinamentos de Jesus\u201d, disse Dom Luiz. \u201cSe queremos agradar a Maria, obede\u00e7amos a Jesus\u201d, acrescentou.<\/span><\/p>\n<p><span style=\"font-weight: 400;\">&#8220;O Ter\u00e7o dos Homens \u00e9 uma b\u00ean\u00e7\u00e3o em nossa Igreja. Deu protagonismo aos homens. N\u00f3s v\u00edamos e vemos ainda nossas comunidades repletas de mulheres que assumem servi\u00e7os, minist\u00e9rios, mas, agora os homens assumem o seu protagonismo na Igreja. O Ter\u00e7o dos Homens alegrou e enriqueceu as fam\u00edlias com a d\u00e1diva da ora\u00e7\u00e3o a Maria. O ter\u00e7o que n\u00f3s rezamos \u00e9 a contempla\u00e7\u00e3o da vida de Jesus. Por isso, o ter\u00e7o \u00e9 cristol\u00f3gico, porque conta a hist\u00f3ria da vida de Jesus\u201d, refletiu.<\/span><\/p>\n<p><img loading=\"lazy\" class=\"alignnone wp-image-243575 size-full\" src=\"https:\/\/franciscanos.org.br\/noticias\/wp-content\/uploads\/2023\/05\/terco_270523_2.jpg\" alt=\"\" width=\"1280\" height=\"730\" srcset=\"https:\/\/franciscanos.org.br\/noticias\/wp-content\/uploads\/2023\/05\/terco_270523_2.jpg 1280w, https:\/\/franciscanos.org.br\/noticias\/wp-content\/uploads\/2023\/05\/terco_270523_2-450x257.jpg 450w, https:\/\/franciscanos.org.br\/noticias\/wp-content\/uploads\/2023\/05\/terco_270523_2-1024x584.jpg 1024w, https:\/\/franciscanos.org.br\/noticias\/wp-content\/uploads\/2023\/05\/terco_270523_2-768x438.jpg 768w, https:\/\/franciscanos.org.br\/noticias\/wp-content\/uploads\/2023\/05\/terco_270523_2-150x86.jpg 150w\" sizes=\"(max-width: 1280px) 100vw, 1280px\" \/><\/p>\n\n\t\t<style type=\"text\/css\">\n\t\t\t#gallery-1 {\n\t\t\t\tmargin: auto;\n\t\t\t}\n\t\t\t#gallery-1 .gallery-item {\n\t\t\t\tfloat: left;\n\t\t\t\tmargin-top: 10px;\n\t\t\t\ttext-align: center;\n\t\t\t\twidth: 33%;\n\t\t\t}\n\t\t\t#gallery-1 img {\n\t\t\t\tborder: 2px solid #cfcfcf;\n\t\t\t}\n\t\t\t#gallery-1 .gallery-caption {\n\t\t\t\tmargin-left: 0;\n\t\t\t}\n\t\t\t\/* see gallery_shortcode() in wp-includes\/media.php *\/\n\t\t<\/style>\n\t\t<div id='gallery-1' class='gallery galleryid-243573 gallery-columns-3 gallery-size-thumbnail'><dl class='gallery-item'>\n\t\t\t<dt class='gallery-icon landscape'>\n\t\t\t\t<a href='https:\/\/franciscanos.org.br\/noticias\/wp-content\/uploads\/2023\/05\/1.jpeg'><img width=\"300\" height=\"300\" src=\"https:\/\/franciscanos.org.br\/noticias\/wp-content\/uploads\/2023\/05\/1-300x300.jpeg\" class=\"attachment-thumbnail size-thumbnail\" alt=\"\" loading=\"lazy\" srcset=\"https:\/\/franciscanos.org.br\/noticias\/wp-content\/uploads\/2023\/05\/1-300x300.jpeg 300w, https:\/\/franciscanos.org.br\/noticias\/wp-content\/uploads\/2023\/05\/1-100x100.jpeg 100w\" sizes=\"(max-width: 300px) 100vw, 300px\" \/><\/a>\n\t\t\t<\/dt><\/dl><dl class='gallery-item'>\n\t\t\t<dt class='gallery-icon landscape'>\n\t\t\t\t<a href='https:\/\/franciscanos.org.br\/noticias\/wp-content\/uploads\/2023\/05\/3.jpeg'><img width=\"300\" height=\"300\" src=\"https:\/\/franciscanos.org.br\/noticias\/wp-content\/uploads\/2023\/05\/3-300x300.jpeg\" class=\"attachment-thumbnail size-thumbnail\" alt=\"\" loading=\"lazy\" srcset=\"https:\/\/franciscanos.org.br\/noticias\/wp-content\/uploads\/2023\/05\/3-300x300.jpeg 300w, https:\/\/franciscanos.org.br\/noticias\/wp-content\/uploads\/2023\/05\/3-100x100.jpeg 100w\" sizes=\"(max-width: 300px) 100vw, 300px\" \/><\/a>\n\t\t\t<\/dt><\/dl><dl class='gallery-item'>\n\t\t\t<dt class='gallery-icon landscape'>\n\t\t\t\t<a href='https:\/\/franciscanos.org.br\/noticias\/wp-content\/uploads\/2023\/05\/2.jpeg'><img width=\"300\" height=\"300\" src=\"https:\/\/franciscanos.org.br\/noticias\/wp-content\/uploads\/2023\/05\/2-300x300.jpeg\" class=\"attachment-thumbnail size-thumbnail\" alt=\"\" loading=\"lazy\" srcset=\"https:\/\/franciscanos.org.br\/noticias\/wp-content\/uploads\/2023\/05\/2-300x300.jpeg 300w, https:\/\/franciscanos.org.br\/noticias\/wp-content\/uploads\/2023\/05\/2-100x100.jpeg 100w\" sizes=\"(max-width: 300px) 100vw, 300px\" \/><\/a>\n\t\t\t<\/dt><\/dl><br style=\"clear: both\" \/>\n\t\t<\/div>\n\n<p><span style=\"font-weight: 400;\">No final da celebra\u00e7\u00e3o, a imagem peregrina foi entregue aos tercistas da Par\u00f3quia Virgem Maria de Itacib\u00e1 de Cariacica, guardi\u00e3es respons\u00e1veis pela capelinha at\u00e9 25 de maio de 2024, data do pr\u00f3ximo encontro estadual.<\/span><\/p>\n<p><span style=\"font-weight: 400;\">Na Par\u00f3quia Santa Clara, os tercistas se encontram toda ter\u00e7a-feira, \u00e0s 19h, para juntos rezarem o ter\u00e7o. Al\u00e9m disso, desenvolvem outras atividades, como a anima\u00e7\u00e3o de missas nas comunidades da Par\u00f3quia, a condu\u00e7\u00e3o dos cantos, visitas semanais \u00e0s fam\u00edlias, tamb\u00e9m com intuito de propagar este movimento e rezar o ter\u00e7o, e participa\u00e7\u00e3o e apoio nas atividades paroquiais.\u00a0<\/span><\/p>\n<p><b>CONHE\u00c7A O TER\u00c7O DOS HOMENS<\/b><\/p>\n<p><span style=\"font-weight: 400;\">O Ter\u00e7o dos Homens \u00e9 um movimento de ora\u00e7\u00e3o permanente presente em v\u00e1rias par\u00f3quias, comunidades e grupos pastorais, onde os fi\u00e9is meditam os mist\u00e9rios da vida, paix\u00e3o, morte e ressurrei\u00e7\u00e3o de Jesus, por meio da recita\u00e7\u00e3o das Ave Marias. \u00c9 na reza do Santo Ter\u00e7o que os filhos de Nossa Senhora encontram a esperan\u00e7a de um mundo melhor.<\/span><\/p>\n<p><span style=\"font-weight: 400;\">O movimento de homens que rezam o ter\u00e7o \u00e9 tamb\u00e9m uma maneira de fazer com que todos possam descobrir na devo\u00e7\u00e3o piedosa, a import\u00e2ncia de ser sinal de Deus na fam\u00edlia, no trabalho, na comunidade e na sociedade. Como o pr\u00f3prio hino do Ter\u00e7o dos Homens diz, \u201cnas Ave Marias que repetimos, falamos do amor que por ti sentimos\u201d, ou seja, o homem que reza o ter\u00e7o, faz dele sua declara\u00e7\u00e3o de amor, sincero e puro amor, a Maria Sant\u00edssima.\u00a0<\/span><\/p>\n<p><img loading=\"lazy\" class=\"alignnone wp-image-243578 size-full\" src=\"https:\/\/franciscanos.org.br\/noticias\/wp-content\/uploads\/2023\/05\/terco_270523_5.jpg\" alt=\"\" width=\"1280\" height=\"730\" srcset=\"https:\/\/franciscanos.org.br\/noticias\/wp-content\/uploads\/2023\/05\/terco_270523_5.jpg 1280w, https:\/\/franciscanos.org.br\/noticias\/wp-content\/uploads\/2023\/05\/terco_270523_5-450x257.jpg 450w, https:\/\/franciscanos.org.br\/noticias\/wp-content\/uploads\/2023\/05\/terco_270523_5-1024x584.jpg 1024w, https:\/\/franciscanos.org.br\/noticias\/wp-content\/uploads\/2023\/05\/terco_270523_5-768x438.jpg 768w, https:\/\/franciscanos.org.br\/noticias\/wp-content\/uploads\/2023\/05\/terco_270523_5-150x86.jpg 150w\" sizes=\"(max-width: 1280px) 100vw, 1280px\" \/><\/p>\n<hr \/>\n<p><i>Frei Augusto Luiz Gabriel | Comunica\u00e7\u00e3o do\u00a0Convento da Penha (fotos)<\/i><\/p>\n","protected":false},"excerpt":{"rendered":"<p>10\u00ba Encontro Estadual do Ter\u00e7o dos Homens<\/p>\n","protected":false},"author":5,"featured_media":243574,"comment_status":"open","ping_status":"open","sticky":false,"template":"","format":"standard","meta":[],"categories":[1],"tags":[248,1896,2137],"acf":[],"yoast_head":"<!-- This site is optimized with the Yoast SEO plugin v19.2 - https:\/\/yoast.com\/wordpress\/plugins\/seo\/ -->\n<title>Par\u00f3quia Santa Clara participa do 10\u00ba Encontro Estadual do Ter\u00e7o dos Homens - Not\u00edcias - Franciscanos<\/title>\n<meta name=\"robots\" content=\"index, follow, max-snippet:-1, max-image-preview:large, max-video-preview:-1\" \/>\n<link rel=\"canonical\" href=\"https:\/\/franciscanos.org.br\/noticias\/paroquia-santa-clara-participa-do-10o-encontro-estadual-do-terco-dos-homens.html\" \/>\n<meta property=\"og:locale\" content=\"pt_BR\" \/>\n<meta property=\"og:type\" content=\"article\" \/>\n<meta property=\"og:title\" content=\"Par\u00f3quia Santa Clara participa do 10\u00ba Encontro Estadual do Ter\u00e7o dos Homens - Not\u00edcias - Franciscanos\" \/>\n<meta property=\"og:description\" content=\"10\u00ba Encontro Estadual do Ter\u00e7o dos Homens\" \/>\n<meta property=\"og:url\" content=\"https:\/\/franciscanos.org.br\/noticias\/paroquia-santa-clara-participa-do-10o-encontro-estadual-do-terco-dos-homens.html\" \/>\n<meta property=\"og:site_name\" content=\"Not\u00edcias - Franciscanos\" \/>\n<meta property=\"article:published_time\" content=\"2023-05-29T21:09:04+00:00\" \/>\n<meta property=\"article:modified_time\" content=\"2023-05-29T21:12:10+00:00\" \/>\n<meta property=\"og:image\" content=\"https:\/\/franciscanos.org.br\/noticias\/wp-content\/uploads\/2023\/05\/terco_270523.jpg\" \/>\n\t<meta property=\"og:image:width\" content=\"1280\" \/>\n\t<meta property=\"og:image:height\" content=\"730\" \/>\n\t<meta property=\"og:image:type\" content=\"image\/jpeg\" \/>\n<meta name=\"author\" content=\"freiaugusto\" \/>\n<meta name=\"twitter:card\" content=\"summary_large_image\" \/>\n<meta name=\"twitter:label1\" content=\"Escrito por\" \/>\n\t<meta name=\"twitter:data1\" content=\"freiaugusto\" \/>\n\t<meta name=\"twitter:label2\" content=\"Est. tempo de leitura\" \/>\n\t<meta name=\"twitter:data2\" content=\"4 minutos\" \/>\n<script type=\"application\/ld+json\" class=\"yoast-schema-graph\">{\"@context\":\"https:\/\/schema.org\",\"@graph\":[{\"@type\":\"WebSite\",\"@id\":\"https:\/\/franciscanos.org.br\/noticias\/#website\",\"url\":\"https:\/\/franciscanos.org.br\/noticias\/\",\"name\":\"Not\u00edcias - Franciscanos\",\"description\":\"Prov\u00edncia Franciscana da Imaculada Concei\u00e7\u00e3o do Brasil - Ordem dos Frades Menores - OFM\",\"potentialAction\":[{\"@type\":\"SearchAction\",\"target\":{\"@type\":\"EntryPoint\",\"urlTemplate\":\"https:\/\/franciscanos.org.br\/noticias\/?s={search_term_string}\"},\"query-input\":\"required name=search_term_string\"}],\"inLanguage\":\"pt-BR\"},{\"@type\":\"ImageObject\",\"inLanguage\":\"pt-BR\",\"@id\":\"https:\/\/franciscanos.org.br\/noticias\/paroquia-santa-clara-participa-do-10o-encontro-estadual-do-terco-dos-homens.html#primaryimage\",\"url\":\"https:\/\/franciscanos.org.br\/noticias\/wp-content\/uploads\/2023\/05\/terco_270523.jpg\",\"contentUrl\":\"https:\/\/franciscanos.org.br\/noticias\/wp-content\/uploads\/2023\/05\/terco_270523.jpg\",\"width\":1280,\"height\":730},{\"@type\":\"WebPage\",\"@id\":\"https:\/\/franciscanos.org.br\/noticias\/paroquia-santa-clara-participa-do-10o-encontro-estadual-do-terco-dos-homens.html#webpage\",\"url\":\"https:\/\/franciscanos.org.br\/noticias\/paroquia-santa-clara-participa-do-10o-encontro-estadual-do-terco-dos-homens.html\",\"name\":\"Par\u00f3quia Santa Clara participa do 10\u00ba Encontro Estadual do Ter\u00e7o dos Homens - Not\u00edcias - Franciscanos\",\"isPartOf\":{\"@id\":\"https:\/\/franciscanos.org.br\/noticias\/#website\"},\"primaryImageOfPage\":{\"@id\":\"https:\/\/franciscanos.org.br\/noticias\/paroquia-santa-clara-participa-do-10o-encontro-estadual-do-terco-dos-homens.html#primaryimage\"},\"datePublished\":\"2023-05-29T21:09:04+00:00\",\"dateModified\":\"2023-05-29T21:12:10+00:00\",\"author\":{\"@id\":\"https:\/\/franciscanos.org.br\/noticias\/#\/schema\/person\/37f88f0d111cd5358b12a6556a99eb91\"},\"breadcrumb\":{\"@id\":\"https:\/\/franciscanos.org.br\/noticias\/paroquia-santa-clara-participa-do-10o-encontro-estadual-do-terco-dos-homens.html#breadcrumb\"},\"inLanguage\":\"pt-BR\",\"potentialAction\":[{\"@type\":\"ReadAction\",\"target\":[\"https:\/\/franciscanos.org.br\/noticias\/paroquia-santa-clara-participa-do-10o-encontro-estadual-do-terco-dos-homens.html\"]}]},{\"@type\":\"BreadcrumbList\",\"@id\":\"https:\/\/franciscanos.org.br\/noticias\/paroquia-santa-clara-participa-do-10o-encontro-estadual-do-terco-dos-homens.html#breadcrumb\",\"itemListElement\":[{\"@type\":\"ListItem\",\"position\":1,\"name\":\"Home\",\"item\":\"https:\/\/franciscanos.org.br\/noticias\"},{\"@type\":\"ListItem\",\"position\":2,\"name\":\"Par\u00f3quia Santa Clara participa do 10\u00ba Encontro Estadual do Ter\u00e7o dos Homens\"}]},{\"@type\":\"Person\",\"@id\":\"https:\/\/franciscanos.org.br\/noticias\/#\/schema\/person\/37f88f0d111cd5358b12a6556a99eb91\",\"name\":\"freiaugusto\",\"image\":{\"@type\":\"ImageObject\",\"inLanguage\":\"pt-BR\",\"@id\":\"https:\/\/franciscanos.org.br\/noticias\/#\/schema\/person\/image\/\",\"url\":\"https:\/\/secure.gravatar.com\/avatar\/9840b940e621801b24f3e6b059efb4b7?s=96&d=mm&r=g\",\"contentUrl\":\"https:\/\/secure.gravatar.com\/avatar\/9840b940e621801b24f3e6b059efb4b7?s=96&d=mm&r=g\",\"caption\":\"freiaugusto\"},\"url\":\"https:\/\/franciscanos.org.br\/noticias\/author\/freiaugusto\"}]}<\/script>\n<!-- \/ Yoast SEO plugin. -->","yoast_head_json":{"title":"Par\u00f3quia Santa Clara participa do 10\u00ba Encontro Estadual do Ter\u00e7o dos Homens - Not\u00edcias - Franciscanos","robots":{"index":"index","follow":"follow","max-snippet":"max-snippet:-1","max-image-preview":"max-image-preview:large","max-video-preview":"max-video-preview:-1"},"canonical":"https:\/\/franciscanos.org.br\/noticias\/paroquia-santa-clara-participa-do-10o-encontro-estadual-do-terco-dos-homens.html","og_locale":"pt_BR","og_type":"article","og_title":"Par\u00f3quia Santa Clara participa do 10\u00ba Encontro Estadual do Ter\u00e7o dos Homens - Not\u00edcias - Franciscanos","og_description":"10\u00ba Encontro Estadual do Ter\u00e7o dos Homens","og_url":"https:\/\/franciscanos.org.br\/noticias\/paroquia-santa-clara-participa-do-10o-encontro-estadual-do-terco-dos-homens.html","og_site_name":"Not\u00edcias - Franciscanos","article_published_time":"2023-05-29T21:09:04+00:00","article_modified_time":"2023-05-29T21:12:10+00:00","og_image":[{"width":1280,"height":730,"url":"https:\/\/franciscanos.org.br\/noticias\/wp-content\/uploads\/2023\/05\/terco_270523.jpg","type":"image\/jpeg"}],"author":"freiaugusto","twitter_card":"summary_large_image","twitter_misc":{"Escrito por":"freiaugusto","Est. tempo de leitura":"4 minutos"},"schema":{"@context":"https:\/\/schema.org","@graph":[{"@type":"WebSite","@id":"https:\/\/franciscanos.org.br\/noticias\/#website","url":"https:\/\/franciscanos.org.br\/noticias\/","name":"Not\u00edcias - Franciscanos","description":"Prov\u00edncia Franciscana da Imaculada Concei\u00e7\u00e3o do Brasil - Ordem dos Frades Menores - OFM","potentialAction":[{"@type":"SearchAction","target":{"@type":"EntryPoint","urlTemplate":"https:\/\/franciscanos.org.br\/noticias\/?s={search_term_string}"},"query-input":"required name=search_term_string"}],"inLanguage":"pt-BR"},{"@type":"ImageObject","inLanguage":"pt-BR","@id":"https:\/\/franciscanos.org.br\/noticias\/paroquia-santa-clara-participa-do-10o-encontro-estadual-do-terco-dos-homens.html#primaryimage","url":"https:\/\/franciscanos.org.br\/noticias\/wp-content\/uploads\/2023\/05\/terco_270523.jpg","contentUrl":"https:\/\/franciscanos.org.br\/noticias\/wp-content\/uploads\/2023\/05\/terco_270523.jpg","width":1280,"height":730},{"@type":"WebPage","@id":"https:\/\/franciscanos.org.br\/noticias\/paroquia-santa-clara-participa-do-10o-encontro-estadual-do-terco-dos-homens.html#webpage","url":"https:\/\/franciscanos.org.br\/noticias\/paroquia-santa-clara-participa-do-10o-encontro-estadual-do-terco-dos-homens.html","name":"Par\u00f3quia Santa Clara participa do 10\u00ba Encontro Estadual do Ter\u00e7o dos Homens - Not\u00edcias - Franciscanos","isPartOf":{"@id":"https:\/\/franciscanos.org.br\/noticias\/#website"},"primaryImageOfPage":{"@id":"https:\/\/franciscanos.org.br\/noticias\/paroquia-santa-clara-participa-do-10o-encontro-estadual-do-terco-dos-homens.html#primaryimage"},"datePublished":"2023-05-29T21:09:04+00:00","dateModified":"2023-05-29T21:12:10+00:00","author":{"@id":"https:\/\/franciscanos.org.br\/noticias\/#\/schema\/person\/37f88f0d111cd5358b12a6556a99eb91"},"breadcrumb":{"@id":"https:\/\/franciscanos.org.br\/noticias\/paroquia-santa-clara-participa-do-10o-encontro-estadual-do-terco-dos-homens.html#breadcrumb"},"inLanguage":"pt-BR","potentialAction":[{"@type":"ReadAction","target":["https:\/\/franciscanos.org.br\/noticias\/paroquia-santa-clara-participa-do-10o-encontro-estadual-do-terco-dos-homens.html"]}]},{"@type":"BreadcrumbList","@id":"https:\/\/franciscanos.org.br\/noticias\/paroquia-santa-clara-participa-do-10o-encontro-estadual-do-terco-dos-homens.html#breadcrumb","itemListElement":[{"@type":"ListItem","position":1,"name":"Home","item":"https:\/\/franciscanos.org.br\/noticias"},{"@type":"ListItem","position":2,"name":"Par\u00f3quia Santa Clara participa do 10\u00ba Encontro Estadual do Ter\u00e7o dos Homens"}]},{"@type":"Person","@id":"https:\/\/franciscanos.org.br\/noticias\/#\/schema\/person\/37f88f0d111cd5358b12a6556a99eb91","name":"freiaugusto","image":{"@type":"ImageObject","inLanguage":"pt-BR","@id":"https:\/\/franciscanos.org.br\/noticias\/#\/schema\/person\/image\/","url":"https:\/\/secure.gravatar.com\/avatar\/9840b940e621801b24f3e6b059efb4b7?s=96&d=mm&r=g","contentUrl":"https:\/\/secure.gravatar.com\/avatar\/9840b940e621801b24f3e6b059efb4b7?s=96&d=mm&r=g","caption":"freiaugusto"},"url":"https:\/\/franciscanos.org.br\/noticias\/author\/freiaugusto"}]}},"_links":{"self":[{"href":"https:\/\/franciscanos.org.br\/noticias\/wp-json\/wp\/v2\/posts\/243573"}],"collection":[{"href":"https:\/\/franciscanos.org.br\/noticias\/wp-json\/wp\/v2\/posts"}],"about":[{"href":"https:\/\/franciscanos.org.br\/noticias\/wp-json\/wp\/v2\/types\/post"}],"author":[{"embeddable":true,"href":"https:\/\/franciscanos.org.br\/noticias\/wp-json\/wp\/v2\/users\/5"}],"replies":[{"embeddable":true,"href":"https:\/\/franciscanos.org.br\/noticias\/wp-json\/wp\/v2\/comments?post=243573"}],"version-history":[{"count":5,"href":"https:\/\/franciscanos.org.br\/noticias\/wp-json\/wp\/v2\/posts\/243573\/revisions"}],"predecessor-version":[{"id":243591,"href":"https:\/\/franciscanos.org.br\/noticias\/wp-json\/wp\/v2\/posts\/243573\/revisions\/243591"}],"wp:featuredmedia":[{"embeddable":true,"href":"https:\/\/franciscanos.org.br\/noticias\/wp-json\/wp\/v2\/media\/243574"}],"wp:attachment":[{"href":"https:\/\/franciscanos.org.br\/noticias\/wp-json\/wp\/v2\/media?parent=243573"}],"wp:term":[{"taxonomy":"category","embeddable":true,"href":"https:\/\/franciscanos.org.br\/noticias\/wp-json\/wp\/v2\/categories?post=243573"},{"taxonomy":"post_tag","embeddable":true,"href":"https:\/\/franciscanos.org.br\/noticias\/wp-json\/wp\/v2\/tags?post=243573"}],"curies":[{"name":"wp","href":"https:\/\/api.w.org\/{rel}","templated":true}]}}