{"id":243549,"date":"2023-05-28T20:44:11","date_gmt":"2023-05-28T23:44:11","guid":{"rendered":"https:\/\/franciscanos.org.br\/noticias\/?p=243549"},"modified":"2023-05-29T07:20:01","modified_gmt":"2023-05-29T10:20:01","slug":"frei-robson-deixa-dever-de-casa-no-encerramento-do-retiro-dos-benfeitores","status":"publish","type":"post","link":"https:\/\/franciscanos.org.br\/noticias\/frei-robson-deixa-dever-de-casa-no-encerramento-do-retiro-dos-benfeitores.html","title":{"rendered":"Frei Robson deixa dever de casa no encerramento do Retiro dos Benfeitores"},"content":{"rendered":"<p><img loading=\"lazy\" class=\"alignnone size-full wp-image-243550\" src=\"https:\/\/franciscanos.org.br\/noticias\/wp-content\/uploads\/2023\/05\/encerramento_05.jpg\" alt=\"\" width=\"1280\" height=\"720\" srcset=\"https:\/\/franciscanos.org.br\/noticias\/wp-content\/uploads\/2023\/05\/encerramento_05.jpg 1280w, https:\/\/franciscanos.org.br\/noticias\/wp-content\/uploads\/2023\/05\/encerramento_05-450x253.jpg 450w, https:\/\/franciscanos.org.br\/noticias\/wp-content\/uploads\/2023\/05\/encerramento_05-1024x576.jpg 1024w, https:\/\/franciscanos.org.br\/noticias\/wp-content\/uploads\/2023\/05\/encerramento_05-768x432.jpg 768w, https:\/\/franciscanos.org.br\/noticias\/wp-content\/uploads\/2023\/05\/encerramento_05-150x84.jpg 150w\" sizes=\"(max-width: 1280px) 100vw, 1280px\" \/><\/p>\n<p><strong>Agudos (SP)<\/strong> \u2013 O Retiro dos Benfeitores do Pr\u00f3-Voca\u00e7\u00f5es terminou com a Missa em A\u00e7\u00e3o de Gra\u00e7as, \u00e0s 10 horas, neste Domingo da Solenidade de Pentecostes, na Capela do Semin\u00e1rio Santo Ant\u00f4nio de Agudos (SP). O Definidor Provincial e coordenador do Pr\u00f3-Voca\u00e7\u00f5es e Miss\u00f5es Franciscanas (PVF), Frei Robson Luiz Scudela, presidiu a Eucaristia, que tamb\u00e9m reuniu o povo da cidade de Agudos, como \u00e9 comum todos os domingos nesta Missa.<\/p>\n<p>Frei Robson teve como concelebrante Frei Je\u00e2 Paulo Andrade, animador provincial do Servi\u00e7o Vocacional e do PVF. Frei Gabriel Dellandrea retornou no s\u00e1bado \u00e0 noite para celebrar a sua Primeira Missa no Convento S\u00e3o Francisco, no centro de S\u00e3o Paulo, onde reside atualmente.<\/p>\n<p><img loading=\"lazy\" class=\"alignnone size-full wp-image-243551\" src=\"https:\/\/franciscanos.org.br\/noticias\/wp-content\/uploads\/2023\/05\/encerramento_09.jpg\" alt=\"\" width=\"1280\" height=\"799\" srcset=\"https:\/\/franciscanos.org.br\/noticias\/wp-content\/uploads\/2023\/05\/encerramento_09.jpg 1280w, https:\/\/franciscanos.org.br\/noticias\/wp-content\/uploads\/2023\/05\/encerramento_09-450x281.jpg 450w, https:\/\/franciscanos.org.br\/noticias\/wp-content\/uploads\/2023\/05\/encerramento_09-1024x639.jpg 1024w, https:\/\/franciscanos.org.br\/noticias\/wp-content\/uploads\/2023\/05\/encerramento_09-768x479.jpg 768w, https:\/\/franciscanos.org.br\/noticias\/wp-content\/uploads\/2023\/05\/encerramento_09-150x94.jpg 150w\" sizes=\"(max-width: 1280px) 100vw, 1280px\" \/><\/p>\n<p>Antes da Missa, os benfeitores tiveram o \u00faltimo encontro no Sal\u00e3o S\u00e3o Francisco, onde Frei Je\u00e2\u00a0 e Frei Robson fizeram um resumo das Frentes de Evangeliza\u00e7\u00e3o da Prov\u00edncia e complementaram com v\u00eddeos sobre esse trabalho evangelizador no Brasil e \u00a0em Angola.<\/p>\n<p>Frei Je\u00e2 falou sobre a presen\u00e7a da Ordem dos Frades Menores no mundo e no Brasil e Frei Robson lembrou a celebra\u00e7\u00e3o dos Jubileus de 800 anos que a Ordem Franciscana neste ano com a aprova\u00e7\u00e3o da Regra de Vida da Ordem e o Natal de Greccio. &#8220;Na atualidade n\u00e3o existe um carisma mais forte e atual do que o carisma franciscano, porque uma intui\u00e7\u00e3o de Francisco \u00e9 uma resposta para os maiores problemas de hoje&#8221;, disse Frei Robson, referindo-se \u00e0 quest\u00e3o ambiental e \u00e0 <em>Laudato Si&#8217;<\/em> do Papa Francisco.<\/p>\n<p><img loading=\"lazy\" class=\"alignnone size-full wp-image-243555\" src=\"https:\/\/franciscanos.org.br\/noticias\/wp-content\/uploads\/2023\/05\/encerramento_13.jpg\" alt=\"\" width=\"1280\" height=\"1623\" srcset=\"https:\/\/franciscanos.org.br\/noticias\/wp-content\/uploads\/2023\/05\/encerramento_13.jpg 852w, https:\/\/franciscanos.org.br\/noticias\/wp-content\/uploads\/2023\/05\/encerramento_13-355x450.jpg 355w, https:\/\/franciscanos.org.br\/noticias\/wp-content\/uploads\/2023\/05\/encerramento_13-808x1024.jpg 808w, https:\/\/franciscanos.org.br\/noticias\/wp-content\/uploads\/2023\/05\/encerramento_13-768x974.jpg 768w, https:\/\/franciscanos.org.br\/noticias\/wp-content\/uploads\/2023\/05\/encerramento_13-1211x1536.jpg 1211w, https:\/\/franciscanos.org.br\/noticias\/wp-content\/uploads\/2023\/05\/encerramento_13-150x190.jpg 150w\" sizes=\"(max-width: 1280px) 100vw, 1280px\" \/><\/p>\n<p>Na sua homilia, Frei Robson destacou a Solenidade deste domingo, dizendo que a mem\u00f3ria que &#8220;fazemos hoje ultrapassa qualquer recorda\u00e7\u00e3o hist\u00f3rica, qualquer tempo que possa nos distanciar entre aquele momento que o Esp\u00edrito \u00e9 enviado sobre os disc\u00edpulos e o dia de hoje&#8221;.<\/p>\n<p>Segundo ele, nos damos conta de que hoje somos testemunhas da a\u00e7\u00e3o do Esp\u00edrito. &#8220;N\u00e3o estamos falando de algo distante. \u00c9 no Esp\u00edrito que nos movemos, \u00e9 no Esp\u00edrito que existimos, \u00e9 no Esp\u00edrito que somos, \u00e9 no Esp\u00edrito que nos reconhecemos o Senhor Jesus como Senhor da nossa hist\u00f3ria e da nossa vida. Aquilo que aconteceu com os disc\u00edpulos do Senhor, hoje se repete na vida de cada um de n\u00f3s&#8221;, frisou.<\/p>\n<p><img loading=\"lazy\" class=\"alignnone size-full wp-image-243556\" src=\"https:\/\/franciscanos.org.br\/noticias\/wp-content\/uploads\/2023\/05\/7encerramento_17.jpg\" alt=\"\" width=\"1280\" height=\"756\" srcset=\"https:\/\/franciscanos.org.br\/noticias\/wp-content\/uploads\/2023\/05\/7encerramento_17.jpg 1280w, https:\/\/franciscanos.org.br\/noticias\/wp-content\/uploads\/2023\/05\/7encerramento_17-450x266.jpg 450w, https:\/\/franciscanos.org.br\/noticias\/wp-content\/uploads\/2023\/05\/7encerramento_17-1024x605.jpg 1024w, https:\/\/franciscanos.org.br\/noticias\/wp-content\/uploads\/2023\/05\/7encerramento_17-768x454.jpg 768w, https:\/\/franciscanos.org.br\/noticias\/wp-content\/uploads\/2023\/05\/7encerramento_17-150x89.jpg 150w\" sizes=\"(max-width: 1280px) 100vw, 1280px\" \/><\/p>\n<p>Comentando as leituras, lembrou a diversidade de dons, a diversidade de carismas, mas &#8220;um mesmo \u00e9 o Esp\u00edrito&#8221;.<\/p>\n<p>Segundo ele, o &#8220;Senhor nos concede o dom e n\u00f3s, ao colocarmos este dom a servi\u00e7o dos outros, a servi\u00e7o dos demais irm\u00e3os e irm\u00e3s, n\u00f3s estamos fazendo com que o pr\u00f3prio Esp\u00edrito se manifeste em nossa pr\u00f3pria carne. Mas nem sempre \u00e9 f\u00e1cil fazer isso, colocar em pr\u00e1tica aquilo que Deus concedeu com muito amor e carinho a cada um de n\u00f3s&#8221;, disse.<\/p>\n<p><img loading=\"lazy\" class=\"alignnone size-full wp-image-243557\" src=\"https:\/\/franciscanos.org.br\/noticias\/wp-content\/uploads\/2023\/05\/encerramento_14.jpg\" alt=\"\" width=\"1280\" height=\"853\" srcset=\"https:\/\/franciscanos.org.br\/noticias\/wp-content\/uploads\/2023\/05\/encerramento_14.jpg 1280w, https:\/\/franciscanos.org.br\/noticias\/wp-content\/uploads\/2023\/05\/encerramento_14-450x300.jpg 450w, https:\/\/franciscanos.org.br\/noticias\/wp-content\/uploads\/2023\/05\/encerramento_14-1024x682.jpg 1024w, https:\/\/franciscanos.org.br\/noticias\/wp-content\/uploads\/2023\/05\/encerramento_14-768x512.jpg 768w, https:\/\/franciscanos.org.br\/noticias\/wp-content\/uploads\/2023\/05\/encerramento_14-150x100.jpg 150w\" sizes=\"(max-width: 1280px) 100vw, 1280px\" \/> <img loading=\"lazy\" class=\"alignnone size-full wp-image-243558\" src=\"https:\/\/franciscanos.org.br\/noticias\/wp-content\/uploads\/2023\/05\/encerramento_16.jpg\" alt=\"\" width=\"1280\" height=\"853\" srcset=\"https:\/\/franciscanos.org.br\/noticias\/wp-content\/uploads\/2023\/05\/encerramento_16.jpg 1280w, https:\/\/franciscanos.org.br\/noticias\/wp-content\/uploads\/2023\/05\/encerramento_16-450x300.jpg 450w, https:\/\/franciscanos.org.br\/noticias\/wp-content\/uploads\/2023\/05\/encerramento_16-1024x682.jpg 1024w, https:\/\/franciscanos.org.br\/noticias\/wp-content\/uploads\/2023\/05\/encerramento_16-768x512.jpg 768w, https:\/\/franciscanos.org.br\/noticias\/wp-content\/uploads\/2023\/05\/encerramento_16-150x100.jpg 150w\" sizes=\"(max-width: 1280px) 100vw, 1280px\" \/><\/p>\n<p>Para Frei Robson, muitas vezes nos encontramos na realidade que a primeira comunidade se encontrava: fechada, com medo. &#8220;Muitas vezes n\u00f3s experimentamos isso, uma certa tend\u00eancia de nos fecharmos em n\u00f3s mesmos, de estarmos com medo de tantas coisas, mas \u00e9 ali que n\u00f3s precisamos recordar sempre. Recordar, fazer mem\u00f3ria, isso \u00e9 um ato de f\u00e9 fazer mem\u00f3ria. Recordar aquilo que o Senhor fez com os primeiros ap\u00f3stolos&#8221;, ensinou.<\/p>\n<p>Mas segundo o celebrante, o Senhor se coloca no meio deles quando enfrentam esse medo, quando se fecham em si mesmos. &#8220;O Senhor se coloca no meio e lhes d\u00e1 a paz. \u00c9 esta paz que n\u00f3s experimentamos, \u00e9 esta paz que cada um de n\u00f3s consegue sentir nesta manh\u00e3 ao nos reunirmos aqui. Ao ouvirmos a sua Palavra, porque cada vez que nos aproximamos do Senhor, esta \u00e9 a grande experi\u00eancia que realizamos: a paz. N\u00e3o significa que os problemas acabaram. N\u00e3o! Eles continuam, mas a paz do Senhor \u00e9 a certeza de que o Senhor se faz presente em nossa vida, em nossas hist\u00f3rias, e tamb\u00e9m em nossos problemas. E \u00e9 esta a certeza que nos leva cada vez mais a confiarmos na sua presen\u00e7a, a experimentarmos a sua paz&#8221;, exortou.<\/p>\n<p><img loading=\"lazy\" class=\"alignnone size-full wp-image-243561\" src=\"https:\/\/franciscanos.org.br\/noticias\/wp-content\/uploads\/2023\/05\/encerramento_15.jpg\" alt=\"\" width=\"1280\" height=\"853\" srcset=\"https:\/\/franciscanos.org.br\/noticias\/wp-content\/uploads\/2023\/05\/encerramento_15.jpg 1280w, https:\/\/franciscanos.org.br\/noticias\/wp-content\/uploads\/2023\/05\/encerramento_15-450x300.jpg 450w, https:\/\/franciscanos.org.br\/noticias\/wp-content\/uploads\/2023\/05\/encerramento_15-1024x682.jpg 1024w, https:\/\/franciscanos.org.br\/noticias\/wp-content\/uploads\/2023\/05\/encerramento_15-768x512.jpg 768w, https:\/\/franciscanos.org.br\/noticias\/wp-content\/uploads\/2023\/05\/encerramento_15-150x100.jpg 150w\" sizes=\"(max-width: 1280px) 100vw, 1280px\" \/><\/p>\n<p><em>O aniversariante Davi Nunes da Rocha ganhou o &#8220;Parab\u00e9ns&#8221;\u00a0\u00a0<\/em><\/p>\n\n\t\t<style type=\"text\/css\">\n\t\t\t#gallery-1 {\n\t\t\t\tmargin: auto;\n\t\t\t}\n\t\t\t#gallery-1 .gallery-item {\n\t\t\t\tfloat: left;\n\t\t\t\tmargin-top: 10px;\n\t\t\t\ttext-align: center;\n\t\t\t\twidth: 14%;\n\t\t\t}\n\t\t\t#gallery-1 img {\n\t\t\t\tborder: 2px solid #cfcfcf;\n\t\t\t}\n\t\t\t#gallery-1 .gallery-caption {\n\t\t\t\tmargin-left: 0;\n\t\t\t}\n\t\t\t\/* see gallery_shortcode() in wp-includes\/media.php *\/\n\t\t<\/style>\n\t\t<div id='gallery-1' class='gallery galleryid-243549 gallery-columns-7 gallery-size-thumbnail'><dl class='gallery-item'>\n\t\t\t<dt class='gallery-icon landscape'>\n\t\t\t\t<a href='https:\/\/franciscanos.org.br\/noticias\/wp-content\/uploads\/2023\/05\/encerramento_07.jpg'><img width=\"300\" height=\"300\" src=\"https:\/\/franciscanos.org.br\/noticias\/wp-content\/uploads\/2023\/05\/encerramento_07-300x300.jpg\" class=\"attachment-thumbnail size-thumbnail\" alt=\"\" loading=\"lazy\" srcset=\"https:\/\/franciscanos.org.br\/noticias\/wp-content\/uploads\/2023\/05\/encerramento_07-300x300.jpg 300w, https:\/\/franciscanos.org.br\/noticias\/wp-content\/uploads\/2023\/05\/encerramento_07-100x100.jpg 100w\" sizes=\"(max-width: 300px) 100vw, 300px\" \/><\/a>\n\t\t\t<\/dt><\/dl><dl class='gallery-item'>\n\t\t\t<dt class='gallery-icon landscape'>\n\t\t\t\t<a href='https:\/\/franciscanos.org.br\/noticias\/wp-content\/uploads\/2023\/05\/encerramento_08.jpg'><img width=\"300\" height=\"300\" src=\"https:\/\/franciscanos.org.br\/noticias\/wp-content\/uploads\/2023\/05\/encerramento_08-300x300.jpg\" class=\"attachment-thumbnail size-thumbnail\" alt=\"\" loading=\"lazy\" srcset=\"https:\/\/franciscanos.org.br\/noticias\/wp-content\/uploads\/2023\/05\/encerramento_08-300x300.jpg 300w, https:\/\/franciscanos.org.br\/noticias\/wp-content\/uploads\/2023\/05\/encerramento_08-100x100.jpg 100w\" sizes=\"(max-width: 300px) 100vw, 300px\" \/><\/a>\n\t\t\t<\/dt><\/dl><dl class='gallery-item'>\n\t\t\t<dt class='gallery-icon landscape'>\n\t\t\t\t<a href='https:\/\/franciscanos.org.br\/noticias\/wp-content\/uploads\/2023\/05\/encerramento_10.jpg'><img width=\"300\" height=\"300\" src=\"https:\/\/franciscanos.org.br\/noticias\/wp-content\/uploads\/2023\/05\/encerramento_10-300x300.jpg\" class=\"attachment-thumbnail size-thumbnail\" alt=\"\" loading=\"lazy\" srcset=\"https:\/\/franciscanos.org.br\/noticias\/wp-content\/uploads\/2023\/05\/encerramento_10-300x300.jpg 300w, https:\/\/franciscanos.org.br\/noticias\/wp-content\/uploads\/2023\/05\/encerramento_10-100x100.jpg 100w\" sizes=\"(max-width: 300px) 100vw, 300px\" \/><\/a>\n\t\t\t<\/dt><\/dl><dl class='gallery-item'>\n\t\t\t<dt class='gallery-icon landscape'>\n\t\t\t\t<a href='https:\/\/franciscanos.org.br\/noticias\/wp-content\/uploads\/2023\/05\/encerramento_11.jpg'><img width=\"300\" height=\"300\" src=\"https:\/\/franciscanos.org.br\/noticias\/wp-content\/uploads\/2023\/05\/encerramento_11-300x300.jpg\" class=\"attachment-thumbnail size-thumbnail\" alt=\"\" loading=\"lazy\" srcset=\"https:\/\/franciscanos.org.br\/noticias\/wp-content\/uploads\/2023\/05\/encerramento_11-300x300.jpg 300w, https:\/\/franciscanos.org.br\/noticias\/wp-content\/uploads\/2023\/05\/encerramento_11-100x100.jpg 100w\" sizes=\"(max-width: 300px) 100vw, 300px\" \/><\/a>\n\t\t\t<\/dt><\/dl><dl class='gallery-item'>\n\t\t\t<dt class='gallery-icon landscape'>\n\t\t\t\t<a href='https:\/\/franciscanos.org.br\/noticias\/wp-content\/uploads\/2023\/05\/encerramento_12.jpg'><img width=\"300\" height=\"300\" src=\"https:\/\/franciscanos.org.br\/noticias\/wp-content\/uploads\/2023\/05\/encerramento_12-300x300.jpg\" class=\"attachment-thumbnail size-thumbnail\" alt=\"\" loading=\"lazy\" srcset=\"https:\/\/franciscanos.org.br\/noticias\/wp-content\/uploads\/2023\/05\/encerramento_12-300x300.jpg 300w, https:\/\/franciscanos.org.br\/noticias\/wp-content\/uploads\/2023\/05\/encerramento_12-100x100.jpg 100w\" sizes=\"(max-width: 300px) 100vw, 300px\" \/><\/a>\n\t\t\t<\/dt><\/dl><dl class='gallery-item'>\n\t\t\t<dt class='gallery-icon landscape'>\n\t\t\t\t<a href='https:\/\/franciscanos.org.br\/noticias\/wp-content\/uploads\/2023\/05\/encerramento_19.jpg'><img width=\"300\" height=\"300\" src=\"https:\/\/franciscanos.org.br\/noticias\/wp-content\/uploads\/2023\/05\/encerramento_19-300x300.jpg\" class=\"attachment-thumbnail size-thumbnail\" alt=\"\" loading=\"lazy\" srcset=\"https:\/\/franciscanos.org.br\/noticias\/wp-content\/uploads\/2023\/05\/encerramento_19-300x300.jpg 300w, https:\/\/franciscanos.org.br\/noticias\/wp-content\/uploads\/2023\/05\/encerramento_19-100x100.jpg 100w\" sizes=\"(max-width: 300px) 100vw, 300px\" \/><\/a>\n\t\t\t<\/dt><\/dl><dl class='gallery-item'>\n\t\t\t<dt class='gallery-icon landscape'>\n\t\t\t\t<a href='https:\/\/franciscanos.org.br\/noticias\/wp-content\/uploads\/2023\/05\/encerramento_21.jpg'><img width=\"300\" height=\"300\" src=\"https:\/\/franciscanos.org.br\/noticias\/wp-content\/uploads\/2023\/05\/encerramento_21-300x300.jpg\" class=\"attachment-thumbnail size-thumbnail\" alt=\"\" loading=\"lazy\" srcset=\"https:\/\/franciscanos.org.br\/noticias\/wp-content\/uploads\/2023\/05\/encerramento_21-300x300.jpg 300w, https:\/\/franciscanos.org.br\/noticias\/wp-content\/uploads\/2023\/05\/encerramento_21-100x100.jpg 100w\" sizes=\"(max-width: 300px) 100vw, 300px\" \/><\/a>\n\t\t\t<\/dt><\/dl><br style=\"clear: both\" \/>\n\t\t<\/div>\n\n<p><em>(toque nas imagens para ampli\u00e1-las)<\/em><\/p>\n<p>E continuou: &#8220;A presen\u00e7a do Senhor nos d\u00e1 a paz. E com esta sua presen\u00e7a, o Senhor enviou sobre os seus disc\u00edpulos e hoje sobre cada um de n\u00f3s o seu pr\u00f3prio Esp\u00edrito e nos torna testemunhas do Senhor&#8221;.<\/p>\n<p>O frade disse que a a\u00e7\u00e3o do Esp\u00edrito permite aos disc\u00edpulos do Senhor falar, inclusive, em outras l\u00ednguas. &#8220;E quantas l\u00ednguas cada um de n\u00f3s fala pela a\u00e7\u00e3o do Esp\u00edrito! Quantas vezes n\u00f3s j\u00e1 conseguimos traduzir na l\u00edngua que a pessoa precisava escutar, ao visitarmos um doente, ao estendermos a m\u00e3o para ele, n\u00f3s estamos falando na l\u00edngua do Esp\u00edrito. \u00c9 a l\u00edngua que aquela pessoa que est\u00e1 doente, acamada, debilitada, precisa para entender que o Senhor est\u00e1 pr\u00f3ximo. Quantas vezes n\u00f3s falamos na l\u00edngua dos pobres que n\u00e3o t\u00eam p\u00e3o, ao darmos a comida para ele! Quantas vezes nos falamos na l\u00edngua daquele que est\u00e1 nu, sem roupa, e n\u00f3s o vestimos! Quantas vezes falamos a l\u00edngua daquele que est\u00e1 preso e vamos visit\u00e1-lo!. E assim, falando na l\u00edngua do Esp\u00edrito, deixarmos ser envolvidos por ele, nos tornamos aquilo que o Senhor nos disse: Bem-aventurados sois v\u00f3s!&#8221;, explicou.<\/p>\n<p><img loading=\"lazy\" class=\"alignnone size-full wp-image-243562\" src=\"https:\/\/franciscanos.org.br\/noticias\/wp-content\/uploads\/2023\/05\/encerramento_18.jpg\" alt=\"\" width=\"1280\" height=\"853\" srcset=\"https:\/\/franciscanos.org.br\/noticias\/wp-content\/uploads\/2023\/05\/encerramento_18.jpg 1280w, https:\/\/franciscanos.org.br\/noticias\/wp-content\/uploads\/2023\/05\/encerramento_18-450x300.jpg 450w, https:\/\/franciscanos.org.br\/noticias\/wp-content\/uploads\/2023\/05\/encerramento_18-1024x682.jpg 1024w, https:\/\/franciscanos.org.br\/noticias\/wp-content\/uploads\/2023\/05\/encerramento_18-768x512.jpg 768w, https:\/\/franciscanos.org.br\/noticias\/wp-content\/uploads\/2023\/05\/encerramento_18-150x100.jpg 150w\" sizes=\"(max-width: 1280px) 100vw, 1280px\" \/><\/p>\n<p>Frei Robson disse que o Esp\u00edrito nos d\u00e1 a l\u00edngua certa como ouvimos na primeira leitura para falarmos com as pessoas: &#8220;E assim o medo \u00e9 superado, assim as portas s\u00e3o abertas, assim a mensagem do Senhor pode sair pelas ruas, pelos caminhos e ser anunciada&#8221;.<\/p>\n<p>Fei Robson falou da alegria dos frades de estarem neste Semin\u00e1rio e Fraternidade de Agudos. &#8220;Temos a alegria de nos encontrarmos com nossos benfeitores franciscanos, pessoas que nos ajudam a mantermos firme o nosso carisma, a nossa miss\u00e3o e levarmos a Palavra de Deus \u00e0queles que precisam, mas tamb\u00e9m nos encontramos com esta linda cidade de Agudos, com as pessoas que aqui moram, a nossa OFS, que \u00e9 capaz de levar o carisma franciscano dentro das fam\u00edlias. E assim hoje fomos convidados pelo pr\u00f3prio Senhor para estarmos aqui na sua presen\u00e7a e celebrarmos a Solenidade de Pentecostes. N\u00e3o \u00e9 uma Celebra\u00e7\u00e3o que nos recorda algo que aconteceu somente no passado, mas \u00e9 a celebra\u00e7\u00e3o que nos leva a reconhecer a a\u00e7\u00e3o do Esp\u00edrito em nossas vidas&#8221;.<\/p>\n<p><img loading=\"lazy\" class=\"alignnone size-full wp-image-243559\" src=\"https:\/\/franciscanos.org.br\/noticias\/wp-content\/uploads\/2023\/05\/encerramento_20.jpg\" alt=\"\" width=\"1280\" height=\"817\" srcset=\"https:\/\/franciscanos.org.br\/noticias\/wp-content\/uploads\/2023\/05\/encerramento_20.jpg 1280w, https:\/\/franciscanos.org.br\/noticias\/wp-content\/uploads\/2023\/05\/encerramento_20-450x287.jpg 450w, https:\/\/franciscanos.org.br\/noticias\/wp-content\/uploads\/2023\/05\/encerramento_20-1024x654.jpg 1024w, https:\/\/franciscanos.org.br\/noticias\/wp-content\/uploads\/2023\/05\/encerramento_20-768x490.jpg 768w, https:\/\/franciscanos.org.br\/noticias\/wp-content\/uploads\/2023\/05\/encerramento_20-150x96.jpg 150w\" sizes=\"(max-width: 1280px) 100vw, 1280px\" \/><\/p>\n<p>No final, deixou um recardo: &#8220;N\u00e3o esque\u00e7amos o nosso o nosso dever de casa: ouvirmos a Palavra do Senhor no in\u00edcio do nosso dia e invocarmos o seu Esp\u00edrito. Invocar o Esp\u00edrito do Senhor sobre n\u00f3s, rezando: Vinde, Esp\u00edrito Santo, me acompanhe neste dia! Pode ter certeza que logo, logo, voc\u00ea ser\u00e1 capaz de reconhecer a for\u00e7a desse Esp\u00edrito em sua vida! Que o Senhor nos ajude nesta caminhada. Que a sua paz permane\u00e7a conosco e que seu Esp\u00edrito nos conduza!&#8221;<\/p>\n<p><strong>AGRADECIMENTOS<\/strong><\/p>\n<p>Frei Je\u00e2 fez os agradecimentos aos benfeitores pela fidelidade e compromisso com este servi\u00e7o em prol das voca\u00e7\u00f5es na Prov\u00edncia. Depois do almo\u00e7o, \u00e0s 12h30, o \u00f4nibus com os benfeitores retornou a S\u00e3o Paulo. Alguns seguiram com suas condu\u00e7\u00f5es.<\/p>\n\n\t\t<style type=\"text\/css\">\n\t\t\t#gallery-2 {\n\t\t\t\tmargin: auto;\n\t\t\t}\n\t\t\t#gallery-2 .gallery-item {\n\t\t\t\tfloat: left;\n\t\t\t\tmargin-top: 10px;\n\t\t\t\ttext-align: center;\n\t\t\t\twidth: 33%;\n\t\t\t}\n\t\t\t#gallery-2 img {\n\t\t\t\tborder: 2px solid #cfcfcf;\n\t\t\t}\n\t\t\t#gallery-2 .gallery-caption {\n\t\t\t\tmargin-left: 0;\n\t\t\t}\n\t\t\t\/* see gallery_shortcode() in wp-includes\/media.php *\/\n\t\t<\/style>\n\t\t<div id='gallery-2' class='gallery galleryid-243549 gallery-columns-3 gallery-size-thumbnail'><dl class='gallery-item'>\n\t\t\t<dt class='gallery-icon portrait'>\n\t\t\t\t<a href='https:\/\/franciscanos.org.br\/noticias\/wp-content\/uploads\/2023\/05\/encerramento_01.jpg'><img width=\"300\" height=\"300\" src=\"https:\/\/franciscanos.org.br\/noticias\/wp-content\/uploads\/2023\/05\/encerramento_01-300x300.jpg\" class=\"attachment-thumbnail size-thumbnail\" alt=\"\" loading=\"lazy\" aria-describedby=\"gallery-2-243552\" srcset=\"https:\/\/franciscanos.org.br\/noticias\/wp-content\/uploads\/2023\/05\/encerramento_01-300x300.jpg 300w, https:\/\/franciscanos.org.br\/noticias\/wp-content\/uploads\/2023\/05\/encerramento_01-100x100.jpg 100w\" sizes=\"(max-width: 300px) 100vw, 300px\" \/><\/a>\n\t\t\t<\/dt>\n\t\t\t\t<dd class='wp-caption-text gallery-caption' id='gallery-2-243552'>\n\t\t\t\tD\u00aa Benedita \n\t\t\t\t<\/dd><\/dl><dl class='gallery-item'>\n\t\t\t<dt class='gallery-icon landscape'>\n\t\t\t\t<a href='https:\/\/franciscanos.org.br\/noticias\/wp-content\/uploads\/2023\/05\/encerramento_02.jpg'><img width=\"300\" height=\"300\" src=\"https:\/\/franciscanos.org.br\/noticias\/wp-content\/uploads\/2023\/05\/encerramento_02-300x300.jpg\" class=\"attachment-thumbnail size-thumbnail\" alt=\"\" loading=\"lazy\" aria-describedby=\"gallery-2-243553\" srcset=\"https:\/\/franciscanos.org.br\/noticias\/wp-content\/uploads\/2023\/05\/encerramento_02-300x300.jpg 300w, https:\/\/franciscanos.org.br\/noticias\/wp-content\/uploads\/2023\/05\/encerramento_02-100x100.jpg 100w\" sizes=\"(max-width: 300px) 100vw, 300px\" \/><\/a>\n\t\t\t<\/dt>\n\t\t\t\t<dd class='wp-caption-text gallery-caption' id='gallery-2-243553'>\n\t\t\t\tMilton\n\t\t\t\t<\/dd><\/dl><dl class='gallery-item'>\n\t\t\t<dt class='gallery-icon portrait'>\n\t\t\t\t<a href='https:\/\/franciscanos.org.br\/noticias\/wp-content\/uploads\/2023\/05\/encerramento_04.jpg'><img width=\"300\" height=\"300\" src=\"https:\/\/franciscanos.org.br\/noticias\/wp-content\/uploads\/2023\/05\/encerramento_04-300x300.jpg\" class=\"attachment-thumbnail size-thumbnail\" alt=\"\" loading=\"lazy\" aria-describedby=\"gallery-2-243554\" srcset=\"https:\/\/franciscanos.org.br\/noticias\/wp-content\/uploads\/2023\/05\/encerramento_04-300x300.jpg 300w, https:\/\/franciscanos.org.br\/noticias\/wp-content\/uploads\/2023\/05\/encerramento_04-448x450.jpg 448w, https:\/\/franciscanos.org.br\/noticias\/wp-content\/uploads\/2023\/05\/encerramento_04-1019x1024.jpg 1019w, https:\/\/franciscanos.org.br\/noticias\/wp-content\/uploads\/2023\/05\/encerramento_04-150x151.jpg 150w, https:\/\/franciscanos.org.br\/noticias\/wp-content\/uploads\/2023\/05\/encerramento_04-100x100.jpg 100w, https:\/\/franciscanos.org.br\/noticias\/wp-content\/uploads\/2023\/05\/encerramento_04.jpg 1075w\" sizes=\"(max-width: 300px) 100vw, 300px\" \/><\/a>\n\t\t\t<\/dt>\n\t\t\t\t<dd class='wp-caption-text gallery-caption' id='gallery-2-243554'>\n\t\t\t\tNaime\n\t\t\t\t<\/dd><\/dl><br style=\"clear: both\" \/>\n\t\t<\/div>\n\n<p>Diplomata aposentado, <strong>Milton Rond\u00f3 Filho<\/strong> contou que come\u00e7ou a ter contato com o carisma franciscano quando morou, por 6 anos, na It\u00e1lia. &#8220;E a\u00ed fui a La Verne, Greccio e v\u00e1rias vezes a Assis. Em Bras\u00edlia, morava perto do Santu\u00e1rio Santo Ant\u00f4nio (dos frades da Prov\u00edncia do Sant\u00edssimo Nome de Jesus). Tamb\u00e9m foi importante para continuar convivendo com os franciscanos. Em Porto Alegre, os franciscanos tinham papel importante de apoio ao F\u00f3rum Social e Mundial. V\u00e1rias vezes estive l\u00e1 e eles hospedavam delega\u00e7\u00f5es de camponeses que vinham do exterior&#8221;.<\/p>\n<p>Segundo ele, conheceu o Pr\u00f3-Voca\u00e7\u00f5es quando participou de uma Missa no Convento S\u00e3o Francisco, no centro de S\u00e3o Paulo e tamb\u00e9m viu na &#8220;Folhinha do Sagrado Cora\u00e7\u00e3o de Jesus.<\/p>\n<p>O que chamou a aten\u00e7\u00e3o no carisma franciscano e em S\u00e3o Francisco foi a humildade do Santo de Assis.&#8221;\u00c9 impressionante toda a vida dele, o cuidado com a cria\u00e7\u00e3o, que o Papa Francisco retoma com a <em>Laudato Si&#8217;<\/em>&#8220;, observou.<\/p>\n<p>Milton participou pela primeira vez do Retiro. &#8220;Gostei muito do Retiro, do empenho dos frades. O local no meio do verde \u00e9 muito agrad\u00e1vel&#8221;.<\/p>\n<p>Milton foi secret\u00e1rio socioecon\u00f4mico do Instituto \u00cdtalo-Latino Americano; vice-presidente do Comit\u00ea Consultivo do Fundo Central de Emerg\u00eancias da ONU e representante, alterno, do Itamaraty no extinto Consea. Ele escreve para a &#8220;Carta Capital&#8221;.<\/p>\n<p><strong>D\u00aa Benedita Aparecida Carvalho,<\/strong> aos 88 anos, j\u00e1 perdeu a conta de quantas vezes participou do Retiro. Mas ela tem certeza que foi logo no come\u00e7o (o primeiro Retiro foi realizado em 1999). Sozinha, ele pegou sua bolsa, n\u00e3o t\u00e3o leve, saiu \u00e0s 4h30 para pegar o \u00f4nibus que a levaria para o Largo S\u00e3o Francisco, de onde partiria o \u00f4nibus para Agudos. Perguntei se n\u00e3o tinha medo de sair \u00e0 noite e sozinha. &#8220;Estando com Deus e Nossa Senhora, n\u00e3o tenho medo de nada&#8221;. Segundo ela, acordar cedo n\u00e3o \u00e9 problema. &#8220;Durmo uma base de 3 horas por noite e fico vendo os canais de TV cat\u00f3licos, especialmente para rezar o Ter\u00e7o&#8221;, disse. Um momento significativo para ela no Retiro foi o Ter\u00e7o Vocacional. &#8220;Sou muito devota de Nossa Senhora. Gostei muito deste momento devocional com as velas&#8221;, disse. Ela estava feliz por participar do Retiro porque antes teve algns problemas de sa\u00fade mas agora est\u00e1 recuperada.<\/p>\n<p>Para benfeitora <strong>Naime Adriano,<\/strong> o Esp\u00edrito Santo esteve habitando \u201cneste lugar de muitas b\u00ean\u00e7\u00e3os\u201d. Segundo ela, um lugar \u201cmaravilhoso, bem cuidado. Meu Deus, d\u00e1 gosto de estar aqui! N\u00e3o se v\u00ea uma planta sem \u00e1gua e nenhum lixo. Realmente, Deus habita este lugar. Parab\u00e9ns aos franciscanos! Muito obrigado pela acolhida\u201d.<\/p>\n<hr \/>\n<p><em>Moacir Beggo<\/em><\/p>\n<p><img loading=\"lazy\" class=\"alignnone size-full wp-image-243560\" src=\"https:\/\/franciscanos.org.br\/noticias\/wp-content\/uploads\/2023\/05\/encerramento_06.jpg\" alt=\"\" width=\"1280\" height=\"720\" srcset=\"https:\/\/franciscanos.org.br\/noticias\/wp-content\/uploads\/2023\/05\/encerramento_06.jpg 1280w, https:\/\/franciscanos.org.br\/noticias\/wp-content\/uploads\/2023\/05\/encerramento_06-450x253.jpg 450w, https:\/\/franciscanos.org.br\/noticias\/wp-content\/uploads\/2023\/05\/encerramento_06-1024x576.jpg 1024w, https:\/\/franciscanos.org.br\/noticias\/wp-content\/uploads\/2023\/05\/encerramento_06-768x432.jpg 768w, https:\/\/franciscanos.org.br\/noticias\/wp-content\/uploads\/2023\/05\/encerramento_06-150x84.jpg 150w\" sizes=\"(max-width: 1280px) 100vw, 1280px\" \/><\/p>\n","protected":false},"excerpt":{"rendered":"<p>Retiro dos Benfeitores 2023<\/p>\n","protected":false},"author":3,"featured_media":243550,"comment_status":"open","ping_status":"open","sticky":false,"template":"","format":"standard","meta":[],"categories":[1],"tags":[2136],"acf":[],"yoast_head":"<!-- This site is optimized with the Yoast SEO plugin v19.2 - https:\/\/yoast.com\/wordpress\/plugins\/seo\/ -->\n<title>Frei Robson deixa dever de casa no encerramento do Retiro dos Benfeitores - Not\u00edcias - Franciscanos<\/title>\n<meta name=\"robots\" content=\"index, follow, max-snippet:-1, max-image-preview:large, max-video-preview:-1\" \/>\n<link rel=\"canonical\" href=\"https:\/\/franciscanos.org.br\/noticias\/frei-robson-deixa-dever-de-casa-no-encerramento-do-retiro-dos-benfeitores.html\" \/>\n<meta property=\"og:locale\" content=\"pt_BR\" \/>\n<meta property=\"og:type\" content=\"article\" \/>\n<meta property=\"og:title\" content=\"Frei Robson deixa dever de casa no encerramento do Retiro dos Benfeitores - Not\u00edcias - Franciscanos\" \/>\n<meta property=\"og:description\" content=\"Retiro dos Benfeitores 2023\" \/>\n<meta property=\"og:url\" content=\"https:\/\/franciscanos.org.br\/noticias\/frei-robson-deixa-dever-de-casa-no-encerramento-do-retiro-dos-benfeitores.html\" \/>\n<meta property=\"og:site_name\" content=\"Not\u00edcias - Franciscanos\" \/>\n<meta property=\"article:published_time\" content=\"2023-05-28T23:44:11+00:00\" \/>\n<meta property=\"article:modified_time\" content=\"2023-05-29T10:20:01+00:00\" \/>\n<meta property=\"og:image\" content=\"https:\/\/franciscanos.org.br\/noticias\/wp-content\/uploads\/2023\/05\/encerramento_05.jpg\" \/>\n\t<meta property=\"og:image:width\" content=\"1280\" \/>\n\t<meta property=\"og:image:height\" content=\"720\" \/>\n\t<meta property=\"og:image:type\" content=\"image\/jpeg\" \/>\n<meta name=\"author\" content=\"moacir\" \/>\n<meta name=\"twitter:card\" content=\"summary_large_image\" \/>\n<meta name=\"twitter:label1\" content=\"Escrito por\" \/>\n\t<meta name=\"twitter:data1\" content=\"moacir\" \/>\n\t<meta name=\"twitter:label2\" content=\"Est. tempo de leitura\" \/>\n\t<meta name=\"twitter:data2\" content=\"11 minutos\" \/>\n<script type=\"application\/ld+json\" class=\"yoast-schema-graph\">{\"@context\":\"https:\/\/schema.org\",\"@graph\":[{\"@type\":\"WebSite\",\"@id\":\"https:\/\/franciscanos.org.br\/noticias\/#website\",\"url\":\"https:\/\/franciscanos.org.br\/noticias\/\",\"name\":\"Not\u00edcias - Franciscanos\",\"description\":\"Prov\u00edncia Franciscana da Imaculada Concei\u00e7\u00e3o do Brasil - Ordem dos Frades Menores - OFM\",\"potentialAction\":[{\"@type\":\"SearchAction\",\"target\":{\"@type\":\"EntryPoint\",\"urlTemplate\":\"https:\/\/franciscanos.org.br\/noticias\/?s={search_term_string}\"},\"query-input\":\"required name=search_term_string\"}],\"inLanguage\":\"pt-BR\"},{\"@type\":\"ImageObject\",\"inLanguage\":\"pt-BR\",\"@id\":\"https:\/\/franciscanos.org.br\/noticias\/frei-robson-deixa-dever-de-casa-no-encerramento-do-retiro-dos-benfeitores.html#primaryimage\",\"url\":\"https:\/\/franciscanos.org.br\/noticias\/wp-content\/uploads\/2023\/05\/encerramento_05.jpg\",\"contentUrl\":\"https:\/\/franciscanos.org.br\/noticias\/wp-content\/uploads\/2023\/05\/encerramento_05.jpg\",\"width\":1280,\"height\":720},{\"@type\":\"WebPage\",\"@id\":\"https:\/\/franciscanos.org.br\/noticias\/frei-robson-deixa-dever-de-casa-no-encerramento-do-retiro-dos-benfeitores.html#webpage\",\"url\":\"https:\/\/franciscanos.org.br\/noticias\/frei-robson-deixa-dever-de-casa-no-encerramento-do-retiro-dos-benfeitores.html\",\"name\":\"Frei Robson deixa dever de casa no encerramento do Retiro dos Benfeitores - Not\u00edcias - Franciscanos\",\"isPartOf\":{\"@id\":\"https:\/\/franciscanos.org.br\/noticias\/#website\"},\"primaryImageOfPage\":{\"@id\":\"https:\/\/franciscanos.org.br\/noticias\/frei-robson-deixa-dever-de-casa-no-encerramento-do-retiro-dos-benfeitores.html#primaryimage\"},\"datePublished\":\"2023-05-28T23:44:11+00:00\",\"dateModified\":\"2023-05-29T10:20:01+00:00\",\"author\":{\"@id\":\"https:\/\/franciscanos.org.br\/noticias\/#\/schema\/person\/b5c8cba458c330ccff548b056e95a5d4\"},\"breadcrumb\":{\"@id\":\"https:\/\/franciscanos.org.br\/noticias\/frei-robson-deixa-dever-de-casa-no-encerramento-do-retiro-dos-benfeitores.html#breadcrumb\"},\"inLanguage\":\"pt-BR\",\"potentialAction\":[{\"@type\":\"ReadAction\",\"target\":[\"https:\/\/franciscanos.org.br\/noticias\/frei-robson-deixa-dever-de-casa-no-encerramento-do-retiro-dos-benfeitores.html\"]}]},{\"@type\":\"BreadcrumbList\",\"@id\":\"https:\/\/franciscanos.org.br\/noticias\/frei-robson-deixa-dever-de-casa-no-encerramento-do-retiro-dos-benfeitores.html#breadcrumb\",\"itemListElement\":[{\"@type\":\"ListItem\",\"position\":1,\"name\":\"Home\",\"item\":\"https:\/\/franciscanos.org.br\/noticias\"},{\"@type\":\"ListItem\",\"position\":2,\"name\":\"Frei Robson deixa dever de casa no encerramento do Retiro dos Benfeitores\"}]},{\"@type\":\"Person\",\"@id\":\"https:\/\/franciscanos.org.br\/noticias\/#\/schema\/person\/b5c8cba458c330ccff548b056e95a5d4\",\"name\":\"moacir\",\"image\":{\"@type\":\"ImageObject\",\"inLanguage\":\"pt-BR\",\"@id\":\"https:\/\/franciscanos.org.br\/noticias\/#\/schema\/person\/image\/\",\"url\":\"https:\/\/secure.gravatar.com\/avatar\/d08aa2ce4c8dd416d4479aa8536fcf64?s=96&d=mm&r=g\",\"contentUrl\":\"https:\/\/secure.gravatar.com\/avatar\/d08aa2ce4c8dd416d4479aa8536fcf64?s=96&d=mm&r=g\",\"caption\":\"moacir\"},\"url\":\"https:\/\/franciscanos.org.br\/noticias\/author\/moacir\"}]}<\/script>\n<!-- \/ Yoast SEO plugin. -->","yoast_head_json":{"title":"Frei Robson deixa dever de casa no encerramento do Retiro dos Benfeitores - Not\u00edcias - Franciscanos","robots":{"index":"index","follow":"follow","max-snippet":"max-snippet:-1","max-image-preview":"max-image-preview:large","max-video-preview":"max-video-preview:-1"},"canonical":"https:\/\/franciscanos.org.br\/noticias\/frei-robson-deixa-dever-de-casa-no-encerramento-do-retiro-dos-benfeitores.html","og_locale":"pt_BR","og_type":"article","og_title":"Frei Robson deixa dever de casa no encerramento do Retiro dos Benfeitores - Not\u00edcias - Franciscanos","og_description":"Retiro dos Benfeitores 2023","og_url":"https:\/\/franciscanos.org.br\/noticias\/frei-robson-deixa-dever-de-casa-no-encerramento-do-retiro-dos-benfeitores.html","og_site_name":"Not\u00edcias - Franciscanos","article_published_time":"2023-05-28T23:44:11+00:00","article_modified_time":"2023-05-29T10:20:01+00:00","og_image":[{"width":1280,"height":720,"url":"https:\/\/franciscanos.org.br\/noticias\/wp-content\/uploads\/2023\/05\/encerramento_05.jpg","type":"image\/jpeg"}],"author":"moacir","twitter_card":"summary_large_image","twitter_misc":{"Escrito por":"moacir","Est. tempo de leitura":"11 minutos"},"schema":{"@context":"https:\/\/schema.org","@graph":[{"@type":"WebSite","@id":"https:\/\/franciscanos.org.br\/noticias\/#website","url":"https:\/\/franciscanos.org.br\/noticias\/","name":"Not\u00edcias - Franciscanos","description":"Prov\u00edncia Franciscana da Imaculada Concei\u00e7\u00e3o do Brasil - Ordem dos Frades Menores - OFM","potentialAction":[{"@type":"SearchAction","target":{"@type":"EntryPoint","urlTemplate":"https:\/\/franciscanos.org.br\/noticias\/?s={search_term_string}"},"query-input":"required name=search_term_string"}],"inLanguage":"pt-BR"},{"@type":"ImageObject","inLanguage":"pt-BR","@id":"https:\/\/franciscanos.org.br\/noticias\/frei-robson-deixa-dever-de-casa-no-encerramento-do-retiro-dos-benfeitores.html#primaryimage","url":"https:\/\/franciscanos.org.br\/noticias\/wp-content\/uploads\/2023\/05\/encerramento_05.jpg","contentUrl":"https:\/\/franciscanos.org.br\/noticias\/wp-content\/uploads\/2023\/05\/encerramento_05.jpg","width":1280,"height":720},{"@type":"WebPage","@id":"https:\/\/franciscanos.org.br\/noticias\/frei-robson-deixa-dever-de-casa-no-encerramento-do-retiro-dos-benfeitores.html#webpage","url":"https:\/\/franciscanos.org.br\/noticias\/frei-robson-deixa-dever-de-casa-no-encerramento-do-retiro-dos-benfeitores.html","name":"Frei Robson deixa dever de casa no encerramento do Retiro dos Benfeitores - Not\u00edcias - Franciscanos","isPartOf":{"@id":"https:\/\/franciscanos.org.br\/noticias\/#website"},"primaryImageOfPage":{"@id":"https:\/\/franciscanos.org.br\/noticias\/frei-robson-deixa-dever-de-casa-no-encerramento-do-retiro-dos-benfeitores.html#primaryimage"},"datePublished":"2023-05-28T23:44:11+00:00","dateModified":"2023-05-29T10:20:01+00:00","author":{"@id":"https:\/\/franciscanos.org.br\/noticias\/#\/schema\/person\/b5c8cba458c330ccff548b056e95a5d4"},"breadcrumb":{"@id":"https:\/\/franciscanos.org.br\/noticias\/frei-robson-deixa-dever-de-casa-no-encerramento-do-retiro-dos-benfeitores.html#breadcrumb"},"inLanguage":"pt-BR","potentialAction":[{"@type":"ReadAction","target":["https:\/\/franciscanos.org.br\/noticias\/frei-robson-deixa-dever-de-casa-no-encerramento-do-retiro-dos-benfeitores.html"]}]},{"@type":"BreadcrumbList","@id":"https:\/\/franciscanos.org.br\/noticias\/frei-robson-deixa-dever-de-casa-no-encerramento-do-retiro-dos-benfeitores.html#breadcrumb","itemListElement":[{"@type":"ListItem","position":1,"name":"Home","item":"https:\/\/franciscanos.org.br\/noticias"},{"@type":"ListItem","position":2,"name":"Frei Robson deixa dever de casa no encerramento do Retiro dos Benfeitores"}]},{"@type":"Person","@id":"https:\/\/franciscanos.org.br\/noticias\/#\/schema\/person\/b5c8cba458c330ccff548b056e95a5d4","name":"moacir","image":{"@type":"ImageObject","inLanguage":"pt-BR","@id":"https:\/\/franciscanos.org.br\/noticias\/#\/schema\/person\/image\/","url":"https:\/\/secure.gravatar.com\/avatar\/d08aa2ce4c8dd416d4479aa8536fcf64?s=96&d=mm&r=g","contentUrl":"https:\/\/secure.gravatar.com\/avatar\/d08aa2ce4c8dd416d4479aa8536fcf64?s=96&d=mm&r=g","caption":"moacir"},"url":"https:\/\/franciscanos.org.br\/noticias\/author\/moacir"}]}},"_links":{"self":[{"href":"https:\/\/franciscanos.org.br\/noticias\/wp-json\/wp\/v2\/posts\/243549"}],"collection":[{"href":"https:\/\/franciscanos.org.br\/noticias\/wp-json\/wp\/v2\/posts"}],"about":[{"href":"https:\/\/franciscanos.org.br\/noticias\/wp-json\/wp\/v2\/types\/post"}],"author":[{"embeddable":true,"href":"https:\/\/franciscanos.org.br\/noticias\/wp-json\/wp\/v2\/users\/3"}],"replies":[{"embeddable":true,"href":"https:\/\/franciscanos.org.br\/noticias\/wp-json\/wp\/v2\/comments?post=243549"}],"version-history":[{"count":2,"href":"https:\/\/franciscanos.org.br\/noticias\/wp-json\/wp\/v2\/posts\/243549\/revisions"}],"predecessor-version":[{"id":243571,"href":"https:\/\/franciscanos.org.br\/noticias\/wp-json\/wp\/v2\/posts\/243549\/revisions\/243571"}],"wp:featuredmedia":[{"embeddable":true,"href":"https:\/\/franciscanos.org.br\/noticias\/wp-json\/wp\/v2\/media\/243550"}],"wp:attachment":[{"href":"https:\/\/franciscanos.org.br\/noticias\/wp-json\/wp\/v2\/media?parent=243549"}],"wp:term":[{"taxonomy":"category","embeddable":true,"href":"https:\/\/franciscanos.org.br\/noticias\/wp-json\/wp\/v2\/categories?post=243549"},{"taxonomy":"post_tag","embeddable":true,"href":"https:\/\/franciscanos.org.br\/noticias\/wp-json\/wp\/v2\/tags?post=243549"}],"curies":[{"name":"wp","href":"https:\/\/api.w.org\/{rel}","templated":true}]}}